{"id":185492,"date":"2026-04-30T23:21:26","date_gmt":"2026-05-01T02:21:26","guid":{"rendered":"https:\/\/noticiasmercedinas.com\/site\/?p=185492"},"modified":"2026-04-30T23:21:26","modified_gmt":"2026-05-01T02:21:26","slug":"referentes-de-la-libertad-avanza-de-mercedes-acompanaron-a-manuel-adorni-en-su-informe-ante-diputados","status":"publish","type":"post","link":"https:\/\/noticiasmercedinas.com\/site\/2026\/04\/30\/referentes-de-la-libertad-avanza-de-mercedes-acompanaron-a-manuel-adorni-en-su-informe-ante-diputados\/","title":{"rendered":"Referentes de La Libertad Avanza de Mercedes acompa\u00f1aron a Manuel Adorni en su informe ante Diputados"},"content":{"rendered":"<p dir=\"ltr\"><img loading=\"lazy\" decoding=\"async\" class=\"alignnone size-full wp-image-185496\" src=\"https:\/\/noticiasmercedinas.com\/site\/wp-content\/uploads\/2026\/04\/IMG_20260430_225122-1.jpg\" alt=\"\" width=\"707\" height=\"504\" srcset=\"https:\/\/noticiasmercedinas.com\/site\/wp-content\/uploads\/2026\/04\/IMG_20260430_225122-1.jpg 707w, https:\/\/noticiasmercedinas.com\/site\/wp-content\/uploads\/2026\/04\/IMG_20260430_225122-1-300x214.jpg 300w, https:\/\/noticiasmercedinas.com\/site\/wp-content\/uploads\/2026\/04\/IMG_20260430_225122-1-640x456.jpg 640w, https:\/\/noticiasmercedinas.com\/site\/wp-content\/uploads\/2026\/04\/IMG_20260430_225122-1-681x485.jpg 681w\" sizes=\"auto, (max-width: 707px) 100vw, 707px\" \/><\/p>\n<p dir=\"ltr\"><span style=\"font-family: Verdana, Geneva, sans-serif; font-size: 14px;\">En una jornada marcada por la alta carga pol\u00edtica en el Congreso de la Naci\u00f3n, el Jefe de Gabinete de Ministros, <\/span><b style=\"font-family: Verdana, Geneva, sans-serif; font-size: 14px;\">Manuel Adorni<\/b><span style=\"font-family: Verdana, Geneva, sans-serif; font-size: 14px;\">, asisti\u00f3\u00a0 a la C\u00e1mara de Diputados para cumplir con su deber constitucional de rendir cuentas sobre la marcha del Gobierno.<\/span><\/p>\n<p dir=\"ltr\">El funcionario no estuvo solo: cont\u00f3 con el respaldo directo del presidente <b>Javier Milei<\/b> y de una nutrida delegaci\u00f3n de referentes de la Primera Secci\u00f3n Electoral, entre los que se destac\u00f3 la presencia de la c\u00fapula de <b>La Libertad Avanza (LLA) de Mercedes<\/b>.<\/p>\n<p dir=\"ltr\">\u200bLa representaci\u00f3n mercedina estuvo integrada por el coordinador local <b>Rafael Velasquez<\/b> y el concejal <b>Marcos Vergara<\/b>. Ambos dirigentes se sumaron al bloque de apoyo que incluy\u00f3 a figuras de peso en la estructura oficialista, como la Secretaria General de la Presidencia, <b>Karina Milei<\/b>, el diputado provincial <b>Sebasti\u00e1n Pareja<\/b> y el senador <b>Luciano Olivera<\/b>, adem\u00e1s de legisladores nacionales y coordinadores territoriales.<\/p>\n<p dir=\"ltr\">\u200bEl informe de Adorni se centr\u00f3 en los ejes de <b>\u00abtransparencia y orden\u00bb<\/b> como pilares de la gesti\u00f3n econ\u00f3mica y administrativa del Ejecutivo. Seg\u00fan manifestaron desde el espacio libertario de Mercedes, la presencia en el recinto tuvo como objetivo \u00abfortalecer el compromiso con el proyecto de libertad que encabeza el presidente\u00bb y dar una muestra de unidad entre los cuadros municipales y la conducci\u00f3n nacional.<\/p>\n<p dir=\"ltr\">\u200bDurante la sesi\u00f3n, el Jefe de Gabinete respondi\u00f3 consultas de los distintos bloques parlamentarios en un clima de intenso debate. La comitiva de la Primera Secci\u00f3n destac\u00f3 que este acompa\u00f1amiento busca consolidar el despliegue territorial de LLA en la provincia de Buenos Aires, de cara a los desaf\u00edos legislativos del a\u00f1o en curso.<\/p>\n<p dir=\"ltr\">\u200b\u00bbEl compromiso con la reconstrucci\u00f3n de nuestra Naci\u00f3n es total\u00bb, se\u00f1alaron fuentes del espacio tras finalizar la jornada, subrayando que la presencia de los referentes mercedinos en los palcos del Congreso reafirma el alineamiento directo con la Casa Rosada y la convicci\u00f3n de que la gesti\u00f3n actual llevar\u00e1 a la Argentina hacia un camino de prosperidad.<\/p>\n","protected":false},"excerpt":{"rendered":"<p>El Jefe de Gabinete brind\u00f3 su exposici\u00f3n en el Congreso con el respaldo presencial del presidente Javier Milei. La comitiva mercedina, encabezada por el coordinador Rafael Velasquez y el concejal Marcos Vergara, estuvo presente en la C\u00e1mara Baja.<\/p>\n","protected":false},"author":16,"featured_media":185496,"comment_status":"closed","ping_status":"closed","sticky":false,"template":"","format":"standard","meta":{"footnotes":""},"categories":[16],"tags":[15388,22108],"class_list":["post-185492","post","type-post","status-publish","format-standard","has-post-thumbnail","hentry","category-politica","tag-la-libertad-avanza","tag-manuel-adorni"],"yoast_head":"<!-- This site is optimized with the Yoast SEO plugin v27.5 - https:\/\/yoast.com\/product\/yoast-seo-wordpress\/ -->\n<title>Referentes de La Libertad Avanza de Mercedes acompa\u00f1aron a Manuel Adorni en su informe ante Diputados<\/title>\n<meta name=\"description\" content=\"El Jefe de Gabinete brind\u00f3 su exposici\u00f3n en el Congreso con el respaldo presencial del presidente Javier Milei. La comitiva mercedina, encabezada por el coordinador Rafael Velasquez y el concejal Marcos Vergara, estuvo presente en la C\u00e1mara Baja.\" \/>\n<meta name=\"robots\" content=\"index, follow, max-snippet:-1, max-image-preview:large, max-video-preview:-1\" \/>\n<link rel=\"canonical\" href=\"https:\/\/noticiasmercedinas.com\/site\/2026\/04\/30\/referentes-de-la-libertad-avanza-de-mercedes-acompanaron-a-manuel-adorni-en-su-informe-ante-diputados\/\" \/>\n<meta property=\"og:locale\" content=\"es_ES\" \/>\n<meta property=\"og:type\" content=\"article\" \/>\n<meta property=\"og:title\" content=\"Referentes de La Libertad Avanza de Mercedes acompa\u00f1aron a Manuel Adorni en su informe ante Diputados\" \/>\n<meta property=\"og:description\" content=\"El Jefe de Gabinete brind\u00f3 su exposici\u00f3n en el Congreso con el respaldo presencial del presidente Javier Milei. La comitiva mercedina, encabezada por el coordinador Rafael Velasquez y el concejal Marcos Vergara, estuvo presente en la C\u00e1mara Baja.\" \/>\n<meta property=\"og:url\" content=\"https:\/\/noticiasmercedinas.com\/site\/2026\/04\/30\/referentes-de-la-libertad-avanza-de-mercedes-acompanaron-a-manuel-adorni-en-su-informe-ante-diputados\/\" \/>\n<meta property=\"og:site_name\" content=\"NOTICIASMERCEDINAS.COM\" \/>\n<meta property=\"article:publisher\" content=\"https:\/\/www.facebook.com\/noticiasmercedinas\/\" \/>\n<meta property=\"article:published_time\" content=\"2026-05-01T02:21:26+00:00\" \/>\n<meta property=\"og:image\" content=\"https:\/\/noticiasmercedinas.com\/site\/wp-content\/uploads\/2026\/04\/IMG_20260430_225122-1.jpg\" \/>\n\t<meta property=\"og:image:width\" content=\"707\" \/>\n\t<meta property=\"og:image:height\" content=\"504\" \/>\n\t<meta property=\"og:image:type\" content=\"image\/jpeg\" \/>\n<meta name=\"author\" content=\"NOTICIASMERCEDINAS.COM\" \/>\n<meta name=\"twitter:card\" content=\"summary_large_image\" \/>\n<meta name=\"twitter:creator\" content=\"@notmercedinas\" \/>\n<meta name=\"twitter:site\" content=\"@notmercedinas\" \/>\n<meta name=\"twitter:label1\" content=\"Escrito por\" \/>\n\t<meta name=\"twitter:data1\" content=\"NOTICIASMERCEDINAS.COM\" \/>\n\t<meta name=\"twitter:label2\" content=\"Tiempo de lectura\" \/>\n\t<meta name=\"twitter:data2\" content=\"2 minutos\" \/>\n<script type=\"application\/ld+json\" class=\"yoast-schema-graph\">{\"@context\":\"https:\\\/\\\/schema.org\",\"@graph\":[{\"@type\":\"Article\",\"@id\":\"https:\\\/\\\/noticiasmercedinas.com\\\/site\\\/2026\\\/04\\\/30\\\/referentes-de-la-libertad-avanza-de-mercedes-acompanaron-a-manuel-adorni-en-su-informe-ante-diputados\\\/#article\",\"isPartOf\":{\"@id\":\"https:\\\/\\\/noticiasmercedinas.com\\\/site\\\/2026\\\/04\\\/30\\\/referentes-de-la-libertad-avanza-de-mercedes-acompanaron-a-manuel-adorni-en-su-informe-ante-diputados\\\/\"},\"author\":{\"name\":\"NOTICIASMERCEDINAS.COM\",\"@id\":\"https:\\\/\\\/noticiasmercedinas.com\\\/site\\\/#\\\/schema\\\/person\\\/84b59c099c28ff2e8b77d4ceec5d8063\"},\"headline\":\"Referentes de La Libertad Avanza de Mercedes acompa\u00f1aron a Manuel Adorni en su informe ante Diputados\",\"datePublished\":\"2026-05-01T02:21:26+00:00\",\"mainEntityOfPage\":{\"@id\":\"https:\\\/\\\/noticiasmercedinas.com\\\/site\\\/2026\\\/04\\\/30\\\/referentes-de-la-libertad-avanza-de-mercedes-acompanaron-a-manuel-adorni-en-su-informe-ante-diputados\\\/\"},\"wordCount\":360,\"publisher\":{\"@id\":\"https:\\\/\\\/noticiasmercedinas.com\\\/site\\\/#organization\"},\"image\":{\"@id\":\"https:\\\/\\\/noticiasmercedinas.com\\\/site\\\/2026\\\/04\\\/30\\\/referentes-de-la-libertad-avanza-de-mercedes-acompanaron-a-manuel-adorni-en-su-informe-ante-diputados\\\/#primaryimage\"},\"thumbnailUrl\":\"https:\\\/\\\/noticiasmercedinas.com\\\/site\\\/wp-content\\\/uploads\\\/2026\\\/04\\\/IMG_20260430_225122-1.jpg\",\"keywords\":[\"la libertad avanza\",\"Manuel adorni\"],\"articleSection\":[\"Politica\"],\"inLanguage\":\"es\"},{\"@type\":\"WebPage\",\"@id\":\"https:\\\/\\\/noticiasmercedinas.com\\\/site\\\/2026\\\/04\\\/30\\\/referentes-de-la-libertad-avanza-de-mercedes-acompanaron-a-manuel-adorni-en-su-informe-ante-diputados\\\/\",\"url\":\"https:\\\/\\\/noticiasmercedinas.com\\\/site\\\/2026\\\/04\\\/30\\\/referentes-de-la-libertad-avanza-de-mercedes-acompanaron-a-manuel-adorni-en-su-informe-ante-diputados\\\/\",\"name\":\"Referentes de La Libertad Avanza de Mercedes acompa\u00f1aron a Manuel Adorni en su informe ante Diputados\",\"isPartOf\":{\"@id\":\"https:\\\/\\\/noticiasmercedinas.com\\\/site\\\/#website\"},\"primaryImageOfPage\":{\"@id\":\"https:\\\/\\\/noticiasmercedinas.com\\\/site\\\/2026\\\/04\\\/30\\\/referentes-de-la-libertad-avanza-de-mercedes-acompanaron-a-manuel-adorni-en-su-informe-ante-diputados\\\/#primaryimage\"},\"image\":{\"@id\":\"https:\\\/\\\/noticiasmercedinas.com\\\/site\\\/2026\\\/04\\\/30\\\/referentes-de-la-libertad-avanza-de-mercedes-acompanaron-a-manuel-adorni-en-su-informe-ante-diputados\\\/#primaryimage\"},\"thumbnailUrl\":\"https:\\\/\\\/noticiasmercedinas.com\\\/site\\\/wp-content\\\/uploads\\\/2026\\\/04\\\/IMG_20260430_225122-1.jpg\",\"datePublished\":\"2026-05-01T02:21:26+00:00\",\"description\":\"El Jefe de Gabinete brind\u00f3 su exposici\u00f3n en el Congreso con el respaldo presencial del presidente Javier Milei. La comitiva mercedina, encabezada por el coordinador Rafael Velasquez y el concejal Marcos Vergara, estuvo presente en la C\u00e1mara Baja.\",\"breadcrumb\":{\"@id\":\"https:\\\/\\\/noticiasmercedinas.com\\\/site\\\/2026\\\/04\\\/30\\\/referentes-de-la-libertad-avanza-de-mercedes-acompanaron-a-manuel-adorni-en-su-informe-ante-diputados\\\/#breadcrumb\"},\"inLanguage\":\"es\",\"potentialAction\":[{\"@type\":\"ReadAction\",\"target\":[\"https:\\\/\\\/noticiasmercedinas.com\\\/site\\\/2026\\\/04\\\/30\\\/referentes-de-la-libertad-avanza-de-mercedes-acompanaron-a-manuel-adorni-en-su-informe-ante-diputados\\\/\"]}]},{\"@type\":\"ImageObject\",\"inLanguage\":\"es\",\"@id\":\"https:\\\/\\\/noticiasmercedinas.com\\\/site\\\/2026\\\/04\\\/30\\\/referentes-de-la-libertad-avanza-de-mercedes-acompanaron-a-manuel-adorni-en-su-informe-ante-diputados\\\/#primaryimage\",\"url\":\"https:\\\/\\\/noticiasmercedinas.com\\\/site\\\/wp-content\\\/uploads\\\/2026\\\/04\\\/IMG_20260430_225122-1.jpg\",\"contentUrl\":\"https:\\\/\\\/noticiasmercedinas.com\\\/site\\\/wp-content\\\/uploads\\\/2026\\\/04\\\/IMG_20260430_225122-1.jpg\",\"width\":707,\"height\":504},{\"@type\":\"BreadcrumbList\",\"@id\":\"https:\\\/\\\/noticiasmercedinas.com\\\/site\\\/2026\\\/04\\\/30\\\/referentes-de-la-libertad-avanza-de-mercedes-acompanaron-a-manuel-adorni-en-su-informe-ante-diputados\\\/#breadcrumb\",\"itemListElement\":[{\"@type\":\"ListItem\",\"position\":1,\"name\":\"Portada\",\"item\":\"https:\\\/\\\/noticiasmercedinas.com\\\/site\\\/\"},{\"@type\":\"ListItem\",\"position\":2,\"name\":\"Referentes de La Libertad Avanza de Mercedes acompa\u00f1aron a Manuel Adorni en su informe ante Diputados\"}]},{\"@type\":\"WebSite\",\"@id\":\"https:\\\/\\\/noticiasmercedinas.com\\\/site\\\/#website\",\"url\":\"https:\\\/\\\/noticiasmercedinas.com\\\/site\\\/\",\"name\":\"NOTICIASMERCEDINAS.COM\",\"description\":\"Mercedes, Buenos Aires, Argentina\",\"publisher\":{\"@id\":\"https:\\\/\\\/noticiasmercedinas.com\\\/site\\\/#organization\"},\"potentialAction\":[{\"@type\":\"SearchAction\",\"target\":{\"@type\":\"EntryPoint\",\"urlTemplate\":\"https:\\\/\\\/noticiasmercedinas.com\\\/site\\\/?s={search_term_string}\"},\"query-input\":{\"@type\":\"PropertyValueSpecification\",\"valueRequired\":true,\"valueName\":\"search_term_string\"}}],\"inLanguage\":\"es\"},{\"@type\":\"Organization\",\"@id\":\"https:\\\/\\\/noticiasmercedinas.com\\\/site\\\/#organization\",\"name\":\"NOTICIASMERCEDINAS.COM\",\"url\":\"https:\\\/\\\/noticiasmercedinas.com\\\/site\\\/\",\"logo\":{\"@type\":\"ImageObject\",\"inLanguage\":\"es\",\"@id\":\"https:\\\/\\\/noticiasmercedinas.com\\\/site\\\/#\\\/schema\\\/logo\\\/image\\\/\",\"url\":\"https:\\\/\\\/noticiasmercedinas.com\\\/site\\\/wp-content\\\/uploads\\\/2020\\\/06\\\/LOGO-512.jpg\",\"contentUrl\":\"https:\\\/\\\/noticiasmercedinas.com\\\/site\\\/wp-content\\\/uploads\\\/2020\\\/06\\\/LOGO-512.jpg\",\"width\":512,\"height\":512,\"caption\":\"NOTICIASMERCEDINAS.COM\"},\"image\":{\"@id\":\"https:\\\/\\\/noticiasmercedinas.com\\\/site\\\/#\\\/schema\\\/logo\\\/image\\\/\"},\"sameAs\":[\"https:\\\/\\\/www.facebook.com\\\/noticiasmercedinas\\\/\",\"https:\\\/\\\/x.com\\\/notmercedinas\",\"https:\\\/\\\/www.instagram.com\\\/noticiasmercedinas\\\/\"]},{\"@type\":\"Person\",\"@id\":\"https:\\\/\\\/noticiasmercedinas.com\\\/site\\\/#\\\/schema\\\/person\\\/84b59c099c28ff2e8b77d4ceec5d8063\",\"name\":\"NOTICIASMERCEDINAS.COM\",\"image\":{\"@type\":\"ImageObject\",\"inLanguage\":\"es\",\"@id\":\"https:\\\/\\\/secure.gravatar.com\\\/avatar\\\/4dfbf16b4d17945bfb6341b2d19043457132fcf478a5ee04f42e959fd8f5df0a?s=96&d=mm&r=g\",\"url\":\"https:\\\/\\\/secure.gravatar.com\\\/avatar\\\/4dfbf16b4d17945bfb6341b2d19043457132fcf478a5ee04f42e959fd8f5df0a?s=96&d=mm&r=g\",\"contentUrl\":\"https:\\\/\\\/secure.gravatar.com\\\/avatar\\\/4dfbf16b4d17945bfb6341b2d19043457132fcf478a5ee04f42e959fd8f5df0a?s=96&d=mm&r=g\",\"caption\":\"NOTICIASMERCEDINAS.COM\"},\"url\":\"https:\\\/\\\/noticiasmercedinas.com\\\/site\\\/author\\\/anonimo\\\/\"}]}<\/script>\n<!-- \/ Yoast SEO plugin. -->","yoast_head_json":{"title":"Referentes de La Libertad Avanza de Mercedes acompa\u00f1aron a Manuel Adorni en su informe ante Diputados","description":"El Jefe de Gabinete brind\u00f3 su exposici\u00f3n en el Congreso con el respaldo presencial del presidente Javier Milei. La comitiva mercedina, encabezada por el coordinador Rafael Velasquez y el concejal Marcos Vergara, estuvo presente en la C\u00e1mara Baja.","robots":{"index":"index","follow":"follow","max-snippet":"max-snippet:-1","max-image-preview":"max-image-preview:large","max-video-preview":"max-video-preview:-1"},"canonical":"https:\/\/noticiasmercedinas.com\/site\/2026\/04\/30\/referentes-de-la-libertad-avanza-de-mercedes-acompanaron-a-manuel-adorni-en-su-informe-ante-diputados\/","og_locale":"es_ES","og_type":"article","og_title":"Referentes de La Libertad Avanza de Mercedes acompa\u00f1aron a Manuel Adorni en su informe ante Diputados","og_description":"El Jefe de Gabinete brind\u00f3 su exposici\u00f3n en el Congreso con el respaldo presencial del presidente Javier Milei. La comitiva mercedina, encabezada por el coordinador Rafael Velasquez y el concejal Marcos Vergara, estuvo presente en la C\u00e1mara Baja.","og_url":"https:\/\/noticiasmercedinas.com\/site\/2026\/04\/30\/referentes-de-la-libertad-avanza-de-mercedes-acompanaron-a-manuel-adorni-en-su-informe-ante-diputados\/","og_site_name":"NOTICIASMERCEDINAS.COM","article_publisher":"https:\/\/www.facebook.com\/noticiasmercedinas\/","article_published_time":"2026-05-01T02:21:26+00:00","og_image":[{"width":707,"height":504,"url":"https:\/\/noticiasmercedinas.com\/site\/wp-content\/uploads\/2026\/04\/IMG_20260430_225122-1.jpg","type":"image\/jpeg"}],"author":"NOTICIASMERCEDINAS.COM","twitter_card":"summary_large_image","twitter_creator":"@notmercedinas","twitter_site":"@notmercedinas","twitter_misc":{"Escrito por":"NOTICIASMERCEDINAS.COM","Tiempo de lectura":"2 minutos"},"schema":{"@context":"https:\/\/schema.org","@graph":[{"@type":"Article","@id":"https:\/\/noticiasmercedinas.com\/site\/2026\/04\/30\/referentes-de-la-libertad-avanza-de-mercedes-acompanaron-a-manuel-adorni-en-su-informe-ante-diputados\/#article","isPartOf":{"@id":"https:\/\/noticiasmercedinas.com\/site\/2026\/04\/30\/referentes-de-la-libertad-avanza-de-mercedes-acompanaron-a-manuel-adorni-en-su-informe-ante-diputados\/"},"author":{"name":"NOTICIASMERCEDINAS.COM","@id":"https:\/\/noticiasmercedinas.com\/site\/#\/schema\/person\/84b59c099c28ff2e8b77d4ceec5d8063"},"headline":"Referentes de La Libertad Avanza de Mercedes acompa\u00f1aron a Manuel Adorni en su informe ante Diputados","datePublished":"2026-05-01T02:21:26+00:00","mainEntityOfPage":{"@id":"https:\/\/noticiasmercedinas.com\/site\/2026\/04\/30\/referentes-de-la-libertad-avanza-de-mercedes-acompanaron-a-manuel-adorni-en-su-informe-ante-diputados\/"},"wordCount":360,"publisher":{"@id":"https:\/\/noticiasmercedinas.com\/site\/#organization"},"image":{"@id":"https:\/\/noticiasmercedinas.com\/site\/2026\/04\/30\/referentes-de-la-libertad-avanza-de-mercedes-acompanaron-a-manuel-adorni-en-su-informe-ante-diputados\/#primaryimage"},"thumbnailUrl":"https:\/\/noticiasmercedinas.com\/site\/wp-content\/uploads\/2026\/04\/IMG_20260430_225122-1.jpg","keywords":["la libertad avanza","Manuel adorni"],"articleSection":["Politica"],"inLanguage":"es"},{"@type":"WebPage","@id":"https:\/\/noticiasmercedinas.com\/site\/2026\/04\/30\/referentes-de-la-libertad-avanza-de-mercedes-acompanaron-a-manuel-adorni-en-su-informe-ante-diputados\/","url":"https:\/\/noticiasmercedinas.com\/site\/2026\/04\/30\/referentes-de-la-libertad-avanza-de-mercedes-acompanaron-a-manuel-adorni-en-su-informe-ante-diputados\/","name":"Referentes de La Libertad Avanza de Mercedes acompa\u00f1aron a Manuel Adorni en su informe ante Diputados","isPartOf":{"@id":"https:\/\/noticiasmercedinas.com\/site\/#website"},"primaryImageOfPage":{"@id":"https:\/\/noticiasmercedinas.com\/site\/2026\/04\/30\/referentes-de-la-libertad-avanza-de-mercedes-acompanaron-a-manuel-adorni-en-su-informe-ante-diputados\/#primaryimage"},"image":{"@id":"https:\/\/noticiasmercedinas.com\/site\/2026\/04\/30\/referentes-de-la-libertad-avanza-de-mercedes-acompanaron-a-manuel-adorni-en-su-informe-ante-diputados\/#primaryimage"},"thumbnailUrl":"https:\/\/noticiasmercedinas.com\/site\/wp-content\/uploads\/2026\/04\/IMG_20260430_225122-1.jpg","datePublished":"2026-05-01T02:21:26+00:00","description":"El Jefe de Gabinete brind\u00f3 su exposici\u00f3n en el Congreso con el respaldo presencial del presidente Javier Milei. La comitiva mercedina, encabezada por el coordinador Rafael Velasquez y el concejal Marcos Vergara, estuvo presente en la C\u00e1mara Baja.","breadcrumb":{"@id":"https:\/\/noticiasmercedinas.com\/site\/2026\/04\/30\/referentes-de-la-libertad-avanza-de-mercedes-acompanaron-a-manuel-adorni-en-su-informe-ante-diputados\/#breadcrumb"},"inLanguage":"es","potentialAction":[{"@type":"ReadAction","target":["https:\/\/noticiasmercedinas.com\/site\/2026\/04\/30\/referentes-de-la-libertad-avanza-de-mercedes-acompanaron-a-manuel-adorni-en-su-informe-ante-diputados\/"]}]},{"@type":"ImageObject","inLanguage":"es","@id":"https:\/\/noticiasmercedinas.com\/site\/2026\/04\/30\/referentes-de-la-libertad-avanza-de-mercedes-acompanaron-a-manuel-adorni-en-su-informe-ante-diputados\/#primaryimage","url":"https:\/\/noticiasmercedinas.com\/site\/wp-content\/uploads\/2026\/04\/IMG_20260430_225122-1.jpg","contentUrl":"https:\/\/noticiasmercedinas.com\/site\/wp-content\/uploads\/2026\/04\/IMG_20260430_225122-1.jpg","width":707,"height":504},{"@type":"BreadcrumbList","@id":"https:\/\/noticiasmercedinas.com\/site\/2026\/04\/30\/referentes-de-la-libertad-avanza-de-mercedes-acompanaron-a-manuel-adorni-en-su-informe-ante-diputados\/#breadcrumb","itemListElement":[{"@type":"ListItem","position":1,"name":"Portada","item":"https:\/\/noticiasmercedinas.com\/site\/"},{"@type":"ListItem","position":2,"name":"Referentes de La Libertad Avanza de Mercedes acompa\u00f1aron a Manuel Adorni en su informe ante Diputados"}]},{"@type":"WebSite","@id":"https:\/\/noticiasmercedinas.com\/site\/#website","url":"https:\/\/noticiasmercedinas.com\/site\/","name":"NOTICIASMERCEDINAS.COM","description":"Mercedes, Buenos Aires, Argentina","publisher":{"@id":"https:\/\/noticiasmercedinas.com\/site\/#organization"},"potentialAction":[{"@type":"SearchAction","target":{"@type":"EntryPoint","urlTemplate":"https:\/\/noticiasmercedinas.com\/site\/?s={search_term_string}"},"query-input":{"@type":"PropertyValueSpecification","valueRequired":true,"valueName":"search_term_string"}}],"inLanguage":"es"},{"@type":"Organization","@id":"https:\/\/noticiasmercedinas.com\/site\/#organization","name":"NOTICIASMERCEDINAS.COM","url":"https:\/\/noticiasmercedinas.com\/site\/","logo":{"@type":"ImageObject","inLanguage":"es","@id":"https:\/\/noticiasmercedinas.com\/site\/#\/schema\/logo\/image\/","url":"https:\/\/noticiasmercedinas.com\/site\/wp-content\/uploads\/2020\/06\/LOGO-512.jpg","contentUrl":"https:\/\/noticiasmercedinas.com\/site\/wp-content\/uploads\/2020\/06\/LOGO-512.jpg","width":512,"height":512,"caption":"NOTICIASMERCEDINAS.COM"},"image":{"@id":"https:\/\/noticiasmercedinas.com\/site\/#\/schema\/logo\/image\/"},"sameAs":["https:\/\/www.facebook.com\/noticiasmercedinas\/","https:\/\/x.com\/notmercedinas","https:\/\/www.instagram.com\/noticiasmercedinas\/"]},{"@type":"Person","@id":"https:\/\/noticiasmercedinas.com\/site\/#\/schema\/person\/84b59c099c28ff2e8b77d4ceec5d8063","name":"NOTICIASMERCEDINAS.COM","image":{"@type":"ImageObject","inLanguage":"es","@id":"https:\/\/secure.gravatar.com\/avatar\/4dfbf16b4d17945bfb6341b2d19043457132fcf478a5ee04f42e959fd8f5df0a?s=96&d=mm&r=g","url":"https:\/\/secure.gravatar.com\/avatar\/4dfbf16b4d17945bfb6341b2d19043457132fcf478a5ee04f42e959fd8f5df0a?s=96&d=mm&r=g","contentUrl":"https:\/\/secure.gravatar.com\/avatar\/4dfbf16b4d17945bfb6341b2d19043457132fcf478a5ee04f42e959fd8f5df0a?s=96&d=mm&r=g","caption":"NOTICIASMERCEDINAS.COM"},"url":"https:\/\/noticiasmercedinas.com\/site\/author\/anonimo\/"}]}},"amp_enabled":true,"_links":{"self":[{"href":"https:\/\/noticiasmercedinas.com\/site\/wp-json\/wp\/v2\/posts\/185492","targetHints":{"allow":["GET"]}}],"collection":[{"href":"https:\/\/noticiasmercedinas.com\/site\/wp-json\/wp\/v2\/posts"}],"about":[{"href":"https:\/\/noticiasmercedinas.com\/site\/wp-json\/wp\/v2\/types\/post"}],"author":[{"embeddable":true,"href":"https:\/\/noticiasmercedinas.com\/site\/wp-json\/wp\/v2\/users\/16"}],"replies":[{"embeddable":true,"href":"https:\/\/noticiasmercedinas.com\/site\/wp-json\/wp\/v2\/comments?post=185492"}],"version-history":[{"count":3,"href":"https:\/\/noticiasmercedinas.com\/site\/wp-json\/wp\/v2\/posts\/185492\/revisions"}],"predecessor-version":[{"id":185497,"href":"https:\/\/noticiasmercedinas.com\/site\/wp-json\/wp\/v2\/posts\/185492\/revisions\/185497"}],"wp:featuredmedia":[{"embeddable":true,"href":"https:\/\/noticiasmercedinas.com\/site\/wp-json\/wp\/v2\/media\/185496"}],"wp:attachment":[{"href":"https:\/\/noticiasmercedinas.com\/site\/wp-json\/wp\/v2\/media?parent=185492"}],"wp:term":[{"taxonomy":"category","embeddable":true,"href":"https:\/\/noticiasmercedinas.com\/site\/wp-json\/wp\/v2\/categories?post=185492"},{"taxonomy":"post_tag","embeddable":true,"href":"https:\/\/noticiasmercedinas.com\/site\/wp-json\/wp\/v2\/tags?post=185492"}],"curies":[{"name":"wp","href":"https:\/\/api.w.org\/{rel}","templated":true}]}}