{"id":185498,"date":"2026-04-30T09:26:10","date_gmt":"2026-04-30T12:26:10","guid":{"rendered":"https:\/\/noticiasmercedinas.com\/site\/?p=185498"},"modified":"2026-04-30T23:30:11","modified_gmt":"2026-05-01T02:30:11","slug":"el-precio-de-los-errores-judiciales-y-un-ano-perdido-el-caso-de-konstantin-rudnev","status":"publish","type":"post","link":"https:\/\/noticiasmercedinas.com\/site\/2026\/04\/30\/el-precio-de-los-errores-judiciales-y-un-ano-perdido-el-caso-de-konstantin-rudnev\/","title":{"rendered":"El precio de los errores judiciales y un a\u00f1o perdido. El caso de Konstantin Rudnev"},"content":{"rendered":"<div class=\"col-12 resume-request-bold m-t-sm\"><\/div>\n<div class=\"col-12 resume-request-bold m-t-sm\">\n<p class=\"green\"><img loading=\"lazy\" decoding=\"async\" class=\"alignnone size-full wp-image-185499\" src=\"https:\/\/noticiasmercedinas.com\/site\/wp-content\/uploads\/2026\/04\/cHVibHMzNDI1MjVvcmRlcmltZ3NlbGZzZXJ2aWNl.jpg\" alt=\"\" width=\"2560\" height=\"1388\" srcset=\"https:\/\/noticiasmercedinas.com\/site\/wp-content\/uploads\/2026\/04\/cHVibHMzNDI1MjVvcmRlcmltZ3NlbGZzZXJ2aWNl.jpg 2560w, https:\/\/noticiasmercedinas.com\/site\/wp-content\/uploads\/2026\/04\/cHVibHMzNDI1MjVvcmRlcmltZ3NlbGZzZXJ2aWNl-300x163.jpg 300w, https:\/\/noticiasmercedinas.com\/site\/wp-content\/uploads\/2026\/04\/cHVibHMzNDI1MjVvcmRlcmltZ3NlbGZzZXJ2aWNl-1024x555.jpg 1024w, https:\/\/noticiasmercedinas.com\/site\/wp-content\/uploads\/2026\/04\/cHVibHMzNDI1MjVvcmRlcmltZ3NlbGZzZXJ2aWNl-768x416.jpg 768w, https:\/\/noticiasmercedinas.com\/site\/wp-content\/uploads\/2026\/04\/cHVibHMzNDI1MjVvcmRlcmltZ3NlbGZzZXJ2aWNl-1536x833.jpg 1536w, https:\/\/noticiasmercedinas.com\/site\/wp-content\/uploads\/2026\/04\/cHVibHMzNDI1MjVvcmRlcmltZ3NlbGZzZXJ2aWNl-2048x1110.jpg 2048w, https:\/\/noticiasmercedinas.com\/site\/wp-content\/uploads\/2026\/04\/cHVibHMzNDI1MjVvcmRlcmltZ3NlbGZzZXJ2aWNl-640x347.jpg 640w, https:\/\/noticiasmercedinas.com\/site\/wp-content\/uploads\/2026\/04\/cHVibHMzNDI1MjVvcmRlcmltZ3NlbGZzZXJ2aWNl-1280x694.jpg 1280w, https:\/\/noticiasmercedinas.com\/site\/wp-content\/uploads\/2026\/04\/cHVibHMzNDI1MjVvcmRlcmltZ3NlbGZzZXJ2aWNl-681x369.jpg 681w, https:\/\/noticiasmercedinas.com\/site\/wp-content\/uploads\/2026\/04\/cHVibHMzNDI1MjVvcmRlcmltZ3NlbGZzZXJ2aWNl-1362x738.jpg 1362w\" sizes=\"auto, (max-width: 2560px) 100vw, 2560px\" \/><\/p>\n<p class=\"textdraft\"><strong>Durante a\u00f1os, el sistema judicial de Argentina se ha enfrentado al fen\u00f3meno creciente de las falsas denuncias, especialmente en causas de violencia de g\u00e9nero, trata de personas y delitos sexuales. Estas acusaciones no solo han destruido la vida de personas injustamente se\u00f1aladas, sino que tambi\u00e9n han puesto de manifiesto debilidades\u00a0<a>sist\u00e9micas en el Poder Judicial.<\/a><\/strong><\/p>\n<p>\u00abLas falsas denuncias no solo da\u00f1an a los acusados; socavan la confianza en todo el sistema y en las instituciones estatales\u00bb, declar\u00f3 Mariano C\u00faneo Libarona en una audiencia en el Senado. \u00abNo podemos permitir que la mentira convierta a la justicia en un arma y destruya vidas\u00bb.<\/p>\n<p>Un ejemplo paradigm\u00e1tico es el caso de Konstantin Rudnev. El disidente ruso de 58 a\u00f1os, detenido en marzo de 2025 en Bariloche, obtuvo recientemente el arresto domiciliario. Sin embargo, esta decisi\u00f3n se tom\u00f3 reci\u00e9n el 23 de abril de 2026, luego de haber pasado m\u00e1s de un a\u00f1o en una c\u00e1rcel de m\u00e1xima seguridad en Rawson. Durante ese periodo, su salud, ya debilitada por enfermedades cr\u00f3nicas \u2014 incluyendo una fibrosis pulmonar progresiva \u2014, se deterior\u00f3 significativamente. Rudnev describe su tiempo en prisi\u00f3n como una etapa de duras pruebas: falta de atenci\u00f3n m\u00e9dica adecuada, condiciones inhumanas y un declive f\u00edsico constante.<\/p>\n<h3>La industria de las falsas denuncias<\/h3>\n<p>Patricia Anzo\u00e1tegui, reconocida abogada y fundadora del Observatorio de Falsas Denuncias en Argentina, denuncia activamente lo que denomina la \u00abindustria de las falsas denuncias\u00bb. En entrevistas publicadas por medios como Infobae, ha descrito este fen\u00f3meno como un sistema sostenido por personas inescrupulosas que utilizan el aparato judicial para intereses personales o financieros.<\/p>\n<p>\u00abExiste toda una industria construida alrededor\u00a0<strong><a>de las denuncias falsas, donde abogados, psic\u00f3logos<\/a>\u00a0<\/strong>y otros actores se benefician creando y manteniendo causas fabricadas. Estas pr\u00e1cticas agotan los recursos de la justicia y destruyen vidas\u00bb, afirm\u00f3 Anzo\u00e1tegui.<\/p>\n<p><strong><a>Konstantin Rudnev fue detenido en marzo de 2025<\/a><\/strong>\u00a0bajo sospecha de trata de personas. Mientras que los dem\u00e1s implicados en la causa fueron excarcelados bajo cauci\u00f3n una semana despu\u00e9s de la detenci\u00f3n, Rudnev fue el \u00fanico que permaneci\u00f3 tras las rejas. Cabe destacar que no tiene condena; no hay sentencia firme y su culpabilidad no ha sido probada. Sin embargo, un hombre mayor fue mantenido en una prisi\u00f3n de m\u00e1xima seguridad por m\u00e1s de un a\u00f1o, a pesar de la falta de fundamentos suficientes y de una acusaci\u00f3n formal.<br \/>\nLas irregularidades cometidas en este caso est\u00e1n siendo analizadas por el Grupo de Trabajo\u00a0<strong><a>de la ONU sobre la Detenci\u00f3n Arbitraria<\/a><\/strong>\u00a0y por el Relator Especial sobre la Tortura y otros tratos o penas crueles, inhumanos o degradantes.<\/p>\n<h3>Un problema estructural: el colapso judicial<\/h3>\n<p>El aumento de las falsas denuncias se ve agravado por la ineficiencia del sistema judicial argentino, donde las prolongadas demoras profundizan el da\u00f1o a los inocentes. Los expertos se\u00f1alan problemas estructurales que incluyen la acumulaci\u00f3n de causas, la falta de recursos en los tribunales y la carencia de mecanismos para la detecci\u00f3n temprana de relatos dudosos.<\/p>\n<p>\u00abUna sola denuncia puede arruinar la vida de una persona por a\u00f1os, especialmente cuando se imponen medidas cautelares, como la prisi\u00f3n preventiva, sin una investigaci\u00f3n exhaustiva previa\u00bb.<\/p>\n<h3>El costo humano<\/h3>\n<p>Las consecuencias psicol\u00f3gicas de las falsas acusaciones son extremadamente graves. En el caso de Rudnev, quien est\u00e1 cerca de los 60 a\u00f1os, cada mes de libertad tiene un valor incalculable. En lugar de estar con su familia, pas\u00f3 ese tiempo en prisi\u00f3n. Ese a\u00f1o es irrecuperable. Incluso si la causa se cierra o Rudnev es totalmente absuelto, el Estado solo podr\u00e1 ofrecer una disculpa formal: \u00abPerd\u00f3n, le quitamos un a\u00f1o de vida y lo alejamos de sus seres queridos\u00bb. Pero esas palabras no compensan la salud perdida, los v\u00ednculos familiares da\u00f1ados ni el sufrimiento padecido.<\/p>\n<p>Seg\u00fan datos del Observatorio de Falsas Denuncias, muchos acusados enfrentan depresi\u00f3n severa, aislamiento social y ruina financiera. En casos extremos, las acusaciones llevan al suicidio. Un ejemplo tr\u00e1gico es el de Agust\u00edn Mu\u00f1oz, un joven falsamente acusado por una amiga \u00aben un momento de enojo\u00bb. El estigma social y la presi\u00f3n emocional lo llevaron a quitarse la vida en 2018.<\/p>\n<p>\u00abLas denuncias falsas causan un da\u00f1o irreversible\u00bb, se\u00f1al\u00f3 C\u00faneo Libarona. \u00abSe destruyen familias, se aniquilan carreras y hay personas que mueren; todo debido a una mentira que manipula el sistema de justicia\u00bb.<\/p>\n<blockquote><p>La experiencia de otros pa\u00edses confirma las ventajas de este enfoque. En los Pa\u00edses Bajos, Alemania y los Estados Escandinavos, la prisi\u00f3n preventiva se aplica de forma excepcional. La prioridad es la rehabilitaci\u00f3n y el control social. Como resultado, las tasas de reincidencia son notablemente m\u00e1s bajas<\/p><\/blockquote>\n<h3>Reforma y responsabilidad<\/h3>\n<p>Estas historias subrayan la necesidad urgente de revisar el enfoque de las medidas cautelares. La prisi\u00f3n como forma principal de control antes de una sentencia suele causar m\u00e1s da\u00f1o que beneficio: desintegra familias, empeora la salud y dificulta la rehabilitaci\u00f3n. Existen alternativas m\u00e1s eficaces y humanas, como el arresto domiciliario con monitoreo electr\u00f3nico o las restricciones de acercamiento, que garantizan el control sin aislar al individuo de la sociedad.<\/p>\n<p>La experiencia de otros pa\u00edses confirma las ventajas de este enfoque. En los Pa\u00edses Bajos, Alemania y los Estados Escandinavos, la prisi\u00f3n preventiva se aplica de forma excepcional. La prioridad es la rehabilitaci\u00f3n y el control social. Como resultado, las tasas de reincidencia son notablemente m\u00e1s bajas: en Noruega, la reincidencia a dos a\u00f1os es de aproximadamente el 20%, mientras que en pa\u00edses con alta tasa de encarcelamiento (como EE. UU.) alcanza el 50-70%. Las estad\u00edsticas demuestran que la c\u00e1rcel no contribuye a la reinserci\u00f3n, sino que, por el contrario, intensifica la desadaptaci\u00f3n social.<\/p>\n<p>El caso de Konstantin Rudnev no es un incidente aislado, sino una se\u00f1al de problemas sist\u00e9micos. Un hombre pas\u00f3 un a\u00f1o en condiciones severas sin sentencia, perdi\u00f3 su salud y un tiempo irrecuperable con su familia. Hoy, bajo arresto domiciliario, contin\u00faa su lucha por la absoluci\u00f3n total. Historias como esta exigen no solo resoluciones concretas en el expediente, sino cambios legislativos que prioricen la proporcionalidad, la humanidad y una responsabilidad estricta para quienes deciden sobre la libertad de las personas.<\/p>\n<\/div>\n","protected":false},"excerpt":{"rendered":"<p>Durante a\u00f1os, el sistema judicial de Argentina se ha enfrentado al fen\u00f3meno creciente de las falsas denuncias, especialmente en causas de violencia de g\u00e9nero, trata de personas y delitos sexuales. Estas acusaciones no solo han destruido la vida de personas injustamente se\u00f1aladas, sino que tambi\u00e9n han puesto de manifiesto debilidades\u00a0sist\u00e9micas en el Poder Judicial. \u00abLas [&hellip;]<\/p>\n","protected":false},"author":16,"featured_media":185499,"comment_status":"closed","ping_status":"closed","sticky":false,"template":"","format":"standard","meta":{"footnotes":""},"categories":[8],"tags":[],"class_list":["post-185498","post","type-post","status-publish","format-standard","has-post-thumbnail","hentry","category-opinion"],"yoast_head":"<!-- This site is optimized with the Yoast SEO plugin v27.5 - https:\/\/yoast.com\/product\/yoast-seo-wordpress\/ -->\n<title>El precio de los errores judiciales y un a\u00f1o perdido. El caso de Konstantin Rudnev<\/title>\n<meta name=\"robots\" content=\"index, follow, max-snippet:-1, max-image-preview:large, max-video-preview:-1\" \/>\n<link rel=\"canonical\" href=\"https:\/\/noticiasmercedinas.com\/site\/2026\/04\/30\/el-precio-de-los-errores-judiciales-y-un-ano-perdido-el-caso-de-konstantin-rudnev\/\" \/>\n<meta property=\"og:locale\" content=\"es_ES\" \/>\n<meta property=\"og:type\" content=\"article\" \/>\n<meta property=\"og:title\" content=\"El precio de los errores judiciales y un a\u00f1o perdido. El caso de Konstantin Rudnev\" \/>\n<meta property=\"og:description\" content=\"Durante a\u00f1os, el sistema judicial de Argentina se ha enfrentado al fen\u00f3meno creciente de las falsas denuncias, especialmente en causas de violencia de g\u00e9nero, trata de personas y delitos sexuales. Estas acusaciones no solo han destruido la vida de personas injustamente se\u00f1aladas, sino que tambi\u00e9n han puesto de manifiesto debilidades\u00a0sist\u00e9micas en el Poder Judicial. \u00abLas [&hellip;]\" \/>\n<meta property=\"og:url\" content=\"https:\/\/noticiasmercedinas.com\/site\/2026\/04\/30\/el-precio-de-los-errores-judiciales-y-un-ano-perdido-el-caso-de-konstantin-rudnev\/\" \/>\n<meta property=\"og:site_name\" content=\"NOTICIASMERCEDINAS.COM\" \/>\n<meta property=\"article:publisher\" content=\"https:\/\/www.facebook.com\/noticiasmercedinas\/\" \/>\n<meta property=\"article:published_time\" content=\"2026-04-30T12:26:10+00:00\" \/>\n<meta property=\"article:modified_time\" content=\"2026-05-01T02:30:11+00:00\" \/>\n<meta property=\"og:image\" content=\"https:\/\/noticiasmercedinas.com\/site\/wp-content\/uploads\/2026\/04\/cHVibHMzNDI1MjVvcmRlcmltZ3NlbGZzZXJ2aWNl.jpg\" \/>\n\t<meta property=\"og:image:width\" content=\"2560\" \/>\n\t<meta property=\"og:image:height\" content=\"1388\" \/>\n\t<meta property=\"og:image:type\" content=\"image\/jpeg\" \/>\n<meta name=\"author\" content=\"NOTICIASMERCEDINAS.COM\" \/>\n<meta name=\"twitter:card\" content=\"summary_large_image\" \/>\n<meta name=\"twitter:creator\" content=\"@notmercedinas\" \/>\n<meta name=\"twitter:site\" content=\"@notmercedinas\" \/>\n<meta name=\"twitter:label1\" content=\"Escrito por\" \/>\n\t<meta name=\"twitter:data1\" content=\"NOTICIASMERCEDINAS.COM\" \/>\n\t<meta name=\"twitter:label2\" content=\"Tiempo de lectura\" \/>\n\t<meta name=\"twitter:data2\" content=\"5 minutos\" \/>\n<script type=\"application\/ld+json\" class=\"yoast-schema-graph\">{\"@context\":\"https:\\\/\\\/schema.org\",\"@graph\":[{\"@type\":\"Article\",\"@id\":\"https:\\\/\\\/noticiasmercedinas.com\\\/site\\\/2026\\\/04\\\/30\\\/el-precio-de-los-errores-judiciales-y-un-ano-perdido-el-caso-de-konstantin-rudnev\\\/#article\",\"isPartOf\":{\"@id\":\"https:\\\/\\\/noticiasmercedinas.com\\\/site\\\/2026\\\/04\\\/30\\\/el-precio-de-los-errores-judiciales-y-un-ano-perdido-el-caso-de-konstantin-rudnev\\\/\"},\"author\":{\"name\":\"NOTICIASMERCEDINAS.COM\",\"@id\":\"https:\\\/\\\/noticiasmercedinas.com\\\/site\\\/#\\\/schema\\\/person\\\/84b59c099c28ff2e8b77d4ceec5d8063\"},\"headline\":\"El precio de los errores judiciales y un a\u00f1o perdido. El caso de Konstantin Rudnev\",\"datePublished\":\"2026-04-30T12:26:10+00:00\",\"dateModified\":\"2026-05-01T02:30:11+00:00\",\"mainEntityOfPage\":{\"@id\":\"https:\\\/\\\/noticiasmercedinas.com\\\/site\\\/2026\\\/04\\\/30\\\/el-precio-de-los-errores-judiciales-y-un-ano-perdido-el-caso-de-konstantin-rudnev\\\/\"},\"wordCount\":1089,\"publisher\":{\"@id\":\"https:\\\/\\\/noticiasmercedinas.com\\\/site\\\/#organization\"},\"image\":{\"@id\":\"https:\\\/\\\/noticiasmercedinas.com\\\/site\\\/2026\\\/04\\\/30\\\/el-precio-de-los-errores-judiciales-y-un-ano-perdido-el-caso-de-konstantin-rudnev\\\/#primaryimage\"},\"thumbnailUrl\":\"https:\\\/\\\/noticiasmercedinas.com\\\/site\\\/wp-content\\\/uploads\\\/2026\\\/04\\\/cHVibHMzNDI1MjVvcmRlcmltZ3NlbGZzZXJ2aWNl.jpg\",\"articleSection\":[\"Opinion\"],\"inLanguage\":\"es\"},{\"@type\":\"WebPage\",\"@id\":\"https:\\\/\\\/noticiasmercedinas.com\\\/site\\\/2026\\\/04\\\/30\\\/el-precio-de-los-errores-judiciales-y-un-ano-perdido-el-caso-de-konstantin-rudnev\\\/\",\"url\":\"https:\\\/\\\/noticiasmercedinas.com\\\/site\\\/2026\\\/04\\\/30\\\/el-precio-de-los-errores-judiciales-y-un-ano-perdido-el-caso-de-konstantin-rudnev\\\/\",\"name\":\"El precio de los errores judiciales y un a\u00f1o perdido. El caso de Konstantin Rudnev\",\"isPartOf\":{\"@id\":\"https:\\\/\\\/noticiasmercedinas.com\\\/site\\\/#website\"},\"primaryImageOfPage\":{\"@id\":\"https:\\\/\\\/noticiasmercedinas.com\\\/site\\\/2026\\\/04\\\/30\\\/el-precio-de-los-errores-judiciales-y-un-ano-perdido-el-caso-de-konstantin-rudnev\\\/#primaryimage\"},\"image\":{\"@id\":\"https:\\\/\\\/noticiasmercedinas.com\\\/site\\\/2026\\\/04\\\/30\\\/el-precio-de-los-errores-judiciales-y-un-ano-perdido-el-caso-de-konstantin-rudnev\\\/#primaryimage\"},\"thumbnailUrl\":\"https:\\\/\\\/noticiasmercedinas.com\\\/site\\\/wp-content\\\/uploads\\\/2026\\\/04\\\/cHVibHMzNDI1MjVvcmRlcmltZ3NlbGZzZXJ2aWNl.jpg\",\"datePublished\":\"2026-04-30T12:26:10+00:00\",\"dateModified\":\"2026-05-01T02:30:11+00:00\",\"breadcrumb\":{\"@id\":\"https:\\\/\\\/noticiasmercedinas.com\\\/site\\\/2026\\\/04\\\/30\\\/el-precio-de-los-errores-judiciales-y-un-ano-perdido-el-caso-de-konstantin-rudnev\\\/#breadcrumb\"},\"inLanguage\":\"es\",\"potentialAction\":[{\"@type\":\"ReadAction\",\"target\":[\"https:\\\/\\\/noticiasmercedinas.com\\\/site\\\/2026\\\/04\\\/30\\\/el-precio-de-los-errores-judiciales-y-un-ano-perdido-el-caso-de-konstantin-rudnev\\\/\"]}]},{\"@type\":\"ImageObject\",\"inLanguage\":\"es\",\"@id\":\"https:\\\/\\\/noticiasmercedinas.com\\\/site\\\/2026\\\/04\\\/30\\\/el-precio-de-los-errores-judiciales-y-un-ano-perdido-el-caso-de-konstantin-rudnev\\\/#primaryimage\",\"url\":\"https:\\\/\\\/noticiasmercedinas.com\\\/site\\\/wp-content\\\/uploads\\\/2026\\\/04\\\/cHVibHMzNDI1MjVvcmRlcmltZ3NlbGZzZXJ2aWNl.jpg\",\"contentUrl\":\"https:\\\/\\\/noticiasmercedinas.com\\\/site\\\/wp-content\\\/uploads\\\/2026\\\/04\\\/cHVibHMzNDI1MjVvcmRlcmltZ3NlbGZzZXJ2aWNl.jpg\",\"width\":2560,\"height\":1388},{\"@type\":\"BreadcrumbList\",\"@id\":\"https:\\\/\\\/noticiasmercedinas.com\\\/site\\\/2026\\\/04\\\/30\\\/el-precio-de-los-errores-judiciales-y-un-ano-perdido-el-caso-de-konstantin-rudnev\\\/#breadcrumb\",\"itemListElement\":[{\"@type\":\"ListItem\",\"position\":1,\"name\":\"Portada\",\"item\":\"https:\\\/\\\/noticiasmercedinas.com\\\/site\\\/\"},{\"@type\":\"ListItem\",\"position\":2,\"name\":\"El precio de los errores judiciales y un a\u00f1o perdido. El caso de Konstantin Rudnev\"}]},{\"@type\":\"WebSite\",\"@id\":\"https:\\\/\\\/noticiasmercedinas.com\\\/site\\\/#website\",\"url\":\"https:\\\/\\\/noticiasmercedinas.com\\\/site\\\/\",\"name\":\"NOTICIASMERCEDINAS.COM\",\"description\":\"Mercedes, Buenos Aires, Argentina\",\"publisher\":{\"@id\":\"https:\\\/\\\/noticiasmercedinas.com\\\/site\\\/#organization\"},\"potentialAction\":[{\"@type\":\"SearchAction\",\"target\":{\"@type\":\"EntryPoint\",\"urlTemplate\":\"https:\\\/\\\/noticiasmercedinas.com\\\/site\\\/?s={search_term_string}\"},\"query-input\":{\"@type\":\"PropertyValueSpecification\",\"valueRequired\":true,\"valueName\":\"search_term_string\"}}],\"inLanguage\":\"es\"},{\"@type\":\"Organization\",\"@id\":\"https:\\\/\\\/noticiasmercedinas.com\\\/site\\\/#organization\",\"name\":\"NOTICIASMERCEDINAS.COM\",\"url\":\"https:\\\/\\\/noticiasmercedinas.com\\\/site\\\/\",\"logo\":{\"@type\":\"ImageObject\",\"inLanguage\":\"es\",\"@id\":\"https:\\\/\\\/noticiasmercedinas.com\\\/site\\\/#\\\/schema\\\/logo\\\/image\\\/\",\"url\":\"https:\\\/\\\/noticiasmercedinas.com\\\/site\\\/wp-content\\\/uploads\\\/2020\\\/06\\\/LOGO-512.jpg\",\"contentUrl\":\"https:\\\/\\\/noticiasmercedinas.com\\\/site\\\/wp-content\\\/uploads\\\/2020\\\/06\\\/LOGO-512.jpg\",\"width\":512,\"height\":512,\"caption\":\"NOTICIASMERCEDINAS.COM\"},\"image\":{\"@id\":\"https:\\\/\\\/noticiasmercedinas.com\\\/site\\\/#\\\/schema\\\/logo\\\/image\\\/\"},\"sameAs\":[\"https:\\\/\\\/www.facebook.com\\\/noticiasmercedinas\\\/\",\"https:\\\/\\\/x.com\\\/notmercedinas\",\"https:\\\/\\\/www.instagram.com\\\/noticiasmercedinas\\\/\"]},{\"@type\":\"Person\",\"@id\":\"https:\\\/\\\/noticiasmercedinas.com\\\/site\\\/#\\\/schema\\\/person\\\/84b59c099c28ff2e8b77d4ceec5d8063\",\"name\":\"NOTICIASMERCEDINAS.COM\",\"image\":{\"@type\":\"ImageObject\",\"inLanguage\":\"es\",\"@id\":\"https:\\\/\\\/secure.gravatar.com\\\/avatar\\\/4dfbf16b4d17945bfb6341b2d19043457132fcf478a5ee04f42e959fd8f5df0a?s=96&d=mm&r=g\",\"url\":\"https:\\\/\\\/secure.gravatar.com\\\/avatar\\\/4dfbf16b4d17945bfb6341b2d19043457132fcf478a5ee04f42e959fd8f5df0a?s=96&d=mm&r=g\",\"contentUrl\":\"https:\\\/\\\/secure.gravatar.com\\\/avatar\\\/4dfbf16b4d17945bfb6341b2d19043457132fcf478a5ee04f42e959fd8f5df0a?s=96&d=mm&r=g\",\"caption\":\"NOTICIASMERCEDINAS.COM\"},\"url\":\"https:\\\/\\\/noticiasmercedinas.com\\\/site\\\/author\\\/anonimo\\\/\"}]}<\/script>\n<!-- \/ Yoast SEO plugin. -->","yoast_head_json":{"title":"El precio de los errores judiciales y un a\u00f1o perdido. El caso de Konstantin Rudnev","robots":{"index":"index","follow":"follow","max-snippet":"max-snippet:-1","max-image-preview":"max-image-preview:large","max-video-preview":"max-video-preview:-1"},"canonical":"https:\/\/noticiasmercedinas.com\/site\/2026\/04\/30\/el-precio-de-los-errores-judiciales-y-un-ano-perdido-el-caso-de-konstantin-rudnev\/","og_locale":"es_ES","og_type":"article","og_title":"El precio de los errores judiciales y un a\u00f1o perdido. El caso de Konstantin Rudnev","og_description":"Durante a\u00f1os, el sistema judicial de Argentina se ha enfrentado al fen\u00f3meno creciente de las falsas denuncias, especialmente en causas de violencia de g\u00e9nero, trata de personas y delitos sexuales. Estas acusaciones no solo han destruido la vida de personas injustamente se\u00f1aladas, sino que tambi\u00e9n han puesto de manifiesto debilidades\u00a0sist\u00e9micas en el Poder Judicial. \u00abLas [&hellip;]","og_url":"https:\/\/noticiasmercedinas.com\/site\/2026\/04\/30\/el-precio-de-los-errores-judiciales-y-un-ano-perdido-el-caso-de-konstantin-rudnev\/","og_site_name":"NOTICIASMERCEDINAS.COM","article_publisher":"https:\/\/www.facebook.com\/noticiasmercedinas\/","article_published_time":"2026-04-30T12:26:10+00:00","article_modified_time":"2026-05-01T02:30:11+00:00","og_image":[{"width":2560,"height":1388,"url":"https:\/\/noticiasmercedinas.com\/site\/wp-content\/uploads\/2026\/04\/cHVibHMzNDI1MjVvcmRlcmltZ3NlbGZzZXJ2aWNl.jpg","type":"image\/jpeg"}],"author":"NOTICIASMERCEDINAS.COM","twitter_card":"summary_large_image","twitter_creator":"@notmercedinas","twitter_site":"@notmercedinas","twitter_misc":{"Escrito por":"NOTICIASMERCEDINAS.COM","Tiempo de lectura":"5 minutos"},"schema":{"@context":"https:\/\/schema.org","@graph":[{"@type":"Article","@id":"https:\/\/noticiasmercedinas.com\/site\/2026\/04\/30\/el-precio-de-los-errores-judiciales-y-un-ano-perdido-el-caso-de-konstantin-rudnev\/#article","isPartOf":{"@id":"https:\/\/noticiasmercedinas.com\/site\/2026\/04\/30\/el-precio-de-los-errores-judiciales-y-un-ano-perdido-el-caso-de-konstantin-rudnev\/"},"author":{"name":"NOTICIASMERCEDINAS.COM","@id":"https:\/\/noticiasmercedinas.com\/site\/#\/schema\/person\/84b59c099c28ff2e8b77d4ceec5d8063"},"headline":"El precio de los errores judiciales y un a\u00f1o perdido. El caso de Konstantin Rudnev","datePublished":"2026-04-30T12:26:10+00:00","dateModified":"2026-05-01T02:30:11+00:00","mainEntityOfPage":{"@id":"https:\/\/noticiasmercedinas.com\/site\/2026\/04\/30\/el-precio-de-los-errores-judiciales-y-un-ano-perdido-el-caso-de-konstantin-rudnev\/"},"wordCount":1089,"publisher":{"@id":"https:\/\/noticiasmercedinas.com\/site\/#organization"},"image":{"@id":"https:\/\/noticiasmercedinas.com\/site\/2026\/04\/30\/el-precio-de-los-errores-judiciales-y-un-ano-perdido-el-caso-de-konstantin-rudnev\/#primaryimage"},"thumbnailUrl":"https:\/\/noticiasmercedinas.com\/site\/wp-content\/uploads\/2026\/04\/cHVibHMzNDI1MjVvcmRlcmltZ3NlbGZzZXJ2aWNl.jpg","articleSection":["Opinion"],"inLanguage":"es"},{"@type":"WebPage","@id":"https:\/\/noticiasmercedinas.com\/site\/2026\/04\/30\/el-precio-de-los-errores-judiciales-y-un-ano-perdido-el-caso-de-konstantin-rudnev\/","url":"https:\/\/noticiasmercedinas.com\/site\/2026\/04\/30\/el-precio-de-los-errores-judiciales-y-un-ano-perdido-el-caso-de-konstantin-rudnev\/","name":"El precio de los errores judiciales y un a\u00f1o perdido. El caso de Konstantin Rudnev","isPartOf":{"@id":"https:\/\/noticiasmercedinas.com\/site\/#website"},"primaryImageOfPage":{"@id":"https:\/\/noticiasmercedinas.com\/site\/2026\/04\/30\/el-precio-de-los-errores-judiciales-y-un-ano-perdido-el-caso-de-konstantin-rudnev\/#primaryimage"},"image":{"@id":"https:\/\/noticiasmercedinas.com\/site\/2026\/04\/30\/el-precio-de-los-errores-judiciales-y-un-ano-perdido-el-caso-de-konstantin-rudnev\/#primaryimage"},"thumbnailUrl":"https:\/\/noticiasmercedinas.com\/site\/wp-content\/uploads\/2026\/04\/cHVibHMzNDI1MjVvcmRlcmltZ3NlbGZzZXJ2aWNl.jpg","datePublished":"2026-04-30T12:26:10+00:00","dateModified":"2026-05-01T02:30:11+00:00","breadcrumb":{"@id":"https:\/\/noticiasmercedinas.com\/site\/2026\/04\/30\/el-precio-de-los-errores-judiciales-y-un-ano-perdido-el-caso-de-konstantin-rudnev\/#breadcrumb"},"inLanguage":"es","potentialAction":[{"@type":"ReadAction","target":["https:\/\/noticiasmercedinas.com\/site\/2026\/04\/30\/el-precio-de-los-errores-judiciales-y-un-ano-perdido-el-caso-de-konstantin-rudnev\/"]}]},{"@type":"ImageObject","inLanguage":"es","@id":"https:\/\/noticiasmercedinas.com\/site\/2026\/04\/30\/el-precio-de-los-errores-judiciales-y-un-ano-perdido-el-caso-de-konstantin-rudnev\/#primaryimage","url":"https:\/\/noticiasmercedinas.com\/site\/wp-content\/uploads\/2026\/04\/cHVibHMzNDI1MjVvcmRlcmltZ3NlbGZzZXJ2aWNl.jpg","contentUrl":"https:\/\/noticiasmercedinas.com\/site\/wp-content\/uploads\/2026\/04\/cHVibHMzNDI1MjVvcmRlcmltZ3NlbGZzZXJ2aWNl.jpg","width":2560,"height":1388},{"@type":"BreadcrumbList","@id":"https:\/\/noticiasmercedinas.com\/site\/2026\/04\/30\/el-precio-de-los-errores-judiciales-y-un-ano-perdido-el-caso-de-konstantin-rudnev\/#breadcrumb","itemListElement":[{"@type":"ListItem","position":1,"name":"Portada","item":"https:\/\/noticiasmercedinas.com\/site\/"},{"@type":"ListItem","position":2,"name":"El precio de los errores judiciales y un a\u00f1o perdido. El caso de Konstantin Rudnev"}]},{"@type":"WebSite","@id":"https:\/\/noticiasmercedinas.com\/site\/#website","url":"https:\/\/noticiasmercedinas.com\/site\/","name":"NOTICIASMERCEDINAS.COM","description":"Mercedes, Buenos Aires, Argentina","publisher":{"@id":"https:\/\/noticiasmercedinas.com\/site\/#organization"},"potentialAction":[{"@type":"SearchAction","target":{"@type":"EntryPoint","urlTemplate":"https:\/\/noticiasmercedinas.com\/site\/?s={search_term_string}"},"query-input":{"@type":"PropertyValueSpecification","valueRequired":true,"valueName":"search_term_string"}}],"inLanguage":"es"},{"@type":"Organization","@id":"https:\/\/noticiasmercedinas.com\/site\/#organization","name":"NOTICIASMERCEDINAS.COM","url":"https:\/\/noticiasmercedinas.com\/site\/","logo":{"@type":"ImageObject","inLanguage":"es","@id":"https:\/\/noticiasmercedinas.com\/site\/#\/schema\/logo\/image\/","url":"https:\/\/noticiasmercedinas.com\/site\/wp-content\/uploads\/2020\/06\/LOGO-512.jpg","contentUrl":"https:\/\/noticiasmercedinas.com\/site\/wp-content\/uploads\/2020\/06\/LOGO-512.jpg","width":512,"height":512,"caption":"NOTICIASMERCEDINAS.COM"},"image":{"@id":"https:\/\/noticiasmercedinas.com\/site\/#\/schema\/logo\/image\/"},"sameAs":["https:\/\/www.facebook.com\/noticiasmercedinas\/","https:\/\/x.com\/notmercedinas","https:\/\/www.instagram.com\/noticiasmercedinas\/"]},{"@type":"Person","@id":"https:\/\/noticiasmercedinas.com\/site\/#\/schema\/person\/84b59c099c28ff2e8b77d4ceec5d8063","name":"NOTICIASMERCEDINAS.COM","image":{"@type":"ImageObject","inLanguage":"es","@id":"https:\/\/secure.gravatar.com\/avatar\/4dfbf16b4d17945bfb6341b2d19043457132fcf478a5ee04f42e959fd8f5df0a?s=96&d=mm&r=g","url":"https:\/\/secure.gravatar.com\/avatar\/4dfbf16b4d17945bfb6341b2d19043457132fcf478a5ee04f42e959fd8f5df0a?s=96&d=mm&r=g","contentUrl":"https:\/\/secure.gravatar.com\/avatar\/4dfbf16b4d17945bfb6341b2d19043457132fcf478a5ee04f42e959fd8f5df0a?s=96&d=mm&r=g","caption":"NOTICIASMERCEDINAS.COM"},"url":"https:\/\/noticiasmercedinas.com\/site\/author\/anonimo\/"}]}},"amp_enabled":true,"_links":{"self":[{"href":"https:\/\/noticiasmercedinas.com\/site\/wp-json\/wp\/v2\/posts\/185498","targetHints":{"allow":["GET"]}}],"collection":[{"href":"https:\/\/noticiasmercedinas.com\/site\/wp-json\/wp\/v2\/posts"}],"about":[{"href":"https:\/\/noticiasmercedinas.com\/site\/wp-json\/wp\/v2\/types\/post"}],"author":[{"embeddable":true,"href":"https:\/\/noticiasmercedinas.com\/site\/wp-json\/wp\/v2\/users\/16"}],"replies":[{"embeddable":true,"href":"https:\/\/noticiasmercedinas.com\/site\/wp-json\/wp\/v2\/comments?post=185498"}],"version-history":[{"count":3,"href":"https:\/\/noticiasmercedinas.com\/site\/wp-json\/wp\/v2\/posts\/185498\/revisions"}],"predecessor-version":[{"id":185501,"href":"https:\/\/noticiasmercedinas.com\/site\/wp-json\/wp\/v2\/posts\/185498\/revisions\/185501"}],"wp:featuredmedia":[{"embeddable":true,"href":"https:\/\/noticiasmercedinas.com\/site\/wp-json\/wp\/v2\/media\/185499"}],"wp:attachment":[{"href":"https:\/\/noticiasmercedinas.com\/site\/wp-json\/wp\/v2\/media?parent=185498"}],"wp:term":[{"taxonomy":"category","embeddable":true,"href":"https:\/\/noticiasmercedinas.com\/site\/wp-json\/wp\/v2\/categories?post=185498"},{"taxonomy":"post_tag","embeddable":true,"href":"https:\/\/noticiasmercedinas.com\/site\/wp-json\/wp\/v2\/tags?post=185498"}],"curies":[{"name":"wp","href":"https:\/\/api.w.org\/{rel}","templated":true}]}}