{"id":185503,"date":"2026-04-30T23:41:52","date_gmt":"2026-05-01T02:41:52","guid":{"rendered":"https:\/\/noticiasmercedinas.com\/site\/?p=185503"},"modified":"2026-04-30T23:41:52","modified_gmt":"2026-05-01T02:41:52","slug":"aniversario-en-el-aire-radio-meridiano-celebra-el-primer-ano-de-sus-nuevos-estudios","status":"publish","type":"post","link":"https:\/\/noticiasmercedinas.com\/site\/2026\/04\/30\/aniversario-en-el-aire-radio-meridiano-celebra-el-primer-ano-de-sus-nuevos-estudios\/","title":{"rendered":"Aniversario en el aire: Radio Meridiano celebra el primer a\u00f1o de sus nuevos estudios"},"content":{"rendered":"<p data-path-to-node=\"0\"><span style=\"font-family: Verdana, Geneva, sans-serif; font-size: 14px;\"><img loading=\"lazy\" decoding=\"async\" class=\"alignnone size-full wp-image-185504\" src=\"https:\/\/noticiasmercedinas.com\/site\/wp-content\/uploads\/2026\/04\/luciaymario.jpg\" alt=\"\" width=\"640\" height=\"392\" srcset=\"https:\/\/noticiasmercedinas.com\/site\/wp-content\/uploads\/2026\/04\/luciaymario.jpg 640w, https:\/\/noticiasmercedinas.com\/site\/wp-content\/uploads\/2026\/04\/luciaymario-300x184.jpg 300w\" sizes=\"auto, (max-width: 640px) 100vw, 640px\" \/><\/span><\/p>\n<p data-path-to-node=\"0\"><span style=\"font-family: Verdana, Geneva, sans-serif; font-size: 14px;\">Entre emoci\u00f3n y sentido de pertenencia, <\/span><b style=\"font-family: Verdana, Geneva, sans-serif; font-size: 14px;\" data-path-to-node=\"3\" data-index-in-node=\"71\">Radio Meridiano<\/b><span style=\"font-family: Verdana, Geneva, sans-serif; font-size: 14px;\"> celebr\u00f3 el primer aniversario de la inauguraci\u00f3n de sus estudios centrales ubicados en la <\/span><b style=\"font-family: Verdana, Geneva, sans-serif; font-size: 14px;\" data-path-to-node=\"3\" data-index-in-node=\"177\">calle 13, entre 20 y 22<\/b><span style=\"font-family: Verdana, Geneva, sans-serif; font-size: 14px;\">.<\/span><\/p>\n<p data-path-to-node=\"3\">La mudanza a este nuevo espacio, que se destaca por su moderno ventanal integrado al paisaje urbano, marc\u00f3 un hito en la etapa actual de la emisora, consolidando su apuesta por la comunicaci\u00f3n local.<\/p>\n<blockquote>\n<p data-path-to-node=\"3\">La emisora conmemor\u00f3 doce meses de transmisi\u00f3n desde su renovada sede de calle 13. Luc\u00eda Florella, referente del medio, destac\u00f3 el v\u00ednculo con la audiencia y rindi\u00f3 homenaje a la memoria de su abuelo, el recordado Alberto Florella.<\/p>\n<\/blockquote>\n<p data-path-to-node=\"4\"><b data-path-to-node=\"4\" data-index-in-node=\"0\">Luc\u00eda Florella<\/b>, conductora y pieza fundamental de la radio, realiz\u00f3 un balance de este primer ciclo de transmisiones en vivo desde la nueva sede. Durante la celebraci\u00f3n, subray\u00f3 que, a pesar de los vertiginosos cambios y el crecimiento personal y profesional del equipo en este corto tiempo, el eje central del medio permanece inalterable: el acompa\u00f1amiento constante de la familia y los oyentes.<\/p>\n<h3 data-path-to-node=\"5\"><b data-path-to-node=\"5\" data-index-in-node=\"0\">Comunicaci\u00f3n con identidad y memoria<\/b><\/h3>\n<p data-path-to-node=\"6\">El festejo no solo mir\u00f3 hacia el futuro, sino que reafirm\u00f3 las ra\u00edces de la emisora. Florella dedic\u00f3 el brindis aniversario a la memoria de su abuelo, <b data-path-to-node=\"6\" data-index-in-node=\"151\">Alberto \u00abFloro\u00bb Florella<\/b>, figura se\u00f1era del periodismo mercedino, cuyo legado contin\u00faa siendo el norte \u00e9tico y profesional de la radio.<\/p>\n<p data-path-to-node=\"7,0\">\u201cChin chin y salud en la memoria del Floro. Por seguir creciendo y apostando a la comunicaci\u00f3n mercedina\u201d, expres\u00f3 la comunicadora, vinculando la vigencia del medio con la trayectoria hist\u00f3rica de su familia en el aire local.<\/p>\n<h3 data-path-to-node=\"8\"><b data-path-to-node=\"8\" data-index-in-node=\"0\">V\u00ednculo con la comunidad<\/b><\/h3>\n<p data-path-to-node=\"9\">Uno de los puntos que destac\u00f3 la direcci\u00f3n de la radio fue la din\u00e1mica de interacci\u00f3n que permite la ubicaci\u00f3n estrat\u00e9gica de los estudios. El flujo constante de invitados, los saludos de los vecinos a trav\u00e9s del ventanal y la activa participaci\u00f3n de la audiencia en los sorteos y debates diarios han transformado a la esquina de calle 13 en un punto neur\u00e1lgico de la opini\u00f3n p\u00fablica de la ciudad.<\/p>\n<p data-path-to-node=\"10\">Con este primer a\u00f1o cumplido en su nueva casa, <b data-path-to-node=\"10\" data-index-in-node=\"47\">Radio Meridiano<\/b> reafirma su compromiso de continuar invirtiendo en tecnolog\u00eda y contenidos, manteniendo la cercan\u00eda con el vecino como su principal sello distintivo.<\/p>\n","protected":false},"excerpt":{"rendered":"<p>Entre emoci\u00f3n y sentido de pertenencia, Radio Meridiano celebr\u00f3 el primer aniversario de la inauguraci\u00f3n de sus estudios centrales ubicados en la calle 13, entre 20 y 22. La mudanza a este nuevo espacio, que se destaca por su moderno ventanal integrado al paisaje urbano, marc\u00f3 un hito en la etapa actual de la emisora, [&hellip;]<\/p>\n","protected":false},"author":16,"featured_media":185504,"comment_status":"closed","ping_status":"closed","sticky":false,"template":"","format":"standard","meta":{"footnotes":""},"categories":[4210],"tags":[342,10036,554,343],"class_list":["post-185503","post","type-post","status-publish","format-standard","has-post-thumbnail","hentry","category-medios","tag-alberto-florella","tag-lucia-florella","tag-radio","tag-radio-meridiano"],"yoast_head":"<!-- This site is optimized with the Yoast SEO plugin v27.5 - https:\/\/yoast.com\/product\/yoast-seo-wordpress\/ -->\n<title>Aniversario en el aire: Radio Meridiano celebra el primer a\u00f1o de sus nuevos estudios<\/title>\n<meta name=\"description\" content=\"La emisora conmemor\u00f3 doce meses de transmisi\u00f3n desde su renovada sede de calle 13. Luc\u00eda Florella, referente del medio, destac\u00f3 el v\u00ednculo con la audiencia y rindi\u00f3 homenaje a la memoria de su abuelo, el recordado Alberto Florella.\" \/>\n<meta name=\"robots\" content=\"index, follow, max-snippet:-1, max-image-preview:large, max-video-preview:-1\" \/>\n<link rel=\"canonical\" href=\"https:\/\/noticiasmercedinas.com\/site\/2026\/04\/30\/aniversario-en-el-aire-radio-meridiano-celebra-el-primer-ano-de-sus-nuevos-estudios\/\" \/>\n<meta property=\"og:locale\" content=\"es_ES\" \/>\n<meta property=\"og:type\" content=\"article\" \/>\n<meta property=\"og:title\" content=\"Aniversario en el aire: Radio Meridiano celebra el primer a\u00f1o de sus nuevos estudios\" \/>\n<meta property=\"og:description\" content=\"La emisora conmemor\u00f3 doce meses de transmisi\u00f3n desde su renovada sede de calle 13. Luc\u00eda Florella, referente del medio, destac\u00f3 el v\u00ednculo con la audiencia y rindi\u00f3 homenaje a la memoria de su abuelo, el recordado Alberto Florella.\" \/>\n<meta property=\"og:url\" content=\"https:\/\/noticiasmercedinas.com\/site\/2026\/04\/30\/aniversario-en-el-aire-radio-meridiano-celebra-el-primer-ano-de-sus-nuevos-estudios\/\" \/>\n<meta property=\"og:site_name\" content=\"NOTICIASMERCEDINAS.COM\" \/>\n<meta property=\"article:publisher\" content=\"https:\/\/www.facebook.com\/noticiasmercedinas\/\" \/>\n<meta property=\"article:published_time\" content=\"2026-05-01T02:41:52+00:00\" \/>\n<meta property=\"og:image\" content=\"https:\/\/noticiasmercedinas.com\/site\/wp-content\/uploads\/2026\/04\/luciaymario.jpg\" \/>\n\t<meta property=\"og:image:width\" content=\"640\" \/>\n\t<meta property=\"og:image:height\" content=\"392\" \/>\n\t<meta property=\"og:image:type\" content=\"image\/jpeg\" \/>\n<meta name=\"author\" content=\"NOTICIASMERCEDINAS.COM\" \/>\n<meta name=\"twitter:card\" content=\"summary_large_image\" \/>\n<meta name=\"twitter:creator\" content=\"@notmercedinas\" \/>\n<meta name=\"twitter:site\" content=\"@notmercedinas\" \/>\n<meta name=\"twitter:label1\" content=\"Escrito por\" \/>\n\t<meta name=\"twitter:data1\" content=\"NOTICIASMERCEDINAS.COM\" \/>\n\t<meta name=\"twitter:label2\" content=\"Tiempo de lectura\" \/>\n\t<meta name=\"twitter:data2\" content=\"2 minutos\" \/>\n<script type=\"application\/ld+json\" class=\"yoast-schema-graph\">{\"@context\":\"https:\\\/\\\/schema.org\",\"@graph\":[{\"@type\":\"Article\",\"@id\":\"https:\\\/\\\/noticiasmercedinas.com\\\/site\\\/2026\\\/04\\\/30\\\/aniversario-en-el-aire-radio-meridiano-celebra-el-primer-ano-de-sus-nuevos-estudios\\\/#article\",\"isPartOf\":{\"@id\":\"https:\\\/\\\/noticiasmercedinas.com\\\/site\\\/2026\\\/04\\\/30\\\/aniversario-en-el-aire-radio-meridiano-celebra-el-primer-ano-de-sus-nuevos-estudios\\\/\"},\"author\":{\"name\":\"NOTICIASMERCEDINAS.COM\",\"@id\":\"https:\\\/\\\/noticiasmercedinas.com\\\/site\\\/#\\\/schema\\\/person\\\/84b59c099c28ff2e8b77d4ceec5d8063\"},\"headline\":\"Aniversario en el aire: Radio Meridiano celebra el primer a\u00f1o de sus nuevos estudios\",\"datePublished\":\"2026-05-01T02:41:52+00:00\",\"mainEntityOfPage\":{\"@id\":\"https:\\\/\\\/noticiasmercedinas.com\\\/site\\\/2026\\\/04\\\/30\\\/aniversario-en-el-aire-radio-meridiano-celebra-el-primer-ano-de-sus-nuevos-estudios\\\/\"},\"wordCount\":397,\"publisher\":{\"@id\":\"https:\\\/\\\/noticiasmercedinas.com\\\/site\\\/#organization\"},\"image\":{\"@id\":\"https:\\\/\\\/noticiasmercedinas.com\\\/site\\\/2026\\\/04\\\/30\\\/aniversario-en-el-aire-radio-meridiano-celebra-el-primer-ano-de-sus-nuevos-estudios\\\/#primaryimage\"},\"thumbnailUrl\":\"https:\\\/\\\/noticiasmercedinas.com\\\/site\\\/wp-content\\\/uploads\\\/2026\\\/04\\\/luciaymario.jpg\",\"keywords\":[\"alberto florella\",\"Luci\u0301a Florella\",\"radio\",\"radio meridiano\"],\"articleSection\":[\"Medios\"],\"inLanguage\":\"es\"},{\"@type\":\"WebPage\",\"@id\":\"https:\\\/\\\/noticiasmercedinas.com\\\/site\\\/2026\\\/04\\\/30\\\/aniversario-en-el-aire-radio-meridiano-celebra-el-primer-ano-de-sus-nuevos-estudios\\\/\",\"url\":\"https:\\\/\\\/noticiasmercedinas.com\\\/site\\\/2026\\\/04\\\/30\\\/aniversario-en-el-aire-radio-meridiano-celebra-el-primer-ano-de-sus-nuevos-estudios\\\/\",\"name\":\"Aniversario en el aire: Radio Meridiano celebra el primer a\u00f1o de sus nuevos estudios\",\"isPartOf\":{\"@id\":\"https:\\\/\\\/noticiasmercedinas.com\\\/site\\\/#website\"},\"primaryImageOfPage\":{\"@id\":\"https:\\\/\\\/noticiasmercedinas.com\\\/site\\\/2026\\\/04\\\/30\\\/aniversario-en-el-aire-radio-meridiano-celebra-el-primer-ano-de-sus-nuevos-estudios\\\/#primaryimage\"},\"image\":{\"@id\":\"https:\\\/\\\/noticiasmercedinas.com\\\/site\\\/2026\\\/04\\\/30\\\/aniversario-en-el-aire-radio-meridiano-celebra-el-primer-ano-de-sus-nuevos-estudios\\\/#primaryimage\"},\"thumbnailUrl\":\"https:\\\/\\\/noticiasmercedinas.com\\\/site\\\/wp-content\\\/uploads\\\/2026\\\/04\\\/luciaymario.jpg\",\"datePublished\":\"2026-05-01T02:41:52+00:00\",\"description\":\"La emisora conmemor\u00f3 doce meses de transmisi\u00f3n desde su renovada sede de calle 13. Luc\u00eda Florella, referente del medio, destac\u00f3 el v\u00ednculo con la audiencia y rindi\u00f3 homenaje a la memoria de su abuelo, el recordado Alberto Florella.\",\"breadcrumb\":{\"@id\":\"https:\\\/\\\/noticiasmercedinas.com\\\/site\\\/2026\\\/04\\\/30\\\/aniversario-en-el-aire-radio-meridiano-celebra-el-primer-ano-de-sus-nuevos-estudios\\\/#breadcrumb\"},\"inLanguage\":\"es\",\"potentialAction\":[{\"@type\":\"ReadAction\",\"target\":[\"https:\\\/\\\/noticiasmercedinas.com\\\/site\\\/2026\\\/04\\\/30\\\/aniversario-en-el-aire-radio-meridiano-celebra-el-primer-ano-de-sus-nuevos-estudios\\\/\"]}]},{\"@type\":\"ImageObject\",\"inLanguage\":\"es\",\"@id\":\"https:\\\/\\\/noticiasmercedinas.com\\\/site\\\/2026\\\/04\\\/30\\\/aniversario-en-el-aire-radio-meridiano-celebra-el-primer-ano-de-sus-nuevos-estudios\\\/#primaryimage\",\"url\":\"https:\\\/\\\/noticiasmercedinas.com\\\/site\\\/wp-content\\\/uploads\\\/2026\\\/04\\\/luciaymario.jpg\",\"contentUrl\":\"https:\\\/\\\/noticiasmercedinas.com\\\/site\\\/wp-content\\\/uploads\\\/2026\\\/04\\\/luciaymario.jpg\",\"width\":640,\"height\":392},{\"@type\":\"BreadcrumbList\",\"@id\":\"https:\\\/\\\/noticiasmercedinas.com\\\/site\\\/2026\\\/04\\\/30\\\/aniversario-en-el-aire-radio-meridiano-celebra-el-primer-ano-de-sus-nuevos-estudios\\\/#breadcrumb\",\"itemListElement\":[{\"@type\":\"ListItem\",\"position\":1,\"name\":\"Portada\",\"item\":\"https:\\\/\\\/noticiasmercedinas.com\\\/site\\\/\"},{\"@type\":\"ListItem\",\"position\":2,\"name\":\"Aniversario en el aire: Radio Meridiano celebra el primer a\u00f1o de sus nuevos estudios\"}]},{\"@type\":\"WebSite\",\"@id\":\"https:\\\/\\\/noticiasmercedinas.com\\\/site\\\/#website\",\"url\":\"https:\\\/\\\/noticiasmercedinas.com\\\/site\\\/\",\"name\":\"NOTICIASMERCEDINAS.COM\",\"description\":\"Mercedes, Buenos Aires, Argentina\",\"publisher\":{\"@id\":\"https:\\\/\\\/noticiasmercedinas.com\\\/site\\\/#organization\"},\"potentialAction\":[{\"@type\":\"SearchAction\",\"target\":{\"@type\":\"EntryPoint\",\"urlTemplate\":\"https:\\\/\\\/noticiasmercedinas.com\\\/site\\\/?s={search_term_string}\"},\"query-input\":{\"@type\":\"PropertyValueSpecification\",\"valueRequired\":true,\"valueName\":\"search_term_string\"}}],\"inLanguage\":\"es\"},{\"@type\":\"Organization\",\"@id\":\"https:\\\/\\\/noticiasmercedinas.com\\\/site\\\/#organization\",\"name\":\"NOTICIASMERCEDINAS.COM\",\"url\":\"https:\\\/\\\/noticiasmercedinas.com\\\/site\\\/\",\"logo\":{\"@type\":\"ImageObject\",\"inLanguage\":\"es\",\"@id\":\"https:\\\/\\\/noticiasmercedinas.com\\\/site\\\/#\\\/schema\\\/logo\\\/image\\\/\",\"url\":\"https:\\\/\\\/noticiasmercedinas.com\\\/site\\\/wp-content\\\/uploads\\\/2020\\\/06\\\/LOGO-512.jpg\",\"contentUrl\":\"https:\\\/\\\/noticiasmercedinas.com\\\/site\\\/wp-content\\\/uploads\\\/2020\\\/06\\\/LOGO-512.jpg\",\"width\":512,\"height\":512,\"caption\":\"NOTICIASMERCEDINAS.COM\"},\"image\":{\"@id\":\"https:\\\/\\\/noticiasmercedinas.com\\\/site\\\/#\\\/schema\\\/logo\\\/image\\\/\"},\"sameAs\":[\"https:\\\/\\\/www.facebook.com\\\/noticiasmercedinas\\\/\",\"https:\\\/\\\/x.com\\\/notmercedinas\",\"https:\\\/\\\/www.instagram.com\\\/noticiasmercedinas\\\/\"]},{\"@type\":\"Person\",\"@id\":\"https:\\\/\\\/noticiasmercedinas.com\\\/site\\\/#\\\/schema\\\/person\\\/84b59c099c28ff2e8b77d4ceec5d8063\",\"name\":\"NOTICIASMERCEDINAS.COM\",\"image\":{\"@type\":\"ImageObject\",\"inLanguage\":\"es\",\"@id\":\"https:\\\/\\\/secure.gravatar.com\\\/avatar\\\/4dfbf16b4d17945bfb6341b2d19043457132fcf478a5ee04f42e959fd8f5df0a?s=96&d=mm&r=g\",\"url\":\"https:\\\/\\\/secure.gravatar.com\\\/avatar\\\/4dfbf16b4d17945bfb6341b2d19043457132fcf478a5ee04f42e959fd8f5df0a?s=96&d=mm&r=g\",\"contentUrl\":\"https:\\\/\\\/secure.gravatar.com\\\/avatar\\\/4dfbf16b4d17945bfb6341b2d19043457132fcf478a5ee04f42e959fd8f5df0a?s=96&d=mm&r=g\",\"caption\":\"NOTICIASMERCEDINAS.COM\"},\"url\":\"https:\\\/\\\/noticiasmercedinas.com\\\/site\\\/author\\\/anonimo\\\/\"}]}<\/script>\n<!-- \/ Yoast SEO plugin. -->","yoast_head_json":{"title":"Aniversario en el aire: Radio Meridiano celebra el primer a\u00f1o de sus nuevos estudios","description":"La emisora conmemor\u00f3 doce meses de transmisi\u00f3n desde su renovada sede de calle 13. Luc\u00eda Florella, referente del medio, destac\u00f3 el v\u00ednculo con la audiencia y rindi\u00f3 homenaje a la memoria de su abuelo, el recordado Alberto Florella.","robots":{"index":"index","follow":"follow","max-snippet":"max-snippet:-1","max-image-preview":"max-image-preview:large","max-video-preview":"max-video-preview:-1"},"canonical":"https:\/\/noticiasmercedinas.com\/site\/2026\/04\/30\/aniversario-en-el-aire-radio-meridiano-celebra-el-primer-ano-de-sus-nuevos-estudios\/","og_locale":"es_ES","og_type":"article","og_title":"Aniversario en el aire: Radio Meridiano celebra el primer a\u00f1o de sus nuevos estudios","og_description":"La emisora conmemor\u00f3 doce meses de transmisi\u00f3n desde su renovada sede de calle 13. Luc\u00eda Florella, referente del medio, destac\u00f3 el v\u00ednculo con la audiencia y rindi\u00f3 homenaje a la memoria de su abuelo, el recordado Alberto Florella.","og_url":"https:\/\/noticiasmercedinas.com\/site\/2026\/04\/30\/aniversario-en-el-aire-radio-meridiano-celebra-el-primer-ano-de-sus-nuevos-estudios\/","og_site_name":"NOTICIASMERCEDINAS.COM","article_publisher":"https:\/\/www.facebook.com\/noticiasmercedinas\/","article_published_time":"2026-05-01T02:41:52+00:00","og_image":[{"width":640,"height":392,"url":"https:\/\/noticiasmercedinas.com\/site\/wp-content\/uploads\/2026\/04\/luciaymario.jpg","type":"image\/jpeg"}],"author":"NOTICIASMERCEDINAS.COM","twitter_card":"summary_large_image","twitter_creator":"@notmercedinas","twitter_site":"@notmercedinas","twitter_misc":{"Escrito por":"NOTICIASMERCEDINAS.COM","Tiempo de lectura":"2 minutos"},"schema":{"@context":"https:\/\/schema.org","@graph":[{"@type":"Article","@id":"https:\/\/noticiasmercedinas.com\/site\/2026\/04\/30\/aniversario-en-el-aire-radio-meridiano-celebra-el-primer-ano-de-sus-nuevos-estudios\/#article","isPartOf":{"@id":"https:\/\/noticiasmercedinas.com\/site\/2026\/04\/30\/aniversario-en-el-aire-radio-meridiano-celebra-el-primer-ano-de-sus-nuevos-estudios\/"},"author":{"name":"NOTICIASMERCEDINAS.COM","@id":"https:\/\/noticiasmercedinas.com\/site\/#\/schema\/person\/84b59c099c28ff2e8b77d4ceec5d8063"},"headline":"Aniversario en el aire: Radio Meridiano celebra el primer a\u00f1o de sus nuevos estudios","datePublished":"2026-05-01T02:41:52+00:00","mainEntityOfPage":{"@id":"https:\/\/noticiasmercedinas.com\/site\/2026\/04\/30\/aniversario-en-el-aire-radio-meridiano-celebra-el-primer-ano-de-sus-nuevos-estudios\/"},"wordCount":397,"publisher":{"@id":"https:\/\/noticiasmercedinas.com\/site\/#organization"},"image":{"@id":"https:\/\/noticiasmercedinas.com\/site\/2026\/04\/30\/aniversario-en-el-aire-radio-meridiano-celebra-el-primer-ano-de-sus-nuevos-estudios\/#primaryimage"},"thumbnailUrl":"https:\/\/noticiasmercedinas.com\/site\/wp-content\/uploads\/2026\/04\/luciaymario.jpg","keywords":["alberto florella","Luci\u0301a Florella","radio","radio meridiano"],"articleSection":["Medios"],"inLanguage":"es"},{"@type":"WebPage","@id":"https:\/\/noticiasmercedinas.com\/site\/2026\/04\/30\/aniversario-en-el-aire-radio-meridiano-celebra-el-primer-ano-de-sus-nuevos-estudios\/","url":"https:\/\/noticiasmercedinas.com\/site\/2026\/04\/30\/aniversario-en-el-aire-radio-meridiano-celebra-el-primer-ano-de-sus-nuevos-estudios\/","name":"Aniversario en el aire: Radio Meridiano celebra el primer a\u00f1o de sus nuevos estudios","isPartOf":{"@id":"https:\/\/noticiasmercedinas.com\/site\/#website"},"primaryImageOfPage":{"@id":"https:\/\/noticiasmercedinas.com\/site\/2026\/04\/30\/aniversario-en-el-aire-radio-meridiano-celebra-el-primer-ano-de-sus-nuevos-estudios\/#primaryimage"},"image":{"@id":"https:\/\/noticiasmercedinas.com\/site\/2026\/04\/30\/aniversario-en-el-aire-radio-meridiano-celebra-el-primer-ano-de-sus-nuevos-estudios\/#primaryimage"},"thumbnailUrl":"https:\/\/noticiasmercedinas.com\/site\/wp-content\/uploads\/2026\/04\/luciaymario.jpg","datePublished":"2026-05-01T02:41:52+00:00","description":"La emisora conmemor\u00f3 doce meses de transmisi\u00f3n desde su renovada sede de calle 13. Luc\u00eda Florella, referente del medio, destac\u00f3 el v\u00ednculo con la audiencia y rindi\u00f3 homenaje a la memoria de su abuelo, el recordado Alberto Florella.","breadcrumb":{"@id":"https:\/\/noticiasmercedinas.com\/site\/2026\/04\/30\/aniversario-en-el-aire-radio-meridiano-celebra-el-primer-ano-de-sus-nuevos-estudios\/#breadcrumb"},"inLanguage":"es","potentialAction":[{"@type":"ReadAction","target":["https:\/\/noticiasmercedinas.com\/site\/2026\/04\/30\/aniversario-en-el-aire-radio-meridiano-celebra-el-primer-ano-de-sus-nuevos-estudios\/"]}]},{"@type":"ImageObject","inLanguage":"es","@id":"https:\/\/noticiasmercedinas.com\/site\/2026\/04\/30\/aniversario-en-el-aire-radio-meridiano-celebra-el-primer-ano-de-sus-nuevos-estudios\/#primaryimage","url":"https:\/\/noticiasmercedinas.com\/site\/wp-content\/uploads\/2026\/04\/luciaymario.jpg","contentUrl":"https:\/\/noticiasmercedinas.com\/site\/wp-content\/uploads\/2026\/04\/luciaymario.jpg","width":640,"height":392},{"@type":"BreadcrumbList","@id":"https:\/\/noticiasmercedinas.com\/site\/2026\/04\/30\/aniversario-en-el-aire-radio-meridiano-celebra-el-primer-ano-de-sus-nuevos-estudios\/#breadcrumb","itemListElement":[{"@type":"ListItem","position":1,"name":"Portada","item":"https:\/\/noticiasmercedinas.com\/site\/"},{"@type":"ListItem","position":2,"name":"Aniversario en el aire: Radio Meridiano celebra el primer a\u00f1o de sus nuevos estudios"}]},{"@type":"WebSite","@id":"https:\/\/noticiasmercedinas.com\/site\/#website","url":"https:\/\/noticiasmercedinas.com\/site\/","name":"NOTICIASMERCEDINAS.COM","description":"Mercedes, Buenos Aires, Argentina","publisher":{"@id":"https:\/\/noticiasmercedinas.com\/site\/#organization"},"potentialAction":[{"@type":"SearchAction","target":{"@type":"EntryPoint","urlTemplate":"https:\/\/noticiasmercedinas.com\/site\/?s={search_term_string}"},"query-input":{"@type":"PropertyValueSpecification","valueRequired":true,"valueName":"search_term_string"}}],"inLanguage":"es"},{"@type":"Organization","@id":"https:\/\/noticiasmercedinas.com\/site\/#organization","name":"NOTICIASMERCEDINAS.COM","url":"https:\/\/noticiasmercedinas.com\/site\/","logo":{"@type":"ImageObject","inLanguage":"es","@id":"https:\/\/noticiasmercedinas.com\/site\/#\/schema\/logo\/image\/","url":"https:\/\/noticiasmercedinas.com\/site\/wp-content\/uploads\/2020\/06\/LOGO-512.jpg","contentUrl":"https:\/\/noticiasmercedinas.com\/site\/wp-content\/uploads\/2020\/06\/LOGO-512.jpg","width":512,"height":512,"caption":"NOTICIASMERCEDINAS.COM"},"image":{"@id":"https:\/\/noticiasmercedinas.com\/site\/#\/schema\/logo\/image\/"},"sameAs":["https:\/\/www.facebook.com\/noticiasmercedinas\/","https:\/\/x.com\/notmercedinas","https:\/\/www.instagram.com\/noticiasmercedinas\/"]},{"@type":"Person","@id":"https:\/\/noticiasmercedinas.com\/site\/#\/schema\/person\/84b59c099c28ff2e8b77d4ceec5d8063","name":"NOTICIASMERCEDINAS.COM","image":{"@type":"ImageObject","inLanguage":"es","@id":"https:\/\/secure.gravatar.com\/avatar\/4dfbf16b4d17945bfb6341b2d19043457132fcf478a5ee04f42e959fd8f5df0a?s=96&d=mm&r=g","url":"https:\/\/secure.gravatar.com\/avatar\/4dfbf16b4d17945bfb6341b2d19043457132fcf478a5ee04f42e959fd8f5df0a?s=96&d=mm&r=g","contentUrl":"https:\/\/secure.gravatar.com\/avatar\/4dfbf16b4d17945bfb6341b2d19043457132fcf478a5ee04f42e959fd8f5df0a?s=96&d=mm&r=g","caption":"NOTICIASMERCEDINAS.COM"},"url":"https:\/\/noticiasmercedinas.com\/site\/author\/anonimo\/"}]}},"amp_enabled":true,"_links":{"self":[{"href":"https:\/\/noticiasmercedinas.com\/site\/wp-json\/wp\/v2\/posts\/185503","targetHints":{"allow":["GET"]}}],"collection":[{"href":"https:\/\/noticiasmercedinas.com\/site\/wp-json\/wp\/v2\/posts"}],"about":[{"href":"https:\/\/noticiasmercedinas.com\/site\/wp-json\/wp\/v2\/types\/post"}],"author":[{"embeddable":true,"href":"https:\/\/noticiasmercedinas.com\/site\/wp-json\/wp\/v2\/users\/16"}],"replies":[{"embeddable":true,"href":"https:\/\/noticiasmercedinas.com\/site\/wp-json\/wp\/v2\/comments?post=185503"}],"version-history":[{"count":1,"href":"https:\/\/noticiasmercedinas.com\/site\/wp-json\/wp\/v2\/posts\/185503\/revisions"}],"predecessor-version":[{"id":185505,"href":"https:\/\/noticiasmercedinas.com\/site\/wp-json\/wp\/v2\/posts\/185503\/revisions\/185505"}],"wp:featuredmedia":[{"embeddable":true,"href":"https:\/\/noticiasmercedinas.com\/site\/wp-json\/wp\/v2\/media\/185504"}],"wp:attachment":[{"href":"https:\/\/noticiasmercedinas.com\/site\/wp-json\/wp\/v2\/media?parent=185503"}],"wp:term":[{"taxonomy":"category","embeddable":true,"href":"https:\/\/noticiasmercedinas.com\/site\/wp-json\/wp\/v2\/categories?post=185503"},{"taxonomy":"post_tag","embeddable":true,"href":"https:\/\/noticiasmercedinas.com\/site\/wp-json\/wp\/v2\/tags?post=185503"}],"curies":[{"name":"wp","href":"https:\/\/api.w.org\/{rel}","templated":true}]}}