{"id":185557,"date":"2026-05-02T11:21:52","date_gmt":"2026-05-02T14:21:52","guid":{"rendered":"https:\/\/noticiasmercedinas.com\/site\/?p=185557"},"modified":"2026-05-02T11:21:52","modified_gmt":"2026-05-02T14:21:52","slug":"aeroclub-lujan-lanza-su-primera-feria-de-emprendedores-con-convocatoria-abierta-y-gratuita","status":"publish","type":"post","link":"https:\/\/noticiasmercedinas.com\/site\/2026\/05\/02\/aeroclub-lujan-lanza-su-primera-feria-de-emprendedores-con-convocatoria-abierta-y-gratuita\/","title":{"rendered":"Aeroclub Luj\u00e1n lanza su primera feria de emprendedores con convocatoria abierta y gratuita"},"content":{"rendered":"<p><img loading=\"lazy\" decoding=\"async\" class=\"alignnone size-full wp-image-169629\" src=\"https:\/\/noticiasmercedinas.com\/site\/wp-content\/uploads\/2025\/09\/AEROCLUB.jpg\" alt=\"\" width=\"640\" height=\"384\" srcset=\"https:\/\/noticiasmercedinas.com\/site\/wp-content\/uploads\/2025\/09\/AEROCLUB.jpg 640w, https:\/\/noticiasmercedinas.com\/site\/wp-content\/uploads\/2025\/09\/AEROCLUB-300x180.jpg 300w\" sizes=\"auto, (max-width: 640px) 100vw, 640px\" \/><\/p>\n<p>El Aeroclub Luj\u00e1n anunci\u00f3 oficialmente la apertura de inscripciones para la 1\u00b0 Feria de Emprendedores, un evento dise\u00f1ado para potenciar el talento local que tendr\u00e1 lugar el s\u00e1bado 30 de mayo, entre las 13:00 y las 18:00 horas.<\/p>\n<p>En una apuesta por el crecimiento de la comunidad, la entidad aeron\u00e1utica ha decidido ceder sus instalaciones de manera gratuita para que m\u00e1s de 20 expositores puedan presentar sus productos, servicios y artesan\u00edas.<\/p>\n<p>Bajo la premisa de fomentar el consumo local y generar lazos entre productores y vecinos, la organizaci\u00f3n proveer\u00e1 a cada participante el mobiliario b\u00e1sico \u2014mesas y sillas\u2014 adem\u00e1s de servicios de electricidad y estacionamiento sin cargo. Esta iniciativa busca eliminar las barreras de entrada para peque\u00f1os proyectos, permiti\u00e9ndoles acceder a una vitrina de gran visibilidad sin incurrir en costos operativos de locaci\u00f3n.<\/p>\n<p>Log\u00edstica y Participaci\u00f3n: Los interesados deben completar el formulario de inscripci\u00f3n en el sitio oficial www.aeroclublujan.com.ar\/feria. Se permite la instalaci\u00f3n de gazebos, pantallas y elementos de marketing para fortalecer la identidad visual de cada stand.<\/p>\n<p>\u00abConsideramos esta actividad de gran valor para la comunidad. Queremos impulsar el desarrollo emprendedor en un entorno que es, por naturaleza, inspirador\u00bb, se\u00f1alaron desde la comisi\u00f3n directiva del Aeroclub.<\/p>\n<p>La propuesta no solo se limita a lo comercial, sino que se presenta como una experiencia integral donde el p\u00fablico podr\u00e1 disfrutar de una jornada al aire libre rodeado de aeronaves y actividades de dise\u00f1o y creatividad.<\/p>\n<p>La convocatoria est\u00e1 abierta a emprendedores de todos los rubros, desde artesan\u00edas tradicionales hasta servicios tecnol\u00f3gicos y dise\u00f1o independiente.<\/p>\n","protected":false},"excerpt":{"rendered":"<p>El Aeroclub Luj\u00e1n anunci\u00f3 oficialmente la apertura de inscripciones para la 1\u00b0 Feria de Emprendedores, un evento dise\u00f1ado para potenciar el talento local que tendr\u00e1 lugar el s\u00e1bado 30 de mayo, entre las 13:00 y las 18:00 horas. En una apuesta por el crecimiento de la comunidad, la entidad aeron\u00e1utica ha decidido ceder sus instalaciones [&hellip;]<\/p>\n","protected":false},"author":16,"featured_media":169629,"comment_status":"closed","ping_status":"closed","sticky":false,"template":"","format":"standard","meta":{"footnotes":""},"categories":[139],"tags":[7755,21428,8391,3615,40],"class_list":["post-185557","post","type-post","status-publish","format-standard","has-post-thumbnail","hentry","category-regionales","tag-aero-club","tag-aero-club-lujan","tag-convocatoria","tag-feria","tag-lujan"],"yoast_head":"<!-- This site is optimized with the Yoast SEO plugin v27.5 - https:\/\/yoast.com\/product\/yoast-seo-wordpress\/ -->\n<title>Aeroclub Luj\u00e1n lanza su primera feria de emprendedores con convocatoria abierta y gratuita<\/title>\n<meta name=\"robots\" content=\"index, follow, max-snippet:-1, max-image-preview:large, max-video-preview:-1\" \/>\n<link rel=\"canonical\" href=\"https:\/\/noticiasmercedinas.com\/site\/2026\/05\/02\/aeroclub-lujan-lanza-su-primera-feria-de-emprendedores-con-convocatoria-abierta-y-gratuita\/\" \/>\n<meta property=\"og:locale\" content=\"es_ES\" \/>\n<meta property=\"og:type\" content=\"article\" \/>\n<meta property=\"og:title\" content=\"Aeroclub Luj\u00e1n lanza su primera feria de emprendedores con convocatoria abierta y gratuita\" \/>\n<meta property=\"og:description\" content=\"El Aeroclub Luj\u00e1n anunci\u00f3 oficialmente la apertura de inscripciones para la 1\u00b0 Feria de Emprendedores, un evento dise\u00f1ado para potenciar el talento local que tendr\u00e1 lugar el s\u00e1bado 30 de mayo, entre las 13:00 y las 18:00 horas. En una apuesta por el crecimiento de la comunidad, la entidad aeron\u00e1utica ha decidido ceder sus instalaciones [&hellip;]\" \/>\n<meta property=\"og:url\" content=\"https:\/\/noticiasmercedinas.com\/site\/2026\/05\/02\/aeroclub-lujan-lanza-su-primera-feria-de-emprendedores-con-convocatoria-abierta-y-gratuita\/\" \/>\n<meta property=\"og:site_name\" content=\"NOTICIASMERCEDINAS.COM\" \/>\n<meta property=\"article:publisher\" content=\"https:\/\/www.facebook.com\/noticiasmercedinas\/\" \/>\n<meta property=\"article:published_time\" content=\"2026-05-02T14:21:52+00:00\" \/>\n<meta property=\"og:image\" content=\"https:\/\/noticiasmercedinas.com\/site\/wp-content\/uploads\/2025\/09\/AEROCLUB.jpg\" \/>\n\t<meta property=\"og:image:width\" content=\"640\" \/>\n\t<meta property=\"og:image:height\" content=\"384\" \/>\n\t<meta property=\"og:image:type\" content=\"image\/jpeg\" \/>\n<meta name=\"author\" content=\"NOTICIASMERCEDINAS.COM\" \/>\n<meta name=\"twitter:card\" content=\"summary_large_image\" \/>\n<meta name=\"twitter:creator\" content=\"@notmercedinas\" \/>\n<meta name=\"twitter:site\" content=\"@notmercedinas\" \/>\n<meta name=\"twitter:label1\" content=\"Escrito por\" \/>\n\t<meta name=\"twitter:data1\" content=\"NOTICIASMERCEDINAS.COM\" \/>\n\t<meta name=\"twitter:label2\" content=\"Tiempo de lectura\" \/>\n\t<meta name=\"twitter:data2\" content=\"2 minutos\" \/>\n<script type=\"application\/ld+json\" class=\"yoast-schema-graph\">{\"@context\":\"https:\\\/\\\/schema.org\",\"@graph\":[{\"@type\":\"Article\",\"@id\":\"https:\\\/\\\/noticiasmercedinas.com\\\/site\\\/2026\\\/05\\\/02\\\/aeroclub-lujan-lanza-su-primera-feria-de-emprendedores-con-convocatoria-abierta-y-gratuita\\\/#article\",\"isPartOf\":{\"@id\":\"https:\\\/\\\/noticiasmercedinas.com\\\/site\\\/2026\\\/05\\\/02\\\/aeroclub-lujan-lanza-su-primera-feria-de-emprendedores-con-convocatoria-abierta-y-gratuita\\\/\"},\"author\":{\"name\":\"NOTICIASMERCEDINAS.COM\",\"@id\":\"https:\\\/\\\/noticiasmercedinas.com\\\/site\\\/#\\\/schema\\\/person\\\/84b59c099c28ff2e8b77d4ceec5d8063\"},\"headline\":\"Aeroclub Luj\u00e1n lanza su primera feria de emprendedores con convocatoria abierta y gratuita\",\"datePublished\":\"2026-05-02T14:21:52+00:00\",\"mainEntityOfPage\":{\"@id\":\"https:\\\/\\\/noticiasmercedinas.com\\\/site\\\/2026\\\/05\\\/02\\\/aeroclub-lujan-lanza-su-primera-feria-de-emprendedores-con-convocatoria-abierta-y-gratuita\\\/\"},\"wordCount\":289,\"publisher\":{\"@id\":\"https:\\\/\\\/noticiasmercedinas.com\\\/site\\\/#organization\"},\"image\":{\"@id\":\"https:\\\/\\\/noticiasmercedinas.com\\\/site\\\/2026\\\/05\\\/02\\\/aeroclub-lujan-lanza-su-primera-feria-de-emprendedores-con-convocatoria-abierta-y-gratuita\\\/#primaryimage\"},\"thumbnailUrl\":\"https:\\\/\\\/noticiasmercedinas.com\\\/site\\\/wp-content\\\/uploads\\\/2025\\\/09\\\/AEROCLUB.jpg\",\"keywords\":[\"aero club\",\"Aero club Luj\u00e1n\",\"convocatoria\",\"feria\",\"lujan\"],\"articleSection\":[\"Regionales\"],\"inLanguage\":\"es\"},{\"@type\":\"WebPage\",\"@id\":\"https:\\\/\\\/noticiasmercedinas.com\\\/site\\\/2026\\\/05\\\/02\\\/aeroclub-lujan-lanza-su-primera-feria-de-emprendedores-con-convocatoria-abierta-y-gratuita\\\/\",\"url\":\"https:\\\/\\\/noticiasmercedinas.com\\\/site\\\/2026\\\/05\\\/02\\\/aeroclub-lujan-lanza-su-primera-feria-de-emprendedores-con-convocatoria-abierta-y-gratuita\\\/\",\"name\":\"Aeroclub Luj\u00e1n lanza su primera feria de emprendedores con convocatoria abierta y gratuita\",\"isPartOf\":{\"@id\":\"https:\\\/\\\/noticiasmercedinas.com\\\/site\\\/#website\"},\"primaryImageOfPage\":{\"@id\":\"https:\\\/\\\/noticiasmercedinas.com\\\/site\\\/2026\\\/05\\\/02\\\/aeroclub-lujan-lanza-su-primera-feria-de-emprendedores-con-convocatoria-abierta-y-gratuita\\\/#primaryimage\"},\"image\":{\"@id\":\"https:\\\/\\\/noticiasmercedinas.com\\\/site\\\/2026\\\/05\\\/02\\\/aeroclub-lujan-lanza-su-primera-feria-de-emprendedores-con-convocatoria-abierta-y-gratuita\\\/#primaryimage\"},\"thumbnailUrl\":\"https:\\\/\\\/noticiasmercedinas.com\\\/site\\\/wp-content\\\/uploads\\\/2025\\\/09\\\/AEROCLUB.jpg\",\"datePublished\":\"2026-05-02T14:21:52+00:00\",\"breadcrumb\":{\"@id\":\"https:\\\/\\\/noticiasmercedinas.com\\\/site\\\/2026\\\/05\\\/02\\\/aeroclub-lujan-lanza-su-primera-feria-de-emprendedores-con-convocatoria-abierta-y-gratuita\\\/#breadcrumb\"},\"inLanguage\":\"es\",\"potentialAction\":[{\"@type\":\"ReadAction\",\"target\":[\"https:\\\/\\\/noticiasmercedinas.com\\\/site\\\/2026\\\/05\\\/02\\\/aeroclub-lujan-lanza-su-primera-feria-de-emprendedores-con-convocatoria-abierta-y-gratuita\\\/\"]}]},{\"@type\":\"ImageObject\",\"inLanguage\":\"es\",\"@id\":\"https:\\\/\\\/noticiasmercedinas.com\\\/site\\\/2026\\\/05\\\/02\\\/aeroclub-lujan-lanza-su-primera-feria-de-emprendedores-con-convocatoria-abierta-y-gratuita\\\/#primaryimage\",\"url\":\"https:\\\/\\\/noticiasmercedinas.com\\\/site\\\/wp-content\\\/uploads\\\/2025\\\/09\\\/AEROCLUB.jpg\",\"contentUrl\":\"https:\\\/\\\/noticiasmercedinas.com\\\/site\\\/wp-content\\\/uploads\\\/2025\\\/09\\\/AEROCLUB.jpg\",\"width\":640,\"height\":384},{\"@type\":\"BreadcrumbList\",\"@id\":\"https:\\\/\\\/noticiasmercedinas.com\\\/site\\\/2026\\\/05\\\/02\\\/aeroclub-lujan-lanza-su-primera-feria-de-emprendedores-con-convocatoria-abierta-y-gratuita\\\/#breadcrumb\",\"itemListElement\":[{\"@type\":\"ListItem\",\"position\":1,\"name\":\"Portada\",\"item\":\"https:\\\/\\\/noticiasmercedinas.com\\\/site\\\/\"},{\"@type\":\"ListItem\",\"position\":2,\"name\":\"Aeroclub Luj\u00e1n lanza su primera feria de emprendedores con convocatoria abierta y gratuita\"}]},{\"@type\":\"WebSite\",\"@id\":\"https:\\\/\\\/noticiasmercedinas.com\\\/site\\\/#website\",\"url\":\"https:\\\/\\\/noticiasmercedinas.com\\\/site\\\/\",\"name\":\"NOTICIASMERCEDINAS.COM\",\"description\":\"Mercedes, Buenos Aires, Argentina\",\"publisher\":{\"@id\":\"https:\\\/\\\/noticiasmercedinas.com\\\/site\\\/#organization\"},\"potentialAction\":[{\"@type\":\"SearchAction\",\"target\":{\"@type\":\"EntryPoint\",\"urlTemplate\":\"https:\\\/\\\/noticiasmercedinas.com\\\/site\\\/?s={search_term_string}\"},\"query-input\":{\"@type\":\"PropertyValueSpecification\",\"valueRequired\":true,\"valueName\":\"search_term_string\"}}],\"inLanguage\":\"es\"},{\"@type\":\"Organization\",\"@id\":\"https:\\\/\\\/noticiasmercedinas.com\\\/site\\\/#organization\",\"name\":\"NOTICIASMERCEDINAS.COM\",\"url\":\"https:\\\/\\\/noticiasmercedinas.com\\\/site\\\/\",\"logo\":{\"@type\":\"ImageObject\",\"inLanguage\":\"es\",\"@id\":\"https:\\\/\\\/noticiasmercedinas.com\\\/site\\\/#\\\/schema\\\/logo\\\/image\\\/\",\"url\":\"https:\\\/\\\/noticiasmercedinas.com\\\/site\\\/wp-content\\\/uploads\\\/2020\\\/06\\\/LOGO-512.jpg\",\"contentUrl\":\"https:\\\/\\\/noticiasmercedinas.com\\\/site\\\/wp-content\\\/uploads\\\/2020\\\/06\\\/LOGO-512.jpg\",\"width\":512,\"height\":512,\"caption\":\"NOTICIASMERCEDINAS.COM\"},\"image\":{\"@id\":\"https:\\\/\\\/noticiasmercedinas.com\\\/site\\\/#\\\/schema\\\/logo\\\/image\\\/\"},\"sameAs\":[\"https:\\\/\\\/www.facebook.com\\\/noticiasmercedinas\\\/\",\"https:\\\/\\\/x.com\\\/notmercedinas\",\"https:\\\/\\\/www.instagram.com\\\/noticiasmercedinas\\\/\"]},{\"@type\":\"Person\",\"@id\":\"https:\\\/\\\/noticiasmercedinas.com\\\/site\\\/#\\\/schema\\\/person\\\/84b59c099c28ff2e8b77d4ceec5d8063\",\"name\":\"NOTICIASMERCEDINAS.COM\",\"image\":{\"@type\":\"ImageObject\",\"inLanguage\":\"es\",\"@id\":\"https:\\\/\\\/secure.gravatar.com\\\/avatar\\\/4dfbf16b4d17945bfb6341b2d19043457132fcf478a5ee04f42e959fd8f5df0a?s=96&d=mm&r=g\",\"url\":\"https:\\\/\\\/secure.gravatar.com\\\/avatar\\\/4dfbf16b4d17945bfb6341b2d19043457132fcf478a5ee04f42e959fd8f5df0a?s=96&d=mm&r=g\",\"contentUrl\":\"https:\\\/\\\/secure.gravatar.com\\\/avatar\\\/4dfbf16b4d17945bfb6341b2d19043457132fcf478a5ee04f42e959fd8f5df0a?s=96&d=mm&r=g\",\"caption\":\"NOTICIASMERCEDINAS.COM\"},\"url\":\"https:\\\/\\\/noticiasmercedinas.com\\\/site\\\/author\\\/anonimo\\\/\"}]}<\/script>\n<!-- \/ Yoast SEO plugin. -->","yoast_head_json":{"title":"Aeroclub Luj\u00e1n lanza su primera feria de emprendedores con convocatoria abierta y gratuita","robots":{"index":"index","follow":"follow","max-snippet":"max-snippet:-1","max-image-preview":"max-image-preview:large","max-video-preview":"max-video-preview:-1"},"canonical":"https:\/\/noticiasmercedinas.com\/site\/2026\/05\/02\/aeroclub-lujan-lanza-su-primera-feria-de-emprendedores-con-convocatoria-abierta-y-gratuita\/","og_locale":"es_ES","og_type":"article","og_title":"Aeroclub Luj\u00e1n lanza su primera feria de emprendedores con convocatoria abierta y gratuita","og_description":"El Aeroclub Luj\u00e1n anunci\u00f3 oficialmente la apertura de inscripciones para la 1\u00b0 Feria de Emprendedores, un evento dise\u00f1ado para potenciar el talento local que tendr\u00e1 lugar el s\u00e1bado 30 de mayo, entre las 13:00 y las 18:00 horas. En una apuesta por el crecimiento de la comunidad, la entidad aeron\u00e1utica ha decidido ceder sus instalaciones [&hellip;]","og_url":"https:\/\/noticiasmercedinas.com\/site\/2026\/05\/02\/aeroclub-lujan-lanza-su-primera-feria-de-emprendedores-con-convocatoria-abierta-y-gratuita\/","og_site_name":"NOTICIASMERCEDINAS.COM","article_publisher":"https:\/\/www.facebook.com\/noticiasmercedinas\/","article_published_time":"2026-05-02T14:21:52+00:00","og_image":[{"width":640,"height":384,"url":"https:\/\/noticiasmercedinas.com\/site\/wp-content\/uploads\/2025\/09\/AEROCLUB.jpg","type":"image\/jpeg"}],"author":"NOTICIASMERCEDINAS.COM","twitter_card":"summary_large_image","twitter_creator":"@notmercedinas","twitter_site":"@notmercedinas","twitter_misc":{"Escrito por":"NOTICIASMERCEDINAS.COM","Tiempo de lectura":"2 minutos"},"schema":{"@context":"https:\/\/schema.org","@graph":[{"@type":"Article","@id":"https:\/\/noticiasmercedinas.com\/site\/2026\/05\/02\/aeroclub-lujan-lanza-su-primera-feria-de-emprendedores-con-convocatoria-abierta-y-gratuita\/#article","isPartOf":{"@id":"https:\/\/noticiasmercedinas.com\/site\/2026\/05\/02\/aeroclub-lujan-lanza-su-primera-feria-de-emprendedores-con-convocatoria-abierta-y-gratuita\/"},"author":{"name":"NOTICIASMERCEDINAS.COM","@id":"https:\/\/noticiasmercedinas.com\/site\/#\/schema\/person\/84b59c099c28ff2e8b77d4ceec5d8063"},"headline":"Aeroclub Luj\u00e1n lanza su primera feria de emprendedores con convocatoria abierta y gratuita","datePublished":"2026-05-02T14:21:52+00:00","mainEntityOfPage":{"@id":"https:\/\/noticiasmercedinas.com\/site\/2026\/05\/02\/aeroclub-lujan-lanza-su-primera-feria-de-emprendedores-con-convocatoria-abierta-y-gratuita\/"},"wordCount":289,"publisher":{"@id":"https:\/\/noticiasmercedinas.com\/site\/#organization"},"image":{"@id":"https:\/\/noticiasmercedinas.com\/site\/2026\/05\/02\/aeroclub-lujan-lanza-su-primera-feria-de-emprendedores-con-convocatoria-abierta-y-gratuita\/#primaryimage"},"thumbnailUrl":"https:\/\/noticiasmercedinas.com\/site\/wp-content\/uploads\/2025\/09\/AEROCLUB.jpg","keywords":["aero club","Aero club Luj\u00e1n","convocatoria","feria","lujan"],"articleSection":["Regionales"],"inLanguage":"es"},{"@type":"WebPage","@id":"https:\/\/noticiasmercedinas.com\/site\/2026\/05\/02\/aeroclub-lujan-lanza-su-primera-feria-de-emprendedores-con-convocatoria-abierta-y-gratuita\/","url":"https:\/\/noticiasmercedinas.com\/site\/2026\/05\/02\/aeroclub-lujan-lanza-su-primera-feria-de-emprendedores-con-convocatoria-abierta-y-gratuita\/","name":"Aeroclub Luj\u00e1n lanza su primera feria de emprendedores con convocatoria abierta y gratuita","isPartOf":{"@id":"https:\/\/noticiasmercedinas.com\/site\/#website"},"primaryImageOfPage":{"@id":"https:\/\/noticiasmercedinas.com\/site\/2026\/05\/02\/aeroclub-lujan-lanza-su-primera-feria-de-emprendedores-con-convocatoria-abierta-y-gratuita\/#primaryimage"},"image":{"@id":"https:\/\/noticiasmercedinas.com\/site\/2026\/05\/02\/aeroclub-lujan-lanza-su-primera-feria-de-emprendedores-con-convocatoria-abierta-y-gratuita\/#primaryimage"},"thumbnailUrl":"https:\/\/noticiasmercedinas.com\/site\/wp-content\/uploads\/2025\/09\/AEROCLUB.jpg","datePublished":"2026-05-02T14:21:52+00:00","breadcrumb":{"@id":"https:\/\/noticiasmercedinas.com\/site\/2026\/05\/02\/aeroclub-lujan-lanza-su-primera-feria-de-emprendedores-con-convocatoria-abierta-y-gratuita\/#breadcrumb"},"inLanguage":"es","potentialAction":[{"@type":"ReadAction","target":["https:\/\/noticiasmercedinas.com\/site\/2026\/05\/02\/aeroclub-lujan-lanza-su-primera-feria-de-emprendedores-con-convocatoria-abierta-y-gratuita\/"]}]},{"@type":"ImageObject","inLanguage":"es","@id":"https:\/\/noticiasmercedinas.com\/site\/2026\/05\/02\/aeroclub-lujan-lanza-su-primera-feria-de-emprendedores-con-convocatoria-abierta-y-gratuita\/#primaryimage","url":"https:\/\/noticiasmercedinas.com\/site\/wp-content\/uploads\/2025\/09\/AEROCLUB.jpg","contentUrl":"https:\/\/noticiasmercedinas.com\/site\/wp-content\/uploads\/2025\/09\/AEROCLUB.jpg","width":640,"height":384},{"@type":"BreadcrumbList","@id":"https:\/\/noticiasmercedinas.com\/site\/2026\/05\/02\/aeroclub-lujan-lanza-su-primera-feria-de-emprendedores-con-convocatoria-abierta-y-gratuita\/#breadcrumb","itemListElement":[{"@type":"ListItem","position":1,"name":"Portada","item":"https:\/\/noticiasmercedinas.com\/site\/"},{"@type":"ListItem","position":2,"name":"Aeroclub Luj\u00e1n lanza su primera feria de emprendedores con convocatoria abierta y gratuita"}]},{"@type":"WebSite","@id":"https:\/\/noticiasmercedinas.com\/site\/#website","url":"https:\/\/noticiasmercedinas.com\/site\/","name":"NOTICIASMERCEDINAS.COM","description":"Mercedes, Buenos Aires, Argentina","publisher":{"@id":"https:\/\/noticiasmercedinas.com\/site\/#organization"},"potentialAction":[{"@type":"SearchAction","target":{"@type":"EntryPoint","urlTemplate":"https:\/\/noticiasmercedinas.com\/site\/?s={search_term_string}"},"query-input":{"@type":"PropertyValueSpecification","valueRequired":true,"valueName":"search_term_string"}}],"inLanguage":"es"},{"@type":"Organization","@id":"https:\/\/noticiasmercedinas.com\/site\/#organization","name":"NOTICIASMERCEDINAS.COM","url":"https:\/\/noticiasmercedinas.com\/site\/","logo":{"@type":"ImageObject","inLanguage":"es","@id":"https:\/\/noticiasmercedinas.com\/site\/#\/schema\/logo\/image\/","url":"https:\/\/noticiasmercedinas.com\/site\/wp-content\/uploads\/2020\/06\/LOGO-512.jpg","contentUrl":"https:\/\/noticiasmercedinas.com\/site\/wp-content\/uploads\/2020\/06\/LOGO-512.jpg","width":512,"height":512,"caption":"NOTICIASMERCEDINAS.COM"},"image":{"@id":"https:\/\/noticiasmercedinas.com\/site\/#\/schema\/logo\/image\/"},"sameAs":["https:\/\/www.facebook.com\/noticiasmercedinas\/","https:\/\/x.com\/notmercedinas","https:\/\/www.instagram.com\/noticiasmercedinas\/"]},{"@type":"Person","@id":"https:\/\/noticiasmercedinas.com\/site\/#\/schema\/person\/84b59c099c28ff2e8b77d4ceec5d8063","name":"NOTICIASMERCEDINAS.COM","image":{"@type":"ImageObject","inLanguage":"es","@id":"https:\/\/secure.gravatar.com\/avatar\/4dfbf16b4d17945bfb6341b2d19043457132fcf478a5ee04f42e959fd8f5df0a?s=96&d=mm&r=g","url":"https:\/\/secure.gravatar.com\/avatar\/4dfbf16b4d17945bfb6341b2d19043457132fcf478a5ee04f42e959fd8f5df0a?s=96&d=mm&r=g","contentUrl":"https:\/\/secure.gravatar.com\/avatar\/4dfbf16b4d17945bfb6341b2d19043457132fcf478a5ee04f42e959fd8f5df0a?s=96&d=mm&r=g","caption":"NOTICIASMERCEDINAS.COM"},"url":"https:\/\/noticiasmercedinas.com\/site\/author\/anonimo\/"}]}},"amp_enabled":true,"_links":{"self":[{"href":"https:\/\/noticiasmercedinas.com\/site\/wp-json\/wp\/v2\/posts\/185557","targetHints":{"allow":["GET"]}}],"collection":[{"href":"https:\/\/noticiasmercedinas.com\/site\/wp-json\/wp\/v2\/posts"}],"about":[{"href":"https:\/\/noticiasmercedinas.com\/site\/wp-json\/wp\/v2\/types\/post"}],"author":[{"embeddable":true,"href":"https:\/\/noticiasmercedinas.com\/site\/wp-json\/wp\/v2\/users\/16"}],"replies":[{"embeddable":true,"href":"https:\/\/noticiasmercedinas.com\/site\/wp-json\/wp\/v2\/comments?post=185557"}],"version-history":[{"count":3,"href":"https:\/\/noticiasmercedinas.com\/site\/wp-json\/wp\/v2\/posts\/185557\/revisions"}],"predecessor-version":[{"id":185560,"href":"https:\/\/noticiasmercedinas.com\/site\/wp-json\/wp\/v2\/posts\/185557\/revisions\/185560"}],"wp:featuredmedia":[{"embeddable":true,"href":"https:\/\/noticiasmercedinas.com\/site\/wp-json\/wp\/v2\/media\/169629"}],"wp:attachment":[{"href":"https:\/\/noticiasmercedinas.com\/site\/wp-json\/wp\/v2\/media?parent=185557"}],"wp:term":[{"taxonomy":"category","embeddable":true,"href":"https:\/\/noticiasmercedinas.com\/site\/wp-json\/wp\/v2\/categories?post=185557"},{"taxonomy":"post_tag","embeddable":true,"href":"https:\/\/noticiasmercedinas.com\/site\/wp-json\/wp\/v2\/tags?post=185557"}],"curies":[{"name":"wp","href":"https:\/\/api.w.org\/{rel}","templated":true}]}}