{"id":186014,"date":"2026-05-08T20:24:28","date_gmt":"2026-05-08T23:24:28","guid":{"rendered":"https:\/\/noticiasmercedinas.com\/site\/?p=186014"},"modified":"2026-05-08T20:26:37","modified_gmt":"2026-05-08T23:26:37","slug":"frente-a-la-ola-de-frio-emotiva-lanza-una-megadefensa-de-ofertas-y-prendas-termicas","status":"publish","type":"post","link":"https:\/\/noticiasmercedinas.com\/site\/2026\/05\/08\/frente-a-la-ola-de-frio-emotiva-lanza-una-megadefensa-de-ofertas-y-prendas-termicas\/","title":{"rendered":"Frente a la ola de fr\u00edo, \u00abEmotiva\u00bb lanza una megadefensa de ofertas y prendas t\u00e9rmicas"},"content":{"rendered":"<p data-path-to-node=\"3\"><img loading=\"lazy\" decoding=\"async\" class=\"alignnone size-full wp-image-186015\" src=\"https:\/\/noticiasmercedinas.com\/site\/wp-content\/uploads\/2026\/05\/frio1.jpg\" alt=\"\" width=\"640\" height=\"427\" srcset=\"https:\/\/noticiasmercedinas.com\/site\/wp-content\/uploads\/2026\/05\/frio1.jpg 640w, https:\/\/noticiasmercedinas.com\/site\/wp-content\/uploads\/2026\/05\/frio1-300x200.jpg 300w\" sizes=\"auto, (max-width: 640px) 100vw, 640px\" \/><\/p>\n<p data-path-to-node=\"3\">La llegada del primer fr\u00edo intenso de la temporada no tom\u00f3 desprevenida a la ciudad, pero s\u00ed encontr\u00f3 una respuesta contundente en el sector comercial.<\/p>\n<p data-path-to-node=\"3\"><b data-path-to-node=\"3\" data-index-in-node=\"164\">Emotiva<\/b>, el reconocido local de indumentaria ubicado en <b data-path-to-node=\"3\" data-index-in-node=\"220\">calle 23 casi esquina 28<\/b>, sali\u00f3 a \u00abblandir\u00bb una serie de ofertas dise\u00f1adas para que ninguna familia mercedina sufra las bajas temperaturas.<\/p>\n<blockquote>\n<p data-path-to-node=\"1\">Con temperaturas en descenso, el local de calle 23 apuesta a la accesibilidad con prendas t\u00e9rmicas desde los $10.000 y una l\u00ednea exclusiva de buzos mundialistas a precios imbatibles.<\/p>\n<\/blockquote>\n<p data-path-to-node=\"4\">La gran novedad de la semana es el ingreso de un stock masivo de <b data-path-to-node=\"4\" data-index-in-node=\"65\">prendas t\u00e9rmicas<\/b>, un art\u00edculo de primera necesidad por estos d\u00edas.<\/p>\n<p data-path-to-node=\"4\">Con una pol\u00edtica de precios que desaf\u00eda la inflaci\u00f3n, Ivana y su equipo lanzaron opciones desde los <b data-path-to-node=\"4\" data-index-in-node=\"232\">$10.000<\/b>, destacando no solo el valor econ\u00f3mico sino tambi\u00e9n la calidad de los materiales. La propuesta es inclusiva: hay talles para ni\u00f1os (del 4 al 16) y para adultos (hasta el doble XL).<\/p>\n<h3 data-path-to-node=\"5\">Furor mundialista y \u00abBuzos a $18.000\u00bb<\/h3>\n<p data-path-to-node=\"6\">En sinton\u00eda con la fiebre por el Mundial que atraviesa a todos los comercios locales, <b data-path-to-node=\"6\" data-index-in-node=\"86\">Emotiva<\/b> present\u00f3 una tanda de buzos con motivos de la Selecci\u00f3n Argentina que prometen agotarse en tiempo r\u00e9cord.<\/p>\n<p data-path-to-node=\"6\">Confeccionados con excelentes terminaciones y dise\u00f1os que incluyen el sol de mayo y el escudo nacional, estos buzos tienen un valor promocional de <b data-path-to-node=\"6\" data-index-in-node=\"347\">$18.000<\/b>.<\/p>\n<p data-path-to-node=\"7\">Los talles y colores disponibles para esta oferta (v\u00e1lida en efectivo o transferencia) son:<\/p>\n<p data-path-to-node=\"8,0,0\"><b data-path-to-node=\"8,0,0\" data-index-in-node=\"0\">Beige:<\/b> Talles 3 y 5.<\/p>\n<p data-path-to-node=\"8,1,0\"><b data-path-to-node=\"8,1,0\" data-index-in-node=\"0\">Celeste:<\/b> Talles 1 y 3.<\/p>\n<p data-path-to-node=\"8,2,0\"><b data-path-to-node=\"8,2,0\" data-index-in-node=\"0\">Negro:<\/b> Talles 2, 4 y 5.<\/p>\n<h3 data-path-to-node=\"9\">Pijamas de raso: El toque de elegancia en casa<\/h3>\n<p data-path-to-node=\"10\">Para quienes buscan confort y estilo puertas adentro, el local renov\u00f3 su l\u00ednea de <b data-path-to-node=\"10\" data-index-in-node=\"82\">pijamitas camiseros de raso<\/b> con estampados de tendencia. Entre los modelos destacados en promoci\u00f3n se encuentran dise\u00f1os de <i data-path-to-node=\"10\" data-index-in-node=\"206\">Constelaciones<\/i>, <i data-path-to-node=\"10\" data-index-in-node=\"222\">Stich<\/i> (en celeste, negro y azul) y el popular <i data-path-to-node=\"10\" data-index-in-node=\"268\">Lotso<\/i>, con una amplia curva de talles que va del 2 al 5.<\/p>\n<h3 data-path-to-node=\"11\">Beneficios y experiencia de compra<\/h3>\n<p data-path-to-node=\"12\">Fiel a su estilo de cercan\u00eda, <b data-path-to-node=\"12\" data-index-in-node=\"30\">Emotiva<\/b> mantiene sus cl\u00e1sicos percheros de ofertas en la vereda para facilitar el acceso a quienes transitan por la zona. Adem\u00e1s de los descuentos por pago contado, el local ofrece financiaci\u00f3n sin inter\u00e9s a trav\u00e9s de convenios con <b data-path-to-node=\"12\" data-index-in-node=\"262\">Banco de La Pampa, Santander, Cr\u00e9dito F\u00e9rtil y Fullcard<\/b>.<\/p>\n<p data-path-to-node=\"13\">El imponente local de dos pisos invita a los clientes a \u00absentir, ver y probar\u00bb cada prenda, garantizando una experiencia de compra personalizada y profesional. Para consultas, los interesados pueden acercarse directamente al local o seguir las novedades diarias en su Instagram: <a href=\"https:\/\/www.instagram.com\/ivanaemotiva\/\"><b data-path-to-node=\"13\" data-index-in-node=\"279\">@ivanaemotiva<\/b><\/a>.<\/p>\n<p data-path-to-node=\"13\"><img loading=\"lazy\" decoding=\"async\" class=\"alignnone size-full wp-image-184074\" src=\"https:\/\/noticiasmercedinas.com\/site\/wp-content\/uploads\/2026\/04\/emotiva05.jpg\" alt=\"\" width=\"640\" height=\"374\" srcset=\"https:\/\/noticiasmercedinas.com\/site\/wp-content\/uploads\/2026\/04\/emotiva05.jpg 640w, https:\/\/noticiasmercedinas.com\/site\/wp-content\/uploads\/2026\/04\/emotiva05-300x175.jpg 300w\" sizes=\"auto, (max-width: 640px) 100vw, 640px\" \/><\/p>\n","protected":false},"excerpt":{"rendered":"<p>La llegada del primer fr\u00edo intenso de la temporada no tom\u00f3 desprevenida a la ciudad, pero s\u00ed encontr\u00f3 una respuesta contundente en el sector comercial. Emotiva, el reconocido local de indumentaria ubicado en calle 23 casi esquina 28, sali\u00f3 a \u00abblandir\u00bb una serie de ofertas dise\u00f1adas para que ninguna familia mercedina sufra las bajas temperaturas. [&hellip;]<\/p>\n","protected":false},"author":16,"featured_media":186015,"comment_status":"closed","ping_status":"closed","sticky":false,"template":"","format":"standard","meta":{"footnotes":""},"categories":[74],"tags":[2925,1356,5508,22139,1353],"class_list":["post-186014","post","type-post","status-publish","format-standard","has-post-thumbnail","hentry","category-emprendimientos","tag-buzos","tag-emotiva","tag-frio","tag-prendas","tag-ropa-interior"],"yoast_head":"<!-- This site is optimized with the Yoast SEO plugin v28.3 - https:\/\/yoast.com\/product\/yoast-seo-wordpress\/ -->\n<title>Frente a la ola de fr\u00edo, &quot;Emotiva&quot; lanza una megadefensa de ofertas y prendas t\u00e9rmicas<\/title>\n<meta name=\"description\" content=\"Con temperaturas en descenso, el local de calle 23 apuesta a la accesibilidad con prendas t\u00e9rmicas desde los $10.000 y una l\u00ednea exclusiva de buzos mundialistas a precios imbatibles.\" \/>\n<meta name=\"robots\" content=\"index, follow, max-snippet:-1, max-image-preview:large, max-video-preview:-1\" \/>\n<link rel=\"canonical\" href=\"https:\/\/noticiasmercedinas.com\/site\/2026\/05\/08\/frente-a-la-ola-de-frio-emotiva-lanza-una-megadefensa-de-ofertas-y-prendas-termicas\/\" \/>\n<meta property=\"og:locale\" content=\"es_ES\" \/>\n<meta property=\"og:type\" content=\"article\" \/>\n<meta property=\"og:title\" content=\"Frente a la ola de fr\u00edo, &quot;Emotiva&quot; lanza una megadefensa de ofertas y prendas t\u00e9rmicas\" \/>\n<meta property=\"og:description\" content=\"Con temperaturas en descenso, el local de calle 23 apuesta a la accesibilidad con prendas t\u00e9rmicas desde los $10.000 y una l\u00ednea exclusiva de buzos mundialistas a precios imbatibles.\" \/>\n<meta property=\"og:url\" content=\"https:\/\/noticiasmercedinas.com\/site\/2026\/05\/08\/frente-a-la-ola-de-frio-emotiva-lanza-una-megadefensa-de-ofertas-y-prendas-termicas\/\" \/>\n<meta property=\"og:site_name\" content=\"NOTICIASMERCEDINAS.COM\" \/>\n<meta property=\"article:publisher\" content=\"https:\/\/www.facebook.com\/noticiasmercedinas\/\" \/>\n<meta property=\"article:published_time\" content=\"2026-05-08T23:24:28+00:00\" \/>\n<meta property=\"article:modified_time\" content=\"2026-05-08T23:26:37+00:00\" \/>\n<meta property=\"og:image\" content=\"https:\/\/noticiasmercedinas.com\/site\/wp-content\/uploads\/2026\/05\/frio1.jpg\" \/>\n\t<meta property=\"og:image:width\" content=\"640\" \/>\n\t<meta property=\"og:image:height\" content=\"427\" \/>\n\t<meta property=\"og:image:type\" content=\"image\/jpeg\" \/>\n<meta name=\"author\" content=\"NOTICIASMERCEDINAS.COM\" \/>\n<meta name=\"twitter:card\" content=\"summary_large_image\" \/>\n<meta name=\"twitter:creator\" content=\"@notmercedinas\" \/>\n<meta name=\"twitter:site\" content=\"@notmercedinas\" \/>\n<meta name=\"twitter:label1\" content=\"Escrito por\" \/>\n\t<meta name=\"twitter:data1\" content=\"NOTICIASMERCEDINAS.COM\" \/>\n\t<meta name=\"twitter:label2\" content=\"Tiempo de lectura\" \/>\n\t<meta name=\"twitter:data2\" content=\"3 minutos\" \/>\n<script type=\"application\/ld+json\" class=\"yoast-schema-graph\">{\"@context\":\"https:\\\/\\\/schema.org\",\"@graph\":[{\"@type\":\"Article\",\"@id\":\"https:\\\/\\\/noticiasmercedinas.com\\\/site\\\/2026\\\/05\\\/08\\\/frente-a-la-ola-de-frio-emotiva-lanza-una-megadefensa-de-ofertas-y-prendas-termicas\\\/#article\",\"isPartOf\":{\"@id\":\"https:\\\/\\\/noticiasmercedinas.com\\\/site\\\/2026\\\/05\\\/08\\\/frente-a-la-ola-de-frio-emotiva-lanza-una-megadefensa-de-ofertas-y-prendas-termicas\\\/\"},\"author\":{\"name\":\"NOTICIASMERCEDINAS.COM\",\"@id\":\"https:\\\/\\\/noticiasmercedinas.com\\\/site\\\/#\\\/schema\\\/person\\\/84b59c099c28ff2e8b77d4ceec5d8063\"},\"headline\":\"Frente a la ola de fr\u00edo, \u00abEmotiva\u00bb lanza una megadefensa de ofertas y prendas t\u00e9rmicas\",\"datePublished\":\"2026-05-08T23:24:28+00:00\",\"dateModified\":\"2026-05-08T23:26:37+00:00\",\"mainEntityOfPage\":{\"@id\":\"https:\\\/\\\/noticiasmercedinas.com\\\/site\\\/2026\\\/05\\\/08\\\/frente-a-la-ola-de-frio-emotiva-lanza-una-megadefensa-de-ofertas-y-prendas-termicas\\\/\"},\"wordCount\":444,\"publisher\":{\"@id\":\"https:\\\/\\\/noticiasmercedinas.com\\\/site\\\/#organization\"},\"image\":{\"@id\":\"https:\\\/\\\/noticiasmercedinas.com\\\/site\\\/2026\\\/05\\\/08\\\/frente-a-la-ola-de-frio-emotiva-lanza-una-megadefensa-de-ofertas-y-prendas-termicas\\\/#primaryimage\"},\"thumbnailUrl\":\"https:\\\/\\\/noticiasmercedinas.com\\\/site\\\/wp-content\\\/uploads\\\/2026\\\/05\\\/frio1.jpg\",\"keywords\":[\"Buzos\",\"emotiva\",\"frio\",\"prendas\",\"ropa interior\"],\"articleSection\":[\"Emprendimientos\"],\"inLanguage\":\"es\"},{\"@type\":\"WebPage\",\"@id\":\"https:\\\/\\\/noticiasmercedinas.com\\\/site\\\/2026\\\/05\\\/08\\\/frente-a-la-ola-de-frio-emotiva-lanza-una-megadefensa-de-ofertas-y-prendas-termicas\\\/\",\"url\":\"https:\\\/\\\/noticiasmercedinas.com\\\/site\\\/2026\\\/05\\\/08\\\/frente-a-la-ola-de-frio-emotiva-lanza-una-megadefensa-de-ofertas-y-prendas-termicas\\\/\",\"name\":\"Frente a la ola de fr\u00edo, \\\"Emotiva\\\" lanza una megadefensa de ofertas y prendas t\u00e9rmicas\",\"isPartOf\":{\"@id\":\"https:\\\/\\\/noticiasmercedinas.com\\\/site\\\/#website\"},\"primaryImageOfPage\":{\"@id\":\"https:\\\/\\\/noticiasmercedinas.com\\\/site\\\/2026\\\/05\\\/08\\\/frente-a-la-ola-de-frio-emotiva-lanza-una-megadefensa-de-ofertas-y-prendas-termicas\\\/#primaryimage\"},\"image\":{\"@id\":\"https:\\\/\\\/noticiasmercedinas.com\\\/site\\\/2026\\\/05\\\/08\\\/frente-a-la-ola-de-frio-emotiva-lanza-una-megadefensa-de-ofertas-y-prendas-termicas\\\/#primaryimage\"},\"thumbnailUrl\":\"https:\\\/\\\/noticiasmercedinas.com\\\/site\\\/wp-content\\\/uploads\\\/2026\\\/05\\\/frio1.jpg\",\"datePublished\":\"2026-05-08T23:24:28+00:00\",\"dateModified\":\"2026-05-08T23:26:37+00:00\",\"description\":\"Con temperaturas en descenso, el local de calle 23 apuesta a la accesibilidad con prendas t\u00e9rmicas desde los $10.000 y una l\u00ednea exclusiva de buzos mundialistas a precios imbatibles.\",\"breadcrumb\":{\"@id\":\"https:\\\/\\\/noticiasmercedinas.com\\\/site\\\/2026\\\/05\\\/08\\\/frente-a-la-ola-de-frio-emotiva-lanza-una-megadefensa-de-ofertas-y-prendas-termicas\\\/#breadcrumb\"},\"inLanguage\":\"es\",\"potentialAction\":[{\"@type\":\"ReadAction\",\"target\":[\"https:\\\/\\\/noticiasmercedinas.com\\\/site\\\/2026\\\/05\\\/08\\\/frente-a-la-ola-de-frio-emotiva-lanza-una-megadefensa-de-ofertas-y-prendas-termicas\\\/\"]}]},{\"@type\":\"ImageObject\",\"inLanguage\":\"es\",\"@id\":\"https:\\\/\\\/noticiasmercedinas.com\\\/site\\\/2026\\\/05\\\/08\\\/frente-a-la-ola-de-frio-emotiva-lanza-una-megadefensa-de-ofertas-y-prendas-termicas\\\/#primaryimage\",\"url\":\"https:\\\/\\\/noticiasmercedinas.com\\\/site\\\/wp-content\\\/uploads\\\/2026\\\/05\\\/frio1.jpg\",\"contentUrl\":\"https:\\\/\\\/noticiasmercedinas.com\\\/site\\\/wp-content\\\/uploads\\\/2026\\\/05\\\/frio1.jpg\",\"width\":640,\"height\":427},{\"@type\":\"BreadcrumbList\",\"@id\":\"https:\\\/\\\/noticiasmercedinas.com\\\/site\\\/2026\\\/05\\\/08\\\/frente-a-la-ola-de-frio-emotiva-lanza-una-megadefensa-de-ofertas-y-prendas-termicas\\\/#breadcrumb\",\"itemListElement\":[{\"@type\":\"ListItem\",\"position\":1,\"name\":\"Portada\",\"item\":\"https:\\\/\\\/noticiasmercedinas.com\\\/site\\\/\"},{\"@type\":\"ListItem\",\"position\":2,\"name\":\"Frente a la ola de fr\u00edo, \u00abEmotiva\u00bb lanza una megadefensa de ofertas y prendas t\u00e9rmicas\"}]},{\"@type\":\"WebSite\",\"@id\":\"https:\\\/\\\/noticiasmercedinas.com\\\/site\\\/#website\",\"url\":\"https:\\\/\\\/noticiasmercedinas.com\\\/site\\\/\",\"name\":\"NOTICIASMERCEDINAS.COM\",\"description\":\"Mercedes, Buenos Aires, Argentina\",\"publisher\":{\"@id\":\"https:\\\/\\\/noticiasmercedinas.com\\\/site\\\/#organization\"},\"potentialAction\":[{\"@type\":\"SearchAction\",\"target\":{\"@type\":\"EntryPoint\",\"urlTemplate\":\"https:\\\/\\\/noticiasmercedinas.com\\\/site\\\/?s={search_term_string}\"},\"query-input\":{\"@type\":\"PropertyValueSpecification\",\"valueRequired\":true,\"valueName\":\"search_term_string\"}}],\"inLanguage\":\"es\"},{\"@type\":\"Organization\",\"@id\":\"https:\\\/\\\/noticiasmercedinas.com\\\/site\\\/#organization\",\"name\":\"NOTICIASMERCEDINAS.COM\",\"url\":\"https:\\\/\\\/noticiasmercedinas.com\\\/site\\\/\",\"logo\":{\"@type\":\"ImageObject\",\"inLanguage\":\"es\",\"@id\":\"https:\\\/\\\/noticiasmercedinas.com\\\/site\\\/#\\\/schema\\\/logo\\\/image\\\/\",\"url\":\"https:\\\/\\\/noticiasmercedinas.com\\\/site\\\/wp-content\\\/uploads\\\/2020\\\/06\\\/LOGO-512.jpg\",\"contentUrl\":\"https:\\\/\\\/noticiasmercedinas.com\\\/site\\\/wp-content\\\/uploads\\\/2020\\\/06\\\/LOGO-512.jpg\",\"width\":512,\"height\":512,\"caption\":\"NOTICIASMERCEDINAS.COM\"},\"image\":{\"@id\":\"https:\\\/\\\/noticiasmercedinas.com\\\/site\\\/#\\\/schema\\\/logo\\\/image\\\/\"},\"sameAs\":[\"https:\\\/\\\/www.facebook.com\\\/noticiasmercedinas\\\/\",\"https:\\\/\\\/x.com\\\/notmercedinas\",\"https:\\\/\\\/www.instagram.com\\\/noticiasmercedinas\\\/\"]},{\"@type\":\"Person\",\"@id\":\"https:\\\/\\\/noticiasmercedinas.com\\\/site\\\/#\\\/schema\\\/person\\\/84b59c099c28ff2e8b77d4ceec5d8063\",\"name\":\"NOTICIASMERCEDINAS.COM\",\"image\":{\"@type\":\"ImageObject\",\"inLanguage\":\"es\",\"@id\":\"https:\\\/\\\/secure.gravatar.com\\\/avatar\\\/4dfbf16b4d17945bfb6341b2d19043457132fcf478a5ee04f42e959fd8f5df0a?s=96&d=mm&r=g\",\"url\":\"https:\\\/\\\/secure.gravatar.com\\\/avatar\\\/4dfbf16b4d17945bfb6341b2d19043457132fcf478a5ee04f42e959fd8f5df0a?s=96&d=mm&r=g\",\"contentUrl\":\"https:\\\/\\\/secure.gravatar.com\\\/avatar\\\/4dfbf16b4d17945bfb6341b2d19043457132fcf478a5ee04f42e959fd8f5df0a?s=96&d=mm&r=g\",\"caption\":\"NOTICIASMERCEDINAS.COM\"},\"url\":\"https:\\\/\\\/noticiasmercedinas.com\\\/site\\\/author\\\/anonimo\\\/\"}]}<\/script>\n<!-- \/ Yoast SEO plugin. -->","yoast_head_json":{"title":"Frente a la ola de fr\u00edo, \"Emotiva\" lanza una megadefensa de ofertas y prendas t\u00e9rmicas","description":"Con temperaturas en descenso, el local de calle 23 apuesta a la accesibilidad con prendas t\u00e9rmicas desde los $10.000 y una l\u00ednea exclusiva de buzos mundialistas a precios imbatibles.","robots":{"index":"index","follow":"follow","max-snippet":"max-snippet:-1","max-image-preview":"max-image-preview:large","max-video-preview":"max-video-preview:-1"},"canonical":"https:\/\/noticiasmercedinas.com\/site\/2026\/05\/08\/frente-a-la-ola-de-frio-emotiva-lanza-una-megadefensa-de-ofertas-y-prendas-termicas\/","og_locale":"es_ES","og_type":"article","og_title":"Frente a la ola de fr\u00edo, \"Emotiva\" lanza una megadefensa de ofertas y prendas t\u00e9rmicas","og_description":"Con temperaturas en descenso, el local de calle 23 apuesta a la accesibilidad con prendas t\u00e9rmicas desde los $10.000 y una l\u00ednea exclusiva de buzos mundialistas a precios imbatibles.","og_url":"https:\/\/noticiasmercedinas.com\/site\/2026\/05\/08\/frente-a-la-ola-de-frio-emotiva-lanza-una-megadefensa-de-ofertas-y-prendas-termicas\/","og_site_name":"NOTICIASMERCEDINAS.COM","article_publisher":"https:\/\/www.facebook.com\/noticiasmercedinas\/","article_published_time":"2026-05-08T23:24:28+00:00","article_modified_time":"2026-05-08T23:26:37+00:00","og_image":[{"width":640,"height":427,"url":"https:\/\/noticiasmercedinas.com\/site\/wp-content\/uploads\/2026\/05\/frio1.jpg","type":"image\/jpeg"}],"author":"NOTICIASMERCEDINAS.COM","twitter_card":"summary_large_image","twitter_creator":"@notmercedinas","twitter_site":"@notmercedinas","twitter_misc":{"Escrito por":"NOTICIASMERCEDINAS.COM","Tiempo de lectura":"3 minutos"},"schema":{"@context":"https:\/\/schema.org","@graph":[{"@type":"Article","@id":"https:\/\/noticiasmercedinas.com\/site\/2026\/05\/08\/frente-a-la-ola-de-frio-emotiva-lanza-una-megadefensa-de-ofertas-y-prendas-termicas\/#article","isPartOf":{"@id":"https:\/\/noticiasmercedinas.com\/site\/2026\/05\/08\/frente-a-la-ola-de-frio-emotiva-lanza-una-megadefensa-de-ofertas-y-prendas-termicas\/"},"author":{"name":"NOTICIASMERCEDINAS.COM","@id":"https:\/\/noticiasmercedinas.com\/site\/#\/schema\/person\/84b59c099c28ff2e8b77d4ceec5d8063"},"headline":"Frente a la ola de fr\u00edo, \u00abEmotiva\u00bb lanza una megadefensa de ofertas y prendas t\u00e9rmicas","datePublished":"2026-05-08T23:24:28+00:00","dateModified":"2026-05-08T23:26:37+00:00","mainEntityOfPage":{"@id":"https:\/\/noticiasmercedinas.com\/site\/2026\/05\/08\/frente-a-la-ola-de-frio-emotiva-lanza-una-megadefensa-de-ofertas-y-prendas-termicas\/"},"wordCount":444,"publisher":{"@id":"https:\/\/noticiasmercedinas.com\/site\/#organization"},"image":{"@id":"https:\/\/noticiasmercedinas.com\/site\/2026\/05\/08\/frente-a-la-ola-de-frio-emotiva-lanza-una-megadefensa-de-ofertas-y-prendas-termicas\/#primaryimage"},"thumbnailUrl":"https:\/\/noticiasmercedinas.com\/site\/wp-content\/uploads\/2026\/05\/frio1.jpg","keywords":["Buzos","emotiva","frio","prendas","ropa interior"],"articleSection":["Emprendimientos"],"inLanguage":"es"},{"@type":"WebPage","@id":"https:\/\/noticiasmercedinas.com\/site\/2026\/05\/08\/frente-a-la-ola-de-frio-emotiva-lanza-una-megadefensa-de-ofertas-y-prendas-termicas\/","url":"https:\/\/noticiasmercedinas.com\/site\/2026\/05\/08\/frente-a-la-ola-de-frio-emotiva-lanza-una-megadefensa-de-ofertas-y-prendas-termicas\/","name":"Frente a la ola de fr\u00edo, \"Emotiva\" lanza una megadefensa de ofertas y prendas t\u00e9rmicas","isPartOf":{"@id":"https:\/\/noticiasmercedinas.com\/site\/#website"},"primaryImageOfPage":{"@id":"https:\/\/noticiasmercedinas.com\/site\/2026\/05\/08\/frente-a-la-ola-de-frio-emotiva-lanza-una-megadefensa-de-ofertas-y-prendas-termicas\/#primaryimage"},"image":{"@id":"https:\/\/noticiasmercedinas.com\/site\/2026\/05\/08\/frente-a-la-ola-de-frio-emotiva-lanza-una-megadefensa-de-ofertas-y-prendas-termicas\/#primaryimage"},"thumbnailUrl":"https:\/\/noticiasmercedinas.com\/site\/wp-content\/uploads\/2026\/05\/frio1.jpg","datePublished":"2026-05-08T23:24:28+00:00","dateModified":"2026-05-08T23:26:37+00:00","description":"Con temperaturas en descenso, el local de calle 23 apuesta a la accesibilidad con prendas t\u00e9rmicas desde los $10.000 y una l\u00ednea exclusiva de buzos mundialistas a precios imbatibles.","breadcrumb":{"@id":"https:\/\/noticiasmercedinas.com\/site\/2026\/05\/08\/frente-a-la-ola-de-frio-emotiva-lanza-una-megadefensa-de-ofertas-y-prendas-termicas\/#breadcrumb"},"inLanguage":"es","potentialAction":[{"@type":"ReadAction","target":["https:\/\/noticiasmercedinas.com\/site\/2026\/05\/08\/frente-a-la-ola-de-frio-emotiva-lanza-una-megadefensa-de-ofertas-y-prendas-termicas\/"]}]},{"@type":"ImageObject","inLanguage":"es","@id":"https:\/\/noticiasmercedinas.com\/site\/2026\/05\/08\/frente-a-la-ola-de-frio-emotiva-lanza-una-megadefensa-de-ofertas-y-prendas-termicas\/#primaryimage","url":"https:\/\/noticiasmercedinas.com\/site\/wp-content\/uploads\/2026\/05\/frio1.jpg","contentUrl":"https:\/\/noticiasmercedinas.com\/site\/wp-content\/uploads\/2026\/05\/frio1.jpg","width":640,"height":427},{"@type":"BreadcrumbList","@id":"https:\/\/noticiasmercedinas.com\/site\/2026\/05\/08\/frente-a-la-ola-de-frio-emotiva-lanza-una-megadefensa-de-ofertas-y-prendas-termicas\/#breadcrumb","itemListElement":[{"@type":"ListItem","position":1,"name":"Portada","item":"https:\/\/noticiasmercedinas.com\/site\/"},{"@type":"ListItem","position":2,"name":"Frente a la ola de fr\u00edo, \u00abEmotiva\u00bb lanza una megadefensa de ofertas y prendas t\u00e9rmicas"}]},{"@type":"WebSite","@id":"https:\/\/noticiasmercedinas.com\/site\/#website","url":"https:\/\/noticiasmercedinas.com\/site\/","name":"NOTICIASMERCEDINAS.COM","description":"Mercedes, Buenos Aires, Argentina","publisher":{"@id":"https:\/\/noticiasmercedinas.com\/site\/#organization"},"potentialAction":[{"@type":"SearchAction","target":{"@type":"EntryPoint","urlTemplate":"https:\/\/noticiasmercedinas.com\/site\/?s={search_term_string}"},"query-input":{"@type":"PropertyValueSpecification","valueRequired":true,"valueName":"search_term_string"}}],"inLanguage":"es"},{"@type":"Organization","@id":"https:\/\/noticiasmercedinas.com\/site\/#organization","name":"NOTICIASMERCEDINAS.COM","url":"https:\/\/noticiasmercedinas.com\/site\/","logo":{"@type":"ImageObject","inLanguage":"es","@id":"https:\/\/noticiasmercedinas.com\/site\/#\/schema\/logo\/image\/","url":"https:\/\/noticiasmercedinas.com\/site\/wp-content\/uploads\/2020\/06\/LOGO-512.jpg","contentUrl":"https:\/\/noticiasmercedinas.com\/site\/wp-content\/uploads\/2020\/06\/LOGO-512.jpg","width":512,"height":512,"caption":"NOTICIASMERCEDINAS.COM"},"image":{"@id":"https:\/\/noticiasmercedinas.com\/site\/#\/schema\/logo\/image\/"},"sameAs":["https:\/\/www.facebook.com\/noticiasmercedinas\/","https:\/\/x.com\/notmercedinas","https:\/\/www.instagram.com\/noticiasmercedinas\/"]},{"@type":"Person","@id":"https:\/\/noticiasmercedinas.com\/site\/#\/schema\/person\/84b59c099c28ff2e8b77d4ceec5d8063","name":"NOTICIASMERCEDINAS.COM","image":{"@type":"ImageObject","inLanguage":"es","@id":"https:\/\/secure.gravatar.com\/avatar\/4dfbf16b4d17945bfb6341b2d19043457132fcf478a5ee04f42e959fd8f5df0a?s=96&d=mm&r=g","url":"https:\/\/secure.gravatar.com\/avatar\/4dfbf16b4d17945bfb6341b2d19043457132fcf478a5ee04f42e959fd8f5df0a?s=96&d=mm&r=g","contentUrl":"https:\/\/secure.gravatar.com\/avatar\/4dfbf16b4d17945bfb6341b2d19043457132fcf478a5ee04f42e959fd8f5df0a?s=96&d=mm&r=g","caption":"NOTICIASMERCEDINAS.COM"},"url":"https:\/\/noticiasmercedinas.com\/site\/author\/anonimo\/"}]}},"amp_enabled":true,"_links":{"self":[{"href":"https:\/\/noticiasmercedinas.com\/site\/wp-json\/wp\/v2\/posts\/186014","targetHints":{"allow":["GET"]}}],"collection":[{"href":"https:\/\/noticiasmercedinas.com\/site\/wp-json\/wp\/v2\/posts"}],"about":[{"href":"https:\/\/noticiasmercedinas.com\/site\/wp-json\/wp\/v2\/types\/post"}],"author":[{"embeddable":true,"href":"https:\/\/noticiasmercedinas.com\/site\/wp-json\/wp\/v2\/users\/16"}],"replies":[{"embeddable":true,"href":"https:\/\/noticiasmercedinas.com\/site\/wp-json\/wp\/v2\/comments?post=186014"}],"version-history":[{"count":1,"href":"https:\/\/noticiasmercedinas.com\/site\/wp-json\/wp\/v2\/posts\/186014\/revisions"}],"predecessor-version":[{"id":186016,"href":"https:\/\/noticiasmercedinas.com\/site\/wp-json\/wp\/v2\/posts\/186014\/revisions\/186016"}],"wp:featuredmedia":[{"embeddable":true,"href":"https:\/\/noticiasmercedinas.com\/site\/wp-json\/wp\/v2\/media\/186015"}],"wp:attachment":[{"href":"https:\/\/noticiasmercedinas.com\/site\/wp-json\/wp\/v2\/media?parent=186014"}],"wp:term":[{"taxonomy":"category","embeddable":true,"href":"https:\/\/noticiasmercedinas.com\/site\/wp-json\/wp\/v2\/categories?post=186014"},{"taxonomy":"post_tag","embeddable":true,"href":"https:\/\/noticiasmercedinas.com\/site\/wp-json\/wp\/v2\/tags?post=186014"}],"curies":[{"name":"wp","href":"https:\/\/api.w.org\/{rel}","templated":true}]}}