{"id":186462,"date":"2026-05-14T12:35:20","date_gmt":"2026-05-14T15:35:20","guid":{"rendered":"https:\/\/noticiasmercedinas.com\/site\/?p=186462"},"modified":"2026-05-14T12:35:20","modified_gmt":"2026-05-14T15:35:20","slug":"con-un-mural-de-20-metros-y-renovacion-estetica-coco-pane-celebra-su-transformacion","status":"publish","type":"post","link":"https:\/\/noticiasmercedinas.com\/site\/2026\/05\/14\/con-un-mural-de-20-metros-y-renovacion-estetica-coco-pane-celebra-su-transformacion\/","title":{"rendered":"Con un mural de 20 metros y renovaci\u00f3n est\u00e9tica, Coco Pan\u00e9 celebra su transformaci\u00f3n"},"content":{"rendered":"<p dir=\"ltr\"><img loading=\"lazy\" decoding=\"async\" class=\"alignnone size-full wp-image-186471\" src=\"https:\/\/noticiasmercedinas.com\/site\/wp-content\/uploads\/2026\/05\/IMG_20260514_123226.jpg\" alt=\"\" width=\"708\" height=\"395\" srcset=\"https:\/\/noticiasmercedinas.com\/site\/wp-content\/uploads\/2026\/05\/IMG_20260514_123226.jpg 708w, https:\/\/noticiasmercedinas.com\/site\/wp-content\/uploads\/2026\/05\/IMG_20260514_123226-300x167.jpg 300w, https:\/\/noticiasmercedinas.com\/site\/wp-content\/uploads\/2026\/05\/IMG_20260514_123226-640x357.jpg 640w, https:\/\/noticiasmercedinas.com\/site\/wp-content\/uploads\/2026\/05\/IMG_20260514_123226-681x380.jpg 681w\" sizes=\"auto, (max-width: 708px) 100vw, 708px\" \/><\/p>\n<p dir=\"ltr\"><b>Coco Pan\u00e9<\/b>, el espacio gastron\u00f3mico que se ha consolidado como un referente en la ciudad durante los \u00faltimos siete a\u00f1os, presenta esta tarde la renovaci\u00f3n integral de su sucursal en Mercedes.<\/p>\n<p dir=\"ltr\">Con el objetivo de modernizar la experiencia de sus clientes, la firma \u2014que tambi\u00e9n cuenta con sedes en Bragado y Azul\u2014 inaugura una serie de reformas estructurales y est\u00e9ticas que incluyen una imponente intervenci\u00f3n art\u00edstica urbana.<\/p>\n<blockquote>\n<p dir=\"ltr\">La puesta en valor incluye una obra del reconocido artista Tano Ver\u00f3n, nuevas comodidades y una apuesta por la sustentabilidad. Este jueves a las 17:00 habr\u00e1 un evento con DJ en vivo.<\/p>\n<\/blockquote>\n<p dir=\"ltr\">\u200bEl eje central de esta transformaci\u00f3n es un <b>mural de m\u00e1s de 20 metros<\/b> de extensi\u00f3n sobre motivos de naturaleza, realizado por el prestigioso artista <b>Tano Ver\u00f3n<\/b>. La obra aporta una nueva identidad visual al sector, complement\u00e1ndose con la renovaci\u00f3n total del mobiliario en exteriores, vajilla de estreno y un moderno sistema de luminarias de pared que jerarquiza el ambiente.<\/p>\n<h3 dir=\"ltr\">\u200bEvento y propuestas<\/h3>\n<p dir=\"ltr\">\u200bPara celebrar estas actualizaciones, el local ubicado en <b>calle 27 n\u00famero 471<\/b> llevar\u00e1 adelante un evento especial hoy <b>jueves a partir de las 17:00 horas<\/b>, el cual contar\u00e1 con la musicalizaci\u00f3n de un <b>DJ en vivo<\/b>.<\/p>\n<p dir=\"ltr\">\u200bEn lo que respecta a la oferta gastron\u00f3mica, el establecimiento mantiene su sello de producci\u00f3n propia con elaboraci\u00f3n diaria de tortas frescas y alfajores. La carta abarca desde cafeter\u00eda de especialidad hasta opciones de desayunos, meriendas y brunchs, con alternativas dise\u00f1adas especialmente para el p\u00fablico <b>vegano<\/b>.<\/p>\n<h3 dir=\"ltr\">\u200bSustentabilidad y beneficios<\/h3>\n<p dir=\"ltr\">\u200bComo parte de su compromiso ambiental, Coco Pan\u00e9 incorpora una innovadora l\u00ednea de <b>vasos reutilizables<\/b>. Esta iniciativa no solo busca reducir el impacto ecol\u00f3gico, sino que ofrece un beneficio directo al consumidor: quienes utilicen el vaso t\u00e9rmico de la marca acceder\u00e1n a un <b>descuento permanente del 20%<\/b> en sus consumos de caf\u00e9.<\/p>\n<p dir=\"ltr\">\u200bEl local mantiene sus puertas abiertas de lunes a domingo, en el horario de <b>07:00 a 21:00<\/b>, y dispone de una l\u00ednea directa de atenci\u00f3n v\u00eda WhatsApp al <b>2324-676242<\/b><\/p>\n","protected":false},"excerpt":{"rendered":"<p>Coco Pan\u00e9, el espacio gastron\u00f3mico que se ha consolidado como un referente en la ciudad durante los \u00faltimos siete a\u00f1os, presenta esta tarde la renovaci\u00f3n integral de su sucursal en Mercedes. Con el objetivo de modernizar la experiencia de sus clientes, la firma \u2014que tambi\u00e9n cuenta con sedes en Bragado y Azul\u2014 inaugura una serie [&hellip;]<\/p>\n","protected":false},"author":16,"featured_media":186471,"comment_status":"closed","ping_status":"closed","sticky":false,"template":"","format":"standard","meta":{"footnotes":""},"categories":[74],"tags":[3220,8398,1376,261,3216],"class_list":["post-186462","post","type-post","status-publish","format-standard","has-post-thumbnail","hentry","category-emprendimientos","tag-cafeteria","tag-coco-pane","tag-ofertas","tag-tano-veron","tag-tortas"],"yoast_head":"<!-- This site is optimized with the Yoast SEO plugin v28.3 - https:\/\/yoast.com\/product\/yoast-seo-wordpress\/ -->\n<title>Con un mural de 20 metros y renovaci\u00f3n est\u00e9tica, Coco Pan\u00e9 celebra su transformaci\u00f3n<\/title>\n<meta name=\"description\" content=\"La puesta en valor incluye una obra del reconocido artista Tano Ver\u00f3n, nuevas comodidades y una apuesta por la sustentabilidad. Este jueves a las 17:00 habr\u00e1 un evento con DJ en vivo.\" \/>\n<meta name=\"robots\" content=\"index, follow, max-snippet:-1, max-image-preview:large, max-video-preview:-1\" \/>\n<link rel=\"canonical\" href=\"https:\/\/noticiasmercedinas.com\/site\/2026\/05\/14\/con-un-mural-de-20-metros-y-renovacion-estetica-coco-pane-celebra-su-transformacion\/\" \/>\n<meta property=\"og:locale\" content=\"es_ES\" \/>\n<meta property=\"og:type\" content=\"article\" \/>\n<meta property=\"og:title\" content=\"Con un mural de 20 metros y renovaci\u00f3n est\u00e9tica, Coco Pan\u00e9 celebra su transformaci\u00f3n\" \/>\n<meta property=\"og:description\" content=\"La puesta en valor incluye una obra del reconocido artista Tano Ver\u00f3n, nuevas comodidades y una apuesta por la sustentabilidad. Este jueves a las 17:00 habr\u00e1 un evento con DJ en vivo.\" \/>\n<meta property=\"og:url\" content=\"https:\/\/noticiasmercedinas.com\/site\/2026\/05\/14\/con-un-mural-de-20-metros-y-renovacion-estetica-coco-pane-celebra-su-transformacion\/\" \/>\n<meta property=\"og:site_name\" content=\"NOTICIASMERCEDINAS.COM\" \/>\n<meta property=\"article:publisher\" content=\"https:\/\/www.facebook.com\/noticiasmercedinas\/\" \/>\n<meta property=\"article:published_time\" content=\"2026-05-14T15:35:20+00:00\" \/>\n<meta property=\"og:image\" content=\"https:\/\/noticiasmercedinas.com\/site\/wp-content\/uploads\/2026\/05\/IMG_20260514_123226.jpg\" \/>\n\t<meta property=\"og:image:width\" content=\"708\" \/>\n\t<meta property=\"og:image:height\" content=\"395\" \/>\n\t<meta property=\"og:image:type\" content=\"image\/jpeg\" \/>\n<meta name=\"author\" content=\"NOTICIASMERCEDINAS.COM\" \/>\n<meta name=\"twitter:card\" content=\"summary_large_image\" \/>\n<meta name=\"twitter:creator\" content=\"@notmercedinas\" \/>\n<meta name=\"twitter:site\" content=\"@notmercedinas\" \/>\n<meta name=\"twitter:label1\" content=\"Escrito por\" \/>\n\t<meta name=\"twitter:data1\" content=\"NOTICIASMERCEDINAS.COM\" \/>\n\t<meta name=\"twitter:label2\" content=\"Tiempo de lectura\" \/>\n\t<meta name=\"twitter:data2\" content=\"2 minutos\" \/>\n<script type=\"application\/ld+json\" class=\"yoast-schema-graph\">{\"@context\":\"https:\\\/\\\/schema.org\",\"@graph\":[{\"@type\":\"Article\",\"@id\":\"https:\\\/\\\/noticiasmercedinas.com\\\/site\\\/2026\\\/05\\\/14\\\/con-un-mural-de-20-metros-y-renovacion-estetica-coco-pane-celebra-su-transformacion\\\/#article\",\"isPartOf\":{\"@id\":\"https:\\\/\\\/noticiasmercedinas.com\\\/site\\\/2026\\\/05\\\/14\\\/con-un-mural-de-20-metros-y-renovacion-estetica-coco-pane-celebra-su-transformacion\\\/\"},\"author\":{\"name\":\"NOTICIASMERCEDINAS.COM\",\"@id\":\"https:\\\/\\\/noticiasmercedinas.com\\\/site\\\/#\\\/schema\\\/person\\\/84b59c099c28ff2e8b77d4ceec5d8063\"},\"headline\":\"Con un mural de 20 metros y renovaci\u00f3n est\u00e9tica, Coco Pan\u00e9 celebra su transformaci\u00f3n\",\"datePublished\":\"2026-05-14T15:35:20+00:00\",\"mainEntityOfPage\":{\"@id\":\"https:\\\/\\\/noticiasmercedinas.com\\\/site\\\/2026\\\/05\\\/14\\\/con-un-mural-de-20-metros-y-renovacion-estetica-coco-pane-celebra-su-transformacion\\\/\"},\"wordCount\":365,\"publisher\":{\"@id\":\"https:\\\/\\\/noticiasmercedinas.com\\\/site\\\/#organization\"},\"image\":{\"@id\":\"https:\\\/\\\/noticiasmercedinas.com\\\/site\\\/2026\\\/05\\\/14\\\/con-un-mural-de-20-metros-y-renovacion-estetica-coco-pane-celebra-su-transformacion\\\/#primaryimage\"},\"thumbnailUrl\":\"https:\\\/\\\/noticiasmercedinas.com\\\/site\\\/wp-content\\\/uploads\\\/2026\\\/05\\\/IMG_20260514_123226.jpg\",\"keywords\":[\"cafeteria\",\"Coc\u00f3 Pan\u00e9\",\"ofertas\",\"tano veron\",\"tortas\"],\"articleSection\":[\"Emprendimientos\"],\"inLanguage\":\"es\"},{\"@type\":\"WebPage\",\"@id\":\"https:\\\/\\\/noticiasmercedinas.com\\\/site\\\/2026\\\/05\\\/14\\\/con-un-mural-de-20-metros-y-renovacion-estetica-coco-pane-celebra-su-transformacion\\\/\",\"url\":\"https:\\\/\\\/noticiasmercedinas.com\\\/site\\\/2026\\\/05\\\/14\\\/con-un-mural-de-20-metros-y-renovacion-estetica-coco-pane-celebra-su-transformacion\\\/\",\"name\":\"Con un mural de 20 metros y renovaci\u00f3n est\u00e9tica, Coco Pan\u00e9 celebra su transformaci\u00f3n\",\"isPartOf\":{\"@id\":\"https:\\\/\\\/noticiasmercedinas.com\\\/site\\\/#website\"},\"primaryImageOfPage\":{\"@id\":\"https:\\\/\\\/noticiasmercedinas.com\\\/site\\\/2026\\\/05\\\/14\\\/con-un-mural-de-20-metros-y-renovacion-estetica-coco-pane-celebra-su-transformacion\\\/#primaryimage\"},\"image\":{\"@id\":\"https:\\\/\\\/noticiasmercedinas.com\\\/site\\\/2026\\\/05\\\/14\\\/con-un-mural-de-20-metros-y-renovacion-estetica-coco-pane-celebra-su-transformacion\\\/#primaryimage\"},\"thumbnailUrl\":\"https:\\\/\\\/noticiasmercedinas.com\\\/site\\\/wp-content\\\/uploads\\\/2026\\\/05\\\/IMG_20260514_123226.jpg\",\"datePublished\":\"2026-05-14T15:35:20+00:00\",\"description\":\"La puesta en valor incluye una obra del reconocido artista Tano Ver\u00f3n, nuevas comodidades y una apuesta por la sustentabilidad. Este jueves a las 17:00 habr\u00e1 un evento con DJ en vivo.\",\"breadcrumb\":{\"@id\":\"https:\\\/\\\/noticiasmercedinas.com\\\/site\\\/2026\\\/05\\\/14\\\/con-un-mural-de-20-metros-y-renovacion-estetica-coco-pane-celebra-su-transformacion\\\/#breadcrumb\"},\"inLanguage\":\"es\",\"potentialAction\":[{\"@type\":\"ReadAction\",\"target\":[\"https:\\\/\\\/noticiasmercedinas.com\\\/site\\\/2026\\\/05\\\/14\\\/con-un-mural-de-20-metros-y-renovacion-estetica-coco-pane-celebra-su-transformacion\\\/\"]}]},{\"@type\":\"ImageObject\",\"inLanguage\":\"es\",\"@id\":\"https:\\\/\\\/noticiasmercedinas.com\\\/site\\\/2026\\\/05\\\/14\\\/con-un-mural-de-20-metros-y-renovacion-estetica-coco-pane-celebra-su-transformacion\\\/#primaryimage\",\"url\":\"https:\\\/\\\/noticiasmercedinas.com\\\/site\\\/wp-content\\\/uploads\\\/2026\\\/05\\\/IMG_20260514_123226.jpg\",\"contentUrl\":\"https:\\\/\\\/noticiasmercedinas.com\\\/site\\\/wp-content\\\/uploads\\\/2026\\\/05\\\/IMG_20260514_123226.jpg\",\"width\":708,\"height\":395},{\"@type\":\"BreadcrumbList\",\"@id\":\"https:\\\/\\\/noticiasmercedinas.com\\\/site\\\/2026\\\/05\\\/14\\\/con-un-mural-de-20-metros-y-renovacion-estetica-coco-pane-celebra-su-transformacion\\\/#breadcrumb\",\"itemListElement\":[{\"@type\":\"ListItem\",\"position\":1,\"name\":\"Portada\",\"item\":\"https:\\\/\\\/noticiasmercedinas.com\\\/site\\\/\"},{\"@type\":\"ListItem\",\"position\":2,\"name\":\"Con un mural de 20 metros y renovaci\u00f3n est\u00e9tica, Coco Pan\u00e9 celebra su transformaci\u00f3n\"}]},{\"@type\":\"WebSite\",\"@id\":\"https:\\\/\\\/noticiasmercedinas.com\\\/site\\\/#website\",\"url\":\"https:\\\/\\\/noticiasmercedinas.com\\\/site\\\/\",\"name\":\"NOTICIASMERCEDINAS.COM\",\"description\":\"Mercedes, Buenos Aires, Argentina\",\"publisher\":{\"@id\":\"https:\\\/\\\/noticiasmercedinas.com\\\/site\\\/#organization\"},\"potentialAction\":[{\"@type\":\"SearchAction\",\"target\":{\"@type\":\"EntryPoint\",\"urlTemplate\":\"https:\\\/\\\/noticiasmercedinas.com\\\/site\\\/?s={search_term_string}\"},\"query-input\":{\"@type\":\"PropertyValueSpecification\",\"valueRequired\":true,\"valueName\":\"search_term_string\"}}],\"inLanguage\":\"es\"},{\"@type\":\"Organization\",\"@id\":\"https:\\\/\\\/noticiasmercedinas.com\\\/site\\\/#organization\",\"name\":\"NOTICIASMERCEDINAS.COM\",\"url\":\"https:\\\/\\\/noticiasmercedinas.com\\\/site\\\/\",\"logo\":{\"@type\":\"ImageObject\",\"inLanguage\":\"es\",\"@id\":\"https:\\\/\\\/noticiasmercedinas.com\\\/site\\\/#\\\/schema\\\/logo\\\/image\\\/\",\"url\":\"https:\\\/\\\/noticiasmercedinas.com\\\/site\\\/wp-content\\\/uploads\\\/2020\\\/06\\\/LOGO-512.jpg\",\"contentUrl\":\"https:\\\/\\\/noticiasmercedinas.com\\\/site\\\/wp-content\\\/uploads\\\/2020\\\/06\\\/LOGO-512.jpg\",\"width\":512,\"height\":512,\"caption\":\"NOTICIASMERCEDINAS.COM\"},\"image\":{\"@id\":\"https:\\\/\\\/noticiasmercedinas.com\\\/site\\\/#\\\/schema\\\/logo\\\/image\\\/\"},\"sameAs\":[\"https:\\\/\\\/www.facebook.com\\\/noticiasmercedinas\\\/\",\"https:\\\/\\\/x.com\\\/notmercedinas\",\"https:\\\/\\\/www.instagram.com\\\/noticiasmercedinas\\\/\"]},{\"@type\":\"Person\",\"@id\":\"https:\\\/\\\/noticiasmercedinas.com\\\/site\\\/#\\\/schema\\\/person\\\/84b59c099c28ff2e8b77d4ceec5d8063\",\"name\":\"NOTICIASMERCEDINAS.COM\",\"image\":{\"@type\":\"ImageObject\",\"inLanguage\":\"es\",\"@id\":\"https:\\\/\\\/secure.gravatar.com\\\/avatar\\\/4dfbf16b4d17945bfb6341b2d19043457132fcf478a5ee04f42e959fd8f5df0a?s=96&d=mm&r=g\",\"url\":\"https:\\\/\\\/secure.gravatar.com\\\/avatar\\\/4dfbf16b4d17945bfb6341b2d19043457132fcf478a5ee04f42e959fd8f5df0a?s=96&d=mm&r=g\",\"contentUrl\":\"https:\\\/\\\/secure.gravatar.com\\\/avatar\\\/4dfbf16b4d17945bfb6341b2d19043457132fcf478a5ee04f42e959fd8f5df0a?s=96&d=mm&r=g\",\"caption\":\"NOTICIASMERCEDINAS.COM\"},\"url\":\"https:\\\/\\\/noticiasmercedinas.com\\\/site\\\/author\\\/anonimo\\\/\"}]}<\/script>\n<!-- \/ Yoast SEO plugin. -->","yoast_head_json":{"title":"Con un mural de 20 metros y renovaci\u00f3n est\u00e9tica, Coco Pan\u00e9 celebra su transformaci\u00f3n","description":"La puesta en valor incluye una obra del reconocido artista Tano Ver\u00f3n, nuevas comodidades y una apuesta por la sustentabilidad. Este jueves a las 17:00 habr\u00e1 un evento con DJ en vivo.","robots":{"index":"index","follow":"follow","max-snippet":"max-snippet:-1","max-image-preview":"max-image-preview:large","max-video-preview":"max-video-preview:-1"},"canonical":"https:\/\/noticiasmercedinas.com\/site\/2026\/05\/14\/con-un-mural-de-20-metros-y-renovacion-estetica-coco-pane-celebra-su-transformacion\/","og_locale":"es_ES","og_type":"article","og_title":"Con un mural de 20 metros y renovaci\u00f3n est\u00e9tica, Coco Pan\u00e9 celebra su transformaci\u00f3n","og_description":"La puesta en valor incluye una obra del reconocido artista Tano Ver\u00f3n, nuevas comodidades y una apuesta por la sustentabilidad. Este jueves a las 17:00 habr\u00e1 un evento con DJ en vivo.","og_url":"https:\/\/noticiasmercedinas.com\/site\/2026\/05\/14\/con-un-mural-de-20-metros-y-renovacion-estetica-coco-pane-celebra-su-transformacion\/","og_site_name":"NOTICIASMERCEDINAS.COM","article_publisher":"https:\/\/www.facebook.com\/noticiasmercedinas\/","article_published_time":"2026-05-14T15:35:20+00:00","og_image":[{"width":708,"height":395,"url":"https:\/\/noticiasmercedinas.com\/site\/wp-content\/uploads\/2026\/05\/IMG_20260514_123226.jpg","type":"image\/jpeg"}],"author":"NOTICIASMERCEDINAS.COM","twitter_card":"summary_large_image","twitter_creator":"@notmercedinas","twitter_site":"@notmercedinas","twitter_misc":{"Escrito por":"NOTICIASMERCEDINAS.COM","Tiempo de lectura":"2 minutos"},"schema":{"@context":"https:\/\/schema.org","@graph":[{"@type":"Article","@id":"https:\/\/noticiasmercedinas.com\/site\/2026\/05\/14\/con-un-mural-de-20-metros-y-renovacion-estetica-coco-pane-celebra-su-transformacion\/#article","isPartOf":{"@id":"https:\/\/noticiasmercedinas.com\/site\/2026\/05\/14\/con-un-mural-de-20-metros-y-renovacion-estetica-coco-pane-celebra-su-transformacion\/"},"author":{"name":"NOTICIASMERCEDINAS.COM","@id":"https:\/\/noticiasmercedinas.com\/site\/#\/schema\/person\/84b59c099c28ff2e8b77d4ceec5d8063"},"headline":"Con un mural de 20 metros y renovaci\u00f3n est\u00e9tica, Coco Pan\u00e9 celebra su transformaci\u00f3n","datePublished":"2026-05-14T15:35:20+00:00","mainEntityOfPage":{"@id":"https:\/\/noticiasmercedinas.com\/site\/2026\/05\/14\/con-un-mural-de-20-metros-y-renovacion-estetica-coco-pane-celebra-su-transformacion\/"},"wordCount":365,"publisher":{"@id":"https:\/\/noticiasmercedinas.com\/site\/#organization"},"image":{"@id":"https:\/\/noticiasmercedinas.com\/site\/2026\/05\/14\/con-un-mural-de-20-metros-y-renovacion-estetica-coco-pane-celebra-su-transformacion\/#primaryimage"},"thumbnailUrl":"https:\/\/noticiasmercedinas.com\/site\/wp-content\/uploads\/2026\/05\/IMG_20260514_123226.jpg","keywords":["cafeteria","Coc\u00f3 Pan\u00e9","ofertas","tano veron","tortas"],"articleSection":["Emprendimientos"],"inLanguage":"es"},{"@type":"WebPage","@id":"https:\/\/noticiasmercedinas.com\/site\/2026\/05\/14\/con-un-mural-de-20-metros-y-renovacion-estetica-coco-pane-celebra-su-transformacion\/","url":"https:\/\/noticiasmercedinas.com\/site\/2026\/05\/14\/con-un-mural-de-20-metros-y-renovacion-estetica-coco-pane-celebra-su-transformacion\/","name":"Con un mural de 20 metros y renovaci\u00f3n est\u00e9tica, Coco Pan\u00e9 celebra su transformaci\u00f3n","isPartOf":{"@id":"https:\/\/noticiasmercedinas.com\/site\/#website"},"primaryImageOfPage":{"@id":"https:\/\/noticiasmercedinas.com\/site\/2026\/05\/14\/con-un-mural-de-20-metros-y-renovacion-estetica-coco-pane-celebra-su-transformacion\/#primaryimage"},"image":{"@id":"https:\/\/noticiasmercedinas.com\/site\/2026\/05\/14\/con-un-mural-de-20-metros-y-renovacion-estetica-coco-pane-celebra-su-transformacion\/#primaryimage"},"thumbnailUrl":"https:\/\/noticiasmercedinas.com\/site\/wp-content\/uploads\/2026\/05\/IMG_20260514_123226.jpg","datePublished":"2026-05-14T15:35:20+00:00","description":"La puesta en valor incluye una obra del reconocido artista Tano Ver\u00f3n, nuevas comodidades y una apuesta por la sustentabilidad. Este jueves a las 17:00 habr\u00e1 un evento con DJ en vivo.","breadcrumb":{"@id":"https:\/\/noticiasmercedinas.com\/site\/2026\/05\/14\/con-un-mural-de-20-metros-y-renovacion-estetica-coco-pane-celebra-su-transformacion\/#breadcrumb"},"inLanguage":"es","potentialAction":[{"@type":"ReadAction","target":["https:\/\/noticiasmercedinas.com\/site\/2026\/05\/14\/con-un-mural-de-20-metros-y-renovacion-estetica-coco-pane-celebra-su-transformacion\/"]}]},{"@type":"ImageObject","inLanguage":"es","@id":"https:\/\/noticiasmercedinas.com\/site\/2026\/05\/14\/con-un-mural-de-20-metros-y-renovacion-estetica-coco-pane-celebra-su-transformacion\/#primaryimage","url":"https:\/\/noticiasmercedinas.com\/site\/wp-content\/uploads\/2026\/05\/IMG_20260514_123226.jpg","contentUrl":"https:\/\/noticiasmercedinas.com\/site\/wp-content\/uploads\/2026\/05\/IMG_20260514_123226.jpg","width":708,"height":395},{"@type":"BreadcrumbList","@id":"https:\/\/noticiasmercedinas.com\/site\/2026\/05\/14\/con-un-mural-de-20-metros-y-renovacion-estetica-coco-pane-celebra-su-transformacion\/#breadcrumb","itemListElement":[{"@type":"ListItem","position":1,"name":"Portada","item":"https:\/\/noticiasmercedinas.com\/site\/"},{"@type":"ListItem","position":2,"name":"Con un mural de 20 metros y renovaci\u00f3n est\u00e9tica, Coco Pan\u00e9 celebra su transformaci\u00f3n"}]},{"@type":"WebSite","@id":"https:\/\/noticiasmercedinas.com\/site\/#website","url":"https:\/\/noticiasmercedinas.com\/site\/","name":"NOTICIASMERCEDINAS.COM","description":"Mercedes, Buenos Aires, Argentina","publisher":{"@id":"https:\/\/noticiasmercedinas.com\/site\/#organization"},"potentialAction":[{"@type":"SearchAction","target":{"@type":"EntryPoint","urlTemplate":"https:\/\/noticiasmercedinas.com\/site\/?s={search_term_string}"},"query-input":{"@type":"PropertyValueSpecification","valueRequired":true,"valueName":"search_term_string"}}],"inLanguage":"es"},{"@type":"Organization","@id":"https:\/\/noticiasmercedinas.com\/site\/#organization","name":"NOTICIASMERCEDINAS.COM","url":"https:\/\/noticiasmercedinas.com\/site\/","logo":{"@type":"ImageObject","inLanguage":"es","@id":"https:\/\/noticiasmercedinas.com\/site\/#\/schema\/logo\/image\/","url":"https:\/\/noticiasmercedinas.com\/site\/wp-content\/uploads\/2020\/06\/LOGO-512.jpg","contentUrl":"https:\/\/noticiasmercedinas.com\/site\/wp-content\/uploads\/2020\/06\/LOGO-512.jpg","width":512,"height":512,"caption":"NOTICIASMERCEDINAS.COM"},"image":{"@id":"https:\/\/noticiasmercedinas.com\/site\/#\/schema\/logo\/image\/"},"sameAs":["https:\/\/www.facebook.com\/noticiasmercedinas\/","https:\/\/x.com\/notmercedinas","https:\/\/www.instagram.com\/noticiasmercedinas\/"]},{"@type":"Person","@id":"https:\/\/noticiasmercedinas.com\/site\/#\/schema\/person\/84b59c099c28ff2e8b77d4ceec5d8063","name":"NOTICIASMERCEDINAS.COM","image":{"@type":"ImageObject","inLanguage":"es","@id":"https:\/\/secure.gravatar.com\/avatar\/4dfbf16b4d17945bfb6341b2d19043457132fcf478a5ee04f42e959fd8f5df0a?s=96&d=mm&r=g","url":"https:\/\/secure.gravatar.com\/avatar\/4dfbf16b4d17945bfb6341b2d19043457132fcf478a5ee04f42e959fd8f5df0a?s=96&d=mm&r=g","contentUrl":"https:\/\/secure.gravatar.com\/avatar\/4dfbf16b4d17945bfb6341b2d19043457132fcf478a5ee04f42e959fd8f5df0a?s=96&d=mm&r=g","caption":"NOTICIASMERCEDINAS.COM"},"url":"https:\/\/noticiasmercedinas.com\/site\/author\/anonimo\/"}]}},"amp_enabled":true,"_links":{"self":[{"href":"https:\/\/noticiasmercedinas.com\/site\/wp-json\/wp\/v2\/posts\/186462","targetHints":{"allow":["GET"]}}],"collection":[{"href":"https:\/\/noticiasmercedinas.com\/site\/wp-json\/wp\/v2\/posts"}],"about":[{"href":"https:\/\/noticiasmercedinas.com\/site\/wp-json\/wp\/v2\/types\/post"}],"author":[{"embeddable":true,"href":"https:\/\/noticiasmercedinas.com\/site\/wp-json\/wp\/v2\/users\/16"}],"replies":[{"embeddable":true,"href":"https:\/\/noticiasmercedinas.com\/site\/wp-json\/wp\/v2\/comments?post=186462"}],"version-history":[{"count":4,"href":"https:\/\/noticiasmercedinas.com\/site\/wp-json\/wp\/v2\/posts\/186462\/revisions"}],"predecessor-version":[{"id":186472,"href":"https:\/\/noticiasmercedinas.com\/site\/wp-json\/wp\/v2\/posts\/186462\/revisions\/186472"}],"wp:featuredmedia":[{"embeddable":true,"href":"https:\/\/noticiasmercedinas.com\/site\/wp-json\/wp\/v2\/media\/186471"}],"wp:attachment":[{"href":"https:\/\/noticiasmercedinas.com\/site\/wp-json\/wp\/v2\/media?parent=186462"}],"wp:term":[{"taxonomy":"category","embeddable":true,"href":"https:\/\/noticiasmercedinas.com\/site\/wp-json\/wp\/v2\/categories?post=186462"},{"taxonomy":"post_tag","embeddable":true,"href":"https:\/\/noticiasmercedinas.com\/site\/wp-json\/wp\/v2\/tags?post=186462"}],"curies":[{"name":"wp","href":"https:\/\/api.w.org\/{rel}","templated":true}]}}