{"id":186911,"date":"2026-05-21T08:39:45","date_gmt":"2026-05-21T11:39:45","guid":{"rendered":"https:\/\/noticiasmercedinas.com\/site\/?p=186911"},"modified":"2026-05-21T08:39:45","modified_gmt":"2026-05-21T11:39:45","slug":"sanidad-apicola-para-el-fortalecimiento-de-la-produccion-de-alimentos","status":"publish","type":"post","link":"https:\/\/noticiasmercedinas.com\/site\/2026\/05\/21\/sanidad-apicola-para-el-fortalecimiento-de-la-produccion-de-alimentos\/","title":{"rendered":"Sanidad ap\u00edcola para el fortalecimiento de la producci\u00f3n de alimentos"},"content":{"rendered":"<p><img loading=\"lazy\" decoding=\"async\" class=\"alignnone size-full wp-image-186915\" src=\"https:\/\/noticiasmercedinas.com\/site\/wp-content\/uploads\/2026\/05\/abejas.jpg\" alt=\"\" width=\"879\" height=\"579\" srcset=\"https:\/\/noticiasmercedinas.com\/site\/wp-content\/uploads\/2026\/05\/abejas.jpg 879w, https:\/\/noticiasmercedinas.com\/site\/wp-content\/uploads\/2026\/05\/abejas-300x198.jpg 300w, https:\/\/noticiasmercedinas.com\/site\/wp-content\/uploads\/2026\/05\/abejas-768x506.jpg 768w, https:\/\/noticiasmercedinas.com\/site\/wp-content\/uploads\/2026\/05\/abejas-640x422.jpg 640w, https:\/\/noticiasmercedinas.com\/site\/wp-content\/uploads\/2026\/05\/abejas-681x449.jpg 681w\" sizes=\"auto, (max-width: 879px) 100vw, 879px\" \/><\/p>\n<p><span style=\"font-weight: 400;\">Con motivo de la celebraci\u00f3n a internacional del <\/span><b>D\u00eda Mundial de las Abejas<\/b><span style=\"font-weight: 400;\">, el <\/span><b>Servicio Nacional de Sanidad y Calidad Agroalimentaria (SENASA)<\/b><span style=\"font-weight: 400;\"> destaca el rol de estos insectos en la <\/span><b>polinizaci\u00f3n de una gama muy amplia de cultivos de inter\u00e9s agr\u00edcola<\/b><span style=\"font-weight: 400;\">, necesarios para la producci\u00f3n en cantidad y calidad de los alimentos que se consumen.<\/span><\/p>\n<p><span style=\"font-weight: 400;\">Con <\/span><b>4 millones de colmenas declaradas<\/b><span style=\"font-weight: 400;\"> y 1.<\/span><b>200 salas de extracci\u00f3n habilitadas por el SENASA<\/b><span style=\"font-weight: 400;\">, Argentina se posiciona como <\/span><b>uno de los principales exportadores de miel en el mundo<\/b><span style=\"font-weight: 400;\">. Por eso, se recuerda la importancia de <\/span><b>fortalecer la vigilancia y los cuidados sanitarios preventivos en los apiarios<\/b><span style=\"font-weight: 400;\"> a fin de resguardar la producci\u00f3n ap\u00edcola.<\/span><\/p>\n<p><span style=\"font-weight: 400;\">Se estima que <\/span><b>las abejas participan en forma directa e indirecta en la producci\u00f3n de tres de cada cuatro alimentos que se consumen en el mundo<\/b><span style=\"font-weight: 400;\">. La caracter\u00edstica destacable de las abejas para polinizar cultivos radica en un comportamiento particular: la comunicaci\u00f3n.<\/span><\/p>\n<p><span style=\"font-weight: 400;\">Cuando una abeja obrera forrajera ubica una fuente de alimento (n\u00e9ctar o polen), eval\u00faa la calidad y <\/span><b>regresa a su colmena para pasar la informaci\u00f3n a sus pares mediante una danza, indic\u00e1ndoles la direcci\u00f3n, la distancia (o cu\u00e1nto es el recorrido que tienen que hacer) y el aroma del n\u00e9ctar de esa fuente de alimentos<\/b><span style=\"font-weight: 400;\">.<\/span><\/p>\n<p><b>Sobre el PEC<\/b><\/p>\n<p><span style=\"font-weight: 400;\">Con la <\/span><a href=\"https:\/\/www.argentina.gob.ar\/normativa\/nacional\/resoluci%C3%B3n-302-2016-262510\/texto\"><b>Resoluci\u00f3n SENASA N\u00b0 302\/2016<\/b><\/a><span style=\"font-weight: 400;\"> se encuentra vigente la alerta sanitaria nacional por la presencia del Peque\u00f1o escarabajo de las colmenas (PEC) en Brasil, Bolivia y Paraguay. Su introducci\u00f3n a nuestro pa\u00eds podr\u00eda ocasionar graves da\u00f1os productivos y comerciales a la cadena ap\u00edcola.<\/span><\/p>\n<p><span style=\"font-weight: 400;\">En ese marco, cualquier sospecha de presencia del PEC debe ser notificada de forma inmediata y obligatoriamente al SENASA, a trav\u00e9s de: WhatsApp al <\/span><a href=\"about:blank\"><b>(11) 5700 5704<\/b><\/a><span style=\"font-weight: 400;\">; por correo electr\u00f3nico a <\/span><a href=\"mailto:notificaciones@senasa.gob.ar\"><b>notificaciones@senasa.gob.ar<\/b><\/a><span style=\"font-weight: 400;\">; con el <\/span><a href=\"https:\/\/www.argentina.gob.ar\/senasa\/avisa-al-senasa-sanidad-animal\"><b>formulario web Avis\u00e1 al Senasa<\/b><\/a><span style=\"font-weight: 400;\">; de manera presencial o telef\u00f3nica, en sus <\/span><a href=\"https:\/\/www.argentina.gob.ar\/senasa\/que-es-el-senasa\/centros-regionales\"><b>oficinas<\/b><\/a><span style=\"font-weight: 400;\">; formulario N\u00b0 6144 (Abejas. Sospecha de PEC) mediante la App \u201cSIG APP Formularios\u201d o en la oficina del SENASA m\u00e1s cercana.<\/span><\/p>\n<p><span style=\"font-weight: 400;\">Se encuentra disponible para su descarga la <\/span><a href=\"https:\/\/www.argentina.gob.ar\/sites\/default\/files\/20-05-26_infografia_abejas_danza_senasa.pdf\"><b>infograf\u00eda<\/b><\/a><span style=\"font-weight: 400;\"> acerca de la comunicaci\u00f3n de las abejas entre s\u00ed.<\/span><\/p>\n","protected":false},"excerpt":{"rendered":"<p>El 20 de mayo se celebra el d\u00eda Mundial de las Abejas y desde el SENASA se destaca el rol de estos insectos en la polinizaci\u00f3n de cultivos de inter\u00e9s agropecuario.<\/p>\n","protected":false},"author":16,"featured_media":186915,"comment_status":"closed","ping_status":"closed","sticky":false,"template":"","format":"standard","meta":{"footnotes":""},"categories":[9527],"tags":[7830,225],"class_list":["post-186911","post","type-post","status-publish","format-standard","has-post-thumbnail","hentry","category-campo","tag-abejas","tag-senasa"],"yoast_head":"<!-- This site is optimized with the Yoast SEO plugin v28.4 - https:\/\/yoast.com\/product\/yoast-seo-wordpress\/ -->\n<title>Sanidad ap\u00edcola para el fortalecimiento de la producci\u00f3n de alimentos<\/title>\n<meta name=\"description\" content=\"El 20 de mayo se celebra el d\u00eda Mundial de las Abejas y desde el SENASA se destaca el rol de estos insectos en la polinizaci\u00f3n de cultivos de inter\u00e9s agropecuario.\" \/>\n<meta name=\"robots\" content=\"index, follow, max-snippet:-1, max-image-preview:large, max-video-preview:-1\" \/>\n<link rel=\"canonical\" href=\"https:\/\/noticiasmercedinas.com\/site\/2026\/05\/21\/sanidad-apicola-para-el-fortalecimiento-de-la-produccion-de-alimentos\/\" \/>\n<meta property=\"og:locale\" content=\"es_ES\" \/>\n<meta property=\"og:type\" content=\"article\" \/>\n<meta property=\"og:title\" content=\"Sanidad ap\u00edcola para el fortalecimiento de la producci\u00f3n de alimentos\" \/>\n<meta property=\"og:description\" content=\"El 20 de mayo se celebra el d\u00eda Mundial de las Abejas y desde el SENASA se destaca el rol de estos insectos en la polinizaci\u00f3n de cultivos de inter\u00e9s agropecuario.\" \/>\n<meta property=\"og:url\" content=\"https:\/\/noticiasmercedinas.com\/site\/2026\/05\/21\/sanidad-apicola-para-el-fortalecimiento-de-la-produccion-de-alimentos\/\" \/>\n<meta property=\"og:site_name\" content=\"NOTICIASMERCEDINAS.COM\" \/>\n<meta property=\"article:publisher\" content=\"https:\/\/www.facebook.com\/noticiasmercedinas\/\" \/>\n<meta property=\"article:published_time\" content=\"2026-05-21T11:39:45+00:00\" \/>\n<meta property=\"og:image\" content=\"https:\/\/noticiasmercedinas.com\/site\/wp-content\/uploads\/2026\/05\/abejas.jpg\" \/>\n\t<meta property=\"og:image:width\" content=\"879\" \/>\n\t<meta property=\"og:image:height\" content=\"579\" \/>\n\t<meta property=\"og:image:type\" content=\"image\/jpeg\" \/>\n<meta name=\"author\" content=\"NOTICIASMERCEDINAS.COM\" \/>\n<meta name=\"twitter:card\" content=\"summary_large_image\" \/>\n<meta name=\"twitter:creator\" content=\"@notmercedinas\" \/>\n<meta name=\"twitter:site\" content=\"@notmercedinas\" \/>\n<meta name=\"twitter:label1\" content=\"Escrito por\" \/>\n\t<meta name=\"twitter:data1\" content=\"NOTICIASMERCEDINAS.COM\" \/>\n\t<meta name=\"twitter:label2\" content=\"Tiempo de lectura\" \/>\n\t<meta name=\"twitter:data2\" content=\"2 minutos\" \/>\n<script type=\"application\/ld+json\" class=\"yoast-schema-graph\">{\"@context\":\"https:\\\/\\\/schema.org\",\"@graph\":[{\"@type\":\"Article\",\"@id\":\"https:\\\/\\\/noticiasmercedinas.com\\\/site\\\/2026\\\/05\\\/21\\\/sanidad-apicola-para-el-fortalecimiento-de-la-produccion-de-alimentos\\\/#article\",\"isPartOf\":{\"@id\":\"https:\\\/\\\/noticiasmercedinas.com\\\/site\\\/2026\\\/05\\\/21\\\/sanidad-apicola-para-el-fortalecimiento-de-la-produccion-de-alimentos\\\/\"},\"author\":{\"name\":\"NOTICIASMERCEDINAS.COM\",\"@id\":\"https:\\\/\\\/noticiasmercedinas.com\\\/site\\\/#\\\/schema\\\/person\\\/84b59c099c28ff2e8b77d4ceec5d8063\"},\"headline\":\"Sanidad ap\u00edcola para el fortalecimiento de la producci\u00f3n de alimentos\",\"datePublished\":\"2026-05-21T11:39:45+00:00\",\"mainEntityOfPage\":{\"@id\":\"https:\\\/\\\/noticiasmercedinas.com\\\/site\\\/2026\\\/05\\\/21\\\/sanidad-apicola-para-el-fortalecimiento-de-la-produccion-de-alimentos\\\/\"},\"wordCount\":378,\"publisher\":{\"@id\":\"https:\\\/\\\/noticiasmercedinas.com\\\/site\\\/#organization\"},\"image\":{\"@id\":\"https:\\\/\\\/noticiasmercedinas.com\\\/site\\\/2026\\\/05\\\/21\\\/sanidad-apicola-para-el-fortalecimiento-de-la-produccion-de-alimentos\\\/#primaryimage\"},\"thumbnailUrl\":\"https:\\\/\\\/noticiasmercedinas.com\\\/site\\\/wp-content\\\/uploads\\\/2026\\\/05\\\/abejas.jpg\",\"keywords\":[\"abejas\",\"senasa\"],\"articleSection\":[\"Campo\"],\"inLanguage\":\"es\"},{\"@type\":\"WebPage\",\"@id\":\"https:\\\/\\\/noticiasmercedinas.com\\\/site\\\/2026\\\/05\\\/21\\\/sanidad-apicola-para-el-fortalecimiento-de-la-produccion-de-alimentos\\\/\",\"url\":\"https:\\\/\\\/noticiasmercedinas.com\\\/site\\\/2026\\\/05\\\/21\\\/sanidad-apicola-para-el-fortalecimiento-de-la-produccion-de-alimentos\\\/\",\"name\":\"Sanidad ap\u00edcola para el fortalecimiento de la producci\u00f3n de alimentos\",\"isPartOf\":{\"@id\":\"https:\\\/\\\/noticiasmercedinas.com\\\/site\\\/#website\"},\"primaryImageOfPage\":{\"@id\":\"https:\\\/\\\/noticiasmercedinas.com\\\/site\\\/2026\\\/05\\\/21\\\/sanidad-apicola-para-el-fortalecimiento-de-la-produccion-de-alimentos\\\/#primaryimage\"},\"image\":{\"@id\":\"https:\\\/\\\/noticiasmercedinas.com\\\/site\\\/2026\\\/05\\\/21\\\/sanidad-apicola-para-el-fortalecimiento-de-la-produccion-de-alimentos\\\/#primaryimage\"},\"thumbnailUrl\":\"https:\\\/\\\/noticiasmercedinas.com\\\/site\\\/wp-content\\\/uploads\\\/2026\\\/05\\\/abejas.jpg\",\"datePublished\":\"2026-05-21T11:39:45+00:00\",\"description\":\"El 20 de mayo se celebra el d\u00eda Mundial de las Abejas y desde el SENASA se destaca el rol de estos insectos en la polinizaci\u00f3n de cultivos de inter\u00e9s agropecuario.\",\"breadcrumb\":{\"@id\":\"https:\\\/\\\/noticiasmercedinas.com\\\/site\\\/2026\\\/05\\\/21\\\/sanidad-apicola-para-el-fortalecimiento-de-la-produccion-de-alimentos\\\/#breadcrumb\"},\"inLanguage\":\"es\",\"potentialAction\":[{\"@type\":\"ReadAction\",\"target\":[\"https:\\\/\\\/noticiasmercedinas.com\\\/site\\\/2026\\\/05\\\/21\\\/sanidad-apicola-para-el-fortalecimiento-de-la-produccion-de-alimentos\\\/\"]}]},{\"@type\":\"ImageObject\",\"inLanguage\":\"es\",\"@id\":\"https:\\\/\\\/noticiasmercedinas.com\\\/site\\\/2026\\\/05\\\/21\\\/sanidad-apicola-para-el-fortalecimiento-de-la-produccion-de-alimentos\\\/#primaryimage\",\"url\":\"https:\\\/\\\/noticiasmercedinas.com\\\/site\\\/wp-content\\\/uploads\\\/2026\\\/05\\\/abejas.jpg\",\"contentUrl\":\"https:\\\/\\\/noticiasmercedinas.com\\\/site\\\/wp-content\\\/uploads\\\/2026\\\/05\\\/abejas.jpg\",\"width\":879,\"height\":579},{\"@type\":\"BreadcrumbList\",\"@id\":\"https:\\\/\\\/noticiasmercedinas.com\\\/site\\\/2026\\\/05\\\/21\\\/sanidad-apicola-para-el-fortalecimiento-de-la-produccion-de-alimentos\\\/#breadcrumb\",\"itemListElement\":[{\"@type\":\"ListItem\",\"position\":1,\"name\":\"Portada\",\"item\":\"https:\\\/\\\/noticiasmercedinas.com\\\/site\\\/\"},{\"@type\":\"ListItem\",\"position\":2,\"name\":\"Sanidad ap\u00edcola para el fortalecimiento de la producci\u00f3n de alimentos\"}]},{\"@type\":\"WebSite\",\"@id\":\"https:\\\/\\\/noticiasmercedinas.com\\\/site\\\/#website\",\"url\":\"https:\\\/\\\/noticiasmercedinas.com\\\/site\\\/\",\"name\":\"NOTICIASMERCEDINAS.COM\",\"description\":\"Mercedes, Buenos Aires, Argentina\",\"publisher\":{\"@id\":\"https:\\\/\\\/noticiasmercedinas.com\\\/site\\\/#organization\"},\"potentialAction\":[{\"@type\":\"SearchAction\",\"target\":{\"@type\":\"EntryPoint\",\"urlTemplate\":\"https:\\\/\\\/noticiasmercedinas.com\\\/site\\\/?s={search_term_string}\"},\"query-input\":{\"@type\":\"PropertyValueSpecification\",\"valueRequired\":true,\"valueName\":\"search_term_string\"}}],\"inLanguage\":\"es\"},{\"@type\":\"Organization\",\"@id\":\"https:\\\/\\\/noticiasmercedinas.com\\\/site\\\/#organization\",\"name\":\"NOTICIASMERCEDINAS.COM\",\"url\":\"https:\\\/\\\/noticiasmercedinas.com\\\/site\\\/\",\"logo\":{\"@type\":\"ImageObject\",\"inLanguage\":\"es\",\"@id\":\"https:\\\/\\\/noticiasmercedinas.com\\\/site\\\/#\\\/schema\\\/logo\\\/image\\\/\",\"url\":\"https:\\\/\\\/noticiasmercedinas.com\\\/site\\\/wp-content\\\/uploads\\\/2020\\\/06\\\/LOGO-512.jpg\",\"contentUrl\":\"https:\\\/\\\/noticiasmercedinas.com\\\/site\\\/wp-content\\\/uploads\\\/2020\\\/06\\\/LOGO-512.jpg\",\"width\":512,\"height\":512,\"caption\":\"NOTICIASMERCEDINAS.COM\"},\"image\":{\"@id\":\"https:\\\/\\\/noticiasmercedinas.com\\\/site\\\/#\\\/schema\\\/logo\\\/image\\\/\"},\"sameAs\":[\"https:\\\/\\\/www.facebook.com\\\/noticiasmercedinas\\\/\",\"https:\\\/\\\/x.com\\\/notmercedinas\",\"https:\\\/\\\/www.instagram.com\\\/noticiasmercedinas\\\/\"]},{\"@type\":\"Person\",\"@id\":\"https:\\\/\\\/noticiasmercedinas.com\\\/site\\\/#\\\/schema\\\/person\\\/84b59c099c28ff2e8b77d4ceec5d8063\",\"name\":\"NOTICIASMERCEDINAS.COM\",\"image\":{\"@type\":\"ImageObject\",\"inLanguage\":\"es\",\"@id\":\"https:\\\/\\\/secure.gravatar.com\\\/avatar\\\/4dfbf16b4d17945bfb6341b2d19043457132fcf478a5ee04f42e959fd8f5df0a?s=96&d=mm&r=g\",\"url\":\"https:\\\/\\\/secure.gravatar.com\\\/avatar\\\/4dfbf16b4d17945bfb6341b2d19043457132fcf478a5ee04f42e959fd8f5df0a?s=96&d=mm&r=g\",\"contentUrl\":\"https:\\\/\\\/secure.gravatar.com\\\/avatar\\\/4dfbf16b4d17945bfb6341b2d19043457132fcf478a5ee04f42e959fd8f5df0a?s=96&d=mm&r=g\",\"caption\":\"NOTICIASMERCEDINAS.COM\"},\"url\":\"https:\\\/\\\/noticiasmercedinas.com\\\/site\\\/author\\\/anonimo\\\/\"}]}<\/script>\n<!-- \/ Yoast SEO plugin. -->","yoast_head_json":{"title":"Sanidad ap\u00edcola para el fortalecimiento de la producci\u00f3n de alimentos","description":"El 20 de mayo se celebra el d\u00eda Mundial de las Abejas y desde el SENASA se destaca el rol de estos insectos en la polinizaci\u00f3n de cultivos de inter\u00e9s agropecuario.","robots":{"index":"index","follow":"follow","max-snippet":"max-snippet:-1","max-image-preview":"max-image-preview:large","max-video-preview":"max-video-preview:-1"},"canonical":"https:\/\/noticiasmercedinas.com\/site\/2026\/05\/21\/sanidad-apicola-para-el-fortalecimiento-de-la-produccion-de-alimentos\/","og_locale":"es_ES","og_type":"article","og_title":"Sanidad ap\u00edcola para el fortalecimiento de la producci\u00f3n de alimentos","og_description":"El 20 de mayo se celebra el d\u00eda Mundial de las Abejas y desde el SENASA se destaca el rol de estos insectos en la polinizaci\u00f3n de cultivos de inter\u00e9s agropecuario.","og_url":"https:\/\/noticiasmercedinas.com\/site\/2026\/05\/21\/sanidad-apicola-para-el-fortalecimiento-de-la-produccion-de-alimentos\/","og_site_name":"NOTICIASMERCEDINAS.COM","article_publisher":"https:\/\/www.facebook.com\/noticiasmercedinas\/","article_published_time":"2026-05-21T11:39:45+00:00","og_image":[{"width":879,"height":579,"url":"https:\/\/noticiasmercedinas.com\/site\/wp-content\/uploads\/2026\/05\/abejas.jpg","type":"image\/jpeg"}],"author":"NOTICIASMERCEDINAS.COM","twitter_card":"summary_large_image","twitter_creator":"@notmercedinas","twitter_site":"@notmercedinas","twitter_misc":{"Escrito por":"NOTICIASMERCEDINAS.COM","Tiempo de lectura":"2 minutos"},"schema":{"@context":"https:\/\/schema.org","@graph":[{"@type":"Article","@id":"https:\/\/noticiasmercedinas.com\/site\/2026\/05\/21\/sanidad-apicola-para-el-fortalecimiento-de-la-produccion-de-alimentos\/#article","isPartOf":{"@id":"https:\/\/noticiasmercedinas.com\/site\/2026\/05\/21\/sanidad-apicola-para-el-fortalecimiento-de-la-produccion-de-alimentos\/"},"author":{"name":"NOTICIASMERCEDINAS.COM","@id":"https:\/\/noticiasmercedinas.com\/site\/#\/schema\/person\/84b59c099c28ff2e8b77d4ceec5d8063"},"headline":"Sanidad ap\u00edcola para el fortalecimiento de la producci\u00f3n de alimentos","datePublished":"2026-05-21T11:39:45+00:00","mainEntityOfPage":{"@id":"https:\/\/noticiasmercedinas.com\/site\/2026\/05\/21\/sanidad-apicola-para-el-fortalecimiento-de-la-produccion-de-alimentos\/"},"wordCount":378,"publisher":{"@id":"https:\/\/noticiasmercedinas.com\/site\/#organization"},"image":{"@id":"https:\/\/noticiasmercedinas.com\/site\/2026\/05\/21\/sanidad-apicola-para-el-fortalecimiento-de-la-produccion-de-alimentos\/#primaryimage"},"thumbnailUrl":"https:\/\/noticiasmercedinas.com\/site\/wp-content\/uploads\/2026\/05\/abejas.jpg","keywords":["abejas","senasa"],"articleSection":["Campo"],"inLanguage":"es"},{"@type":"WebPage","@id":"https:\/\/noticiasmercedinas.com\/site\/2026\/05\/21\/sanidad-apicola-para-el-fortalecimiento-de-la-produccion-de-alimentos\/","url":"https:\/\/noticiasmercedinas.com\/site\/2026\/05\/21\/sanidad-apicola-para-el-fortalecimiento-de-la-produccion-de-alimentos\/","name":"Sanidad ap\u00edcola para el fortalecimiento de la producci\u00f3n de alimentos","isPartOf":{"@id":"https:\/\/noticiasmercedinas.com\/site\/#website"},"primaryImageOfPage":{"@id":"https:\/\/noticiasmercedinas.com\/site\/2026\/05\/21\/sanidad-apicola-para-el-fortalecimiento-de-la-produccion-de-alimentos\/#primaryimage"},"image":{"@id":"https:\/\/noticiasmercedinas.com\/site\/2026\/05\/21\/sanidad-apicola-para-el-fortalecimiento-de-la-produccion-de-alimentos\/#primaryimage"},"thumbnailUrl":"https:\/\/noticiasmercedinas.com\/site\/wp-content\/uploads\/2026\/05\/abejas.jpg","datePublished":"2026-05-21T11:39:45+00:00","description":"El 20 de mayo se celebra el d\u00eda Mundial de las Abejas y desde el SENASA se destaca el rol de estos insectos en la polinizaci\u00f3n de cultivos de inter\u00e9s agropecuario.","breadcrumb":{"@id":"https:\/\/noticiasmercedinas.com\/site\/2026\/05\/21\/sanidad-apicola-para-el-fortalecimiento-de-la-produccion-de-alimentos\/#breadcrumb"},"inLanguage":"es","potentialAction":[{"@type":"ReadAction","target":["https:\/\/noticiasmercedinas.com\/site\/2026\/05\/21\/sanidad-apicola-para-el-fortalecimiento-de-la-produccion-de-alimentos\/"]}]},{"@type":"ImageObject","inLanguage":"es","@id":"https:\/\/noticiasmercedinas.com\/site\/2026\/05\/21\/sanidad-apicola-para-el-fortalecimiento-de-la-produccion-de-alimentos\/#primaryimage","url":"https:\/\/noticiasmercedinas.com\/site\/wp-content\/uploads\/2026\/05\/abejas.jpg","contentUrl":"https:\/\/noticiasmercedinas.com\/site\/wp-content\/uploads\/2026\/05\/abejas.jpg","width":879,"height":579},{"@type":"BreadcrumbList","@id":"https:\/\/noticiasmercedinas.com\/site\/2026\/05\/21\/sanidad-apicola-para-el-fortalecimiento-de-la-produccion-de-alimentos\/#breadcrumb","itemListElement":[{"@type":"ListItem","position":1,"name":"Portada","item":"https:\/\/noticiasmercedinas.com\/site\/"},{"@type":"ListItem","position":2,"name":"Sanidad ap\u00edcola para el fortalecimiento de la producci\u00f3n de alimentos"}]},{"@type":"WebSite","@id":"https:\/\/noticiasmercedinas.com\/site\/#website","url":"https:\/\/noticiasmercedinas.com\/site\/","name":"NOTICIASMERCEDINAS.COM","description":"Mercedes, Buenos Aires, Argentina","publisher":{"@id":"https:\/\/noticiasmercedinas.com\/site\/#organization"},"potentialAction":[{"@type":"SearchAction","target":{"@type":"EntryPoint","urlTemplate":"https:\/\/noticiasmercedinas.com\/site\/?s={search_term_string}"},"query-input":{"@type":"PropertyValueSpecification","valueRequired":true,"valueName":"search_term_string"}}],"inLanguage":"es"},{"@type":"Organization","@id":"https:\/\/noticiasmercedinas.com\/site\/#organization","name":"NOTICIASMERCEDINAS.COM","url":"https:\/\/noticiasmercedinas.com\/site\/","logo":{"@type":"ImageObject","inLanguage":"es","@id":"https:\/\/noticiasmercedinas.com\/site\/#\/schema\/logo\/image\/","url":"https:\/\/noticiasmercedinas.com\/site\/wp-content\/uploads\/2020\/06\/LOGO-512.jpg","contentUrl":"https:\/\/noticiasmercedinas.com\/site\/wp-content\/uploads\/2020\/06\/LOGO-512.jpg","width":512,"height":512,"caption":"NOTICIASMERCEDINAS.COM"},"image":{"@id":"https:\/\/noticiasmercedinas.com\/site\/#\/schema\/logo\/image\/"},"sameAs":["https:\/\/www.facebook.com\/noticiasmercedinas\/","https:\/\/x.com\/notmercedinas","https:\/\/www.instagram.com\/noticiasmercedinas\/"]},{"@type":"Person","@id":"https:\/\/noticiasmercedinas.com\/site\/#\/schema\/person\/84b59c099c28ff2e8b77d4ceec5d8063","name":"NOTICIASMERCEDINAS.COM","image":{"@type":"ImageObject","inLanguage":"es","@id":"https:\/\/secure.gravatar.com\/avatar\/4dfbf16b4d17945bfb6341b2d19043457132fcf478a5ee04f42e959fd8f5df0a?s=96&d=mm&r=g","url":"https:\/\/secure.gravatar.com\/avatar\/4dfbf16b4d17945bfb6341b2d19043457132fcf478a5ee04f42e959fd8f5df0a?s=96&d=mm&r=g","contentUrl":"https:\/\/secure.gravatar.com\/avatar\/4dfbf16b4d17945bfb6341b2d19043457132fcf478a5ee04f42e959fd8f5df0a?s=96&d=mm&r=g","caption":"NOTICIASMERCEDINAS.COM"},"url":"https:\/\/noticiasmercedinas.com\/site\/author\/anonimo\/"}]}},"amp_enabled":true,"_links":{"self":[{"href":"https:\/\/noticiasmercedinas.com\/site\/wp-json\/wp\/v2\/posts\/186911","targetHints":{"allow":["GET"]}}],"collection":[{"href":"https:\/\/noticiasmercedinas.com\/site\/wp-json\/wp\/v2\/posts"}],"about":[{"href":"https:\/\/noticiasmercedinas.com\/site\/wp-json\/wp\/v2\/types\/post"}],"author":[{"embeddable":true,"href":"https:\/\/noticiasmercedinas.com\/site\/wp-json\/wp\/v2\/users\/16"}],"replies":[{"embeddable":true,"href":"https:\/\/noticiasmercedinas.com\/site\/wp-json\/wp\/v2\/comments?post=186911"}],"version-history":[{"count":1,"href":"https:\/\/noticiasmercedinas.com\/site\/wp-json\/wp\/v2\/posts\/186911\/revisions"}],"predecessor-version":[{"id":186916,"href":"https:\/\/noticiasmercedinas.com\/site\/wp-json\/wp\/v2\/posts\/186911\/revisions\/186916"}],"wp:featuredmedia":[{"embeddable":true,"href":"https:\/\/noticiasmercedinas.com\/site\/wp-json\/wp\/v2\/media\/186915"}],"wp:attachment":[{"href":"https:\/\/noticiasmercedinas.com\/site\/wp-json\/wp\/v2\/media?parent=186911"}],"wp:term":[{"taxonomy":"category","embeddable":true,"href":"https:\/\/noticiasmercedinas.com\/site\/wp-json\/wp\/v2\/categories?post=186911"},{"taxonomy":"post_tag","embeddable":true,"href":"https:\/\/noticiasmercedinas.com\/site\/wp-json\/wp\/v2\/tags?post=186911"}],"curies":[{"name":"wp","href":"https:\/\/api.w.org\/{rel}","templated":true}]}}