{"id":187881,"date":"2026-06-02T09:46:49","date_gmt":"2026-06-02T12:46:49","guid":{"rendered":"https:\/\/noticiasmercedinas.com\/site\/?p=187881"},"modified":"2026-06-02T09:46:49","modified_gmt":"2026-06-02T12:46:49","slug":"tempestad-domino-la-fecha-en-mercedes-y-se-consolida-en-la-cima-del-basquet-regional","status":"publish","type":"post","link":"https:\/\/noticiasmercedinas.com\/site\/2026\/06\/02\/tempestad-domino-la-fecha-en-mercedes-y-se-consolida-en-la-cima-del-basquet-regional\/","title":{"rendered":"Tempestad domin\u00f3 la fecha en Mercedes y se consolida en la cima del b\u00e1squet regional"},"content":{"rendered":"<figure id=\"attachment_187882\" aria-describedby=\"caption-attachment-187882\" style=\"width: 640px\" class=\"wp-caption alignnone\"><img loading=\"lazy\" decoding=\"async\" class=\"wp-image-187882 size-full\" src=\"https:\/\/noticiasmercedinas.com\/site\/wp-content\/uploads\/2026\/06\/basf.jpg\" alt=\"\" width=\"640\" height=\"523\" srcset=\"https:\/\/noticiasmercedinas.com\/site\/wp-content\/uploads\/2026\/06\/basf.jpg 640w, https:\/\/noticiasmercedinas.com\/site\/wp-content\/uploads\/2026\/06\/basf-300x245.jpg 300w\" sizes=\"auto, (max-width: 640px) 100vw, 640px\" \/><figcaption id=\"caption-attachment-187882\" class=\"wp-caption-text\">La Primera femenina de Estudiantes.<\/figcaption><\/figure>\n<p>Durante la jornada del \u00faltimo domingo 31 de mayo, se disput\u00f3 la s\u00e9ptima fecha del torneo organizado por la Asociaci\u00f3n Mercedina de B\u00e1squetbol (AMB). El escenario principal de la jornada fue el gimnasio \u00abPablo Tamagno\u00bb de la calle 33, donde Club Estudiantes recibi\u00f3 a la delegaci\u00f3n de Tempestad de San Antonio de Areco. Los visitantes impusieron su juego en la gran mayor\u00eda de los encuentros, llev\u00e1ndose victorias clave que mantienen al primer equipo de Areco en lo m\u00e1s alto de la tabla de posiciones. Por su parte, el cruce programado entre Club Mercedes y Ateneo de Luj\u00e1n debi\u00f3 ser postergado.<\/p>\n<p data-path-to-node=\"4\">La supremac\u00eda de Tempestad se hizo sentir desde las categor\u00edas formativas hasta las divisiones superiores. En los compromisos de las divisiones menores, los de San Antonio de Areco se adjudicaron los puntos en U13 por un abultado 61 a 29, en U15 por un ajustado 55 a 50 y en U18 por 54 a 48. La \u00fanica alegr\u00eda para el due\u00f1o de casa en la tira juvenil lleg\u00f3 de la mano de la categor\u00eda U11, donde el \u00abPincha\u00bb mercedino logr\u00f3 quebrar el dominio visitante y quedarse con el triunfo.<\/p>\n<p data-path-to-node=\"5\">En los platos fuertes de la jornada, las primeras divisiones de Tempestad volvieron a golpear con contundencia. El combinado de Primera Femenina de Areco super\u00f3 sin atenuantes a las locales por 67 a 28. En tanto, en el cierre de la tira de Primera Masculina, los de San Antonio de Areco sellaron un s\u00f3lido 76 a 59 a su favor, resultado que les permite mirar a todos desde arriba en la clasificaci\u00f3n general del certamen mayor.<\/p>\n<p data-path-to-node=\"6\">La jornada de Primera Masculina se complet\u00f3 con otros dos encuentros que movieron la aguja del campeonato. Costa Brava venci\u00f3 a El Tim\u00f3n por 67 a 54, manteni\u00e9ndose como el inmediato perseguidor del l\u00edder, mientras que Uni\u00f3n Carme\u00f1a pis\u00f3 fuerte en Navarro y derrot\u00f3 a Dorrego por un claro 76 a 53. Con estos resultados, la tabla general de posiciones de primera divisi\u00f3n qued\u00f3 encabezada por Tempestad con 12 puntos, seguido por Costa Brava con 11. M\u00e1s atr\u00e1s se ubican Ateneo, Tim\u00f3n y Uni\u00f3n Carme\u00f1a con 9 unidades; Club Mercedes cuenta con 8; Estudiantes y Dorrego suman 7, y cierra la clasificaci\u00f3n San Carlos con 6 puntos.<\/p>\n<p data-path-to-node=\"7\">El torneo no da respiro y ya se palpita la octava fecha, programada para el pr\u00f3ximo domingo 7 de junio. Estudiantes afrontar\u00e1 una dura parada como visitante al viajar a Carmen de Areco para medirse con Uni\u00f3n Carme\u00f1a. Por otro lado, Club Mercedes buscar\u00e1 aprovechar la local\u00eda cuando reciba en su gimnasio a Sarmiento de Suipacha, en un duelo clave para prenderse en los puestos de vanguardia.<\/p>\n","protected":false},"excerpt":{"rendered":"<p>\u25a0 El conjunto de San Antonio de Areco se impuso en casi todas las categor\u00edas en su visita a Estudiantes. El \u00abPincha\u00bb solo sonri\u00f3 en U11, mientras que el cruce entre Club Mercedes y Ateneo qued\u00f3 postergado.<\/p>\n","protected":false},"author":6,"featured_media":187882,"comment_status":"closed","ping_status":"closed","sticky":false,"template":"","format":"standard","meta":{"footnotes":""},"categories":[5],"tags":[13909,12868,1091],"class_list":["post-187881","post","type-post","status-publish","format-standard","has-post-thumbnail","hentry","category-deportes","tag-amb","tag-asociacion-mercedina-de-basquetbol","tag-basquet"],"yoast_head":"<!-- This site is optimized with the Yoast SEO plugin v28.3 - https:\/\/yoast.com\/product\/yoast-seo-wordpress\/ -->\n<title>Tempestad domin\u00f3 la fecha en Mercedes y se consolida en la cima del b\u00e1squet regional<\/title>\n<meta name=\"robots\" content=\"index, follow, max-snippet:-1, max-image-preview:large, max-video-preview:-1\" \/>\n<link rel=\"canonical\" href=\"https:\/\/noticiasmercedinas.com\/site\/2026\/06\/02\/tempestad-domino-la-fecha-en-mercedes-y-se-consolida-en-la-cima-del-basquet-regional\/\" \/>\n<meta property=\"og:locale\" content=\"es_ES\" \/>\n<meta property=\"og:type\" content=\"article\" \/>\n<meta property=\"og:title\" content=\"Tempestad domin\u00f3 la fecha en Mercedes y se consolida en la cima del b\u00e1squet regional\" \/>\n<meta property=\"og:description\" content=\"\u25a0 El conjunto de San Antonio de Areco se impuso en casi todas las categor\u00edas en su visita a Estudiantes. El &quot;Pincha&quot; solo sonri\u00f3 en U11, mientras que el cruce entre Club Mercedes y Ateneo qued\u00f3 postergado.\" \/>\n<meta property=\"og:url\" content=\"https:\/\/noticiasmercedinas.com\/site\/2026\/06\/02\/tempestad-domino-la-fecha-en-mercedes-y-se-consolida-en-la-cima-del-basquet-regional\/\" \/>\n<meta property=\"og:site_name\" content=\"NOTICIASMERCEDINAS.COM\" \/>\n<meta property=\"article:publisher\" content=\"https:\/\/www.facebook.com\/noticiasmercedinas\/\" \/>\n<meta property=\"article:published_time\" content=\"2026-06-02T12:46:49+00:00\" \/>\n<meta property=\"og:image\" content=\"https:\/\/noticiasmercedinas.com\/site\/wp-content\/uploads\/2026\/06\/basf.jpg\" \/>\n\t<meta property=\"og:image:width\" content=\"640\" \/>\n\t<meta property=\"og:image:height\" content=\"523\" \/>\n\t<meta property=\"og:image:type\" content=\"image\/jpeg\" \/>\n<meta name=\"author\" content=\"Juan Dagnino NOTICIASMERCEDINAS.COM\" \/>\n<meta name=\"twitter:card\" content=\"summary_large_image\" \/>\n<meta name=\"twitter:creator\" content=\"@notmercedinas\" \/>\n<meta name=\"twitter:site\" content=\"@notmercedinas\" \/>\n<meta name=\"twitter:label1\" content=\"Escrito por\" \/>\n\t<meta name=\"twitter:data1\" content=\"Juan Dagnino NOTICIASMERCEDINAS.COM\" \/>\n\t<meta name=\"twitter:label2\" content=\"Tiempo de lectura\" \/>\n\t<meta name=\"twitter:data2\" content=\"3 minutos\" \/>\n<script type=\"application\/ld+json\" class=\"yoast-schema-graph\">{\"@context\":\"https:\\\/\\\/schema.org\",\"@graph\":[{\"@type\":\"Article\",\"@id\":\"https:\\\/\\\/noticiasmercedinas.com\\\/site\\\/2026\\\/06\\\/02\\\/tempestad-domino-la-fecha-en-mercedes-y-se-consolida-en-la-cima-del-basquet-regional\\\/#article\",\"isPartOf\":{\"@id\":\"https:\\\/\\\/noticiasmercedinas.com\\\/site\\\/2026\\\/06\\\/02\\\/tempestad-domino-la-fecha-en-mercedes-y-se-consolida-en-la-cima-del-basquet-regional\\\/\"},\"author\":{\"name\":\"Juan Dagnino NOTICIASMERCEDINAS.COM\",\"@id\":\"https:\\\/\\\/noticiasmercedinas.com\\\/site\\\/#\\\/schema\\\/person\\\/8f2f09d666ef40986eba4a5e6f2a06f9\"},\"headline\":\"Tempestad domin\u00f3 la fecha en Mercedes y se consolida en la cima del b\u00e1squet regional\",\"datePublished\":\"2026-06-02T12:46:49+00:00\",\"mainEntityOfPage\":{\"@id\":\"https:\\\/\\\/noticiasmercedinas.com\\\/site\\\/2026\\\/06\\\/02\\\/tempestad-domino-la-fecha-en-mercedes-y-se-consolida-en-la-cima-del-basquet-regional\\\/\"},\"wordCount\":475,\"publisher\":{\"@id\":\"https:\\\/\\\/noticiasmercedinas.com\\\/site\\\/#organization\"},\"image\":{\"@id\":\"https:\\\/\\\/noticiasmercedinas.com\\\/site\\\/2026\\\/06\\\/02\\\/tempestad-domino-la-fecha-en-mercedes-y-se-consolida-en-la-cima-del-basquet-regional\\\/#primaryimage\"},\"thumbnailUrl\":\"https:\\\/\\\/noticiasmercedinas.com\\\/site\\\/wp-content\\\/uploads\\\/2026\\\/06\\\/basf.jpg\",\"keywords\":[\"amb\",\"asociacion mercedina de basquetbol\",\"b\u00e1squet\"],\"articleSection\":[\"Deportes\"],\"inLanguage\":\"es\"},{\"@type\":\"WebPage\",\"@id\":\"https:\\\/\\\/noticiasmercedinas.com\\\/site\\\/2026\\\/06\\\/02\\\/tempestad-domino-la-fecha-en-mercedes-y-se-consolida-en-la-cima-del-basquet-regional\\\/\",\"url\":\"https:\\\/\\\/noticiasmercedinas.com\\\/site\\\/2026\\\/06\\\/02\\\/tempestad-domino-la-fecha-en-mercedes-y-se-consolida-en-la-cima-del-basquet-regional\\\/\",\"name\":\"Tempestad domin\u00f3 la fecha en Mercedes y se consolida en la cima del b\u00e1squet regional\",\"isPartOf\":{\"@id\":\"https:\\\/\\\/noticiasmercedinas.com\\\/site\\\/#website\"},\"primaryImageOfPage\":{\"@id\":\"https:\\\/\\\/noticiasmercedinas.com\\\/site\\\/2026\\\/06\\\/02\\\/tempestad-domino-la-fecha-en-mercedes-y-se-consolida-en-la-cima-del-basquet-regional\\\/#primaryimage\"},\"image\":{\"@id\":\"https:\\\/\\\/noticiasmercedinas.com\\\/site\\\/2026\\\/06\\\/02\\\/tempestad-domino-la-fecha-en-mercedes-y-se-consolida-en-la-cima-del-basquet-regional\\\/#primaryimage\"},\"thumbnailUrl\":\"https:\\\/\\\/noticiasmercedinas.com\\\/site\\\/wp-content\\\/uploads\\\/2026\\\/06\\\/basf.jpg\",\"datePublished\":\"2026-06-02T12:46:49+00:00\",\"breadcrumb\":{\"@id\":\"https:\\\/\\\/noticiasmercedinas.com\\\/site\\\/2026\\\/06\\\/02\\\/tempestad-domino-la-fecha-en-mercedes-y-se-consolida-en-la-cima-del-basquet-regional\\\/#breadcrumb\"},\"inLanguage\":\"es\",\"potentialAction\":[{\"@type\":\"ReadAction\",\"target\":[\"https:\\\/\\\/noticiasmercedinas.com\\\/site\\\/2026\\\/06\\\/02\\\/tempestad-domino-la-fecha-en-mercedes-y-se-consolida-en-la-cima-del-basquet-regional\\\/\"]}]},{\"@type\":\"ImageObject\",\"inLanguage\":\"es\",\"@id\":\"https:\\\/\\\/noticiasmercedinas.com\\\/site\\\/2026\\\/06\\\/02\\\/tempestad-domino-la-fecha-en-mercedes-y-se-consolida-en-la-cima-del-basquet-regional\\\/#primaryimage\",\"url\":\"https:\\\/\\\/noticiasmercedinas.com\\\/site\\\/wp-content\\\/uploads\\\/2026\\\/06\\\/basf.jpg\",\"contentUrl\":\"https:\\\/\\\/noticiasmercedinas.com\\\/site\\\/wp-content\\\/uploads\\\/2026\\\/06\\\/basf.jpg\",\"width\":640,\"height\":523},{\"@type\":\"BreadcrumbList\",\"@id\":\"https:\\\/\\\/noticiasmercedinas.com\\\/site\\\/2026\\\/06\\\/02\\\/tempestad-domino-la-fecha-en-mercedes-y-se-consolida-en-la-cima-del-basquet-regional\\\/#breadcrumb\",\"itemListElement\":[{\"@type\":\"ListItem\",\"position\":1,\"name\":\"Portada\",\"item\":\"https:\\\/\\\/noticiasmercedinas.com\\\/site\\\/\"},{\"@type\":\"ListItem\",\"position\":2,\"name\":\"Tempestad domin\u00f3 la fecha en Mercedes y se consolida en la cima del b\u00e1squet regional\"}]},{\"@type\":\"WebSite\",\"@id\":\"https:\\\/\\\/noticiasmercedinas.com\\\/site\\\/#website\",\"url\":\"https:\\\/\\\/noticiasmercedinas.com\\\/site\\\/\",\"name\":\"NOTICIASMERCEDINAS.COM\",\"description\":\"Mercedes, Buenos Aires, Argentina\",\"publisher\":{\"@id\":\"https:\\\/\\\/noticiasmercedinas.com\\\/site\\\/#organization\"},\"potentialAction\":[{\"@type\":\"SearchAction\",\"target\":{\"@type\":\"EntryPoint\",\"urlTemplate\":\"https:\\\/\\\/noticiasmercedinas.com\\\/site\\\/?s={search_term_string}\"},\"query-input\":{\"@type\":\"PropertyValueSpecification\",\"valueRequired\":true,\"valueName\":\"search_term_string\"}}],\"inLanguage\":\"es\"},{\"@type\":\"Organization\",\"@id\":\"https:\\\/\\\/noticiasmercedinas.com\\\/site\\\/#organization\",\"name\":\"NOTICIASMERCEDINAS.COM\",\"url\":\"https:\\\/\\\/noticiasmercedinas.com\\\/site\\\/\",\"logo\":{\"@type\":\"ImageObject\",\"inLanguage\":\"es\",\"@id\":\"https:\\\/\\\/noticiasmercedinas.com\\\/site\\\/#\\\/schema\\\/logo\\\/image\\\/\",\"url\":\"https:\\\/\\\/noticiasmercedinas.com\\\/site\\\/wp-content\\\/uploads\\\/2020\\\/06\\\/LOGO-512.jpg\",\"contentUrl\":\"https:\\\/\\\/noticiasmercedinas.com\\\/site\\\/wp-content\\\/uploads\\\/2020\\\/06\\\/LOGO-512.jpg\",\"width\":512,\"height\":512,\"caption\":\"NOTICIASMERCEDINAS.COM\"},\"image\":{\"@id\":\"https:\\\/\\\/noticiasmercedinas.com\\\/site\\\/#\\\/schema\\\/logo\\\/image\\\/\"},\"sameAs\":[\"https:\\\/\\\/www.facebook.com\\\/noticiasmercedinas\\\/\",\"https:\\\/\\\/x.com\\\/notmercedinas\",\"https:\\\/\\\/www.instagram.com\\\/noticiasmercedinas\\\/\"]},{\"@type\":\"Person\",\"@id\":\"https:\\\/\\\/noticiasmercedinas.com\\\/site\\\/#\\\/schema\\\/person\\\/8f2f09d666ef40986eba4a5e6f2a06f9\",\"name\":\"Juan Dagnino NOTICIASMERCEDINAS.COM\",\"image\":{\"@type\":\"ImageObject\",\"inLanguage\":\"es\",\"@id\":\"https:\\\/\\\/secure.gravatar.com\\\/avatar\\\/fc7059a769f5a3cae65fadb228a3e4accf3a64b4b2305020d0a27e6d5333c91b?s=96&d=mm&r=g\",\"url\":\"https:\\\/\\\/secure.gravatar.com\\\/avatar\\\/fc7059a769f5a3cae65fadb228a3e4accf3a64b4b2305020d0a27e6d5333c91b?s=96&d=mm&r=g\",\"contentUrl\":\"https:\\\/\\\/secure.gravatar.com\\\/avatar\\\/fc7059a769f5a3cae65fadb228a3e4accf3a64b4b2305020d0a27e6d5333c91b?s=96&d=mm&r=g\",\"caption\":\"Juan Dagnino NOTICIASMERCEDINAS.COM\"},\"url\":\"https:\\\/\\\/noticiasmercedinas.com\\\/site\\\/author\\\/juandagnino\\\/\"}]}<\/script>\n<!-- \/ Yoast SEO plugin. -->","yoast_head_json":{"title":"Tempestad domin\u00f3 la fecha en Mercedes y se consolida en la cima del b\u00e1squet regional","robots":{"index":"index","follow":"follow","max-snippet":"max-snippet:-1","max-image-preview":"max-image-preview:large","max-video-preview":"max-video-preview:-1"},"canonical":"https:\/\/noticiasmercedinas.com\/site\/2026\/06\/02\/tempestad-domino-la-fecha-en-mercedes-y-se-consolida-en-la-cima-del-basquet-regional\/","og_locale":"es_ES","og_type":"article","og_title":"Tempestad domin\u00f3 la fecha en Mercedes y se consolida en la cima del b\u00e1squet regional","og_description":"\u25a0 El conjunto de San Antonio de Areco se impuso en casi todas las categor\u00edas en su visita a Estudiantes. El \"Pincha\" solo sonri\u00f3 en U11, mientras que el cruce entre Club Mercedes y Ateneo qued\u00f3 postergado.","og_url":"https:\/\/noticiasmercedinas.com\/site\/2026\/06\/02\/tempestad-domino-la-fecha-en-mercedes-y-se-consolida-en-la-cima-del-basquet-regional\/","og_site_name":"NOTICIASMERCEDINAS.COM","article_publisher":"https:\/\/www.facebook.com\/noticiasmercedinas\/","article_published_time":"2026-06-02T12:46:49+00:00","og_image":[{"width":640,"height":523,"url":"https:\/\/noticiasmercedinas.com\/site\/wp-content\/uploads\/2026\/06\/basf.jpg","type":"image\/jpeg"}],"author":"Juan Dagnino NOTICIASMERCEDINAS.COM","twitter_card":"summary_large_image","twitter_creator":"@notmercedinas","twitter_site":"@notmercedinas","twitter_misc":{"Escrito por":"Juan Dagnino NOTICIASMERCEDINAS.COM","Tiempo de lectura":"3 minutos"},"schema":{"@context":"https:\/\/schema.org","@graph":[{"@type":"Article","@id":"https:\/\/noticiasmercedinas.com\/site\/2026\/06\/02\/tempestad-domino-la-fecha-en-mercedes-y-se-consolida-en-la-cima-del-basquet-regional\/#article","isPartOf":{"@id":"https:\/\/noticiasmercedinas.com\/site\/2026\/06\/02\/tempestad-domino-la-fecha-en-mercedes-y-se-consolida-en-la-cima-del-basquet-regional\/"},"author":{"name":"Juan Dagnino NOTICIASMERCEDINAS.COM","@id":"https:\/\/noticiasmercedinas.com\/site\/#\/schema\/person\/8f2f09d666ef40986eba4a5e6f2a06f9"},"headline":"Tempestad domin\u00f3 la fecha en Mercedes y se consolida en la cima del b\u00e1squet regional","datePublished":"2026-06-02T12:46:49+00:00","mainEntityOfPage":{"@id":"https:\/\/noticiasmercedinas.com\/site\/2026\/06\/02\/tempestad-domino-la-fecha-en-mercedes-y-se-consolida-en-la-cima-del-basquet-regional\/"},"wordCount":475,"publisher":{"@id":"https:\/\/noticiasmercedinas.com\/site\/#organization"},"image":{"@id":"https:\/\/noticiasmercedinas.com\/site\/2026\/06\/02\/tempestad-domino-la-fecha-en-mercedes-y-se-consolida-en-la-cima-del-basquet-regional\/#primaryimage"},"thumbnailUrl":"https:\/\/noticiasmercedinas.com\/site\/wp-content\/uploads\/2026\/06\/basf.jpg","keywords":["amb","asociacion mercedina de basquetbol","b\u00e1squet"],"articleSection":["Deportes"],"inLanguage":"es"},{"@type":"WebPage","@id":"https:\/\/noticiasmercedinas.com\/site\/2026\/06\/02\/tempestad-domino-la-fecha-en-mercedes-y-se-consolida-en-la-cima-del-basquet-regional\/","url":"https:\/\/noticiasmercedinas.com\/site\/2026\/06\/02\/tempestad-domino-la-fecha-en-mercedes-y-se-consolida-en-la-cima-del-basquet-regional\/","name":"Tempestad domin\u00f3 la fecha en Mercedes y se consolida en la cima del b\u00e1squet regional","isPartOf":{"@id":"https:\/\/noticiasmercedinas.com\/site\/#website"},"primaryImageOfPage":{"@id":"https:\/\/noticiasmercedinas.com\/site\/2026\/06\/02\/tempestad-domino-la-fecha-en-mercedes-y-se-consolida-en-la-cima-del-basquet-regional\/#primaryimage"},"image":{"@id":"https:\/\/noticiasmercedinas.com\/site\/2026\/06\/02\/tempestad-domino-la-fecha-en-mercedes-y-se-consolida-en-la-cima-del-basquet-regional\/#primaryimage"},"thumbnailUrl":"https:\/\/noticiasmercedinas.com\/site\/wp-content\/uploads\/2026\/06\/basf.jpg","datePublished":"2026-06-02T12:46:49+00:00","breadcrumb":{"@id":"https:\/\/noticiasmercedinas.com\/site\/2026\/06\/02\/tempestad-domino-la-fecha-en-mercedes-y-se-consolida-en-la-cima-del-basquet-regional\/#breadcrumb"},"inLanguage":"es","potentialAction":[{"@type":"ReadAction","target":["https:\/\/noticiasmercedinas.com\/site\/2026\/06\/02\/tempestad-domino-la-fecha-en-mercedes-y-se-consolida-en-la-cima-del-basquet-regional\/"]}]},{"@type":"ImageObject","inLanguage":"es","@id":"https:\/\/noticiasmercedinas.com\/site\/2026\/06\/02\/tempestad-domino-la-fecha-en-mercedes-y-se-consolida-en-la-cima-del-basquet-regional\/#primaryimage","url":"https:\/\/noticiasmercedinas.com\/site\/wp-content\/uploads\/2026\/06\/basf.jpg","contentUrl":"https:\/\/noticiasmercedinas.com\/site\/wp-content\/uploads\/2026\/06\/basf.jpg","width":640,"height":523},{"@type":"BreadcrumbList","@id":"https:\/\/noticiasmercedinas.com\/site\/2026\/06\/02\/tempestad-domino-la-fecha-en-mercedes-y-se-consolida-en-la-cima-del-basquet-regional\/#breadcrumb","itemListElement":[{"@type":"ListItem","position":1,"name":"Portada","item":"https:\/\/noticiasmercedinas.com\/site\/"},{"@type":"ListItem","position":2,"name":"Tempestad domin\u00f3 la fecha en Mercedes y se consolida en la cima del b\u00e1squet regional"}]},{"@type":"WebSite","@id":"https:\/\/noticiasmercedinas.com\/site\/#website","url":"https:\/\/noticiasmercedinas.com\/site\/","name":"NOTICIASMERCEDINAS.COM","description":"Mercedes, Buenos Aires, Argentina","publisher":{"@id":"https:\/\/noticiasmercedinas.com\/site\/#organization"},"potentialAction":[{"@type":"SearchAction","target":{"@type":"EntryPoint","urlTemplate":"https:\/\/noticiasmercedinas.com\/site\/?s={search_term_string}"},"query-input":{"@type":"PropertyValueSpecification","valueRequired":true,"valueName":"search_term_string"}}],"inLanguage":"es"},{"@type":"Organization","@id":"https:\/\/noticiasmercedinas.com\/site\/#organization","name":"NOTICIASMERCEDINAS.COM","url":"https:\/\/noticiasmercedinas.com\/site\/","logo":{"@type":"ImageObject","inLanguage":"es","@id":"https:\/\/noticiasmercedinas.com\/site\/#\/schema\/logo\/image\/","url":"https:\/\/noticiasmercedinas.com\/site\/wp-content\/uploads\/2020\/06\/LOGO-512.jpg","contentUrl":"https:\/\/noticiasmercedinas.com\/site\/wp-content\/uploads\/2020\/06\/LOGO-512.jpg","width":512,"height":512,"caption":"NOTICIASMERCEDINAS.COM"},"image":{"@id":"https:\/\/noticiasmercedinas.com\/site\/#\/schema\/logo\/image\/"},"sameAs":["https:\/\/www.facebook.com\/noticiasmercedinas\/","https:\/\/x.com\/notmercedinas","https:\/\/www.instagram.com\/noticiasmercedinas\/"]},{"@type":"Person","@id":"https:\/\/noticiasmercedinas.com\/site\/#\/schema\/person\/8f2f09d666ef40986eba4a5e6f2a06f9","name":"Juan Dagnino NOTICIASMERCEDINAS.COM","image":{"@type":"ImageObject","inLanguage":"es","@id":"https:\/\/secure.gravatar.com\/avatar\/fc7059a769f5a3cae65fadb228a3e4accf3a64b4b2305020d0a27e6d5333c91b?s=96&d=mm&r=g","url":"https:\/\/secure.gravatar.com\/avatar\/fc7059a769f5a3cae65fadb228a3e4accf3a64b4b2305020d0a27e6d5333c91b?s=96&d=mm&r=g","contentUrl":"https:\/\/secure.gravatar.com\/avatar\/fc7059a769f5a3cae65fadb228a3e4accf3a64b4b2305020d0a27e6d5333c91b?s=96&d=mm&r=g","caption":"Juan Dagnino NOTICIASMERCEDINAS.COM"},"url":"https:\/\/noticiasmercedinas.com\/site\/author\/juandagnino\/"}]}},"amp_enabled":true,"_links":{"self":[{"href":"https:\/\/noticiasmercedinas.com\/site\/wp-json\/wp\/v2\/posts\/187881","targetHints":{"allow":["GET"]}}],"collection":[{"href":"https:\/\/noticiasmercedinas.com\/site\/wp-json\/wp\/v2\/posts"}],"about":[{"href":"https:\/\/noticiasmercedinas.com\/site\/wp-json\/wp\/v2\/types\/post"}],"author":[{"embeddable":true,"href":"https:\/\/noticiasmercedinas.com\/site\/wp-json\/wp\/v2\/users\/6"}],"replies":[{"embeddable":true,"href":"https:\/\/noticiasmercedinas.com\/site\/wp-json\/wp\/v2\/comments?post=187881"}],"version-history":[{"count":1,"href":"https:\/\/noticiasmercedinas.com\/site\/wp-json\/wp\/v2\/posts\/187881\/revisions"}],"predecessor-version":[{"id":187883,"href":"https:\/\/noticiasmercedinas.com\/site\/wp-json\/wp\/v2\/posts\/187881\/revisions\/187883"}],"wp:featuredmedia":[{"embeddable":true,"href":"https:\/\/noticiasmercedinas.com\/site\/wp-json\/wp\/v2\/media\/187882"}],"wp:attachment":[{"href":"https:\/\/noticiasmercedinas.com\/site\/wp-json\/wp\/v2\/media?parent=187881"}],"wp:term":[{"taxonomy":"category","embeddable":true,"href":"https:\/\/noticiasmercedinas.com\/site\/wp-json\/wp\/v2\/categories?post=187881"},{"taxonomy":"post_tag","embeddable":true,"href":"https:\/\/noticiasmercedinas.com\/site\/wp-json\/wp\/v2\/tags?post=187881"}],"curies":[{"name":"wp","href":"https:\/\/api.w.org\/{rel}","templated":true}]}}