{"id":188228,"date":"2026-06-06T21:13:11","date_gmt":"2026-06-07T00:13:11","guid":{"rendered":"https:\/\/noticiasmercedinas.com\/site\/?p=188228"},"modified":"2026-06-06T21:13:11","modified_gmt":"2026-06-07T00:13:11","slug":"quilmes-marca-diferencia-en-cadetes","status":"publish","type":"post","link":"https:\/\/noticiasmercedinas.com\/site\/2026\/06\/06\/quilmes-marca-diferencia-en-cadetes\/","title":{"rendered":"Quilmes marca diferencia en Cadetes"},"content":{"rendered":"<figure id=\"attachment_188229\" aria-describedby=\"caption-attachment-188229\" style=\"width: 640px\" class=\"wp-caption alignnone\"><img loading=\"lazy\" decoding=\"async\" class=\"wp-image-188229 size-full\" src=\"https:\/\/noticiasmercedinas.com\/site\/wp-content\/uploads\/2026\/06\/6082a847-fa79-42cf-87e2-4c197d12b7ba.jpg\" alt=\"\" width=\"640\" height=\"360\" srcset=\"https:\/\/noticiasmercedinas.com\/site\/wp-content\/uploads\/2026\/06\/6082a847-fa79-42cf-87e2-4c197d12b7ba.jpg 640w, https:\/\/noticiasmercedinas.com\/site\/wp-content\/uploads\/2026\/06\/6082a847-fa79-42cf-87e2-4c197d12b7ba-300x169.jpg 300w\" sizes=\"auto, (max-width: 640px) 100vw, 640px\" \/><figcaption id=\"caption-attachment-188229\" class=\"wp-caption-text\">Cadetes de Quilmes.<\/figcaption><\/figure>\n<p>El Club Atl\u00e9tico Quilmes disput\u00f3 este s\u00e1bado 6 una intensa jornada de b\u00e1squetbol formativo en condici\u00f3n de visitante frente a Sportivo de 25 de Mayo, en el marco de la 11\u00b0 fecha del torneo organizado por la Asociaci\u00f3n Chivilcoyana de B\u00e1squetbol (ACHB). La tira de partidos de las divisiones menores dej\u00f3 un saldo de una victoria y dos derrotas para el conjunto mercedino, que ya palpita el cierre de la primera etapa del certamen.<\/p>\n<p>El encuentro central de las juveniles se dio en la categor\u00eda <strong>Cadetes<\/strong>, donde Quilmes exhibi\u00f3 una notable superioridad y se impuso con un contundente <strong>104 a 34<\/strong>. El m\u00e1ximo anotador del equipo \u00abCervecero\u00bb fue <strong>Mateo Pastorini<\/strong>, quien lider\u00f3 la ofensiva con 18 unidades en un partido dominado de principio a fin por la visita.<\/p>\n<p><img loading=\"lazy\" decoding=\"async\" class=\"alignnone size-full wp-image-188230\" src=\"https:\/\/noticiasmercedinas.com\/site\/wp-content\/uploads\/2026\/06\/d4016a47-f0da-457f-aaee-2f2c9be7aac1.jpg\" alt=\"\" width=\"640\" height=\"360\" srcset=\"https:\/\/noticiasmercedinas.com\/site\/wp-content\/uploads\/2026\/06\/d4016a47-f0da-457f-aaee-2f2c9be7aac1.jpg 640w, https:\/\/noticiasmercedinas.com\/site\/wp-content\/uploads\/2026\/06\/d4016a47-f0da-457f-aaee-2f2c9be7aac1-300x169.jpg 300w\" sizes=\"auto, (max-width: 640px) 100vw, 640px\" \/><\/p>\n<p>Por el contrario, las divisiones menores no corrieron la misma suerte ante el due\u00f1o de casa. En la categor\u00eda <strong>Infantiles<\/strong>, Sportivo de 25 de Mayo se qued\u00f3 con el triunfo por <strong>52 a 42<\/strong>, a pesar del gran aporte individual de <strong>Gregorio Flores<\/strong>, quien encest\u00f3 17 puntos para el elenco mercedino. En tanto, en el encuentro de la categor\u00eda <strong>Mini<\/strong>, el local tambi\u00e9n festej\u00f3 tras vencer a Quilmes por <strong>47 a 34<\/strong>, destac\u00e1ndose <strong>Facundo Medina<\/strong> con 10 tantos en la escuadra visitante.<\/p>\n<p>El cronograma de las categor\u00edas formativas de Quilmes continuar\u00e1 el pr\u00f3ximo s\u00e1bado 13 cuando reciban a Millonarios de Bragado por la 12\u00b0 fecha, jornada que marcar\u00e1 el cierre de su participaci\u00f3n en la fase regular debido a que el equipo quedar\u00e1 libre en la 13\u00b0 y \u00faltima fecha.<\/p>\n<p><img loading=\"lazy\" decoding=\"async\" class=\"alignnone size-full wp-image-188231\" src=\"https:\/\/noticiasmercedinas.com\/site\/wp-content\/uploads\/2026\/06\/f5d281d1-e656-4c0a-8f4b-11270449cba3.jpg\" alt=\"\" width=\"640\" height=\"421\" srcset=\"https:\/\/noticiasmercedinas.com\/site\/wp-content\/uploads\/2026\/06\/f5d281d1-e656-4c0a-8f4b-11270449cba3.jpg 640w, https:\/\/noticiasmercedinas.com\/site\/wp-content\/uploads\/2026\/06\/f5d281d1-e656-4c0a-8f4b-11270449cba3-300x197.jpg 300w\" sizes=\"auto, (max-width: 640px) 100vw, 640px\" \/><\/p>\n<p><strong>Agenda de Primera<br \/>\n<\/strong>La actividad para el club mercedino no se detiene. Este domingo 7, la categor\u00eda <strong>Primera Divisi\u00f3n<\/strong> de Quilmes se presentar\u00e1 en la ciudad de Saladillo para enfrentarse ante <strong>Jacobo Urso<\/strong> a partir de las 19:00 horas. Asimismo, el calendario de la m\u00e1xima categor\u00eda estipula que por la siguiente jornada recibir\u00e1n a 9 de Julio en Mercedes el pr\u00f3ximo viernes 12, con horario a\u00fan por confirmar.<\/p>\n","protected":false},"excerpt":{"rendered":"<p>\u25a0 El \u00abCervecero\u00bb sum\u00f3 un triunfo en Cadetes y tropez\u00f3 en Infantiles y Mini por la 11\u00b0 fecha de la Asociaci\u00f3n Chivilcoyana de B\u00e1squetbol. El domingo juega la Primera Divisi\u00f3n.<\/p>\n","protected":false},"author":6,"featured_media":188229,"comment_status":"closed","ping_status":"closed","sticky":false,"template":"","format":"standard","meta":{"footnotes":""},"categories":[5],"tags":[15824,16984,1091,8967],"class_list":["post-188228","post","type-post","status-publish","format-standard","has-post-thumbnail","hentry","category-deportes","tag-achb","tag-asociacion-chivilcoyana-de-basquetbol","tag-basquet","tag-club-quilmes"],"yoast_head":"<!-- This site is optimized with the Yoast SEO plugin v28.3 - https:\/\/yoast.com\/product\/yoast-seo-wordpress\/ -->\n<title>Quilmes marca diferencia en Cadetes<\/title>\n<meta name=\"robots\" content=\"index, follow, max-snippet:-1, max-image-preview:large, max-video-preview:-1\" \/>\n<link rel=\"canonical\" href=\"https:\/\/noticiasmercedinas.com\/site\/2026\/06\/06\/quilmes-marca-diferencia-en-cadetes\/\" \/>\n<meta property=\"og:locale\" content=\"es_ES\" \/>\n<meta property=\"og:type\" content=\"article\" \/>\n<meta property=\"og:title\" content=\"Quilmes marca diferencia en Cadetes\" \/>\n<meta property=\"og:description\" content=\"\u25a0 El &quot;Cervecero&quot; sum\u00f3 un triunfo en Cadetes y tropez\u00f3 en Infantiles y Mini por la 11\u00b0 fecha de la Asociaci\u00f3n Chivilcoyana de B\u00e1squetbol. El domingo juega la Primera Divisi\u00f3n.\" \/>\n<meta property=\"og:url\" content=\"https:\/\/noticiasmercedinas.com\/site\/2026\/06\/06\/quilmes-marca-diferencia-en-cadetes\/\" \/>\n<meta property=\"og:site_name\" content=\"NOTICIASMERCEDINAS.COM\" \/>\n<meta property=\"article:publisher\" content=\"https:\/\/www.facebook.com\/noticiasmercedinas\/\" \/>\n<meta property=\"article:published_time\" content=\"2026-06-07T00:13:11+00:00\" \/>\n<meta property=\"og:image\" content=\"https:\/\/noticiasmercedinas.com\/site\/wp-content\/uploads\/2026\/06\/6082a847-fa79-42cf-87e2-4c197d12b7ba.jpg\" \/>\n\t<meta property=\"og:image:width\" content=\"640\" \/>\n\t<meta property=\"og:image:height\" content=\"360\" \/>\n\t<meta property=\"og:image:type\" content=\"image\/jpeg\" \/>\n<meta name=\"author\" content=\"Juan Dagnino NOTICIASMERCEDINAS.COM\" \/>\n<meta name=\"twitter:card\" content=\"summary_large_image\" \/>\n<meta name=\"twitter:creator\" content=\"@notmercedinas\" \/>\n<meta name=\"twitter:site\" content=\"@notmercedinas\" \/>\n<meta name=\"twitter:label1\" content=\"Escrito por\" \/>\n\t<meta name=\"twitter:data1\" content=\"Juan Dagnino NOTICIASMERCEDINAS.COM\" \/>\n\t<meta name=\"twitter:label2\" content=\"Tiempo de lectura\" \/>\n\t<meta name=\"twitter:data2\" content=\"3 minutos\" \/>\n<script type=\"application\/ld+json\" class=\"yoast-schema-graph\">{\"@context\":\"https:\\\/\\\/schema.org\",\"@graph\":[{\"@type\":\"Article\",\"@id\":\"https:\\\/\\\/noticiasmercedinas.com\\\/site\\\/2026\\\/06\\\/06\\\/quilmes-marca-diferencia-en-cadetes\\\/#article\",\"isPartOf\":{\"@id\":\"https:\\\/\\\/noticiasmercedinas.com\\\/site\\\/2026\\\/06\\\/06\\\/quilmes-marca-diferencia-en-cadetes\\\/\"},\"author\":{\"name\":\"Juan Dagnino NOTICIASMERCEDINAS.COM\",\"@id\":\"https:\\\/\\\/noticiasmercedinas.com\\\/site\\\/#\\\/schema\\\/person\\\/8f2f09d666ef40986eba4a5e6f2a06f9\"},\"headline\":\"Quilmes marca diferencia en Cadetes\",\"datePublished\":\"2026-06-07T00:13:11+00:00\",\"mainEntityOfPage\":{\"@id\":\"https:\\\/\\\/noticiasmercedinas.com\\\/site\\\/2026\\\/06\\\/06\\\/quilmes-marca-diferencia-en-cadetes\\\/\"},\"wordCount\":345,\"publisher\":{\"@id\":\"https:\\\/\\\/noticiasmercedinas.com\\\/site\\\/#organization\"},\"image\":{\"@id\":\"https:\\\/\\\/noticiasmercedinas.com\\\/site\\\/2026\\\/06\\\/06\\\/quilmes-marca-diferencia-en-cadetes\\\/#primaryimage\"},\"thumbnailUrl\":\"https:\\\/\\\/noticiasmercedinas.com\\\/site\\\/wp-content\\\/uploads\\\/2026\\\/06\\\/6082a847-fa79-42cf-87e2-4c197d12b7ba.jpg\",\"keywords\":[\"ACHB\",\"asociacion chivilcoyana de basquetbol\",\"b\u00e1squet\",\"club quilmes\"],\"articleSection\":[\"Deportes\"],\"inLanguage\":\"es\"},{\"@type\":\"WebPage\",\"@id\":\"https:\\\/\\\/noticiasmercedinas.com\\\/site\\\/2026\\\/06\\\/06\\\/quilmes-marca-diferencia-en-cadetes\\\/\",\"url\":\"https:\\\/\\\/noticiasmercedinas.com\\\/site\\\/2026\\\/06\\\/06\\\/quilmes-marca-diferencia-en-cadetes\\\/\",\"name\":\"Quilmes marca diferencia en Cadetes\",\"isPartOf\":{\"@id\":\"https:\\\/\\\/noticiasmercedinas.com\\\/site\\\/#website\"},\"primaryImageOfPage\":{\"@id\":\"https:\\\/\\\/noticiasmercedinas.com\\\/site\\\/2026\\\/06\\\/06\\\/quilmes-marca-diferencia-en-cadetes\\\/#primaryimage\"},\"image\":{\"@id\":\"https:\\\/\\\/noticiasmercedinas.com\\\/site\\\/2026\\\/06\\\/06\\\/quilmes-marca-diferencia-en-cadetes\\\/#primaryimage\"},\"thumbnailUrl\":\"https:\\\/\\\/noticiasmercedinas.com\\\/site\\\/wp-content\\\/uploads\\\/2026\\\/06\\\/6082a847-fa79-42cf-87e2-4c197d12b7ba.jpg\",\"datePublished\":\"2026-06-07T00:13:11+00:00\",\"breadcrumb\":{\"@id\":\"https:\\\/\\\/noticiasmercedinas.com\\\/site\\\/2026\\\/06\\\/06\\\/quilmes-marca-diferencia-en-cadetes\\\/#breadcrumb\"},\"inLanguage\":\"es\",\"potentialAction\":[{\"@type\":\"ReadAction\",\"target\":[\"https:\\\/\\\/noticiasmercedinas.com\\\/site\\\/2026\\\/06\\\/06\\\/quilmes-marca-diferencia-en-cadetes\\\/\"]}]},{\"@type\":\"ImageObject\",\"inLanguage\":\"es\",\"@id\":\"https:\\\/\\\/noticiasmercedinas.com\\\/site\\\/2026\\\/06\\\/06\\\/quilmes-marca-diferencia-en-cadetes\\\/#primaryimage\",\"url\":\"https:\\\/\\\/noticiasmercedinas.com\\\/site\\\/wp-content\\\/uploads\\\/2026\\\/06\\\/6082a847-fa79-42cf-87e2-4c197d12b7ba.jpg\",\"contentUrl\":\"https:\\\/\\\/noticiasmercedinas.com\\\/site\\\/wp-content\\\/uploads\\\/2026\\\/06\\\/6082a847-fa79-42cf-87e2-4c197d12b7ba.jpg\",\"width\":640,\"height\":360},{\"@type\":\"BreadcrumbList\",\"@id\":\"https:\\\/\\\/noticiasmercedinas.com\\\/site\\\/2026\\\/06\\\/06\\\/quilmes-marca-diferencia-en-cadetes\\\/#breadcrumb\",\"itemListElement\":[{\"@type\":\"ListItem\",\"position\":1,\"name\":\"Portada\",\"item\":\"https:\\\/\\\/noticiasmercedinas.com\\\/site\\\/\"},{\"@type\":\"ListItem\",\"position\":2,\"name\":\"Quilmes marca diferencia en Cadetes\"}]},{\"@type\":\"WebSite\",\"@id\":\"https:\\\/\\\/noticiasmercedinas.com\\\/site\\\/#website\",\"url\":\"https:\\\/\\\/noticiasmercedinas.com\\\/site\\\/\",\"name\":\"NOTICIASMERCEDINAS.COM\",\"description\":\"Mercedes, Buenos Aires, Argentina\",\"publisher\":{\"@id\":\"https:\\\/\\\/noticiasmercedinas.com\\\/site\\\/#organization\"},\"potentialAction\":[{\"@type\":\"SearchAction\",\"target\":{\"@type\":\"EntryPoint\",\"urlTemplate\":\"https:\\\/\\\/noticiasmercedinas.com\\\/site\\\/?s={search_term_string}\"},\"query-input\":{\"@type\":\"PropertyValueSpecification\",\"valueRequired\":true,\"valueName\":\"search_term_string\"}}],\"inLanguage\":\"es\"},{\"@type\":\"Organization\",\"@id\":\"https:\\\/\\\/noticiasmercedinas.com\\\/site\\\/#organization\",\"name\":\"NOTICIASMERCEDINAS.COM\",\"url\":\"https:\\\/\\\/noticiasmercedinas.com\\\/site\\\/\",\"logo\":{\"@type\":\"ImageObject\",\"inLanguage\":\"es\",\"@id\":\"https:\\\/\\\/noticiasmercedinas.com\\\/site\\\/#\\\/schema\\\/logo\\\/image\\\/\",\"url\":\"https:\\\/\\\/noticiasmercedinas.com\\\/site\\\/wp-content\\\/uploads\\\/2020\\\/06\\\/LOGO-512.jpg\",\"contentUrl\":\"https:\\\/\\\/noticiasmercedinas.com\\\/site\\\/wp-content\\\/uploads\\\/2020\\\/06\\\/LOGO-512.jpg\",\"width\":512,\"height\":512,\"caption\":\"NOTICIASMERCEDINAS.COM\"},\"image\":{\"@id\":\"https:\\\/\\\/noticiasmercedinas.com\\\/site\\\/#\\\/schema\\\/logo\\\/image\\\/\"},\"sameAs\":[\"https:\\\/\\\/www.facebook.com\\\/noticiasmercedinas\\\/\",\"https:\\\/\\\/x.com\\\/notmercedinas\",\"https:\\\/\\\/www.instagram.com\\\/noticiasmercedinas\\\/\"]},{\"@type\":\"Person\",\"@id\":\"https:\\\/\\\/noticiasmercedinas.com\\\/site\\\/#\\\/schema\\\/person\\\/8f2f09d666ef40986eba4a5e6f2a06f9\",\"name\":\"Juan Dagnino NOTICIASMERCEDINAS.COM\",\"image\":{\"@type\":\"ImageObject\",\"inLanguage\":\"es\",\"@id\":\"https:\\\/\\\/secure.gravatar.com\\\/avatar\\\/fc7059a769f5a3cae65fadb228a3e4accf3a64b4b2305020d0a27e6d5333c91b?s=96&d=mm&r=g\",\"url\":\"https:\\\/\\\/secure.gravatar.com\\\/avatar\\\/fc7059a769f5a3cae65fadb228a3e4accf3a64b4b2305020d0a27e6d5333c91b?s=96&d=mm&r=g\",\"contentUrl\":\"https:\\\/\\\/secure.gravatar.com\\\/avatar\\\/fc7059a769f5a3cae65fadb228a3e4accf3a64b4b2305020d0a27e6d5333c91b?s=96&d=mm&r=g\",\"caption\":\"Juan Dagnino NOTICIASMERCEDINAS.COM\"},\"url\":\"https:\\\/\\\/noticiasmercedinas.com\\\/site\\\/author\\\/juandagnino\\\/\"}]}<\/script>\n<!-- \/ Yoast SEO plugin. -->","yoast_head_json":{"title":"Quilmes marca diferencia en Cadetes","robots":{"index":"index","follow":"follow","max-snippet":"max-snippet:-1","max-image-preview":"max-image-preview:large","max-video-preview":"max-video-preview:-1"},"canonical":"https:\/\/noticiasmercedinas.com\/site\/2026\/06\/06\/quilmes-marca-diferencia-en-cadetes\/","og_locale":"es_ES","og_type":"article","og_title":"Quilmes marca diferencia en Cadetes","og_description":"\u25a0 El \"Cervecero\" sum\u00f3 un triunfo en Cadetes y tropez\u00f3 en Infantiles y Mini por la 11\u00b0 fecha de la Asociaci\u00f3n Chivilcoyana de B\u00e1squetbol. El domingo juega la Primera Divisi\u00f3n.","og_url":"https:\/\/noticiasmercedinas.com\/site\/2026\/06\/06\/quilmes-marca-diferencia-en-cadetes\/","og_site_name":"NOTICIASMERCEDINAS.COM","article_publisher":"https:\/\/www.facebook.com\/noticiasmercedinas\/","article_published_time":"2026-06-07T00:13:11+00:00","og_image":[{"width":640,"height":360,"url":"https:\/\/noticiasmercedinas.com\/site\/wp-content\/uploads\/2026\/06\/6082a847-fa79-42cf-87e2-4c197d12b7ba.jpg","type":"image\/jpeg"}],"author":"Juan Dagnino NOTICIASMERCEDINAS.COM","twitter_card":"summary_large_image","twitter_creator":"@notmercedinas","twitter_site":"@notmercedinas","twitter_misc":{"Escrito por":"Juan Dagnino NOTICIASMERCEDINAS.COM","Tiempo de lectura":"3 minutos"},"schema":{"@context":"https:\/\/schema.org","@graph":[{"@type":"Article","@id":"https:\/\/noticiasmercedinas.com\/site\/2026\/06\/06\/quilmes-marca-diferencia-en-cadetes\/#article","isPartOf":{"@id":"https:\/\/noticiasmercedinas.com\/site\/2026\/06\/06\/quilmes-marca-diferencia-en-cadetes\/"},"author":{"name":"Juan Dagnino NOTICIASMERCEDINAS.COM","@id":"https:\/\/noticiasmercedinas.com\/site\/#\/schema\/person\/8f2f09d666ef40986eba4a5e6f2a06f9"},"headline":"Quilmes marca diferencia en Cadetes","datePublished":"2026-06-07T00:13:11+00:00","mainEntityOfPage":{"@id":"https:\/\/noticiasmercedinas.com\/site\/2026\/06\/06\/quilmes-marca-diferencia-en-cadetes\/"},"wordCount":345,"publisher":{"@id":"https:\/\/noticiasmercedinas.com\/site\/#organization"},"image":{"@id":"https:\/\/noticiasmercedinas.com\/site\/2026\/06\/06\/quilmes-marca-diferencia-en-cadetes\/#primaryimage"},"thumbnailUrl":"https:\/\/noticiasmercedinas.com\/site\/wp-content\/uploads\/2026\/06\/6082a847-fa79-42cf-87e2-4c197d12b7ba.jpg","keywords":["ACHB","asociacion chivilcoyana de basquetbol","b\u00e1squet","club quilmes"],"articleSection":["Deportes"],"inLanguage":"es"},{"@type":"WebPage","@id":"https:\/\/noticiasmercedinas.com\/site\/2026\/06\/06\/quilmes-marca-diferencia-en-cadetes\/","url":"https:\/\/noticiasmercedinas.com\/site\/2026\/06\/06\/quilmes-marca-diferencia-en-cadetes\/","name":"Quilmes marca diferencia en Cadetes","isPartOf":{"@id":"https:\/\/noticiasmercedinas.com\/site\/#website"},"primaryImageOfPage":{"@id":"https:\/\/noticiasmercedinas.com\/site\/2026\/06\/06\/quilmes-marca-diferencia-en-cadetes\/#primaryimage"},"image":{"@id":"https:\/\/noticiasmercedinas.com\/site\/2026\/06\/06\/quilmes-marca-diferencia-en-cadetes\/#primaryimage"},"thumbnailUrl":"https:\/\/noticiasmercedinas.com\/site\/wp-content\/uploads\/2026\/06\/6082a847-fa79-42cf-87e2-4c197d12b7ba.jpg","datePublished":"2026-06-07T00:13:11+00:00","breadcrumb":{"@id":"https:\/\/noticiasmercedinas.com\/site\/2026\/06\/06\/quilmes-marca-diferencia-en-cadetes\/#breadcrumb"},"inLanguage":"es","potentialAction":[{"@type":"ReadAction","target":["https:\/\/noticiasmercedinas.com\/site\/2026\/06\/06\/quilmes-marca-diferencia-en-cadetes\/"]}]},{"@type":"ImageObject","inLanguage":"es","@id":"https:\/\/noticiasmercedinas.com\/site\/2026\/06\/06\/quilmes-marca-diferencia-en-cadetes\/#primaryimage","url":"https:\/\/noticiasmercedinas.com\/site\/wp-content\/uploads\/2026\/06\/6082a847-fa79-42cf-87e2-4c197d12b7ba.jpg","contentUrl":"https:\/\/noticiasmercedinas.com\/site\/wp-content\/uploads\/2026\/06\/6082a847-fa79-42cf-87e2-4c197d12b7ba.jpg","width":640,"height":360},{"@type":"BreadcrumbList","@id":"https:\/\/noticiasmercedinas.com\/site\/2026\/06\/06\/quilmes-marca-diferencia-en-cadetes\/#breadcrumb","itemListElement":[{"@type":"ListItem","position":1,"name":"Portada","item":"https:\/\/noticiasmercedinas.com\/site\/"},{"@type":"ListItem","position":2,"name":"Quilmes marca diferencia en Cadetes"}]},{"@type":"WebSite","@id":"https:\/\/noticiasmercedinas.com\/site\/#website","url":"https:\/\/noticiasmercedinas.com\/site\/","name":"NOTICIASMERCEDINAS.COM","description":"Mercedes, Buenos Aires, Argentina","publisher":{"@id":"https:\/\/noticiasmercedinas.com\/site\/#organization"},"potentialAction":[{"@type":"SearchAction","target":{"@type":"EntryPoint","urlTemplate":"https:\/\/noticiasmercedinas.com\/site\/?s={search_term_string}"},"query-input":{"@type":"PropertyValueSpecification","valueRequired":true,"valueName":"search_term_string"}}],"inLanguage":"es"},{"@type":"Organization","@id":"https:\/\/noticiasmercedinas.com\/site\/#organization","name":"NOTICIASMERCEDINAS.COM","url":"https:\/\/noticiasmercedinas.com\/site\/","logo":{"@type":"ImageObject","inLanguage":"es","@id":"https:\/\/noticiasmercedinas.com\/site\/#\/schema\/logo\/image\/","url":"https:\/\/noticiasmercedinas.com\/site\/wp-content\/uploads\/2020\/06\/LOGO-512.jpg","contentUrl":"https:\/\/noticiasmercedinas.com\/site\/wp-content\/uploads\/2020\/06\/LOGO-512.jpg","width":512,"height":512,"caption":"NOTICIASMERCEDINAS.COM"},"image":{"@id":"https:\/\/noticiasmercedinas.com\/site\/#\/schema\/logo\/image\/"},"sameAs":["https:\/\/www.facebook.com\/noticiasmercedinas\/","https:\/\/x.com\/notmercedinas","https:\/\/www.instagram.com\/noticiasmercedinas\/"]},{"@type":"Person","@id":"https:\/\/noticiasmercedinas.com\/site\/#\/schema\/person\/8f2f09d666ef40986eba4a5e6f2a06f9","name":"Juan Dagnino NOTICIASMERCEDINAS.COM","image":{"@type":"ImageObject","inLanguage":"es","@id":"https:\/\/secure.gravatar.com\/avatar\/fc7059a769f5a3cae65fadb228a3e4accf3a64b4b2305020d0a27e6d5333c91b?s=96&d=mm&r=g","url":"https:\/\/secure.gravatar.com\/avatar\/fc7059a769f5a3cae65fadb228a3e4accf3a64b4b2305020d0a27e6d5333c91b?s=96&d=mm&r=g","contentUrl":"https:\/\/secure.gravatar.com\/avatar\/fc7059a769f5a3cae65fadb228a3e4accf3a64b4b2305020d0a27e6d5333c91b?s=96&d=mm&r=g","caption":"Juan Dagnino NOTICIASMERCEDINAS.COM"},"url":"https:\/\/noticiasmercedinas.com\/site\/author\/juandagnino\/"}]}},"amp_enabled":true,"_links":{"self":[{"href":"https:\/\/noticiasmercedinas.com\/site\/wp-json\/wp\/v2\/posts\/188228","targetHints":{"allow":["GET"]}}],"collection":[{"href":"https:\/\/noticiasmercedinas.com\/site\/wp-json\/wp\/v2\/posts"}],"about":[{"href":"https:\/\/noticiasmercedinas.com\/site\/wp-json\/wp\/v2\/types\/post"}],"author":[{"embeddable":true,"href":"https:\/\/noticiasmercedinas.com\/site\/wp-json\/wp\/v2\/users\/6"}],"replies":[{"embeddable":true,"href":"https:\/\/noticiasmercedinas.com\/site\/wp-json\/wp\/v2\/comments?post=188228"}],"version-history":[{"count":1,"href":"https:\/\/noticiasmercedinas.com\/site\/wp-json\/wp\/v2\/posts\/188228\/revisions"}],"predecessor-version":[{"id":188232,"href":"https:\/\/noticiasmercedinas.com\/site\/wp-json\/wp\/v2\/posts\/188228\/revisions\/188232"}],"wp:featuredmedia":[{"embeddable":true,"href":"https:\/\/noticiasmercedinas.com\/site\/wp-json\/wp\/v2\/media\/188229"}],"wp:attachment":[{"href":"https:\/\/noticiasmercedinas.com\/site\/wp-json\/wp\/v2\/media?parent=188228"}],"wp:term":[{"taxonomy":"category","embeddable":true,"href":"https:\/\/noticiasmercedinas.com\/site\/wp-json\/wp\/v2\/categories?post=188228"},{"taxonomy":"post_tag","embeddable":true,"href":"https:\/\/noticiasmercedinas.com\/site\/wp-json\/wp\/v2\/tags?post=188228"}],"curies":[{"name":"wp","href":"https:\/\/api.w.org\/{rel}","templated":true}]}}