{"id":18838,"date":"2019-05-13T17:13:53","date_gmt":"2019-05-13T20:13:53","guid":{"rendered":"https:\/\/noticiasmercedinas.com\/site\/?p=18838"},"modified":"2019-05-13T17:13:53","modified_gmt":"2019-05-13T20:13:53","slug":"semana-del-parto-respetado-primeros-mil-dias-por-los-derechos-de-padres-y-ninos-al-nacer","status":"publish","type":"post","link":"https:\/\/noticiasmercedinas.com\/site\/2019\/05\/13\/semana-del-parto-respetado-primeros-mil-dias-por-los-derechos-de-padres-y-ninos-al-nacer\/","title":{"rendered":"Semana del Parto Respetado: Primeros Mil D\u00edas, por los derechos de padres y ni\u00f1os al nacer"},"content":{"rendered":"<p><img loading=\"lazy\" decoding=\"async\" class=\"alignnone size-full wp-image-18839\" src=\"https:\/\/noticiasmercedinas.com\/site\/wp-content\/uploads\/2019\/05\/60086426_1636237616521310_7807609958345736192_n.jpg\" alt=\"\" width=\"960\" height=\"960\" srcset=\"https:\/\/noticiasmercedinas.com\/site\/wp-content\/uploads\/2019\/05\/60086426_1636237616521310_7807609958345736192_n.jpg 960w, https:\/\/noticiasmercedinas.com\/site\/wp-content\/uploads\/2019\/05\/60086426_1636237616521310_7807609958345736192_n-150x150.jpg 150w, https:\/\/noticiasmercedinas.com\/site\/wp-content\/uploads\/2019\/05\/60086426_1636237616521310_7807609958345736192_n-300x300.jpg 300w, https:\/\/noticiasmercedinas.com\/site\/wp-content\/uploads\/2019\/05\/60086426_1636237616521310_7807609958345736192_n-768x768.jpg 768w, https:\/\/noticiasmercedinas.com\/site\/wp-content\/uploads\/2019\/05\/60086426_1636237616521310_7807609958345736192_n-640x640.jpg 640w, https:\/\/noticiasmercedinas.com\/site\/wp-content\/uploads\/2019\/05\/60086426_1636237616521310_7807609958345736192_n-681x681.jpg 681w\" sizes=\"auto, (max-width: 960px) 100vw, 960px\" \/><\/p>\n<p>Desde el programa \u201cPrimeros 1000 D\u00edas\u201d de la Secretar\u00eda de Salud de la Municipalidad de Mercedes, y en el marco de la Semana del Parto Respetado, remarcaron la importancia de conocer los derechos de los padres y los ni\u00f1os en el momento del nacimiento.<\/p>\n<p>\u201cHoy inicia la Semana Mundial del Parto Respetado. Como todos los a\u00f1os, se intenta concientizar sobre la importancia de que se respeten los derechos de los padres y los ni\u00f1os en el momento del nacimiento, teniendo en cuenta los deseos y necesidades de la familia que va a dar a luz\u201d, indicaron.<\/p>\n<p>\u201cEn nuestro pa\u00eds\u201d, informaron, \u201cla Ley de Parto Humanizado fue sancionada en 2004 y reglamentada en 2015. Consideramos de suma importancia que todas las familias conozcan sus derechos, y que las instituciones redoblen el esfuerzo para garantizar el cumplimiento de los mismos\u201d.<\/p>\n<p>La Semana Mundial del Parto Respetado se celebra del 13 al 17 de mayo y busca recuperar los derechos de la mujer y la familia.<\/p>\n<p>Se denomina \u00abparto respetado\u00bb o \u00abparto humanizado\u00bb a un modo de atender el proceso de parto en el cual se privilegia la voluntad de la mujer que va a dar a luz y se respetan sus tiempos fisiol\u00f3gicos personales. El objetivo es que el momento del parto sea un espacio familiar donde la mujer y su beb\u00e9 sean los protagonistas, donde el nacimiento se desarrolle de la manera m\u00e1s natural posible y donde no se realicen intervenciones quir\u00fargicas innecesarias, en consonancia con las recomendaciones de la Organizaci\u00f3n Mundial de la Salud.\u200b El objetivo es que los nacimientos por ces\u00e1rea no superen el 15% de los partos de un pa\u00eds.<\/p>\n<p>Aunque puede salvar vidas, la ces\u00e1rea a menudo se realiza sin necesidad m\u00e9dica, y puede poner a las mujeres y a sus beb\u00e9s en riesgo de problemas de salud a corto y a largo plazo.<\/p>\n<p>El parto respetado abarca, como puntos m\u00e1s importantes, cuestiones como la elecci\u00f3n del lugar donde se producir\u00e1 el parto (hospitales, sanatorios o incluso la propia casa),\u200b la forma y la posici\u00f3n de parir, y la elecci\u00f3n de la persona de acompa\u00f1amiento durante el proceso.<\/p>\n","protected":false},"excerpt":{"rendered":"<p>Desde el programa \u201cPrimeros 1000 D\u00edas\u201d de la Secretar\u00eda de Salud de la Municipalidad de Mercedes, y en el marco de la Semana del Parto Respetado, remarcaron la importancia de conocer los derechos de los padres y los ni\u00f1os en el momento del nacimiento. \u201cHoy inicia la Semana Mundial del Parto Respetado. Como todos los [&hellip;]<\/p>\n","protected":false},"author":16,"featured_media":18839,"comment_status":"open","ping_status":"open","sticky":false,"template":"","format":"standard","meta":{"footnotes":""},"categories":[3],"tags":[3138,4799,573,71,4800],"class_list":["post-18838","post","type-post","status-publish","format-standard","has-post-thumbnail","hentry","category-sociedad","tag-parto","tag-parto-respetado","tag-primeros-mil-dias","tag-salud","tag-semana-mundial-del-parto-respetado"],"yoast_head":"<!-- This site is optimized with the Yoast SEO plugin v27.5 - https:\/\/yoast.com\/product\/yoast-seo-wordpress\/ -->\n<title>Semana del Parto Respetado: Primeros Mil D\u00edas, por los derechos de padres y ni\u00f1os al nacer<\/title>\n<meta name=\"robots\" content=\"index, follow, max-snippet:-1, max-image-preview:large, max-video-preview:-1\" \/>\n<link rel=\"canonical\" href=\"https:\/\/noticiasmercedinas.com\/site\/2019\/05\/13\/semana-del-parto-respetado-primeros-mil-dias-por-los-derechos-de-padres-y-ninos-al-nacer\/\" \/>\n<meta property=\"og:locale\" content=\"es_ES\" \/>\n<meta property=\"og:type\" content=\"article\" \/>\n<meta property=\"og:title\" content=\"Semana del Parto Respetado: Primeros Mil D\u00edas, por los derechos de padres y ni\u00f1os al nacer\" \/>\n<meta property=\"og:description\" content=\"Desde el programa \u201cPrimeros 1000 D\u00edas\u201d de la Secretar\u00eda de Salud de la Municipalidad de Mercedes, y en el marco de la Semana del Parto Respetado, remarcaron la importancia de conocer los derechos de los padres y los ni\u00f1os en el momento del nacimiento. \u201cHoy inicia la Semana Mundial del Parto Respetado. Como todos los [&hellip;]\" \/>\n<meta property=\"og:url\" content=\"https:\/\/noticiasmercedinas.com\/site\/2019\/05\/13\/semana-del-parto-respetado-primeros-mil-dias-por-los-derechos-de-padres-y-ninos-al-nacer\/\" \/>\n<meta property=\"og:site_name\" content=\"NOTICIASMERCEDINAS.COM\" \/>\n<meta property=\"article:publisher\" content=\"https:\/\/www.facebook.com\/noticiasmercedinas\/\" \/>\n<meta property=\"article:published_time\" content=\"2019-05-13T20:13:53+00:00\" \/>\n<meta property=\"og:image\" content=\"https:\/\/noticiasmercedinas.com\/site\/wp-content\/uploads\/2019\/05\/60086426_1636237616521310_7807609958345736192_n.jpg\" \/>\n\t<meta property=\"og:image:width\" content=\"960\" \/>\n\t<meta property=\"og:image:height\" content=\"960\" \/>\n\t<meta property=\"og:image:type\" content=\"image\/jpeg\" \/>\n<meta name=\"author\" content=\"NOTICIASMERCEDINAS.COM\" \/>\n<meta name=\"twitter:card\" content=\"summary_large_image\" \/>\n<meta name=\"twitter:creator\" content=\"@notmercedinas\" \/>\n<meta name=\"twitter:site\" content=\"@notmercedinas\" \/>\n<meta name=\"twitter:label1\" content=\"Escrito por\" \/>\n\t<meta name=\"twitter:data1\" content=\"NOTICIASMERCEDINAS.COM\" \/>\n\t<meta name=\"twitter:label2\" content=\"Tiempo de lectura\" \/>\n\t<meta name=\"twitter:data2\" content=\"2 minutos\" \/>\n<script type=\"application\/ld+json\" class=\"yoast-schema-graph\">{\"@context\":\"https:\\\/\\\/schema.org\",\"@graph\":[{\"@type\":\"Article\",\"@id\":\"https:\\\/\\\/noticiasmercedinas.com\\\/site\\\/2019\\\/05\\\/13\\\/semana-del-parto-respetado-primeros-mil-dias-por-los-derechos-de-padres-y-ninos-al-nacer\\\/#article\",\"isPartOf\":{\"@id\":\"https:\\\/\\\/noticiasmercedinas.com\\\/site\\\/2019\\\/05\\\/13\\\/semana-del-parto-respetado-primeros-mil-dias-por-los-derechos-de-padres-y-ninos-al-nacer\\\/\"},\"author\":{\"name\":\"NOTICIASMERCEDINAS.COM\",\"@id\":\"https:\\\/\\\/noticiasmercedinas.com\\\/site\\\/#\\\/schema\\\/person\\\/84b59c099c28ff2e8b77d4ceec5d8063\"},\"headline\":\"Semana del Parto Respetado: Primeros Mil D\u00edas, por los derechos de padres y ni\u00f1os al nacer\",\"datePublished\":\"2019-05-13T20:13:53+00:00\",\"mainEntityOfPage\":{\"@id\":\"https:\\\/\\\/noticiasmercedinas.com\\\/site\\\/2019\\\/05\\\/13\\\/semana-del-parto-respetado-primeros-mil-dias-por-los-derechos-de-padres-y-ninos-al-nacer\\\/\"},\"wordCount\":383,\"commentCount\":0,\"publisher\":{\"@id\":\"https:\\\/\\\/noticiasmercedinas.com\\\/site\\\/#organization\"},\"image\":{\"@id\":\"https:\\\/\\\/noticiasmercedinas.com\\\/site\\\/2019\\\/05\\\/13\\\/semana-del-parto-respetado-primeros-mil-dias-por-los-derechos-de-padres-y-ninos-al-nacer\\\/#primaryimage\"},\"thumbnailUrl\":\"https:\\\/\\\/noticiasmercedinas.com\\\/site\\\/wp-content\\\/uploads\\\/2019\\\/05\\\/60086426_1636237616521310_7807609958345736192_n.jpg\",\"keywords\":[\"parto\",\"parto respetado\",\"primeros mil dias\",\"salud\",\"semana mundial del parto respetado\"],\"articleSection\":[\"Sociedad\"],\"inLanguage\":\"es\",\"potentialAction\":[{\"@type\":\"CommentAction\",\"name\":\"Comment\",\"target\":[\"https:\\\/\\\/noticiasmercedinas.com\\\/site\\\/2019\\\/05\\\/13\\\/semana-del-parto-respetado-primeros-mil-dias-por-los-derechos-de-padres-y-ninos-al-nacer\\\/#respond\"]}]},{\"@type\":\"WebPage\",\"@id\":\"https:\\\/\\\/noticiasmercedinas.com\\\/site\\\/2019\\\/05\\\/13\\\/semana-del-parto-respetado-primeros-mil-dias-por-los-derechos-de-padres-y-ninos-al-nacer\\\/\",\"url\":\"https:\\\/\\\/noticiasmercedinas.com\\\/site\\\/2019\\\/05\\\/13\\\/semana-del-parto-respetado-primeros-mil-dias-por-los-derechos-de-padres-y-ninos-al-nacer\\\/\",\"name\":\"Semana del Parto Respetado: Primeros Mil D\u00edas, por los derechos de padres y ni\u00f1os al nacer\",\"isPartOf\":{\"@id\":\"https:\\\/\\\/noticiasmercedinas.com\\\/site\\\/#website\"},\"primaryImageOfPage\":{\"@id\":\"https:\\\/\\\/noticiasmercedinas.com\\\/site\\\/2019\\\/05\\\/13\\\/semana-del-parto-respetado-primeros-mil-dias-por-los-derechos-de-padres-y-ninos-al-nacer\\\/#primaryimage\"},\"image\":{\"@id\":\"https:\\\/\\\/noticiasmercedinas.com\\\/site\\\/2019\\\/05\\\/13\\\/semana-del-parto-respetado-primeros-mil-dias-por-los-derechos-de-padres-y-ninos-al-nacer\\\/#primaryimage\"},\"thumbnailUrl\":\"https:\\\/\\\/noticiasmercedinas.com\\\/site\\\/wp-content\\\/uploads\\\/2019\\\/05\\\/60086426_1636237616521310_7807609958345736192_n.jpg\",\"datePublished\":\"2019-05-13T20:13:53+00:00\",\"breadcrumb\":{\"@id\":\"https:\\\/\\\/noticiasmercedinas.com\\\/site\\\/2019\\\/05\\\/13\\\/semana-del-parto-respetado-primeros-mil-dias-por-los-derechos-de-padres-y-ninos-al-nacer\\\/#breadcrumb\"},\"inLanguage\":\"es\",\"potentialAction\":[{\"@type\":\"ReadAction\",\"target\":[\"https:\\\/\\\/noticiasmercedinas.com\\\/site\\\/2019\\\/05\\\/13\\\/semana-del-parto-respetado-primeros-mil-dias-por-los-derechos-de-padres-y-ninos-al-nacer\\\/\"]}]},{\"@type\":\"ImageObject\",\"inLanguage\":\"es\",\"@id\":\"https:\\\/\\\/noticiasmercedinas.com\\\/site\\\/2019\\\/05\\\/13\\\/semana-del-parto-respetado-primeros-mil-dias-por-los-derechos-de-padres-y-ninos-al-nacer\\\/#primaryimage\",\"url\":\"https:\\\/\\\/noticiasmercedinas.com\\\/site\\\/wp-content\\\/uploads\\\/2019\\\/05\\\/60086426_1636237616521310_7807609958345736192_n.jpg\",\"contentUrl\":\"https:\\\/\\\/noticiasmercedinas.com\\\/site\\\/wp-content\\\/uploads\\\/2019\\\/05\\\/60086426_1636237616521310_7807609958345736192_n.jpg\",\"width\":960,\"height\":960},{\"@type\":\"BreadcrumbList\",\"@id\":\"https:\\\/\\\/noticiasmercedinas.com\\\/site\\\/2019\\\/05\\\/13\\\/semana-del-parto-respetado-primeros-mil-dias-por-los-derechos-de-padres-y-ninos-al-nacer\\\/#breadcrumb\",\"itemListElement\":[{\"@type\":\"ListItem\",\"position\":1,\"name\":\"Portada\",\"item\":\"https:\\\/\\\/noticiasmercedinas.com\\\/site\\\/\"},{\"@type\":\"ListItem\",\"position\":2,\"name\":\"Semana del Parto Respetado: Primeros Mil D\u00edas, por los derechos de padres y ni\u00f1os al nacer\"}]},{\"@type\":\"WebSite\",\"@id\":\"https:\\\/\\\/noticiasmercedinas.com\\\/site\\\/#website\",\"url\":\"https:\\\/\\\/noticiasmercedinas.com\\\/site\\\/\",\"name\":\"NOTICIASMERCEDINAS.COM\",\"description\":\"Mercedes, Buenos Aires, Argentina\",\"publisher\":{\"@id\":\"https:\\\/\\\/noticiasmercedinas.com\\\/site\\\/#organization\"},\"potentialAction\":[{\"@type\":\"SearchAction\",\"target\":{\"@type\":\"EntryPoint\",\"urlTemplate\":\"https:\\\/\\\/noticiasmercedinas.com\\\/site\\\/?s={search_term_string}\"},\"query-input\":{\"@type\":\"PropertyValueSpecification\",\"valueRequired\":true,\"valueName\":\"search_term_string\"}}],\"inLanguage\":\"es\"},{\"@type\":\"Organization\",\"@id\":\"https:\\\/\\\/noticiasmercedinas.com\\\/site\\\/#organization\",\"name\":\"NOTICIASMERCEDINAS.COM\",\"url\":\"https:\\\/\\\/noticiasmercedinas.com\\\/site\\\/\",\"logo\":{\"@type\":\"ImageObject\",\"inLanguage\":\"es\",\"@id\":\"https:\\\/\\\/noticiasmercedinas.com\\\/site\\\/#\\\/schema\\\/logo\\\/image\\\/\",\"url\":\"https:\\\/\\\/noticiasmercedinas.com\\\/site\\\/wp-content\\\/uploads\\\/2020\\\/06\\\/LOGO-512.jpg\",\"contentUrl\":\"https:\\\/\\\/noticiasmercedinas.com\\\/site\\\/wp-content\\\/uploads\\\/2020\\\/06\\\/LOGO-512.jpg\",\"width\":512,\"height\":512,\"caption\":\"NOTICIASMERCEDINAS.COM\"},\"image\":{\"@id\":\"https:\\\/\\\/noticiasmercedinas.com\\\/site\\\/#\\\/schema\\\/logo\\\/image\\\/\"},\"sameAs\":[\"https:\\\/\\\/www.facebook.com\\\/noticiasmercedinas\\\/\",\"https:\\\/\\\/x.com\\\/notmercedinas\",\"https:\\\/\\\/www.instagram.com\\\/noticiasmercedinas\\\/\"]},{\"@type\":\"Person\",\"@id\":\"https:\\\/\\\/noticiasmercedinas.com\\\/site\\\/#\\\/schema\\\/person\\\/84b59c099c28ff2e8b77d4ceec5d8063\",\"name\":\"NOTICIASMERCEDINAS.COM\",\"image\":{\"@type\":\"ImageObject\",\"inLanguage\":\"es\",\"@id\":\"https:\\\/\\\/secure.gravatar.com\\\/avatar\\\/4dfbf16b4d17945bfb6341b2d19043457132fcf478a5ee04f42e959fd8f5df0a?s=96&d=mm&r=g\",\"url\":\"https:\\\/\\\/secure.gravatar.com\\\/avatar\\\/4dfbf16b4d17945bfb6341b2d19043457132fcf478a5ee04f42e959fd8f5df0a?s=96&d=mm&r=g\",\"contentUrl\":\"https:\\\/\\\/secure.gravatar.com\\\/avatar\\\/4dfbf16b4d17945bfb6341b2d19043457132fcf478a5ee04f42e959fd8f5df0a?s=96&d=mm&r=g\",\"caption\":\"NOTICIASMERCEDINAS.COM\"},\"url\":\"https:\\\/\\\/noticiasmercedinas.com\\\/site\\\/author\\\/anonimo\\\/\"}]}<\/script>\n<!-- \/ Yoast SEO plugin. -->","yoast_head_json":{"title":"Semana del Parto Respetado: Primeros Mil D\u00edas, por los derechos de padres y ni\u00f1os al nacer","robots":{"index":"index","follow":"follow","max-snippet":"max-snippet:-1","max-image-preview":"max-image-preview:large","max-video-preview":"max-video-preview:-1"},"canonical":"https:\/\/noticiasmercedinas.com\/site\/2019\/05\/13\/semana-del-parto-respetado-primeros-mil-dias-por-los-derechos-de-padres-y-ninos-al-nacer\/","og_locale":"es_ES","og_type":"article","og_title":"Semana del Parto Respetado: Primeros Mil D\u00edas, por los derechos de padres y ni\u00f1os al nacer","og_description":"Desde el programa \u201cPrimeros 1000 D\u00edas\u201d de la Secretar\u00eda de Salud de la Municipalidad de Mercedes, y en el marco de la Semana del Parto Respetado, remarcaron la importancia de conocer los derechos de los padres y los ni\u00f1os en el momento del nacimiento. \u201cHoy inicia la Semana Mundial del Parto Respetado. Como todos los [&hellip;]","og_url":"https:\/\/noticiasmercedinas.com\/site\/2019\/05\/13\/semana-del-parto-respetado-primeros-mil-dias-por-los-derechos-de-padres-y-ninos-al-nacer\/","og_site_name":"NOTICIASMERCEDINAS.COM","article_publisher":"https:\/\/www.facebook.com\/noticiasmercedinas\/","article_published_time":"2019-05-13T20:13:53+00:00","og_image":[{"width":960,"height":960,"url":"https:\/\/noticiasmercedinas.com\/site\/wp-content\/uploads\/2019\/05\/60086426_1636237616521310_7807609958345736192_n.jpg","type":"image\/jpeg"}],"author":"NOTICIASMERCEDINAS.COM","twitter_card":"summary_large_image","twitter_creator":"@notmercedinas","twitter_site":"@notmercedinas","twitter_misc":{"Escrito por":"NOTICIASMERCEDINAS.COM","Tiempo de lectura":"2 minutos"},"schema":{"@context":"https:\/\/schema.org","@graph":[{"@type":"Article","@id":"https:\/\/noticiasmercedinas.com\/site\/2019\/05\/13\/semana-del-parto-respetado-primeros-mil-dias-por-los-derechos-de-padres-y-ninos-al-nacer\/#article","isPartOf":{"@id":"https:\/\/noticiasmercedinas.com\/site\/2019\/05\/13\/semana-del-parto-respetado-primeros-mil-dias-por-los-derechos-de-padres-y-ninos-al-nacer\/"},"author":{"name":"NOTICIASMERCEDINAS.COM","@id":"https:\/\/noticiasmercedinas.com\/site\/#\/schema\/person\/84b59c099c28ff2e8b77d4ceec5d8063"},"headline":"Semana del Parto Respetado: Primeros Mil D\u00edas, por los derechos de padres y ni\u00f1os al nacer","datePublished":"2019-05-13T20:13:53+00:00","mainEntityOfPage":{"@id":"https:\/\/noticiasmercedinas.com\/site\/2019\/05\/13\/semana-del-parto-respetado-primeros-mil-dias-por-los-derechos-de-padres-y-ninos-al-nacer\/"},"wordCount":383,"commentCount":0,"publisher":{"@id":"https:\/\/noticiasmercedinas.com\/site\/#organization"},"image":{"@id":"https:\/\/noticiasmercedinas.com\/site\/2019\/05\/13\/semana-del-parto-respetado-primeros-mil-dias-por-los-derechos-de-padres-y-ninos-al-nacer\/#primaryimage"},"thumbnailUrl":"https:\/\/noticiasmercedinas.com\/site\/wp-content\/uploads\/2019\/05\/60086426_1636237616521310_7807609958345736192_n.jpg","keywords":["parto","parto respetado","primeros mil dias","salud","semana mundial del parto respetado"],"articleSection":["Sociedad"],"inLanguage":"es","potentialAction":[{"@type":"CommentAction","name":"Comment","target":["https:\/\/noticiasmercedinas.com\/site\/2019\/05\/13\/semana-del-parto-respetado-primeros-mil-dias-por-los-derechos-de-padres-y-ninos-al-nacer\/#respond"]}]},{"@type":"WebPage","@id":"https:\/\/noticiasmercedinas.com\/site\/2019\/05\/13\/semana-del-parto-respetado-primeros-mil-dias-por-los-derechos-de-padres-y-ninos-al-nacer\/","url":"https:\/\/noticiasmercedinas.com\/site\/2019\/05\/13\/semana-del-parto-respetado-primeros-mil-dias-por-los-derechos-de-padres-y-ninos-al-nacer\/","name":"Semana del Parto Respetado: Primeros Mil D\u00edas, por los derechos de padres y ni\u00f1os al nacer","isPartOf":{"@id":"https:\/\/noticiasmercedinas.com\/site\/#website"},"primaryImageOfPage":{"@id":"https:\/\/noticiasmercedinas.com\/site\/2019\/05\/13\/semana-del-parto-respetado-primeros-mil-dias-por-los-derechos-de-padres-y-ninos-al-nacer\/#primaryimage"},"image":{"@id":"https:\/\/noticiasmercedinas.com\/site\/2019\/05\/13\/semana-del-parto-respetado-primeros-mil-dias-por-los-derechos-de-padres-y-ninos-al-nacer\/#primaryimage"},"thumbnailUrl":"https:\/\/noticiasmercedinas.com\/site\/wp-content\/uploads\/2019\/05\/60086426_1636237616521310_7807609958345736192_n.jpg","datePublished":"2019-05-13T20:13:53+00:00","breadcrumb":{"@id":"https:\/\/noticiasmercedinas.com\/site\/2019\/05\/13\/semana-del-parto-respetado-primeros-mil-dias-por-los-derechos-de-padres-y-ninos-al-nacer\/#breadcrumb"},"inLanguage":"es","potentialAction":[{"@type":"ReadAction","target":["https:\/\/noticiasmercedinas.com\/site\/2019\/05\/13\/semana-del-parto-respetado-primeros-mil-dias-por-los-derechos-de-padres-y-ninos-al-nacer\/"]}]},{"@type":"ImageObject","inLanguage":"es","@id":"https:\/\/noticiasmercedinas.com\/site\/2019\/05\/13\/semana-del-parto-respetado-primeros-mil-dias-por-los-derechos-de-padres-y-ninos-al-nacer\/#primaryimage","url":"https:\/\/noticiasmercedinas.com\/site\/wp-content\/uploads\/2019\/05\/60086426_1636237616521310_7807609958345736192_n.jpg","contentUrl":"https:\/\/noticiasmercedinas.com\/site\/wp-content\/uploads\/2019\/05\/60086426_1636237616521310_7807609958345736192_n.jpg","width":960,"height":960},{"@type":"BreadcrumbList","@id":"https:\/\/noticiasmercedinas.com\/site\/2019\/05\/13\/semana-del-parto-respetado-primeros-mil-dias-por-los-derechos-de-padres-y-ninos-al-nacer\/#breadcrumb","itemListElement":[{"@type":"ListItem","position":1,"name":"Portada","item":"https:\/\/noticiasmercedinas.com\/site\/"},{"@type":"ListItem","position":2,"name":"Semana del Parto Respetado: Primeros Mil D\u00edas, por los derechos de padres y ni\u00f1os al nacer"}]},{"@type":"WebSite","@id":"https:\/\/noticiasmercedinas.com\/site\/#website","url":"https:\/\/noticiasmercedinas.com\/site\/","name":"NOTICIASMERCEDINAS.COM","description":"Mercedes, Buenos Aires, Argentina","publisher":{"@id":"https:\/\/noticiasmercedinas.com\/site\/#organization"},"potentialAction":[{"@type":"SearchAction","target":{"@type":"EntryPoint","urlTemplate":"https:\/\/noticiasmercedinas.com\/site\/?s={search_term_string}"},"query-input":{"@type":"PropertyValueSpecification","valueRequired":true,"valueName":"search_term_string"}}],"inLanguage":"es"},{"@type":"Organization","@id":"https:\/\/noticiasmercedinas.com\/site\/#organization","name":"NOTICIASMERCEDINAS.COM","url":"https:\/\/noticiasmercedinas.com\/site\/","logo":{"@type":"ImageObject","inLanguage":"es","@id":"https:\/\/noticiasmercedinas.com\/site\/#\/schema\/logo\/image\/","url":"https:\/\/noticiasmercedinas.com\/site\/wp-content\/uploads\/2020\/06\/LOGO-512.jpg","contentUrl":"https:\/\/noticiasmercedinas.com\/site\/wp-content\/uploads\/2020\/06\/LOGO-512.jpg","width":512,"height":512,"caption":"NOTICIASMERCEDINAS.COM"},"image":{"@id":"https:\/\/noticiasmercedinas.com\/site\/#\/schema\/logo\/image\/"},"sameAs":["https:\/\/www.facebook.com\/noticiasmercedinas\/","https:\/\/x.com\/notmercedinas","https:\/\/www.instagram.com\/noticiasmercedinas\/"]},{"@type":"Person","@id":"https:\/\/noticiasmercedinas.com\/site\/#\/schema\/person\/84b59c099c28ff2e8b77d4ceec5d8063","name":"NOTICIASMERCEDINAS.COM","image":{"@type":"ImageObject","inLanguage":"es","@id":"https:\/\/secure.gravatar.com\/avatar\/4dfbf16b4d17945bfb6341b2d19043457132fcf478a5ee04f42e959fd8f5df0a?s=96&d=mm&r=g","url":"https:\/\/secure.gravatar.com\/avatar\/4dfbf16b4d17945bfb6341b2d19043457132fcf478a5ee04f42e959fd8f5df0a?s=96&d=mm&r=g","contentUrl":"https:\/\/secure.gravatar.com\/avatar\/4dfbf16b4d17945bfb6341b2d19043457132fcf478a5ee04f42e959fd8f5df0a?s=96&d=mm&r=g","caption":"NOTICIASMERCEDINAS.COM"},"url":"https:\/\/noticiasmercedinas.com\/site\/author\/anonimo\/"}]}},"amp_enabled":true,"_links":{"self":[{"href":"https:\/\/noticiasmercedinas.com\/site\/wp-json\/wp\/v2\/posts\/18838","targetHints":{"allow":["GET"]}}],"collection":[{"href":"https:\/\/noticiasmercedinas.com\/site\/wp-json\/wp\/v2\/posts"}],"about":[{"href":"https:\/\/noticiasmercedinas.com\/site\/wp-json\/wp\/v2\/types\/post"}],"author":[{"embeddable":true,"href":"https:\/\/noticiasmercedinas.com\/site\/wp-json\/wp\/v2\/users\/16"}],"replies":[{"embeddable":true,"href":"https:\/\/noticiasmercedinas.com\/site\/wp-json\/wp\/v2\/comments?post=18838"}],"version-history":[{"count":1,"href":"https:\/\/noticiasmercedinas.com\/site\/wp-json\/wp\/v2\/posts\/18838\/revisions"}],"predecessor-version":[{"id":18840,"href":"https:\/\/noticiasmercedinas.com\/site\/wp-json\/wp\/v2\/posts\/18838\/revisions\/18840"}],"wp:featuredmedia":[{"embeddable":true,"href":"https:\/\/noticiasmercedinas.com\/site\/wp-json\/wp\/v2\/media\/18839"}],"wp:attachment":[{"href":"https:\/\/noticiasmercedinas.com\/site\/wp-json\/wp\/v2\/media?parent=18838"}],"wp:term":[{"taxonomy":"category","embeddable":true,"href":"https:\/\/noticiasmercedinas.com\/site\/wp-json\/wp\/v2\/categories?post=18838"},{"taxonomy":"post_tag","embeddable":true,"href":"https:\/\/noticiasmercedinas.com\/site\/wp-json\/wp\/v2\/tags?post=18838"}],"curies":[{"name":"wp","href":"https:\/\/api.w.org\/{rel}","templated":true}]}}