{"id":18858,"date":"2019-05-13T22:57:03","date_gmt":"2019-05-14T01:57:03","guid":{"rendered":"https:\/\/noticiasmercedinas.com\/site\/?p=18858"},"modified":"2019-05-13T22:57:03","modified_gmt":"2019-05-14T01:57:03","slug":"fm-la-tribuna-junto-al-rock-la-informacion-y-el-deporte-va-por-su-decimo-aniversario","status":"publish","type":"post","link":"https:\/\/noticiasmercedinas.com\/site\/2019\/05\/13\/fm-la-tribuna-junto-al-rock-la-informacion-y-el-deporte-va-por-su-decimo-aniversario\/","title":{"rendered":"FM La Tribuna, junto al rock, la informaci\u00f3n y el deporte, va por su d\u00e9cimo aniversario"},"content":{"rendered":"\r\n                <style type=\"text\/css\">\r\n                    \r\n                    #td_uid_1_69f5d1ba5a7be  .td-doubleSlider-2 .td-item1 {\r\n                        background: url(https:\/\/noticiasmercedinas.com\/site\/wp-content\/uploads\/2019\/05\/elgregario-160x120.jpg) 0 0 no-repeat;\r\n                    }\r\n                    #td_uid_1_69f5d1ba5a7be  .td-doubleSlider-2 .td-item2 {\r\n                        background: url(https:\/\/noticiasmercedinas.com\/site\/wp-content\/uploads\/2019\/05\/elbunker-160x120.jpg) 0 0 no-repeat;\r\n                    }\r\n                    #td_uid_1_69f5d1ba5a7be  .td-doubleSlider-2 .td-item3 {\r\n                        background: url(https:\/\/noticiasmercedinas.com\/site\/wp-content\/uploads\/2019\/05\/conociendopalomamensajera-160x120.jpg) 0 0 no-repeat;\r\n                    }\r\n                    #td_uid_1_69f5d1ba5a7be  .td-doubleSlider-2 .td-item4 {\r\n                        background: url(https:\/\/noticiasmercedinas.com\/site\/wp-content\/uploads\/2019\/05\/futbolgarracharrua-160x120.jpg) 0 0 no-repeat;\r\n                    }\r\n                    #td_uid_1_69f5d1ba5a7be  .td-doubleSlider-2 .td-item5 {\r\n                        background: url(https:\/\/noticiasmercedinas.com\/site\/wp-content\/uploads\/2019\/05\/elpulso-160x120.jpg) 0 0 no-repeat;\r\n                    }\r\n                    #td_uid_1_69f5d1ba5a7be  .td-doubleSlider-2 .td-item6 {\r\n                        background: url(https:\/\/noticiasmercedinas.com\/site\/wp-content\/uploads\/2019\/05\/6354ae43-f10c-4e26-9b56-d2d343d068ab-160x120.jpg) 0 0 no-repeat;\r\n                    }\r\n                    #td_uid_1_69f5d1ba5a7be  .td-doubleSlider-2 .td-item7 {\r\n                        background: url(https:\/\/noticiasmercedinas.com\/site\/wp-content\/uploads\/2019\/05\/ce790b9a-9fe3-4c85-8c29-9ddef26ca74f-160x120.jpg) 0 0 no-repeat;\r\n                    }\r\n                <\/style>\r\n\r\n                <div id=\"td_uid_1_69f5d1ba5a7be\" class=\"td-gallery td-slide-on-2-columns\">\r\n                    <div class=\"post_td_gallery\">\r\n                        <div class=\"td-gallery-slide-top\">\r\n                           <div class=\"td-gallery-title\"><\/div>\r\n\r\n                            <div class=\"td-gallery-controls-wrapper\">\r\n                                <div class=\"td-gallery-slide-count\"><span class=\"td-gallery-slide-item-focus\">1<\/span> de 7<\/div>\r\n                                <div class=\"td-gallery-slide-prev-next-but\">\r\n                                    <i class = \"td-icon-left doubleSliderPrevButton\"><\/i>\r\n                                    <i class = \"td-icon-right doubleSliderNextButton\"><\/i>\r\n                                <\/div>\r\n                            <\/div>\r\n                        <\/div>\r\n\r\n                        <div class = \"td-doubleSlider-1 \">\r\n                            <div class = \"td-slider\">\r\n                                \r\n                    <div class = \"td-slide-item td-item1\">\r\n                        <figure class=\"td-slide-galery-figure td-slide-popup-gallery\">\r\n                            <a class=\"slide-gallery-image-link\" href=\"https:\/\/noticiasmercedinas.com\/site\/wp-content\/uploads\/2019\/05\/elgregario.jpg\" title=\"elgregario\"  data-caption=\"\"  data-description=\"\">\r\n                                <img decoding=\"async\" src=\"https:\/\/noticiasmercedinas.com\/site\/wp-content\/uploads\/2019\/05\/elgregario.jpg\" srcset=\"https:\/\/noticiasmercedinas.com\/site\/wp-content\/uploads\/2019\/05\/elgregario.jpg 985w, https:\/\/noticiasmercedinas.com\/site\/wp-content\/uploads\/2019\/05\/elgregario-300x137.jpg 300w, https:\/\/noticiasmercedinas.com\/site\/wp-content\/uploads\/2019\/05\/elgregario-768x351.jpg 768w, https:\/\/noticiasmercedinas.com\/site\/wp-content\/uploads\/2019\/05\/elgregario-640x292.jpg 640w, https:\/\/noticiasmercedinas.com\/site\/wp-content\/uploads\/2019\/05\/elgregario-681x311.jpg 681w\" sizes=\"(max-width: 985px) 100vw, 985px\" alt=\"\">\r\n                            <\/a>\r\n                            \r\n                        <\/figure>\r\n                    <\/div>\r\n                    <div class = \"td-slide-item td-item2\">\r\n                        <figure class=\"td-slide-galery-figure td-slide-popup-gallery\">\r\n                            <a class=\"slide-gallery-image-link\" href=\"https:\/\/noticiasmercedinas.com\/site\/wp-content\/uploads\/2019\/05\/elbunker.jpg\" title=\"elbunker\"  data-caption=\"\"  data-description=\"\">\r\n                                <img decoding=\"async\" src=\"https:\/\/noticiasmercedinas.com\/site\/wp-content\/uploads\/2019\/05\/elbunker.jpg\" srcset=\"https:\/\/noticiasmercedinas.com\/site\/wp-content\/uploads\/2019\/05\/elbunker.jpg 985w, https:\/\/noticiasmercedinas.com\/site\/wp-content\/uploads\/2019\/05\/elbunker-300x137.jpg 300w, https:\/\/noticiasmercedinas.com\/site\/wp-content\/uploads\/2019\/05\/elbunker-768x351.jpg 768w, https:\/\/noticiasmercedinas.com\/site\/wp-content\/uploads\/2019\/05\/elbunker-640x292.jpg 640w, https:\/\/noticiasmercedinas.com\/site\/wp-content\/uploads\/2019\/05\/elbunker-681x311.jpg 681w\" sizes=\"(max-width: 985px) 100vw, 985px\" alt=\"\">\r\n                            <\/a>\r\n                            \r\n                        <\/figure>\r\n                    <\/div>\r\n                    <div class = \"td-slide-item td-item3\">\r\n                        <figure class=\"td-slide-galery-figure td-slide-popup-gallery\">\r\n                            <a class=\"slide-gallery-image-link\" href=\"https:\/\/noticiasmercedinas.com\/site\/wp-content\/uploads\/2019\/05\/conociendopalomamensajera.jpg\" title=\"conociendopalomamensajera\"  data-caption=\"\"  data-description=\"\">\r\n                                <img decoding=\"async\" src=\"https:\/\/noticiasmercedinas.com\/site\/wp-content\/uploads\/2019\/05\/conociendopalomamensajera.jpg\" srcset=\"https:\/\/noticiasmercedinas.com\/site\/wp-content\/uploads\/2019\/05\/conociendopalomamensajera.jpg 985w, https:\/\/noticiasmercedinas.com\/site\/wp-content\/uploads\/2019\/05\/conociendopalomamensajera-300x137.jpg 300w, https:\/\/noticiasmercedinas.com\/site\/wp-content\/uploads\/2019\/05\/conociendopalomamensajera-768x351.jpg 768w, https:\/\/noticiasmercedinas.com\/site\/wp-content\/uploads\/2019\/05\/conociendopalomamensajera-640x292.jpg 640w, https:\/\/noticiasmercedinas.com\/site\/wp-content\/uploads\/2019\/05\/conociendopalomamensajera-681x311.jpg 681w\" sizes=\"(max-width: 985px) 100vw, 985px\" alt=\"\">\r\n                            <\/a>\r\n                            \r\n                        <\/figure>\r\n                    <\/div>\r\n                    <div class = \"td-slide-item td-item4\">\r\n                        <figure class=\"td-slide-galery-figure td-slide-popup-gallery\">\r\n                            <a class=\"slide-gallery-image-link\" href=\"https:\/\/noticiasmercedinas.com\/site\/wp-content\/uploads\/2019\/05\/futbolgarracharrua.jpg\" title=\"futbolgarracharrua\"  data-caption=\"\"  data-description=\"\">\r\n                                <img decoding=\"async\" src=\"https:\/\/noticiasmercedinas.com\/site\/wp-content\/uploads\/2019\/05\/futbolgarracharrua.jpg\" srcset=\"https:\/\/noticiasmercedinas.com\/site\/wp-content\/uploads\/2019\/05\/futbolgarracharrua.jpg 985w, https:\/\/noticiasmercedinas.com\/site\/wp-content\/uploads\/2019\/05\/futbolgarracharrua-300x137.jpg 300w, https:\/\/noticiasmercedinas.com\/site\/wp-content\/uploads\/2019\/05\/futbolgarracharrua-768x351.jpg 768w, https:\/\/noticiasmercedinas.com\/site\/wp-content\/uploads\/2019\/05\/futbolgarracharrua-640x292.jpg 640w, https:\/\/noticiasmercedinas.com\/site\/wp-content\/uploads\/2019\/05\/futbolgarracharrua-681x311.jpg 681w\" sizes=\"(max-width: 985px) 100vw, 985px\" alt=\"\">\r\n                            <\/a>\r\n                            \r\n                        <\/figure>\r\n                    <\/div>\r\n                    <div class = \"td-slide-item td-item5\">\r\n                        <figure class=\"td-slide-galery-figure td-slide-popup-gallery\">\r\n                            <a class=\"slide-gallery-image-link\" href=\"https:\/\/noticiasmercedinas.com\/site\/wp-content\/uploads\/2019\/05\/elpulso.jpg\" title=\"elpulso\"  data-caption=\"\"  data-description=\"\">\r\n                                <img decoding=\"async\" src=\"https:\/\/noticiasmercedinas.com\/site\/wp-content\/uploads\/2019\/05\/elpulso.jpg\" srcset=\"https:\/\/noticiasmercedinas.com\/site\/wp-content\/uploads\/2019\/05\/elpulso.jpg 985w, https:\/\/noticiasmercedinas.com\/site\/wp-content\/uploads\/2019\/05\/elpulso-300x137.jpg 300w, https:\/\/noticiasmercedinas.com\/site\/wp-content\/uploads\/2019\/05\/elpulso-768x351.jpg 768w, https:\/\/noticiasmercedinas.com\/site\/wp-content\/uploads\/2019\/05\/elpulso-640x292.jpg 640w, https:\/\/noticiasmercedinas.com\/site\/wp-content\/uploads\/2019\/05\/elpulso-681x311.jpg 681w\" sizes=\"(max-width: 985px) 100vw, 985px\" alt=\"\">\r\n                            <\/a>\r\n                            \r\n                        <\/figure>\r\n                    <\/div>\r\n                    <div class = \"td-slide-item td-item6\">\r\n                        <figure class=\"td-slide-galery-figure td-slide-popup-gallery\">\r\n                            <a class=\"slide-gallery-image-link\" href=\"https:\/\/noticiasmercedinas.com\/site\/wp-content\/uploads\/2019\/05\/6354ae43-f10c-4e26-9b56-d2d343d068ab.jpg\" title=\"6354ae43-f10c-4e26-9b56-d2d343d068ab\"  data-caption=\"\"  data-description=\"\">\r\n                                <img decoding=\"async\" src=\"https:\/\/noticiasmercedinas.com\/site\/wp-content\/uploads\/2019\/05\/6354ae43-f10c-4e26-9b56-d2d343d068ab.jpg\" srcset=\"https:\/\/noticiasmercedinas.com\/site\/wp-content\/uploads\/2019\/05\/6354ae43-f10c-4e26-9b56-d2d343d068ab.jpg 1200w, https:\/\/noticiasmercedinas.com\/site\/wp-content\/uploads\/2019\/05\/6354ae43-f10c-4e26-9b56-d2d343d068ab-300x199.jpg 300w, https:\/\/noticiasmercedinas.com\/site\/wp-content\/uploads\/2019\/05\/6354ae43-f10c-4e26-9b56-d2d343d068ab-768x510.jpg 768w, https:\/\/noticiasmercedinas.com\/site\/wp-content\/uploads\/2019\/05\/6354ae43-f10c-4e26-9b56-d2d343d068ab-1024x680.jpg 1024w, https:\/\/noticiasmercedinas.com\/site\/wp-content\/uploads\/2019\/05\/6354ae43-f10c-4e26-9b56-d2d343d068ab-640x425.jpg 640w, https:\/\/noticiasmercedinas.com\/site\/wp-content\/uploads\/2019\/05\/6354ae43-f10c-4e26-9b56-d2d343d068ab-681x452.jpg 681w\" sizes=\"(max-width: 1200px) 100vw, 1200px\" alt=\"\">\r\n                            <\/a>\r\n                            \r\n                        <\/figure>\r\n                    <\/div>\r\n                    <div class = \"td-slide-item td-item7\">\r\n                        <figure class=\"td-slide-galery-figure td-slide-popup-gallery\">\r\n                            <a class=\"slide-gallery-image-link\" href=\"https:\/\/noticiasmercedinas.com\/site\/wp-content\/uploads\/2019\/05\/ce790b9a-9fe3-4c85-8c29-9ddef26ca74f.jpg\" title=\"ce790b9a-9fe3-4c85-8c29-9ddef26ca74f\"  data-caption=\"\"  data-description=\"\">\r\n                                <img decoding=\"async\" src=\"https:\/\/noticiasmercedinas.com\/site\/wp-content\/uploads\/2019\/05\/ce790b9a-9fe3-4c85-8c29-9ddef26ca74f.jpg\" srcset=\"https:\/\/noticiasmercedinas.com\/site\/wp-content\/uploads\/2019\/05\/ce790b9a-9fe3-4c85-8c29-9ddef26ca74f.jpg 1200w, https:\/\/noticiasmercedinas.com\/site\/wp-content\/uploads\/2019\/05\/ce790b9a-9fe3-4c85-8c29-9ddef26ca74f-300x199.jpg 300w, https:\/\/noticiasmercedinas.com\/site\/wp-content\/uploads\/2019\/05\/ce790b9a-9fe3-4c85-8c29-9ddef26ca74f-768x510.jpg 768w, https:\/\/noticiasmercedinas.com\/site\/wp-content\/uploads\/2019\/05\/ce790b9a-9fe3-4c85-8c29-9ddef26ca74f-1024x680.jpg 1024w, https:\/\/noticiasmercedinas.com\/site\/wp-content\/uploads\/2019\/05\/ce790b9a-9fe3-4c85-8c29-9ddef26ca74f-640x425.jpg 640w, https:\/\/noticiasmercedinas.com\/site\/wp-content\/uploads\/2019\/05\/ce790b9a-9fe3-4c85-8c29-9ddef26ca74f-681x452.jpg 681w\" sizes=\"(max-width: 1200px) 100vw, 1200px\" alt=\"\">\r\n                            <\/a>\r\n                            \r\n                        <\/figure>\r\n                    <\/div>\r\n                            <\/div>\r\n                        <\/div>\r\n\r\n                        <div class = \"td-doubleSlider-2\">\r\n                            <div class = \"td-slider\">\r\n                                \r\n                    <div class = \"td-button td-item1\">\r\n                        <div class = \"td-border\"><\/div>\r\n                    <\/div>\r\n                    <div class = \"td-button td-item2\">\r\n                        <div class = \"td-border\"><\/div>\r\n                    <\/div>\r\n                    <div class = \"td-button td-item3\">\r\n                        <div class = \"td-border\"><\/div>\r\n                    <\/div>\r\n                    <div class = \"td-button td-item4\">\r\n                        <div class = \"td-border\"><\/div>\r\n                    <\/div>\r\n                    <div class = \"td-button td-item5\">\r\n                        <div class = \"td-border\"><\/div>\r\n                    <\/div>\r\n                    <div class = \"td-button td-item6\">\r\n                        <div class = \"td-border\"><\/div>\r\n                    <\/div>\r\n                    <div class = \"td-button td-item7\">\r\n                        <div class = \"td-border\"><\/div>\r\n                    <\/div>\r\n                            <\/div>\r\n                        <\/div>\r\n\r\n                    <\/div>\r\n\r\n                <\/div>\r\n                \n<p>La emisora de calle 22 retorn\u00f3 a las transmisiones de f\u00fatbol de la Liga Mercedina luego del paso de Trocha y Club Mercedes por el Regional Amateur. Adem\u00e1s, sigue con su variada programaci\u00f3n ligada a la pol\u00edtica, la cultura y el deporte de la ciudad.<\/p>\n<p>Logrando tener una variada programaci\u00f3n en este 2019, FM La Tribuna (103.5 Mhz) va camino a su d\u00e9cimo aniversario el pr\u00f3ximo 1 de septiembre. La primera y \u00fanica radio del deporte de la ciudad retorn\u00f3 a las transmisiones deportivas el pasado domingo 5 de mayo luego de la eliminaci\u00f3n de Club Mercedes en el torneo Regional Amateur y, como siempre lo hizo, seguir\u00e1 transmitiendo el f\u00fatbol de la Liga Mercedina.<\/p>\n<p>Por otra parte, contin\u00faa sumando discos de rock nacional de todos los tiempos a su gran discoteca, superando en la actualidad los 21.000 temas que d\u00eda a d\u00eda rotan en su programaci\u00f3n, con las versiones cl\u00e1sicas, en vivo e in\u00e9ditas del cancionero argentino.<\/p>\n<p>Adem\u00e1s, este a\u00f1o sum\u00f3 programaci\u00f3n, ya que desde principios de 2019 est\u00e1n al aire los programas \u201cMedia Ma\u00f1ana\u201d, con Agust\u00edn Cufr\u00e9 (Lunes a Viernes de 9 a 10), \u201cLo Justo es Justo\u201d, con Gustavo Guti\u00e9rrez (Lunes, Mi\u00e9rcoles y Viernes de 13 a 14), \u201cCuenta Conmigo\u201d, con Mariana Ambrosio (Lunes a Viernes de 14 a 15) y el programa del C\u00edrculo de Periodistas Deportivos, que conduce Ricardo Palacios y se emite los viernes de 21 a 22.<\/p>\n<p>Ellos se han sumado a los programas que ya son habitues de la 103.5 Mhz: \u201cBuen D\u00eda, Tribuna\u201d, con Ana Brea Steimbrenner (Lunes a Viernes de 7 a 9), \u201cEl Pulso\u201d, con Alejandro Fern\u00e1ndez (Lunes a Viernes de 10 a 12), \u201cDe Rabona\u201d, con Oscar T\u00e1ccari (Lunes a Jueves de 12 a 13), \u201cEl Bunker\u201d, con Carlos Brea (Lunes a Viernes de 18 a 21).<\/p>\n<p>Adem\u00e1s, por la noche la propuesta es variada: \u201cEl Gregario\u201d, con Juan Dagnino y Walter Altavista (Lunes a las 21), \u201cTu Barrio\u201d, con Mirta Retamozo (Lunes a las 22), \u201cHumanidades en Movimiento\u201d, con Pablo Sana (Martes a las 21), \u201cMesa de Deportes\u201d, con Daniel Zapico (Mi\u00e9rcoles a las 21), \u201cConociendo la Paloma Mensajera\u201d, con Julio Falabella (Jueves a las 21), \u201cLa Nave del Metal\u201d (Jueves a las 22) y \u201cEl Universo del Rock\u201d (Viernes a las 22), adem\u00e1s de la vuelta de Gerardo \u201cPiqui\u201d Caballero, los s\u00e1bados de 9 a 12 con \u201cMercedesYa En El Aire\u201d.<\/p>\n<p>Una radio que se la juega todos los d\u00edas en ofrecer programaci\u00f3n, con variedad y calidad en m\u00fasica e informaci\u00f3n, y es la n\u00famero uno en coberturas deportivas en la ciudad. Tambi\u00e9n se puede escuchar por Internet en <span style=\"color: #000080;\"><strong><a style=\"color: #000080;\" href=\"http:\/\/www.fmlatribuna.com\/\">www.fmlatribuna.com<\/a><\/strong><\/span><\/p>\n<p><strong>FM La Tribuna, \u00fanica radio del deporte de la ciudad<br \/>\n<\/strong><strong>Calle 22 entre 29 y 31 &#8211; N\u00b0276<br \/>\n<\/strong><strong><a href=\"mailto:fmlatribuna@gmail.com\"><span style=\"color: #000080;\">fmlatribuna@gmail.com<\/span><\/a><br \/>\n<\/strong><strong>Tel\u00e9fono 02324 &#8211; 427389<\/strong><strong><br \/>\n<\/strong><\/p>\n","protected":false},"excerpt":{"rendered":"<p>La emisora de calle 22 retorn\u00f3 a las transmisiones de f\u00fatbol de la Liga Mercedina luego del paso de Trocha y Club Mercedes por el Regional Amateur. Adem\u00e1s, sigue con su variada programaci\u00f3n ligada a la pol\u00edtica, la cultura y el deporte de la ciudad. Logrando tener una variada programaci\u00f3n en este 2019, FM La [&hellip;]<\/p>\n","protected":false},"author":16,"featured_media":18863,"comment_status":"open","ping_status":"open","sticky":false,"template":"","format":"standard","meta":{"footnotes":""},"categories":[4210],"tags":[4807,4806,25,23,554],"class_list":["post-18858","post","type-post","status-publish","format-standard","has-post-thumbnail","hentry","category-medios","tag-fm","tag-fm-la-tribuna","tag-medios","tag-mercedes","tag-radio"],"yoast_head":"<!-- This site is optimized with the Yoast SEO plugin v27.5 - https:\/\/yoast.com\/product\/yoast-seo-wordpress\/ -->\n<title>FM La Tribuna, junto al rock, la informaci\u00f3n y el deporte, va por su d\u00e9cimo aniversario<\/title>\n<meta name=\"robots\" content=\"index, follow, max-snippet:-1, max-image-preview:large, max-video-preview:-1\" \/>\n<link rel=\"canonical\" href=\"https:\/\/noticiasmercedinas.com\/site\/2019\/05\/13\/fm-la-tribuna-junto-al-rock-la-informacion-y-el-deporte-va-por-su-decimo-aniversario\/\" \/>\n<meta property=\"og:locale\" content=\"es_ES\" \/>\n<meta property=\"og:type\" content=\"article\" \/>\n<meta property=\"og:title\" content=\"FM La Tribuna, junto al rock, la informaci\u00f3n y el deporte, va por su d\u00e9cimo aniversario\" \/>\n<meta property=\"og:description\" content=\"La emisora de calle 22 retorn\u00f3 a las transmisiones de f\u00fatbol de la Liga Mercedina luego del paso de Trocha y Club Mercedes por el Regional Amateur. Adem\u00e1s, sigue con su variada programaci\u00f3n ligada a la pol\u00edtica, la cultura y el deporte de la ciudad. Logrando tener una variada programaci\u00f3n en este 2019, FM La [&hellip;]\" \/>\n<meta property=\"og:url\" content=\"https:\/\/noticiasmercedinas.com\/site\/2019\/05\/13\/fm-la-tribuna-junto-al-rock-la-informacion-y-el-deporte-va-por-su-decimo-aniversario\/\" \/>\n<meta property=\"og:site_name\" content=\"NOTICIASMERCEDINAS.COM\" \/>\n<meta property=\"article:publisher\" content=\"https:\/\/www.facebook.com\/noticiasmercedinas\/\" \/>\n<meta property=\"article:published_time\" content=\"2019-05-14T01:57:03+00:00\" \/>\n<meta property=\"og:image\" content=\"https:\/\/noticiasmercedinas.com\/site\/wp-content\/uploads\/2019\/05\/elpulso.jpg\" \/>\n\t<meta property=\"og:image:width\" content=\"985\" \/>\n\t<meta property=\"og:image:height\" content=\"450\" \/>\n\t<meta property=\"og:image:type\" content=\"image\/jpeg\" \/>\n<meta name=\"author\" content=\"NOTICIASMERCEDINAS.COM\" \/>\n<meta name=\"twitter:card\" content=\"summary_large_image\" \/>\n<meta name=\"twitter:creator\" content=\"@notmercedinas\" \/>\n<meta name=\"twitter:site\" content=\"@notmercedinas\" \/>\n<meta name=\"twitter:label1\" content=\"Escrito por\" \/>\n\t<meta name=\"twitter:data1\" content=\"NOTICIASMERCEDINAS.COM\" \/>\n\t<meta name=\"twitter:label2\" content=\"Tiempo de lectura\" \/>\n\t<meta name=\"twitter:data2\" content=\"2 minutos\" \/>\n<script type=\"application\/ld+json\" class=\"yoast-schema-graph\">{\"@context\":\"https:\\\/\\\/schema.org\",\"@graph\":[{\"@type\":\"Article\",\"@id\":\"https:\\\/\\\/noticiasmercedinas.com\\\/site\\\/2019\\\/05\\\/13\\\/fm-la-tribuna-junto-al-rock-la-informacion-y-el-deporte-va-por-su-decimo-aniversario\\\/#article\",\"isPartOf\":{\"@id\":\"https:\\\/\\\/noticiasmercedinas.com\\\/site\\\/2019\\\/05\\\/13\\\/fm-la-tribuna-junto-al-rock-la-informacion-y-el-deporte-va-por-su-decimo-aniversario\\\/\"},\"author\":{\"name\":\"NOTICIASMERCEDINAS.COM\",\"@id\":\"https:\\\/\\\/noticiasmercedinas.com\\\/site\\\/#\\\/schema\\\/person\\\/84b59c099c28ff2e8b77d4ceec5d8063\"},\"headline\":\"FM La Tribuna, junto al rock, la informaci\u00f3n y el deporte, va por su d\u00e9cimo aniversario\",\"datePublished\":\"2019-05-14T01:57:03+00:00\",\"mainEntityOfPage\":{\"@id\":\"https:\\\/\\\/noticiasmercedinas.com\\\/site\\\/2019\\\/05\\\/13\\\/fm-la-tribuna-junto-al-rock-la-informacion-y-el-deporte-va-por-su-decimo-aniversario\\\/\"},\"wordCount\":488,\"commentCount\":0,\"publisher\":{\"@id\":\"https:\\\/\\\/noticiasmercedinas.com\\\/site\\\/#organization\"},\"image\":{\"@id\":\"https:\\\/\\\/noticiasmercedinas.com\\\/site\\\/2019\\\/05\\\/13\\\/fm-la-tribuna-junto-al-rock-la-informacion-y-el-deporte-va-por-su-decimo-aniversario\\\/#primaryimage\"},\"thumbnailUrl\":\"https:\\\/\\\/noticiasmercedinas.com\\\/site\\\/wp-content\\\/uploads\\\/2019\\\/05\\\/elpulso.jpg\",\"keywords\":[\"fm\",\"fm la tribuna\",\"medios\",\"mercedes\",\"radio\"],\"articleSection\":[\"Medios\"],\"inLanguage\":\"es\",\"potentialAction\":[{\"@type\":\"CommentAction\",\"name\":\"Comment\",\"target\":[\"https:\\\/\\\/noticiasmercedinas.com\\\/site\\\/2019\\\/05\\\/13\\\/fm-la-tribuna-junto-al-rock-la-informacion-y-el-deporte-va-por-su-decimo-aniversario\\\/#respond\"]}]},{\"@type\":\"WebPage\",\"@id\":\"https:\\\/\\\/noticiasmercedinas.com\\\/site\\\/2019\\\/05\\\/13\\\/fm-la-tribuna-junto-al-rock-la-informacion-y-el-deporte-va-por-su-decimo-aniversario\\\/\",\"url\":\"https:\\\/\\\/noticiasmercedinas.com\\\/site\\\/2019\\\/05\\\/13\\\/fm-la-tribuna-junto-al-rock-la-informacion-y-el-deporte-va-por-su-decimo-aniversario\\\/\",\"name\":\"FM La Tribuna, junto al rock, la informaci\u00f3n y el deporte, va por su d\u00e9cimo aniversario\",\"isPartOf\":{\"@id\":\"https:\\\/\\\/noticiasmercedinas.com\\\/site\\\/#website\"},\"primaryImageOfPage\":{\"@id\":\"https:\\\/\\\/noticiasmercedinas.com\\\/site\\\/2019\\\/05\\\/13\\\/fm-la-tribuna-junto-al-rock-la-informacion-y-el-deporte-va-por-su-decimo-aniversario\\\/#primaryimage\"},\"image\":{\"@id\":\"https:\\\/\\\/noticiasmercedinas.com\\\/site\\\/2019\\\/05\\\/13\\\/fm-la-tribuna-junto-al-rock-la-informacion-y-el-deporte-va-por-su-decimo-aniversario\\\/#primaryimage\"},\"thumbnailUrl\":\"https:\\\/\\\/noticiasmercedinas.com\\\/site\\\/wp-content\\\/uploads\\\/2019\\\/05\\\/elpulso.jpg\",\"datePublished\":\"2019-05-14T01:57:03+00:00\",\"breadcrumb\":{\"@id\":\"https:\\\/\\\/noticiasmercedinas.com\\\/site\\\/2019\\\/05\\\/13\\\/fm-la-tribuna-junto-al-rock-la-informacion-y-el-deporte-va-por-su-decimo-aniversario\\\/#breadcrumb\"},\"inLanguage\":\"es\",\"potentialAction\":[{\"@type\":\"ReadAction\",\"target\":[\"https:\\\/\\\/noticiasmercedinas.com\\\/site\\\/2019\\\/05\\\/13\\\/fm-la-tribuna-junto-al-rock-la-informacion-y-el-deporte-va-por-su-decimo-aniversario\\\/\"]}]},{\"@type\":\"ImageObject\",\"inLanguage\":\"es\",\"@id\":\"https:\\\/\\\/noticiasmercedinas.com\\\/site\\\/2019\\\/05\\\/13\\\/fm-la-tribuna-junto-al-rock-la-informacion-y-el-deporte-va-por-su-decimo-aniversario\\\/#primaryimage\",\"url\":\"https:\\\/\\\/noticiasmercedinas.com\\\/site\\\/wp-content\\\/uploads\\\/2019\\\/05\\\/elpulso.jpg\",\"contentUrl\":\"https:\\\/\\\/noticiasmercedinas.com\\\/site\\\/wp-content\\\/uploads\\\/2019\\\/05\\\/elpulso.jpg\",\"width\":985,\"height\":450},{\"@type\":\"BreadcrumbList\",\"@id\":\"https:\\\/\\\/noticiasmercedinas.com\\\/site\\\/2019\\\/05\\\/13\\\/fm-la-tribuna-junto-al-rock-la-informacion-y-el-deporte-va-por-su-decimo-aniversario\\\/#breadcrumb\",\"itemListElement\":[{\"@type\":\"ListItem\",\"position\":1,\"name\":\"Portada\",\"item\":\"https:\\\/\\\/noticiasmercedinas.com\\\/site\\\/\"},{\"@type\":\"ListItem\",\"position\":2,\"name\":\"FM La Tribuna, junto al rock, la informaci\u00f3n y el deporte, va por su d\u00e9cimo aniversario\"}]},{\"@type\":\"WebSite\",\"@id\":\"https:\\\/\\\/noticiasmercedinas.com\\\/site\\\/#website\",\"url\":\"https:\\\/\\\/noticiasmercedinas.com\\\/site\\\/\",\"name\":\"NOTICIASMERCEDINAS.COM\",\"description\":\"Mercedes, Buenos Aires, Argentina\",\"publisher\":{\"@id\":\"https:\\\/\\\/noticiasmercedinas.com\\\/site\\\/#organization\"},\"potentialAction\":[{\"@type\":\"SearchAction\",\"target\":{\"@type\":\"EntryPoint\",\"urlTemplate\":\"https:\\\/\\\/noticiasmercedinas.com\\\/site\\\/?s={search_term_string}\"},\"query-input\":{\"@type\":\"PropertyValueSpecification\",\"valueRequired\":true,\"valueName\":\"search_term_string\"}}],\"inLanguage\":\"es\"},{\"@type\":\"Organization\",\"@id\":\"https:\\\/\\\/noticiasmercedinas.com\\\/site\\\/#organization\",\"name\":\"NOTICIASMERCEDINAS.COM\",\"url\":\"https:\\\/\\\/noticiasmercedinas.com\\\/site\\\/\",\"logo\":{\"@type\":\"ImageObject\",\"inLanguage\":\"es\",\"@id\":\"https:\\\/\\\/noticiasmercedinas.com\\\/site\\\/#\\\/schema\\\/logo\\\/image\\\/\",\"url\":\"https:\\\/\\\/noticiasmercedinas.com\\\/site\\\/wp-content\\\/uploads\\\/2020\\\/06\\\/LOGO-512.jpg\",\"contentUrl\":\"https:\\\/\\\/noticiasmercedinas.com\\\/site\\\/wp-content\\\/uploads\\\/2020\\\/06\\\/LOGO-512.jpg\",\"width\":512,\"height\":512,\"caption\":\"NOTICIASMERCEDINAS.COM\"},\"image\":{\"@id\":\"https:\\\/\\\/noticiasmercedinas.com\\\/site\\\/#\\\/schema\\\/logo\\\/image\\\/\"},\"sameAs\":[\"https:\\\/\\\/www.facebook.com\\\/noticiasmercedinas\\\/\",\"https:\\\/\\\/x.com\\\/notmercedinas\",\"https:\\\/\\\/www.instagram.com\\\/noticiasmercedinas\\\/\"]},{\"@type\":\"Person\",\"@id\":\"https:\\\/\\\/noticiasmercedinas.com\\\/site\\\/#\\\/schema\\\/person\\\/84b59c099c28ff2e8b77d4ceec5d8063\",\"name\":\"NOTICIASMERCEDINAS.COM\",\"image\":{\"@type\":\"ImageObject\",\"inLanguage\":\"es\",\"@id\":\"https:\\\/\\\/secure.gravatar.com\\\/avatar\\\/4dfbf16b4d17945bfb6341b2d19043457132fcf478a5ee04f42e959fd8f5df0a?s=96&d=mm&r=g\",\"url\":\"https:\\\/\\\/secure.gravatar.com\\\/avatar\\\/4dfbf16b4d17945bfb6341b2d19043457132fcf478a5ee04f42e959fd8f5df0a?s=96&d=mm&r=g\",\"contentUrl\":\"https:\\\/\\\/secure.gravatar.com\\\/avatar\\\/4dfbf16b4d17945bfb6341b2d19043457132fcf478a5ee04f42e959fd8f5df0a?s=96&d=mm&r=g\",\"caption\":\"NOTICIASMERCEDINAS.COM\"},\"url\":\"https:\\\/\\\/noticiasmercedinas.com\\\/site\\\/author\\\/anonimo\\\/\"}]}<\/script>\n<!-- \/ Yoast SEO plugin. -->","yoast_head_json":{"title":"FM La Tribuna, junto al rock, la informaci\u00f3n y el deporte, va por su d\u00e9cimo aniversario","robots":{"index":"index","follow":"follow","max-snippet":"max-snippet:-1","max-image-preview":"max-image-preview:large","max-video-preview":"max-video-preview:-1"},"canonical":"https:\/\/noticiasmercedinas.com\/site\/2019\/05\/13\/fm-la-tribuna-junto-al-rock-la-informacion-y-el-deporte-va-por-su-decimo-aniversario\/","og_locale":"es_ES","og_type":"article","og_title":"FM La Tribuna, junto al rock, la informaci\u00f3n y el deporte, va por su d\u00e9cimo aniversario","og_description":"La emisora de calle 22 retorn\u00f3 a las transmisiones de f\u00fatbol de la Liga Mercedina luego del paso de Trocha y Club Mercedes por el Regional Amateur. Adem\u00e1s, sigue con su variada programaci\u00f3n ligada a la pol\u00edtica, la cultura y el deporte de la ciudad. Logrando tener una variada programaci\u00f3n en este 2019, FM La [&hellip;]","og_url":"https:\/\/noticiasmercedinas.com\/site\/2019\/05\/13\/fm-la-tribuna-junto-al-rock-la-informacion-y-el-deporte-va-por-su-decimo-aniversario\/","og_site_name":"NOTICIASMERCEDINAS.COM","article_publisher":"https:\/\/www.facebook.com\/noticiasmercedinas\/","article_published_time":"2019-05-14T01:57:03+00:00","og_image":[{"width":985,"height":450,"url":"https:\/\/noticiasmercedinas.com\/site\/wp-content\/uploads\/2019\/05\/elpulso.jpg","type":"image\/jpeg"}],"author":"NOTICIASMERCEDINAS.COM","twitter_card":"summary_large_image","twitter_creator":"@notmercedinas","twitter_site":"@notmercedinas","twitter_misc":{"Escrito por":"NOTICIASMERCEDINAS.COM","Tiempo de lectura":"2 minutos"},"schema":{"@context":"https:\/\/schema.org","@graph":[{"@type":"Article","@id":"https:\/\/noticiasmercedinas.com\/site\/2019\/05\/13\/fm-la-tribuna-junto-al-rock-la-informacion-y-el-deporte-va-por-su-decimo-aniversario\/#article","isPartOf":{"@id":"https:\/\/noticiasmercedinas.com\/site\/2019\/05\/13\/fm-la-tribuna-junto-al-rock-la-informacion-y-el-deporte-va-por-su-decimo-aniversario\/"},"author":{"name":"NOTICIASMERCEDINAS.COM","@id":"https:\/\/noticiasmercedinas.com\/site\/#\/schema\/person\/84b59c099c28ff2e8b77d4ceec5d8063"},"headline":"FM La Tribuna, junto al rock, la informaci\u00f3n y el deporte, va por su d\u00e9cimo aniversario","datePublished":"2019-05-14T01:57:03+00:00","mainEntityOfPage":{"@id":"https:\/\/noticiasmercedinas.com\/site\/2019\/05\/13\/fm-la-tribuna-junto-al-rock-la-informacion-y-el-deporte-va-por-su-decimo-aniversario\/"},"wordCount":488,"commentCount":0,"publisher":{"@id":"https:\/\/noticiasmercedinas.com\/site\/#organization"},"image":{"@id":"https:\/\/noticiasmercedinas.com\/site\/2019\/05\/13\/fm-la-tribuna-junto-al-rock-la-informacion-y-el-deporte-va-por-su-decimo-aniversario\/#primaryimage"},"thumbnailUrl":"https:\/\/noticiasmercedinas.com\/site\/wp-content\/uploads\/2019\/05\/elpulso.jpg","keywords":["fm","fm la tribuna","medios","mercedes","radio"],"articleSection":["Medios"],"inLanguage":"es","potentialAction":[{"@type":"CommentAction","name":"Comment","target":["https:\/\/noticiasmercedinas.com\/site\/2019\/05\/13\/fm-la-tribuna-junto-al-rock-la-informacion-y-el-deporte-va-por-su-decimo-aniversario\/#respond"]}]},{"@type":"WebPage","@id":"https:\/\/noticiasmercedinas.com\/site\/2019\/05\/13\/fm-la-tribuna-junto-al-rock-la-informacion-y-el-deporte-va-por-su-decimo-aniversario\/","url":"https:\/\/noticiasmercedinas.com\/site\/2019\/05\/13\/fm-la-tribuna-junto-al-rock-la-informacion-y-el-deporte-va-por-su-decimo-aniversario\/","name":"FM La Tribuna, junto al rock, la informaci\u00f3n y el deporte, va por su d\u00e9cimo aniversario","isPartOf":{"@id":"https:\/\/noticiasmercedinas.com\/site\/#website"},"primaryImageOfPage":{"@id":"https:\/\/noticiasmercedinas.com\/site\/2019\/05\/13\/fm-la-tribuna-junto-al-rock-la-informacion-y-el-deporte-va-por-su-decimo-aniversario\/#primaryimage"},"image":{"@id":"https:\/\/noticiasmercedinas.com\/site\/2019\/05\/13\/fm-la-tribuna-junto-al-rock-la-informacion-y-el-deporte-va-por-su-decimo-aniversario\/#primaryimage"},"thumbnailUrl":"https:\/\/noticiasmercedinas.com\/site\/wp-content\/uploads\/2019\/05\/elpulso.jpg","datePublished":"2019-05-14T01:57:03+00:00","breadcrumb":{"@id":"https:\/\/noticiasmercedinas.com\/site\/2019\/05\/13\/fm-la-tribuna-junto-al-rock-la-informacion-y-el-deporte-va-por-su-decimo-aniversario\/#breadcrumb"},"inLanguage":"es","potentialAction":[{"@type":"ReadAction","target":["https:\/\/noticiasmercedinas.com\/site\/2019\/05\/13\/fm-la-tribuna-junto-al-rock-la-informacion-y-el-deporte-va-por-su-decimo-aniversario\/"]}]},{"@type":"ImageObject","inLanguage":"es","@id":"https:\/\/noticiasmercedinas.com\/site\/2019\/05\/13\/fm-la-tribuna-junto-al-rock-la-informacion-y-el-deporte-va-por-su-decimo-aniversario\/#primaryimage","url":"https:\/\/noticiasmercedinas.com\/site\/wp-content\/uploads\/2019\/05\/elpulso.jpg","contentUrl":"https:\/\/noticiasmercedinas.com\/site\/wp-content\/uploads\/2019\/05\/elpulso.jpg","width":985,"height":450},{"@type":"BreadcrumbList","@id":"https:\/\/noticiasmercedinas.com\/site\/2019\/05\/13\/fm-la-tribuna-junto-al-rock-la-informacion-y-el-deporte-va-por-su-decimo-aniversario\/#breadcrumb","itemListElement":[{"@type":"ListItem","position":1,"name":"Portada","item":"https:\/\/noticiasmercedinas.com\/site\/"},{"@type":"ListItem","position":2,"name":"FM La Tribuna, junto al rock, la informaci\u00f3n y el deporte, va por su d\u00e9cimo aniversario"}]},{"@type":"WebSite","@id":"https:\/\/noticiasmercedinas.com\/site\/#website","url":"https:\/\/noticiasmercedinas.com\/site\/","name":"NOTICIASMERCEDINAS.COM","description":"Mercedes, Buenos Aires, Argentina","publisher":{"@id":"https:\/\/noticiasmercedinas.com\/site\/#organization"},"potentialAction":[{"@type":"SearchAction","target":{"@type":"EntryPoint","urlTemplate":"https:\/\/noticiasmercedinas.com\/site\/?s={search_term_string}"},"query-input":{"@type":"PropertyValueSpecification","valueRequired":true,"valueName":"search_term_string"}}],"inLanguage":"es"},{"@type":"Organization","@id":"https:\/\/noticiasmercedinas.com\/site\/#organization","name":"NOTICIASMERCEDINAS.COM","url":"https:\/\/noticiasmercedinas.com\/site\/","logo":{"@type":"ImageObject","inLanguage":"es","@id":"https:\/\/noticiasmercedinas.com\/site\/#\/schema\/logo\/image\/","url":"https:\/\/noticiasmercedinas.com\/site\/wp-content\/uploads\/2020\/06\/LOGO-512.jpg","contentUrl":"https:\/\/noticiasmercedinas.com\/site\/wp-content\/uploads\/2020\/06\/LOGO-512.jpg","width":512,"height":512,"caption":"NOTICIASMERCEDINAS.COM"},"image":{"@id":"https:\/\/noticiasmercedinas.com\/site\/#\/schema\/logo\/image\/"},"sameAs":["https:\/\/www.facebook.com\/noticiasmercedinas\/","https:\/\/x.com\/notmercedinas","https:\/\/www.instagram.com\/noticiasmercedinas\/"]},{"@type":"Person","@id":"https:\/\/noticiasmercedinas.com\/site\/#\/schema\/person\/84b59c099c28ff2e8b77d4ceec5d8063","name":"NOTICIASMERCEDINAS.COM","image":{"@type":"ImageObject","inLanguage":"es","@id":"https:\/\/secure.gravatar.com\/avatar\/4dfbf16b4d17945bfb6341b2d19043457132fcf478a5ee04f42e959fd8f5df0a?s=96&d=mm&r=g","url":"https:\/\/secure.gravatar.com\/avatar\/4dfbf16b4d17945bfb6341b2d19043457132fcf478a5ee04f42e959fd8f5df0a?s=96&d=mm&r=g","contentUrl":"https:\/\/secure.gravatar.com\/avatar\/4dfbf16b4d17945bfb6341b2d19043457132fcf478a5ee04f42e959fd8f5df0a?s=96&d=mm&r=g","caption":"NOTICIASMERCEDINAS.COM"},"url":"https:\/\/noticiasmercedinas.com\/site\/author\/anonimo\/"}]}},"amp_enabled":true,"_links":{"self":[{"href":"https:\/\/noticiasmercedinas.com\/site\/wp-json\/wp\/v2\/posts\/18858","targetHints":{"allow":["GET"]}}],"collection":[{"href":"https:\/\/noticiasmercedinas.com\/site\/wp-json\/wp\/v2\/posts"}],"about":[{"href":"https:\/\/noticiasmercedinas.com\/site\/wp-json\/wp\/v2\/types\/post"}],"author":[{"embeddable":true,"href":"https:\/\/noticiasmercedinas.com\/site\/wp-json\/wp\/v2\/users\/16"}],"replies":[{"embeddable":true,"href":"https:\/\/noticiasmercedinas.com\/site\/wp-json\/wp\/v2\/comments?post=18858"}],"version-history":[{"count":1,"href":"https:\/\/noticiasmercedinas.com\/site\/wp-json\/wp\/v2\/posts\/18858\/revisions"}],"predecessor-version":[{"id":18866,"href":"https:\/\/noticiasmercedinas.com\/site\/wp-json\/wp\/v2\/posts\/18858\/revisions\/18866"}],"wp:featuredmedia":[{"embeddable":true,"href":"https:\/\/noticiasmercedinas.com\/site\/wp-json\/wp\/v2\/media\/18863"}],"wp:attachment":[{"href":"https:\/\/noticiasmercedinas.com\/site\/wp-json\/wp\/v2\/media?parent=18858"}],"wp:term":[{"taxonomy":"category","embeddable":true,"href":"https:\/\/noticiasmercedinas.com\/site\/wp-json\/wp\/v2\/categories?post=18858"},{"taxonomy":"post_tag","embeddable":true,"href":"https:\/\/noticiasmercedinas.com\/site\/wp-json\/wp\/v2\/tags?post=18858"}],"curies":[{"name":"wp","href":"https:\/\/api.w.org\/{rel}","templated":true}]}}