{"id":18904,"date":"2019-05-14T17:21:18","date_gmt":"2019-05-14T20:21:18","guid":{"rendered":"https:\/\/noticiasmercedinas.com\/site\/?p=18904"},"modified":"2019-05-14T17:21:18","modified_gmt":"2019-05-14T20:21:18","slug":"programa-radial-llegaron-los-blues-cumple-5-anos-y-lo-festeja-con-todo","status":"publish","type":"post","link":"https:\/\/noticiasmercedinas.com\/site\/2019\/05\/14\/programa-radial-llegaron-los-blues-cumple-5-anos-y-lo-festeja-con-todo\/","title":{"rendered":"Programa radial \u00abLlegaron los Blues\u00bb cumple 5 a\u00f1os y lo festeja con todo"},"content":{"rendered":"<p><img loading=\"lazy\" decoding=\"async\" class=\"alignnone size-large wp-image-18906\" src=\"https:\/\/noticiasmercedinas.com\/site\/wp-content\/uploads\/2019\/05\/a8a7d8b7-ff70-415b-9f6a-562c81ca3e2c-1024x741.jpg\" alt=\"\" width=\"640\" height=\"463\" srcset=\"https:\/\/noticiasmercedinas.com\/site\/wp-content\/uploads\/2019\/05\/a8a7d8b7-ff70-415b-9f6a-562c81ca3e2c-1024x741.jpg 1024w, https:\/\/noticiasmercedinas.com\/site\/wp-content\/uploads\/2019\/05\/a8a7d8b7-ff70-415b-9f6a-562c81ca3e2c-300x217.jpg 300w, https:\/\/noticiasmercedinas.com\/site\/wp-content\/uploads\/2019\/05\/a8a7d8b7-ff70-415b-9f6a-562c81ca3e2c-768x556.jpg 768w, https:\/\/noticiasmercedinas.com\/site\/wp-content\/uploads\/2019\/05\/a8a7d8b7-ff70-415b-9f6a-562c81ca3e2c-640x463.jpg 640w, https:\/\/noticiasmercedinas.com\/site\/wp-content\/uploads\/2019\/05\/a8a7d8b7-ff70-415b-9f6a-562c81ca3e2c.jpg 1280w, https:\/\/noticiasmercedinas.com\/site\/wp-content\/uploads\/2019\/05\/a8a7d8b7-ff70-415b-9f6a-562c81ca3e2c-681x493.jpg 681w\" sizes=\"auto, (max-width: 640px) 100vw, 640px\" \/><\/p>\n<p>El programa radial \u00abLlegaron los blues\u00bb que se emite por FM Santa Mar\u00eda cumple sus primeros 5 a\u00f1os de vida y los festeja con todo.<\/p>\n<p>Tal cual destac\u00f3 Hern\u00e1n Rivero, su mentor, el programa radial que sale en vivo los viernes de 18 a 20 horas por FM 88.1 Mhz en el marco de los festejos contar\u00e1 con la visita de Daniel Raffo, que se presentar\u00e1 en el Teatro Argentino junto a lo mejor del blues local.<\/p>\n<p>Riqui Mu\u00f1oz, Fabian Yahid, Jay Jay Troche, Pato Raffo y Nandu Aquista ser\u00e1n parte de la propuesta junto a grandes invitados\u00a0 Abrir\u00e1 la noche la Thrill is Gone, banda local que se suma a los festejos.<\/p>\n<p>\u00abEl a\u00f1o arranc\u00f3 con la llegada de Carlos Bada y N\u00e9stor Bouziguez, y ahora se suma este concierto que dar\u00e1 Raffo y con el que el teatro nuevamente se vestir\u00e1 de blues\u00bb, dijo Rivero.<\/p>\n<p>\u00abNo me imagin\u00e9 nunca llegar con el blues a todos los rincones de Mercedes a trav\u00e9s de la radio. Mi agradecimiento a FM Santa Mar\u00eda, a Alfredo Uncal que me aguanta con cada proyecto que emprendo, a Mat\u00edas Uncal, a Margarita Garau, a Octavio Fiorelli, a Cristian Krauss, a la radio&#8230; y el mayor apoyo obvio es de mi familia, siempre aguat\u00e1ndome con los blues\u00bb, indic\u00f3 Rivero, quien se ha convertido con su programa en un importante animador cultural de la ciudad.<\/p>\n<p>El show de Daniel Raffo ser\u00e1 el s\u00e1bado 18 de mayo a partir de las 21 horas en el Teatro Argentino de Mercedes.<\/p>\n","protected":false},"excerpt":{"rendered":"<p>El programa radial \u00abLlegaron los blues\u00bb que se emite por FM Santa Mar\u00eda cumple sus primeros 5 a\u00f1os de vida y los festeja con todo. Tal cual destac\u00f3 Hern\u00e1n Rivero, su mentor, el programa radial que sale en vivo los viernes de 18 a 20 horas por FM 88.1 Mhz en el marco de los [&hellip;]<\/p>\n","protected":false},"author":2,"featured_media":18906,"comment_status":"open","ping_status":"open","sticky":false,"template":"","format":"standard","meta":{"footnotes":""},"categories":[4210],"tags":[4266,4812,4807,553,55,2762,554],"class_list":["post-18904","post","type-post","status-publish","format-standard","has-post-thumbnail","hentry","category-medios","tag-alfredo-uncal","tag-daniel-raffo","tag-fm","tag-fm-santa-maria","tag-hernan-rivero","tag-llegaron-los-blues","tag-radio"],"yoast_head":"<!-- This site is optimized with the Yoast SEO plugin v27.5 - https:\/\/yoast.com\/product\/yoast-seo-wordpress\/ -->\n<title>Programa radial &quot;Llegaron los Blues&quot; cumple 5 a\u00f1os y lo festeja con todo<\/title>\n<meta name=\"robots\" content=\"index, follow, max-snippet:-1, max-image-preview:large, max-video-preview:-1\" \/>\n<link rel=\"canonical\" href=\"https:\/\/noticiasmercedinas.com\/site\/2019\/05\/14\/programa-radial-llegaron-los-blues-cumple-5-anos-y-lo-festeja-con-todo\/\" \/>\n<meta property=\"og:locale\" content=\"es_ES\" \/>\n<meta property=\"og:type\" content=\"article\" \/>\n<meta property=\"og:title\" content=\"Programa radial &quot;Llegaron los Blues&quot; cumple 5 a\u00f1os y lo festeja con todo\" \/>\n<meta property=\"og:description\" content=\"El programa radial \u00abLlegaron los blues\u00bb que se emite por FM Santa Mar\u00eda cumple sus primeros 5 a\u00f1os de vida y los festeja con todo. Tal cual destac\u00f3 Hern\u00e1n Rivero, su mentor, el programa radial que sale en vivo los viernes de 18 a 20 horas por FM 88.1 Mhz en el marco de los [&hellip;]\" \/>\n<meta property=\"og:url\" content=\"https:\/\/noticiasmercedinas.com\/site\/2019\/05\/14\/programa-radial-llegaron-los-blues-cumple-5-anos-y-lo-festeja-con-todo\/\" \/>\n<meta property=\"og:site_name\" content=\"NOTICIASMERCEDINAS.COM\" \/>\n<meta property=\"article:publisher\" content=\"https:\/\/www.facebook.com\/noticiasmercedinas\/\" \/>\n<meta property=\"article:author\" content=\"https:\/\/www.facebook.com\/cristian.falabella\" \/>\n<meta property=\"article:published_time\" content=\"2019-05-14T20:21:18+00:00\" \/>\n<meta property=\"og:image\" content=\"https:\/\/noticiasmercedinas.com\/site\/wp-content\/uploads\/2019\/05\/a8a7d8b7-ff70-415b-9f6a-562c81ca3e2c.jpg\" \/>\n\t<meta property=\"og:image:width\" content=\"1280\" \/>\n\t<meta property=\"og:image:height\" content=\"926\" \/>\n\t<meta property=\"og:image:type\" content=\"image\/jpeg\" \/>\n<meta name=\"author\" content=\"Cristian Falabella NOTICIASMERCEDINAS.COM\" \/>\n<meta name=\"twitter:card\" content=\"summary_large_image\" \/>\n<meta name=\"twitter:creator\" content=\"@https:\/\/twitter.com\/NOTMERCEDINAS\" \/>\n<meta name=\"twitter:site\" content=\"@notmercedinas\" \/>\n<meta name=\"twitter:label1\" content=\"Escrito por\" \/>\n\t<meta name=\"twitter:data1\" content=\"Cristian Falabella NOTICIASMERCEDINAS.COM\" \/>\n\t<meta name=\"twitter:label2\" content=\"Tiempo de lectura\" \/>\n\t<meta name=\"twitter:data2\" content=\"1 minuto\" \/>\n<script type=\"application\/ld+json\" class=\"yoast-schema-graph\">{\"@context\":\"https:\\\/\\\/schema.org\",\"@graph\":[{\"@type\":\"Article\",\"@id\":\"https:\\\/\\\/noticiasmercedinas.com\\\/site\\\/2019\\\/05\\\/14\\\/programa-radial-llegaron-los-blues-cumple-5-anos-y-lo-festeja-con-todo\\\/#article\",\"isPartOf\":{\"@id\":\"https:\\\/\\\/noticiasmercedinas.com\\\/site\\\/2019\\\/05\\\/14\\\/programa-radial-llegaron-los-blues-cumple-5-anos-y-lo-festeja-con-todo\\\/\"},\"author\":{\"name\":\"Cristian Falabella NOTICIASMERCEDINAS.COM\",\"@id\":\"https:\\\/\\\/noticiasmercedinas.com\\\/site\\\/#\\\/schema\\\/person\\\/d481a9696a5feaec13a60e2bbd991a6a\"},\"headline\":\"Programa radial \u00abLlegaron los Blues\u00bb cumple 5 a\u00f1os y lo festeja con todo\",\"datePublished\":\"2019-05-14T20:21:18+00:00\",\"mainEntityOfPage\":{\"@id\":\"https:\\\/\\\/noticiasmercedinas.com\\\/site\\\/2019\\\/05\\\/14\\\/programa-radial-llegaron-los-blues-cumple-5-anos-y-lo-festeja-con-todo\\\/\"},\"wordCount\":271,\"commentCount\":0,\"publisher\":{\"@id\":\"https:\\\/\\\/noticiasmercedinas.com\\\/site\\\/#organization\"},\"image\":{\"@id\":\"https:\\\/\\\/noticiasmercedinas.com\\\/site\\\/2019\\\/05\\\/14\\\/programa-radial-llegaron-los-blues-cumple-5-anos-y-lo-festeja-con-todo\\\/#primaryimage\"},\"thumbnailUrl\":\"https:\\\/\\\/noticiasmercedinas.com\\\/site\\\/wp-content\\\/uploads\\\/2019\\\/05\\\/a8a7d8b7-ff70-415b-9f6a-562c81ca3e2c.jpg\",\"keywords\":[\"alfredo uncal\",\"Daniel Raffo\",\"fm\",\"fm santa maria\",\"Hernan Rivero\",\"llegaron los blues\",\"radio\"],\"articleSection\":[\"Medios\"],\"inLanguage\":\"es\",\"potentialAction\":[{\"@type\":\"CommentAction\",\"name\":\"Comment\",\"target\":[\"https:\\\/\\\/noticiasmercedinas.com\\\/site\\\/2019\\\/05\\\/14\\\/programa-radial-llegaron-los-blues-cumple-5-anos-y-lo-festeja-con-todo\\\/#respond\"]}]},{\"@type\":\"WebPage\",\"@id\":\"https:\\\/\\\/noticiasmercedinas.com\\\/site\\\/2019\\\/05\\\/14\\\/programa-radial-llegaron-los-blues-cumple-5-anos-y-lo-festeja-con-todo\\\/\",\"url\":\"https:\\\/\\\/noticiasmercedinas.com\\\/site\\\/2019\\\/05\\\/14\\\/programa-radial-llegaron-los-blues-cumple-5-anos-y-lo-festeja-con-todo\\\/\",\"name\":\"Programa radial \\\"Llegaron los Blues\\\" cumple 5 a\u00f1os y lo festeja con todo\",\"isPartOf\":{\"@id\":\"https:\\\/\\\/noticiasmercedinas.com\\\/site\\\/#website\"},\"primaryImageOfPage\":{\"@id\":\"https:\\\/\\\/noticiasmercedinas.com\\\/site\\\/2019\\\/05\\\/14\\\/programa-radial-llegaron-los-blues-cumple-5-anos-y-lo-festeja-con-todo\\\/#primaryimage\"},\"image\":{\"@id\":\"https:\\\/\\\/noticiasmercedinas.com\\\/site\\\/2019\\\/05\\\/14\\\/programa-radial-llegaron-los-blues-cumple-5-anos-y-lo-festeja-con-todo\\\/#primaryimage\"},\"thumbnailUrl\":\"https:\\\/\\\/noticiasmercedinas.com\\\/site\\\/wp-content\\\/uploads\\\/2019\\\/05\\\/a8a7d8b7-ff70-415b-9f6a-562c81ca3e2c.jpg\",\"datePublished\":\"2019-05-14T20:21:18+00:00\",\"breadcrumb\":{\"@id\":\"https:\\\/\\\/noticiasmercedinas.com\\\/site\\\/2019\\\/05\\\/14\\\/programa-radial-llegaron-los-blues-cumple-5-anos-y-lo-festeja-con-todo\\\/#breadcrumb\"},\"inLanguage\":\"es\",\"potentialAction\":[{\"@type\":\"ReadAction\",\"target\":[\"https:\\\/\\\/noticiasmercedinas.com\\\/site\\\/2019\\\/05\\\/14\\\/programa-radial-llegaron-los-blues-cumple-5-anos-y-lo-festeja-con-todo\\\/\"]}]},{\"@type\":\"ImageObject\",\"inLanguage\":\"es\",\"@id\":\"https:\\\/\\\/noticiasmercedinas.com\\\/site\\\/2019\\\/05\\\/14\\\/programa-radial-llegaron-los-blues-cumple-5-anos-y-lo-festeja-con-todo\\\/#primaryimage\",\"url\":\"https:\\\/\\\/noticiasmercedinas.com\\\/site\\\/wp-content\\\/uploads\\\/2019\\\/05\\\/a8a7d8b7-ff70-415b-9f6a-562c81ca3e2c.jpg\",\"contentUrl\":\"https:\\\/\\\/noticiasmercedinas.com\\\/site\\\/wp-content\\\/uploads\\\/2019\\\/05\\\/a8a7d8b7-ff70-415b-9f6a-562c81ca3e2c.jpg\",\"width\":1280,\"height\":926},{\"@type\":\"BreadcrumbList\",\"@id\":\"https:\\\/\\\/noticiasmercedinas.com\\\/site\\\/2019\\\/05\\\/14\\\/programa-radial-llegaron-los-blues-cumple-5-anos-y-lo-festeja-con-todo\\\/#breadcrumb\",\"itemListElement\":[{\"@type\":\"ListItem\",\"position\":1,\"name\":\"Portada\",\"item\":\"https:\\\/\\\/noticiasmercedinas.com\\\/site\\\/\"},{\"@type\":\"ListItem\",\"position\":2,\"name\":\"Programa radial \u00abLlegaron los Blues\u00bb cumple 5 a\u00f1os y lo festeja con todo\"}]},{\"@type\":\"WebSite\",\"@id\":\"https:\\\/\\\/noticiasmercedinas.com\\\/site\\\/#website\",\"url\":\"https:\\\/\\\/noticiasmercedinas.com\\\/site\\\/\",\"name\":\"NOTICIASMERCEDINAS.COM\",\"description\":\"Mercedes, Buenos Aires, Argentina\",\"publisher\":{\"@id\":\"https:\\\/\\\/noticiasmercedinas.com\\\/site\\\/#organization\"},\"potentialAction\":[{\"@type\":\"SearchAction\",\"target\":{\"@type\":\"EntryPoint\",\"urlTemplate\":\"https:\\\/\\\/noticiasmercedinas.com\\\/site\\\/?s={search_term_string}\"},\"query-input\":{\"@type\":\"PropertyValueSpecification\",\"valueRequired\":true,\"valueName\":\"search_term_string\"}}],\"inLanguage\":\"es\"},{\"@type\":\"Organization\",\"@id\":\"https:\\\/\\\/noticiasmercedinas.com\\\/site\\\/#organization\",\"name\":\"NOTICIASMERCEDINAS.COM\",\"url\":\"https:\\\/\\\/noticiasmercedinas.com\\\/site\\\/\",\"logo\":{\"@type\":\"ImageObject\",\"inLanguage\":\"es\",\"@id\":\"https:\\\/\\\/noticiasmercedinas.com\\\/site\\\/#\\\/schema\\\/logo\\\/image\\\/\",\"url\":\"https:\\\/\\\/noticiasmercedinas.com\\\/site\\\/wp-content\\\/uploads\\\/2020\\\/06\\\/LOGO-512.jpg\",\"contentUrl\":\"https:\\\/\\\/noticiasmercedinas.com\\\/site\\\/wp-content\\\/uploads\\\/2020\\\/06\\\/LOGO-512.jpg\",\"width\":512,\"height\":512,\"caption\":\"NOTICIASMERCEDINAS.COM\"},\"image\":{\"@id\":\"https:\\\/\\\/noticiasmercedinas.com\\\/site\\\/#\\\/schema\\\/logo\\\/image\\\/\"},\"sameAs\":[\"https:\\\/\\\/www.facebook.com\\\/noticiasmercedinas\\\/\",\"https:\\\/\\\/x.com\\\/notmercedinas\",\"https:\\\/\\\/www.instagram.com\\\/noticiasmercedinas\\\/\"]},{\"@type\":\"Person\",\"@id\":\"https:\\\/\\\/noticiasmercedinas.com\\\/site\\\/#\\\/schema\\\/person\\\/d481a9696a5feaec13a60e2bbd991a6a\",\"name\":\"Cristian Falabella NOTICIASMERCEDINAS.COM\",\"image\":{\"@type\":\"ImageObject\",\"inLanguage\":\"es\",\"@id\":\"https:\\\/\\\/secure.gravatar.com\\\/avatar\\\/0dbbfc45970cc46bcd0e57766228574ff3511d6eed045b182f536f0f478c1f06?s=96&d=mm&r=g\",\"url\":\"https:\\\/\\\/secure.gravatar.com\\\/avatar\\\/0dbbfc45970cc46bcd0e57766228574ff3511d6eed045b182f536f0f478c1f06?s=96&d=mm&r=g\",\"contentUrl\":\"https:\\\/\\\/secure.gravatar.com\\\/avatar\\\/0dbbfc45970cc46bcd0e57766228574ff3511d6eed045b182f536f0f478c1f06?s=96&d=mm&r=g\",\"caption\":\"Cristian Falabella NOTICIASMERCEDINAS.COM\"},\"description\":\"Periodista, editor de Noticias Mercedinas. Pas\u00f3 por varias redacciones y emprendimientos de prensa, en distintos formatos y \u00e9pocas. Se especializ\u00f3 --y sigue haci\u00e9ndolo-- en comunicaci\u00f3n en la web y en junio de 2006 fund\u00f3 este diario digital.\",\"sameAs\":[\"https:\\\/\\\/noticiasmercedinas.com\",\"https:\\\/\\\/www.facebook.com\\\/cristian.falabella\",\"https:\\\/\\\/www.instagram.com\\\/noticiasmercedinas\\\/\",\"https:\\\/\\\/x.com\\\/https:\\\/\\\/twitter.com\\\/NOTMERCEDINAS\"],\"url\":\"https:\\\/\\\/noticiasmercedinas.com\\\/site\\\/author\\\/as000384\\\/\"}]}<\/script>\n<!-- \/ Yoast SEO plugin. -->","yoast_head_json":{"title":"Programa radial \"Llegaron los Blues\" cumple 5 a\u00f1os y lo festeja con todo","robots":{"index":"index","follow":"follow","max-snippet":"max-snippet:-1","max-image-preview":"max-image-preview:large","max-video-preview":"max-video-preview:-1"},"canonical":"https:\/\/noticiasmercedinas.com\/site\/2019\/05\/14\/programa-radial-llegaron-los-blues-cumple-5-anos-y-lo-festeja-con-todo\/","og_locale":"es_ES","og_type":"article","og_title":"Programa radial \"Llegaron los Blues\" cumple 5 a\u00f1os y lo festeja con todo","og_description":"El programa radial \u00abLlegaron los blues\u00bb que se emite por FM Santa Mar\u00eda cumple sus primeros 5 a\u00f1os de vida y los festeja con todo. Tal cual destac\u00f3 Hern\u00e1n Rivero, su mentor, el programa radial que sale en vivo los viernes de 18 a 20 horas por FM 88.1 Mhz en el marco de los [&hellip;]","og_url":"https:\/\/noticiasmercedinas.com\/site\/2019\/05\/14\/programa-radial-llegaron-los-blues-cumple-5-anos-y-lo-festeja-con-todo\/","og_site_name":"NOTICIASMERCEDINAS.COM","article_publisher":"https:\/\/www.facebook.com\/noticiasmercedinas\/","article_author":"https:\/\/www.facebook.com\/cristian.falabella","article_published_time":"2019-05-14T20:21:18+00:00","og_image":[{"width":1280,"height":926,"url":"https:\/\/noticiasmercedinas.com\/site\/wp-content\/uploads\/2019\/05\/a8a7d8b7-ff70-415b-9f6a-562c81ca3e2c.jpg","type":"image\/jpeg"}],"author":"Cristian Falabella NOTICIASMERCEDINAS.COM","twitter_card":"summary_large_image","twitter_creator":"@https:\/\/twitter.com\/NOTMERCEDINAS","twitter_site":"@notmercedinas","twitter_misc":{"Escrito por":"Cristian Falabella NOTICIASMERCEDINAS.COM","Tiempo de lectura":"1 minuto"},"schema":{"@context":"https:\/\/schema.org","@graph":[{"@type":"Article","@id":"https:\/\/noticiasmercedinas.com\/site\/2019\/05\/14\/programa-radial-llegaron-los-blues-cumple-5-anos-y-lo-festeja-con-todo\/#article","isPartOf":{"@id":"https:\/\/noticiasmercedinas.com\/site\/2019\/05\/14\/programa-radial-llegaron-los-blues-cumple-5-anos-y-lo-festeja-con-todo\/"},"author":{"name":"Cristian Falabella NOTICIASMERCEDINAS.COM","@id":"https:\/\/noticiasmercedinas.com\/site\/#\/schema\/person\/d481a9696a5feaec13a60e2bbd991a6a"},"headline":"Programa radial \u00abLlegaron los Blues\u00bb cumple 5 a\u00f1os y lo festeja con todo","datePublished":"2019-05-14T20:21:18+00:00","mainEntityOfPage":{"@id":"https:\/\/noticiasmercedinas.com\/site\/2019\/05\/14\/programa-radial-llegaron-los-blues-cumple-5-anos-y-lo-festeja-con-todo\/"},"wordCount":271,"commentCount":0,"publisher":{"@id":"https:\/\/noticiasmercedinas.com\/site\/#organization"},"image":{"@id":"https:\/\/noticiasmercedinas.com\/site\/2019\/05\/14\/programa-radial-llegaron-los-blues-cumple-5-anos-y-lo-festeja-con-todo\/#primaryimage"},"thumbnailUrl":"https:\/\/noticiasmercedinas.com\/site\/wp-content\/uploads\/2019\/05\/a8a7d8b7-ff70-415b-9f6a-562c81ca3e2c.jpg","keywords":["alfredo uncal","Daniel Raffo","fm","fm santa maria","Hernan Rivero","llegaron los blues","radio"],"articleSection":["Medios"],"inLanguage":"es","potentialAction":[{"@type":"CommentAction","name":"Comment","target":["https:\/\/noticiasmercedinas.com\/site\/2019\/05\/14\/programa-radial-llegaron-los-blues-cumple-5-anos-y-lo-festeja-con-todo\/#respond"]}]},{"@type":"WebPage","@id":"https:\/\/noticiasmercedinas.com\/site\/2019\/05\/14\/programa-radial-llegaron-los-blues-cumple-5-anos-y-lo-festeja-con-todo\/","url":"https:\/\/noticiasmercedinas.com\/site\/2019\/05\/14\/programa-radial-llegaron-los-blues-cumple-5-anos-y-lo-festeja-con-todo\/","name":"Programa radial \"Llegaron los Blues\" cumple 5 a\u00f1os y lo festeja con todo","isPartOf":{"@id":"https:\/\/noticiasmercedinas.com\/site\/#website"},"primaryImageOfPage":{"@id":"https:\/\/noticiasmercedinas.com\/site\/2019\/05\/14\/programa-radial-llegaron-los-blues-cumple-5-anos-y-lo-festeja-con-todo\/#primaryimage"},"image":{"@id":"https:\/\/noticiasmercedinas.com\/site\/2019\/05\/14\/programa-radial-llegaron-los-blues-cumple-5-anos-y-lo-festeja-con-todo\/#primaryimage"},"thumbnailUrl":"https:\/\/noticiasmercedinas.com\/site\/wp-content\/uploads\/2019\/05\/a8a7d8b7-ff70-415b-9f6a-562c81ca3e2c.jpg","datePublished":"2019-05-14T20:21:18+00:00","breadcrumb":{"@id":"https:\/\/noticiasmercedinas.com\/site\/2019\/05\/14\/programa-radial-llegaron-los-blues-cumple-5-anos-y-lo-festeja-con-todo\/#breadcrumb"},"inLanguage":"es","potentialAction":[{"@type":"ReadAction","target":["https:\/\/noticiasmercedinas.com\/site\/2019\/05\/14\/programa-radial-llegaron-los-blues-cumple-5-anos-y-lo-festeja-con-todo\/"]}]},{"@type":"ImageObject","inLanguage":"es","@id":"https:\/\/noticiasmercedinas.com\/site\/2019\/05\/14\/programa-radial-llegaron-los-blues-cumple-5-anos-y-lo-festeja-con-todo\/#primaryimage","url":"https:\/\/noticiasmercedinas.com\/site\/wp-content\/uploads\/2019\/05\/a8a7d8b7-ff70-415b-9f6a-562c81ca3e2c.jpg","contentUrl":"https:\/\/noticiasmercedinas.com\/site\/wp-content\/uploads\/2019\/05\/a8a7d8b7-ff70-415b-9f6a-562c81ca3e2c.jpg","width":1280,"height":926},{"@type":"BreadcrumbList","@id":"https:\/\/noticiasmercedinas.com\/site\/2019\/05\/14\/programa-radial-llegaron-los-blues-cumple-5-anos-y-lo-festeja-con-todo\/#breadcrumb","itemListElement":[{"@type":"ListItem","position":1,"name":"Portada","item":"https:\/\/noticiasmercedinas.com\/site\/"},{"@type":"ListItem","position":2,"name":"Programa radial \u00abLlegaron los Blues\u00bb cumple 5 a\u00f1os y lo festeja con todo"}]},{"@type":"WebSite","@id":"https:\/\/noticiasmercedinas.com\/site\/#website","url":"https:\/\/noticiasmercedinas.com\/site\/","name":"NOTICIASMERCEDINAS.COM","description":"Mercedes, Buenos Aires, Argentina","publisher":{"@id":"https:\/\/noticiasmercedinas.com\/site\/#organization"},"potentialAction":[{"@type":"SearchAction","target":{"@type":"EntryPoint","urlTemplate":"https:\/\/noticiasmercedinas.com\/site\/?s={search_term_string}"},"query-input":{"@type":"PropertyValueSpecification","valueRequired":true,"valueName":"search_term_string"}}],"inLanguage":"es"},{"@type":"Organization","@id":"https:\/\/noticiasmercedinas.com\/site\/#organization","name":"NOTICIASMERCEDINAS.COM","url":"https:\/\/noticiasmercedinas.com\/site\/","logo":{"@type":"ImageObject","inLanguage":"es","@id":"https:\/\/noticiasmercedinas.com\/site\/#\/schema\/logo\/image\/","url":"https:\/\/noticiasmercedinas.com\/site\/wp-content\/uploads\/2020\/06\/LOGO-512.jpg","contentUrl":"https:\/\/noticiasmercedinas.com\/site\/wp-content\/uploads\/2020\/06\/LOGO-512.jpg","width":512,"height":512,"caption":"NOTICIASMERCEDINAS.COM"},"image":{"@id":"https:\/\/noticiasmercedinas.com\/site\/#\/schema\/logo\/image\/"},"sameAs":["https:\/\/www.facebook.com\/noticiasmercedinas\/","https:\/\/x.com\/notmercedinas","https:\/\/www.instagram.com\/noticiasmercedinas\/"]},{"@type":"Person","@id":"https:\/\/noticiasmercedinas.com\/site\/#\/schema\/person\/d481a9696a5feaec13a60e2bbd991a6a","name":"Cristian Falabella NOTICIASMERCEDINAS.COM","image":{"@type":"ImageObject","inLanguage":"es","@id":"https:\/\/secure.gravatar.com\/avatar\/0dbbfc45970cc46bcd0e57766228574ff3511d6eed045b182f536f0f478c1f06?s=96&d=mm&r=g","url":"https:\/\/secure.gravatar.com\/avatar\/0dbbfc45970cc46bcd0e57766228574ff3511d6eed045b182f536f0f478c1f06?s=96&d=mm&r=g","contentUrl":"https:\/\/secure.gravatar.com\/avatar\/0dbbfc45970cc46bcd0e57766228574ff3511d6eed045b182f536f0f478c1f06?s=96&d=mm&r=g","caption":"Cristian Falabella NOTICIASMERCEDINAS.COM"},"description":"Periodista, editor de Noticias Mercedinas. Pas\u00f3 por varias redacciones y emprendimientos de prensa, en distintos formatos y \u00e9pocas. Se especializ\u00f3 --y sigue haci\u00e9ndolo-- en comunicaci\u00f3n en la web y en junio de 2006 fund\u00f3 este diario digital.","sameAs":["https:\/\/noticiasmercedinas.com","https:\/\/www.facebook.com\/cristian.falabella","https:\/\/www.instagram.com\/noticiasmercedinas\/","https:\/\/x.com\/https:\/\/twitter.com\/NOTMERCEDINAS"],"url":"https:\/\/noticiasmercedinas.com\/site\/author\/as000384\/"}]}},"amp_enabled":true,"_links":{"self":[{"href":"https:\/\/noticiasmercedinas.com\/site\/wp-json\/wp\/v2\/posts\/18904","targetHints":{"allow":["GET"]}}],"collection":[{"href":"https:\/\/noticiasmercedinas.com\/site\/wp-json\/wp\/v2\/posts"}],"about":[{"href":"https:\/\/noticiasmercedinas.com\/site\/wp-json\/wp\/v2\/types\/post"}],"author":[{"embeddable":true,"href":"https:\/\/noticiasmercedinas.com\/site\/wp-json\/wp\/v2\/users\/2"}],"replies":[{"embeddable":true,"href":"https:\/\/noticiasmercedinas.com\/site\/wp-json\/wp\/v2\/comments?post=18904"}],"version-history":[{"count":1,"href":"https:\/\/noticiasmercedinas.com\/site\/wp-json\/wp\/v2\/posts\/18904\/revisions"}],"predecessor-version":[{"id":18907,"href":"https:\/\/noticiasmercedinas.com\/site\/wp-json\/wp\/v2\/posts\/18904\/revisions\/18907"}],"wp:featuredmedia":[{"embeddable":true,"href":"https:\/\/noticiasmercedinas.com\/site\/wp-json\/wp\/v2\/media\/18906"}],"wp:attachment":[{"href":"https:\/\/noticiasmercedinas.com\/site\/wp-json\/wp\/v2\/media?parent=18904"}],"wp:term":[{"taxonomy":"category","embeddable":true,"href":"https:\/\/noticiasmercedinas.com\/site\/wp-json\/wp\/v2\/categories?post=18904"},{"taxonomy":"post_tag","embeddable":true,"href":"https:\/\/noticiasmercedinas.com\/site\/wp-json\/wp\/v2\/tags?post=18904"}],"curies":[{"name":"wp","href":"https:\/\/api.w.org\/{rel}","templated":true}]}}