{"id":18936,"date":"2019-05-15T10:56:57","date_gmt":"2019-05-15T13:56:57","guid":{"rendered":"https:\/\/noticiasmercedinas.com\/site\/?p=18936"},"modified":"2019-05-15T10:56:57","modified_gmt":"2019-05-15T13:56:57","slug":"juez-ramos-padilla-proceso-a-suspendido-fiscal-bidone","status":"publish","type":"post","link":"https:\/\/noticiasmercedinas.com\/site\/2019\/05\/15\/juez-ramos-padilla-proceso-a-suspendido-fiscal-bidone\/","title":{"rendered":"Juez Ramos Padilla proces\u00f3 a suspendido fiscal Bidone"},"content":{"rendered":"<p><a href=\"https:\/\/noticiasmercedinas.com\/site\/wp-content\/uploads\/2019\/03\/bidone_fiscal-2.jpg\"><img loading=\"lazy\" decoding=\"async\" class=\"alignnone size-full wp-image-14970\" src=\"https:\/\/noticiasmercedinas.com\/site\/wp-content\/uploads\/2019\/03\/bidone_fiscal-2.jpg\" alt=\"\" width=\"640\" height=\"425\" srcset=\"https:\/\/noticiasmercedinas.com\/site\/wp-content\/uploads\/2019\/03\/bidone_fiscal-2.jpg 640w, https:\/\/noticiasmercedinas.com\/site\/wp-content\/uploads\/2019\/03\/bidone_fiscal-2-300x199.jpg 300w\" sizes=\"auto, (max-width: 640px) 100vw, 640px\" \/><\/a><\/p>\n<p>El juez federal de Dolores, Alejo Ramos Padilla, proces\u00f3 hoy al suspendido fiscal de Mercedes, Juan Ignacio Bidone, por \u201casociaci\u00f3n il\u00edcita, violaci\u00f3n a la ley de Inteligencia, abuso de autoridad y extorsi\u00f3n\u201d en el marco de la \u201ccausa D\u2019 Alessio\u201d.<\/p>\n<p>\u201cSin perjuicio de las elevadas expectativas con las cuales se encuentran reprimidas las conductas il\u00edcitas reprochadas de acuerdo con las figuras penales en las que prima facie encuadran las mismas, la gravedad, calidad y cantidad de planes delictivos que llev\u00f3 adelante la organizaci\u00f3n que integr\u00f3 el imputado, debe valorarse positivamente no s\u00f3lo su arraigo en la ciudad de Mercedes en la que convive junto a su familia, sino su pretensi\u00f3n de colaborar con la investigaci\u00f3n\u201d, se\u00f1al\u00f3 el magistrado en su Resoluci\u00f3n.<\/p>\n<p>Bidone, sobre quien Ramos Padilla tambi\u00e9n dispuso un embargo de 10 millones de pesos, ya hab\u00eda sido procesado el 6 de mayo por otro juez federal, Luis Rodr\u00edguez, por la extorsi\u00f3n al empresario Gabriel Traficante.<\/p>\n<p>En este caso, Rodr\u00edguez entendi\u00f3 que el delito tuvo lugar gracias a la informaci\u00f3n privilegiada brindada a D\u2019Alessio por parte de Bidone y dos agentes de inteligencia, quienes suministraron registros telef\u00f3nicos y movimientos migratorios de la v\u00edctima.<\/p>\n","protected":false},"excerpt":{"rendered":"<p>El juez federal de Dolores, Alejo Ramos Padilla, proces\u00f3 hoy al suspendido fiscal de Mercedes, Juan Ignacio Bidone, por \u201casociaci\u00f3n il\u00edcita, violaci\u00f3n a la ley de Inteligencia, abuso de autoridad y extorsi\u00f3n\u201d en el marco de la \u201ccausa D\u2019 Alessio\u201d. \u201cSin perjuicio de las elevadas expectativas con las cuales se encuentran reprimidas las conductas il\u00edcitas [&hellip;]<\/p>\n","protected":false},"author":16,"featured_media":13728,"comment_status":"open","ping_status":"open","sticky":false,"template":"","format":"standard","meta":{"footnotes":""},"categories":[7],"tags":[3839,3837,524],"class_list":["post-18936","post","type-post","status-publish","format-standard","has-post-thumbnail","hentry","category-policiales","tag-alejo-ramos-padilla","tag-juan-ignacio-bidone","tag-justicia"],"yoast_head":"<!-- This site is optimized with the Yoast SEO plugin v27.5 - https:\/\/yoast.com\/product\/yoast-seo-wordpress\/ -->\n<title>Juez Ramos Padilla proces\u00f3 a suspendido fiscal Bidone<\/title>\n<meta name=\"robots\" content=\"index, follow, max-snippet:-1, max-image-preview:large, max-video-preview:-1\" \/>\n<link rel=\"canonical\" href=\"https:\/\/noticiasmercedinas.com\/site\/2019\/05\/15\/juez-ramos-padilla-proceso-a-suspendido-fiscal-bidone\/\" \/>\n<meta property=\"og:locale\" content=\"es_ES\" \/>\n<meta property=\"og:type\" content=\"article\" \/>\n<meta property=\"og:title\" content=\"Juez Ramos Padilla proces\u00f3 a suspendido fiscal Bidone\" \/>\n<meta property=\"og:description\" content=\"El juez federal de Dolores, Alejo Ramos Padilla, proces\u00f3 hoy al suspendido fiscal de Mercedes, Juan Ignacio Bidone, por \u201casociaci\u00f3n il\u00edcita, violaci\u00f3n a la ley de Inteligencia, abuso de autoridad y extorsi\u00f3n\u201d en el marco de la \u201ccausa D\u2019 Alessio\u201d. \u201cSin perjuicio de las elevadas expectativas con las cuales se encuentran reprimidas las conductas il\u00edcitas [&hellip;]\" \/>\n<meta property=\"og:url\" content=\"https:\/\/noticiasmercedinas.com\/site\/2019\/05\/15\/juez-ramos-padilla-proceso-a-suspendido-fiscal-bidone\/\" \/>\n<meta property=\"og:site_name\" content=\"NOTICIASMERCEDINAS.COM\" \/>\n<meta property=\"article:publisher\" content=\"https:\/\/www.facebook.com\/noticiasmercedinas\/\" \/>\n<meta property=\"article:published_time\" content=\"2019-05-15T13:56:57+00:00\" \/>\n<meta property=\"og:image\" content=\"https:\/\/noticiasmercedinas.com\/site\/wp-content\/uploads\/2019\/03\/bidone_fiscal.jpg\" \/>\n\t<meta property=\"og:image:width\" content=\"640\" \/>\n\t<meta property=\"og:image:height\" content=\"425\" \/>\n\t<meta property=\"og:image:type\" content=\"image\/jpeg\" \/>\n<meta name=\"author\" content=\"NOTICIASMERCEDINAS.COM\" \/>\n<meta name=\"twitter:card\" content=\"summary_large_image\" \/>\n<meta name=\"twitter:creator\" content=\"@notmercedinas\" \/>\n<meta name=\"twitter:site\" content=\"@notmercedinas\" \/>\n<meta name=\"twitter:label1\" content=\"Escrito por\" \/>\n\t<meta name=\"twitter:data1\" content=\"NOTICIASMERCEDINAS.COM\" \/>\n\t<meta name=\"twitter:label2\" content=\"Tiempo de lectura\" \/>\n\t<meta name=\"twitter:data2\" content=\"1 minuto\" \/>\n<script type=\"application\/ld+json\" class=\"yoast-schema-graph\">{\"@context\":\"https:\\\/\\\/schema.org\",\"@graph\":[{\"@type\":\"Article\",\"@id\":\"https:\\\/\\\/noticiasmercedinas.com\\\/site\\\/2019\\\/05\\\/15\\\/juez-ramos-padilla-proceso-a-suspendido-fiscal-bidone\\\/#article\",\"isPartOf\":{\"@id\":\"https:\\\/\\\/noticiasmercedinas.com\\\/site\\\/2019\\\/05\\\/15\\\/juez-ramos-padilla-proceso-a-suspendido-fiscal-bidone\\\/\"},\"author\":{\"name\":\"NOTICIASMERCEDINAS.COM\",\"@id\":\"https:\\\/\\\/noticiasmercedinas.com\\\/site\\\/#\\\/schema\\\/person\\\/84b59c099c28ff2e8b77d4ceec5d8063\"},\"headline\":\"Juez Ramos Padilla proces\u00f3 a suspendido fiscal Bidone\",\"datePublished\":\"2019-05-15T13:56:57+00:00\",\"mainEntityOfPage\":{\"@id\":\"https:\\\/\\\/noticiasmercedinas.com\\\/site\\\/2019\\\/05\\\/15\\\/juez-ramos-padilla-proceso-a-suspendido-fiscal-bidone\\\/\"},\"wordCount\":219,\"commentCount\":0,\"publisher\":{\"@id\":\"https:\\\/\\\/noticiasmercedinas.com\\\/site\\\/#organization\"},\"image\":{\"@id\":\"https:\\\/\\\/noticiasmercedinas.com\\\/site\\\/2019\\\/05\\\/15\\\/juez-ramos-padilla-proceso-a-suspendido-fiscal-bidone\\\/#primaryimage\"},\"thumbnailUrl\":\"https:\\\/\\\/noticiasmercedinas.com\\\/site\\\/wp-content\\\/uploads\\\/2019\\\/03\\\/bidone_fiscal.jpg\",\"keywords\":[\"Alejo Ramos Padilla\",\"Juan Ignacio Bidone\",\"justicia\"],\"articleSection\":[\"Seguridad\"],\"inLanguage\":\"es\",\"potentialAction\":[{\"@type\":\"CommentAction\",\"name\":\"Comment\",\"target\":[\"https:\\\/\\\/noticiasmercedinas.com\\\/site\\\/2019\\\/05\\\/15\\\/juez-ramos-padilla-proceso-a-suspendido-fiscal-bidone\\\/#respond\"]}]},{\"@type\":\"WebPage\",\"@id\":\"https:\\\/\\\/noticiasmercedinas.com\\\/site\\\/2019\\\/05\\\/15\\\/juez-ramos-padilla-proceso-a-suspendido-fiscal-bidone\\\/\",\"url\":\"https:\\\/\\\/noticiasmercedinas.com\\\/site\\\/2019\\\/05\\\/15\\\/juez-ramos-padilla-proceso-a-suspendido-fiscal-bidone\\\/\",\"name\":\"Juez Ramos Padilla proces\u00f3 a suspendido fiscal Bidone\",\"isPartOf\":{\"@id\":\"https:\\\/\\\/noticiasmercedinas.com\\\/site\\\/#website\"},\"primaryImageOfPage\":{\"@id\":\"https:\\\/\\\/noticiasmercedinas.com\\\/site\\\/2019\\\/05\\\/15\\\/juez-ramos-padilla-proceso-a-suspendido-fiscal-bidone\\\/#primaryimage\"},\"image\":{\"@id\":\"https:\\\/\\\/noticiasmercedinas.com\\\/site\\\/2019\\\/05\\\/15\\\/juez-ramos-padilla-proceso-a-suspendido-fiscal-bidone\\\/#primaryimage\"},\"thumbnailUrl\":\"https:\\\/\\\/noticiasmercedinas.com\\\/site\\\/wp-content\\\/uploads\\\/2019\\\/03\\\/bidone_fiscal.jpg\",\"datePublished\":\"2019-05-15T13:56:57+00:00\",\"breadcrumb\":{\"@id\":\"https:\\\/\\\/noticiasmercedinas.com\\\/site\\\/2019\\\/05\\\/15\\\/juez-ramos-padilla-proceso-a-suspendido-fiscal-bidone\\\/#breadcrumb\"},\"inLanguage\":\"es\",\"potentialAction\":[{\"@type\":\"ReadAction\",\"target\":[\"https:\\\/\\\/noticiasmercedinas.com\\\/site\\\/2019\\\/05\\\/15\\\/juez-ramos-padilla-proceso-a-suspendido-fiscal-bidone\\\/\"]}]},{\"@type\":\"ImageObject\",\"inLanguage\":\"es\",\"@id\":\"https:\\\/\\\/noticiasmercedinas.com\\\/site\\\/2019\\\/05\\\/15\\\/juez-ramos-padilla-proceso-a-suspendido-fiscal-bidone\\\/#primaryimage\",\"url\":\"https:\\\/\\\/noticiasmercedinas.com\\\/site\\\/wp-content\\\/uploads\\\/2019\\\/03\\\/bidone_fiscal.jpg\",\"contentUrl\":\"https:\\\/\\\/noticiasmercedinas.com\\\/site\\\/wp-content\\\/uploads\\\/2019\\\/03\\\/bidone_fiscal.jpg\",\"width\":640,\"height\":425},{\"@type\":\"BreadcrumbList\",\"@id\":\"https:\\\/\\\/noticiasmercedinas.com\\\/site\\\/2019\\\/05\\\/15\\\/juez-ramos-padilla-proceso-a-suspendido-fiscal-bidone\\\/#breadcrumb\",\"itemListElement\":[{\"@type\":\"ListItem\",\"position\":1,\"name\":\"Portada\",\"item\":\"https:\\\/\\\/noticiasmercedinas.com\\\/site\\\/\"},{\"@type\":\"ListItem\",\"position\":2,\"name\":\"Juez Ramos Padilla proces\u00f3 a suspendido fiscal Bidone\"}]},{\"@type\":\"WebSite\",\"@id\":\"https:\\\/\\\/noticiasmercedinas.com\\\/site\\\/#website\",\"url\":\"https:\\\/\\\/noticiasmercedinas.com\\\/site\\\/\",\"name\":\"NOTICIASMERCEDINAS.COM\",\"description\":\"Mercedes, Buenos Aires, Argentina\",\"publisher\":{\"@id\":\"https:\\\/\\\/noticiasmercedinas.com\\\/site\\\/#organization\"},\"potentialAction\":[{\"@type\":\"SearchAction\",\"target\":{\"@type\":\"EntryPoint\",\"urlTemplate\":\"https:\\\/\\\/noticiasmercedinas.com\\\/site\\\/?s={search_term_string}\"},\"query-input\":{\"@type\":\"PropertyValueSpecification\",\"valueRequired\":true,\"valueName\":\"search_term_string\"}}],\"inLanguage\":\"es\"},{\"@type\":\"Organization\",\"@id\":\"https:\\\/\\\/noticiasmercedinas.com\\\/site\\\/#organization\",\"name\":\"NOTICIASMERCEDINAS.COM\",\"url\":\"https:\\\/\\\/noticiasmercedinas.com\\\/site\\\/\",\"logo\":{\"@type\":\"ImageObject\",\"inLanguage\":\"es\",\"@id\":\"https:\\\/\\\/noticiasmercedinas.com\\\/site\\\/#\\\/schema\\\/logo\\\/image\\\/\",\"url\":\"https:\\\/\\\/noticiasmercedinas.com\\\/site\\\/wp-content\\\/uploads\\\/2020\\\/06\\\/LOGO-512.jpg\",\"contentUrl\":\"https:\\\/\\\/noticiasmercedinas.com\\\/site\\\/wp-content\\\/uploads\\\/2020\\\/06\\\/LOGO-512.jpg\",\"width\":512,\"height\":512,\"caption\":\"NOTICIASMERCEDINAS.COM\"},\"image\":{\"@id\":\"https:\\\/\\\/noticiasmercedinas.com\\\/site\\\/#\\\/schema\\\/logo\\\/image\\\/\"},\"sameAs\":[\"https:\\\/\\\/www.facebook.com\\\/noticiasmercedinas\\\/\",\"https:\\\/\\\/x.com\\\/notmercedinas\",\"https:\\\/\\\/www.instagram.com\\\/noticiasmercedinas\\\/\"]},{\"@type\":\"Person\",\"@id\":\"https:\\\/\\\/noticiasmercedinas.com\\\/site\\\/#\\\/schema\\\/person\\\/84b59c099c28ff2e8b77d4ceec5d8063\",\"name\":\"NOTICIASMERCEDINAS.COM\",\"image\":{\"@type\":\"ImageObject\",\"inLanguage\":\"es\",\"@id\":\"https:\\\/\\\/secure.gravatar.com\\\/avatar\\\/4dfbf16b4d17945bfb6341b2d19043457132fcf478a5ee04f42e959fd8f5df0a?s=96&d=mm&r=g\",\"url\":\"https:\\\/\\\/secure.gravatar.com\\\/avatar\\\/4dfbf16b4d17945bfb6341b2d19043457132fcf478a5ee04f42e959fd8f5df0a?s=96&d=mm&r=g\",\"contentUrl\":\"https:\\\/\\\/secure.gravatar.com\\\/avatar\\\/4dfbf16b4d17945bfb6341b2d19043457132fcf478a5ee04f42e959fd8f5df0a?s=96&d=mm&r=g\",\"caption\":\"NOTICIASMERCEDINAS.COM\"},\"url\":\"https:\\\/\\\/noticiasmercedinas.com\\\/site\\\/author\\\/anonimo\\\/\"}]}<\/script>\n<!-- \/ Yoast SEO plugin. -->","yoast_head_json":{"title":"Juez Ramos Padilla proces\u00f3 a suspendido fiscal Bidone","robots":{"index":"index","follow":"follow","max-snippet":"max-snippet:-1","max-image-preview":"max-image-preview:large","max-video-preview":"max-video-preview:-1"},"canonical":"https:\/\/noticiasmercedinas.com\/site\/2019\/05\/15\/juez-ramos-padilla-proceso-a-suspendido-fiscal-bidone\/","og_locale":"es_ES","og_type":"article","og_title":"Juez Ramos Padilla proces\u00f3 a suspendido fiscal Bidone","og_description":"El juez federal de Dolores, Alejo Ramos Padilla, proces\u00f3 hoy al suspendido fiscal de Mercedes, Juan Ignacio Bidone, por \u201casociaci\u00f3n il\u00edcita, violaci\u00f3n a la ley de Inteligencia, abuso de autoridad y extorsi\u00f3n\u201d en el marco de la \u201ccausa D\u2019 Alessio\u201d. \u201cSin perjuicio de las elevadas expectativas con las cuales se encuentran reprimidas las conductas il\u00edcitas [&hellip;]","og_url":"https:\/\/noticiasmercedinas.com\/site\/2019\/05\/15\/juez-ramos-padilla-proceso-a-suspendido-fiscal-bidone\/","og_site_name":"NOTICIASMERCEDINAS.COM","article_publisher":"https:\/\/www.facebook.com\/noticiasmercedinas\/","article_published_time":"2019-05-15T13:56:57+00:00","og_image":[{"width":640,"height":425,"url":"https:\/\/noticiasmercedinas.com\/site\/wp-content\/uploads\/2019\/03\/bidone_fiscal.jpg","type":"image\/jpeg"}],"author":"NOTICIASMERCEDINAS.COM","twitter_card":"summary_large_image","twitter_creator":"@notmercedinas","twitter_site":"@notmercedinas","twitter_misc":{"Escrito por":"NOTICIASMERCEDINAS.COM","Tiempo de lectura":"1 minuto"},"schema":{"@context":"https:\/\/schema.org","@graph":[{"@type":"Article","@id":"https:\/\/noticiasmercedinas.com\/site\/2019\/05\/15\/juez-ramos-padilla-proceso-a-suspendido-fiscal-bidone\/#article","isPartOf":{"@id":"https:\/\/noticiasmercedinas.com\/site\/2019\/05\/15\/juez-ramos-padilla-proceso-a-suspendido-fiscal-bidone\/"},"author":{"name":"NOTICIASMERCEDINAS.COM","@id":"https:\/\/noticiasmercedinas.com\/site\/#\/schema\/person\/84b59c099c28ff2e8b77d4ceec5d8063"},"headline":"Juez Ramos Padilla proces\u00f3 a suspendido fiscal Bidone","datePublished":"2019-05-15T13:56:57+00:00","mainEntityOfPage":{"@id":"https:\/\/noticiasmercedinas.com\/site\/2019\/05\/15\/juez-ramos-padilla-proceso-a-suspendido-fiscal-bidone\/"},"wordCount":219,"commentCount":0,"publisher":{"@id":"https:\/\/noticiasmercedinas.com\/site\/#organization"},"image":{"@id":"https:\/\/noticiasmercedinas.com\/site\/2019\/05\/15\/juez-ramos-padilla-proceso-a-suspendido-fiscal-bidone\/#primaryimage"},"thumbnailUrl":"https:\/\/noticiasmercedinas.com\/site\/wp-content\/uploads\/2019\/03\/bidone_fiscal.jpg","keywords":["Alejo Ramos Padilla","Juan Ignacio Bidone","justicia"],"articleSection":["Seguridad"],"inLanguage":"es","potentialAction":[{"@type":"CommentAction","name":"Comment","target":["https:\/\/noticiasmercedinas.com\/site\/2019\/05\/15\/juez-ramos-padilla-proceso-a-suspendido-fiscal-bidone\/#respond"]}]},{"@type":"WebPage","@id":"https:\/\/noticiasmercedinas.com\/site\/2019\/05\/15\/juez-ramos-padilla-proceso-a-suspendido-fiscal-bidone\/","url":"https:\/\/noticiasmercedinas.com\/site\/2019\/05\/15\/juez-ramos-padilla-proceso-a-suspendido-fiscal-bidone\/","name":"Juez Ramos Padilla proces\u00f3 a suspendido fiscal Bidone","isPartOf":{"@id":"https:\/\/noticiasmercedinas.com\/site\/#website"},"primaryImageOfPage":{"@id":"https:\/\/noticiasmercedinas.com\/site\/2019\/05\/15\/juez-ramos-padilla-proceso-a-suspendido-fiscal-bidone\/#primaryimage"},"image":{"@id":"https:\/\/noticiasmercedinas.com\/site\/2019\/05\/15\/juez-ramos-padilla-proceso-a-suspendido-fiscal-bidone\/#primaryimage"},"thumbnailUrl":"https:\/\/noticiasmercedinas.com\/site\/wp-content\/uploads\/2019\/03\/bidone_fiscal.jpg","datePublished":"2019-05-15T13:56:57+00:00","breadcrumb":{"@id":"https:\/\/noticiasmercedinas.com\/site\/2019\/05\/15\/juez-ramos-padilla-proceso-a-suspendido-fiscal-bidone\/#breadcrumb"},"inLanguage":"es","potentialAction":[{"@type":"ReadAction","target":["https:\/\/noticiasmercedinas.com\/site\/2019\/05\/15\/juez-ramos-padilla-proceso-a-suspendido-fiscal-bidone\/"]}]},{"@type":"ImageObject","inLanguage":"es","@id":"https:\/\/noticiasmercedinas.com\/site\/2019\/05\/15\/juez-ramos-padilla-proceso-a-suspendido-fiscal-bidone\/#primaryimage","url":"https:\/\/noticiasmercedinas.com\/site\/wp-content\/uploads\/2019\/03\/bidone_fiscal.jpg","contentUrl":"https:\/\/noticiasmercedinas.com\/site\/wp-content\/uploads\/2019\/03\/bidone_fiscal.jpg","width":640,"height":425},{"@type":"BreadcrumbList","@id":"https:\/\/noticiasmercedinas.com\/site\/2019\/05\/15\/juez-ramos-padilla-proceso-a-suspendido-fiscal-bidone\/#breadcrumb","itemListElement":[{"@type":"ListItem","position":1,"name":"Portada","item":"https:\/\/noticiasmercedinas.com\/site\/"},{"@type":"ListItem","position":2,"name":"Juez Ramos Padilla proces\u00f3 a suspendido fiscal Bidone"}]},{"@type":"WebSite","@id":"https:\/\/noticiasmercedinas.com\/site\/#website","url":"https:\/\/noticiasmercedinas.com\/site\/","name":"NOTICIASMERCEDINAS.COM","description":"Mercedes, Buenos Aires, Argentina","publisher":{"@id":"https:\/\/noticiasmercedinas.com\/site\/#organization"},"potentialAction":[{"@type":"SearchAction","target":{"@type":"EntryPoint","urlTemplate":"https:\/\/noticiasmercedinas.com\/site\/?s={search_term_string}"},"query-input":{"@type":"PropertyValueSpecification","valueRequired":true,"valueName":"search_term_string"}}],"inLanguage":"es"},{"@type":"Organization","@id":"https:\/\/noticiasmercedinas.com\/site\/#organization","name":"NOTICIASMERCEDINAS.COM","url":"https:\/\/noticiasmercedinas.com\/site\/","logo":{"@type":"ImageObject","inLanguage":"es","@id":"https:\/\/noticiasmercedinas.com\/site\/#\/schema\/logo\/image\/","url":"https:\/\/noticiasmercedinas.com\/site\/wp-content\/uploads\/2020\/06\/LOGO-512.jpg","contentUrl":"https:\/\/noticiasmercedinas.com\/site\/wp-content\/uploads\/2020\/06\/LOGO-512.jpg","width":512,"height":512,"caption":"NOTICIASMERCEDINAS.COM"},"image":{"@id":"https:\/\/noticiasmercedinas.com\/site\/#\/schema\/logo\/image\/"},"sameAs":["https:\/\/www.facebook.com\/noticiasmercedinas\/","https:\/\/x.com\/notmercedinas","https:\/\/www.instagram.com\/noticiasmercedinas\/"]},{"@type":"Person","@id":"https:\/\/noticiasmercedinas.com\/site\/#\/schema\/person\/84b59c099c28ff2e8b77d4ceec5d8063","name":"NOTICIASMERCEDINAS.COM","image":{"@type":"ImageObject","inLanguage":"es","@id":"https:\/\/secure.gravatar.com\/avatar\/4dfbf16b4d17945bfb6341b2d19043457132fcf478a5ee04f42e959fd8f5df0a?s=96&d=mm&r=g","url":"https:\/\/secure.gravatar.com\/avatar\/4dfbf16b4d17945bfb6341b2d19043457132fcf478a5ee04f42e959fd8f5df0a?s=96&d=mm&r=g","contentUrl":"https:\/\/secure.gravatar.com\/avatar\/4dfbf16b4d17945bfb6341b2d19043457132fcf478a5ee04f42e959fd8f5df0a?s=96&d=mm&r=g","caption":"NOTICIASMERCEDINAS.COM"},"url":"https:\/\/noticiasmercedinas.com\/site\/author\/anonimo\/"}]}},"amp_enabled":true,"_links":{"self":[{"href":"https:\/\/noticiasmercedinas.com\/site\/wp-json\/wp\/v2\/posts\/18936","targetHints":{"allow":["GET"]}}],"collection":[{"href":"https:\/\/noticiasmercedinas.com\/site\/wp-json\/wp\/v2\/posts"}],"about":[{"href":"https:\/\/noticiasmercedinas.com\/site\/wp-json\/wp\/v2\/types\/post"}],"author":[{"embeddable":true,"href":"https:\/\/noticiasmercedinas.com\/site\/wp-json\/wp\/v2\/users\/16"}],"replies":[{"embeddable":true,"href":"https:\/\/noticiasmercedinas.com\/site\/wp-json\/wp\/v2\/comments?post=18936"}],"version-history":[{"count":1,"href":"https:\/\/noticiasmercedinas.com\/site\/wp-json\/wp\/v2\/posts\/18936\/revisions"}],"predecessor-version":[{"id":18937,"href":"https:\/\/noticiasmercedinas.com\/site\/wp-json\/wp\/v2\/posts\/18936\/revisions\/18937"}],"wp:featuredmedia":[{"embeddable":true,"href":"https:\/\/noticiasmercedinas.com\/site\/wp-json\/wp\/v2\/media\/13728"}],"wp:attachment":[{"href":"https:\/\/noticiasmercedinas.com\/site\/wp-json\/wp\/v2\/media?parent=18936"}],"wp:term":[{"taxonomy":"category","embeddable":true,"href":"https:\/\/noticiasmercedinas.com\/site\/wp-json\/wp\/v2\/categories?post=18936"},{"taxonomy":"post_tag","embeddable":true,"href":"https:\/\/noticiasmercedinas.com\/site\/wp-json\/wp\/v2\/tags?post=18936"}],"curies":[{"name":"wp","href":"https:\/\/api.w.org\/{rel}","templated":true}]}}