{"id":1894,"date":"2018-09-15T11:06:09","date_gmt":"2018-09-15T14:06:09","guid":{"rendered":"https:\/\/noticiasmercedinas.com\/site\/?p=1894"},"modified":"2018-09-15T11:19:09","modified_gmt":"2018-09-15T14:19:09","slug":"hospital-blas-dubarry-recibe-nuevos-nombramientos-y-dinero-para-obras","status":"publish","type":"post","link":"https:\/\/noticiasmercedinas.com\/site\/2018\/09\/15\/hospital-blas-dubarry-recibe-nuevos-nombramientos-y-dinero-para-obras\/","title":{"rendered":"Hospital Blas Dubarry recibe nuevos nombramientos y dinero para obras"},"content":{"rendered":"<p><strong>El doctor Daniel Bandoni realiz\u00f3 un balance positivo. Destac\u00f3 las 7 nuevas incorporaciones de profesionales y los cambios y mejoras en Oncolog\u00eda, la remodelaci\u00f3n de la guardia y el trabajo del centro de enfermedades cr\u00f3nicas<\/strong>.<\/p>\n<p><img loading=\"lazy\" decoding=\"async\" class=\"alignnone size-full wp-image-1895\" src=\"https:\/\/noticiasmercedinas.com\/site\/wp-content\/uploads\/2018\/09\/daniel_bandoni.jpg\" alt=\"\" width=\"650\" height=\"366\" srcset=\"https:\/\/noticiasmercedinas.com\/site\/wp-content\/uploads\/2018\/09\/daniel_bandoni.jpg 650w, https:\/\/noticiasmercedinas.com\/site\/wp-content\/uploads\/2018\/09\/daniel_bandoni-300x169.jpg 300w, https:\/\/noticiasmercedinas.com\/site\/wp-content\/uploads\/2018\/09\/daniel_bandoni-640x360.jpg 640w\" sizes=\"auto, (max-width: 650px) 100vw, 650px\" \/><\/p>\n<p>El doctor <strong>Daniel Bandoni<\/strong>, quien es director del Hospital Blas L. Dubarry de Mercedes, dio a conocer importantes noticias con respecto al funcionamiento de ese centro de salud, que pone proyectos en marcha e incorpora profesionales de distintas especialidades.<\/p>\n<p>En un contexto complejo, que reconoce, Bandoni dice: \u201cEs cierto y obvio que hay problemas en salud y muchas discusiones. Pero llamativamente en este marco conflictivo en provincia y naci\u00f3n con cambios que no sabemos bien c\u00f3mo van a repercutir, porque no tenemos informaci\u00f3n, estamos siendo privilegiados en sentido de que hay obras en ejecuci\u00f3n\u201d.\u00a0 Bandoni se refiere a la remodelaci\u00f3n de la guardia; a la renovaci\u00f3n de rayos con equipos nuevos; a que ya se licita el 25 de septiembre una obra de remodelaci\u00f3n de un entrepiso que hay arriba de la cocina para hacer un estar m\u00e9dico, donde puedan vivir, comer, dormir y estudiar los residentes y quienes hagan guardia; a la construcci\u00f3n de los consultorios externos; y adem\u00e1s a 7 nombramientos nuevos que llegaron el s\u00e1bado pasado junto con el cheque que recibieron por un sistema de recursos extraordinarios del SAMO, de 1.900.000 pesos para obras.<\/p>\n<p>En tanto, en Oncolog\u00eda hay grandes novedades con la incorporaci\u00f3n del doctor <strong>Juan Pablo R\u00e9<\/strong> y la remodelaci\u00f3n para hacer una sala y hospital de d\u00eda. \u201cEn este \u00e1rea tendremos la colaboraci\u00f3n de una hemat\u00f3loga que tambi\u00e9n fue nombrada. Lleg\u00f3 adem\u00e1s una endocrin\u00f3loga, y un nuevo ur\u00f3logo. Contamos con m\u00e1s profesionales y sobre todo nos servir\u00e1n para el SAPEC, que es el centro de enfermedades cr\u00f3nicas. Vemos en Oncolog\u00eda la concreci\u00f3n de un eje de gesti\u00f3n, ya que luego de ordenar la estructura y parte administrativa del hospital en 2017, este a\u00f1o nos quer\u00edamos dedicar a las patolog\u00edas cr\u00f3nicas. El 80 por ciento de la poblaci\u00f3n necesita tratamiento, prevenci\u00f3n de patolog\u00edas cr\u00f3nicas. Estas patolog\u00edas ocupan mucho lugar, insumos, enfermer\u00eda, profesionales, entonces nace la idea del SAPEC, que es un centro modelo de tratamiento, prevenci\u00f3n y rehabilitaci\u00f3n de enfermedades cr\u00f3nicas no trasmisibles\u201d, explica el director del Hospital Dubarry.<\/p>\n<p>Ampliando sobre el trabajo del SAPEC, Bandoni puntualiza que da contenci\u00f3n a diab\u00e9ticos, a pacientes con secuelas de ACV, artr\u00f3sicos, en rehabilitaci\u00f3n cardiovascular y otros. \u201cHicimos la evaluaci\u00f3n de los primeros 7 meses de trabajo, nos reunimos con todo el equipo, incluyendo a los profesionales y administrativos y fue altamente positivo. Hay 780 pacientes historiados. A diferencia del Hospital, el SAPEC tiene una visi\u00f3n especial de la persona, hasta de su ambiente social, ya que es in\u00fatil indicarle algo a un paciente si se sabe que no lo va a poder hacer, por ejemplo por donde vive o si no tiene dinero, por ello le damos la medicaci\u00f3n y dem\u00e1s y tenemos a una trabajadora social. Esto funciona en 37 y 10, y est\u00e1 llegando mucha gente de afuera. Es muy novedoso lo que se hace sobre todo en rehabilitaci\u00f3n. Se est\u00e1 creciendo mucho y debe verse el trabajo que se est\u00e1 haciendo, que incluye caminatas, talleres de nutrici\u00f3n y otras actividades. Bajaron el 45 por ciento de pacientes insulino-dependientes a medicaci\u00f3n por v\u00eda oral, con el solo hecho de contenerlos ah\u00ed adentro\u201d, indica el director del Dubarry.<\/p>\n<p>\u201cAlgo parecido queremos hacer en Oncolog\u00eda, con el hospital de d\u00eda y la parte de internaci\u00f3n. Estamos luchando denodadamente a nivel ministerial para que nos den un traslado de una m\u00e9dica, la doctora Cristina Losada, que ya no puede hacer guardia en el Hospital Paroissien y estamos gestionando para que la Direcci\u00f3n Provincial de Hospitales nos permita que venga a Mercedes, ya que es la \u00fanica que hace medicina paliativa y con ello tendr\u00edamos todos los aspectos cubiertos en este \u00e1rea\u201d, completa Bandoni.<\/p>\n<p>&nbsp;<\/p>\n","protected":false},"excerpt":{"rendered":"<p>El doctor Daniel Bandoni realiz\u00f3 un balance positivo. Destac\u00f3 las 7 nuevas incorporaciones de profesionales y los cambios y mejoras en Oncolog\u00eda, la remodelaci\u00f3n de la guardia y el trabajo del centro de enfermedades cr\u00f3nicas. El doctor Daniel Bandoni, quien es director del Hospital Blas L. Dubarry de Mercedes, dio a conocer importantes noticias con [&hellip;]<\/p>\n","protected":false},"author":2,"featured_media":1895,"comment_status":"open","ping_status":"open","sticky":false,"template":"","format":"standard","meta":{"footnotes":""},"categories":[3],"tags":[782,255,783,71],"class_list":["post-1894","post","type-post","status-publish","format-standard","has-post-thumbnail","hentry","category-sociedad","tag-daniel-bandoni","tag-hospital-dubarry","tag-juan-pablo-re","tag-salud"],"yoast_head":"<!-- This site is optimized with the Yoast SEO plugin v27.5 - https:\/\/yoast.com\/product\/yoast-seo-wordpress\/ -->\n<title>Hospital Blas Dubarry recibe nuevos nombramientos y dinero para obras<\/title>\n<meta name=\"robots\" content=\"index, follow, max-snippet:-1, max-image-preview:large, max-video-preview:-1\" \/>\n<link rel=\"canonical\" href=\"https:\/\/noticiasmercedinas.com\/site\/2018\/09\/15\/hospital-blas-dubarry-recibe-nuevos-nombramientos-y-dinero-para-obras\/\" \/>\n<meta property=\"og:locale\" content=\"es_ES\" \/>\n<meta property=\"og:type\" content=\"article\" \/>\n<meta property=\"og:title\" content=\"Hospital Blas Dubarry recibe nuevos nombramientos y dinero para obras\" \/>\n<meta property=\"og:description\" content=\"El doctor Daniel Bandoni realiz\u00f3 un balance positivo. Destac\u00f3 las 7 nuevas incorporaciones de profesionales y los cambios y mejoras en Oncolog\u00eda, la remodelaci\u00f3n de la guardia y el trabajo del centro de enfermedades cr\u00f3nicas. El doctor Daniel Bandoni, quien es director del Hospital Blas L. Dubarry de Mercedes, dio a conocer importantes noticias con [&hellip;]\" \/>\n<meta property=\"og:url\" content=\"https:\/\/noticiasmercedinas.com\/site\/2018\/09\/15\/hospital-blas-dubarry-recibe-nuevos-nombramientos-y-dinero-para-obras\/\" \/>\n<meta property=\"og:site_name\" content=\"NOTICIASMERCEDINAS.COM\" \/>\n<meta property=\"article:publisher\" content=\"https:\/\/www.facebook.com\/noticiasmercedinas\/\" \/>\n<meta property=\"article:author\" content=\"https:\/\/www.facebook.com\/cristian.falabella\" \/>\n<meta property=\"article:published_time\" content=\"2018-09-15T14:06:09+00:00\" \/>\n<meta property=\"article:modified_time\" content=\"2018-09-15T14:19:09+00:00\" \/>\n<meta property=\"og:image\" content=\"https:\/\/noticiasmercedinas.com\/site\/wp-content\/uploads\/2018\/09\/daniel_bandoni.jpg\" \/>\n\t<meta property=\"og:image:width\" content=\"650\" \/>\n\t<meta property=\"og:image:height\" content=\"366\" \/>\n\t<meta property=\"og:image:type\" content=\"image\/jpeg\" \/>\n<meta name=\"author\" content=\"Cristian Falabella NOTICIASMERCEDINAS.COM\" \/>\n<meta name=\"twitter:card\" content=\"summary_large_image\" \/>\n<meta name=\"twitter:creator\" content=\"@https:\/\/twitter.com\/NOTMERCEDINAS\" \/>\n<meta name=\"twitter:site\" content=\"@notmercedinas\" \/>\n<meta name=\"twitter:label1\" content=\"Escrito por\" \/>\n\t<meta name=\"twitter:data1\" content=\"Cristian Falabella NOTICIASMERCEDINAS.COM\" \/>\n\t<meta name=\"twitter:label2\" content=\"Tiempo de lectura\" \/>\n\t<meta name=\"twitter:data2\" content=\"3 minutos\" \/>\n<script type=\"application\/ld+json\" class=\"yoast-schema-graph\">{\"@context\":\"https:\\\/\\\/schema.org\",\"@graph\":[{\"@type\":\"Article\",\"@id\":\"https:\\\/\\\/noticiasmercedinas.com\\\/site\\\/2018\\\/09\\\/15\\\/hospital-blas-dubarry-recibe-nuevos-nombramientos-y-dinero-para-obras\\\/#article\",\"isPartOf\":{\"@id\":\"https:\\\/\\\/noticiasmercedinas.com\\\/site\\\/2018\\\/09\\\/15\\\/hospital-blas-dubarry-recibe-nuevos-nombramientos-y-dinero-para-obras\\\/\"},\"author\":{\"name\":\"Cristian Falabella NOTICIASMERCEDINAS.COM\",\"@id\":\"https:\\\/\\\/noticiasmercedinas.com\\\/site\\\/#\\\/schema\\\/person\\\/d481a9696a5feaec13a60e2bbd991a6a\"},\"headline\":\"Hospital Blas Dubarry recibe nuevos nombramientos y dinero para obras\",\"datePublished\":\"2018-09-15T14:06:09+00:00\",\"dateModified\":\"2018-09-15T14:19:09+00:00\",\"mainEntityOfPage\":{\"@id\":\"https:\\\/\\\/noticiasmercedinas.com\\\/site\\\/2018\\\/09\\\/15\\\/hospital-blas-dubarry-recibe-nuevos-nombramientos-y-dinero-para-obras\\\/\"},\"wordCount\":703,\"commentCount\":0,\"publisher\":{\"@id\":\"https:\\\/\\\/noticiasmercedinas.com\\\/site\\\/#organization\"},\"image\":{\"@id\":\"https:\\\/\\\/noticiasmercedinas.com\\\/site\\\/2018\\\/09\\\/15\\\/hospital-blas-dubarry-recibe-nuevos-nombramientos-y-dinero-para-obras\\\/#primaryimage\"},\"thumbnailUrl\":\"https:\\\/\\\/noticiasmercedinas.com\\\/site\\\/wp-content\\\/uploads\\\/2018\\\/09\\\/daniel_bandoni.jpg\",\"keywords\":[\"daniel bandoni\",\"hospital dubarry\",\"Juan Pablo R\u00e9\",\"salud\"],\"articleSection\":[\"Sociedad\"],\"inLanguage\":\"es\",\"potentialAction\":[{\"@type\":\"CommentAction\",\"name\":\"Comment\",\"target\":[\"https:\\\/\\\/noticiasmercedinas.com\\\/site\\\/2018\\\/09\\\/15\\\/hospital-blas-dubarry-recibe-nuevos-nombramientos-y-dinero-para-obras\\\/#respond\"]}]},{\"@type\":\"WebPage\",\"@id\":\"https:\\\/\\\/noticiasmercedinas.com\\\/site\\\/2018\\\/09\\\/15\\\/hospital-blas-dubarry-recibe-nuevos-nombramientos-y-dinero-para-obras\\\/\",\"url\":\"https:\\\/\\\/noticiasmercedinas.com\\\/site\\\/2018\\\/09\\\/15\\\/hospital-blas-dubarry-recibe-nuevos-nombramientos-y-dinero-para-obras\\\/\",\"name\":\"Hospital Blas Dubarry recibe nuevos nombramientos y dinero para obras\",\"isPartOf\":{\"@id\":\"https:\\\/\\\/noticiasmercedinas.com\\\/site\\\/#website\"},\"primaryImageOfPage\":{\"@id\":\"https:\\\/\\\/noticiasmercedinas.com\\\/site\\\/2018\\\/09\\\/15\\\/hospital-blas-dubarry-recibe-nuevos-nombramientos-y-dinero-para-obras\\\/#primaryimage\"},\"image\":{\"@id\":\"https:\\\/\\\/noticiasmercedinas.com\\\/site\\\/2018\\\/09\\\/15\\\/hospital-blas-dubarry-recibe-nuevos-nombramientos-y-dinero-para-obras\\\/#primaryimage\"},\"thumbnailUrl\":\"https:\\\/\\\/noticiasmercedinas.com\\\/site\\\/wp-content\\\/uploads\\\/2018\\\/09\\\/daniel_bandoni.jpg\",\"datePublished\":\"2018-09-15T14:06:09+00:00\",\"dateModified\":\"2018-09-15T14:19:09+00:00\",\"breadcrumb\":{\"@id\":\"https:\\\/\\\/noticiasmercedinas.com\\\/site\\\/2018\\\/09\\\/15\\\/hospital-blas-dubarry-recibe-nuevos-nombramientos-y-dinero-para-obras\\\/#breadcrumb\"},\"inLanguage\":\"es\",\"potentialAction\":[{\"@type\":\"ReadAction\",\"target\":[\"https:\\\/\\\/noticiasmercedinas.com\\\/site\\\/2018\\\/09\\\/15\\\/hospital-blas-dubarry-recibe-nuevos-nombramientos-y-dinero-para-obras\\\/\"]}]},{\"@type\":\"ImageObject\",\"inLanguage\":\"es\",\"@id\":\"https:\\\/\\\/noticiasmercedinas.com\\\/site\\\/2018\\\/09\\\/15\\\/hospital-blas-dubarry-recibe-nuevos-nombramientos-y-dinero-para-obras\\\/#primaryimage\",\"url\":\"https:\\\/\\\/noticiasmercedinas.com\\\/site\\\/wp-content\\\/uploads\\\/2018\\\/09\\\/daniel_bandoni.jpg\",\"contentUrl\":\"https:\\\/\\\/noticiasmercedinas.com\\\/site\\\/wp-content\\\/uploads\\\/2018\\\/09\\\/daniel_bandoni.jpg\",\"width\":650,\"height\":366},{\"@type\":\"BreadcrumbList\",\"@id\":\"https:\\\/\\\/noticiasmercedinas.com\\\/site\\\/2018\\\/09\\\/15\\\/hospital-blas-dubarry-recibe-nuevos-nombramientos-y-dinero-para-obras\\\/#breadcrumb\",\"itemListElement\":[{\"@type\":\"ListItem\",\"position\":1,\"name\":\"Portada\",\"item\":\"https:\\\/\\\/noticiasmercedinas.com\\\/site\\\/\"},{\"@type\":\"ListItem\",\"position\":2,\"name\":\"Hospital Blas Dubarry recibe nuevos nombramientos y dinero para obras\"}]},{\"@type\":\"WebSite\",\"@id\":\"https:\\\/\\\/noticiasmercedinas.com\\\/site\\\/#website\",\"url\":\"https:\\\/\\\/noticiasmercedinas.com\\\/site\\\/\",\"name\":\"NOTICIASMERCEDINAS.COM\",\"description\":\"Mercedes, Buenos Aires, Argentina\",\"publisher\":{\"@id\":\"https:\\\/\\\/noticiasmercedinas.com\\\/site\\\/#organization\"},\"potentialAction\":[{\"@type\":\"SearchAction\",\"target\":{\"@type\":\"EntryPoint\",\"urlTemplate\":\"https:\\\/\\\/noticiasmercedinas.com\\\/site\\\/?s={search_term_string}\"},\"query-input\":{\"@type\":\"PropertyValueSpecification\",\"valueRequired\":true,\"valueName\":\"search_term_string\"}}],\"inLanguage\":\"es\"},{\"@type\":\"Organization\",\"@id\":\"https:\\\/\\\/noticiasmercedinas.com\\\/site\\\/#organization\",\"name\":\"NOTICIASMERCEDINAS.COM\",\"url\":\"https:\\\/\\\/noticiasmercedinas.com\\\/site\\\/\",\"logo\":{\"@type\":\"ImageObject\",\"inLanguage\":\"es\",\"@id\":\"https:\\\/\\\/noticiasmercedinas.com\\\/site\\\/#\\\/schema\\\/logo\\\/image\\\/\",\"url\":\"https:\\\/\\\/noticiasmercedinas.com\\\/site\\\/wp-content\\\/uploads\\\/2020\\\/06\\\/LOGO-512.jpg\",\"contentUrl\":\"https:\\\/\\\/noticiasmercedinas.com\\\/site\\\/wp-content\\\/uploads\\\/2020\\\/06\\\/LOGO-512.jpg\",\"width\":512,\"height\":512,\"caption\":\"NOTICIASMERCEDINAS.COM\"},\"image\":{\"@id\":\"https:\\\/\\\/noticiasmercedinas.com\\\/site\\\/#\\\/schema\\\/logo\\\/image\\\/\"},\"sameAs\":[\"https:\\\/\\\/www.facebook.com\\\/noticiasmercedinas\\\/\",\"https:\\\/\\\/x.com\\\/notmercedinas\",\"https:\\\/\\\/www.instagram.com\\\/noticiasmercedinas\\\/\"]},{\"@type\":\"Person\",\"@id\":\"https:\\\/\\\/noticiasmercedinas.com\\\/site\\\/#\\\/schema\\\/person\\\/d481a9696a5feaec13a60e2bbd991a6a\",\"name\":\"Cristian Falabella NOTICIASMERCEDINAS.COM\",\"image\":{\"@type\":\"ImageObject\",\"inLanguage\":\"es\",\"@id\":\"https:\\\/\\\/secure.gravatar.com\\\/avatar\\\/0dbbfc45970cc46bcd0e57766228574ff3511d6eed045b182f536f0f478c1f06?s=96&d=mm&r=g\",\"url\":\"https:\\\/\\\/secure.gravatar.com\\\/avatar\\\/0dbbfc45970cc46bcd0e57766228574ff3511d6eed045b182f536f0f478c1f06?s=96&d=mm&r=g\",\"contentUrl\":\"https:\\\/\\\/secure.gravatar.com\\\/avatar\\\/0dbbfc45970cc46bcd0e57766228574ff3511d6eed045b182f536f0f478c1f06?s=96&d=mm&r=g\",\"caption\":\"Cristian Falabella NOTICIASMERCEDINAS.COM\"},\"description\":\"Periodista, editor de Noticias Mercedinas. Pas\u00f3 por varias redacciones y emprendimientos de prensa, en distintos formatos y \u00e9pocas. Se especializ\u00f3 --y sigue haci\u00e9ndolo-- en comunicaci\u00f3n en la web y en junio de 2006 fund\u00f3 este diario digital.\",\"sameAs\":[\"https:\\\/\\\/noticiasmercedinas.com\",\"https:\\\/\\\/www.facebook.com\\\/cristian.falabella\",\"https:\\\/\\\/www.instagram.com\\\/noticiasmercedinas\\\/\",\"https:\\\/\\\/x.com\\\/https:\\\/\\\/twitter.com\\\/NOTMERCEDINAS\"],\"url\":\"https:\\\/\\\/noticiasmercedinas.com\\\/site\\\/author\\\/as000384\\\/\"}]}<\/script>\n<!-- \/ Yoast SEO plugin. -->","yoast_head_json":{"title":"Hospital Blas Dubarry recibe nuevos nombramientos y dinero para obras","robots":{"index":"index","follow":"follow","max-snippet":"max-snippet:-1","max-image-preview":"max-image-preview:large","max-video-preview":"max-video-preview:-1"},"canonical":"https:\/\/noticiasmercedinas.com\/site\/2018\/09\/15\/hospital-blas-dubarry-recibe-nuevos-nombramientos-y-dinero-para-obras\/","og_locale":"es_ES","og_type":"article","og_title":"Hospital Blas Dubarry recibe nuevos nombramientos y dinero para obras","og_description":"El doctor Daniel Bandoni realiz\u00f3 un balance positivo. Destac\u00f3 las 7 nuevas incorporaciones de profesionales y los cambios y mejoras en Oncolog\u00eda, la remodelaci\u00f3n de la guardia y el trabajo del centro de enfermedades cr\u00f3nicas. El doctor Daniel Bandoni, quien es director del Hospital Blas L. Dubarry de Mercedes, dio a conocer importantes noticias con [&hellip;]","og_url":"https:\/\/noticiasmercedinas.com\/site\/2018\/09\/15\/hospital-blas-dubarry-recibe-nuevos-nombramientos-y-dinero-para-obras\/","og_site_name":"NOTICIASMERCEDINAS.COM","article_publisher":"https:\/\/www.facebook.com\/noticiasmercedinas\/","article_author":"https:\/\/www.facebook.com\/cristian.falabella","article_published_time":"2018-09-15T14:06:09+00:00","article_modified_time":"2018-09-15T14:19:09+00:00","og_image":[{"width":650,"height":366,"url":"https:\/\/noticiasmercedinas.com\/site\/wp-content\/uploads\/2018\/09\/daniel_bandoni.jpg","type":"image\/jpeg"}],"author":"Cristian Falabella NOTICIASMERCEDINAS.COM","twitter_card":"summary_large_image","twitter_creator":"@https:\/\/twitter.com\/NOTMERCEDINAS","twitter_site":"@notmercedinas","twitter_misc":{"Escrito por":"Cristian Falabella NOTICIASMERCEDINAS.COM","Tiempo de lectura":"3 minutos"},"schema":{"@context":"https:\/\/schema.org","@graph":[{"@type":"Article","@id":"https:\/\/noticiasmercedinas.com\/site\/2018\/09\/15\/hospital-blas-dubarry-recibe-nuevos-nombramientos-y-dinero-para-obras\/#article","isPartOf":{"@id":"https:\/\/noticiasmercedinas.com\/site\/2018\/09\/15\/hospital-blas-dubarry-recibe-nuevos-nombramientos-y-dinero-para-obras\/"},"author":{"name":"Cristian Falabella NOTICIASMERCEDINAS.COM","@id":"https:\/\/noticiasmercedinas.com\/site\/#\/schema\/person\/d481a9696a5feaec13a60e2bbd991a6a"},"headline":"Hospital Blas Dubarry recibe nuevos nombramientos y dinero para obras","datePublished":"2018-09-15T14:06:09+00:00","dateModified":"2018-09-15T14:19:09+00:00","mainEntityOfPage":{"@id":"https:\/\/noticiasmercedinas.com\/site\/2018\/09\/15\/hospital-blas-dubarry-recibe-nuevos-nombramientos-y-dinero-para-obras\/"},"wordCount":703,"commentCount":0,"publisher":{"@id":"https:\/\/noticiasmercedinas.com\/site\/#organization"},"image":{"@id":"https:\/\/noticiasmercedinas.com\/site\/2018\/09\/15\/hospital-blas-dubarry-recibe-nuevos-nombramientos-y-dinero-para-obras\/#primaryimage"},"thumbnailUrl":"https:\/\/noticiasmercedinas.com\/site\/wp-content\/uploads\/2018\/09\/daniel_bandoni.jpg","keywords":["daniel bandoni","hospital dubarry","Juan Pablo R\u00e9","salud"],"articleSection":["Sociedad"],"inLanguage":"es","potentialAction":[{"@type":"CommentAction","name":"Comment","target":["https:\/\/noticiasmercedinas.com\/site\/2018\/09\/15\/hospital-blas-dubarry-recibe-nuevos-nombramientos-y-dinero-para-obras\/#respond"]}]},{"@type":"WebPage","@id":"https:\/\/noticiasmercedinas.com\/site\/2018\/09\/15\/hospital-blas-dubarry-recibe-nuevos-nombramientos-y-dinero-para-obras\/","url":"https:\/\/noticiasmercedinas.com\/site\/2018\/09\/15\/hospital-blas-dubarry-recibe-nuevos-nombramientos-y-dinero-para-obras\/","name":"Hospital Blas Dubarry recibe nuevos nombramientos y dinero para obras","isPartOf":{"@id":"https:\/\/noticiasmercedinas.com\/site\/#website"},"primaryImageOfPage":{"@id":"https:\/\/noticiasmercedinas.com\/site\/2018\/09\/15\/hospital-blas-dubarry-recibe-nuevos-nombramientos-y-dinero-para-obras\/#primaryimage"},"image":{"@id":"https:\/\/noticiasmercedinas.com\/site\/2018\/09\/15\/hospital-blas-dubarry-recibe-nuevos-nombramientos-y-dinero-para-obras\/#primaryimage"},"thumbnailUrl":"https:\/\/noticiasmercedinas.com\/site\/wp-content\/uploads\/2018\/09\/daniel_bandoni.jpg","datePublished":"2018-09-15T14:06:09+00:00","dateModified":"2018-09-15T14:19:09+00:00","breadcrumb":{"@id":"https:\/\/noticiasmercedinas.com\/site\/2018\/09\/15\/hospital-blas-dubarry-recibe-nuevos-nombramientos-y-dinero-para-obras\/#breadcrumb"},"inLanguage":"es","potentialAction":[{"@type":"ReadAction","target":["https:\/\/noticiasmercedinas.com\/site\/2018\/09\/15\/hospital-blas-dubarry-recibe-nuevos-nombramientos-y-dinero-para-obras\/"]}]},{"@type":"ImageObject","inLanguage":"es","@id":"https:\/\/noticiasmercedinas.com\/site\/2018\/09\/15\/hospital-blas-dubarry-recibe-nuevos-nombramientos-y-dinero-para-obras\/#primaryimage","url":"https:\/\/noticiasmercedinas.com\/site\/wp-content\/uploads\/2018\/09\/daniel_bandoni.jpg","contentUrl":"https:\/\/noticiasmercedinas.com\/site\/wp-content\/uploads\/2018\/09\/daniel_bandoni.jpg","width":650,"height":366},{"@type":"BreadcrumbList","@id":"https:\/\/noticiasmercedinas.com\/site\/2018\/09\/15\/hospital-blas-dubarry-recibe-nuevos-nombramientos-y-dinero-para-obras\/#breadcrumb","itemListElement":[{"@type":"ListItem","position":1,"name":"Portada","item":"https:\/\/noticiasmercedinas.com\/site\/"},{"@type":"ListItem","position":2,"name":"Hospital Blas Dubarry recibe nuevos nombramientos y dinero para obras"}]},{"@type":"WebSite","@id":"https:\/\/noticiasmercedinas.com\/site\/#website","url":"https:\/\/noticiasmercedinas.com\/site\/","name":"NOTICIASMERCEDINAS.COM","description":"Mercedes, Buenos Aires, Argentina","publisher":{"@id":"https:\/\/noticiasmercedinas.com\/site\/#organization"},"potentialAction":[{"@type":"SearchAction","target":{"@type":"EntryPoint","urlTemplate":"https:\/\/noticiasmercedinas.com\/site\/?s={search_term_string}"},"query-input":{"@type":"PropertyValueSpecification","valueRequired":true,"valueName":"search_term_string"}}],"inLanguage":"es"},{"@type":"Organization","@id":"https:\/\/noticiasmercedinas.com\/site\/#organization","name":"NOTICIASMERCEDINAS.COM","url":"https:\/\/noticiasmercedinas.com\/site\/","logo":{"@type":"ImageObject","inLanguage":"es","@id":"https:\/\/noticiasmercedinas.com\/site\/#\/schema\/logo\/image\/","url":"https:\/\/noticiasmercedinas.com\/site\/wp-content\/uploads\/2020\/06\/LOGO-512.jpg","contentUrl":"https:\/\/noticiasmercedinas.com\/site\/wp-content\/uploads\/2020\/06\/LOGO-512.jpg","width":512,"height":512,"caption":"NOTICIASMERCEDINAS.COM"},"image":{"@id":"https:\/\/noticiasmercedinas.com\/site\/#\/schema\/logo\/image\/"},"sameAs":["https:\/\/www.facebook.com\/noticiasmercedinas\/","https:\/\/x.com\/notmercedinas","https:\/\/www.instagram.com\/noticiasmercedinas\/"]},{"@type":"Person","@id":"https:\/\/noticiasmercedinas.com\/site\/#\/schema\/person\/d481a9696a5feaec13a60e2bbd991a6a","name":"Cristian Falabella NOTICIASMERCEDINAS.COM","image":{"@type":"ImageObject","inLanguage":"es","@id":"https:\/\/secure.gravatar.com\/avatar\/0dbbfc45970cc46bcd0e57766228574ff3511d6eed045b182f536f0f478c1f06?s=96&d=mm&r=g","url":"https:\/\/secure.gravatar.com\/avatar\/0dbbfc45970cc46bcd0e57766228574ff3511d6eed045b182f536f0f478c1f06?s=96&d=mm&r=g","contentUrl":"https:\/\/secure.gravatar.com\/avatar\/0dbbfc45970cc46bcd0e57766228574ff3511d6eed045b182f536f0f478c1f06?s=96&d=mm&r=g","caption":"Cristian Falabella NOTICIASMERCEDINAS.COM"},"description":"Periodista, editor de Noticias Mercedinas. Pas\u00f3 por varias redacciones y emprendimientos de prensa, en distintos formatos y \u00e9pocas. Se especializ\u00f3 --y sigue haci\u00e9ndolo-- en comunicaci\u00f3n en la web y en junio de 2006 fund\u00f3 este diario digital.","sameAs":["https:\/\/noticiasmercedinas.com","https:\/\/www.facebook.com\/cristian.falabella","https:\/\/www.instagram.com\/noticiasmercedinas\/","https:\/\/x.com\/https:\/\/twitter.com\/NOTMERCEDINAS"],"url":"https:\/\/noticiasmercedinas.com\/site\/author\/as000384\/"}]}},"amp_enabled":true,"_links":{"self":[{"href":"https:\/\/noticiasmercedinas.com\/site\/wp-json\/wp\/v2\/posts\/1894","targetHints":{"allow":["GET"]}}],"collection":[{"href":"https:\/\/noticiasmercedinas.com\/site\/wp-json\/wp\/v2\/posts"}],"about":[{"href":"https:\/\/noticiasmercedinas.com\/site\/wp-json\/wp\/v2\/types\/post"}],"author":[{"embeddable":true,"href":"https:\/\/noticiasmercedinas.com\/site\/wp-json\/wp\/v2\/users\/2"}],"replies":[{"embeddable":true,"href":"https:\/\/noticiasmercedinas.com\/site\/wp-json\/wp\/v2\/comments?post=1894"}],"version-history":[{"count":4,"href":"https:\/\/noticiasmercedinas.com\/site\/wp-json\/wp\/v2\/posts\/1894\/revisions"}],"predecessor-version":[{"id":1899,"href":"https:\/\/noticiasmercedinas.com\/site\/wp-json\/wp\/v2\/posts\/1894\/revisions\/1899"}],"wp:featuredmedia":[{"embeddable":true,"href":"https:\/\/noticiasmercedinas.com\/site\/wp-json\/wp\/v2\/media\/1895"}],"wp:attachment":[{"href":"https:\/\/noticiasmercedinas.com\/site\/wp-json\/wp\/v2\/media?parent=1894"}],"wp:term":[{"taxonomy":"category","embeddable":true,"href":"https:\/\/noticiasmercedinas.com\/site\/wp-json\/wp\/v2\/categories?post=1894"},{"taxonomy":"post_tag","embeddable":true,"href":"https:\/\/noticiasmercedinas.com\/site\/wp-json\/wp\/v2\/tags?post=1894"}],"curies":[{"name":"wp","href":"https:\/\/api.w.org\/{rel}","templated":true}]}}