{"id":18944,"date":"2019-05-15T11:51:29","date_gmt":"2019-05-15T14:51:29","guid":{"rendered":"https:\/\/noticiasmercedinas.com\/site\/2019\/05\/15\/musicalisima-armara-una-gran-fiesta-en-octubre\/"},"modified":"2019-05-15T12:53:33","modified_gmt":"2019-05-15T15:53:33","slug":"musicalisima-armara-una-gran-fiesta-en-octubre","status":"publish","type":"post","link":"https:\/\/noticiasmercedinas.com\/site\/2019\/05\/15\/musicalisima-armara-una-gran-fiesta-en-octubre\/","title":{"rendered":"Musical\u00edsima armar\u00e1 una gran fiesta en octubre"},"content":{"rendered":"<p><img loading=\"lazy\" decoding=\"async\" class=\"wp-image-18943 alignnone size-full\" src=\"https:\/\/noticiasmercedinas.com\/site\/wp-content\/uploads\/2019\/05\/img-20190515-wa0013299564878269536873.jpg\" width=\"1280\" height=\"745\" srcset=\"https:\/\/noticiasmercedinas.com\/site\/wp-content\/uploads\/2019\/05\/img-20190515-wa0013299564878269536873.jpg 1280w, https:\/\/noticiasmercedinas.com\/site\/wp-content\/uploads\/2019\/05\/img-20190515-wa0013299564878269536873-300x175.jpg 300w, https:\/\/noticiasmercedinas.com\/site\/wp-content\/uploads\/2019\/05\/img-20190515-wa0013299564878269536873-768x447.jpg 768w, https:\/\/noticiasmercedinas.com\/site\/wp-content\/uploads\/2019\/05\/img-20190515-wa0013299564878269536873-1024x596.jpg 1024w, https:\/\/noticiasmercedinas.com\/site\/wp-content\/uploads\/2019\/05\/img-20190515-wa0013299564878269536873-640x373.jpg 640w, https:\/\/noticiasmercedinas.com\/site\/wp-content\/uploads\/2019\/05\/img-20190515-wa0013299564878269536873-681x396.jpg 681w\" sizes=\"auto, (max-width: 1280px) 100vw, 1280px\" \/><\/p>\n<p>El programa radial \u00abMusicalisima\u00bb conducido por Luis Antes est\u00e1 pronto a cumplir 30 a\u00f1os de vida.<\/p>\n<p>Sale al aire de lunes a viernes de 10:00 a 12:00 horas por FM Popular 100.5 mhz, aunque ha pasado por distintas emisoras.<\/p>\n<p>Antes es un importante animador cultural de la movida tropical en Mercedes y la zona. Como tal, es muy reconocido y por ello piensa en concretar un festejo a lo grande, en el mes de octubre, en el Centro Cultural La Trocha, y ya lo est\u00e1 organizando.<\/p>\n<p>\u00abEn los \u00faltimos a\u00f1os hemos contado con el apoyo del municipio de Mercedes, para realizar festivales en La Trocha. As\u00ed hemos festejado nuestros 28 y nuestros 29 a\u00f1os de vida\u00bb, indic\u00f3 Luis Antes a este medio.<\/p>\n<p>Y aunque no quiso adelantar, por un tema de agenda de cada artista, quienes ser\u00e1n espec\u00edficamente los convocados para este festejo, dada su amistad con gran parte del ambiente, es muy probable que grandes figuras se acerquen a la ciudad para acompa\u00f1arlo en sus primeros treinta a\u00f1os de emisiones radiales.<\/p>\n","protected":false},"excerpt":{"rendered":"<p>El programa radial \u00abMusicalisima\u00bb conducido por Luis Antes est\u00e1 pronto a cumplir 30 a\u00f1os de vida. Sale al aire de lunes a viernes de 10:00 a 12:00 horas por FM Popular 100.5 mhz, aunque ha pasado por distintas emisoras. Antes es un importante animador cultural de la movida tropical en Mercedes y la zona. Como [&hellip;]<\/p>\n","protected":false},"author":2,"featured_media":18943,"comment_status":"open","ping_status":"open","sticky":false,"template":"","format":"standard","meta":{"footnotes":""},"categories":[4210],"tags":[4807,4821,25,88,554],"class_list":["post-18944","post","type-post","status-publish","format-standard","has-post-thumbnail","hentry","category-medios","tag-fm","tag-luis-antes","tag-medios","tag-musica","tag-radio"],"yoast_head":"<!-- This site is optimized with the Yoast SEO plugin v27.5 - https:\/\/yoast.com\/product\/yoast-seo-wordpress\/ -->\n<title>Musical\u00edsima armar\u00e1 una gran fiesta en octubre<\/title>\n<meta name=\"robots\" content=\"index, follow, max-snippet:-1, max-image-preview:large, max-video-preview:-1\" \/>\n<link rel=\"canonical\" href=\"https:\/\/noticiasmercedinas.com\/site\/2019\/05\/15\/musicalisima-armara-una-gran-fiesta-en-octubre\/\" \/>\n<meta property=\"og:locale\" content=\"es_ES\" \/>\n<meta property=\"og:type\" content=\"article\" \/>\n<meta property=\"og:title\" content=\"Musical\u00edsima armar\u00e1 una gran fiesta en octubre\" \/>\n<meta property=\"og:description\" content=\"El programa radial \u00abMusicalisima\u00bb conducido por Luis Antes est\u00e1 pronto a cumplir 30 a\u00f1os de vida. Sale al aire de lunes a viernes de 10:00 a 12:00 horas por FM Popular 100.5 mhz, aunque ha pasado por distintas emisoras. Antes es un importante animador cultural de la movida tropical en Mercedes y la zona. Como [&hellip;]\" \/>\n<meta property=\"og:url\" content=\"https:\/\/noticiasmercedinas.com\/site\/2019\/05\/15\/musicalisima-armara-una-gran-fiesta-en-octubre\/\" \/>\n<meta property=\"og:site_name\" content=\"NOTICIASMERCEDINAS.COM\" \/>\n<meta property=\"article:publisher\" content=\"https:\/\/www.facebook.com\/noticiasmercedinas\/\" \/>\n<meta property=\"article:author\" content=\"https:\/\/www.facebook.com\/cristian.falabella\" \/>\n<meta property=\"article:published_time\" content=\"2019-05-15T14:51:29+00:00\" \/>\n<meta property=\"article:modified_time\" content=\"2019-05-15T15:53:33+00:00\" \/>\n<meta property=\"og:image\" content=\"https:\/\/noticiasmercedinas.com\/site\/wp-content\/uploads\/2019\/05\/img-20190515-wa0013299564878269536873.jpg\" \/>\n\t<meta property=\"og:image:width\" content=\"1280\" \/>\n\t<meta property=\"og:image:height\" content=\"745\" \/>\n\t<meta property=\"og:image:type\" content=\"image\/jpeg\" \/>\n<meta name=\"author\" content=\"Cristian Falabella NOTICIASMERCEDINAS.COM\" \/>\n<meta name=\"twitter:card\" content=\"summary_large_image\" \/>\n<meta name=\"twitter:creator\" content=\"@https:\/\/twitter.com\/NOTMERCEDINAS\" \/>\n<meta name=\"twitter:site\" content=\"@notmercedinas\" \/>\n<meta name=\"twitter:label1\" content=\"Escrito por\" \/>\n\t<meta name=\"twitter:data1\" content=\"Cristian Falabella NOTICIASMERCEDINAS.COM\" \/>\n\t<meta name=\"twitter:label2\" content=\"Tiempo de lectura\" \/>\n\t<meta name=\"twitter:data2\" content=\"1 minuto\" \/>\n<script type=\"application\/ld+json\" class=\"yoast-schema-graph\">{\"@context\":\"https:\\\/\\\/schema.org\",\"@graph\":[{\"@type\":\"Article\",\"@id\":\"https:\\\/\\\/noticiasmercedinas.com\\\/site\\\/2019\\\/05\\\/15\\\/musicalisima-armara-una-gran-fiesta-en-octubre\\\/#article\",\"isPartOf\":{\"@id\":\"https:\\\/\\\/noticiasmercedinas.com\\\/site\\\/2019\\\/05\\\/15\\\/musicalisima-armara-una-gran-fiesta-en-octubre\\\/\"},\"author\":{\"name\":\"Cristian Falabella NOTICIASMERCEDINAS.COM\",\"@id\":\"https:\\\/\\\/noticiasmercedinas.com\\\/site\\\/#\\\/schema\\\/person\\\/d481a9696a5feaec13a60e2bbd991a6a\"},\"headline\":\"Musical\u00edsima armar\u00e1 una gran fiesta en octubre\",\"datePublished\":\"2019-05-15T14:51:29+00:00\",\"dateModified\":\"2019-05-15T15:53:33+00:00\",\"mainEntityOfPage\":{\"@id\":\"https:\\\/\\\/noticiasmercedinas.com\\\/site\\\/2019\\\/05\\\/15\\\/musicalisima-armara-una-gran-fiesta-en-octubre\\\/\"},\"wordCount\":181,\"commentCount\":0,\"publisher\":{\"@id\":\"https:\\\/\\\/noticiasmercedinas.com\\\/site\\\/#organization\"},\"image\":{\"@id\":\"https:\\\/\\\/noticiasmercedinas.com\\\/site\\\/2019\\\/05\\\/15\\\/musicalisima-armara-una-gran-fiesta-en-octubre\\\/#primaryimage\"},\"thumbnailUrl\":\"https:\\\/\\\/noticiasmercedinas.com\\\/site\\\/wp-content\\\/uploads\\\/2019\\\/05\\\/img-20190515-wa0013299564878269536873.jpg\",\"keywords\":[\"fm\",\"Luis antes\",\"medios\",\"musica\",\"radio\"],\"articleSection\":[\"Medios\"],\"inLanguage\":\"es\",\"potentialAction\":[{\"@type\":\"CommentAction\",\"name\":\"Comment\",\"target\":[\"https:\\\/\\\/noticiasmercedinas.com\\\/site\\\/2019\\\/05\\\/15\\\/musicalisima-armara-una-gran-fiesta-en-octubre\\\/#respond\"]}]},{\"@type\":\"WebPage\",\"@id\":\"https:\\\/\\\/noticiasmercedinas.com\\\/site\\\/2019\\\/05\\\/15\\\/musicalisima-armara-una-gran-fiesta-en-octubre\\\/\",\"url\":\"https:\\\/\\\/noticiasmercedinas.com\\\/site\\\/2019\\\/05\\\/15\\\/musicalisima-armara-una-gran-fiesta-en-octubre\\\/\",\"name\":\"Musical\u00edsima armar\u00e1 una gran fiesta en octubre\",\"isPartOf\":{\"@id\":\"https:\\\/\\\/noticiasmercedinas.com\\\/site\\\/#website\"},\"primaryImageOfPage\":{\"@id\":\"https:\\\/\\\/noticiasmercedinas.com\\\/site\\\/2019\\\/05\\\/15\\\/musicalisima-armara-una-gran-fiesta-en-octubre\\\/#primaryimage\"},\"image\":{\"@id\":\"https:\\\/\\\/noticiasmercedinas.com\\\/site\\\/2019\\\/05\\\/15\\\/musicalisima-armara-una-gran-fiesta-en-octubre\\\/#primaryimage\"},\"thumbnailUrl\":\"https:\\\/\\\/noticiasmercedinas.com\\\/site\\\/wp-content\\\/uploads\\\/2019\\\/05\\\/img-20190515-wa0013299564878269536873.jpg\",\"datePublished\":\"2019-05-15T14:51:29+00:00\",\"dateModified\":\"2019-05-15T15:53:33+00:00\",\"breadcrumb\":{\"@id\":\"https:\\\/\\\/noticiasmercedinas.com\\\/site\\\/2019\\\/05\\\/15\\\/musicalisima-armara-una-gran-fiesta-en-octubre\\\/#breadcrumb\"},\"inLanguage\":\"es\",\"potentialAction\":[{\"@type\":\"ReadAction\",\"target\":[\"https:\\\/\\\/noticiasmercedinas.com\\\/site\\\/2019\\\/05\\\/15\\\/musicalisima-armara-una-gran-fiesta-en-octubre\\\/\"]}]},{\"@type\":\"ImageObject\",\"inLanguage\":\"es\",\"@id\":\"https:\\\/\\\/noticiasmercedinas.com\\\/site\\\/2019\\\/05\\\/15\\\/musicalisima-armara-una-gran-fiesta-en-octubre\\\/#primaryimage\",\"url\":\"https:\\\/\\\/noticiasmercedinas.com\\\/site\\\/wp-content\\\/uploads\\\/2019\\\/05\\\/img-20190515-wa0013299564878269536873.jpg\",\"contentUrl\":\"https:\\\/\\\/noticiasmercedinas.com\\\/site\\\/wp-content\\\/uploads\\\/2019\\\/05\\\/img-20190515-wa0013299564878269536873.jpg\",\"width\":1280,\"height\":745},{\"@type\":\"BreadcrumbList\",\"@id\":\"https:\\\/\\\/noticiasmercedinas.com\\\/site\\\/2019\\\/05\\\/15\\\/musicalisima-armara-una-gran-fiesta-en-octubre\\\/#breadcrumb\",\"itemListElement\":[{\"@type\":\"ListItem\",\"position\":1,\"name\":\"Portada\",\"item\":\"https:\\\/\\\/noticiasmercedinas.com\\\/site\\\/\"},{\"@type\":\"ListItem\",\"position\":2,\"name\":\"Musical\u00edsima armar\u00e1 una gran fiesta en octubre\"}]},{\"@type\":\"WebSite\",\"@id\":\"https:\\\/\\\/noticiasmercedinas.com\\\/site\\\/#website\",\"url\":\"https:\\\/\\\/noticiasmercedinas.com\\\/site\\\/\",\"name\":\"NOTICIASMERCEDINAS.COM\",\"description\":\"Mercedes, Buenos Aires, Argentina\",\"publisher\":{\"@id\":\"https:\\\/\\\/noticiasmercedinas.com\\\/site\\\/#organization\"},\"potentialAction\":[{\"@type\":\"SearchAction\",\"target\":{\"@type\":\"EntryPoint\",\"urlTemplate\":\"https:\\\/\\\/noticiasmercedinas.com\\\/site\\\/?s={search_term_string}\"},\"query-input\":{\"@type\":\"PropertyValueSpecification\",\"valueRequired\":true,\"valueName\":\"search_term_string\"}}],\"inLanguage\":\"es\"},{\"@type\":\"Organization\",\"@id\":\"https:\\\/\\\/noticiasmercedinas.com\\\/site\\\/#organization\",\"name\":\"NOTICIASMERCEDINAS.COM\",\"url\":\"https:\\\/\\\/noticiasmercedinas.com\\\/site\\\/\",\"logo\":{\"@type\":\"ImageObject\",\"inLanguage\":\"es\",\"@id\":\"https:\\\/\\\/noticiasmercedinas.com\\\/site\\\/#\\\/schema\\\/logo\\\/image\\\/\",\"url\":\"https:\\\/\\\/noticiasmercedinas.com\\\/site\\\/wp-content\\\/uploads\\\/2020\\\/06\\\/LOGO-512.jpg\",\"contentUrl\":\"https:\\\/\\\/noticiasmercedinas.com\\\/site\\\/wp-content\\\/uploads\\\/2020\\\/06\\\/LOGO-512.jpg\",\"width\":512,\"height\":512,\"caption\":\"NOTICIASMERCEDINAS.COM\"},\"image\":{\"@id\":\"https:\\\/\\\/noticiasmercedinas.com\\\/site\\\/#\\\/schema\\\/logo\\\/image\\\/\"},\"sameAs\":[\"https:\\\/\\\/www.facebook.com\\\/noticiasmercedinas\\\/\",\"https:\\\/\\\/x.com\\\/notmercedinas\",\"https:\\\/\\\/www.instagram.com\\\/noticiasmercedinas\\\/\"]},{\"@type\":\"Person\",\"@id\":\"https:\\\/\\\/noticiasmercedinas.com\\\/site\\\/#\\\/schema\\\/person\\\/d481a9696a5feaec13a60e2bbd991a6a\",\"name\":\"Cristian Falabella NOTICIASMERCEDINAS.COM\",\"image\":{\"@type\":\"ImageObject\",\"inLanguage\":\"es\",\"@id\":\"https:\\\/\\\/secure.gravatar.com\\\/avatar\\\/0dbbfc45970cc46bcd0e57766228574ff3511d6eed045b182f536f0f478c1f06?s=96&d=mm&r=g\",\"url\":\"https:\\\/\\\/secure.gravatar.com\\\/avatar\\\/0dbbfc45970cc46bcd0e57766228574ff3511d6eed045b182f536f0f478c1f06?s=96&d=mm&r=g\",\"contentUrl\":\"https:\\\/\\\/secure.gravatar.com\\\/avatar\\\/0dbbfc45970cc46bcd0e57766228574ff3511d6eed045b182f536f0f478c1f06?s=96&d=mm&r=g\",\"caption\":\"Cristian Falabella NOTICIASMERCEDINAS.COM\"},\"description\":\"Periodista, editor de Noticias Mercedinas. Pas\u00f3 por varias redacciones y emprendimientos de prensa, en distintos formatos y \u00e9pocas. Se especializ\u00f3 --y sigue haci\u00e9ndolo-- en comunicaci\u00f3n en la web y en junio de 2006 fund\u00f3 este diario digital.\",\"sameAs\":[\"https:\\\/\\\/noticiasmercedinas.com\",\"https:\\\/\\\/www.facebook.com\\\/cristian.falabella\",\"https:\\\/\\\/www.instagram.com\\\/noticiasmercedinas\\\/\",\"https:\\\/\\\/x.com\\\/https:\\\/\\\/twitter.com\\\/NOTMERCEDINAS\"],\"url\":\"https:\\\/\\\/noticiasmercedinas.com\\\/site\\\/author\\\/as000384\\\/\"}]}<\/script>\n<!-- \/ Yoast SEO plugin. -->","yoast_head_json":{"title":"Musical\u00edsima armar\u00e1 una gran fiesta en octubre","robots":{"index":"index","follow":"follow","max-snippet":"max-snippet:-1","max-image-preview":"max-image-preview:large","max-video-preview":"max-video-preview:-1"},"canonical":"https:\/\/noticiasmercedinas.com\/site\/2019\/05\/15\/musicalisima-armara-una-gran-fiesta-en-octubre\/","og_locale":"es_ES","og_type":"article","og_title":"Musical\u00edsima armar\u00e1 una gran fiesta en octubre","og_description":"El programa radial \u00abMusicalisima\u00bb conducido por Luis Antes est\u00e1 pronto a cumplir 30 a\u00f1os de vida. Sale al aire de lunes a viernes de 10:00 a 12:00 horas por FM Popular 100.5 mhz, aunque ha pasado por distintas emisoras. Antes es un importante animador cultural de la movida tropical en Mercedes y la zona. Como [&hellip;]","og_url":"https:\/\/noticiasmercedinas.com\/site\/2019\/05\/15\/musicalisima-armara-una-gran-fiesta-en-octubre\/","og_site_name":"NOTICIASMERCEDINAS.COM","article_publisher":"https:\/\/www.facebook.com\/noticiasmercedinas\/","article_author":"https:\/\/www.facebook.com\/cristian.falabella","article_published_time":"2019-05-15T14:51:29+00:00","article_modified_time":"2019-05-15T15:53:33+00:00","og_image":[{"width":1280,"height":745,"url":"https:\/\/noticiasmercedinas.com\/site\/wp-content\/uploads\/2019\/05\/img-20190515-wa0013299564878269536873.jpg","type":"image\/jpeg"}],"author":"Cristian Falabella NOTICIASMERCEDINAS.COM","twitter_card":"summary_large_image","twitter_creator":"@https:\/\/twitter.com\/NOTMERCEDINAS","twitter_site":"@notmercedinas","twitter_misc":{"Escrito por":"Cristian Falabella NOTICIASMERCEDINAS.COM","Tiempo de lectura":"1 minuto"},"schema":{"@context":"https:\/\/schema.org","@graph":[{"@type":"Article","@id":"https:\/\/noticiasmercedinas.com\/site\/2019\/05\/15\/musicalisima-armara-una-gran-fiesta-en-octubre\/#article","isPartOf":{"@id":"https:\/\/noticiasmercedinas.com\/site\/2019\/05\/15\/musicalisima-armara-una-gran-fiesta-en-octubre\/"},"author":{"name":"Cristian Falabella NOTICIASMERCEDINAS.COM","@id":"https:\/\/noticiasmercedinas.com\/site\/#\/schema\/person\/d481a9696a5feaec13a60e2bbd991a6a"},"headline":"Musical\u00edsima armar\u00e1 una gran fiesta en octubre","datePublished":"2019-05-15T14:51:29+00:00","dateModified":"2019-05-15T15:53:33+00:00","mainEntityOfPage":{"@id":"https:\/\/noticiasmercedinas.com\/site\/2019\/05\/15\/musicalisima-armara-una-gran-fiesta-en-octubre\/"},"wordCount":181,"commentCount":0,"publisher":{"@id":"https:\/\/noticiasmercedinas.com\/site\/#organization"},"image":{"@id":"https:\/\/noticiasmercedinas.com\/site\/2019\/05\/15\/musicalisima-armara-una-gran-fiesta-en-octubre\/#primaryimage"},"thumbnailUrl":"https:\/\/noticiasmercedinas.com\/site\/wp-content\/uploads\/2019\/05\/img-20190515-wa0013299564878269536873.jpg","keywords":["fm","Luis antes","medios","musica","radio"],"articleSection":["Medios"],"inLanguage":"es","potentialAction":[{"@type":"CommentAction","name":"Comment","target":["https:\/\/noticiasmercedinas.com\/site\/2019\/05\/15\/musicalisima-armara-una-gran-fiesta-en-octubre\/#respond"]}]},{"@type":"WebPage","@id":"https:\/\/noticiasmercedinas.com\/site\/2019\/05\/15\/musicalisima-armara-una-gran-fiesta-en-octubre\/","url":"https:\/\/noticiasmercedinas.com\/site\/2019\/05\/15\/musicalisima-armara-una-gran-fiesta-en-octubre\/","name":"Musical\u00edsima armar\u00e1 una gran fiesta en octubre","isPartOf":{"@id":"https:\/\/noticiasmercedinas.com\/site\/#website"},"primaryImageOfPage":{"@id":"https:\/\/noticiasmercedinas.com\/site\/2019\/05\/15\/musicalisima-armara-una-gran-fiesta-en-octubre\/#primaryimage"},"image":{"@id":"https:\/\/noticiasmercedinas.com\/site\/2019\/05\/15\/musicalisima-armara-una-gran-fiesta-en-octubre\/#primaryimage"},"thumbnailUrl":"https:\/\/noticiasmercedinas.com\/site\/wp-content\/uploads\/2019\/05\/img-20190515-wa0013299564878269536873.jpg","datePublished":"2019-05-15T14:51:29+00:00","dateModified":"2019-05-15T15:53:33+00:00","breadcrumb":{"@id":"https:\/\/noticiasmercedinas.com\/site\/2019\/05\/15\/musicalisima-armara-una-gran-fiesta-en-octubre\/#breadcrumb"},"inLanguage":"es","potentialAction":[{"@type":"ReadAction","target":["https:\/\/noticiasmercedinas.com\/site\/2019\/05\/15\/musicalisima-armara-una-gran-fiesta-en-octubre\/"]}]},{"@type":"ImageObject","inLanguage":"es","@id":"https:\/\/noticiasmercedinas.com\/site\/2019\/05\/15\/musicalisima-armara-una-gran-fiesta-en-octubre\/#primaryimage","url":"https:\/\/noticiasmercedinas.com\/site\/wp-content\/uploads\/2019\/05\/img-20190515-wa0013299564878269536873.jpg","contentUrl":"https:\/\/noticiasmercedinas.com\/site\/wp-content\/uploads\/2019\/05\/img-20190515-wa0013299564878269536873.jpg","width":1280,"height":745},{"@type":"BreadcrumbList","@id":"https:\/\/noticiasmercedinas.com\/site\/2019\/05\/15\/musicalisima-armara-una-gran-fiesta-en-octubre\/#breadcrumb","itemListElement":[{"@type":"ListItem","position":1,"name":"Portada","item":"https:\/\/noticiasmercedinas.com\/site\/"},{"@type":"ListItem","position":2,"name":"Musical\u00edsima armar\u00e1 una gran fiesta en octubre"}]},{"@type":"WebSite","@id":"https:\/\/noticiasmercedinas.com\/site\/#website","url":"https:\/\/noticiasmercedinas.com\/site\/","name":"NOTICIASMERCEDINAS.COM","description":"Mercedes, Buenos Aires, Argentina","publisher":{"@id":"https:\/\/noticiasmercedinas.com\/site\/#organization"},"potentialAction":[{"@type":"SearchAction","target":{"@type":"EntryPoint","urlTemplate":"https:\/\/noticiasmercedinas.com\/site\/?s={search_term_string}"},"query-input":{"@type":"PropertyValueSpecification","valueRequired":true,"valueName":"search_term_string"}}],"inLanguage":"es"},{"@type":"Organization","@id":"https:\/\/noticiasmercedinas.com\/site\/#organization","name":"NOTICIASMERCEDINAS.COM","url":"https:\/\/noticiasmercedinas.com\/site\/","logo":{"@type":"ImageObject","inLanguage":"es","@id":"https:\/\/noticiasmercedinas.com\/site\/#\/schema\/logo\/image\/","url":"https:\/\/noticiasmercedinas.com\/site\/wp-content\/uploads\/2020\/06\/LOGO-512.jpg","contentUrl":"https:\/\/noticiasmercedinas.com\/site\/wp-content\/uploads\/2020\/06\/LOGO-512.jpg","width":512,"height":512,"caption":"NOTICIASMERCEDINAS.COM"},"image":{"@id":"https:\/\/noticiasmercedinas.com\/site\/#\/schema\/logo\/image\/"},"sameAs":["https:\/\/www.facebook.com\/noticiasmercedinas\/","https:\/\/x.com\/notmercedinas","https:\/\/www.instagram.com\/noticiasmercedinas\/"]},{"@type":"Person","@id":"https:\/\/noticiasmercedinas.com\/site\/#\/schema\/person\/d481a9696a5feaec13a60e2bbd991a6a","name":"Cristian Falabella NOTICIASMERCEDINAS.COM","image":{"@type":"ImageObject","inLanguage":"es","@id":"https:\/\/secure.gravatar.com\/avatar\/0dbbfc45970cc46bcd0e57766228574ff3511d6eed045b182f536f0f478c1f06?s=96&d=mm&r=g","url":"https:\/\/secure.gravatar.com\/avatar\/0dbbfc45970cc46bcd0e57766228574ff3511d6eed045b182f536f0f478c1f06?s=96&d=mm&r=g","contentUrl":"https:\/\/secure.gravatar.com\/avatar\/0dbbfc45970cc46bcd0e57766228574ff3511d6eed045b182f536f0f478c1f06?s=96&d=mm&r=g","caption":"Cristian Falabella NOTICIASMERCEDINAS.COM"},"description":"Periodista, editor de Noticias Mercedinas. Pas\u00f3 por varias redacciones y emprendimientos de prensa, en distintos formatos y \u00e9pocas. Se especializ\u00f3 --y sigue haci\u00e9ndolo-- en comunicaci\u00f3n en la web y en junio de 2006 fund\u00f3 este diario digital.","sameAs":["https:\/\/noticiasmercedinas.com","https:\/\/www.facebook.com\/cristian.falabella","https:\/\/www.instagram.com\/noticiasmercedinas\/","https:\/\/x.com\/https:\/\/twitter.com\/NOTMERCEDINAS"],"url":"https:\/\/noticiasmercedinas.com\/site\/author\/as000384\/"}]}},"amp_enabled":true,"_links":{"self":[{"href":"https:\/\/noticiasmercedinas.com\/site\/wp-json\/wp\/v2\/posts\/18944","targetHints":{"allow":["GET"]}}],"collection":[{"href":"https:\/\/noticiasmercedinas.com\/site\/wp-json\/wp\/v2\/posts"}],"about":[{"href":"https:\/\/noticiasmercedinas.com\/site\/wp-json\/wp\/v2\/types\/post"}],"author":[{"embeddable":true,"href":"https:\/\/noticiasmercedinas.com\/site\/wp-json\/wp\/v2\/users\/2"}],"replies":[{"embeddable":true,"href":"https:\/\/noticiasmercedinas.com\/site\/wp-json\/wp\/v2\/comments?post=18944"}],"version-history":[{"count":1,"href":"https:\/\/noticiasmercedinas.com\/site\/wp-json\/wp\/v2\/posts\/18944\/revisions"}],"predecessor-version":[{"id":18946,"href":"https:\/\/noticiasmercedinas.com\/site\/wp-json\/wp\/v2\/posts\/18944\/revisions\/18946"}],"wp:featuredmedia":[{"embeddable":true,"href":"https:\/\/noticiasmercedinas.com\/site\/wp-json\/wp\/v2\/media\/18943"}],"wp:attachment":[{"href":"https:\/\/noticiasmercedinas.com\/site\/wp-json\/wp\/v2\/media?parent=18944"}],"wp:term":[{"taxonomy":"category","embeddable":true,"href":"https:\/\/noticiasmercedinas.com\/site\/wp-json\/wp\/v2\/categories?post=18944"},{"taxonomy":"post_tag","embeddable":true,"href":"https:\/\/noticiasmercedinas.com\/site\/wp-json\/wp\/v2\/tags?post=18944"}],"curies":[{"name":"wp","href":"https:\/\/api.w.org\/{rel}","templated":true}]}}