{"id":189812,"date":"2026-06-29T14:39:25","date_gmt":"2026-06-29T17:39:25","guid":{"rendered":"https:\/\/noticiasmercedinas.com\/site\/?p=189812"},"modified":"2026-06-29T14:53:21","modified_gmt":"2026-06-29T17:53:21","slug":"preocupan-peligrosas-maniobras-de-motos-en-avenidas-la-ucr-impulsa-un-plan-de-contingencia","status":"publish","type":"post","link":"https:\/\/noticiasmercedinas.com\/site\/2026\/06\/29\/preocupan-peligrosas-maniobras-de-motos-en-avenidas-la-ucr-impulsa-un-plan-de-contingencia\/","title":{"rendered":"Preocupan peligrosas maniobras de motos en avenidas: la UCR impulsa un plan de contingencia"},"content":{"rendered":"<p data-path-to-node=\"4\"><img loading=\"lazy\" decoding=\"async\" class=\"alignnone size-full wp-image-176370\" src=\"https:\/\/noticiasmercedinas.com\/site\/wp-content\/uploads\/2025\/12\/ivaldis-e1765320358396.jpeg\" alt=\"\" width=\"656\" height=\"397\" srcset=\"https:\/\/noticiasmercedinas.com\/site\/wp-content\/uploads\/2025\/12\/ivaldis-e1765320358396.jpeg 656w, https:\/\/noticiasmercedinas.com\/site\/wp-content\/uploads\/2025\/12\/ivaldis-e1765320358396-300x182.jpeg 300w, https:\/\/noticiasmercedinas.com\/site\/wp-content\/uploads\/2025\/12\/ivaldis-e1765320358396-640x387.jpeg 640w\" sizes=\"auto, (max-width: 656px) 100vw, 656px\" \/><\/p>\n<p data-path-to-node=\"4\">El Honorable Concejo Deliberante (HCD) de Mercedes comenz\u00f3 a debatir un proyecto de resoluci\u00f3n orientado a frenar una problem\u00e1tica que genera creciente alarma en t\u00e9rminos de seguridad p\u00fablica y vialidad: las maniobras peligrosas ejecutadas por conductores de motocicletas en las principales arterias de la ciudad.<\/p>\n<p data-path-to-node=\"4\">La iniciativa, dise\u00f1ada e impulsada por el concejal Daniel Ivaldis (bloque de la Uni\u00f3n C\u00edvica Radical), fue girada a comisi\u00f3n en la \u00faltima sesi\u00f3n ordinaria con el prop\u00f3sito de dise\u00f1ar de manera prioritaria un plan de contingencia y control estatal espec\u00edfico.<\/p>\n<p data-path-to-node=\"5\">Ante la gravedad de la situaci\u00f3n, los ediles que integran el espacio legislativo resolvieron citar formalmente a los responsables del \u00e1rea de seguridad municipal para el transcurso de esta semana.<\/p>\n<p data-path-to-node=\"5\">El objetivo del encuentro ser\u00e1 auditar las acciones de prevenci\u00f3n vigentes, analizar los resultados de los operativos actuales y determinar si los recursos destinados al control urbano son suficientes para disuadir estas conductas temerarias antes de que se cobren vidas o generen secuelas irreparables en la comunidad.<\/p>\n<h3 data-path-to-node=\"6\">Un riesgo colectivo inminente en puntos neur\u00e1lgicos<\/h3>\n<p data-path-to-node=\"7\">El foco de la presentaci\u00f3n radica en la recurrente pr\u00e1ctica del levantamiento de la rueda delantera de los motoveh\u00edculos \u2014maniobra conocida popularmente como <i data-path-to-node=\"7\" data-index-in-node=\"158\">\u00abwheelie\u00bb<\/i> o <i data-path-to-node=\"7\" data-index-in-node=\"170\">\u00abwilly\u00bb<\/i>\u2014, la cual se registra con especial frecuencia en los accesos locales y avenidas al momento exacto en que los sem\u00e1foros habilitan la se\u00f1al de luz verde.<\/p>\n<p data-path-to-node=\"7\">Seg\u00fan se detalla en los considerandos del documento, esta acci\u00f3n reduce dr\u00e1sticamente la visibilidad del motociclista, anula la estabilidad del rodado y disminuye la capacidad de frenado inmediato, transformando al veh\u00edculo en un elemento incontrolable ante cualquier imprevisto en la v\u00eda p\u00fablica.<\/p>\n<p data-path-to-node=\"8\">La preocupaci\u00f3n de los legisladores radica en el perfil de vulnerabilidad de los peatones afectados. Se advierte que ni\u00f1os, adultos mayores y personas con movilidad reducida quedan expuestos a situaciones de grave riesgo psicof\u00edsico al verse desamparados frente a rodados que circulan a velocidades excesivas y sin el control t\u00e9cnico m\u00ednimo exigido por la ley.<\/p>\n<p data-path-to-node=\"8\">Asimismo, el proyecto plantea que la reincidencia de estos hechos demuestra que las campa\u00f1as de concientizaci\u00f3n resultan insuficientes por s\u00ed solas si no se aplican medidas preventivas y punitivas tempranas por parte de las fuerzas de control.<\/p>\n<h3 data-path-to-node=\"9\">El impacto en el sistema de salud p\u00fablica<\/h3>\n<p data-path-to-node=\"10\">Otro de los argumentos centrales expuestos por el bloque de la UCR se vincula con la infraestructura sanitaria de la comuna.<\/p>\n<p data-path-to-node=\"10\">El documento advierte que la reiteraci\u00f3n de estos siniestros viales \u2014caracterizados como \u00ababsolutamente prevenibles\u00bb\u2014 termina por saturar y sobreexigir los servicios de la salud p\u00fablica local, obligando a destinar recursos humanos, m\u00e9dicos y econ\u00f3micos de las guardias hospitalarias que podr\u00edan abocarse a otras urgencias m\u00e9dicas.<\/p>\n<p data-path-to-node=\"11\">\u00abLa idea es manifestar esta preocupaci\u00f3n que se da en la ciudad y ver si podemos hacer algo para mejorar\u00bb, sintetiz\u00f3 el concejal Ivaldis respecto al esp\u00edritu de la normativa.<\/p>\n<p data-path-to-node=\"11\">El texto parlamentario, que consta de dos art\u00edculos, solicita formalmente al Departamento Ejecutivo que eval\u00fae minuciosamente el estado de situaci\u00f3n en los accesos y disponga el dise\u00f1o inmediato de un programa de control riguroso para contrarrestar de forma definitiva esta modalidad delictiva en las calles mercedinas.<\/p>\n","protected":false},"excerpt":{"rendered":"<p>\u25a0 El proyecto presentado por el concejal Daniel Ivaldis pas\u00f3 a comisi\u00f3n para su an\u00e1lisis. Convocaron a las autoridades de seguridad municipales para evaluar la efectividad de los controles actuales ante el incremento de los denominados \u00abwheelies\u00bb en los sem\u00e1foros.<\/p>\n","protected":false},"author":16,"featured_media":176370,"comment_status":"closed","ping_status":"closed","sticky":false,"template":"","format":"standard","meta":{"footnotes":""},"categories":[16,20734],"tags":[243,5431,3155,1002],"class_list":["post-189812","post","type-post","status-publish","format-standard","has-post-thumbnail","hentry","category-politica","category-ultimo-momento","tag-concejo-deliberante","tag-daniel-ivaldis","tag-motos","tag-ucr"],"yoast_head":"<!-- This site is optimized with the Yoast SEO plugin v28.3 - https:\/\/yoast.com\/product\/yoast-seo-wordpress\/ -->\n<title>Preocupan peligrosas maniobras de motos en avenidas: la UCR impulsa un plan de contingencia<\/title>\n<meta name=\"description\" content=\"El proyecto presentado por el concejal Daniel Ivaldis pas\u00f3 a comisi\u00f3n para su an\u00e1lisis. Convocaron a las autoridades de seguridad municipales para evaluar la efectividad de los controles actuales ante el incremento de los denominados &quot;wheelies&quot; en los sem\u00e1foros.\" \/>\n<meta name=\"robots\" content=\"index, follow, max-snippet:-1, max-image-preview:large, max-video-preview:-1\" \/>\n<link rel=\"canonical\" href=\"https:\/\/noticiasmercedinas.com\/site\/2026\/06\/29\/preocupan-peligrosas-maniobras-de-motos-en-avenidas-la-ucr-impulsa-un-plan-de-contingencia\/\" \/>\n<meta property=\"og:locale\" content=\"es_ES\" \/>\n<meta property=\"og:type\" content=\"article\" \/>\n<meta property=\"og:title\" content=\"Preocupan peligrosas maniobras de motos en avenidas: la UCR impulsa un plan de contingencia\" \/>\n<meta property=\"og:description\" content=\"El proyecto presentado por el concejal Daniel Ivaldis pas\u00f3 a comisi\u00f3n para su an\u00e1lisis. Convocaron a las autoridades de seguridad municipales para evaluar la efectividad de los controles actuales ante el incremento de los denominados &quot;wheelies&quot; en los sem\u00e1foros.\" \/>\n<meta property=\"og:url\" content=\"https:\/\/noticiasmercedinas.com\/site\/2026\/06\/29\/preocupan-peligrosas-maniobras-de-motos-en-avenidas-la-ucr-impulsa-un-plan-de-contingencia\/\" \/>\n<meta property=\"og:site_name\" content=\"NOTICIASMERCEDINAS.COM\" \/>\n<meta property=\"article:publisher\" content=\"https:\/\/www.facebook.com\/noticiasmercedinas\/\" \/>\n<meta property=\"article:published_time\" content=\"2026-06-29T17:39:25+00:00\" \/>\n<meta property=\"article:modified_time\" content=\"2026-06-29T17:53:21+00:00\" \/>\n<meta property=\"og:image\" content=\"https:\/\/noticiasmercedinas.com\/site\/wp-content\/uploads\/2025\/12\/ivaldis-e1765320358396.jpeg\" \/>\n\t<meta property=\"og:image:width\" content=\"656\" \/>\n\t<meta property=\"og:image:height\" content=\"397\" \/>\n\t<meta property=\"og:image:type\" content=\"image\/jpeg\" \/>\n<meta name=\"author\" content=\"NOTICIASMERCEDINAS.COM\" \/>\n<meta name=\"twitter:card\" content=\"summary_large_image\" \/>\n<meta name=\"twitter:creator\" content=\"@notmercedinas\" \/>\n<meta name=\"twitter:site\" content=\"@notmercedinas\" \/>\n<meta name=\"twitter:label1\" content=\"Escrito por\" \/>\n\t<meta name=\"twitter:data1\" content=\"NOTICIASMERCEDINAS.COM\" \/>\n\t<meta name=\"twitter:label2\" content=\"Tiempo de lectura\" \/>\n\t<meta name=\"twitter:data2\" content=\"3 minutos\" \/>\n<script type=\"application\/ld+json\" class=\"yoast-schema-graph\">{\"@context\":\"https:\\\/\\\/schema.org\",\"@graph\":[{\"@type\":\"Article\",\"@id\":\"https:\\\/\\\/noticiasmercedinas.com\\\/site\\\/2026\\\/06\\\/29\\\/preocupan-peligrosas-maniobras-de-motos-en-avenidas-la-ucr-impulsa-un-plan-de-contingencia\\\/#article\",\"isPartOf\":{\"@id\":\"https:\\\/\\\/noticiasmercedinas.com\\\/site\\\/2026\\\/06\\\/29\\\/preocupan-peligrosas-maniobras-de-motos-en-avenidas-la-ucr-impulsa-un-plan-de-contingencia\\\/\"},\"author\":{\"name\":\"NOTICIASMERCEDINAS.COM\",\"@id\":\"https:\\\/\\\/noticiasmercedinas.com\\\/site\\\/#\\\/schema\\\/person\\\/84b59c099c28ff2e8b77d4ceec5d8063\"},\"headline\":\"Preocupan peligrosas maniobras de motos en avenidas: la UCR impulsa un plan de contingencia\",\"datePublished\":\"2026-06-29T17:39:25+00:00\",\"dateModified\":\"2026-06-29T17:53:21+00:00\",\"mainEntityOfPage\":{\"@id\":\"https:\\\/\\\/noticiasmercedinas.com\\\/site\\\/2026\\\/06\\\/29\\\/preocupan-peligrosas-maniobras-de-motos-en-avenidas-la-ucr-impulsa-un-plan-de-contingencia\\\/\"},\"wordCount\":566,\"publisher\":{\"@id\":\"https:\\\/\\\/noticiasmercedinas.com\\\/site\\\/#organization\"},\"image\":{\"@id\":\"https:\\\/\\\/noticiasmercedinas.com\\\/site\\\/2026\\\/06\\\/29\\\/preocupan-peligrosas-maniobras-de-motos-en-avenidas-la-ucr-impulsa-un-plan-de-contingencia\\\/#primaryimage\"},\"thumbnailUrl\":\"https:\\\/\\\/noticiasmercedinas.com\\\/site\\\/wp-content\\\/uploads\\\/2025\\\/12\\\/ivaldis-e1765320358396.jpeg\",\"keywords\":[\"concejo deliberante\",\"Daniel Ivaldis\",\"motos\",\"Ucr\"],\"articleSection\":[\"Politica\",\"Ultimo momento\"],\"inLanguage\":\"es\"},{\"@type\":\"WebPage\",\"@id\":\"https:\\\/\\\/noticiasmercedinas.com\\\/site\\\/2026\\\/06\\\/29\\\/preocupan-peligrosas-maniobras-de-motos-en-avenidas-la-ucr-impulsa-un-plan-de-contingencia\\\/\",\"url\":\"https:\\\/\\\/noticiasmercedinas.com\\\/site\\\/2026\\\/06\\\/29\\\/preocupan-peligrosas-maniobras-de-motos-en-avenidas-la-ucr-impulsa-un-plan-de-contingencia\\\/\",\"name\":\"Preocupan peligrosas maniobras de motos en avenidas: la UCR impulsa un plan de contingencia\",\"isPartOf\":{\"@id\":\"https:\\\/\\\/noticiasmercedinas.com\\\/site\\\/#website\"},\"primaryImageOfPage\":{\"@id\":\"https:\\\/\\\/noticiasmercedinas.com\\\/site\\\/2026\\\/06\\\/29\\\/preocupan-peligrosas-maniobras-de-motos-en-avenidas-la-ucr-impulsa-un-plan-de-contingencia\\\/#primaryimage\"},\"image\":{\"@id\":\"https:\\\/\\\/noticiasmercedinas.com\\\/site\\\/2026\\\/06\\\/29\\\/preocupan-peligrosas-maniobras-de-motos-en-avenidas-la-ucr-impulsa-un-plan-de-contingencia\\\/#primaryimage\"},\"thumbnailUrl\":\"https:\\\/\\\/noticiasmercedinas.com\\\/site\\\/wp-content\\\/uploads\\\/2025\\\/12\\\/ivaldis-e1765320358396.jpeg\",\"datePublished\":\"2026-06-29T17:39:25+00:00\",\"dateModified\":\"2026-06-29T17:53:21+00:00\",\"description\":\"El proyecto presentado por el concejal Daniel Ivaldis pas\u00f3 a comisi\u00f3n para su an\u00e1lisis. Convocaron a las autoridades de seguridad municipales para evaluar la efectividad de los controles actuales ante el incremento de los denominados \\\"wheelies\\\" en los sem\u00e1foros.\",\"breadcrumb\":{\"@id\":\"https:\\\/\\\/noticiasmercedinas.com\\\/site\\\/2026\\\/06\\\/29\\\/preocupan-peligrosas-maniobras-de-motos-en-avenidas-la-ucr-impulsa-un-plan-de-contingencia\\\/#breadcrumb\"},\"inLanguage\":\"es\",\"potentialAction\":[{\"@type\":\"ReadAction\",\"target\":[\"https:\\\/\\\/noticiasmercedinas.com\\\/site\\\/2026\\\/06\\\/29\\\/preocupan-peligrosas-maniobras-de-motos-en-avenidas-la-ucr-impulsa-un-plan-de-contingencia\\\/\"]}]},{\"@type\":\"ImageObject\",\"inLanguage\":\"es\",\"@id\":\"https:\\\/\\\/noticiasmercedinas.com\\\/site\\\/2026\\\/06\\\/29\\\/preocupan-peligrosas-maniobras-de-motos-en-avenidas-la-ucr-impulsa-un-plan-de-contingencia\\\/#primaryimage\",\"url\":\"https:\\\/\\\/noticiasmercedinas.com\\\/site\\\/wp-content\\\/uploads\\\/2025\\\/12\\\/ivaldis-e1765320358396.jpeg\",\"contentUrl\":\"https:\\\/\\\/noticiasmercedinas.com\\\/site\\\/wp-content\\\/uploads\\\/2025\\\/12\\\/ivaldis-e1765320358396.jpeg\",\"width\":656,\"height\":397},{\"@type\":\"BreadcrumbList\",\"@id\":\"https:\\\/\\\/noticiasmercedinas.com\\\/site\\\/2026\\\/06\\\/29\\\/preocupan-peligrosas-maniobras-de-motos-en-avenidas-la-ucr-impulsa-un-plan-de-contingencia\\\/#breadcrumb\",\"itemListElement\":[{\"@type\":\"ListItem\",\"position\":1,\"name\":\"Portada\",\"item\":\"https:\\\/\\\/noticiasmercedinas.com\\\/site\\\/\"},{\"@type\":\"ListItem\",\"position\":2,\"name\":\"Preocupan peligrosas maniobras de motos en avenidas: la UCR impulsa un plan de contingencia\"}]},{\"@type\":\"WebSite\",\"@id\":\"https:\\\/\\\/noticiasmercedinas.com\\\/site\\\/#website\",\"url\":\"https:\\\/\\\/noticiasmercedinas.com\\\/site\\\/\",\"name\":\"NOTICIASMERCEDINAS.COM\",\"description\":\"Mercedes, Buenos Aires, Argentina\",\"publisher\":{\"@id\":\"https:\\\/\\\/noticiasmercedinas.com\\\/site\\\/#organization\"},\"potentialAction\":[{\"@type\":\"SearchAction\",\"target\":{\"@type\":\"EntryPoint\",\"urlTemplate\":\"https:\\\/\\\/noticiasmercedinas.com\\\/site\\\/?s={search_term_string}\"},\"query-input\":{\"@type\":\"PropertyValueSpecification\",\"valueRequired\":true,\"valueName\":\"search_term_string\"}}],\"inLanguage\":\"es\"},{\"@type\":\"Organization\",\"@id\":\"https:\\\/\\\/noticiasmercedinas.com\\\/site\\\/#organization\",\"name\":\"NOTICIASMERCEDINAS.COM\",\"url\":\"https:\\\/\\\/noticiasmercedinas.com\\\/site\\\/\",\"logo\":{\"@type\":\"ImageObject\",\"inLanguage\":\"es\",\"@id\":\"https:\\\/\\\/noticiasmercedinas.com\\\/site\\\/#\\\/schema\\\/logo\\\/image\\\/\",\"url\":\"https:\\\/\\\/noticiasmercedinas.com\\\/site\\\/wp-content\\\/uploads\\\/2020\\\/06\\\/LOGO-512.jpg\",\"contentUrl\":\"https:\\\/\\\/noticiasmercedinas.com\\\/site\\\/wp-content\\\/uploads\\\/2020\\\/06\\\/LOGO-512.jpg\",\"width\":512,\"height\":512,\"caption\":\"NOTICIASMERCEDINAS.COM\"},\"image\":{\"@id\":\"https:\\\/\\\/noticiasmercedinas.com\\\/site\\\/#\\\/schema\\\/logo\\\/image\\\/\"},\"sameAs\":[\"https:\\\/\\\/www.facebook.com\\\/noticiasmercedinas\\\/\",\"https:\\\/\\\/x.com\\\/notmercedinas\",\"https:\\\/\\\/www.instagram.com\\\/noticiasmercedinas\\\/\"]},{\"@type\":\"Person\",\"@id\":\"https:\\\/\\\/noticiasmercedinas.com\\\/site\\\/#\\\/schema\\\/person\\\/84b59c099c28ff2e8b77d4ceec5d8063\",\"name\":\"NOTICIASMERCEDINAS.COM\",\"image\":{\"@type\":\"ImageObject\",\"inLanguage\":\"es\",\"@id\":\"https:\\\/\\\/secure.gravatar.com\\\/avatar\\\/4dfbf16b4d17945bfb6341b2d19043457132fcf478a5ee04f42e959fd8f5df0a?s=96&d=mm&r=g\",\"url\":\"https:\\\/\\\/secure.gravatar.com\\\/avatar\\\/4dfbf16b4d17945bfb6341b2d19043457132fcf478a5ee04f42e959fd8f5df0a?s=96&d=mm&r=g\",\"contentUrl\":\"https:\\\/\\\/secure.gravatar.com\\\/avatar\\\/4dfbf16b4d17945bfb6341b2d19043457132fcf478a5ee04f42e959fd8f5df0a?s=96&d=mm&r=g\",\"caption\":\"NOTICIASMERCEDINAS.COM\"},\"url\":\"https:\\\/\\\/noticiasmercedinas.com\\\/site\\\/author\\\/anonimo\\\/\"}]}<\/script>\n<!-- \/ Yoast SEO plugin. -->","yoast_head_json":{"title":"Preocupan peligrosas maniobras de motos en avenidas: la UCR impulsa un plan de contingencia","description":"El proyecto presentado por el concejal Daniel Ivaldis pas\u00f3 a comisi\u00f3n para su an\u00e1lisis. Convocaron a las autoridades de seguridad municipales para evaluar la efectividad de los controles actuales ante el incremento de los denominados \"wheelies\" en los sem\u00e1foros.","robots":{"index":"index","follow":"follow","max-snippet":"max-snippet:-1","max-image-preview":"max-image-preview:large","max-video-preview":"max-video-preview:-1"},"canonical":"https:\/\/noticiasmercedinas.com\/site\/2026\/06\/29\/preocupan-peligrosas-maniobras-de-motos-en-avenidas-la-ucr-impulsa-un-plan-de-contingencia\/","og_locale":"es_ES","og_type":"article","og_title":"Preocupan peligrosas maniobras de motos en avenidas: la UCR impulsa un plan de contingencia","og_description":"El proyecto presentado por el concejal Daniel Ivaldis pas\u00f3 a comisi\u00f3n para su an\u00e1lisis. Convocaron a las autoridades de seguridad municipales para evaluar la efectividad de los controles actuales ante el incremento de los denominados \"wheelies\" en los sem\u00e1foros.","og_url":"https:\/\/noticiasmercedinas.com\/site\/2026\/06\/29\/preocupan-peligrosas-maniobras-de-motos-en-avenidas-la-ucr-impulsa-un-plan-de-contingencia\/","og_site_name":"NOTICIASMERCEDINAS.COM","article_publisher":"https:\/\/www.facebook.com\/noticiasmercedinas\/","article_published_time":"2026-06-29T17:39:25+00:00","article_modified_time":"2026-06-29T17:53:21+00:00","og_image":[{"width":656,"height":397,"url":"https:\/\/noticiasmercedinas.com\/site\/wp-content\/uploads\/2025\/12\/ivaldis-e1765320358396.jpeg","type":"image\/jpeg"}],"author":"NOTICIASMERCEDINAS.COM","twitter_card":"summary_large_image","twitter_creator":"@notmercedinas","twitter_site":"@notmercedinas","twitter_misc":{"Escrito por":"NOTICIASMERCEDINAS.COM","Tiempo de lectura":"3 minutos"},"schema":{"@context":"https:\/\/schema.org","@graph":[{"@type":"Article","@id":"https:\/\/noticiasmercedinas.com\/site\/2026\/06\/29\/preocupan-peligrosas-maniobras-de-motos-en-avenidas-la-ucr-impulsa-un-plan-de-contingencia\/#article","isPartOf":{"@id":"https:\/\/noticiasmercedinas.com\/site\/2026\/06\/29\/preocupan-peligrosas-maniobras-de-motos-en-avenidas-la-ucr-impulsa-un-plan-de-contingencia\/"},"author":{"name":"NOTICIASMERCEDINAS.COM","@id":"https:\/\/noticiasmercedinas.com\/site\/#\/schema\/person\/84b59c099c28ff2e8b77d4ceec5d8063"},"headline":"Preocupan peligrosas maniobras de motos en avenidas: la UCR impulsa un plan de contingencia","datePublished":"2026-06-29T17:39:25+00:00","dateModified":"2026-06-29T17:53:21+00:00","mainEntityOfPage":{"@id":"https:\/\/noticiasmercedinas.com\/site\/2026\/06\/29\/preocupan-peligrosas-maniobras-de-motos-en-avenidas-la-ucr-impulsa-un-plan-de-contingencia\/"},"wordCount":566,"publisher":{"@id":"https:\/\/noticiasmercedinas.com\/site\/#organization"},"image":{"@id":"https:\/\/noticiasmercedinas.com\/site\/2026\/06\/29\/preocupan-peligrosas-maniobras-de-motos-en-avenidas-la-ucr-impulsa-un-plan-de-contingencia\/#primaryimage"},"thumbnailUrl":"https:\/\/noticiasmercedinas.com\/site\/wp-content\/uploads\/2025\/12\/ivaldis-e1765320358396.jpeg","keywords":["concejo deliberante","Daniel Ivaldis","motos","Ucr"],"articleSection":["Politica","Ultimo momento"],"inLanguage":"es"},{"@type":"WebPage","@id":"https:\/\/noticiasmercedinas.com\/site\/2026\/06\/29\/preocupan-peligrosas-maniobras-de-motos-en-avenidas-la-ucr-impulsa-un-plan-de-contingencia\/","url":"https:\/\/noticiasmercedinas.com\/site\/2026\/06\/29\/preocupan-peligrosas-maniobras-de-motos-en-avenidas-la-ucr-impulsa-un-plan-de-contingencia\/","name":"Preocupan peligrosas maniobras de motos en avenidas: la UCR impulsa un plan de contingencia","isPartOf":{"@id":"https:\/\/noticiasmercedinas.com\/site\/#website"},"primaryImageOfPage":{"@id":"https:\/\/noticiasmercedinas.com\/site\/2026\/06\/29\/preocupan-peligrosas-maniobras-de-motos-en-avenidas-la-ucr-impulsa-un-plan-de-contingencia\/#primaryimage"},"image":{"@id":"https:\/\/noticiasmercedinas.com\/site\/2026\/06\/29\/preocupan-peligrosas-maniobras-de-motos-en-avenidas-la-ucr-impulsa-un-plan-de-contingencia\/#primaryimage"},"thumbnailUrl":"https:\/\/noticiasmercedinas.com\/site\/wp-content\/uploads\/2025\/12\/ivaldis-e1765320358396.jpeg","datePublished":"2026-06-29T17:39:25+00:00","dateModified":"2026-06-29T17:53:21+00:00","description":"El proyecto presentado por el concejal Daniel Ivaldis pas\u00f3 a comisi\u00f3n para su an\u00e1lisis. Convocaron a las autoridades de seguridad municipales para evaluar la efectividad de los controles actuales ante el incremento de los denominados \"wheelies\" en los sem\u00e1foros.","breadcrumb":{"@id":"https:\/\/noticiasmercedinas.com\/site\/2026\/06\/29\/preocupan-peligrosas-maniobras-de-motos-en-avenidas-la-ucr-impulsa-un-plan-de-contingencia\/#breadcrumb"},"inLanguage":"es","potentialAction":[{"@type":"ReadAction","target":["https:\/\/noticiasmercedinas.com\/site\/2026\/06\/29\/preocupan-peligrosas-maniobras-de-motos-en-avenidas-la-ucr-impulsa-un-plan-de-contingencia\/"]}]},{"@type":"ImageObject","inLanguage":"es","@id":"https:\/\/noticiasmercedinas.com\/site\/2026\/06\/29\/preocupan-peligrosas-maniobras-de-motos-en-avenidas-la-ucr-impulsa-un-plan-de-contingencia\/#primaryimage","url":"https:\/\/noticiasmercedinas.com\/site\/wp-content\/uploads\/2025\/12\/ivaldis-e1765320358396.jpeg","contentUrl":"https:\/\/noticiasmercedinas.com\/site\/wp-content\/uploads\/2025\/12\/ivaldis-e1765320358396.jpeg","width":656,"height":397},{"@type":"BreadcrumbList","@id":"https:\/\/noticiasmercedinas.com\/site\/2026\/06\/29\/preocupan-peligrosas-maniobras-de-motos-en-avenidas-la-ucr-impulsa-un-plan-de-contingencia\/#breadcrumb","itemListElement":[{"@type":"ListItem","position":1,"name":"Portada","item":"https:\/\/noticiasmercedinas.com\/site\/"},{"@type":"ListItem","position":2,"name":"Preocupan peligrosas maniobras de motos en avenidas: la UCR impulsa un plan de contingencia"}]},{"@type":"WebSite","@id":"https:\/\/noticiasmercedinas.com\/site\/#website","url":"https:\/\/noticiasmercedinas.com\/site\/","name":"NOTICIASMERCEDINAS.COM","description":"Mercedes, Buenos Aires, Argentina","publisher":{"@id":"https:\/\/noticiasmercedinas.com\/site\/#organization"},"potentialAction":[{"@type":"SearchAction","target":{"@type":"EntryPoint","urlTemplate":"https:\/\/noticiasmercedinas.com\/site\/?s={search_term_string}"},"query-input":{"@type":"PropertyValueSpecification","valueRequired":true,"valueName":"search_term_string"}}],"inLanguage":"es"},{"@type":"Organization","@id":"https:\/\/noticiasmercedinas.com\/site\/#organization","name":"NOTICIASMERCEDINAS.COM","url":"https:\/\/noticiasmercedinas.com\/site\/","logo":{"@type":"ImageObject","inLanguage":"es","@id":"https:\/\/noticiasmercedinas.com\/site\/#\/schema\/logo\/image\/","url":"https:\/\/noticiasmercedinas.com\/site\/wp-content\/uploads\/2020\/06\/LOGO-512.jpg","contentUrl":"https:\/\/noticiasmercedinas.com\/site\/wp-content\/uploads\/2020\/06\/LOGO-512.jpg","width":512,"height":512,"caption":"NOTICIASMERCEDINAS.COM"},"image":{"@id":"https:\/\/noticiasmercedinas.com\/site\/#\/schema\/logo\/image\/"},"sameAs":["https:\/\/www.facebook.com\/noticiasmercedinas\/","https:\/\/x.com\/notmercedinas","https:\/\/www.instagram.com\/noticiasmercedinas\/"]},{"@type":"Person","@id":"https:\/\/noticiasmercedinas.com\/site\/#\/schema\/person\/84b59c099c28ff2e8b77d4ceec5d8063","name":"NOTICIASMERCEDINAS.COM","image":{"@type":"ImageObject","inLanguage":"es","@id":"https:\/\/secure.gravatar.com\/avatar\/4dfbf16b4d17945bfb6341b2d19043457132fcf478a5ee04f42e959fd8f5df0a?s=96&d=mm&r=g","url":"https:\/\/secure.gravatar.com\/avatar\/4dfbf16b4d17945bfb6341b2d19043457132fcf478a5ee04f42e959fd8f5df0a?s=96&d=mm&r=g","contentUrl":"https:\/\/secure.gravatar.com\/avatar\/4dfbf16b4d17945bfb6341b2d19043457132fcf478a5ee04f42e959fd8f5df0a?s=96&d=mm&r=g","caption":"NOTICIASMERCEDINAS.COM"},"url":"https:\/\/noticiasmercedinas.com\/site\/author\/anonimo\/"}]}},"amp_enabled":true,"_links":{"self":[{"href":"https:\/\/noticiasmercedinas.com\/site\/wp-json\/wp\/v2\/posts\/189812","targetHints":{"allow":["GET"]}}],"collection":[{"href":"https:\/\/noticiasmercedinas.com\/site\/wp-json\/wp\/v2\/posts"}],"about":[{"href":"https:\/\/noticiasmercedinas.com\/site\/wp-json\/wp\/v2\/types\/post"}],"author":[{"embeddable":true,"href":"https:\/\/noticiasmercedinas.com\/site\/wp-json\/wp\/v2\/users\/16"}],"replies":[{"embeddable":true,"href":"https:\/\/noticiasmercedinas.com\/site\/wp-json\/wp\/v2\/comments?post=189812"}],"version-history":[{"count":1,"href":"https:\/\/noticiasmercedinas.com\/site\/wp-json\/wp\/v2\/posts\/189812\/revisions"}],"predecessor-version":[{"id":189813,"href":"https:\/\/noticiasmercedinas.com\/site\/wp-json\/wp\/v2\/posts\/189812\/revisions\/189813"}],"wp:featuredmedia":[{"embeddable":true,"href":"https:\/\/noticiasmercedinas.com\/site\/wp-json\/wp\/v2\/media\/176370"}],"wp:attachment":[{"href":"https:\/\/noticiasmercedinas.com\/site\/wp-json\/wp\/v2\/media?parent=189812"}],"wp:term":[{"taxonomy":"category","embeddable":true,"href":"https:\/\/noticiasmercedinas.com\/site\/wp-json\/wp\/v2\/categories?post=189812"},{"taxonomy":"post_tag","embeddable":true,"href":"https:\/\/noticiasmercedinas.com\/site\/wp-json\/wp\/v2\/tags?post=189812"}],"curies":[{"name":"wp","href":"https:\/\/api.w.org\/{rel}","templated":true}]}}