{"id":189866,"date":"2026-06-30T11:51:11","date_gmt":"2026-06-30T14:51:11","guid":{"rendered":"https:\/\/noticiasmercedinas.com\/site\/?p=189866"},"modified":"2026-06-30T11:51:11","modified_gmt":"2026-06-30T14:51:11","slug":"el-libro-memoria-para-la-libertad-representara-a-mercedes-en-la-22-feria-del-libro-de-jujuy","status":"publish","type":"post","link":"https:\/\/noticiasmercedinas.com\/site\/2026\/06\/30\/el-libro-memoria-para-la-libertad-representara-a-mercedes-en-la-22-feria-del-libro-de-jujuy\/","title":{"rendered":"El libro \u00abMemoria para la Libertad\u00bb representar\u00e1 a Mercedes en la 22\u00b0 Feria del Libro de Jujuy"},"content":{"rendered":"<p dir=\"ltr\"><img loading=\"lazy\" decoding=\"async\" class=\"alignnone size-full wp-image-189868\" src=\"https:\/\/noticiasmercedinas.com\/site\/wp-content\/uploads\/2026\/06\/FB_IMG_1782830623023.jpg\" alt=\"\" width=\"720\" height=\"720\" srcset=\"https:\/\/noticiasmercedinas.com\/site\/wp-content\/uploads\/2026\/06\/FB_IMG_1782830623023.jpg 720w, https:\/\/noticiasmercedinas.com\/site\/wp-content\/uploads\/2026\/06\/FB_IMG_1782830623023-300x300.jpg 300w, https:\/\/noticiasmercedinas.com\/site\/wp-content\/uploads\/2026\/06\/FB_IMG_1782830623023-150x150.jpg 150w, https:\/\/noticiasmercedinas.com\/site\/wp-content\/uploads\/2026\/06\/FB_IMG_1782830623023-640x640.jpg 640w, https:\/\/noticiasmercedinas.com\/site\/wp-content\/uploads\/2026\/06\/FB_IMG_1782830623023-681x681.jpg 681w\" sizes=\"auto, (max-width: 720px) 100vw, 720px\" \/>\u200b<\/p>\n<p dir=\"ltr\">Una gran noticia para la cultura y los proyectos de inclusi\u00f3n local se conoci\u00f3 en las \u00faltimas horas.<\/p>\n<p dir=\"ltr\">El libro <b>\u00abMemoria para la Libertad\u00bb<\/b> fue seleccionado para formar parte de la <b>22\u00b0 Feria del Libro de Jujuy<\/b>, que este a\u00f1o lleva como lema \u00abLas memorias a escena\u00bb. La encargada de coordinar y presentar la obra en el norte argentino ser\u00e1 su impulsora, <b>Luc\u00eda Lascano<\/b>.<\/p>\n<p dir=\"ltr\">\u200bLa obra en cuesti\u00f3n es un emotivo compilado de dibujos y poes\u00edas que giran en torno a los ejes de <b>Memoria, Verdad y Justicia<\/b>.<\/p>\n<p dir=\"ltr\">Lo destacable del proyecto es su origen: fue \u00edntegramente creado por las personas privadas de su libertad que integran el <b>Pabell\u00f3n Literario \u00abReconstruyendo sue\u00f1os\u00bb<\/b> de la <b>Unidad Penitenciaria N\u00b0 5 de Mercedes<\/b>.<\/p>\n<h3 dir=\"ltr\">\u200bUn proceso colectivo de dos a\u00f1os<\/h3>\n<p dir=\"ltr\">\u200b\u00bbFue mucho el trabajo. Fueron algo m\u00e1s de dos a\u00f1os en los que una vez por semana nos encontr\u00e1bamos a leer, escribir, jugar, debatir, charlar\u00bb, repas\u00f3 con emoci\u00f3n Lascano al dar a conocer la convocatoria.<\/p>\n<p dir=\"ltr\">\u200bLa coordinadora del espacio puso especial \u00e9nfasis en el impacto subjetivo que el taller tiene en la poblaci\u00f3n del penal, y replic\u00f3 el testimonio de uno de los internos:<\/p>\n<p dir=\"ltr\">\u200b\u00bbHace unos d\u00edas Juan me dijo que el Pabell\u00f3n Literario lo ayud\u00f3 a pensar mejor. Dijo que leer, escribir, conocer palabras lo ayud\u00f3 a entender lo que sent\u00eda, lo que pensaba y a ampliar sus pensamientos. Creo que no hace falta agregar nada m\u00e1s a eso\u00bb.<\/p>\n<p dir=\"ltr\">\u200bLa realizaci\u00f3n de \u00abMemoria para la Libertad\u00bb fue posible gracias al compromiso diario de los internos, entre ellos Juancito Su\u00e1rez y Marcelo, y al respaldo institucional. El libro fue editado por el <b>Ministerio de Justicia de la Provincia de Buenos Aires<\/b>, y cont\u00f3 con el apoyo fundamental de la <b>Municipalidad de Mercedes<\/b> y del <b>Servicio Penitenciario Bonaerense<\/b>.<\/p>\n<h3 dir=\"ltr\">\u200bAgradecimientos<\/h3>\n<p dir=\"ltr\">\u200bAl momento de celebrar esta participaci\u00f3n federal, Lascano hizo extensivo el agradecimiento a las autoridades y allegados que acompa\u00f1aron el proceso y sostuvieron el espacio de taller a lo largo del tiempo, mencionando a Celeste Burone, Roberto Conti, Julia Lescano, Juan Collazo, Clara Zunino, Paola Di Silverio y Sergio Carini, como as\u00ed tambi\u00e9n el sost\u00e9n humano de Juan, Marcelo y Nilda en el d\u00eda a d\u00eda.<\/p>\n<p dir=\"ltr\">\u200b\u00bbPrometo no s\u00f3lo llevar la experiencia de lo que fue, sino de lo que permanece\u00bb, concluy\u00f3 de cara al viaje a Jujuy.<\/p>\n","protected":false},"excerpt":{"rendered":"<p>La obra, que compila producciones de internos de la Unidad Penitenciaria N\u00b0 5, fue seleccionada para participar del prestigioso evento norte\u00f1o. El proyecto demand\u00f3 m\u00e1s de dos a\u00f1os de talleres literarios semanales dentro del penal.<\/p>\n","protected":false},"author":16,"featured_media":189868,"comment_status":"closed","ping_status":"closed","sticky":false,"template":"","format":"standard","meta":{"footnotes":""},"categories":[4],"tags":[85,9043,525],"class_list":["post-189866","post","type-post","status-publish","format-standard","has-post-thumbnail","hentry","category-cultura","tag-literatura","tag-lucia-lascano","tag-unidad-penal-5"],"yoast_head":"<!-- This site is optimized with the Yoast SEO plugin v28.3 - https:\/\/yoast.com\/product\/yoast-seo-wordpress\/ -->\n<title>El libro &quot;Memoria para la Libertad&quot; representar\u00e1 a Mercedes en la 22\u00b0 Feria del Libro de Jujuy<\/title>\n<meta name=\"description\" content=\"La obra, que compila producciones de internos de la Unidad Penitenciaria N\u00b0 5, fue seleccionada para participar del prestigioso evento norte\u00f1o. El proyecto demand\u00f3 m\u00e1s de dos a\u00f1os de talleres literarios semanales dentro del penal.\" \/>\n<meta name=\"robots\" content=\"index, follow, max-snippet:-1, max-image-preview:large, max-video-preview:-1\" \/>\n<link rel=\"canonical\" href=\"https:\/\/noticiasmercedinas.com\/site\/2026\/06\/30\/el-libro-memoria-para-la-libertad-representara-a-mercedes-en-la-22-feria-del-libro-de-jujuy\/\" \/>\n<meta property=\"og:locale\" content=\"es_ES\" \/>\n<meta property=\"og:type\" content=\"article\" \/>\n<meta property=\"og:title\" content=\"El libro &quot;Memoria para la Libertad&quot; representar\u00e1 a Mercedes en la 22\u00b0 Feria del Libro de Jujuy\" \/>\n<meta property=\"og:description\" content=\"La obra, que compila producciones de internos de la Unidad Penitenciaria N\u00b0 5, fue seleccionada para participar del prestigioso evento norte\u00f1o. El proyecto demand\u00f3 m\u00e1s de dos a\u00f1os de talleres literarios semanales dentro del penal.\" \/>\n<meta property=\"og:url\" content=\"https:\/\/noticiasmercedinas.com\/site\/2026\/06\/30\/el-libro-memoria-para-la-libertad-representara-a-mercedes-en-la-22-feria-del-libro-de-jujuy\/\" \/>\n<meta property=\"og:site_name\" content=\"NOTICIASMERCEDINAS.COM\" \/>\n<meta property=\"article:publisher\" content=\"https:\/\/www.facebook.com\/noticiasmercedinas\/\" \/>\n<meta property=\"article:published_time\" content=\"2026-06-30T14:51:11+00:00\" \/>\n<meta property=\"og:image\" content=\"https:\/\/noticiasmercedinas.com\/site\/wp-content\/uploads\/2026\/06\/FB_IMG_1782830623023.jpg\" \/>\n\t<meta property=\"og:image:width\" content=\"720\" \/>\n\t<meta property=\"og:image:height\" content=\"720\" \/>\n\t<meta property=\"og:image:type\" content=\"image\/jpeg\" \/>\n<meta name=\"author\" content=\"NOTICIASMERCEDINAS.COM\" \/>\n<meta name=\"twitter:card\" content=\"summary_large_image\" \/>\n<meta name=\"twitter:creator\" content=\"@notmercedinas\" \/>\n<meta name=\"twitter:site\" content=\"@notmercedinas\" \/>\n<meta name=\"twitter:label1\" content=\"Escrito por\" \/>\n\t<meta name=\"twitter:data1\" content=\"NOTICIASMERCEDINAS.COM\" \/>\n\t<meta name=\"twitter:label2\" content=\"Tiempo de lectura\" \/>\n\t<meta name=\"twitter:data2\" content=\"3 minutos\" \/>\n<script type=\"application\/ld+json\" class=\"yoast-schema-graph\">{\"@context\":\"https:\\\/\\\/schema.org\",\"@graph\":[{\"@type\":\"Article\",\"@id\":\"https:\\\/\\\/noticiasmercedinas.com\\\/site\\\/2026\\\/06\\\/30\\\/el-libro-memoria-para-la-libertad-representara-a-mercedes-en-la-22-feria-del-libro-de-jujuy\\\/#article\",\"isPartOf\":{\"@id\":\"https:\\\/\\\/noticiasmercedinas.com\\\/site\\\/2026\\\/06\\\/30\\\/el-libro-memoria-para-la-libertad-representara-a-mercedes-en-la-22-feria-del-libro-de-jujuy\\\/\"},\"author\":{\"name\":\"NOTICIASMERCEDINAS.COM\",\"@id\":\"https:\\\/\\\/noticiasmercedinas.com\\\/site\\\/#\\\/schema\\\/person\\\/84b59c099c28ff2e8b77d4ceec5d8063\"},\"headline\":\"El libro \u00abMemoria para la Libertad\u00bb representar\u00e1 a Mercedes en la 22\u00b0 Feria del Libro de Jujuy\",\"datePublished\":\"2026-06-30T14:51:11+00:00\",\"mainEntityOfPage\":{\"@id\":\"https:\\\/\\\/noticiasmercedinas.com\\\/site\\\/2026\\\/06\\\/30\\\/el-libro-memoria-para-la-libertad-representara-a-mercedes-en-la-22-feria-del-libro-de-jujuy\\\/\"},\"wordCount\":422,\"publisher\":{\"@id\":\"https:\\\/\\\/noticiasmercedinas.com\\\/site\\\/#organization\"},\"image\":{\"@id\":\"https:\\\/\\\/noticiasmercedinas.com\\\/site\\\/2026\\\/06\\\/30\\\/el-libro-memoria-para-la-libertad-representara-a-mercedes-en-la-22-feria-del-libro-de-jujuy\\\/#primaryimage\"},\"thumbnailUrl\":\"https:\\\/\\\/noticiasmercedinas.com\\\/site\\\/wp-content\\\/uploads\\\/2026\\\/06\\\/FB_IMG_1782830623023.jpg\",\"keywords\":[\"literatura\",\"lucia lascano\",\"unidad penal 5\"],\"articleSection\":[\"Cultura\"],\"inLanguage\":\"es\"},{\"@type\":\"WebPage\",\"@id\":\"https:\\\/\\\/noticiasmercedinas.com\\\/site\\\/2026\\\/06\\\/30\\\/el-libro-memoria-para-la-libertad-representara-a-mercedes-en-la-22-feria-del-libro-de-jujuy\\\/\",\"url\":\"https:\\\/\\\/noticiasmercedinas.com\\\/site\\\/2026\\\/06\\\/30\\\/el-libro-memoria-para-la-libertad-representara-a-mercedes-en-la-22-feria-del-libro-de-jujuy\\\/\",\"name\":\"El libro \\\"Memoria para la Libertad\\\" representar\u00e1 a Mercedes en la 22\u00b0 Feria del Libro de Jujuy\",\"isPartOf\":{\"@id\":\"https:\\\/\\\/noticiasmercedinas.com\\\/site\\\/#website\"},\"primaryImageOfPage\":{\"@id\":\"https:\\\/\\\/noticiasmercedinas.com\\\/site\\\/2026\\\/06\\\/30\\\/el-libro-memoria-para-la-libertad-representara-a-mercedes-en-la-22-feria-del-libro-de-jujuy\\\/#primaryimage\"},\"image\":{\"@id\":\"https:\\\/\\\/noticiasmercedinas.com\\\/site\\\/2026\\\/06\\\/30\\\/el-libro-memoria-para-la-libertad-representara-a-mercedes-en-la-22-feria-del-libro-de-jujuy\\\/#primaryimage\"},\"thumbnailUrl\":\"https:\\\/\\\/noticiasmercedinas.com\\\/site\\\/wp-content\\\/uploads\\\/2026\\\/06\\\/FB_IMG_1782830623023.jpg\",\"datePublished\":\"2026-06-30T14:51:11+00:00\",\"description\":\"La obra, que compila producciones de internos de la Unidad Penitenciaria N\u00b0 5, fue seleccionada para participar del prestigioso evento norte\u00f1o. El proyecto demand\u00f3 m\u00e1s de dos a\u00f1os de talleres literarios semanales dentro del penal.\",\"breadcrumb\":{\"@id\":\"https:\\\/\\\/noticiasmercedinas.com\\\/site\\\/2026\\\/06\\\/30\\\/el-libro-memoria-para-la-libertad-representara-a-mercedes-en-la-22-feria-del-libro-de-jujuy\\\/#breadcrumb\"},\"inLanguage\":\"es\",\"potentialAction\":[{\"@type\":\"ReadAction\",\"target\":[\"https:\\\/\\\/noticiasmercedinas.com\\\/site\\\/2026\\\/06\\\/30\\\/el-libro-memoria-para-la-libertad-representara-a-mercedes-en-la-22-feria-del-libro-de-jujuy\\\/\"]}]},{\"@type\":\"ImageObject\",\"inLanguage\":\"es\",\"@id\":\"https:\\\/\\\/noticiasmercedinas.com\\\/site\\\/2026\\\/06\\\/30\\\/el-libro-memoria-para-la-libertad-representara-a-mercedes-en-la-22-feria-del-libro-de-jujuy\\\/#primaryimage\",\"url\":\"https:\\\/\\\/noticiasmercedinas.com\\\/site\\\/wp-content\\\/uploads\\\/2026\\\/06\\\/FB_IMG_1782830623023.jpg\",\"contentUrl\":\"https:\\\/\\\/noticiasmercedinas.com\\\/site\\\/wp-content\\\/uploads\\\/2026\\\/06\\\/FB_IMG_1782830623023.jpg\",\"width\":720,\"height\":720},{\"@type\":\"BreadcrumbList\",\"@id\":\"https:\\\/\\\/noticiasmercedinas.com\\\/site\\\/2026\\\/06\\\/30\\\/el-libro-memoria-para-la-libertad-representara-a-mercedes-en-la-22-feria-del-libro-de-jujuy\\\/#breadcrumb\",\"itemListElement\":[{\"@type\":\"ListItem\",\"position\":1,\"name\":\"Portada\",\"item\":\"https:\\\/\\\/noticiasmercedinas.com\\\/site\\\/\"},{\"@type\":\"ListItem\",\"position\":2,\"name\":\"El libro \u00abMemoria para la Libertad\u00bb representar\u00e1 a Mercedes en la 22\u00b0 Feria del Libro de Jujuy\"}]},{\"@type\":\"WebSite\",\"@id\":\"https:\\\/\\\/noticiasmercedinas.com\\\/site\\\/#website\",\"url\":\"https:\\\/\\\/noticiasmercedinas.com\\\/site\\\/\",\"name\":\"NOTICIASMERCEDINAS.COM\",\"description\":\"Mercedes, Buenos Aires, Argentina\",\"publisher\":{\"@id\":\"https:\\\/\\\/noticiasmercedinas.com\\\/site\\\/#organization\"},\"potentialAction\":[{\"@type\":\"SearchAction\",\"target\":{\"@type\":\"EntryPoint\",\"urlTemplate\":\"https:\\\/\\\/noticiasmercedinas.com\\\/site\\\/?s={search_term_string}\"},\"query-input\":{\"@type\":\"PropertyValueSpecification\",\"valueRequired\":true,\"valueName\":\"search_term_string\"}}],\"inLanguage\":\"es\"},{\"@type\":\"Organization\",\"@id\":\"https:\\\/\\\/noticiasmercedinas.com\\\/site\\\/#organization\",\"name\":\"NOTICIASMERCEDINAS.COM\",\"url\":\"https:\\\/\\\/noticiasmercedinas.com\\\/site\\\/\",\"logo\":{\"@type\":\"ImageObject\",\"inLanguage\":\"es\",\"@id\":\"https:\\\/\\\/noticiasmercedinas.com\\\/site\\\/#\\\/schema\\\/logo\\\/image\\\/\",\"url\":\"https:\\\/\\\/noticiasmercedinas.com\\\/site\\\/wp-content\\\/uploads\\\/2020\\\/06\\\/LOGO-512.jpg\",\"contentUrl\":\"https:\\\/\\\/noticiasmercedinas.com\\\/site\\\/wp-content\\\/uploads\\\/2020\\\/06\\\/LOGO-512.jpg\",\"width\":512,\"height\":512,\"caption\":\"NOTICIASMERCEDINAS.COM\"},\"image\":{\"@id\":\"https:\\\/\\\/noticiasmercedinas.com\\\/site\\\/#\\\/schema\\\/logo\\\/image\\\/\"},\"sameAs\":[\"https:\\\/\\\/www.facebook.com\\\/noticiasmercedinas\\\/\",\"https:\\\/\\\/x.com\\\/notmercedinas\",\"https:\\\/\\\/www.instagram.com\\\/noticiasmercedinas\\\/\"]},{\"@type\":\"Person\",\"@id\":\"https:\\\/\\\/noticiasmercedinas.com\\\/site\\\/#\\\/schema\\\/person\\\/84b59c099c28ff2e8b77d4ceec5d8063\",\"name\":\"NOTICIASMERCEDINAS.COM\",\"image\":{\"@type\":\"ImageObject\",\"inLanguage\":\"es\",\"@id\":\"https:\\\/\\\/secure.gravatar.com\\\/avatar\\\/4dfbf16b4d17945bfb6341b2d19043457132fcf478a5ee04f42e959fd8f5df0a?s=96&d=mm&r=g\",\"url\":\"https:\\\/\\\/secure.gravatar.com\\\/avatar\\\/4dfbf16b4d17945bfb6341b2d19043457132fcf478a5ee04f42e959fd8f5df0a?s=96&d=mm&r=g\",\"contentUrl\":\"https:\\\/\\\/secure.gravatar.com\\\/avatar\\\/4dfbf16b4d17945bfb6341b2d19043457132fcf478a5ee04f42e959fd8f5df0a?s=96&d=mm&r=g\",\"caption\":\"NOTICIASMERCEDINAS.COM\"},\"url\":\"https:\\\/\\\/noticiasmercedinas.com\\\/site\\\/author\\\/anonimo\\\/\"}]}<\/script>\n<!-- \/ Yoast SEO plugin. -->","yoast_head_json":{"title":"El libro \"Memoria para la Libertad\" representar\u00e1 a Mercedes en la 22\u00b0 Feria del Libro de Jujuy","description":"La obra, que compila producciones de internos de la Unidad Penitenciaria N\u00b0 5, fue seleccionada para participar del prestigioso evento norte\u00f1o. El proyecto demand\u00f3 m\u00e1s de dos a\u00f1os de talleres literarios semanales dentro del penal.","robots":{"index":"index","follow":"follow","max-snippet":"max-snippet:-1","max-image-preview":"max-image-preview:large","max-video-preview":"max-video-preview:-1"},"canonical":"https:\/\/noticiasmercedinas.com\/site\/2026\/06\/30\/el-libro-memoria-para-la-libertad-representara-a-mercedes-en-la-22-feria-del-libro-de-jujuy\/","og_locale":"es_ES","og_type":"article","og_title":"El libro \"Memoria para la Libertad\" representar\u00e1 a Mercedes en la 22\u00b0 Feria del Libro de Jujuy","og_description":"La obra, que compila producciones de internos de la Unidad Penitenciaria N\u00b0 5, fue seleccionada para participar del prestigioso evento norte\u00f1o. El proyecto demand\u00f3 m\u00e1s de dos a\u00f1os de talleres literarios semanales dentro del penal.","og_url":"https:\/\/noticiasmercedinas.com\/site\/2026\/06\/30\/el-libro-memoria-para-la-libertad-representara-a-mercedes-en-la-22-feria-del-libro-de-jujuy\/","og_site_name":"NOTICIASMERCEDINAS.COM","article_publisher":"https:\/\/www.facebook.com\/noticiasmercedinas\/","article_published_time":"2026-06-30T14:51:11+00:00","og_image":[{"width":720,"height":720,"url":"https:\/\/noticiasmercedinas.com\/site\/wp-content\/uploads\/2026\/06\/FB_IMG_1782830623023.jpg","type":"image\/jpeg"}],"author":"NOTICIASMERCEDINAS.COM","twitter_card":"summary_large_image","twitter_creator":"@notmercedinas","twitter_site":"@notmercedinas","twitter_misc":{"Escrito por":"NOTICIASMERCEDINAS.COM","Tiempo de lectura":"3 minutos"},"schema":{"@context":"https:\/\/schema.org","@graph":[{"@type":"Article","@id":"https:\/\/noticiasmercedinas.com\/site\/2026\/06\/30\/el-libro-memoria-para-la-libertad-representara-a-mercedes-en-la-22-feria-del-libro-de-jujuy\/#article","isPartOf":{"@id":"https:\/\/noticiasmercedinas.com\/site\/2026\/06\/30\/el-libro-memoria-para-la-libertad-representara-a-mercedes-en-la-22-feria-del-libro-de-jujuy\/"},"author":{"name":"NOTICIASMERCEDINAS.COM","@id":"https:\/\/noticiasmercedinas.com\/site\/#\/schema\/person\/84b59c099c28ff2e8b77d4ceec5d8063"},"headline":"El libro \u00abMemoria para la Libertad\u00bb representar\u00e1 a Mercedes en la 22\u00b0 Feria del Libro de Jujuy","datePublished":"2026-06-30T14:51:11+00:00","mainEntityOfPage":{"@id":"https:\/\/noticiasmercedinas.com\/site\/2026\/06\/30\/el-libro-memoria-para-la-libertad-representara-a-mercedes-en-la-22-feria-del-libro-de-jujuy\/"},"wordCount":422,"publisher":{"@id":"https:\/\/noticiasmercedinas.com\/site\/#organization"},"image":{"@id":"https:\/\/noticiasmercedinas.com\/site\/2026\/06\/30\/el-libro-memoria-para-la-libertad-representara-a-mercedes-en-la-22-feria-del-libro-de-jujuy\/#primaryimage"},"thumbnailUrl":"https:\/\/noticiasmercedinas.com\/site\/wp-content\/uploads\/2026\/06\/FB_IMG_1782830623023.jpg","keywords":["literatura","lucia lascano","unidad penal 5"],"articleSection":["Cultura"],"inLanguage":"es"},{"@type":"WebPage","@id":"https:\/\/noticiasmercedinas.com\/site\/2026\/06\/30\/el-libro-memoria-para-la-libertad-representara-a-mercedes-en-la-22-feria-del-libro-de-jujuy\/","url":"https:\/\/noticiasmercedinas.com\/site\/2026\/06\/30\/el-libro-memoria-para-la-libertad-representara-a-mercedes-en-la-22-feria-del-libro-de-jujuy\/","name":"El libro \"Memoria para la Libertad\" representar\u00e1 a Mercedes en la 22\u00b0 Feria del Libro de Jujuy","isPartOf":{"@id":"https:\/\/noticiasmercedinas.com\/site\/#website"},"primaryImageOfPage":{"@id":"https:\/\/noticiasmercedinas.com\/site\/2026\/06\/30\/el-libro-memoria-para-la-libertad-representara-a-mercedes-en-la-22-feria-del-libro-de-jujuy\/#primaryimage"},"image":{"@id":"https:\/\/noticiasmercedinas.com\/site\/2026\/06\/30\/el-libro-memoria-para-la-libertad-representara-a-mercedes-en-la-22-feria-del-libro-de-jujuy\/#primaryimage"},"thumbnailUrl":"https:\/\/noticiasmercedinas.com\/site\/wp-content\/uploads\/2026\/06\/FB_IMG_1782830623023.jpg","datePublished":"2026-06-30T14:51:11+00:00","description":"La obra, que compila producciones de internos de la Unidad Penitenciaria N\u00b0 5, fue seleccionada para participar del prestigioso evento norte\u00f1o. El proyecto demand\u00f3 m\u00e1s de dos a\u00f1os de talleres literarios semanales dentro del penal.","breadcrumb":{"@id":"https:\/\/noticiasmercedinas.com\/site\/2026\/06\/30\/el-libro-memoria-para-la-libertad-representara-a-mercedes-en-la-22-feria-del-libro-de-jujuy\/#breadcrumb"},"inLanguage":"es","potentialAction":[{"@type":"ReadAction","target":["https:\/\/noticiasmercedinas.com\/site\/2026\/06\/30\/el-libro-memoria-para-la-libertad-representara-a-mercedes-en-la-22-feria-del-libro-de-jujuy\/"]}]},{"@type":"ImageObject","inLanguage":"es","@id":"https:\/\/noticiasmercedinas.com\/site\/2026\/06\/30\/el-libro-memoria-para-la-libertad-representara-a-mercedes-en-la-22-feria-del-libro-de-jujuy\/#primaryimage","url":"https:\/\/noticiasmercedinas.com\/site\/wp-content\/uploads\/2026\/06\/FB_IMG_1782830623023.jpg","contentUrl":"https:\/\/noticiasmercedinas.com\/site\/wp-content\/uploads\/2026\/06\/FB_IMG_1782830623023.jpg","width":720,"height":720},{"@type":"BreadcrumbList","@id":"https:\/\/noticiasmercedinas.com\/site\/2026\/06\/30\/el-libro-memoria-para-la-libertad-representara-a-mercedes-en-la-22-feria-del-libro-de-jujuy\/#breadcrumb","itemListElement":[{"@type":"ListItem","position":1,"name":"Portada","item":"https:\/\/noticiasmercedinas.com\/site\/"},{"@type":"ListItem","position":2,"name":"El libro \u00abMemoria para la Libertad\u00bb representar\u00e1 a Mercedes en la 22\u00b0 Feria del Libro de Jujuy"}]},{"@type":"WebSite","@id":"https:\/\/noticiasmercedinas.com\/site\/#website","url":"https:\/\/noticiasmercedinas.com\/site\/","name":"NOTICIASMERCEDINAS.COM","description":"Mercedes, Buenos Aires, Argentina","publisher":{"@id":"https:\/\/noticiasmercedinas.com\/site\/#organization"},"potentialAction":[{"@type":"SearchAction","target":{"@type":"EntryPoint","urlTemplate":"https:\/\/noticiasmercedinas.com\/site\/?s={search_term_string}"},"query-input":{"@type":"PropertyValueSpecification","valueRequired":true,"valueName":"search_term_string"}}],"inLanguage":"es"},{"@type":"Organization","@id":"https:\/\/noticiasmercedinas.com\/site\/#organization","name":"NOTICIASMERCEDINAS.COM","url":"https:\/\/noticiasmercedinas.com\/site\/","logo":{"@type":"ImageObject","inLanguage":"es","@id":"https:\/\/noticiasmercedinas.com\/site\/#\/schema\/logo\/image\/","url":"https:\/\/noticiasmercedinas.com\/site\/wp-content\/uploads\/2020\/06\/LOGO-512.jpg","contentUrl":"https:\/\/noticiasmercedinas.com\/site\/wp-content\/uploads\/2020\/06\/LOGO-512.jpg","width":512,"height":512,"caption":"NOTICIASMERCEDINAS.COM"},"image":{"@id":"https:\/\/noticiasmercedinas.com\/site\/#\/schema\/logo\/image\/"},"sameAs":["https:\/\/www.facebook.com\/noticiasmercedinas\/","https:\/\/x.com\/notmercedinas","https:\/\/www.instagram.com\/noticiasmercedinas\/"]},{"@type":"Person","@id":"https:\/\/noticiasmercedinas.com\/site\/#\/schema\/person\/84b59c099c28ff2e8b77d4ceec5d8063","name":"NOTICIASMERCEDINAS.COM","image":{"@type":"ImageObject","inLanguage":"es","@id":"https:\/\/secure.gravatar.com\/avatar\/4dfbf16b4d17945bfb6341b2d19043457132fcf478a5ee04f42e959fd8f5df0a?s=96&d=mm&r=g","url":"https:\/\/secure.gravatar.com\/avatar\/4dfbf16b4d17945bfb6341b2d19043457132fcf478a5ee04f42e959fd8f5df0a?s=96&d=mm&r=g","contentUrl":"https:\/\/secure.gravatar.com\/avatar\/4dfbf16b4d17945bfb6341b2d19043457132fcf478a5ee04f42e959fd8f5df0a?s=96&d=mm&r=g","caption":"NOTICIASMERCEDINAS.COM"},"url":"https:\/\/noticiasmercedinas.com\/site\/author\/anonimo\/"}]}},"amp_enabled":true,"_links":{"self":[{"href":"https:\/\/noticiasmercedinas.com\/site\/wp-json\/wp\/v2\/posts\/189866","targetHints":{"allow":["GET"]}}],"collection":[{"href":"https:\/\/noticiasmercedinas.com\/site\/wp-json\/wp\/v2\/posts"}],"about":[{"href":"https:\/\/noticiasmercedinas.com\/site\/wp-json\/wp\/v2\/types\/post"}],"author":[{"embeddable":true,"href":"https:\/\/noticiasmercedinas.com\/site\/wp-json\/wp\/v2\/users\/16"}],"replies":[{"embeddable":true,"href":"https:\/\/noticiasmercedinas.com\/site\/wp-json\/wp\/v2\/comments?post=189866"}],"version-history":[{"count":2,"href":"https:\/\/noticiasmercedinas.com\/site\/wp-json\/wp\/v2\/posts\/189866\/revisions"}],"predecessor-version":[{"id":189869,"href":"https:\/\/noticiasmercedinas.com\/site\/wp-json\/wp\/v2\/posts\/189866\/revisions\/189869"}],"wp:featuredmedia":[{"embeddable":true,"href":"https:\/\/noticiasmercedinas.com\/site\/wp-json\/wp\/v2\/media\/189868"}],"wp:attachment":[{"href":"https:\/\/noticiasmercedinas.com\/site\/wp-json\/wp\/v2\/media?parent=189866"}],"wp:term":[{"taxonomy":"category","embeddable":true,"href":"https:\/\/noticiasmercedinas.com\/site\/wp-json\/wp\/v2\/categories?post=189866"},{"taxonomy":"post_tag","embeddable":true,"href":"https:\/\/noticiasmercedinas.com\/site\/wp-json\/wp\/v2\/tags?post=189866"}],"curies":[{"name":"wp","href":"https:\/\/api.w.org\/{rel}","templated":true}]}}