{"id":190086,"date":"2026-07-03T09:10:53","date_gmt":"2026-07-03T12:10:53","guid":{"rendered":"https:\/\/noticiasmercedinas.com\/site\/?p=190086"},"modified":"2026-07-03T09:11:07","modified_gmt":"2026-07-03T12:11:07","slug":"presentaron-las-tutorias-de-uba-xxi-para-articular-el-paso-a-la-universidad-publica","status":"publish","type":"post","link":"https:\/\/noticiasmercedinas.com\/site\/2026\/07\/03\/presentaron-las-tutorias-de-uba-xxi-para-articular-el-paso-a-la-universidad-publica\/","title":{"rendered":"Presentaron las tutor\u00edas de UBA XXI para articular el paso a la universidad p\u00fablica"},"content":{"rendered":"<p data-path-to-node=\"0\"><img loading=\"lazy\" decoding=\"async\" class=\"alignnone size-full wp-image-190087\" src=\"https:\/\/noticiasmercedinas.com\/site\/wp-content\/uploads\/2026\/07\/superior.jpg\" alt=\"\" width=\"640\" height=\"421\" srcset=\"https:\/\/noticiasmercedinas.com\/site\/wp-content\/uploads\/2026\/07\/superior.jpg 640w, https:\/\/noticiasmercedinas.com\/site\/wp-content\/uploads\/2026\/07\/superior-300x197.jpg 300w\" sizes=\"auto, (max-width: 640px) 100vw, 640px\" \/><\/p>\n<p data-path-to-node=\"3\">La Municipalidad de Mercedes, en articulaci\u00f3n con los equipos acad\u00e9micos locales, concret\u00f3 una serie de jornadas de difusi\u00f3n del programa UBA XXI destinadas a los estudiantes del Colegio Nacional \u00abFlorentino Ameghino\u00bb.<\/p>\n<p data-path-to-node=\"3\">Las charlas informativas, desarrolladas de manera consecutiva durante los turnos ma\u00f1ana y tarde, apuntan a consolidar las herramientas de orientaci\u00f3n vocacional y facilitar la transici\u00f3n de los j\u00f3venes mercedinos hacia la educaci\u00f3n superior de gesti\u00f3n estatal.<\/p>\n<blockquote>\n<p data-path-to-node=\"3\">El equipo de tutores locales del programa de la Universidad de Buenos Aires dict\u00f3 charlas informativas para estudiantes de ambos turnos de la escuela secundaria. El objetivo del municipio es acercar el nivel superior a los j\u00f3venes de la ciudad antes de finalizar sus estudios obligatorios.<\/p>\n<\/blockquote>\n<p data-path-to-node=\"4\">El encuentro estuvo coordinado por los tutores locales del programa de la Universidad de Buenos Aires (UBA): Marina Chamer, Hern\u00e1n Jaime y Carolina Pisoni. Los profesionales compartieron sus experiencias t\u00e9cnicas frente a las comisiones escolares y brindaron detalles operativos sobre el cursado de materias a distancia, una modalidad que permite a los alumnos secundarios adelantar asignaturas del Ciclo B\u00e1sico Com\u00fan (CBC) de cualquier carrera de la UBA sin necesidad de trasladarse a la Capital Federal en esta primera etapa.<\/p>\n<p data-path-to-node=\"5\">La iniciativa forma parte de una agenda integral impulsada por la gesti\u00f3n del intendente Juan Ignacio Ustarroz, bajo la premisa de descentralizar el acceso a las carreras de grado. Desde la organizaci\u00f3n destacaron especialmente el rol del Centro de Estudiantes del Colegio Nacional por convocar de forma interna a las jornadas, as\u00ed como la predisposici\u00f3n del cuerpo directivo y docente que cedi\u00f3 sus espacios de clase para favorecer el intercambio pedag\u00f3gico con las delegaciones municipales.<\/p>\n<h3 data-path-to-node=\"7\">Vinculaci\u00f3n territorial y ampliaci\u00f3n de la oferta<\/h3>\n<p data-path-to-node=\"8\">El despliegue de las tutor\u00edas de UBA XXI en las aulas del hist\u00f3rico establecimiento mercedino busca masificar una herramienta clave para el arraigo de los estudiantes en su comunidad antes de dar el salto definitivo hacia los centros universitarios. Al respecto, coordinadores de las \u00e1reas de Educaci\u00f3n locales enfatizaron que la construcci\u00f3n del sistema universitario p\u00fablico se sostiene mediante el acercamiento concreto de oportunidades en el territorio.<\/p>\n<p data-path-to-node=\"9\">Tras la excelente recepci\u00f3n de esta primera etapa diagn\u00f3stica por parte de los alumnos de los \u00faltimos a\u00f1os del secundario, desde la comuna confirmaron que el programa de charlas informativas se extender\u00e1 de forma progresiva a otras instituciones educativas del partido de Mercedes. En las pr\u00f3ximas semanas se anunciar\u00e1n formalmente los nuevos cronogramas de visitas t\u00e9cnicas y los canales institucionales habilitados para que los colegios interesados puedan solicitar la presencia del equipo de tutores en sus respectivas sedes.<\/p>\n","protected":false},"excerpt":{"rendered":"<p>La Municipalidad de Mercedes, en articulaci\u00f3n con los equipos acad\u00e9micos locales, concret\u00f3 una serie de jornadas de difusi\u00f3n del programa UBA XXI destinadas a los estudiantes del Colegio Nacional \u00abFlorentino Ameghino\u00bb. Las charlas informativas, desarrolladas de manera consecutiva durante los turnos ma\u00f1ana y tarde, apuntan a consolidar las herramientas de orientaci\u00f3n vocacional y facilitar la [&hellip;]<\/p>\n","protected":false},"author":16,"featured_media":190087,"comment_status":"closed","ping_status":"closed","sticky":false,"template":"","format":"standard","meta":{"footnotes":""},"categories":[15755],"tags":[612,1985,10849],"class_list":["post-190086","post","type-post","status-publish","format-standard","has-post-thumbnail","hentry","category-educacion","tag-colegio-nacional","tag-educacion-superior","tag-uba-xxi"],"yoast_head":"<!-- This site is optimized with the Yoast SEO plugin v28.3 - https:\/\/yoast.com\/product\/yoast-seo-wordpress\/ -->\n<title>Presentaron las tutor\u00edas de UBA XXI para articular el paso a la universidad p\u00fablica<\/title>\n<meta name=\"description\" content=\"El equipo de tutores locales del programa de la Universidad de Buenos Aires dict\u00f3 charlas informativas para estudiantes de ambos turnos de la escuela secundaria. El objetivo del municipio es acercar el nivel superior a los j\u00f3venes de la ciudad antes de finalizar sus estudios obligatorios.\" \/>\n<meta name=\"robots\" content=\"index, follow, max-snippet:-1, max-image-preview:large, max-video-preview:-1\" \/>\n<link rel=\"canonical\" href=\"https:\/\/noticiasmercedinas.com\/site\/2026\/07\/03\/presentaron-las-tutorias-de-uba-xxi-para-articular-el-paso-a-la-universidad-publica\/\" \/>\n<meta property=\"og:locale\" content=\"es_ES\" \/>\n<meta property=\"og:type\" content=\"article\" \/>\n<meta property=\"og:title\" content=\"Presentaron las tutor\u00edas de UBA XXI para articular el paso a la universidad p\u00fablica\" \/>\n<meta property=\"og:description\" content=\"El equipo de tutores locales del programa de la Universidad de Buenos Aires dict\u00f3 charlas informativas para estudiantes de ambos turnos de la escuela secundaria. El objetivo del municipio es acercar el nivel superior a los j\u00f3venes de la ciudad antes de finalizar sus estudios obligatorios.\" \/>\n<meta property=\"og:url\" content=\"https:\/\/noticiasmercedinas.com\/site\/2026\/07\/03\/presentaron-las-tutorias-de-uba-xxi-para-articular-el-paso-a-la-universidad-publica\/\" \/>\n<meta property=\"og:site_name\" content=\"NOTICIASMERCEDINAS.COM\" \/>\n<meta property=\"article:publisher\" content=\"https:\/\/www.facebook.com\/noticiasmercedinas\/\" \/>\n<meta property=\"article:published_time\" content=\"2026-07-03T12:10:53+00:00\" \/>\n<meta property=\"article:modified_time\" content=\"2026-07-03T12:11:07+00:00\" \/>\n<meta property=\"og:image\" content=\"https:\/\/noticiasmercedinas.com\/site\/wp-content\/uploads\/2026\/07\/superior.jpg\" \/>\n\t<meta property=\"og:image:width\" content=\"640\" \/>\n\t<meta property=\"og:image:height\" content=\"421\" \/>\n\t<meta property=\"og:image:type\" content=\"image\/jpeg\" \/>\n<meta name=\"author\" content=\"NOTICIASMERCEDINAS.COM\" \/>\n<meta name=\"twitter:card\" content=\"summary_large_image\" \/>\n<meta name=\"twitter:creator\" content=\"@notmercedinas\" \/>\n<meta name=\"twitter:site\" content=\"@notmercedinas\" \/>\n<meta name=\"twitter:label1\" content=\"Escrito por\" \/>\n\t<meta name=\"twitter:data1\" content=\"NOTICIASMERCEDINAS.COM\" \/>\n\t<meta name=\"twitter:label2\" content=\"Tiempo de lectura\" \/>\n\t<meta name=\"twitter:data2\" content=\"3 minutos\" \/>\n<script type=\"application\/ld+json\" class=\"yoast-schema-graph\">{\"@context\":\"https:\\\/\\\/schema.org\",\"@graph\":[{\"@type\":\"Article\",\"@id\":\"https:\\\/\\\/noticiasmercedinas.com\\\/site\\\/2026\\\/07\\\/03\\\/presentaron-las-tutorias-de-uba-xxi-para-articular-el-paso-a-la-universidad-publica\\\/#article\",\"isPartOf\":{\"@id\":\"https:\\\/\\\/noticiasmercedinas.com\\\/site\\\/2026\\\/07\\\/03\\\/presentaron-las-tutorias-de-uba-xxi-para-articular-el-paso-a-la-universidad-publica\\\/\"},\"author\":{\"name\":\"NOTICIASMERCEDINAS.COM\",\"@id\":\"https:\\\/\\\/noticiasmercedinas.com\\\/site\\\/#\\\/schema\\\/person\\\/84b59c099c28ff2e8b77d4ceec5d8063\"},\"headline\":\"Presentaron las tutor\u00edas de UBA XXI para articular el paso a la universidad p\u00fablica\",\"datePublished\":\"2026-07-03T12:10:53+00:00\",\"dateModified\":\"2026-07-03T12:11:07+00:00\",\"mainEntityOfPage\":{\"@id\":\"https:\\\/\\\/noticiasmercedinas.com\\\/site\\\/2026\\\/07\\\/03\\\/presentaron-las-tutorias-de-uba-xxi-para-articular-el-paso-a-la-universidad-publica\\\/\"},\"wordCount\":466,\"publisher\":{\"@id\":\"https:\\\/\\\/noticiasmercedinas.com\\\/site\\\/#organization\"},\"image\":{\"@id\":\"https:\\\/\\\/noticiasmercedinas.com\\\/site\\\/2026\\\/07\\\/03\\\/presentaron-las-tutorias-de-uba-xxi-para-articular-el-paso-a-la-universidad-publica\\\/#primaryimage\"},\"thumbnailUrl\":\"https:\\\/\\\/noticiasmercedinas.com\\\/site\\\/wp-content\\\/uploads\\\/2026\\\/07\\\/superior.jpg\",\"keywords\":[\"colegio nacional\",\"educacion superior\",\"uba xxi\"],\"articleSection\":[\"Educacion\"],\"inLanguage\":\"es\"},{\"@type\":\"WebPage\",\"@id\":\"https:\\\/\\\/noticiasmercedinas.com\\\/site\\\/2026\\\/07\\\/03\\\/presentaron-las-tutorias-de-uba-xxi-para-articular-el-paso-a-la-universidad-publica\\\/\",\"url\":\"https:\\\/\\\/noticiasmercedinas.com\\\/site\\\/2026\\\/07\\\/03\\\/presentaron-las-tutorias-de-uba-xxi-para-articular-el-paso-a-la-universidad-publica\\\/\",\"name\":\"Presentaron las tutor\u00edas de UBA XXI para articular el paso a la universidad p\u00fablica\",\"isPartOf\":{\"@id\":\"https:\\\/\\\/noticiasmercedinas.com\\\/site\\\/#website\"},\"primaryImageOfPage\":{\"@id\":\"https:\\\/\\\/noticiasmercedinas.com\\\/site\\\/2026\\\/07\\\/03\\\/presentaron-las-tutorias-de-uba-xxi-para-articular-el-paso-a-la-universidad-publica\\\/#primaryimage\"},\"image\":{\"@id\":\"https:\\\/\\\/noticiasmercedinas.com\\\/site\\\/2026\\\/07\\\/03\\\/presentaron-las-tutorias-de-uba-xxi-para-articular-el-paso-a-la-universidad-publica\\\/#primaryimage\"},\"thumbnailUrl\":\"https:\\\/\\\/noticiasmercedinas.com\\\/site\\\/wp-content\\\/uploads\\\/2026\\\/07\\\/superior.jpg\",\"datePublished\":\"2026-07-03T12:10:53+00:00\",\"dateModified\":\"2026-07-03T12:11:07+00:00\",\"description\":\"El equipo de tutores locales del programa de la Universidad de Buenos Aires dict\u00f3 charlas informativas para estudiantes de ambos turnos de la escuela secundaria. El objetivo del municipio es acercar el nivel superior a los j\u00f3venes de la ciudad antes de finalizar sus estudios obligatorios.\",\"breadcrumb\":{\"@id\":\"https:\\\/\\\/noticiasmercedinas.com\\\/site\\\/2026\\\/07\\\/03\\\/presentaron-las-tutorias-de-uba-xxi-para-articular-el-paso-a-la-universidad-publica\\\/#breadcrumb\"},\"inLanguage\":\"es\",\"potentialAction\":[{\"@type\":\"ReadAction\",\"target\":[\"https:\\\/\\\/noticiasmercedinas.com\\\/site\\\/2026\\\/07\\\/03\\\/presentaron-las-tutorias-de-uba-xxi-para-articular-el-paso-a-la-universidad-publica\\\/\"]}]},{\"@type\":\"ImageObject\",\"inLanguage\":\"es\",\"@id\":\"https:\\\/\\\/noticiasmercedinas.com\\\/site\\\/2026\\\/07\\\/03\\\/presentaron-las-tutorias-de-uba-xxi-para-articular-el-paso-a-la-universidad-publica\\\/#primaryimage\",\"url\":\"https:\\\/\\\/noticiasmercedinas.com\\\/site\\\/wp-content\\\/uploads\\\/2026\\\/07\\\/superior.jpg\",\"contentUrl\":\"https:\\\/\\\/noticiasmercedinas.com\\\/site\\\/wp-content\\\/uploads\\\/2026\\\/07\\\/superior.jpg\",\"width\":640,\"height\":421},{\"@type\":\"BreadcrumbList\",\"@id\":\"https:\\\/\\\/noticiasmercedinas.com\\\/site\\\/2026\\\/07\\\/03\\\/presentaron-las-tutorias-de-uba-xxi-para-articular-el-paso-a-la-universidad-publica\\\/#breadcrumb\",\"itemListElement\":[{\"@type\":\"ListItem\",\"position\":1,\"name\":\"Portada\",\"item\":\"https:\\\/\\\/noticiasmercedinas.com\\\/site\\\/\"},{\"@type\":\"ListItem\",\"position\":2,\"name\":\"Presentaron las tutor\u00edas de UBA XXI para articular el paso a la universidad p\u00fablica\"}]},{\"@type\":\"WebSite\",\"@id\":\"https:\\\/\\\/noticiasmercedinas.com\\\/site\\\/#website\",\"url\":\"https:\\\/\\\/noticiasmercedinas.com\\\/site\\\/\",\"name\":\"NOTICIASMERCEDINAS.COM\",\"description\":\"Mercedes, Buenos Aires, Argentina\",\"publisher\":{\"@id\":\"https:\\\/\\\/noticiasmercedinas.com\\\/site\\\/#organization\"},\"potentialAction\":[{\"@type\":\"SearchAction\",\"target\":{\"@type\":\"EntryPoint\",\"urlTemplate\":\"https:\\\/\\\/noticiasmercedinas.com\\\/site\\\/?s={search_term_string}\"},\"query-input\":{\"@type\":\"PropertyValueSpecification\",\"valueRequired\":true,\"valueName\":\"search_term_string\"}}],\"inLanguage\":\"es\"},{\"@type\":\"Organization\",\"@id\":\"https:\\\/\\\/noticiasmercedinas.com\\\/site\\\/#organization\",\"name\":\"NOTICIASMERCEDINAS.COM\",\"url\":\"https:\\\/\\\/noticiasmercedinas.com\\\/site\\\/\",\"logo\":{\"@type\":\"ImageObject\",\"inLanguage\":\"es\",\"@id\":\"https:\\\/\\\/noticiasmercedinas.com\\\/site\\\/#\\\/schema\\\/logo\\\/image\\\/\",\"url\":\"https:\\\/\\\/noticiasmercedinas.com\\\/site\\\/wp-content\\\/uploads\\\/2020\\\/06\\\/LOGO-512.jpg\",\"contentUrl\":\"https:\\\/\\\/noticiasmercedinas.com\\\/site\\\/wp-content\\\/uploads\\\/2020\\\/06\\\/LOGO-512.jpg\",\"width\":512,\"height\":512,\"caption\":\"NOTICIASMERCEDINAS.COM\"},\"image\":{\"@id\":\"https:\\\/\\\/noticiasmercedinas.com\\\/site\\\/#\\\/schema\\\/logo\\\/image\\\/\"},\"sameAs\":[\"https:\\\/\\\/www.facebook.com\\\/noticiasmercedinas\\\/\",\"https:\\\/\\\/x.com\\\/notmercedinas\",\"https:\\\/\\\/www.instagram.com\\\/noticiasmercedinas\\\/\"]},{\"@type\":\"Person\",\"@id\":\"https:\\\/\\\/noticiasmercedinas.com\\\/site\\\/#\\\/schema\\\/person\\\/84b59c099c28ff2e8b77d4ceec5d8063\",\"name\":\"NOTICIASMERCEDINAS.COM\",\"image\":{\"@type\":\"ImageObject\",\"inLanguage\":\"es\",\"@id\":\"https:\\\/\\\/secure.gravatar.com\\\/avatar\\\/4dfbf16b4d17945bfb6341b2d19043457132fcf478a5ee04f42e959fd8f5df0a?s=96&d=mm&r=g\",\"url\":\"https:\\\/\\\/secure.gravatar.com\\\/avatar\\\/4dfbf16b4d17945bfb6341b2d19043457132fcf478a5ee04f42e959fd8f5df0a?s=96&d=mm&r=g\",\"contentUrl\":\"https:\\\/\\\/secure.gravatar.com\\\/avatar\\\/4dfbf16b4d17945bfb6341b2d19043457132fcf478a5ee04f42e959fd8f5df0a?s=96&d=mm&r=g\",\"caption\":\"NOTICIASMERCEDINAS.COM\"},\"url\":\"https:\\\/\\\/noticiasmercedinas.com\\\/site\\\/author\\\/anonimo\\\/\"}]}<\/script>\n<!-- \/ Yoast SEO plugin. -->","yoast_head_json":{"title":"Presentaron las tutor\u00edas de UBA XXI para articular el paso a la universidad p\u00fablica","description":"El equipo de tutores locales del programa de la Universidad de Buenos Aires dict\u00f3 charlas informativas para estudiantes de ambos turnos de la escuela secundaria. El objetivo del municipio es acercar el nivel superior a los j\u00f3venes de la ciudad antes de finalizar sus estudios obligatorios.","robots":{"index":"index","follow":"follow","max-snippet":"max-snippet:-1","max-image-preview":"max-image-preview:large","max-video-preview":"max-video-preview:-1"},"canonical":"https:\/\/noticiasmercedinas.com\/site\/2026\/07\/03\/presentaron-las-tutorias-de-uba-xxi-para-articular-el-paso-a-la-universidad-publica\/","og_locale":"es_ES","og_type":"article","og_title":"Presentaron las tutor\u00edas de UBA XXI para articular el paso a la universidad p\u00fablica","og_description":"El equipo de tutores locales del programa de la Universidad de Buenos Aires dict\u00f3 charlas informativas para estudiantes de ambos turnos de la escuela secundaria. El objetivo del municipio es acercar el nivel superior a los j\u00f3venes de la ciudad antes de finalizar sus estudios obligatorios.","og_url":"https:\/\/noticiasmercedinas.com\/site\/2026\/07\/03\/presentaron-las-tutorias-de-uba-xxi-para-articular-el-paso-a-la-universidad-publica\/","og_site_name":"NOTICIASMERCEDINAS.COM","article_publisher":"https:\/\/www.facebook.com\/noticiasmercedinas\/","article_published_time":"2026-07-03T12:10:53+00:00","article_modified_time":"2026-07-03T12:11:07+00:00","og_image":[{"width":640,"height":421,"url":"https:\/\/noticiasmercedinas.com\/site\/wp-content\/uploads\/2026\/07\/superior.jpg","type":"image\/jpeg"}],"author":"NOTICIASMERCEDINAS.COM","twitter_card":"summary_large_image","twitter_creator":"@notmercedinas","twitter_site":"@notmercedinas","twitter_misc":{"Escrito por":"NOTICIASMERCEDINAS.COM","Tiempo de lectura":"3 minutos"},"schema":{"@context":"https:\/\/schema.org","@graph":[{"@type":"Article","@id":"https:\/\/noticiasmercedinas.com\/site\/2026\/07\/03\/presentaron-las-tutorias-de-uba-xxi-para-articular-el-paso-a-la-universidad-publica\/#article","isPartOf":{"@id":"https:\/\/noticiasmercedinas.com\/site\/2026\/07\/03\/presentaron-las-tutorias-de-uba-xxi-para-articular-el-paso-a-la-universidad-publica\/"},"author":{"name":"NOTICIASMERCEDINAS.COM","@id":"https:\/\/noticiasmercedinas.com\/site\/#\/schema\/person\/84b59c099c28ff2e8b77d4ceec5d8063"},"headline":"Presentaron las tutor\u00edas de UBA XXI para articular el paso a la universidad p\u00fablica","datePublished":"2026-07-03T12:10:53+00:00","dateModified":"2026-07-03T12:11:07+00:00","mainEntityOfPage":{"@id":"https:\/\/noticiasmercedinas.com\/site\/2026\/07\/03\/presentaron-las-tutorias-de-uba-xxi-para-articular-el-paso-a-la-universidad-publica\/"},"wordCount":466,"publisher":{"@id":"https:\/\/noticiasmercedinas.com\/site\/#organization"},"image":{"@id":"https:\/\/noticiasmercedinas.com\/site\/2026\/07\/03\/presentaron-las-tutorias-de-uba-xxi-para-articular-el-paso-a-la-universidad-publica\/#primaryimage"},"thumbnailUrl":"https:\/\/noticiasmercedinas.com\/site\/wp-content\/uploads\/2026\/07\/superior.jpg","keywords":["colegio nacional","educacion superior","uba xxi"],"articleSection":["Educacion"],"inLanguage":"es"},{"@type":"WebPage","@id":"https:\/\/noticiasmercedinas.com\/site\/2026\/07\/03\/presentaron-las-tutorias-de-uba-xxi-para-articular-el-paso-a-la-universidad-publica\/","url":"https:\/\/noticiasmercedinas.com\/site\/2026\/07\/03\/presentaron-las-tutorias-de-uba-xxi-para-articular-el-paso-a-la-universidad-publica\/","name":"Presentaron las tutor\u00edas de UBA XXI para articular el paso a la universidad p\u00fablica","isPartOf":{"@id":"https:\/\/noticiasmercedinas.com\/site\/#website"},"primaryImageOfPage":{"@id":"https:\/\/noticiasmercedinas.com\/site\/2026\/07\/03\/presentaron-las-tutorias-de-uba-xxi-para-articular-el-paso-a-la-universidad-publica\/#primaryimage"},"image":{"@id":"https:\/\/noticiasmercedinas.com\/site\/2026\/07\/03\/presentaron-las-tutorias-de-uba-xxi-para-articular-el-paso-a-la-universidad-publica\/#primaryimage"},"thumbnailUrl":"https:\/\/noticiasmercedinas.com\/site\/wp-content\/uploads\/2026\/07\/superior.jpg","datePublished":"2026-07-03T12:10:53+00:00","dateModified":"2026-07-03T12:11:07+00:00","description":"El equipo de tutores locales del programa de la Universidad de Buenos Aires dict\u00f3 charlas informativas para estudiantes de ambos turnos de la escuela secundaria. El objetivo del municipio es acercar el nivel superior a los j\u00f3venes de la ciudad antes de finalizar sus estudios obligatorios.","breadcrumb":{"@id":"https:\/\/noticiasmercedinas.com\/site\/2026\/07\/03\/presentaron-las-tutorias-de-uba-xxi-para-articular-el-paso-a-la-universidad-publica\/#breadcrumb"},"inLanguage":"es","potentialAction":[{"@type":"ReadAction","target":["https:\/\/noticiasmercedinas.com\/site\/2026\/07\/03\/presentaron-las-tutorias-de-uba-xxi-para-articular-el-paso-a-la-universidad-publica\/"]}]},{"@type":"ImageObject","inLanguage":"es","@id":"https:\/\/noticiasmercedinas.com\/site\/2026\/07\/03\/presentaron-las-tutorias-de-uba-xxi-para-articular-el-paso-a-la-universidad-publica\/#primaryimage","url":"https:\/\/noticiasmercedinas.com\/site\/wp-content\/uploads\/2026\/07\/superior.jpg","contentUrl":"https:\/\/noticiasmercedinas.com\/site\/wp-content\/uploads\/2026\/07\/superior.jpg","width":640,"height":421},{"@type":"BreadcrumbList","@id":"https:\/\/noticiasmercedinas.com\/site\/2026\/07\/03\/presentaron-las-tutorias-de-uba-xxi-para-articular-el-paso-a-la-universidad-publica\/#breadcrumb","itemListElement":[{"@type":"ListItem","position":1,"name":"Portada","item":"https:\/\/noticiasmercedinas.com\/site\/"},{"@type":"ListItem","position":2,"name":"Presentaron las tutor\u00edas de UBA XXI para articular el paso a la universidad p\u00fablica"}]},{"@type":"WebSite","@id":"https:\/\/noticiasmercedinas.com\/site\/#website","url":"https:\/\/noticiasmercedinas.com\/site\/","name":"NOTICIASMERCEDINAS.COM","description":"Mercedes, Buenos Aires, Argentina","publisher":{"@id":"https:\/\/noticiasmercedinas.com\/site\/#organization"},"potentialAction":[{"@type":"SearchAction","target":{"@type":"EntryPoint","urlTemplate":"https:\/\/noticiasmercedinas.com\/site\/?s={search_term_string}"},"query-input":{"@type":"PropertyValueSpecification","valueRequired":true,"valueName":"search_term_string"}}],"inLanguage":"es"},{"@type":"Organization","@id":"https:\/\/noticiasmercedinas.com\/site\/#organization","name":"NOTICIASMERCEDINAS.COM","url":"https:\/\/noticiasmercedinas.com\/site\/","logo":{"@type":"ImageObject","inLanguage":"es","@id":"https:\/\/noticiasmercedinas.com\/site\/#\/schema\/logo\/image\/","url":"https:\/\/noticiasmercedinas.com\/site\/wp-content\/uploads\/2020\/06\/LOGO-512.jpg","contentUrl":"https:\/\/noticiasmercedinas.com\/site\/wp-content\/uploads\/2020\/06\/LOGO-512.jpg","width":512,"height":512,"caption":"NOTICIASMERCEDINAS.COM"},"image":{"@id":"https:\/\/noticiasmercedinas.com\/site\/#\/schema\/logo\/image\/"},"sameAs":["https:\/\/www.facebook.com\/noticiasmercedinas\/","https:\/\/x.com\/notmercedinas","https:\/\/www.instagram.com\/noticiasmercedinas\/"]},{"@type":"Person","@id":"https:\/\/noticiasmercedinas.com\/site\/#\/schema\/person\/84b59c099c28ff2e8b77d4ceec5d8063","name":"NOTICIASMERCEDINAS.COM","image":{"@type":"ImageObject","inLanguage":"es","@id":"https:\/\/secure.gravatar.com\/avatar\/4dfbf16b4d17945bfb6341b2d19043457132fcf478a5ee04f42e959fd8f5df0a?s=96&d=mm&r=g","url":"https:\/\/secure.gravatar.com\/avatar\/4dfbf16b4d17945bfb6341b2d19043457132fcf478a5ee04f42e959fd8f5df0a?s=96&d=mm&r=g","contentUrl":"https:\/\/secure.gravatar.com\/avatar\/4dfbf16b4d17945bfb6341b2d19043457132fcf478a5ee04f42e959fd8f5df0a?s=96&d=mm&r=g","caption":"NOTICIASMERCEDINAS.COM"},"url":"https:\/\/noticiasmercedinas.com\/site\/author\/anonimo\/"}]}},"amp_enabled":true,"_links":{"self":[{"href":"https:\/\/noticiasmercedinas.com\/site\/wp-json\/wp\/v2\/posts\/190086","targetHints":{"allow":["GET"]}}],"collection":[{"href":"https:\/\/noticiasmercedinas.com\/site\/wp-json\/wp\/v2\/posts"}],"about":[{"href":"https:\/\/noticiasmercedinas.com\/site\/wp-json\/wp\/v2\/types\/post"}],"author":[{"embeddable":true,"href":"https:\/\/noticiasmercedinas.com\/site\/wp-json\/wp\/v2\/users\/16"}],"replies":[{"embeddable":true,"href":"https:\/\/noticiasmercedinas.com\/site\/wp-json\/wp\/v2\/comments?post=190086"}],"version-history":[{"count":2,"href":"https:\/\/noticiasmercedinas.com\/site\/wp-json\/wp\/v2\/posts\/190086\/revisions"}],"predecessor-version":[{"id":190089,"href":"https:\/\/noticiasmercedinas.com\/site\/wp-json\/wp\/v2\/posts\/190086\/revisions\/190089"}],"wp:featuredmedia":[{"embeddable":true,"href":"https:\/\/noticiasmercedinas.com\/site\/wp-json\/wp\/v2\/media\/190087"}],"wp:attachment":[{"href":"https:\/\/noticiasmercedinas.com\/site\/wp-json\/wp\/v2\/media?parent=190086"}],"wp:term":[{"taxonomy":"category","embeddable":true,"href":"https:\/\/noticiasmercedinas.com\/site\/wp-json\/wp\/v2\/categories?post=190086"},{"taxonomy":"post_tag","embeddable":true,"href":"https:\/\/noticiasmercedinas.com\/site\/wp-json\/wp\/v2\/tags?post=190086"}],"curies":[{"name":"wp","href":"https:\/\/api.w.org\/{rel}","templated":true}]}}