{"id":191135,"date":"2026-07-21T08:49:53","date_gmt":"2026-07-21T11:49:53","guid":{"rendered":"https:\/\/noticiasmercedinas.com\/site\/?p=191135"},"modified":"2026-07-21T08:49:53","modified_gmt":"2026-07-21T11:49:53","slug":"reconocimiento-oficial-en-san-andres-de-giles-a-una-rescatista-con-actuacion-en-venezuela","status":"publish","type":"post","link":"https:\/\/noticiasmercedinas.com\/site\/2026\/07\/21\/reconocimiento-oficial-en-san-andres-de-giles-a-una-rescatista-con-actuacion-en-venezuela\/","title":{"rendered":"Reconocimiento oficial en San Andr\u00e9s de Giles a una rescatista con actuaci\u00f3n en Venezuela"},"content":{"rendered":"<p dir=\"ltr\"><img loading=\"lazy\" decoding=\"async\" class=\"alignnone size-full wp-image-191137\" src=\"https:\/\/noticiasmercedinas.com\/site\/wp-content\/uploads\/2026\/07\/IMG_20260721_084233.jpg\" alt=\"\" width=\"711\" height=\"495\" srcset=\"https:\/\/noticiasmercedinas.com\/site\/wp-content\/uploads\/2026\/07\/IMG_20260721_084233.jpg 711w, https:\/\/noticiasmercedinas.com\/site\/wp-content\/uploads\/2026\/07\/IMG_20260721_084233-300x209.jpg 300w, https:\/\/noticiasmercedinas.com\/site\/wp-content\/uploads\/2026\/07\/IMG_20260721_084233-640x446.jpg 640w, https:\/\/noticiasmercedinas.com\/site\/wp-content\/uploads\/2026\/07\/IMG_20260721_084233-681x474.jpg 681w\" sizes=\"auto, (max-width: 711px) 100vw, 711px\" \/><\/p>\n<p dir=\"ltr\">\u200bEl Municipio de San Andr\u00e9s de Giles distingui\u00f3 formalmente a Cecilia Salto, vecina de la localidad rural de Azcu\u00e9naga, en reconocimiento a su trayectoria como rescatista y a su reciente participaci\u00f3n en tareas de emergencia en Venezuela.<\/p>\n<p dir=\"ltr\">Durante el acto, las autoridades le entregaron una carta formal de reconocimiento junto a un escudo municipal tallado en madera, obra del artesano local Marcelo Daverio.<\/p>\n<blockquote>\n<p dir=\"ltr\">Se homenaje\u00f3 a Cecilia Salto, vecina de Azcu\u00e9naga especializada en estructuras colapsadas, por su destacada labor humanitaria e internacional<\/p>\n<\/blockquote>\n<p dir=\"ltr\">\u200bSalto cuenta con una extensa trayectoria en el \u00e1rea de emergencias que comenz\u00f3 en el a\u00f1o 2000 como bombera voluntaria en el partido de Merlo, desempe\u00f1o que mantuvo durante 18 a\u00f1os. Posteriormente, especializ\u00f3 su perfil t\u00e9cnico en el rescate en estructuras colapsadas, proyecci\u00f3n que la llev\u00f3 a intervenir en misiones de alcance internacional.<\/p>\n<p dir=\"ltr\">\u200bEstablecida desde hace ocho a\u00f1os en Azcu\u00e9naga junto a sus dos hijos adolescentes, la especialista mantuvo de manera continua su formaci\u00f3n profesional. Desde la comuna destacaron la importancia de poner en valor su vocaci\u00f3n de servicio y el orgullo que representa su labor tanto para el distrito de San Andr\u00e9s de Giles como para la comunidad de Azcu\u00e9naga.<\/p>\n","protected":false},"excerpt":{"rendered":"<p>\u200bEl Municipio de San Andr\u00e9s de Giles distingui\u00f3 formalmente a Cecilia Salto, vecina de la localidad rural de Azcu\u00e9naga, en reconocimiento a su trayectoria como rescatista y a su reciente participaci\u00f3n en tareas de emergencia en Venezuela. Durante el acto, las autoridades le entregaron una carta formal de reconocimiento junto a un escudo municipal tallado [&hellip;]<\/p>\n","protected":false},"author":16,"featured_media":191137,"comment_status":"closed","ping_status":"closed","sticky":false,"template":"","format":"standard","meta":{"footnotes":""},"categories":[139],"tags":[14766,1656,21533],"class_list":["post-191135","post","type-post","status-publish","format-standard","has-post-thumbnail","hentry","category-regionales","tag-miguel-angel-gesualdi","tag-san-andres-de-giles","tag-venezuela"],"yoast_head":"<!-- This site is optimized with the Yoast SEO plugin v28.3 - https:\/\/yoast.com\/product\/yoast-seo-wordpress\/ -->\n<title>Reconocimiento oficial en San Andr\u00e9s de Giles a una rescatista con actuaci\u00f3n en Venezuela<\/title>\n<meta name=\"description\" content=\"La Municipalidad homenaje\u00f3 a Cecilia Salto, vecina de Azcu\u00e9naga especializada en estructuras colapsadas, por su destacada labor humanitaria e internacional\" \/>\n<meta name=\"robots\" content=\"index, follow, max-snippet:-1, max-image-preview:large, max-video-preview:-1\" \/>\n<link rel=\"canonical\" href=\"https:\/\/noticiasmercedinas.com\/site\/2026\/07\/21\/reconocimiento-oficial-en-san-andres-de-giles-a-una-rescatista-con-actuacion-en-venezuela\/\" \/>\n<meta property=\"og:locale\" content=\"es_ES\" \/>\n<meta property=\"og:type\" content=\"article\" \/>\n<meta property=\"og:title\" content=\"Reconocimiento oficial en San Andr\u00e9s de Giles a una rescatista con actuaci\u00f3n en Venezuela\" \/>\n<meta property=\"og:description\" content=\"La Municipalidad homenaje\u00f3 a Cecilia Salto, vecina de Azcu\u00e9naga especializada en estructuras colapsadas, por su destacada labor humanitaria e internacional\" \/>\n<meta property=\"og:url\" content=\"https:\/\/noticiasmercedinas.com\/site\/2026\/07\/21\/reconocimiento-oficial-en-san-andres-de-giles-a-una-rescatista-con-actuacion-en-venezuela\/\" \/>\n<meta property=\"og:site_name\" content=\"NOTICIASMERCEDINAS.COM\" \/>\n<meta property=\"article:publisher\" content=\"https:\/\/www.facebook.com\/noticiasmercedinas\/\" \/>\n<meta property=\"article:published_time\" content=\"2026-07-21T11:49:53+00:00\" \/>\n<meta property=\"og:image\" content=\"https:\/\/noticiasmercedinas.com\/site\/wp-content\/uploads\/2026\/07\/IMG_20260721_084233.jpg\" \/>\n\t<meta property=\"og:image:width\" content=\"711\" \/>\n\t<meta property=\"og:image:height\" content=\"495\" \/>\n\t<meta property=\"og:image:type\" content=\"image\/jpeg\" \/>\n<meta name=\"author\" content=\"NOTICIASMERCEDINAS.COM\" \/>\n<meta name=\"twitter:card\" content=\"summary_large_image\" \/>\n<meta name=\"twitter:creator\" content=\"@notmercedinas\" \/>\n<meta name=\"twitter:site\" content=\"@notmercedinas\" \/>\n<meta name=\"twitter:label1\" content=\"Escrito por\" \/>\n\t<meta name=\"twitter:data1\" content=\"NOTICIASMERCEDINAS.COM\" \/>\n\t<meta name=\"twitter:label2\" content=\"Tiempo de lectura\" \/>\n\t<meta name=\"twitter:data2\" content=\"2 minutos\" \/>\n<script type=\"application\/ld+json\" class=\"yoast-schema-graph\">{\"@context\":\"https:\\\/\\\/schema.org\",\"@graph\":[{\"@type\":\"Article\",\"@id\":\"https:\\\/\\\/noticiasmercedinas.com\\\/site\\\/2026\\\/07\\\/21\\\/reconocimiento-oficial-en-san-andres-de-giles-a-una-rescatista-con-actuacion-en-venezuela\\\/#article\",\"isPartOf\":{\"@id\":\"https:\\\/\\\/noticiasmercedinas.com\\\/site\\\/2026\\\/07\\\/21\\\/reconocimiento-oficial-en-san-andres-de-giles-a-una-rescatista-con-actuacion-en-venezuela\\\/\"},\"author\":{\"name\":\"NOTICIASMERCEDINAS.COM\",\"@id\":\"https:\\\/\\\/noticiasmercedinas.com\\\/site\\\/#\\\/schema\\\/person\\\/84b59c099c28ff2e8b77d4ceec5d8063\"},\"headline\":\"Reconocimiento oficial en San Andr\u00e9s de Giles a una rescatista con actuaci\u00f3n en Venezuela\",\"datePublished\":\"2026-07-21T11:49:53+00:00\",\"mainEntityOfPage\":{\"@id\":\"https:\\\/\\\/noticiasmercedinas.com\\\/site\\\/2026\\\/07\\\/21\\\/reconocimiento-oficial-en-san-andres-de-giles-a-una-rescatista-con-actuacion-en-venezuela\\\/\"},\"wordCount\":222,\"publisher\":{\"@id\":\"https:\\\/\\\/noticiasmercedinas.com\\\/site\\\/#organization\"},\"image\":{\"@id\":\"https:\\\/\\\/noticiasmercedinas.com\\\/site\\\/2026\\\/07\\\/21\\\/reconocimiento-oficial-en-san-andres-de-giles-a-una-rescatista-con-actuacion-en-venezuela\\\/#primaryimage\"},\"thumbnailUrl\":\"https:\\\/\\\/noticiasmercedinas.com\\\/site\\\/wp-content\\\/uploads\\\/2026\\\/07\\\/IMG_20260721_084233.jpg\",\"keywords\":[\"Miguel Angel Gesualdi\",\"san andres de giles\",\"Venezuela\"],\"articleSection\":[\"Regionales\"],\"inLanguage\":\"es\"},{\"@type\":\"WebPage\",\"@id\":\"https:\\\/\\\/noticiasmercedinas.com\\\/site\\\/2026\\\/07\\\/21\\\/reconocimiento-oficial-en-san-andres-de-giles-a-una-rescatista-con-actuacion-en-venezuela\\\/\",\"url\":\"https:\\\/\\\/noticiasmercedinas.com\\\/site\\\/2026\\\/07\\\/21\\\/reconocimiento-oficial-en-san-andres-de-giles-a-una-rescatista-con-actuacion-en-venezuela\\\/\",\"name\":\"Reconocimiento oficial en San Andr\u00e9s de Giles a una rescatista con actuaci\u00f3n en Venezuela\",\"isPartOf\":{\"@id\":\"https:\\\/\\\/noticiasmercedinas.com\\\/site\\\/#website\"},\"primaryImageOfPage\":{\"@id\":\"https:\\\/\\\/noticiasmercedinas.com\\\/site\\\/2026\\\/07\\\/21\\\/reconocimiento-oficial-en-san-andres-de-giles-a-una-rescatista-con-actuacion-en-venezuela\\\/#primaryimage\"},\"image\":{\"@id\":\"https:\\\/\\\/noticiasmercedinas.com\\\/site\\\/2026\\\/07\\\/21\\\/reconocimiento-oficial-en-san-andres-de-giles-a-una-rescatista-con-actuacion-en-venezuela\\\/#primaryimage\"},\"thumbnailUrl\":\"https:\\\/\\\/noticiasmercedinas.com\\\/site\\\/wp-content\\\/uploads\\\/2026\\\/07\\\/IMG_20260721_084233.jpg\",\"datePublished\":\"2026-07-21T11:49:53+00:00\",\"description\":\"La Municipalidad homenaje\u00f3 a Cecilia Salto, vecina de Azcu\u00e9naga especializada en estructuras colapsadas, por su destacada labor humanitaria e internacional\",\"breadcrumb\":{\"@id\":\"https:\\\/\\\/noticiasmercedinas.com\\\/site\\\/2026\\\/07\\\/21\\\/reconocimiento-oficial-en-san-andres-de-giles-a-una-rescatista-con-actuacion-en-venezuela\\\/#breadcrumb\"},\"inLanguage\":\"es\",\"potentialAction\":[{\"@type\":\"ReadAction\",\"target\":[\"https:\\\/\\\/noticiasmercedinas.com\\\/site\\\/2026\\\/07\\\/21\\\/reconocimiento-oficial-en-san-andres-de-giles-a-una-rescatista-con-actuacion-en-venezuela\\\/\"]}]},{\"@type\":\"ImageObject\",\"inLanguage\":\"es\",\"@id\":\"https:\\\/\\\/noticiasmercedinas.com\\\/site\\\/2026\\\/07\\\/21\\\/reconocimiento-oficial-en-san-andres-de-giles-a-una-rescatista-con-actuacion-en-venezuela\\\/#primaryimage\",\"url\":\"https:\\\/\\\/noticiasmercedinas.com\\\/site\\\/wp-content\\\/uploads\\\/2026\\\/07\\\/IMG_20260721_084233.jpg\",\"contentUrl\":\"https:\\\/\\\/noticiasmercedinas.com\\\/site\\\/wp-content\\\/uploads\\\/2026\\\/07\\\/IMG_20260721_084233.jpg\",\"width\":711,\"height\":495},{\"@type\":\"BreadcrumbList\",\"@id\":\"https:\\\/\\\/noticiasmercedinas.com\\\/site\\\/2026\\\/07\\\/21\\\/reconocimiento-oficial-en-san-andres-de-giles-a-una-rescatista-con-actuacion-en-venezuela\\\/#breadcrumb\",\"itemListElement\":[{\"@type\":\"ListItem\",\"position\":1,\"name\":\"Portada\",\"item\":\"https:\\\/\\\/noticiasmercedinas.com\\\/site\\\/\"},{\"@type\":\"ListItem\",\"position\":2,\"name\":\"Reconocimiento oficial en San Andr\u00e9s de Giles a una rescatista con actuaci\u00f3n en Venezuela\"}]},{\"@type\":\"WebSite\",\"@id\":\"https:\\\/\\\/noticiasmercedinas.com\\\/site\\\/#website\",\"url\":\"https:\\\/\\\/noticiasmercedinas.com\\\/site\\\/\",\"name\":\"NOTICIASMERCEDINAS.COM\",\"description\":\"Mercedes, Buenos Aires, Argentina\",\"publisher\":{\"@id\":\"https:\\\/\\\/noticiasmercedinas.com\\\/site\\\/#organization\"},\"potentialAction\":[{\"@type\":\"SearchAction\",\"target\":{\"@type\":\"EntryPoint\",\"urlTemplate\":\"https:\\\/\\\/noticiasmercedinas.com\\\/site\\\/?s={search_term_string}\"},\"query-input\":{\"@type\":\"PropertyValueSpecification\",\"valueRequired\":true,\"valueName\":\"search_term_string\"}}],\"inLanguage\":\"es\"},{\"@type\":\"Organization\",\"@id\":\"https:\\\/\\\/noticiasmercedinas.com\\\/site\\\/#organization\",\"name\":\"NOTICIASMERCEDINAS.COM\",\"url\":\"https:\\\/\\\/noticiasmercedinas.com\\\/site\\\/\",\"logo\":{\"@type\":\"ImageObject\",\"inLanguage\":\"es\",\"@id\":\"https:\\\/\\\/noticiasmercedinas.com\\\/site\\\/#\\\/schema\\\/logo\\\/image\\\/\",\"url\":\"https:\\\/\\\/noticiasmercedinas.com\\\/site\\\/wp-content\\\/uploads\\\/2020\\\/06\\\/LOGO-512.jpg\",\"contentUrl\":\"https:\\\/\\\/noticiasmercedinas.com\\\/site\\\/wp-content\\\/uploads\\\/2020\\\/06\\\/LOGO-512.jpg\",\"width\":512,\"height\":512,\"caption\":\"NOTICIASMERCEDINAS.COM\"},\"image\":{\"@id\":\"https:\\\/\\\/noticiasmercedinas.com\\\/site\\\/#\\\/schema\\\/logo\\\/image\\\/\"},\"sameAs\":[\"https:\\\/\\\/www.facebook.com\\\/noticiasmercedinas\\\/\",\"https:\\\/\\\/x.com\\\/notmercedinas\",\"https:\\\/\\\/www.instagram.com\\\/noticiasmercedinas\\\/\"]},{\"@type\":\"Person\",\"@id\":\"https:\\\/\\\/noticiasmercedinas.com\\\/site\\\/#\\\/schema\\\/person\\\/84b59c099c28ff2e8b77d4ceec5d8063\",\"name\":\"NOTICIASMERCEDINAS.COM\",\"image\":{\"@type\":\"ImageObject\",\"inLanguage\":\"es\",\"@id\":\"https:\\\/\\\/secure.gravatar.com\\\/avatar\\\/4dfbf16b4d17945bfb6341b2d19043457132fcf478a5ee04f42e959fd8f5df0a?s=96&d=mm&r=g\",\"url\":\"https:\\\/\\\/secure.gravatar.com\\\/avatar\\\/4dfbf16b4d17945bfb6341b2d19043457132fcf478a5ee04f42e959fd8f5df0a?s=96&d=mm&r=g\",\"contentUrl\":\"https:\\\/\\\/secure.gravatar.com\\\/avatar\\\/4dfbf16b4d17945bfb6341b2d19043457132fcf478a5ee04f42e959fd8f5df0a?s=96&d=mm&r=g\",\"caption\":\"NOTICIASMERCEDINAS.COM\"},\"url\":\"https:\\\/\\\/noticiasmercedinas.com\\\/site\\\/author\\\/anonimo\\\/\"}]}<\/script>\n<!-- \/ Yoast SEO plugin. -->","yoast_head_json":{"title":"Reconocimiento oficial en San Andr\u00e9s de Giles a una rescatista con actuaci\u00f3n en Venezuela","description":"La Municipalidad homenaje\u00f3 a Cecilia Salto, vecina de Azcu\u00e9naga especializada en estructuras colapsadas, por su destacada labor humanitaria e internacional","robots":{"index":"index","follow":"follow","max-snippet":"max-snippet:-1","max-image-preview":"max-image-preview:large","max-video-preview":"max-video-preview:-1"},"canonical":"https:\/\/noticiasmercedinas.com\/site\/2026\/07\/21\/reconocimiento-oficial-en-san-andres-de-giles-a-una-rescatista-con-actuacion-en-venezuela\/","og_locale":"es_ES","og_type":"article","og_title":"Reconocimiento oficial en San Andr\u00e9s de Giles a una rescatista con actuaci\u00f3n en Venezuela","og_description":"La Municipalidad homenaje\u00f3 a Cecilia Salto, vecina de Azcu\u00e9naga especializada en estructuras colapsadas, por su destacada labor humanitaria e internacional","og_url":"https:\/\/noticiasmercedinas.com\/site\/2026\/07\/21\/reconocimiento-oficial-en-san-andres-de-giles-a-una-rescatista-con-actuacion-en-venezuela\/","og_site_name":"NOTICIASMERCEDINAS.COM","article_publisher":"https:\/\/www.facebook.com\/noticiasmercedinas\/","article_published_time":"2026-07-21T11:49:53+00:00","og_image":[{"width":711,"height":495,"url":"https:\/\/noticiasmercedinas.com\/site\/wp-content\/uploads\/2026\/07\/IMG_20260721_084233.jpg","type":"image\/jpeg"}],"author":"NOTICIASMERCEDINAS.COM","twitter_card":"summary_large_image","twitter_creator":"@notmercedinas","twitter_site":"@notmercedinas","twitter_misc":{"Escrito por":"NOTICIASMERCEDINAS.COM","Tiempo de lectura":"2 minutos"},"schema":{"@context":"https:\/\/schema.org","@graph":[{"@type":"Article","@id":"https:\/\/noticiasmercedinas.com\/site\/2026\/07\/21\/reconocimiento-oficial-en-san-andres-de-giles-a-una-rescatista-con-actuacion-en-venezuela\/#article","isPartOf":{"@id":"https:\/\/noticiasmercedinas.com\/site\/2026\/07\/21\/reconocimiento-oficial-en-san-andres-de-giles-a-una-rescatista-con-actuacion-en-venezuela\/"},"author":{"name":"NOTICIASMERCEDINAS.COM","@id":"https:\/\/noticiasmercedinas.com\/site\/#\/schema\/person\/84b59c099c28ff2e8b77d4ceec5d8063"},"headline":"Reconocimiento oficial en San Andr\u00e9s de Giles a una rescatista con actuaci\u00f3n en Venezuela","datePublished":"2026-07-21T11:49:53+00:00","mainEntityOfPage":{"@id":"https:\/\/noticiasmercedinas.com\/site\/2026\/07\/21\/reconocimiento-oficial-en-san-andres-de-giles-a-una-rescatista-con-actuacion-en-venezuela\/"},"wordCount":222,"publisher":{"@id":"https:\/\/noticiasmercedinas.com\/site\/#organization"},"image":{"@id":"https:\/\/noticiasmercedinas.com\/site\/2026\/07\/21\/reconocimiento-oficial-en-san-andres-de-giles-a-una-rescatista-con-actuacion-en-venezuela\/#primaryimage"},"thumbnailUrl":"https:\/\/noticiasmercedinas.com\/site\/wp-content\/uploads\/2026\/07\/IMG_20260721_084233.jpg","keywords":["Miguel Angel Gesualdi","san andres de giles","Venezuela"],"articleSection":["Regionales"],"inLanguage":"es"},{"@type":"WebPage","@id":"https:\/\/noticiasmercedinas.com\/site\/2026\/07\/21\/reconocimiento-oficial-en-san-andres-de-giles-a-una-rescatista-con-actuacion-en-venezuela\/","url":"https:\/\/noticiasmercedinas.com\/site\/2026\/07\/21\/reconocimiento-oficial-en-san-andres-de-giles-a-una-rescatista-con-actuacion-en-venezuela\/","name":"Reconocimiento oficial en San Andr\u00e9s de Giles a una rescatista con actuaci\u00f3n en Venezuela","isPartOf":{"@id":"https:\/\/noticiasmercedinas.com\/site\/#website"},"primaryImageOfPage":{"@id":"https:\/\/noticiasmercedinas.com\/site\/2026\/07\/21\/reconocimiento-oficial-en-san-andres-de-giles-a-una-rescatista-con-actuacion-en-venezuela\/#primaryimage"},"image":{"@id":"https:\/\/noticiasmercedinas.com\/site\/2026\/07\/21\/reconocimiento-oficial-en-san-andres-de-giles-a-una-rescatista-con-actuacion-en-venezuela\/#primaryimage"},"thumbnailUrl":"https:\/\/noticiasmercedinas.com\/site\/wp-content\/uploads\/2026\/07\/IMG_20260721_084233.jpg","datePublished":"2026-07-21T11:49:53+00:00","description":"La Municipalidad homenaje\u00f3 a Cecilia Salto, vecina de Azcu\u00e9naga especializada en estructuras colapsadas, por su destacada labor humanitaria e internacional","breadcrumb":{"@id":"https:\/\/noticiasmercedinas.com\/site\/2026\/07\/21\/reconocimiento-oficial-en-san-andres-de-giles-a-una-rescatista-con-actuacion-en-venezuela\/#breadcrumb"},"inLanguage":"es","potentialAction":[{"@type":"ReadAction","target":["https:\/\/noticiasmercedinas.com\/site\/2026\/07\/21\/reconocimiento-oficial-en-san-andres-de-giles-a-una-rescatista-con-actuacion-en-venezuela\/"]}]},{"@type":"ImageObject","inLanguage":"es","@id":"https:\/\/noticiasmercedinas.com\/site\/2026\/07\/21\/reconocimiento-oficial-en-san-andres-de-giles-a-una-rescatista-con-actuacion-en-venezuela\/#primaryimage","url":"https:\/\/noticiasmercedinas.com\/site\/wp-content\/uploads\/2026\/07\/IMG_20260721_084233.jpg","contentUrl":"https:\/\/noticiasmercedinas.com\/site\/wp-content\/uploads\/2026\/07\/IMG_20260721_084233.jpg","width":711,"height":495},{"@type":"BreadcrumbList","@id":"https:\/\/noticiasmercedinas.com\/site\/2026\/07\/21\/reconocimiento-oficial-en-san-andres-de-giles-a-una-rescatista-con-actuacion-en-venezuela\/#breadcrumb","itemListElement":[{"@type":"ListItem","position":1,"name":"Portada","item":"https:\/\/noticiasmercedinas.com\/site\/"},{"@type":"ListItem","position":2,"name":"Reconocimiento oficial en San Andr\u00e9s de Giles a una rescatista con actuaci\u00f3n en Venezuela"}]},{"@type":"WebSite","@id":"https:\/\/noticiasmercedinas.com\/site\/#website","url":"https:\/\/noticiasmercedinas.com\/site\/","name":"NOTICIASMERCEDINAS.COM","description":"Mercedes, Buenos Aires, Argentina","publisher":{"@id":"https:\/\/noticiasmercedinas.com\/site\/#organization"},"potentialAction":[{"@type":"SearchAction","target":{"@type":"EntryPoint","urlTemplate":"https:\/\/noticiasmercedinas.com\/site\/?s={search_term_string}"},"query-input":{"@type":"PropertyValueSpecification","valueRequired":true,"valueName":"search_term_string"}}],"inLanguage":"es"},{"@type":"Organization","@id":"https:\/\/noticiasmercedinas.com\/site\/#organization","name":"NOTICIASMERCEDINAS.COM","url":"https:\/\/noticiasmercedinas.com\/site\/","logo":{"@type":"ImageObject","inLanguage":"es","@id":"https:\/\/noticiasmercedinas.com\/site\/#\/schema\/logo\/image\/","url":"https:\/\/noticiasmercedinas.com\/site\/wp-content\/uploads\/2020\/06\/LOGO-512.jpg","contentUrl":"https:\/\/noticiasmercedinas.com\/site\/wp-content\/uploads\/2020\/06\/LOGO-512.jpg","width":512,"height":512,"caption":"NOTICIASMERCEDINAS.COM"},"image":{"@id":"https:\/\/noticiasmercedinas.com\/site\/#\/schema\/logo\/image\/"},"sameAs":["https:\/\/www.facebook.com\/noticiasmercedinas\/","https:\/\/x.com\/notmercedinas","https:\/\/www.instagram.com\/noticiasmercedinas\/"]},{"@type":"Person","@id":"https:\/\/noticiasmercedinas.com\/site\/#\/schema\/person\/84b59c099c28ff2e8b77d4ceec5d8063","name":"NOTICIASMERCEDINAS.COM","image":{"@type":"ImageObject","inLanguage":"es","@id":"https:\/\/secure.gravatar.com\/avatar\/4dfbf16b4d17945bfb6341b2d19043457132fcf478a5ee04f42e959fd8f5df0a?s=96&d=mm&r=g","url":"https:\/\/secure.gravatar.com\/avatar\/4dfbf16b4d17945bfb6341b2d19043457132fcf478a5ee04f42e959fd8f5df0a?s=96&d=mm&r=g","contentUrl":"https:\/\/secure.gravatar.com\/avatar\/4dfbf16b4d17945bfb6341b2d19043457132fcf478a5ee04f42e959fd8f5df0a?s=96&d=mm&r=g","caption":"NOTICIASMERCEDINAS.COM"},"url":"https:\/\/noticiasmercedinas.com\/site\/author\/anonimo\/"}]}},"amp_enabled":true,"_links":{"self":[{"href":"https:\/\/noticiasmercedinas.com\/site\/wp-json\/wp\/v2\/posts\/191135","targetHints":{"allow":["GET"]}}],"collection":[{"href":"https:\/\/noticiasmercedinas.com\/site\/wp-json\/wp\/v2\/posts"}],"about":[{"href":"https:\/\/noticiasmercedinas.com\/site\/wp-json\/wp\/v2\/types\/post"}],"author":[{"embeddable":true,"href":"https:\/\/noticiasmercedinas.com\/site\/wp-json\/wp\/v2\/users\/16"}],"replies":[{"embeddable":true,"href":"https:\/\/noticiasmercedinas.com\/site\/wp-json\/wp\/v2\/comments?post=191135"}],"version-history":[{"count":2,"href":"https:\/\/noticiasmercedinas.com\/site\/wp-json\/wp\/v2\/posts\/191135\/revisions"}],"predecessor-version":[{"id":191138,"href":"https:\/\/noticiasmercedinas.com\/site\/wp-json\/wp\/v2\/posts\/191135\/revisions\/191138"}],"wp:featuredmedia":[{"embeddable":true,"href":"https:\/\/noticiasmercedinas.com\/site\/wp-json\/wp\/v2\/media\/191137"}],"wp:attachment":[{"href":"https:\/\/noticiasmercedinas.com\/site\/wp-json\/wp\/v2\/media?parent=191135"}],"wp:term":[{"taxonomy":"category","embeddable":true,"href":"https:\/\/noticiasmercedinas.com\/site\/wp-json\/wp\/v2\/categories?post=191135"},{"taxonomy":"post_tag","embeddable":true,"href":"https:\/\/noticiasmercedinas.com\/site\/wp-json\/wp\/v2\/tags?post=191135"}],"curies":[{"name":"wp","href":"https:\/\/api.w.org\/{rel}","templated":true}]}}