{"id":191245,"date":"2026-07-23T09:41:55","date_gmt":"2026-07-23T12:41:55","guid":{"rendered":"https:\/\/noticiasmercedinas.com\/site\/?p=191245"},"modified":"2026-07-23T09:41:55","modified_gmt":"2026-07-23T12:41:55","slug":"tras-casi-diez-meses-de-inactividad-reabrio-la-planta-lactea-la-suipachense","status":"publish","type":"post","link":"https:\/\/noticiasmercedinas.com\/site\/2026\/07\/23\/tras-casi-diez-meses-de-inactividad-reabrio-la-planta-lactea-la-suipachense\/","title":{"rendered":"Tras casi diez meses de inactividad, reabri\u00f3 la planta l\u00e1ctea \u00abLa Suipachense\u00bb"},"content":{"rendered":"<p data-path-to-node=\"8\"><img loading=\"lazy\" decoding=\"async\" class=\"alignnone size-full wp-image-191272\" src=\"https:\/\/noticiasmercedinas.com\/site\/wp-content\/uploads\/2026\/07\/IMG_20260722_173924.jpg\" alt=\"\" width=\"720\" height=\"552\" srcset=\"https:\/\/noticiasmercedinas.com\/site\/wp-content\/uploads\/2026\/07\/IMG_20260722_173924.jpg 720w, https:\/\/noticiasmercedinas.com\/site\/wp-content\/uploads\/2026\/07\/IMG_20260722_173924-300x230.jpg 300w, https:\/\/noticiasmercedinas.com\/site\/wp-content\/uploads\/2026\/07\/IMG_20260722_173924-80x60.jpg 80w, https:\/\/noticiasmercedinas.com\/site\/wp-content\/uploads\/2026\/07\/IMG_20260722_173924-640x491.jpg 640w, https:\/\/noticiasmercedinas.com\/site\/wp-content\/uploads\/2026\/07\/IMG_20260722_173924-681x522.jpg 681w\" sizes=\"auto, (max-width: 720px) 100vw, 720px\" \/><\/p>\n<p data-path-to-node=\"8\">La hist\u00f3rica planta l\u00e1ctea \u00abLa Suipachense\u00bb reactiv\u00f3 formalmente sus operaciones productivas luego de permanecer casi diez meses sin actividad.<\/p>\n<p data-path-to-node=\"8\">La reapertura marca un hito clave para la econom\u00eda local, permitiendo la recuperaci\u00f3n de una de las industrias emblem\u00e1ticas del distrito vecino de Suipacha.<\/p>\n<blockquote>\n<p data-path-to-node=\"8\">El establecimiento l\u00e1cteo volvi\u00f3 a poner en marcha sus instalaciones tras un extenso per\u00edodo de paralizaci\u00f3n. Desde el Municipio de Suipacha acompa\u00f1an el proceso para su habilitaci\u00f3n definitiva e inclusi\u00f3n en el R\u00e9gimen de Promoci\u00f3n Industrial.<\/p>\n<\/blockquote>\n<p data-path-to-node=\"9\">La reactivaci\u00f3n de la f\u00e1brica es impulsada por una nueva firma comercial que asumi\u00f3 la gesti\u00f3n del establecimiento. En este marco, las autoridades municipales acompa\u00f1aron el reinicio de las labores t\u00e9cnicas e industriales dentro del predio, colaborando en las gestiones administrativas para lograr la habilitaci\u00f3n definitiva de las instalaciones.<\/p>\n<p data-path-to-node=\"10\">Asimismo, desde la comuna confirmaron que se trabaja en la incorporaci\u00f3n de la empresa al R\u00e9gimen de Promoci\u00f3n Industrial, una herramienta normativa orientada a incentivar las inversiones privadas, potenciar el desarrollo productivo y promover la generaci\u00f3n de empleo genuino en la regi\u00f3n.<\/p>\n","protected":false},"excerpt":{"rendered":"<p>La hist\u00f3rica planta l\u00e1ctea \u00abLa Suipachense\u00bb reactiv\u00f3 formalmente sus operaciones productivas luego de permanecer casi diez meses sin actividad. La reapertura marca un hito clave para la econom\u00eda local, permitiendo la recuperaci\u00f3n de una de las industrias emblem\u00e1ticas del distrito vecino de Suipacha. El establecimiento l\u00e1cteo volvi\u00f3 a poner en marcha sus instalaciones tras un [&hellip;]<\/p>\n","protected":false},"author":16,"featured_media":191272,"comment_status":"closed","ping_status":"closed","sticky":false,"template":"","format":"standard","meta":{"footnotes":""},"categories":[139],"tags":[10475,8744,1095],"class_list":["post-191245","post","type-post","status-publish","format-standard","has-post-thumbnail","hentry","category-regionales","tag-la-suipachense","tag-lacteos","tag-suipacha"],"yoast_head":"<!-- This site is optimized with the Yoast SEO plugin v28.3 - https:\/\/yoast.com\/product\/yoast-seo-wordpress\/ -->\n<title>Tras casi diez meses de inactividad, reabri\u00f3 la planta l\u00e1ctea &quot;La Suipachense&quot;<\/title>\n<meta name=\"description\" content=\"El establecimiento l\u00e1cteo volvi\u00f3 a poner en marcha sus instalaciones tras un extenso per\u00edodo de paralizaci\u00f3n. Desde el Municipio de Suipacha acompa\u00f1an el proceso para su habilitaci\u00f3n definitiva e inclusi\u00f3n en el R\u00e9gimen de Promoci\u00f3n Industrial.\" \/>\n<meta name=\"robots\" content=\"index, follow, max-snippet:-1, max-image-preview:large, max-video-preview:-1\" \/>\n<link rel=\"canonical\" href=\"https:\/\/noticiasmercedinas.com\/site\/2026\/07\/23\/tras-casi-diez-meses-de-inactividad-reabrio-la-planta-lactea-la-suipachense\/\" \/>\n<meta property=\"og:locale\" content=\"es_ES\" \/>\n<meta property=\"og:type\" content=\"article\" \/>\n<meta property=\"og:title\" content=\"Tras casi diez meses de inactividad, reabri\u00f3 la planta l\u00e1ctea &quot;La Suipachense&quot;\" \/>\n<meta property=\"og:description\" content=\"El establecimiento l\u00e1cteo volvi\u00f3 a poner en marcha sus instalaciones tras un extenso per\u00edodo de paralizaci\u00f3n. Desde el Municipio de Suipacha acompa\u00f1an el proceso para su habilitaci\u00f3n definitiva e inclusi\u00f3n en el R\u00e9gimen de Promoci\u00f3n Industrial.\" \/>\n<meta property=\"og:url\" content=\"https:\/\/noticiasmercedinas.com\/site\/2026\/07\/23\/tras-casi-diez-meses-de-inactividad-reabrio-la-planta-lactea-la-suipachense\/\" \/>\n<meta property=\"og:site_name\" content=\"NOTICIASMERCEDINAS.COM\" \/>\n<meta property=\"article:publisher\" content=\"https:\/\/www.facebook.com\/noticiasmercedinas\/\" \/>\n<meta property=\"article:published_time\" content=\"2026-07-23T12:41:55+00:00\" \/>\n<meta property=\"og:image\" content=\"https:\/\/noticiasmercedinas.com\/site\/wp-content\/uploads\/2026\/07\/IMG_20260722_173924.jpg\" \/>\n\t<meta property=\"og:image:width\" content=\"720\" \/>\n\t<meta property=\"og:image:height\" content=\"552\" \/>\n\t<meta property=\"og:image:type\" content=\"image\/jpeg\" \/>\n<meta name=\"author\" content=\"NOTICIASMERCEDINAS.COM\" \/>\n<meta name=\"twitter:card\" content=\"summary_large_image\" \/>\n<meta name=\"twitter:creator\" content=\"@notmercedinas\" \/>\n<meta name=\"twitter:site\" content=\"@notmercedinas\" \/>\n<meta name=\"twitter:label1\" content=\"Escrito por\" \/>\n\t<meta name=\"twitter:data1\" content=\"NOTICIASMERCEDINAS.COM\" \/>\n\t<meta name=\"twitter:label2\" content=\"Tiempo de lectura\" \/>\n\t<meta name=\"twitter:data2\" content=\"2 minutos\" \/>\n<script type=\"application\/ld+json\" class=\"yoast-schema-graph\">{\"@context\":\"https:\\\/\\\/schema.org\",\"@graph\":[{\"@type\":\"Article\",\"@id\":\"https:\\\/\\\/noticiasmercedinas.com\\\/site\\\/2026\\\/07\\\/23\\\/tras-casi-diez-meses-de-inactividad-reabrio-la-planta-lactea-la-suipachense\\\/#article\",\"isPartOf\":{\"@id\":\"https:\\\/\\\/noticiasmercedinas.com\\\/site\\\/2026\\\/07\\\/23\\\/tras-casi-diez-meses-de-inactividad-reabrio-la-planta-lactea-la-suipachense\\\/\"},\"author\":{\"name\":\"NOTICIASMERCEDINAS.COM\",\"@id\":\"https:\\\/\\\/noticiasmercedinas.com\\\/site\\\/#\\\/schema\\\/person\\\/84b59c099c28ff2e8b77d4ceec5d8063\"},\"headline\":\"Tras casi diez meses de inactividad, reabri\u00f3 la planta l\u00e1ctea \u00abLa Suipachense\u00bb\",\"datePublished\":\"2026-07-23T12:41:55+00:00\",\"mainEntityOfPage\":{\"@id\":\"https:\\\/\\\/noticiasmercedinas.com\\\/site\\\/2026\\\/07\\\/23\\\/tras-casi-diez-meses-de-inactividad-reabrio-la-planta-lactea-la-suipachense\\\/\"},\"wordCount\":207,\"publisher\":{\"@id\":\"https:\\\/\\\/noticiasmercedinas.com\\\/site\\\/#organization\"},\"image\":{\"@id\":\"https:\\\/\\\/noticiasmercedinas.com\\\/site\\\/2026\\\/07\\\/23\\\/tras-casi-diez-meses-de-inactividad-reabrio-la-planta-lactea-la-suipachense\\\/#primaryimage\"},\"thumbnailUrl\":\"https:\\\/\\\/noticiasmercedinas.com\\\/site\\\/wp-content\\\/uploads\\\/2026\\\/07\\\/IMG_20260722_173924.jpg\",\"keywords\":[\"La Suipachense\",\"lacteos\",\"suipacha\"],\"articleSection\":[\"Regionales\"],\"inLanguage\":\"es\"},{\"@type\":\"WebPage\",\"@id\":\"https:\\\/\\\/noticiasmercedinas.com\\\/site\\\/2026\\\/07\\\/23\\\/tras-casi-diez-meses-de-inactividad-reabrio-la-planta-lactea-la-suipachense\\\/\",\"url\":\"https:\\\/\\\/noticiasmercedinas.com\\\/site\\\/2026\\\/07\\\/23\\\/tras-casi-diez-meses-de-inactividad-reabrio-la-planta-lactea-la-suipachense\\\/\",\"name\":\"Tras casi diez meses de inactividad, reabri\u00f3 la planta l\u00e1ctea \\\"La Suipachense\\\"\",\"isPartOf\":{\"@id\":\"https:\\\/\\\/noticiasmercedinas.com\\\/site\\\/#website\"},\"primaryImageOfPage\":{\"@id\":\"https:\\\/\\\/noticiasmercedinas.com\\\/site\\\/2026\\\/07\\\/23\\\/tras-casi-diez-meses-de-inactividad-reabrio-la-planta-lactea-la-suipachense\\\/#primaryimage\"},\"image\":{\"@id\":\"https:\\\/\\\/noticiasmercedinas.com\\\/site\\\/2026\\\/07\\\/23\\\/tras-casi-diez-meses-de-inactividad-reabrio-la-planta-lactea-la-suipachense\\\/#primaryimage\"},\"thumbnailUrl\":\"https:\\\/\\\/noticiasmercedinas.com\\\/site\\\/wp-content\\\/uploads\\\/2026\\\/07\\\/IMG_20260722_173924.jpg\",\"datePublished\":\"2026-07-23T12:41:55+00:00\",\"description\":\"El establecimiento l\u00e1cteo volvi\u00f3 a poner en marcha sus instalaciones tras un extenso per\u00edodo de paralizaci\u00f3n. Desde el Municipio de Suipacha acompa\u00f1an el proceso para su habilitaci\u00f3n definitiva e inclusi\u00f3n en el R\u00e9gimen de Promoci\u00f3n Industrial.\",\"breadcrumb\":{\"@id\":\"https:\\\/\\\/noticiasmercedinas.com\\\/site\\\/2026\\\/07\\\/23\\\/tras-casi-diez-meses-de-inactividad-reabrio-la-planta-lactea-la-suipachense\\\/#breadcrumb\"},\"inLanguage\":\"es\",\"potentialAction\":[{\"@type\":\"ReadAction\",\"target\":[\"https:\\\/\\\/noticiasmercedinas.com\\\/site\\\/2026\\\/07\\\/23\\\/tras-casi-diez-meses-de-inactividad-reabrio-la-planta-lactea-la-suipachense\\\/\"]}]},{\"@type\":\"ImageObject\",\"inLanguage\":\"es\",\"@id\":\"https:\\\/\\\/noticiasmercedinas.com\\\/site\\\/2026\\\/07\\\/23\\\/tras-casi-diez-meses-de-inactividad-reabrio-la-planta-lactea-la-suipachense\\\/#primaryimage\",\"url\":\"https:\\\/\\\/noticiasmercedinas.com\\\/site\\\/wp-content\\\/uploads\\\/2026\\\/07\\\/IMG_20260722_173924.jpg\",\"contentUrl\":\"https:\\\/\\\/noticiasmercedinas.com\\\/site\\\/wp-content\\\/uploads\\\/2026\\\/07\\\/IMG_20260722_173924.jpg\",\"width\":720,\"height\":552},{\"@type\":\"BreadcrumbList\",\"@id\":\"https:\\\/\\\/noticiasmercedinas.com\\\/site\\\/2026\\\/07\\\/23\\\/tras-casi-diez-meses-de-inactividad-reabrio-la-planta-lactea-la-suipachense\\\/#breadcrumb\",\"itemListElement\":[{\"@type\":\"ListItem\",\"position\":1,\"name\":\"Portada\",\"item\":\"https:\\\/\\\/noticiasmercedinas.com\\\/site\\\/\"},{\"@type\":\"ListItem\",\"position\":2,\"name\":\"Tras casi diez meses de inactividad, reabri\u00f3 la planta l\u00e1ctea \u00abLa Suipachense\u00bb\"}]},{\"@type\":\"WebSite\",\"@id\":\"https:\\\/\\\/noticiasmercedinas.com\\\/site\\\/#website\",\"url\":\"https:\\\/\\\/noticiasmercedinas.com\\\/site\\\/\",\"name\":\"NOTICIASMERCEDINAS.COM\",\"description\":\"Mercedes, Buenos Aires, Argentina\",\"publisher\":{\"@id\":\"https:\\\/\\\/noticiasmercedinas.com\\\/site\\\/#organization\"},\"potentialAction\":[{\"@type\":\"SearchAction\",\"target\":{\"@type\":\"EntryPoint\",\"urlTemplate\":\"https:\\\/\\\/noticiasmercedinas.com\\\/site\\\/?s={search_term_string}\"},\"query-input\":{\"@type\":\"PropertyValueSpecification\",\"valueRequired\":true,\"valueName\":\"search_term_string\"}}],\"inLanguage\":\"es\"},{\"@type\":\"Organization\",\"@id\":\"https:\\\/\\\/noticiasmercedinas.com\\\/site\\\/#organization\",\"name\":\"NOTICIASMERCEDINAS.COM\",\"url\":\"https:\\\/\\\/noticiasmercedinas.com\\\/site\\\/\",\"logo\":{\"@type\":\"ImageObject\",\"inLanguage\":\"es\",\"@id\":\"https:\\\/\\\/noticiasmercedinas.com\\\/site\\\/#\\\/schema\\\/logo\\\/image\\\/\",\"url\":\"https:\\\/\\\/noticiasmercedinas.com\\\/site\\\/wp-content\\\/uploads\\\/2020\\\/06\\\/LOGO-512.jpg\",\"contentUrl\":\"https:\\\/\\\/noticiasmercedinas.com\\\/site\\\/wp-content\\\/uploads\\\/2020\\\/06\\\/LOGO-512.jpg\",\"width\":512,\"height\":512,\"caption\":\"NOTICIASMERCEDINAS.COM\"},\"image\":{\"@id\":\"https:\\\/\\\/noticiasmercedinas.com\\\/site\\\/#\\\/schema\\\/logo\\\/image\\\/\"},\"sameAs\":[\"https:\\\/\\\/www.facebook.com\\\/noticiasmercedinas\\\/\",\"https:\\\/\\\/x.com\\\/notmercedinas\",\"https:\\\/\\\/www.instagram.com\\\/noticiasmercedinas\\\/\"]},{\"@type\":\"Person\",\"@id\":\"https:\\\/\\\/noticiasmercedinas.com\\\/site\\\/#\\\/schema\\\/person\\\/84b59c099c28ff2e8b77d4ceec5d8063\",\"name\":\"NOTICIASMERCEDINAS.COM\",\"image\":{\"@type\":\"ImageObject\",\"inLanguage\":\"es\",\"@id\":\"https:\\\/\\\/secure.gravatar.com\\\/avatar\\\/4dfbf16b4d17945bfb6341b2d19043457132fcf478a5ee04f42e959fd8f5df0a?s=96&d=mm&r=g\",\"url\":\"https:\\\/\\\/secure.gravatar.com\\\/avatar\\\/4dfbf16b4d17945bfb6341b2d19043457132fcf478a5ee04f42e959fd8f5df0a?s=96&d=mm&r=g\",\"contentUrl\":\"https:\\\/\\\/secure.gravatar.com\\\/avatar\\\/4dfbf16b4d17945bfb6341b2d19043457132fcf478a5ee04f42e959fd8f5df0a?s=96&d=mm&r=g\",\"caption\":\"NOTICIASMERCEDINAS.COM\"},\"url\":\"https:\\\/\\\/noticiasmercedinas.com\\\/site\\\/author\\\/anonimo\\\/\"}]}<\/script>\n<!-- \/ Yoast SEO plugin. -->","yoast_head_json":{"title":"Tras casi diez meses de inactividad, reabri\u00f3 la planta l\u00e1ctea \"La Suipachense\"","description":"El establecimiento l\u00e1cteo volvi\u00f3 a poner en marcha sus instalaciones tras un extenso per\u00edodo de paralizaci\u00f3n. Desde el Municipio de Suipacha acompa\u00f1an el proceso para su habilitaci\u00f3n definitiva e inclusi\u00f3n en el R\u00e9gimen de Promoci\u00f3n Industrial.","robots":{"index":"index","follow":"follow","max-snippet":"max-snippet:-1","max-image-preview":"max-image-preview:large","max-video-preview":"max-video-preview:-1"},"canonical":"https:\/\/noticiasmercedinas.com\/site\/2026\/07\/23\/tras-casi-diez-meses-de-inactividad-reabrio-la-planta-lactea-la-suipachense\/","og_locale":"es_ES","og_type":"article","og_title":"Tras casi diez meses de inactividad, reabri\u00f3 la planta l\u00e1ctea \"La Suipachense\"","og_description":"El establecimiento l\u00e1cteo volvi\u00f3 a poner en marcha sus instalaciones tras un extenso per\u00edodo de paralizaci\u00f3n. Desde el Municipio de Suipacha acompa\u00f1an el proceso para su habilitaci\u00f3n definitiva e inclusi\u00f3n en el R\u00e9gimen de Promoci\u00f3n Industrial.","og_url":"https:\/\/noticiasmercedinas.com\/site\/2026\/07\/23\/tras-casi-diez-meses-de-inactividad-reabrio-la-planta-lactea-la-suipachense\/","og_site_name":"NOTICIASMERCEDINAS.COM","article_publisher":"https:\/\/www.facebook.com\/noticiasmercedinas\/","article_published_time":"2026-07-23T12:41:55+00:00","og_image":[{"width":720,"height":552,"url":"https:\/\/noticiasmercedinas.com\/site\/wp-content\/uploads\/2026\/07\/IMG_20260722_173924.jpg","type":"image\/jpeg"}],"author":"NOTICIASMERCEDINAS.COM","twitter_card":"summary_large_image","twitter_creator":"@notmercedinas","twitter_site":"@notmercedinas","twitter_misc":{"Escrito por":"NOTICIASMERCEDINAS.COM","Tiempo de lectura":"2 minutos"},"schema":{"@context":"https:\/\/schema.org","@graph":[{"@type":"Article","@id":"https:\/\/noticiasmercedinas.com\/site\/2026\/07\/23\/tras-casi-diez-meses-de-inactividad-reabrio-la-planta-lactea-la-suipachense\/#article","isPartOf":{"@id":"https:\/\/noticiasmercedinas.com\/site\/2026\/07\/23\/tras-casi-diez-meses-de-inactividad-reabrio-la-planta-lactea-la-suipachense\/"},"author":{"name":"NOTICIASMERCEDINAS.COM","@id":"https:\/\/noticiasmercedinas.com\/site\/#\/schema\/person\/84b59c099c28ff2e8b77d4ceec5d8063"},"headline":"Tras casi diez meses de inactividad, reabri\u00f3 la planta l\u00e1ctea \u00abLa Suipachense\u00bb","datePublished":"2026-07-23T12:41:55+00:00","mainEntityOfPage":{"@id":"https:\/\/noticiasmercedinas.com\/site\/2026\/07\/23\/tras-casi-diez-meses-de-inactividad-reabrio-la-planta-lactea-la-suipachense\/"},"wordCount":207,"publisher":{"@id":"https:\/\/noticiasmercedinas.com\/site\/#organization"},"image":{"@id":"https:\/\/noticiasmercedinas.com\/site\/2026\/07\/23\/tras-casi-diez-meses-de-inactividad-reabrio-la-planta-lactea-la-suipachense\/#primaryimage"},"thumbnailUrl":"https:\/\/noticiasmercedinas.com\/site\/wp-content\/uploads\/2026\/07\/IMG_20260722_173924.jpg","keywords":["La Suipachense","lacteos","suipacha"],"articleSection":["Regionales"],"inLanguage":"es"},{"@type":"WebPage","@id":"https:\/\/noticiasmercedinas.com\/site\/2026\/07\/23\/tras-casi-diez-meses-de-inactividad-reabrio-la-planta-lactea-la-suipachense\/","url":"https:\/\/noticiasmercedinas.com\/site\/2026\/07\/23\/tras-casi-diez-meses-de-inactividad-reabrio-la-planta-lactea-la-suipachense\/","name":"Tras casi diez meses de inactividad, reabri\u00f3 la planta l\u00e1ctea \"La Suipachense\"","isPartOf":{"@id":"https:\/\/noticiasmercedinas.com\/site\/#website"},"primaryImageOfPage":{"@id":"https:\/\/noticiasmercedinas.com\/site\/2026\/07\/23\/tras-casi-diez-meses-de-inactividad-reabrio-la-planta-lactea-la-suipachense\/#primaryimage"},"image":{"@id":"https:\/\/noticiasmercedinas.com\/site\/2026\/07\/23\/tras-casi-diez-meses-de-inactividad-reabrio-la-planta-lactea-la-suipachense\/#primaryimage"},"thumbnailUrl":"https:\/\/noticiasmercedinas.com\/site\/wp-content\/uploads\/2026\/07\/IMG_20260722_173924.jpg","datePublished":"2026-07-23T12:41:55+00:00","description":"El establecimiento l\u00e1cteo volvi\u00f3 a poner en marcha sus instalaciones tras un extenso per\u00edodo de paralizaci\u00f3n. Desde el Municipio de Suipacha acompa\u00f1an el proceso para su habilitaci\u00f3n definitiva e inclusi\u00f3n en el R\u00e9gimen de Promoci\u00f3n Industrial.","breadcrumb":{"@id":"https:\/\/noticiasmercedinas.com\/site\/2026\/07\/23\/tras-casi-diez-meses-de-inactividad-reabrio-la-planta-lactea-la-suipachense\/#breadcrumb"},"inLanguage":"es","potentialAction":[{"@type":"ReadAction","target":["https:\/\/noticiasmercedinas.com\/site\/2026\/07\/23\/tras-casi-diez-meses-de-inactividad-reabrio-la-planta-lactea-la-suipachense\/"]}]},{"@type":"ImageObject","inLanguage":"es","@id":"https:\/\/noticiasmercedinas.com\/site\/2026\/07\/23\/tras-casi-diez-meses-de-inactividad-reabrio-la-planta-lactea-la-suipachense\/#primaryimage","url":"https:\/\/noticiasmercedinas.com\/site\/wp-content\/uploads\/2026\/07\/IMG_20260722_173924.jpg","contentUrl":"https:\/\/noticiasmercedinas.com\/site\/wp-content\/uploads\/2026\/07\/IMG_20260722_173924.jpg","width":720,"height":552},{"@type":"BreadcrumbList","@id":"https:\/\/noticiasmercedinas.com\/site\/2026\/07\/23\/tras-casi-diez-meses-de-inactividad-reabrio-la-planta-lactea-la-suipachense\/#breadcrumb","itemListElement":[{"@type":"ListItem","position":1,"name":"Portada","item":"https:\/\/noticiasmercedinas.com\/site\/"},{"@type":"ListItem","position":2,"name":"Tras casi diez meses de inactividad, reabri\u00f3 la planta l\u00e1ctea \u00abLa Suipachense\u00bb"}]},{"@type":"WebSite","@id":"https:\/\/noticiasmercedinas.com\/site\/#website","url":"https:\/\/noticiasmercedinas.com\/site\/","name":"NOTICIASMERCEDINAS.COM","description":"Mercedes, Buenos Aires, Argentina","publisher":{"@id":"https:\/\/noticiasmercedinas.com\/site\/#organization"},"potentialAction":[{"@type":"SearchAction","target":{"@type":"EntryPoint","urlTemplate":"https:\/\/noticiasmercedinas.com\/site\/?s={search_term_string}"},"query-input":{"@type":"PropertyValueSpecification","valueRequired":true,"valueName":"search_term_string"}}],"inLanguage":"es"},{"@type":"Organization","@id":"https:\/\/noticiasmercedinas.com\/site\/#organization","name":"NOTICIASMERCEDINAS.COM","url":"https:\/\/noticiasmercedinas.com\/site\/","logo":{"@type":"ImageObject","inLanguage":"es","@id":"https:\/\/noticiasmercedinas.com\/site\/#\/schema\/logo\/image\/","url":"https:\/\/noticiasmercedinas.com\/site\/wp-content\/uploads\/2020\/06\/LOGO-512.jpg","contentUrl":"https:\/\/noticiasmercedinas.com\/site\/wp-content\/uploads\/2020\/06\/LOGO-512.jpg","width":512,"height":512,"caption":"NOTICIASMERCEDINAS.COM"},"image":{"@id":"https:\/\/noticiasmercedinas.com\/site\/#\/schema\/logo\/image\/"},"sameAs":["https:\/\/www.facebook.com\/noticiasmercedinas\/","https:\/\/x.com\/notmercedinas","https:\/\/www.instagram.com\/noticiasmercedinas\/"]},{"@type":"Person","@id":"https:\/\/noticiasmercedinas.com\/site\/#\/schema\/person\/84b59c099c28ff2e8b77d4ceec5d8063","name":"NOTICIASMERCEDINAS.COM","image":{"@type":"ImageObject","inLanguage":"es","@id":"https:\/\/secure.gravatar.com\/avatar\/4dfbf16b4d17945bfb6341b2d19043457132fcf478a5ee04f42e959fd8f5df0a?s=96&d=mm&r=g","url":"https:\/\/secure.gravatar.com\/avatar\/4dfbf16b4d17945bfb6341b2d19043457132fcf478a5ee04f42e959fd8f5df0a?s=96&d=mm&r=g","contentUrl":"https:\/\/secure.gravatar.com\/avatar\/4dfbf16b4d17945bfb6341b2d19043457132fcf478a5ee04f42e959fd8f5df0a?s=96&d=mm&r=g","caption":"NOTICIASMERCEDINAS.COM"},"url":"https:\/\/noticiasmercedinas.com\/site\/author\/anonimo\/"}]}},"amp_enabled":true,"_links":{"self":[{"href":"https:\/\/noticiasmercedinas.com\/site\/wp-json\/wp\/v2\/posts\/191245","targetHints":{"allow":["GET"]}}],"collection":[{"href":"https:\/\/noticiasmercedinas.com\/site\/wp-json\/wp\/v2\/posts"}],"about":[{"href":"https:\/\/noticiasmercedinas.com\/site\/wp-json\/wp\/v2\/types\/post"}],"author":[{"embeddable":true,"href":"https:\/\/noticiasmercedinas.com\/site\/wp-json\/wp\/v2\/users\/16"}],"replies":[{"embeddable":true,"href":"https:\/\/noticiasmercedinas.com\/site\/wp-json\/wp\/v2\/comments?post=191245"}],"version-history":[{"count":2,"href":"https:\/\/noticiasmercedinas.com\/site\/wp-json\/wp\/v2\/posts\/191245\/revisions"}],"predecessor-version":[{"id":191273,"href":"https:\/\/noticiasmercedinas.com\/site\/wp-json\/wp\/v2\/posts\/191245\/revisions\/191273"}],"wp:featuredmedia":[{"embeddable":true,"href":"https:\/\/noticiasmercedinas.com\/site\/wp-json\/wp\/v2\/media\/191272"}],"wp:attachment":[{"href":"https:\/\/noticiasmercedinas.com\/site\/wp-json\/wp\/v2\/media?parent=191245"}],"wp:term":[{"taxonomy":"category","embeddable":true,"href":"https:\/\/noticiasmercedinas.com\/site\/wp-json\/wp\/v2\/categories?post=191245"},{"taxonomy":"post_tag","embeddable":true,"href":"https:\/\/noticiasmercedinas.com\/site\/wp-json\/wp\/v2\/tags?post=191245"}],"curies":[{"name":"wp","href":"https:\/\/api.w.org\/{rel}","templated":true}]}}