{"id":191280,"date":"2026-07-23T11:00:08","date_gmt":"2026-07-23T14:00:08","guid":{"rendered":"https:\/\/noticiasmercedinas.com\/site\/?p=191280"},"modified":"2026-07-23T11:00:08","modified_gmt":"2026-07-23T14:00:08","slug":"cgt-regional-mercedes-acompano-la-inauguracion-de-espacio-politico-y-sindical-en-lujan","status":"publish","type":"post","link":"https:\/\/noticiasmercedinas.com\/site\/2026\/07\/23\/cgt-regional-mercedes-acompano-la-inauguracion-de-espacio-politico-y-sindical-en-lujan\/","title":{"rendered":"CGT Regional Mercedes acompa\u00f1\u00f3 la inauguraci\u00f3n de espacio pol\u00edtico y sindical en Luj\u00e1n"},"content":{"rendered":"<p><img loading=\"lazy\" decoding=\"async\" class=\"alignnone size-full wp-image-191282\" src=\"https:\/\/noticiasmercedinas.com\/site\/wp-content\/uploads\/2026\/07\/IMG_20260723_104829.jpg\" alt=\"\" width=\"720\" height=\"518\" srcset=\"https:\/\/noticiasmercedinas.com\/site\/wp-content\/uploads\/2026\/07\/IMG_20260723_104829.jpg 720w, https:\/\/noticiasmercedinas.com\/site\/wp-content\/uploads\/2026\/07\/IMG_20260723_104829-300x216.jpg 300w, https:\/\/noticiasmercedinas.com\/site\/wp-content\/uploads\/2026\/07\/IMG_20260723_104829-640x460.jpg 640w, https:\/\/noticiasmercedinas.com\/site\/wp-content\/uploads\/2026\/07\/IMG_20260723_104829-681x490.jpg 681w\" sizes=\"auto, (max-width: 720px) 100vw, 720px\" \/><\/p>\n<p>Dirigentes de la central obrera dijeron presente en la apertura de la Casa Compa\u00f1era \u201cReconstrucci\u00f3n Peronista\u201d, perteneciente al Movimiento Derecho al Futuro. El acto cont\u00f3 con la presencia del ministro de Trabajo bonaerense, Walter Correa.<\/p>\n<p>L\u00daJAN \/ MERCEDES. \u2014 La CGT Regional Mercedes, Navarro y San Andr\u00e9s de Giles form\u00f3 parte de la inauguraci\u00f3n formal de la Casa Compa\u00f1era \u201cReconstrucci\u00f3n Peronista\u201d, un nuevo punto de encuentro y articulaci\u00f3n pertenecientes al Movimiento Derecho al Futuro en la ciudad de Luj\u00e1n.<\/p>\n<p>El encuentro gremial y pol\u00edtico cont\u00f3 con la participaci\u00f3n central del ministro de Trabajo de la provincia de Buenos Aires, Walter Correa, acompa\u00f1ado por dirigentes sindicales, referentes de la zona y militantes de toda la regi\u00f3n. Durante la jornada, se abord\u00f3 la necesidad de fortalecer los lazos organizativos territoriales para dar respuesta a la coyuntura que atraviesa el sector productivo y laboral.<\/p>\n<p>En ese sentido, el ministro Correa destac\u00f3 a trav\u00e9s de sus canales oficiales la relevancia de esta nueva sede de organizaci\u00f3n: \u00abLa alternativa al industricidio y a la destrucci\u00f3n del empleo en nuestro pa\u00eds la construimos con organizaci\u00f3n y militancia\u00bb, remarc\u00f3 el titular de la cartera laboral bonaerense.<\/p>\n<p>Por su parte, los representantes de la CGT Regional enfatizaron la trascendencia de respaldar la creaci\u00f3n de \u00e1mbitos que impulsen la participaci\u00f3n, el di\u00e1logo y la resistencia colectiva frente a la compleja realidad socioecon\u00f3mica que impacta sobre las trabajadoras y los trabajadores.<\/p>\n<p>Esta acci\u00f3n en la vecina localidad de Luj\u00e1n se alinea con el trabajo articulado que la conducci\u00f3n regional sostiene habitualmente junto a diversos espacios sociales, pol\u00edticos y sindicales, manteniendo como ejes prioritarios la defensa irrestricta del empleo formal, el desarrollo de la producci\u00f3n nacional y el resguardo de los derechos laborales conquistados.<\/p>\n","protected":false},"excerpt":{"rendered":"<p>Dirigentes de la central obrera dijeron presente en la apertura de la Casa Compa\u00f1era \u201cReconstrucci\u00f3n Peronista\u201d, perteneciente al Movimiento Derecho al Futuro. El acto cont\u00f3 con la presencia del ministro de Trabajo bonaerense, Walter Correa<\/p>\n","protected":false},"author":16,"featured_media":191282,"comment_status":"closed","ping_status":"closed","sticky":false,"template":"","format":"standard","meta":{"footnotes":""},"categories":[16],"tags":[4066,14772,40,21928],"class_list":["post-191280","post","type-post","status-publish","format-standard","has-post-thumbnail","hentry","category-politica","tag-cgt","tag-cgt-regional","tag-lujan","tag-mdf"],"yoast_head":"<!-- This site is optimized with the Yoast SEO plugin v28.3 - https:\/\/yoast.com\/product\/yoast-seo-wordpress\/ -->\n<title>CGT Regional Mercedes acompa\u00f1\u00f3 la inauguraci\u00f3n de espacio pol\u00edtico y sindical en Luj\u00e1n<\/title>\n<meta name=\"description\" content=\"Dirigentes de la central obrera dijeron presente en la apertura de la Casa Compa\u00f1era \u201cReconstrucci\u00f3n Peronista\u201d, perteneciente al Movimiento Derecho al Futuro. El acto cont\u00f3 con la presencia del ministro de Trabajo bonaerense, Walter Correa\" \/>\n<meta name=\"robots\" content=\"index, follow, max-snippet:-1, max-image-preview:large, max-video-preview:-1\" \/>\n<link rel=\"canonical\" href=\"https:\/\/noticiasmercedinas.com\/site\/2026\/07\/23\/cgt-regional-mercedes-acompano-la-inauguracion-de-espacio-politico-y-sindical-en-lujan\/\" \/>\n<meta property=\"og:locale\" content=\"es_ES\" \/>\n<meta property=\"og:type\" content=\"article\" \/>\n<meta property=\"og:title\" content=\"CGT Regional Mercedes acompa\u00f1\u00f3 la inauguraci\u00f3n de espacio pol\u00edtico y sindical en Luj\u00e1n\" \/>\n<meta property=\"og:description\" content=\"Dirigentes de la central obrera dijeron presente en la apertura de la Casa Compa\u00f1era \u201cReconstrucci\u00f3n Peronista\u201d, perteneciente al Movimiento Derecho al Futuro. El acto cont\u00f3 con la presencia del ministro de Trabajo bonaerense, Walter Correa\" \/>\n<meta property=\"og:url\" content=\"https:\/\/noticiasmercedinas.com\/site\/2026\/07\/23\/cgt-regional-mercedes-acompano-la-inauguracion-de-espacio-politico-y-sindical-en-lujan\/\" \/>\n<meta property=\"og:site_name\" content=\"NOTICIASMERCEDINAS.COM\" \/>\n<meta property=\"article:publisher\" content=\"https:\/\/www.facebook.com\/noticiasmercedinas\/\" \/>\n<meta property=\"article:published_time\" content=\"2026-07-23T14:00:08+00:00\" \/>\n<meta property=\"og:image\" content=\"https:\/\/noticiasmercedinas.com\/site\/wp-content\/uploads\/2026\/07\/IMG_20260723_104829.jpg\" \/>\n\t<meta property=\"og:image:width\" content=\"720\" \/>\n\t<meta property=\"og:image:height\" content=\"518\" \/>\n\t<meta property=\"og:image:type\" content=\"image\/jpeg\" \/>\n<meta name=\"author\" content=\"NOTICIASMERCEDINAS.COM\" \/>\n<meta name=\"twitter:card\" content=\"summary_large_image\" \/>\n<meta name=\"twitter:creator\" content=\"@notmercedinas\" \/>\n<meta name=\"twitter:site\" content=\"@notmercedinas\" \/>\n<meta name=\"twitter:label1\" content=\"Escrito por\" \/>\n\t<meta name=\"twitter:data1\" content=\"NOTICIASMERCEDINAS.COM\" \/>\n\t<meta name=\"twitter:label2\" content=\"Tiempo de lectura\" \/>\n\t<meta name=\"twitter:data2\" content=\"2 minutos\" \/>\n<script type=\"application\/ld+json\" class=\"yoast-schema-graph\">{\"@context\":\"https:\\\/\\\/schema.org\",\"@graph\":[{\"@type\":\"Article\",\"@id\":\"https:\\\/\\\/noticiasmercedinas.com\\\/site\\\/2026\\\/07\\\/23\\\/cgt-regional-mercedes-acompano-la-inauguracion-de-espacio-politico-y-sindical-en-lujan\\\/#article\",\"isPartOf\":{\"@id\":\"https:\\\/\\\/noticiasmercedinas.com\\\/site\\\/2026\\\/07\\\/23\\\/cgt-regional-mercedes-acompano-la-inauguracion-de-espacio-politico-y-sindical-en-lujan\\\/\"},\"author\":{\"name\":\"NOTICIASMERCEDINAS.COM\",\"@id\":\"https:\\\/\\\/noticiasmercedinas.com\\\/site\\\/#\\\/schema\\\/person\\\/84b59c099c28ff2e8b77d4ceec5d8063\"},\"headline\":\"CGT Regional Mercedes acompa\u00f1\u00f3 la inauguraci\u00f3n de espacio pol\u00edtico y sindical en Luj\u00e1n\",\"datePublished\":\"2026-07-23T14:00:08+00:00\",\"mainEntityOfPage\":{\"@id\":\"https:\\\/\\\/noticiasmercedinas.com\\\/site\\\/2026\\\/07\\\/23\\\/cgt-regional-mercedes-acompano-la-inauguracion-de-espacio-politico-y-sindical-en-lujan\\\/\"},\"wordCount\":324,\"publisher\":{\"@id\":\"https:\\\/\\\/noticiasmercedinas.com\\\/site\\\/#organization\"},\"image\":{\"@id\":\"https:\\\/\\\/noticiasmercedinas.com\\\/site\\\/2026\\\/07\\\/23\\\/cgt-regional-mercedes-acompano-la-inauguracion-de-espacio-politico-y-sindical-en-lujan\\\/#primaryimage\"},\"thumbnailUrl\":\"https:\\\/\\\/noticiasmercedinas.com\\\/site\\\/wp-content\\\/uploads\\\/2026\\\/07\\\/IMG_20260723_104829.jpg\",\"keywords\":[\"cgt\",\"cgt regional\",\"lujan\",\"MDF\"],\"articleSection\":[\"Politica\"],\"inLanguage\":\"es\"},{\"@type\":\"WebPage\",\"@id\":\"https:\\\/\\\/noticiasmercedinas.com\\\/site\\\/2026\\\/07\\\/23\\\/cgt-regional-mercedes-acompano-la-inauguracion-de-espacio-politico-y-sindical-en-lujan\\\/\",\"url\":\"https:\\\/\\\/noticiasmercedinas.com\\\/site\\\/2026\\\/07\\\/23\\\/cgt-regional-mercedes-acompano-la-inauguracion-de-espacio-politico-y-sindical-en-lujan\\\/\",\"name\":\"CGT Regional Mercedes acompa\u00f1\u00f3 la inauguraci\u00f3n de espacio pol\u00edtico y sindical en Luj\u00e1n\",\"isPartOf\":{\"@id\":\"https:\\\/\\\/noticiasmercedinas.com\\\/site\\\/#website\"},\"primaryImageOfPage\":{\"@id\":\"https:\\\/\\\/noticiasmercedinas.com\\\/site\\\/2026\\\/07\\\/23\\\/cgt-regional-mercedes-acompano-la-inauguracion-de-espacio-politico-y-sindical-en-lujan\\\/#primaryimage\"},\"image\":{\"@id\":\"https:\\\/\\\/noticiasmercedinas.com\\\/site\\\/2026\\\/07\\\/23\\\/cgt-regional-mercedes-acompano-la-inauguracion-de-espacio-politico-y-sindical-en-lujan\\\/#primaryimage\"},\"thumbnailUrl\":\"https:\\\/\\\/noticiasmercedinas.com\\\/site\\\/wp-content\\\/uploads\\\/2026\\\/07\\\/IMG_20260723_104829.jpg\",\"datePublished\":\"2026-07-23T14:00:08+00:00\",\"description\":\"Dirigentes de la central obrera dijeron presente en la apertura de la Casa Compa\u00f1era \u201cReconstrucci\u00f3n Peronista\u201d, perteneciente al Movimiento Derecho al Futuro. El acto cont\u00f3 con la presencia del ministro de Trabajo bonaerense, Walter Correa\",\"breadcrumb\":{\"@id\":\"https:\\\/\\\/noticiasmercedinas.com\\\/site\\\/2026\\\/07\\\/23\\\/cgt-regional-mercedes-acompano-la-inauguracion-de-espacio-politico-y-sindical-en-lujan\\\/#breadcrumb\"},\"inLanguage\":\"es\",\"potentialAction\":[{\"@type\":\"ReadAction\",\"target\":[\"https:\\\/\\\/noticiasmercedinas.com\\\/site\\\/2026\\\/07\\\/23\\\/cgt-regional-mercedes-acompano-la-inauguracion-de-espacio-politico-y-sindical-en-lujan\\\/\"]}]},{\"@type\":\"ImageObject\",\"inLanguage\":\"es\",\"@id\":\"https:\\\/\\\/noticiasmercedinas.com\\\/site\\\/2026\\\/07\\\/23\\\/cgt-regional-mercedes-acompano-la-inauguracion-de-espacio-politico-y-sindical-en-lujan\\\/#primaryimage\",\"url\":\"https:\\\/\\\/noticiasmercedinas.com\\\/site\\\/wp-content\\\/uploads\\\/2026\\\/07\\\/IMG_20260723_104829.jpg\",\"contentUrl\":\"https:\\\/\\\/noticiasmercedinas.com\\\/site\\\/wp-content\\\/uploads\\\/2026\\\/07\\\/IMG_20260723_104829.jpg\",\"width\":720,\"height\":518},{\"@type\":\"BreadcrumbList\",\"@id\":\"https:\\\/\\\/noticiasmercedinas.com\\\/site\\\/2026\\\/07\\\/23\\\/cgt-regional-mercedes-acompano-la-inauguracion-de-espacio-politico-y-sindical-en-lujan\\\/#breadcrumb\",\"itemListElement\":[{\"@type\":\"ListItem\",\"position\":1,\"name\":\"Portada\",\"item\":\"https:\\\/\\\/noticiasmercedinas.com\\\/site\\\/\"},{\"@type\":\"ListItem\",\"position\":2,\"name\":\"CGT Regional Mercedes acompa\u00f1\u00f3 la inauguraci\u00f3n de espacio pol\u00edtico y sindical en Luj\u00e1n\"}]},{\"@type\":\"WebSite\",\"@id\":\"https:\\\/\\\/noticiasmercedinas.com\\\/site\\\/#website\",\"url\":\"https:\\\/\\\/noticiasmercedinas.com\\\/site\\\/\",\"name\":\"NOTICIASMERCEDINAS.COM\",\"description\":\"Mercedes, Buenos Aires, Argentina\",\"publisher\":{\"@id\":\"https:\\\/\\\/noticiasmercedinas.com\\\/site\\\/#organization\"},\"potentialAction\":[{\"@type\":\"SearchAction\",\"target\":{\"@type\":\"EntryPoint\",\"urlTemplate\":\"https:\\\/\\\/noticiasmercedinas.com\\\/site\\\/?s={search_term_string}\"},\"query-input\":{\"@type\":\"PropertyValueSpecification\",\"valueRequired\":true,\"valueName\":\"search_term_string\"}}],\"inLanguage\":\"es\"},{\"@type\":\"Organization\",\"@id\":\"https:\\\/\\\/noticiasmercedinas.com\\\/site\\\/#organization\",\"name\":\"NOTICIASMERCEDINAS.COM\",\"url\":\"https:\\\/\\\/noticiasmercedinas.com\\\/site\\\/\",\"logo\":{\"@type\":\"ImageObject\",\"inLanguage\":\"es\",\"@id\":\"https:\\\/\\\/noticiasmercedinas.com\\\/site\\\/#\\\/schema\\\/logo\\\/image\\\/\",\"url\":\"https:\\\/\\\/noticiasmercedinas.com\\\/site\\\/wp-content\\\/uploads\\\/2020\\\/06\\\/LOGO-512.jpg\",\"contentUrl\":\"https:\\\/\\\/noticiasmercedinas.com\\\/site\\\/wp-content\\\/uploads\\\/2020\\\/06\\\/LOGO-512.jpg\",\"width\":512,\"height\":512,\"caption\":\"NOTICIASMERCEDINAS.COM\"},\"image\":{\"@id\":\"https:\\\/\\\/noticiasmercedinas.com\\\/site\\\/#\\\/schema\\\/logo\\\/image\\\/\"},\"sameAs\":[\"https:\\\/\\\/www.facebook.com\\\/noticiasmercedinas\\\/\",\"https:\\\/\\\/x.com\\\/notmercedinas\",\"https:\\\/\\\/www.instagram.com\\\/noticiasmercedinas\\\/\"]},{\"@type\":\"Person\",\"@id\":\"https:\\\/\\\/noticiasmercedinas.com\\\/site\\\/#\\\/schema\\\/person\\\/84b59c099c28ff2e8b77d4ceec5d8063\",\"name\":\"NOTICIASMERCEDINAS.COM\",\"image\":{\"@type\":\"ImageObject\",\"inLanguage\":\"es\",\"@id\":\"https:\\\/\\\/secure.gravatar.com\\\/avatar\\\/4dfbf16b4d17945bfb6341b2d19043457132fcf478a5ee04f42e959fd8f5df0a?s=96&d=mm&r=g\",\"url\":\"https:\\\/\\\/secure.gravatar.com\\\/avatar\\\/4dfbf16b4d17945bfb6341b2d19043457132fcf478a5ee04f42e959fd8f5df0a?s=96&d=mm&r=g\",\"contentUrl\":\"https:\\\/\\\/secure.gravatar.com\\\/avatar\\\/4dfbf16b4d17945bfb6341b2d19043457132fcf478a5ee04f42e959fd8f5df0a?s=96&d=mm&r=g\",\"caption\":\"NOTICIASMERCEDINAS.COM\"},\"url\":\"https:\\\/\\\/noticiasmercedinas.com\\\/site\\\/author\\\/anonimo\\\/\"}]}<\/script>\n<!-- \/ Yoast SEO plugin. -->","yoast_head_json":{"title":"CGT Regional Mercedes acompa\u00f1\u00f3 la inauguraci\u00f3n de espacio pol\u00edtico y sindical en Luj\u00e1n","description":"Dirigentes de la central obrera dijeron presente en la apertura de la Casa Compa\u00f1era \u201cReconstrucci\u00f3n Peronista\u201d, perteneciente al Movimiento Derecho al Futuro. El acto cont\u00f3 con la presencia del ministro de Trabajo bonaerense, Walter Correa","robots":{"index":"index","follow":"follow","max-snippet":"max-snippet:-1","max-image-preview":"max-image-preview:large","max-video-preview":"max-video-preview:-1"},"canonical":"https:\/\/noticiasmercedinas.com\/site\/2026\/07\/23\/cgt-regional-mercedes-acompano-la-inauguracion-de-espacio-politico-y-sindical-en-lujan\/","og_locale":"es_ES","og_type":"article","og_title":"CGT Regional Mercedes acompa\u00f1\u00f3 la inauguraci\u00f3n de espacio pol\u00edtico y sindical en Luj\u00e1n","og_description":"Dirigentes de la central obrera dijeron presente en la apertura de la Casa Compa\u00f1era \u201cReconstrucci\u00f3n Peronista\u201d, perteneciente al Movimiento Derecho al Futuro. El acto cont\u00f3 con la presencia del ministro de Trabajo bonaerense, Walter Correa","og_url":"https:\/\/noticiasmercedinas.com\/site\/2026\/07\/23\/cgt-regional-mercedes-acompano-la-inauguracion-de-espacio-politico-y-sindical-en-lujan\/","og_site_name":"NOTICIASMERCEDINAS.COM","article_publisher":"https:\/\/www.facebook.com\/noticiasmercedinas\/","article_published_time":"2026-07-23T14:00:08+00:00","og_image":[{"width":720,"height":518,"url":"https:\/\/noticiasmercedinas.com\/site\/wp-content\/uploads\/2026\/07\/IMG_20260723_104829.jpg","type":"image\/jpeg"}],"author":"NOTICIASMERCEDINAS.COM","twitter_card":"summary_large_image","twitter_creator":"@notmercedinas","twitter_site":"@notmercedinas","twitter_misc":{"Escrito por":"NOTICIASMERCEDINAS.COM","Tiempo de lectura":"2 minutos"},"schema":{"@context":"https:\/\/schema.org","@graph":[{"@type":"Article","@id":"https:\/\/noticiasmercedinas.com\/site\/2026\/07\/23\/cgt-regional-mercedes-acompano-la-inauguracion-de-espacio-politico-y-sindical-en-lujan\/#article","isPartOf":{"@id":"https:\/\/noticiasmercedinas.com\/site\/2026\/07\/23\/cgt-regional-mercedes-acompano-la-inauguracion-de-espacio-politico-y-sindical-en-lujan\/"},"author":{"name":"NOTICIASMERCEDINAS.COM","@id":"https:\/\/noticiasmercedinas.com\/site\/#\/schema\/person\/84b59c099c28ff2e8b77d4ceec5d8063"},"headline":"CGT Regional Mercedes acompa\u00f1\u00f3 la inauguraci\u00f3n de espacio pol\u00edtico y sindical en Luj\u00e1n","datePublished":"2026-07-23T14:00:08+00:00","mainEntityOfPage":{"@id":"https:\/\/noticiasmercedinas.com\/site\/2026\/07\/23\/cgt-regional-mercedes-acompano-la-inauguracion-de-espacio-politico-y-sindical-en-lujan\/"},"wordCount":324,"publisher":{"@id":"https:\/\/noticiasmercedinas.com\/site\/#organization"},"image":{"@id":"https:\/\/noticiasmercedinas.com\/site\/2026\/07\/23\/cgt-regional-mercedes-acompano-la-inauguracion-de-espacio-politico-y-sindical-en-lujan\/#primaryimage"},"thumbnailUrl":"https:\/\/noticiasmercedinas.com\/site\/wp-content\/uploads\/2026\/07\/IMG_20260723_104829.jpg","keywords":["cgt","cgt regional","lujan","MDF"],"articleSection":["Politica"],"inLanguage":"es"},{"@type":"WebPage","@id":"https:\/\/noticiasmercedinas.com\/site\/2026\/07\/23\/cgt-regional-mercedes-acompano-la-inauguracion-de-espacio-politico-y-sindical-en-lujan\/","url":"https:\/\/noticiasmercedinas.com\/site\/2026\/07\/23\/cgt-regional-mercedes-acompano-la-inauguracion-de-espacio-politico-y-sindical-en-lujan\/","name":"CGT Regional Mercedes acompa\u00f1\u00f3 la inauguraci\u00f3n de espacio pol\u00edtico y sindical en Luj\u00e1n","isPartOf":{"@id":"https:\/\/noticiasmercedinas.com\/site\/#website"},"primaryImageOfPage":{"@id":"https:\/\/noticiasmercedinas.com\/site\/2026\/07\/23\/cgt-regional-mercedes-acompano-la-inauguracion-de-espacio-politico-y-sindical-en-lujan\/#primaryimage"},"image":{"@id":"https:\/\/noticiasmercedinas.com\/site\/2026\/07\/23\/cgt-regional-mercedes-acompano-la-inauguracion-de-espacio-politico-y-sindical-en-lujan\/#primaryimage"},"thumbnailUrl":"https:\/\/noticiasmercedinas.com\/site\/wp-content\/uploads\/2026\/07\/IMG_20260723_104829.jpg","datePublished":"2026-07-23T14:00:08+00:00","description":"Dirigentes de la central obrera dijeron presente en la apertura de la Casa Compa\u00f1era \u201cReconstrucci\u00f3n Peronista\u201d, perteneciente al Movimiento Derecho al Futuro. El acto cont\u00f3 con la presencia del ministro de Trabajo bonaerense, Walter Correa","breadcrumb":{"@id":"https:\/\/noticiasmercedinas.com\/site\/2026\/07\/23\/cgt-regional-mercedes-acompano-la-inauguracion-de-espacio-politico-y-sindical-en-lujan\/#breadcrumb"},"inLanguage":"es","potentialAction":[{"@type":"ReadAction","target":["https:\/\/noticiasmercedinas.com\/site\/2026\/07\/23\/cgt-regional-mercedes-acompano-la-inauguracion-de-espacio-politico-y-sindical-en-lujan\/"]}]},{"@type":"ImageObject","inLanguage":"es","@id":"https:\/\/noticiasmercedinas.com\/site\/2026\/07\/23\/cgt-regional-mercedes-acompano-la-inauguracion-de-espacio-politico-y-sindical-en-lujan\/#primaryimage","url":"https:\/\/noticiasmercedinas.com\/site\/wp-content\/uploads\/2026\/07\/IMG_20260723_104829.jpg","contentUrl":"https:\/\/noticiasmercedinas.com\/site\/wp-content\/uploads\/2026\/07\/IMG_20260723_104829.jpg","width":720,"height":518},{"@type":"BreadcrumbList","@id":"https:\/\/noticiasmercedinas.com\/site\/2026\/07\/23\/cgt-regional-mercedes-acompano-la-inauguracion-de-espacio-politico-y-sindical-en-lujan\/#breadcrumb","itemListElement":[{"@type":"ListItem","position":1,"name":"Portada","item":"https:\/\/noticiasmercedinas.com\/site\/"},{"@type":"ListItem","position":2,"name":"CGT Regional Mercedes acompa\u00f1\u00f3 la inauguraci\u00f3n de espacio pol\u00edtico y sindical en Luj\u00e1n"}]},{"@type":"WebSite","@id":"https:\/\/noticiasmercedinas.com\/site\/#website","url":"https:\/\/noticiasmercedinas.com\/site\/","name":"NOTICIASMERCEDINAS.COM","description":"Mercedes, Buenos Aires, Argentina","publisher":{"@id":"https:\/\/noticiasmercedinas.com\/site\/#organization"},"potentialAction":[{"@type":"SearchAction","target":{"@type":"EntryPoint","urlTemplate":"https:\/\/noticiasmercedinas.com\/site\/?s={search_term_string}"},"query-input":{"@type":"PropertyValueSpecification","valueRequired":true,"valueName":"search_term_string"}}],"inLanguage":"es"},{"@type":"Organization","@id":"https:\/\/noticiasmercedinas.com\/site\/#organization","name":"NOTICIASMERCEDINAS.COM","url":"https:\/\/noticiasmercedinas.com\/site\/","logo":{"@type":"ImageObject","inLanguage":"es","@id":"https:\/\/noticiasmercedinas.com\/site\/#\/schema\/logo\/image\/","url":"https:\/\/noticiasmercedinas.com\/site\/wp-content\/uploads\/2020\/06\/LOGO-512.jpg","contentUrl":"https:\/\/noticiasmercedinas.com\/site\/wp-content\/uploads\/2020\/06\/LOGO-512.jpg","width":512,"height":512,"caption":"NOTICIASMERCEDINAS.COM"},"image":{"@id":"https:\/\/noticiasmercedinas.com\/site\/#\/schema\/logo\/image\/"},"sameAs":["https:\/\/www.facebook.com\/noticiasmercedinas\/","https:\/\/x.com\/notmercedinas","https:\/\/www.instagram.com\/noticiasmercedinas\/"]},{"@type":"Person","@id":"https:\/\/noticiasmercedinas.com\/site\/#\/schema\/person\/84b59c099c28ff2e8b77d4ceec5d8063","name":"NOTICIASMERCEDINAS.COM","image":{"@type":"ImageObject","inLanguage":"es","@id":"https:\/\/secure.gravatar.com\/avatar\/4dfbf16b4d17945bfb6341b2d19043457132fcf478a5ee04f42e959fd8f5df0a?s=96&d=mm&r=g","url":"https:\/\/secure.gravatar.com\/avatar\/4dfbf16b4d17945bfb6341b2d19043457132fcf478a5ee04f42e959fd8f5df0a?s=96&d=mm&r=g","contentUrl":"https:\/\/secure.gravatar.com\/avatar\/4dfbf16b4d17945bfb6341b2d19043457132fcf478a5ee04f42e959fd8f5df0a?s=96&d=mm&r=g","caption":"NOTICIASMERCEDINAS.COM"},"url":"https:\/\/noticiasmercedinas.com\/site\/author\/anonimo\/"}]}},"amp_enabled":true,"_links":{"self":[{"href":"https:\/\/noticiasmercedinas.com\/site\/wp-json\/wp\/v2\/posts\/191280","targetHints":{"allow":["GET"]}}],"collection":[{"href":"https:\/\/noticiasmercedinas.com\/site\/wp-json\/wp\/v2\/posts"}],"about":[{"href":"https:\/\/noticiasmercedinas.com\/site\/wp-json\/wp\/v2\/types\/post"}],"author":[{"embeddable":true,"href":"https:\/\/noticiasmercedinas.com\/site\/wp-json\/wp\/v2\/users\/16"}],"replies":[{"embeddable":true,"href":"https:\/\/noticiasmercedinas.com\/site\/wp-json\/wp\/v2\/comments?post=191280"}],"version-history":[{"count":3,"href":"https:\/\/noticiasmercedinas.com\/site\/wp-json\/wp\/v2\/posts\/191280\/revisions"}],"predecessor-version":[{"id":191284,"href":"https:\/\/noticiasmercedinas.com\/site\/wp-json\/wp\/v2\/posts\/191280\/revisions\/191284"}],"wp:featuredmedia":[{"embeddable":true,"href":"https:\/\/noticiasmercedinas.com\/site\/wp-json\/wp\/v2\/media\/191282"}],"wp:attachment":[{"href":"https:\/\/noticiasmercedinas.com\/site\/wp-json\/wp\/v2\/media?parent=191280"}],"wp:term":[{"taxonomy":"category","embeddable":true,"href":"https:\/\/noticiasmercedinas.com\/site\/wp-json\/wp\/v2\/categories?post=191280"},{"taxonomy":"post_tag","embeddable":true,"href":"https:\/\/noticiasmercedinas.com\/site\/wp-json\/wp\/v2\/tags?post=191280"}],"curies":[{"name":"wp","href":"https:\/\/api.w.org\/{rel}","templated":true}]}}