{"id":192236,"date":"2026-08-07T09:30:32","date_gmt":"2026-08-07T12:30:32","guid":{"rendered":"https:\/\/noticiasmercedinas.com\/site\/?p=192236"},"modified":"2026-08-07T09:30:32","modified_gmt":"2026-08-07T12:30:32","slug":"san-andres-de-giles-triplicara-su-capacidad-energetica-con-una-inversion-de-31-000-millones-de-pesos","status":"publish","type":"post","link":"https:\/\/noticiasmercedinas.com\/site\/2026\/08\/07\/san-andres-de-giles-triplicara-su-capacidad-energetica-con-una-inversion-de-31-000-millones-de-pesos\/","title":{"rendered":"San Andr\u00e9s de Giles triplicar\u00e1 su capacidad energ\u00e9tica con una inversi\u00f3n de 31.000 millones de pesos"},"content":{"rendered":"<p><img loading=\"lazy\" decoding=\"async\" class=\"alignnone size-full wp-image-192237\" src=\"https:\/\/noticiasmercedinas.com\/site\/wp-content\/uploads\/2026\/08\/municipiosag_1786105483597.jpeg\" alt=\"\" width=\"2048\" height=\"1536\" srcset=\"https:\/\/noticiasmercedinas.com\/site\/wp-content\/uploads\/2026\/08\/municipiosag_1786105483597.jpeg 2048w, https:\/\/noticiasmercedinas.com\/site\/wp-content\/uploads\/2026\/08\/municipiosag_1786105483597-300x225.jpeg 300w, https:\/\/noticiasmercedinas.com\/site\/wp-content\/uploads\/2026\/08\/municipiosag_1786105483597-1024x768.jpeg 1024w, https:\/\/noticiasmercedinas.com\/site\/wp-content\/uploads\/2026\/08\/municipiosag_1786105483597-768x576.jpeg 768w, https:\/\/noticiasmercedinas.com\/site\/wp-content\/uploads\/2026\/08\/municipiosag_1786105483597-1536x1152.jpeg 1536w, https:\/\/noticiasmercedinas.com\/site\/wp-content\/uploads\/2026\/08\/municipiosag_1786105483597-80x60.jpeg 80w, https:\/\/noticiasmercedinas.com\/site\/wp-content\/uploads\/2026\/08\/municipiosag_1786105483597-160x120.jpeg 160w, https:\/\/noticiasmercedinas.com\/site\/wp-content\/uploads\/2026\/08\/municipiosag_1786105483597-100x75.jpeg 100w, https:\/\/noticiasmercedinas.com\/site\/wp-content\/uploads\/2026\/08\/municipiosag_1786105483597-200x150.jpeg 200w, https:\/\/noticiasmercedinas.com\/site\/wp-content\/uploads\/2026\/08\/municipiosag_1786105483597-180x135.jpeg 180w, https:\/\/noticiasmercedinas.com\/site\/wp-content\/uploads\/2026\/08\/municipiosag_1786105483597-360x270.jpeg 360w, https:\/\/noticiasmercedinas.com\/site\/wp-content\/uploads\/2026\/08\/municipiosag_1786105483597-238x178.jpeg 238w, https:\/\/noticiasmercedinas.com\/site\/wp-content\/uploads\/2026\/08\/municipiosag_1786105483597-476x356.jpeg 476w, https:\/\/noticiasmercedinas.com\/site\/wp-content\/uploads\/2026\/08\/municipiosag_1786105483597-640x480.jpeg 640w, https:\/\/noticiasmercedinas.com\/site\/wp-content\/uploads\/2026\/08\/municipiosag_1786105483597-1280x960.jpeg 1280w, https:\/\/noticiasmercedinas.com\/site\/wp-content\/uploads\/2026\/08\/municipiosag_1786105483597-681x511.jpeg 681w, https:\/\/noticiasmercedinas.com\/site\/wp-content\/uploads\/2026\/08\/municipiosag_1786105483597-1362x1022.jpeg 1362w\" sizes=\"auto, (max-width: 2048px) 100vw, 2048px\" \/><\/p>\n<p>La Direcci\u00f3n Provincial de Energ\u00eda de la Provincia de Buenos Aires (DPEBA) confirm\u00f3 la ejecuci\u00f3n de una obra de infraestructura clave para el desarrollo del partido de San Andr\u00e9s de Giles: la construcci\u00f3n de una nueva Estaci\u00f3n Transformadora que permitir\u00e1 triplicar la capacidad energ\u00e9tica del distrito.<\/p>\n<p>El proyecto contempla un presupuesto de 31.000 millones de pesos, financiado a trav\u00e9s del Banco Interamericano de Desarrollo (BID), y el llamado a licitaci\u00f3n p\u00fablica est\u00e1 programado para el pr\u00f3ximo mes de octubre.<\/p>\n<blockquote><p>La Direcci\u00f3n Provincial de Energ\u00eda licitar\u00e1 en octubre la construcci\u00f3n de una nueva Estaci\u00f3n Transformadora financiada por el BID, obra que llevar\u00e1 la potencia disponible a 75 megavatios e impulsar\u00e1 el desarrollo industrial y la calidad del servicio domiciliario.<\/p><\/blockquote>\n<p>La nueva instalaci\u00f3n representar\u00e1 un cambio estructural en la matriz energ\u00e9tica de la zona. Actualmente, la ciudad registra un consumo de 23 megavatios; con la entrada en funcionamiento de la planta, dispondr\u00e1 de 75 megavatios. Este incremento directo responde a un reclamo hist\u00f3rico de los sectores productivos y empresariales locales, cuya expansi\u00f3n se encontraba condicionada por los l\u00edmites del suministro actual.<\/p>\n<p><strong>Impacto en el sector industrial, residencial y laboral<\/strong><br \/>\nLa disponibilidad adicional de potencia otorgar\u00e1 previsibilidad a las empresas operativas en el parque industrial y facilitar\u00e1 la radicaci\u00f3n de nuevos emprendimientos fabriles. Asimismo, en el plano domiciliario, la obra garantizar\u00e1 mayor estabilidad en la red el\u00e9ctrica, mejorando la calidad del servicio para los vecinos de todo el partido.<\/p>\n<p>En materia de empleo, la etapa de construcci\u00f3n demandar\u00e1 la contrataci\u00f3n de 50 trabajadores directos.<\/p>\n<p>Desde el organismo provincial se precis\u00f3 que se dar\u00e1 prioridad a la mano de obra gilense para la cobertura de dichos puestos operativos y t\u00e9cnicos.<\/p>\n","protected":false},"excerpt":{"rendered":"<p>La Direcci\u00f3n Provincial de Energ\u00eda de la Provincia de Buenos Aires (DPEBA) confirm\u00f3 la ejecuci\u00f3n de una obra de infraestructura clave para el desarrollo del partido de San Andr\u00e9s de Giles: la construcci\u00f3n de una nueva Estaci\u00f3n Transformadora que permitir\u00e1 triplicar la capacidad energ\u00e9tica del distrito. El proyecto contempla un presupuesto de 31.000 millones de [&hellip;]<\/p>\n","protected":false},"author":16,"featured_media":192237,"comment_status":"closed","ping_status":"closed","sticky":false,"template":"","format":"standard","meta":{"footnotes":""},"categories":[139],"tags":[],"class_list":["post-192236","post","type-post","status-publish","format-standard","has-post-thumbnail","hentry","category-regionales"],"yoast_head":"<!-- This site is optimized with the Yoast SEO plugin v28.3 - https:\/\/yoast.com\/product\/yoast-seo-wordpress\/ -->\n<title>San Andr\u00e9s de Giles triplicar\u00e1 su capacidad energ\u00e9tica con una inversi\u00f3n de 31.000 millones de pesos<\/title>\n<meta name=\"description\" content=\"La Direcci\u00f3n Provincial de Energ\u00eda licitar\u00e1 en octubre la construcci\u00f3n de una nueva Estaci\u00f3n Transformadora financiada por el BID, obra que llevar\u00e1 la potencia disponible a 75 megavatios e impulsar\u00e1 el desarrollo industrial y la calidad del servicio domiciliario.\" \/>\n<meta name=\"robots\" content=\"index, follow, max-snippet:-1, max-image-preview:large, max-video-preview:-1\" \/>\n<link rel=\"canonical\" href=\"https:\/\/noticiasmercedinas.com\/site\/2026\/08\/07\/san-andres-de-giles-triplicara-su-capacidad-energetica-con-una-inversion-de-31-000-millones-de-pesos\/\" \/>\n<meta property=\"og:locale\" content=\"es_ES\" \/>\n<meta property=\"og:type\" content=\"article\" \/>\n<meta property=\"og:title\" content=\"San Andr\u00e9s de Giles triplicar\u00e1 su capacidad energ\u00e9tica con una inversi\u00f3n de 31.000 millones de pesos\" \/>\n<meta property=\"og:description\" content=\"La Direcci\u00f3n Provincial de Energ\u00eda licitar\u00e1 en octubre la construcci\u00f3n de una nueva Estaci\u00f3n Transformadora financiada por el BID, obra que llevar\u00e1 la potencia disponible a 75 megavatios e impulsar\u00e1 el desarrollo industrial y la calidad del servicio domiciliario.\" \/>\n<meta property=\"og:url\" content=\"https:\/\/noticiasmercedinas.com\/site\/2026\/08\/07\/san-andres-de-giles-triplicara-su-capacidad-energetica-con-una-inversion-de-31-000-millones-de-pesos\/\" \/>\n<meta property=\"og:site_name\" content=\"NOTICIASMERCEDINAS.COM\" \/>\n<meta property=\"article:publisher\" content=\"https:\/\/www.facebook.com\/noticiasmercedinas\/\" \/>\n<meta property=\"article:published_time\" content=\"2026-08-07T12:30:32+00:00\" \/>\n<meta property=\"og:image\" content=\"https:\/\/noticiasmercedinas.com\/site\/wp-content\/uploads\/2026\/08\/municipiosag_1786105483597.jpeg\" \/>\n\t<meta property=\"og:image:width\" content=\"2048\" \/>\n\t<meta property=\"og:image:height\" content=\"1536\" \/>\n\t<meta property=\"og:image:type\" content=\"image\/jpeg\" \/>\n<meta name=\"author\" content=\"NOTICIASMERCEDINAS.COM\" \/>\n<meta name=\"twitter:card\" content=\"summary_large_image\" \/>\n<meta name=\"twitter:creator\" content=\"@notmercedinas\" \/>\n<meta name=\"twitter:site\" content=\"@notmercedinas\" \/>\n<meta name=\"twitter:label1\" content=\"Escrito por\" \/>\n\t<meta name=\"twitter:data1\" content=\"NOTICIASMERCEDINAS.COM\" \/>\n\t<meta name=\"twitter:label2\" content=\"Tiempo de lectura\" \/>\n\t<meta name=\"twitter:data2\" content=\"2 minutos\" \/>\n<script type=\"application\/ld+json\" class=\"yoast-schema-graph\">{\"@context\":\"https:\\\/\\\/schema.org\",\"@graph\":[{\"@type\":\"Article\",\"@id\":\"https:\\\/\\\/noticiasmercedinas.com\\\/site\\\/2026\\\/08\\\/07\\\/san-andres-de-giles-triplicara-su-capacidad-energetica-con-una-inversion-de-31-000-millones-de-pesos\\\/#article\",\"isPartOf\":{\"@id\":\"https:\\\/\\\/noticiasmercedinas.com\\\/site\\\/2026\\\/08\\\/07\\\/san-andres-de-giles-triplicara-su-capacidad-energetica-con-una-inversion-de-31-000-millones-de-pesos\\\/\"},\"author\":{\"name\":\"NOTICIASMERCEDINAS.COM\",\"@id\":\"https:\\\/\\\/noticiasmercedinas.com\\\/site\\\/#\\\/schema\\\/person\\\/84b59c099c28ff2e8b77d4ceec5d8063\"},\"headline\":\"San Andr\u00e9s de Giles triplicar\u00e1 su capacidad energ\u00e9tica con una inversi\u00f3n de 31.000 millones de pesos\",\"datePublished\":\"2026-08-07T12:30:32+00:00\",\"mainEntityOfPage\":{\"@id\":\"https:\\\/\\\/noticiasmercedinas.com\\\/site\\\/2026\\\/08\\\/07\\\/san-andres-de-giles-triplicara-su-capacidad-energetica-con-una-inversion-de-31-000-millones-de-pesos\\\/\"},\"wordCount\":314,\"publisher\":{\"@id\":\"https:\\\/\\\/noticiasmercedinas.com\\\/site\\\/#organization\"},\"image\":{\"@id\":\"https:\\\/\\\/noticiasmercedinas.com\\\/site\\\/2026\\\/08\\\/07\\\/san-andres-de-giles-triplicara-su-capacidad-energetica-con-una-inversion-de-31-000-millones-de-pesos\\\/#primaryimage\"},\"thumbnailUrl\":\"https:\\\/\\\/noticiasmercedinas.com\\\/site\\\/wp-content\\\/uploads\\\/2026\\\/08\\\/municipiosag_1786105483597.jpeg\",\"articleSection\":[\"Regionales\"],\"inLanguage\":\"es\"},{\"@type\":\"WebPage\",\"@id\":\"https:\\\/\\\/noticiasmercedinas.com\\\/site\\\/2026\\\/08\\\/07\\\/san-andres-de-giles-triplicara-su-capacidad-energetica-con-una-inversion-de-31-000-millones-de-pesos\\\/\",\"url\":\"https:\\\/\\\/noticiasmercedinas.com\\\/site\\\/2026\\\/08\\\/07\\\/san-andres-de-giles-triplicara-su-capacidad-energetica-con-una-inversion-de-31-000-millones-de-pesos\\\/\",\"name\":\"San Andr\u00e9s de Giles triplicar\u00e1 su capacidad energ\u00e9tica con una inversi\u00f3n de 31.000 millones de pesos\",\"isPartOf\":{\"@id\":\"https:\\\/\\\/noticiasmercedinas.com\\\/site\\\/#website\"},\"primaryImageOfPage\":{\"@id\":\"https:\\\/\\\/noticiasmercedinas.com\\\/site\\\/2026\\\/08\\\/07\\\/san-andres-de-giles-triplicara-su-capacidad-energetica-con-una-inversion-de-31-000-millones-de-pesos\\\/#primaryimage\"},\"image\":{\"@id\":\"https:\\\/\\\/noticiasmercedinas.com\\\/site\\\/2026\\\/08\\\/07\\\/san-andres-de-giles-triplicara-su-capacidad-energetica-con-una-inversion-de-31-000-millones-de-pesos\\\/#primaryimage\"},\"thumbnailUrl\":\"https:\\\/\\\/noticiasmercedinas.com\\\/site\\\/wp-content\\\/uploads\\\/2026\\\/08\\\/municipiosag_1786105483597.jpeg\",\"datePublished\":\"2026-08-07T12:30:32+00:00\",\"description\":\"La Direcci\u00f3n Provincial de Energ\u00eda licitar\u00e1 en octubre la construcci\u00f3n de una nueva Estaci\u00f3n Transformadora financiada por el BID, obra que llevar\u00e1 la potencia disponible a 75 megavatios e impulsar\u00e1 el desarrollo industrial y la calidad del servicio domiciliario.\",\"breadcrumb\":{\"@id\":\"https:\\\/\\\/noticiasmercedinas.com\\\/site\\\/2026\\\/08\\\/07\\\/san-andres-de-giles-triplicara-su-capacidad-energetica-con-una-inversion-de-31-000-millones-de-pesos\\\/#breadcrumb\"},\"inLanguage\":\"es\",\"potentialAction\":[{\"@type\":\"ReadAction\",\"target\":[\"https:\\\/\\\/noticiasmercedinas.com\\\/site\\\/2026\\\/08\\\/07\\\/san-andres-de-giles-triplicara-su-capacidad-energetica-con-una-inversion-de-31-000-millones-de-pesos\\\/\"]}]},{\"@type\":\"ImageObject\",\"inLanguage\":\"es\",\"@id\":\"https:\\\/\\\/noticiasmercedinas.com\\\/site\\\/2026\\\/08\\\/07\\\/san-andres-de-giles-triplicara-su-capacidad-energetica-con-una-inversion-de-31-000-millones-de-pesos\\\/#primaryimage\",\"url\":\"https:\\\/\\\/noticiasmercedinas.com\\\/site\\\/wp-content\\\/uploads\\\/2026\\\/08\\\/municipiosag_1786105483597.jpeg\",\"contentUrl\":\"https:\\\/\\\/noticiasmercedinas.com\\\/site\\\/wp-content\\\/uploads\\\/2026\\\/08\\\/municipiosag_1786105483597.jpeg\",\"width\":2048,\"height\":1536},{\"@type\":\"BreadcrumbList\",\"@id\":\"https:\\\/\\\/noticiasmercedinas.com\\\/site\\\/2026\\\/08\\\/07\\\/san-andres-de-giles-triplicara-su-capacidad-energetica-con-una-inversion-de-31-000-millones-de-pesos\\\/#breadcrumb\",\"itemListElement\":[{\"@type\":\"ListItem\",\"position\":1,\"name\":\"Portada\",\"item\":\"https:\\\/\\\/noticiasmercedinas.com\\\/site\\\/\"},{\"@type\":\"ListItem\",\"position\":2,\"name\":\"San Andr\u00e9s de Giles triplicar\u00e1 su capacidad energ\u00e9tica con una inversi\u00f3n de 31.000 millones de pesos\"}]},{\"@type\":\"WebSite\",\"@id\":\"https:\\\/\\\/noticiasmercedinas.com\\\/site\\\/#website\",\"url\":\"https:\\\/\\\/noticiasmercedinas.com\\\/site\\\/\",\"name\":\"NOTICIASMERCEDINAS.COM\",\"description\":\"Mercedes, Buenos Aires, Argentina\",\"publisher\":{\"@id\":\"https:\\\/\\\/noticiasmercedinas.com\\\/site\\\/#organization\"},\"potentialAction\":[{\"@type\":\"SearchAction\",\"target\":{\"@type\":\"EntryPoint\",\"urlTemplate\":\"https:\\\/\\\/noticiasmercedinas.com\\\/site\\\/?s={search_term_string}\"},\"query-input\":{\"@type\":\"PropertyValueSpecification\",\"valueRequired\":true,\"valueName\":\"search_term_string\"}}],\"inLanguage\":\"es\"},{\"@type\":\"Organization\",\"@id\":\"https:\\\/\\\/noticiasmercedinas.com\\\/site\\\/#organization\",\"name\":\"NOTICIASMERCEDINAS.COM\",\"url\":\"https:\\\/\\\/noticiasmercedinas.com\\\/site\\\/\",\"logo\":{\"@type\":\"ImageObject\",\"inLanguage\":\"es\",\"@id\":\"https:\\\/\\\/noticiasmercedinas.com\\\/site\\\/#\\\/schema\\\/logo\\\/image\\\/\",\"url\":\"https:\\\/\\\/noticiasmercedinas.com\\\/site\\\/wp-content\\\/uploads\\\/2020\\\/06\\\/LOGO-512.jpg\",\"contentUrl\":\"https:\\\/\\\/noticiasmercedinas.com\\\/site\\\/wp-content\\\/uploads\\\/2020\\\/06\\\/LOGO-512.jpg\",\"width\":512,\"height\":512,\"caption\":\"NOTICIASMERCEDINAS.COM\"},\"image\":{\"@id\":\"https:\\\/\\\/noticiasmercedinas.com\\\/site\\\/#\\\/schema\\\/logo\\\/image\\\/\"},\"sameAs\":[\"https:\\\/\\\/www.facebook.com\\\/noticiasmercedinas\\\/\",\"https:\\\/\\\/x.com\\\/notmercedinas\",\"https:\\\/\\\/www.instagram.com\\\/noticiasmercedinas\\\/\"]},{\"@type\":\"Person\",\"@id\":\"https:\\\/\\\/noticiasmercedinas.com\\\/site\\\/#\\\/schema\\\/person\\\/84b59c099c28ff2e8b77d4ceec5d8063\",\"name\":\"NOTICIASMERCEDINAS.COM\",\"image\":{\"@type\":\"ImageObject\",\"inLanguage\":\"es\",\"@id\":\"https:\\\/\\\/secure.gravatar.com\\\/avatar\\\/4dfbf16b4d17945bfb6341b2d19043457132fcf478a5ee04f42e959fd8f5df0a?s=96&d=mm&r=g\",\"url\":\"https:\\\/\\\/secure.gravatar.com\\\/avatar\\\/4dfbf16b4d17945bfb6341b2d19043457132fcf478a5ee04f42e959fd8f5df0a?s=96&d=mm&r=g\",\"contentUrl\":\"https:\\\/\\\/secure.gravatar.com\\\/avatar\\\/4dfbf16b4d17945bfb6341b2d19043457132fcf478a5ee04f42e959fd8f5df0a?s=96&d=mm&r=g\",\"caption\":\"NOTICIASMERCEDINAS.COM\"},\"url\":\"https:\\\/\\\/noticiasmercedinas.com\\\/site\\\/author\\\/anonimo\\\/\"}]}<\/script>\n<!-- \/ Yoast SEO plugin. -->","yoast_head_json":{"title":"San Andr\u00e9s de Giles triplicar\u00e1 su capacidad energ\u00e9tica con una inversi\u00f3n de 31.000 millones de pesos","description":"La Direcci\u00f3n Provincial de Energ\u00eda licitar\u00e1 en octubre la construcci\u00f3n de una nueva Estaci\u00f3n Transformadora financiada por el BID, obra que llevar\u00e1 la potencia disponible a 75 megavatios e impulsar\u00e1 el desarrollo industrial y la calidad del servicio domiciliario.","robots":{"index":"index","follow":"follow","max-snippet":"max-snippet:-1","max-image-preview":"max-image-preview:large","max-video-preview":"max-video-preview:-1"},"canonical":"https:\/\/noticiasmercedinas.com\/site\/2026\/08\/07\/san-andres-de-giles-triplicara-su-capacidad-energetica-con-una-inversion-de-31-000-millones-de-pesos\/","og_locale":"es_ES","og_type":"article","og_title":"San Andr\u00e9s de Giles triplicar\u00e1 su capacidad energ\u00e9tica con una inversi\u00f3n de 31.000 millones de pesos","og_description":"La Direcci\u00f3n Provincial de Energ\u00eda licitar\u00e1 en octubre la construcci\u00f3n de una nueva Estaci\u00f3n Transformadora financiada por el BID, obra que llevar\u00e1 la potencia disponible a 75 megavatios e impulsar\u00e1 el desarrollo industrial y la calidad del servicio domiciliario.","og_url":"https:\/\/noticiasmercedinas.com\/site\/2026\/08\/07\/san-andres-de-giles-triplicara-su-capacidad-energetica-con-una-inversion-de-31-000-millones-de-pesos\/","og_site_name":"NOTICIASMERCEDINAS.COM","article_publisher":"https:\/\/www.facebook.com\/noticiasmercedinas\/","article_published_time":"2026-08-07T12:30:32+00:00","og_image":[{"width":2048,"height":1536,"url":"https:\/\/noticiasmercedinas.com\/site\/wp-content\/uploads\/2026\/08\/municipiosag_1786105483597.jpeg","type":"image\/jpeg"}],"author":"NOTICIASMERCEDINAS.COM","twitter_card":"summary_large_image","twitter_creator":"@notmercedinas","twitter_site":"@notmercedinas","twitter_misc":{"Escrito por":"NOTICIASMERCEDINAS.COM","Tiempo de lectura":"2 minutos"},"schema":{"@context":"https:\/\/schema.org","@graph":[{"@type":"Article","@id":"https:\/\/noticiasmercedinas.com\/site\/2026\/08\/07\/san-andres-de-giles-triplicara-su-capacidad-energetica-con-una-inversion-de-31-000-millones-de-pesos\/#article","isPartOf":{"@id":"https:\/\/noticiasmercedinas.com\/site\/2026\/08\/07\/san-andres-de-giles-triplicara-su-capacidad-energetica-con-una-inversion-de-31-000-millones-de-pesos\/"},"author":{"name":"NOTICIASMERCEDINAS.COM","@id":"https:\/\/noticiasmercedinas.com\/site\/#\/schema\/person\/84b59c099c28ff2e8b77d4ceec5d8063"},"headline":"San Andr\u00e9s de Giles triplicar\u00e1 su capacidad energ\u00e9tica con una inversi\u00f3n de 31.000 millones de pesos","datePublished":"2026-08-07T12:30:32+00:00","mainEntityOfPage":{"@id":"https:\/\/noticiasmercedinas.com\/site\/2026\/08\/07\/san-andres-de-giles-triplicara-su-capacidad-energetica-con-una-inversion-de-31-000-millones-de-pesos\/"},"wordCount":314,"publisher":{"@id":"https:\/\/noticiasmercedinas.com\/site\/#organization"},"image":{"@id":"https:\/\/noticiasmercedinas.com\/site\/2026\/08\/07\/san-andres-de-giles-triplicara-su-capacidad-energetica-con-una-inversion-de-31-000-millones-de-pesos\/#primaryimage"},"thumbnailUrl":"https:\/\/noticiasmercedinas.com\/site\/wp-content\/uploads\/2026\/08\/municipiosag_1786105483597.jpeg","articleSection":["Regionales"],"inLanguage":"es"},{"@type":"WebPage","@id":"https:\/\/noticiasmercedinas.com\/site\/2026\/08\/07\/san-andres-de-giles-triplicara-su-capacidad-energetica-con-una-inversion-de-31-000-millones-de-pesos\/","url":"https:\/\/noticiasmercedinas.com\/site\/2026\/08\/07\/san-andres-de-giles-triplicara-su-capacidad-energetica-con-una-inversion-de-31-000-millones-de-pesos\/","name":"San Andr\u00e9s de Giles triplicar\u00e1 su capacidad energ\u00e9tica con una inversi\u00f3n de 31.000 millones de pesos","isPartOf":{"@id":"https:\/\/noticiasmercedinas.com\/site\/#website"},"primaryImageOfPage":{"@id":"https:\/\/noticiasmercedinas.com\/site\/2026\/08\/07\/san-andres-de-giles-triplicara-su-capacidad-energetica-con-una-inversion-de-31-000-millones-de-pesos\/#primaryimage"},"image":{"@id":"https:\/\/noticiasmercedinas.com\/site\/2026\/08\/07\/san-andres-de-giles-triplicara-su-capacidad-energetica-con-una-inversion-de-31-000-millones-de-pesos\/#primaryimage"},"thumbnailUrl":"https:\/\/noticiasmercedinas.com\/site\/wp-content\/uploads\/2026\/08\/municipiosag_1786105483597.jpeg","datePublished":"2026-08-07T12:30:32+00:00","description":"La Direcci\u00f3n Provincial de Energ\u00eda licitar\u00e1 en octubre la construcci\u00f3n de una nueva Estaci\u00f3n Transformadora financiada por el BID, obra que llevar\u00e1 la potencia disponible a 75 megavatios e impulsar\u00e1 el desarrollo industrial y la calidad del servicio domiciliario.","breadcrumb":{"@id":"https:\/\/noticiasmercedinas.com\/site\/2026\/08\/07\/san-andres-de-giles-triplicara-su-capacidad-energetica-con-una-inversion-de-31-000-millones-de-pesos\/#breadcrumb"},"inLanguage":"es","potentialAction":[{"@type":"ReadAction","target":["https:\/\/noticiasmercedinas.com\/site\/2026\/08\/07\/san-andres-de-giles-triplicara-su-capacidad-energetica-con-una-inversion-de-31-000-millones-de-pesos\/"]}]},{"@type":"ImageObject","inLanguage":"es","@id":"https:\/\/noticiasmercedinas.com\/site\/2026\/08\/07\/san-andres-de-giles-triplicara-su-capacidad-energetica-con-una-inversion-de-31-000-millones-de-pesos\/#primaryimage","url":"https:\/\/noticiasmercedinas.com\/site\/wp-content\/uploads\/2026\/08\/municipiosag_1786105483597.jpeg","contentUrl":"https:\/\/noticiasmercedinas.com\/site\/wp-content\/uploads\/2026\/08\/municipiosag_1786105483597.jpeg","width":2048,"height":1536},{"@type":"BreadcrumbList","@id":"https:\/\/noticiasmercedinas.com\/site\/2026\/08\/07\/san-andres-de-giles-triplicara-su-capacidad-energetica-con-una-inversion-de-31-000-millones-de-pesos\/#breadcrumb","itemListElement":[{"@type":"ListItem","position":1,"name":"Portada","item":"https:\/\/noticiasmercedinas.com\/site\/"},{"@type":"ListItem","position":2,"name":"San Andr\u00e9s de Giles triplicar\u00e1 su capacidad energ\u00e9tica con una inversi\u00f3n de 31.000 millones de pesos"}]},{"@type":"WebSite","@id":"https:\/\/noticiasmercedinas.com\/site\/#website","url":"https:\/\/noticiasmercedinas.com\/site\/","name":"NOTICIASMERCEDINAS.COM","description":"Mercedes, Buenos Aires, Argentina","publisher":{"@id":"https:\/\/noticiasmercedinas.com\/site\/#organization"},"potentialAction":[{"@type":"SearchAction","target":{"@type":"EntryPoint","urlTemplate":"https:\/\/noticiasmercedinas.com\/site\/?s={search_term_string}"},"query-input":{"@type":"PropertyValueSpecification","valueRequired":true,"valueName":"search_term_string"}}],"inLanguage":"es"},{"@type":"Organization","@id":"https:\/\/noticiasmercedinas.com\/site\/#organization","name":"NOTICIASMERCEDINAS.COM","url":"https:\/\/noticiasmercedinas.com\/site\/","logo":{"@type":"ImageObject","inLanguage":"es","@id":"https:\/\/noticiasmercedinas.com\/site\/#\/schema\/logo\/image\/","url":"https:\/\/noticiasmercedinas.com\/site\/wp-content\/uploads\/2020\/06\/LOGO-512.jpg","contentUrl":"https:\/\/noticiasmercedinas.com\/site\/wp-content\/uploads\/2020\/06\/LOGO-512.jpg","width":512,"height":512,"caption":"NOTICIASMERCEDINAS.COM"},"image":{"@id":"https:\/\/noticiasmercedinas.com\/site\/#\/schema\/logo\/image\/"},"sameAs":["https:\/\/www.facebook.com\/noticiasmercedinas\/","https:\/\/x.com\/notmercedinas","https:\/\/www.instagram.com\/noticiasmercedinas\/"]},{"@type":"Person","@id":"https:\/\/noticiasmercedinas.com\/site\/#\/schema\/person\/84b59c099c28ff2e8b77d4ceec5d8063","name":"NOTICIASMERCEDINAS.COM","image":{"@type":"ImageObject","inLanguage":"es","@id":"https:\/\/secure.gravatar.com\/avatar\/4dfbf16b4d17945bfb6341b2d19043457132fcf478a5ee04f42e959fd8f5df0a?s=96&d=mm&r=g","url":"https:\/\/secure.gravatar.com\/avatar\/4dfbf16b4d17945bfb6341b2d19043457132fcf478a5ee04f42e959fd8f5df0a?s=96&d=mm&r=g","contentUrl":"https:\/\/secure.gravatar.com\/avatar\/4dfbf16b4d17945bfb6341b2d19043457132fcf478a5ee04f42e959fd8f5df0a?s=96&d=mm&r=g","caption":"NOTICIASMERCEDINAS.COM"},"url":"https:\/\/noticiasmercedinas.com\/site\/author\/anonimo\/"}]}},"amp_enabled":true,"_links":{"self":[{"href":"https:\/\/noticiasmercedinas.com\/site\/wp-json\/wp\/v2\/posts\/192236","targetHints":{"allow":["GET"]}}],"collection":[{"href":"https:\/\/noticiasmercedinas.com\/site\/wp-json\/wp\/v2\/posts"}],"about":[{"href":"https:\/\/noticiasmercedinas.com\/site\/wp-json\/wp\/v2\/types\/post"}],"author":[{"embeddable":true,"href":"https:\/\/noticiasmercedinas.com\/site\/wp-json\/wp\/v2\/users\/16"}],"replies":[{"embeddable":true,"href":"https:\/\/noticiasmercedinas.com\/site\/wp-json\/wp\/v2\/comments?post=192236"}],"version-history":[{"count":1,"href":"https:\/\/noticiasmercedinas.com\/site\/wp-json\/wp\/v2\/posts\/192236\/revisions"}],"predecessor-version":[{"id":192238,"href":"https:\/\/noticiasmercedinas.com\/site\/wp-json\/wp\/v2\/posts\/192236\/revisions\/192238"}],"wp:featuredmedia":[{"embeddable":true,"href":"https:\/\/noticiasmercedinas.com\/site\/wp-json\/wp\/v2\/media\/192237"}],"wp:attachment":[{"href":"https:\/\/noticiasmercedinas.com\/site\/wp-json\/wp\/v2\/media?parent=192236"}],"wp:term":[{"taxonomy":"category","embeddable":true,"href":"https:\/\/noticiasmercedinas.com\/site\/wp-json\/wp\/v2\/categories?post=192236"},{"taxonomy":"post_tag","embeddable":true,"href":"https:\/\/noticiasmercedinas.com\/site\/wp-json\/wp\/v2\/tags?post=192236"}],"curies":[{"name":"wp","href":"https:\/\/api.w.org\/{rel}","templated":true}]}}