{"id":19234,"date":"2019-05-18T17:08:38","date_gmt":"2019-05-18T20:08:38","guid":{"rendered":"https:\/\/noticiasmercedinas.com\/site\/?p=19234"},"modified":"2019-05-18T17:11:19","modified_gmt":"2019-05-18T20:11:19","slug":"dematei-solo-mentiras-y-puestas-en-escena-envuelven-a-cambiemos","status":"publish","type":"post","link":"https:\/\/noticiasmercedinas.com\/site\/2019\/05\/18\/dematei-solo-mentiras-y-puestas-en-escena-envuelven-a-cambiemos\/","title":{"rendered":"Dematei: \u00abS\u00f3lo mentiras y puestas en escena envuelven a Cambiemos\u00bb"},"content":{"rendered":"<p><strong>\u00abCambiemos sali\u00f3 a defender la colocaci\u00f3n de carteles s\u00f3lo para la foto, y sus dirigentes confirmaron el hecho en una radio local\u00bb, cont\u00f3 Dematei<\/strong><\/p>\n<p><img loading=\"lazy\" decoding=\"async\" class=\"alignnone size-full wp-image-19233\" src=\"https:\/\/noticiasmercedinas.com\/site\/wp-content\/uploads\/2019\/05\/img-20190518-wa0046519390786924687173.jpg\" width=\"700\" height=\"404\" srcset=\"https:\/\/noticiasmercedinas.com\/site\/wp-content\/uploads\/2019\/05\/img-20190518-wa0046519390786924687173.jpg 700w, https:\/\/noticiasmercedinas.com\/site\/wp-content\/uploads\/2019\/05\/img-20190518-wa0046519390786924687173-300x173.jpg 300w, https:\/\/noticiasmercedinas.com\/site\/wp-content\/uploads\/2019\/05\/img-20190518-wa0046519390786924687173-640x369.jpg 640w, https:\/\/noticiasmercedinas.com\/site\/wp-content\/uploads\/2019\/05\/img-20190518-wa0046519390786924687173-681x393.jpg 681w\" sizes=\"auto, (max-width: 700px) 100vw, 700px\" \/><\/p>\n<p>El jefe de Gabinete, Mat\u00edas Dematei, hizo declaraciones en torno a una pol\u00e9mica que se suscit\u00f3 por estas horas con respecto a la colocaci\u00f3n de carteles en la ciudad. Destac\u00f3 que pudo verse personal publicitario de la provincia de Buenos Aires que ensambl\u00f3 un cartel m\u00f3vil frente a la obra de la Avenida 2, que manifestaba que la misma estaba siendo llevada adelante por la gobernaci\u00f3n. Y que id\u00e9ntica situaci\u00f3n se vio en avenida 40 y ruta 41. Incluso Dematei asegur\u00f3 que pudo dialogar con los trabajadores.<\/p>\n<p>\u00abRcorriendo la obra de la avenida 2, llego a ver en la intersecci\u00f3n de la avenida 1 y 2 una camioneta que estaba colocando un cartel que pertenec\u00eda a la gobernaci\u00f3n de la provincia de Buenos Aires, en el cual se adjudicaba las obras que se est\u00e1n realizando en Mercedes de pavimentaci\u00f3n\u201d, dijo y se\u00f1al\u00f3: \u201cCuando me acerco al lugar les pregunto qu\u00e9 estaban haciendo y me respondieron: <em>Nos mandan a poner esto, le sacamos una foto y luego lo retiramos. Eso es lo que estamos haciendo en toda la provincia de Buenos Aires, nos mandan del Gobierno de provincia y nos hacen hacer esto<\/em>\u201d.<\/p>\n<p>Seg\u00fan el jefe de Gabinete, en 40 y ruta 41 el cartel hablaba no de obra, sino de iluminaci\u00f3n.<\/p>\n<p>Asimismo, Dematei asegur\u00f3: \u201cLas textuales palabras que me dijeron los operarios que estaban llevando a cabo esta maniobra fueron<em>: Estos sinverg\u00fcenzas nos mandan por toda la provincia a hacer esto en cada obra que vemos<\/em>\u201d y a\u00f1adi\u00f3: \u201cColocan un cartel, sacan una foto y lo retiran, con el objetivo de decir y publicitar obras -que asumen como propias- por las redes sociales. Algo que claramente es una mentira\u201d.<\/p>\n<p>\u201cEsto me caus\u00f3 una preocupaci\u00f3n e indignaci\u00f3n muy grande\u201d, manifest\u00f3 Dematei y subray\u00f3 que \u201cla situaci\u00f3n de enga\u00f1o que est\u00e1 llevando adelante el gobierno provincial es verdaderamente sorprendente\u201d.<\/p>\n<p>Mat\u00edas Dematei sostuvo que \u201ctodos los vecinos de la ciudad saben que la important\u00edsima obra que se est\u00e1 ejecutando en la Avenida 2 se est\u00e1 llevando adelante \u00edntegramente con recursos municipales\u201d, y record\u00f3 que \u201cesta obra le correspond\u00eda hacer al Gobierno Nacional, pero luego de muchas idas y vueltas decidi\u00f3 no hacerlas, m\u00e1s all\u00e1 de la firma de un convenio con el Municipio de Mercedes, en el cual se compromet\u00eda a realizar la misma\u201d.<\/p>\n<p>\u201cAh\u00ed me doy cuenta de c\u00f3mo nos mienten, que son un gobierno de mentirosos y sinverg\u00fcenzas, tal y como se\u00f1alaban los operarios de la empresa de publicidad\u201d, afirm\u00f3 luego Mat\u00edas Dematei.<\/p>\n<p>El funcionario, muy molesto e irritado declar\u00f3: \u201cUno que vive ac\u00e1 sabe qui\u00e9n realmente est\u00e1 haciendo la obra, pero el que no vive en la ciudad cree que las obras las est\u00e1 haciendo realmente la Provincia, algo que es una mentira\u201d.<\/p>\n<p>\u201cEsta situaci\u00f3n me demuestra fehacientemente que est\u00e1n haciendo una puesta de escena en cada una de los lugares donde se presentan\u201d, opin\u00f3.<\/p>\n<p>\u201cMe parece una actitud fraudulenta en todo sentido y esto tiene nombre y apellido, la gobernadora es Mar\u00eda Eugenia Vidal y es ella la que autoriza a hacer este tipo de intervenciones en las distinta ciudades de la provincia\u201d, expuso el jefe de Gabinete.<\/p>\n<p>Por otro lado, Dematei estableci\u00f3 que \u201cseguramente los representantes locales de Cambiemos no est\u00e9n enterados de este <em>modus operandi<\/em> que tienen desde el Gobierno de la provincia\u201d.<\/p>\n<p><img loading=\"lazy\" decoding=\"async\" class=\"wp-image-19235 alignnone size-full\" src=\"https:\/\/noticiasmercedinas.com\/site\/wp-content\/uploads\/2019\/05\/img-20190518-wa00451254182384905210378.jpg\" width=\"700\" height=\"404\" srcset=\"https:\/\/noticiasmercedinas.com\/site\/wp-content\/uploads\/2019\/05\/img-20190518-wa00451254182384905210378.jpg 700w, https:\/\/noticiasmercedinas.com\/site\/wp-content\/uploads\/2019\/05\/img-20190518-wa00451254182384905210378-300x173.jpg 300w, https:\/\/noticiasmercedinas.com\/site\/wp-content\/uploads\/2019\/05\/img-20190518-wa00451254182384905210378-640x369.jpg 640w, https:\/\/noticiasmercedinas.com\/site\/wp-content\/uploads\/2019\/05\/img-20190518-wa00451254182384905210378-681x393.jpg 681w\" sizes=\"auto, (max-width: 700px) 100vw, 700px\" \/><\/p>\n","protected":false},"excerpt":{"rendered":"<p>\u00abCambiemos sali\u00f3 a defender la colocaci\u00f3n de carteles s\u00f3lo para la foto, y sus dirigentes confirmaron el hecho en una radio local\u00bb, cont\u00f3 Dematei El jefe de Gabinete, Mat\u00edas Dematei, hizo declaraciones en torno a una pol\u00e9mica que se suscit\u00f3 por estas horas con respecto a la colocaci\u00f3n de carteles en la ciudad. Destac\u00f3 que [&hellip;]<\/p>\n","protected":false},"author":16,"featured_media":19233,"comment_status":"open","ping_status":"open","sticky":false,"template":"","format":"standard","meta":{"footnotes":""},"categories":[16],"tags":[972,3680,662,515],"class_list":["post-19234","post","type-post","status-publish","format-standard","has-post-thumbnail","hentry","category-politica","tag-carteleria","tag-carteles","tag-elecciones-2019","tag-matias-dematei"],"yoast_head":"<!-- This site is optimized with the Yoast SEO plugin v27.5 - https:\/\/yoast.com\/product\/yoast-seo-wordpress\/ -->\n<title>Dematei: &quot;S\u00f3lo mentiras y puestas en escena envuelven a Cambiemos&quot;<\/title>\n<meta name=\"robots\" content=\"index, follow, max-snippet:-1, max-image-preview:large, max-video-preview:-1\" \/>\n<link rel=\"canonical\" href=\"https:\/\/noticiasmercedinas.com\/site\/2019\/05\/18\/dematei-solo-mentiras-y-puestas-en-escena-envuelven-a-cambiemos\/\" \/>\n<meta property=\"og:locale\" content=\"es_ES\" \/>\n<meta property=\"og:type\" content=\"article\" \/>\n<meta property=\"og:title\" content=\"Dematei: &quot;S\u00f3lo mentiras y puestas en escena envuelven a Cambiemos&quot;\" \/>\n<meta property=\"og:description\" content=\"\u00abCambiemos sali\u00f3 a defender la colocaci\u00f3n de carteles s\u00f3lo para la foto, y sus dirigentes confirmaron el hecho en una radio local\u00bb, cont\u00f3 Dematei El jefe de Gabinete, Mat\u00edas Dematei, hizo declaraciones en torno a una pol\u00e9mica que se suscit\u00f3 por estas horas con respecto a la colocaci\u00f3n de carteles en la ciudad. Destac\u00f3 que [&hellip;]\" \/>\n<meta property=\"og:url\" content=\"https:\/\/noticiasmercedinas.com\/site\/2019\/05\/18\/dematei-solo-mentiras-y-puestas-en-escena-envuelven-a-cambiemos\/\" \/>\n<meta property=\"og:site_name\" content=\"NOTICIASMERCEDINAS.COM\" \/>\n<meta property=\"article:publisher\" content=\"https:\/\/www.facebook.com\/noticiasmercedinas\/\" \/>\n<meta property=\"article:published_time\" content=\"2019-05-18T20:08:38+00:00\" \/>\n<meta property=\"article:modified_time\" content=\"2019-05-18T20:11:19+00:00\" \/>\n<meta property=\"og:image\" content=\"https:\/\/noticiasmercedinas.com\/site\/wp-content\/uploads\/2019\/05\/img-20190518-wa0046519390786924687173.jpg\" \/>\n\t<meta property=\"og:image:width\" content=\"700\" \/>\n\t<meta property=\"og:image:height\" content=\"404\" \/>\n\t<meta property=\"og:image:type\" content=\"image\/jpeg\" \/>\n<meta name=\"author\" content=\"NOTICIASMERCEDINAS.COM\" \/>\n<meta name=\"twitter:card\" content=\"summary_large_image\" \/>\n<meta name=\"twitter:creator\" content=\"@notmercedinas\" \/>\n<meta name=\"twitter:site\" content=\"@notmercedinas\" \/>\n<meta name=\"twitter:label1\" content=\"Escrito por\" \/>\n\t<meta name=\"twitter:data1\" content=\"NOTICIASMERCEDINAS.COM\" \/>\n\t<meta name=\"twitter:label2\" content=\"Tiempo de lectura\" \/>\n\t<meta name=\"twitter:data2\" content=\"3 minutos\" \/>\n<script type=\"application\/ld+json\" class=\"yoast-schema-graph\">{\"@context\":\"https:\\\/\\\/schema.org\",\"@graph\":[{\"@type\":\"Article\",\"@id\":\"https:\\\/\\\/noticiasmercedinas.com\\\/site\\\/2019\\\/05\\\/18\\\/dematei-solo-mentiras-y-puestas-en-escena-envuelven-a-cambiemos\\\/#article\",\"isPartOf\":{\"@id\":\"https:\\\/\\\/noticiasmercedinas.com\\\/site\\\/2019\\\/05\\\/18\\\/dematei-solo-mentiras-y-puestas-en-escena-envuelven-a-cambiemos\\\/\"},\"author\":{\"name\":\"NOTICIASMERCEDINAS.COM\",\"@id\":\"https:\\\/\\\/noticiasmercedinas.com\\\/site\\\/#\\\/schema\\\/person\\\/84b59c099c28ff2e8b77d4ceec5d8063\"},\"headline\":\"Dematei: \u00abS\u00f3lo mentiras y puestas en escena envuelven a Cambiemos\u00bb\",\"datePublished\":\"2019-05-18T20:08:38+00:00\",\"dateModified\":\"2019-05-18T20:11:19+00:00\",\"mainEntityOfPage\":{\"@id\":\"https:\\\/\\\/noticiasmercedinas.com\\\/site\\\/2019\\\/05\\\/18\\\/dematei-solo-mentiras-y-puestas-en-escena-envuelven-a-cambiemos\\\/\"},\"wordCount\":609,\"commentCount\":0,\"publisher\":{\"@id\":\"https:\\\/\\\/noticiasmercedinas.com\\\/site\\\/#organization\"},\"image\":{\"@id\":\"https:\\\/\\\/noticiasmercedinas.com\\\/site\\\/2019\\\/05\\\/18\\\/dematei-solo-mentiras-y-puestas-en-escena-envuelven-a-cambiemos\\\/#primaryimage\"},\"thumbnailUrl\":\"https:\\\/\\\/noticiasmercedinas.com\\\/site\\\/wp-content\\\/uploads\\\/2019\\\/05\\\/img-20190518-wa0046519390786924687173.jpg\",\"keywords\":[\"carteleria\",\"carteles\",\"elecciones 2019\",\"matias dematei\"],\"articleSection\":[\"Politica\"],\"inLanguage\":\"es\",\"potentialAction\":[{\"@type\":\"CommentAction\",\"name\":\"Comment\",\"target\":[\"https:\\\/\\\/noticiasmercedinas.com\\\/site\\\/2019\\\/05\\\/18\\\/dematei-solo-mentiras-y-puestas-en-escena-envuelven-a-cambiemos\\\/#respond\"]}]},{\"@type\":\"WebPage\",\"@id\":\"https:\\\/\\\/noticiasmercedinas.com\\\/site\\\/2019\\\/05\\\/18\\\/dematei-solo-mentiras-y-puestas-en-escena-envuelven-a-cambiemos\\\/\",\"url\":\"https:\\\/\\\/noticiasmercedinas.com\\\/site\\\/2019\\\/05\\\/18\\\/dematei-solo-mentiras-y-puestas-en-escena-envuelven-a-cambiemos\\\/\",\"name\":\"Dematei: \\\"S\u00f3lo mentiras y puestas en escena envuelven a Cambiemos\\\"\",\"isPartOf\":{\"@id\":\"https:\\\/\\\/noticiasmercedinas.com\\\/site\\\/#website\"},\"primaryImageOfPage\":{\"@id\":\"https:\\\/\\\/noticiasmercedinas.com\\\/site\\\/2019\\\/05\\\/18\\\/dematei-solo-mentiras-y-puestas-en-escena-envuelven-a-cambiemos\\\/#primaryimage\"},\"image\":{\"@id\":\"https:\\\/\\\/noticiasmercedinas.com\\\/site\\\/2019\\\/05\\\/18\\\/dematei-solo-mentiras-y-puestas-en-escena-envuelven-a-cambiemos\\\/#primaryimage\"},\"thumbnailUrl\":\"https:\\\/\\\/noticiasmercedinas.com\\\/site\\\/wp-content\\\/uploads\\\/2019\\\/05\\\/img-20190518-wa0046519390786924687173.jpg\",\"datePublished\":\"2019-05-18T20:08:38+00:00\",\"dateModified\":\"2019-05-18T20:11:19+00:00\",\"breadcrumb\":{\"@id\":\"https:\\\/\\\/noticiasmercedinas.com\\\/site\\\/2019\\\/05\\\/18\\\/dematei-solo-mentiras-y-puestas-en-escena-envuelven-a-cambiemos\\\/#breadcrumb\"},\"inLanguage\":\"es\",\"potentialAction\":[{\"@type\":\"ReadAction\",\"target\":[\"https:\\\/\\\/noticiasmercedinas.com\\\/site\\\/2019\\\/05\\\/18\\\/dematei-solo-mentiras-y-puestas-en-escena-envuelven-a-cambiemos\\\/\"]}]},{\"@type\":\"ImageObject\",\"inLanguage\":\"es\",\"@id\":\"https:\\\/\\\/noticiasmercedinas.com\\\/site\\\/2019\\\/05\\\/18\\\/dematei-solo-mentiras-y-puestas-en-escena-envuelven-a-cambiemos\\\/#primaryimage\",\"url\":\"https:\\\/\\\/noticiasmercedinas.com\\\/site\\\/wp-content\\\/uploads\\\/2019\\\/05\\\/img-20190518-wa0046519390786924687173.jpg\",\"contentUrl\":\"https:\\\/\\\/noticiasmercedinas.com\\\/site\\\/wp-content\\\/uploads\\\/2019\\\/05\\\/img-20190518-wa0046519390786924687173.jpg\",\"width\":700,\"height\":404},{\"@type\":\"BreadcrumbList\",\"@id\":\"https:\\\/\\\/noticiasmercedinas.com\\\/site\\\/2019\\\/05\\\/18\\\/dematei-solo-mentiras-y-puestas-en-escena-envuelven-a-cambiemos\\\/#breadcrumb\",\"itemListElement\":[{\"@type\":\"ListItem\",\"position\":1,\"name\":\"Portada\",\"item\":\"https:\\\/\\\/noticiasmercedinas.com\\\/site\\\/\"},{\"@type\":\"ListItem\",\"position\":2,\"name\":\"Dematei: \u00abS\u00f3lo mentiras y puestas en escena envuelven a Cambiemos\u00bb\"}]},{\"@type\":\"WebSite\",\"@id\":\"https:\\\/\\\/noticiasmercedinas.com\\\/site\\\/#website\",\"url\":\"https:\\\/\\\/noticiasmercedinas.com\\\/site\\\/\",\"name\":\"NOTICIASMERCEDINAS.COM\",\"description\":\"Mercedes, Buenos Aires, Argentina\",\"publisher\":{\"@id\":\"https:\\\/\\\/noticiasmercedinas.com\\\/site\\\/#organization\"},\"potentialAction\":[{\"@type\":\"SearchAction\",\"target\":{\"@type\":\"EntryPoint\",\"urlTemplate\":\"https:\\\/\\\/noticiasmercedinas.com\\\/site\\\/?s={search_term_string}\"},\"query-input\":{\"@type\":\"PropertyValueSpecification\",\"valueRequired\":true,\"valueName\":\"search_term_string\"}}],\"inLanguage\":\"es\"},{\"@type\":\"Organization\",\"@id\":\"https:\\\/\\\/noticiasmercedinas.com\\\/site\\\/#organization\",\"name\":\"NOTICIASMERCEDINAS.COM\",\"url\":\"https:\\\/\\\/noticiasmercedinas.com\\\/site\\\/\",\"logo\":{\"@type\":\"ImageObject\",\"inLanguage\":\"es\",\"@id\":\"https:\\\/\\\/noticiasmercedinas.com\\\/site\\\/#\\\/schema\\\/logo\\\/image\\\/\",\"url\":\"https:\\\/\\\/noticiasmercedinas.com\\\/site\\\/wp-content\\\/uploads\\\/2020\\\/06\\\/LOGO-512.jpg\",\"contentUrl\":\"https:\\\/\\\/noticiasmercedinas.com\\\/site\\\/wp-content\\\/uploads\\\/2020\\\/06\\\/LOGO-512.jpg\",\"width\":512,\"height\":512,\"caption\":\"NOTICIASMERCEDINAS.COM\"},\"image\":{\"@id\":\"https:\\\/\\\/noticiasmercedinas.com\\\/site\\\/#\\\/schema\\\/logo\\\/image\\\/\"},\"sameAs\":[\"https:\\\/\\\/www.facebook.com\\\/noticiasmercedinas\\\/\",\"https:\\\/\\\/x.com\\\/notmercedinas\",\"https:\\\/\\\/www.instagram.com\\\/noticiasmercedinas\\\/\"]},{\"@type\":\"Person\",\"@id\":\"https:\\\/\\\/noticiasmercedinas.com\\\/site\\\/#\\\/schema\\\/person\\\/84b59c099c28ff2e8b77d4ceec5d8063\",\"name\":\"NOTICIASMERCEDINAS.COM\",\"image\":{\"@type\":\"ImageObject\",\"inLanguage\":\"es\",\"@id\":\"https:\\\/\\\/secure.gravatar.com\\\/avatar\\\/4dfbf16b4d17945bfb6341b2d19043457132fcf478a5ee04f42e959fd8f5df0a?s=96&d=mm&r=g\",\"url\":\"https:\\\/\\\/secure.gravatar.com\\\/avatar\\\/4dfbf16b4d17945bfb6341b2d19043457132fcf478a5ee04f42e959fd8f5df0a?s=96&d=mm&r=g\",\"contentUrl\":\"https:\\\/\\\/secure.gravatar.com\\\/avatar\\\/4dfbf16b4d17945bfb6341b2d19043457132fcf478a5ee04f42e959fd8f5df0a?s=96&d=mm&r=g\",\"caption\":\"NOTICIASMERCEDINAS.COM\"},\"url\":\"https:\\\/\\\/noticiasmercedinas.com\\\/site\\\/author\\\/anonimo\\\/\"}]}<\/script>\n<!-- \/ Yoast SEO plugin. -->","yoast_head_json":{"title":"Dematei: \"S\u00f3lo mentiras y puestas en escena envuelven a Cambiemos\"","robots":{"index":"index","follow":"follow","max-snippet":"max-snippet:-1","max-image-preview":"max-image-preview:large","max-video-preview":"max-video-preview:-1"},"canonical":"https:\/\/noticiasmercedinas.com\/site\/2019\/05\/18\/dematei-solo-mentiras-y-puestas-en-escena-envuelven-a-cambiemos\/","og_locale":"es_ES","og_type":"article","og_title":"Dematei: \"S\u00f3lo mentiras y puestas en escena envuelven a Cambiemos\"","og_description":"\u00abCambiemos sali\u00f3 a defender la colocaci\u00f3n de carteles s\u00f3lo para la foto, y sus dirigentes confirmaron el hecho en una radio local\u00bb, cont\u00f3 Dematei El jefe de Gabinete, Mat\u00edas Dematei, hizo declaraciones en torno a una pol\u00e9mica que se suscit\u00f3 por estas horas con respecto a la colocaci\u00f3n de carteles en la ciudad. Destac\u00f3 que [&hellip;]","og_url":"https:\/\/noticiasmercedinas.com\/site\/2019\/05\/18\/dematei-solo-mentiras-y-puestas-en-escena-envuelven-a-cambiemos\/","og_site_name":"NOTICIASMERCEDINAS.COM","article_publisher":"https:\/\/www.facebook.com\/noticiasmercedinas\/","article_published_time":"2019-05-18T20:08:38+00:00","article_modified_time":"2019-05-18T20:11:19+00:00","og_image":[{"width":700,"height":404,"url":"https:\/\/noticiasmercedinas.com\/site\/wp-content\/uploads\/2019\/05\/img-20190518-wa0046519390786924687173.jpg","type":"image\/jpeg"}],"author":"NOTICIASMERCEDINAS.COM","twitter_card":"summary_large_image","twitter_creator":"@notmercedinas","twitter_site":"@notmercedinas","twitter_misc":{"Escrito por":"NOTICIASMERCEDINAS.COM","Tiempo de lectura":"3 minutos"},"schema":{"@context":"https:\/\/schema.org","@graph":[{"@type":"Article","@id":"https:\/\/noticiasmercedinas.com\/site\/2019\/05\/18\/dematei-solo-mentiras-y-puestas-en-escena-envuelven-a-cambiemos\/#article","isPartOf":{"@id":"https:\/\/noticiasmercedinas.com\/site\/2019\/05\/18\/dematei-solo-mentiras-y-puestas-en-escena-envuelven-a-cambiemos\/"},"author":{"name":"NOTICIASMERCEDINAS.COM","@id":"https:\/\/noticiasmercedinas.com\/site\/#\/schema\/person\/84b59c099c28ff2e8b77d4ceec5d8063"},"headline":"Dematei: \u00abS\u00f3lo mentiras y puestas en escena envuelven a Cambiemos\u00bb","datePublished":"2019-05-18T20:08:38+00:00","dateModified":"2019-05-18T20:11:19+00:00","mainEntityOfPage":{"@id":"https:\/\/noticiasmercedinas.com\/site\/2019\/05\/18\/dematei-solo-mentiras-y-puestas-en-escena-envuelven-a-cambiemos\/"},"wordCount":609,"commentCount":0,"publisher":{"@id":"https:\/\/noticiasmercedinas.com\/site\/#organization"},"image":{"@id":"https:\/\/noticiasmercedinas.com\/site\/2019\/05\/18\/dematei-solo-mentiras-y-puestas-en-escena-envuelven-a-cambiemos\/#primaryimage"},"thumbnailUrl":"https:\/\/noticiasmercedinas.com\/site\/wp-content\/uploads\/2019\/05\/img-20190518-wa0046519390786924687173.jpg","keywords":["carteleria","carteles","elecciones 2019","matias dematei"],"articleSection":["Politica"],"inLanguage":"es","potentialAction":[{"@type":"CommentAction","name":"Comment","target":["https:\/\/noticiasmercedinas.com\/site\/2019\/05\/18\/dematei-solo-mentiras-y-puestas-en-escena-envuelven-a-cambiemos\/#respond"]}]},{"@type":"WebPage","@id":"https:\/\/noticiasmercedinas.com\/site\/2019\/05\/18\/dematei-solo-mentiras-y-puestas-en-escena-envuelven-a-cambiemos\/","url":"https:\/\/noticiasmercedinas.com\/site\/2019\/05\/18\/dematei-solo-mentiras-y-puestas-en-escena-envuelven-a-cambiemos\/","name":"Dematei: \"S\u00f3lo mentiras y puestas en escena envuelven a Cambiemos\"","isPartOf":{"@id":"https:\/\/noticiasmercedinas.com\/site\/#website"},"primaryImageOfPage":{"@id":"https:\/\/noticiasmercedinas.com\/site\/2019\/05\/18\/dematei-solo-mentiras-y-puestas-en-escena-envuelven-a-cambiemos\/#primaryimage"},"image":{"@id":"https:\/\/noticiasmercedinas.com\/site\/2019\/05\/18\/dematei-solo-mentiras-y-puestas-en-escena-envuelven-a-cambiemos\/#primaryimage"},"thumbnailUrl":"https:\/\/noticiasmercedinas.com\/site\/wp-content\/uploads\/2019\/05\/img-20190518-wa0046519390786924687173.jpg","datePublished":"2019-05-18T20:08:38+00:00","dateModified":"2019-05-18T20:11:19+00:00","breadcrumb":{"@id":"https:\/\/noticiasmercedinas.com\/site\/2019\/05\/18\/dematei-solo-mentiras-y-puestas-en-escena-envuelven-a-cambiemos\/#breadcrumb"},"inLanguage":"es","potentialAction":[{"@type":"ReadAction","target":["https:\/\/noticiasmercedinas.com\/site\/2019\/05\/18\/dematei-solo-mentiras-y-puestas-en-escena-envuelven-a-cambiemos\/"]}]},{"@type":"ImageObject","inLanguage":"es","@id":"https:\/\/noticiasmercedinas.com\/site\/2019\/05\/18\/dematei-solo-mentiras-y-puestas-en-escena-envuelven-a-cambiemos\/#primaryimage","url":"https:\/\/noticiasmercedinas.com\/site\/wp-content\/uploads\/2019\/05\/img-20190518-wa0046519390786924687173.jpg","contentUrl":"https:\/\/noticiasmercedinas.com\/site\/wp-content\/uploads\/2019\/05\/img-20190518-wa0046519390786924687173.jpg","width":700,"height":404},{"@type":"BreadcrumbList","@id":"https:\/\/noticiasmercedinas.com\/site\/2019\/05\/18\/dematei-solo-mentiras-y-puestas-en-escena-envuelven-a-cambiemos\/#breadcrumb","itemListElement":[{"@type":"ListItem","position":1,"name":"Portada","item":"https:\/\/noticiasmercedinas.com\/site\/"},{"@type":"ListItem","position":2,"name":"Dematei: \u00abS\u00f3lo mentiras y puestas en escena envuelven a Cambiemos\u00bb"}]},{"@type":"WebSite","@id":"https:\/\/noticiasmercedinas.com\/site\/#website","url":"https:\/\/noticiasmercedinas.com\/site\/","name":"NOTICIASMERCEDINAS.COM","description":"Mercedes, Buenos Aires, Argentina","publisher":{"@id":"https:\/\/noticiasmercedinas.com\/site\/#organization"},"potentialAction":[{"@type":"SearchAction","target":{"@type":"EntryPoint","urlTemplate":"https:\/\/noticiasmercedinas.com\/site\/?s={search_term_string}"},"query-input":{"@type":"PropertyValueSpecification","valueRequired":true,"valueName":"search_term_string"}}],"inLanguage":"es"},{"@type":"Organization","@id":"https:\/\/noticiasmercedinas.com\/site\/#organization","name":"NOTICIASMERCEDINAS.COM","url":"https:\/\/noticiasmercedinas.com\/site\/","logo":{"@type":"ImageObject","inLanguage":"es","@id":"https:\/\/noticiasmercedinas.com\/site\/#\/schema\/logo\/image\/","url":"https:\/\/noticiasmercedinas.com\/site\/wp-content\/uploads\/2020\/06\/LOGO-512.jpg","contentUrl":"https:\/\/noticiasmercedinas.com\/site\/wp-content\/uploads\/2020\/06\/LOGO-512.jpg","width":512,"height":512,"caption":"NOTICIASMERCEDINAS.COM"},"image":{"@id":"https:\/\/noticiasmercedinas.com\/site\/#\/schema\/logo\/image\/"},"sameAs":["https:\/\/www.facebook.com\/noticiasmercedinas\/","https:\/\/x.com\/notmercedinas","https:\/\/www.instagram.com\/noticiasmercedinas\/"]},{"@type":"Person","@id":"https:\/\/noticiasmercedinas.com\/site\/#\/schema\/person\/84b59c099c28ff2e8b77d4ceec5d8063","name":"NOTICIASMERCEDINAS.COM","image":{"@type":"ImageObject","inLanguage":"es","@id":"https:\/\/secure.gravatar.com\/avatar\/4dfbf16b4d17945bfb6341b2d19043457132fcf478a5ee04f42e959fd8f5df0a?s=96&d=mm&r=g","url":"https:\/\/secure.gravatar.com\/avatar\/4dfbf16b4d17945bfb6341b2d19043457132fcf478a5ee04f42e959fd8f5df0a?s=96&d=mm&r=g","contentUrl":"https:\/\/secure.gravatar.com\/avatar\/4dfbf16b4d17945bfb6341b2d19043457132fcf478a5ee04f42e959fd8f5df0a?s=96&d=mm&r=g","caption":"NOTICIASMERCEDINAS.COM"},"url":"https:\/\/noticiasmercedinas.com\/site\/author\/anonimo\/"}]}},"amp_enabled":true,"_links":{"self":[{"href":"https:\/\/noticiasmercedinas.com\/site\/wp-json\/wp\/v2\/posts\/19234","targetHints":{"allow":["GET"]}}],"collection":[{"href":"https:\/\/noticiasmercedinas.com\/site\/wp-json\/wp\/v2\/posts"}],"about":[{"href":"https:\/\/noticiasmercedinas.com\/site\/wp-json\/wp\/v2\/types\/post"}],"author":[{"embeddable":true,"href":"https:\/\/noticiasmercedinas.com\/site\/wp-json\/wp\/v2\/users\/16"}],"replies":[{"embeddable":true,"href":"https:\/\/noticiasmercedinas.com\/site\/wp-json\/wp\/v2\/comments?post=19234"}],"version-history":[{"count":2,"href":"https:\/\/noticiasmercedinas.com\/site\/wp-json\/wp\/v2\/posts\/19234\/revisions"}],"predecessor-version":[{"id":19237,"href":"https:\/\/noticiasmercedinas.com\/site\/wp-json\/wp\/v2\/posts\/19234\/revisions\/19237"}],"wp:featuredmedia":[{"embeddable":true,"href":"https:\/\/noticiasmercedinas.com\/site\/wp-json\/wp\/v2\/media\/19233"}],"wp:attachment":[{"href":"https:\/\/noticiasmercedinas.com\/site\/wp-json\/wp\/v2\/media?parent=19234"}],"wp:term":[{"taxonomy":"category","embeddable":true,"href":"https:\/\/noticiasmercedinas.com\/site\/wp-json\/wp\/v2\/categories?post=19234"},{"taxonomy":"post_tag","embeddable":true,"href":"https:\/\/noticiasmercedinas.com\/site\/wp-json\/wp\/v2\/tags?post=19234"}],"curies":[{"name":"wp","href":"https:\/\/api.w.org\/{rel}","templated":true}]}}