{"id":192495,"date":"2026-08-10T15:09:52","date_gmt":"2026-08-10T18:09:52","guid":{"rendered":"https:\/\/noticiasmercedinas.com\/site\/?p=192495"},"modified":"2026-08-10T15:10:10","modified_gmt":"2026-08-10T18:10:10","slug":"el-aeroclub-lujan-alista-aeronino-2026-una-jornada-aeronautica-y-familiar-que-por-primera-vez-sera-con-acceso-gratuito","status":"publish","type":"post","link":"https:\/\/noticiasmercedinas.com\/site\/2026\/08\/10\/el-aeroclub-lujan-alista-aeronino-2026-una-jornada-aeronautica-y-familiar-que-por-primera-vez-sera-con-acceso-gratuito\/","title":{"rendered":"El Aeroclub Luj\u00e1n alista \u00abAeroni\u00f1o 2026\u00bb: una jornada aeron\u00e1utica y familiar con acceso gratuito"},"content":{"rendered":"<p data-path-to-node=\"2\"><img loading=\"lazy\" decoding=\"async\" class=\"alignnone size-full wp-image-192496\" src=\"https:\/\/noticiasmercedinas.com\/site\/wp-content\/uploads\/2026\/08\/WhatsApp-Image-2026-08-10-at-2.58.37-PM.jpeg\" alt=\"\" width=\"1080\" height=\"1350\" srcset=\"https:\/\/noticiasmercedinas.com\/site\/wp-content\/uploads\/2026\/08\/WhatsApp-Image-2026-08-10-at-2.58.37-PM.jpeg 1080w, https:\/\/noticiasmercedinas.com\/site\/wp-content\/uploads\/2026\/08\/WhatsApp-Image-2026-08-10-at-2.58.37-PM-240x300.jpeg 240w, https:\/\/noticiasmercedinas.com\/site\/wp-content\/uploads\/2026\/08\/WhatsApp-Image-2026-08-10-at-2.58.37-PM-819x1024.jpeg 819w, https:\/\/noticiasmercedinas.com\/site\/wp-content\/uploads\/2026\/08\/WhatsApp-Image-2026-08-10-at-2.58.37-PM-768x960.jpeg 768w, https:\/\/noticiasmercedinas.com\/site\/wp-content\/uploads\/2026\/08\/WhatsApp-Image-2026-08-10-at-2.58.37-PM-640x800.jpeg 640w, https:\/\/noticiasmercedinas.com\/site\/wp-content\/uploads\/2026\/08\/WhatsApp-Image-2026-08-10-at-2.58.37-PM-681x851.jpeg 681w\" sizes=\"auto, (max-width: 1080px) 100vw, 1080px\" \/><\/p>\n<p data-path-to-node=\"2\">El Aeroclub Luj\u00e1n ultima los detalles organizativos para la realizaci\u00f3n de una nueva edici\u00f3n de \u00abAeroni\u00f1o\u00bb, el tradicional encuentro familiar que cada a\u00f1o convoca a miles de vecinos de la ciudad y la regi\u00f3n.<\/p>\n<p data-path-to-node=\"2\">La jornada se llevar\u00e1 a cabo este domingo 16 de agosto entre las 11:00 y las 18:30 horas, con una novedad sustancial respecto de sus versiones anteriores: el acceso ser\u00e1 completamente gratuito para toda la comunidad.<\/p>\n<blockquote>\n<p data-path-to-node=\"2\">Este domingo 16 de agosto el predio de la vecina localidad ofrecer\u00e1 muestra de aviones, acrobacias a\u00e9reas, paseos gastron\u00f3micos y entretenimientos para ni\u00f1os. A diferencia de a\u00f1os anteriores, la entrada no tendr\u00e1 costo, aunque se requerir\u00e1 inscripci\u00f3n digital previa.<\/p>\n<\/blockquote>\n<p data-path-to-node=\"3\">Para ingresar al predio y participar de los festejos, las familias deber\u00e1n completar un registro obligatorio y sin costo a trav\u00e9s de la plataforma web institucional (<a class=\"ng-star-inserted\" href=\"http:\/\/www.aeroclublujan.com.ar\/aeronino\" target=\"_blank\" rel=\"noopener\" data-hveid=\"0\" data-ved=\"0CAAQ_4QMahgKEwiL-5uK7ZWWAxUAAAAAHQAAAAAQ_QE\">www.aeroclublujan.com.ar\/aeronino<\/a>). La medida busca ordenar el flujo de visitantes y garantizar el desarrollo seguro de las m\u00faltiples actividades diagramadas en el predio aeron\u00e1utico.<\/p>\n<p data-path-to-node=\"4\">El programa de exhibici\u00f3n incluye una destacada muestra est\u00e1tica de aeronaves, demostraciones de aeromodelismo, vuelos de bautismo para el p\u00fablico general y destrezas de acrobacia a\u00e9rea durante el transcurso de la tarde. En tierra, la propuesta se complementar\u00e1 con una exposici\u00f3n de veh\u00edculos cl\u00e1sicos, estancieras y baqueanos, sumado a un sector infantil compuesto por un parque de inflables para distintas edades y entretenimientos continuos.<\/p>\n<p data-path-to-node=\"5\">La oferta gastron\u00f3mica y comercial abarcar\u00e1 un patio de comidas integrado por m\u00e1s de diez <i data-path-to-node=\"5\" data-index-in-node=\"90\">food trucks<\/i> y una feria de artesanos y emprendedores locales con m\u00e1s de un centenar de puestos confirmados. Durante toda la jornada se realizar\u00e1n adem\u00e1s sorteos e intervenciones para los m\u00e1s chicos.<\/p>\n","protected":false},"excerpt":{"rendered":"<p>El Aeroclub Luj\u00e1n ultima los detalles organizativos para la realizaci\u00f3n de una nueva edici\u00f3n de \u00abAeroni\u00f1o\u00bb, el tradicional encuentro familiar que cada a\u00f1o convoca a miles de vecinos de la ciudad y la regi\u00f3n. La jornada se llevar\u00e1 a cabo este domingo 16 de agosto entre las 11:00 y las 18:30 horas, con una novedad [&hellip;]<\/p>\n","protected":false},"author":16,"featured_media":192496,"comment_status":"closed","ping_status":"closed","sticky":false,"template":"","format":"standard","meta":{"footnotes":""},"categories":[139],"tags":[7755,22705,79,40],"class_list":["post-192495","post","type-post","status-publish","format-standard","has-post-thumbnail","hentry","category-regionales","tag-aero-club","tag-aeronino","tag-dia-del-nino","tag-lujan"],"yoast_head":"<!-- This site is optimized with the Yoast SEO plugin v28.3 - https:\/\/yoast.com\/product\/yoast-seo-wordpress\/ -->\n<title>El Aeroclub Luj\u00e1n alista &quot;Aeroni\u00f1o 2026&quot;: una jornada aeron\u00e1utica y familiar con acceso gratuito<\/title>\n<meta name=\"description\" content=\"Este domingo 16 de agosto el predio de la vecina localidad ofrecer\u00e1 muestra de aviones, acrobacias a\u00e9reas, paseos gastron\u00f3micos y entretenimientos para ni\u00f1os. A diferencia de a\u00f1os anteriores, la entrada no tendr\u00e1 costo, aunque se requerir\u00e1 inscripci\u00f3n digital previa.\" \/>\n<meta name=\"robots\" content=\"index, follow, max-snippet:-1, max-image-preview:large, max-video-preview:-1\" \/>\n<link rel=\"canonical\" href=\"https:\/\/noticiasmercedinas.com\/site\/2026\/08\/10\/el-aeroclub-lujan-alista-aeronino-2026-una-jornada-aeronautica-y-familiar-que-por-primera-vez-sera-con-acceso-gratuito\/\" \/>\n<meta property=\"og:locale\" content=\"es_ES\" \/>\n<meta property=\"og:type\" content=\"article\" \/>\n<meta property=\"og:title\" content=\"El Aeroclub Luj\u00e1n alista &quot;Aeroni\u00f1o 2026&quot;: una jornada aeron\u00e1utica y familiar con acceso gratuito\" \/>\n<meta property=\"og:description\" content=\"Este domingo 16 de agosto el predio de la vecina localidad ofrecer\u00e1 muestra de aviones, acrobacias a\u00e9reas, paseos gastron\u00f3micos y entretenimientos para ni\u00f1os. A diferencia de a\u00f1os anteriores, la entrada no tendr\u00e1 costo, aunque se requerir\u00e1 inscripci\u00f3n digital previa.\" \/>\n<meta property=\"og:url\" content=\"https:\/\/noticiasmercedinas.com\/site\/2026\/08\/10\/el-aeroclub-lujan-alista-aeronino-2026-una-jornada-aeronautica-y-familiar-que-por-primera-vez-sera-con-acceso-gratuito\/\" \/>\n<meta property=\"og:site_name\" content=\"NOTICIASMERCEDINAS.COM\" \/>\n<meta property=\"article:publisher\" content=\"https:\/\/www.facebook.com\/noticiasmercedinas\/\" \/>\n<meta property=\"article:published_time\" content=\"2026-08-10T18:09:52+00:00\" \/>\n<meta property=\"article:modified_time\" content=\"2026-08-10T18:10:10+00:00\" \/>\n<meta property=\"og:image\" content=\"https:\/\/noticiasmercedinas.com\/site\/wp-content\/uploads\/2026\/08\/WhatsApp-Image-2026-08-10-at-2.58.37-PM.jpeg\" \/>\n\t<meta property=\"og:image:width\" content=\"1080\" \/>\n\t<meta property=\"og:image:height\" content=\"1350\" \/>\n\t<meta property=\"og:image:type\" content=\"image\/jpeg\" \/>\n<meta name=\"author\" content=\"NOTICIASMERCEDINAS.COM\" \/>\n<meta name=\"twitter:card\" content=\"summary_large_image\" \/>\n<meta name=\"twitter:creator\" content=\"@notmercedinas\" \/>\n<meta name=\"twitter:site\" content=\"@notmercedinas\" \/>\n<meta name=\"twitter:label1\" content=\"Escrito por\" \/>\n\t<meta name=\"twitter:data1\" content=\"NOTICIASMERCEDINAS.COM\" \/>\n\t<meta name=\"twitter:label2\" content=\"Tiempo de lectura\" \/>\n\t<meta name=\"twitter:data2\" content=\"2 minutos\" \/>\n<script type=\"application\/ld+json\" class=\"yoast-schema-graph\">{\"@context\":\"https:\\\/\\\/schema.org\",\"@graph\":[{\"@type\":\"Article\",\"@id\":\"https:\\\/\\\/noticiasmercedinas.com\\\/site\\\/2026\\\/08\\\/10\\\/el-aeroclub-lujan-alista-aeronino-2026-una-jornada-aeronautica-y-familiar-que-por-primera-vez-sera-con-acceso-gratuito\\\/#article\",\"isPartOf\":{\"@id\":\"https:\\\/\\\/noticiasmercedinas.com\\\/site\\\/2026\\\/08\\\/10\\\/el-aeroclub-lujan-alista-aeronino-2026-una-jornada-aeronautica-y-familiar-que-por-primera-vez-sera-con-acceso-gratuito\\\/\"},\"author\":{\"name\":\"NOTICIASMERCEDINAS.COM\",\"@id\":\"https:\\\/\\\/noticiasmercedinas.com\\\/site\\\/#\\\/schema\\\/person\\\/84b59c099c28ff2e8b77d4ceec5d8063\"},\"headline\":\"El Aeroclub Luj\u00e1n alista \u00abAeroni\u00f1o 2026\u00bb: una jornada aeron\u00e1utica y familiar con acceso gratuito\",\"datePublished\":\"2026-08-10T18:09:52+00:00\",\"dateModified\":\"2026-08-10T18:10:10+00:00\",\"mainEntityOfPage\":{\"@id\":\"https:\\\/\\\/noticiasmercedinas.com\\\/site\\\/2026\\\/08\\\/10\\\/el-aeroclub-lujan-alista-aeronino-2026-una-jornada-aeronautica-y-familiar-que-por-primera-vez-sera-con-acceso-gratuito\\\/\"},\"wordCount\":313,\"publisher\":{\"@id\":\"https:\\\/\\\/noticiasmercedinas.com\\\/site\\\/#organization\"},\"image\":{\"@id\":\"https:\\\/\\\/noticiasmercedinas.com\\\/site\\\/2026\\\/08\\\/10\\\/el-aeroclub-lujan-alista-aeronino-2026-una-jornada-aeronautica-y-familiar-que-por-primera-vez-sera-con-acceso-gratuito\\\/#primaryimage\"},\"thumbnailUrl\":\"https:\\\/\\\/noticiasmercedinas.com\\\/site\\\/wp-content\\\/uploads\\\/2026\\\/08\\\/WhatsApp-Image-2026-08-10-at-2.58.37-PM.jpeg\",\"keywords\":[\"aero club\",\"aeroni\u00f1o\",\"dia del ni\u00f1o\",\"lujan\"],\"articleSection\":[\"Regionales\"],\"inLanguage\":\"es\"},{\"@type\":\"WebPage\",\"@id\":\"https:\\\/\\\/noticiasmercedinas.com\\\/site\\\/2026\\\/08\\\/10\\\/el-aeroclub-lujan-alista-aeronino-2026-una-jornada-aeronautica-y-familiar-que-por-primera-vez-sera-con-acceso-gratuito\\\/\",\"url\":\"https:\\\/\\\/noticiasmercedinas.com\\\/site\\\/2026\\\/08\\\/10\\\/el-aeroclub-lujan-alista-aeronino-2026-una-jornada-aeronautica-y-familiar-que-por-primera-vez-sera-con-acceso-gratuito\\\/\",\"name\":\"El Aeroclub Luj\u00e1n alista \\\"Aeroni\u00f1o 2026\\\": una jornada aeron\u00e1utica y familiar con acceso gratuito\",\"isPartOf\":{\"@id\":\"https:\\\/\\\/noticiasmercedinas.com\\\/site\\\/#website\"},\"primaryImageOfPage\":{\"@id\":\"https:\\\/\\\/noticiasmercedinas.com\\\/site\\\/2026\\\/08\\\/10\\\/el-aeroclub-lujan-alista-aeronino-2026-una-jornada-aeronautica-y-familiar-que-por-primera-vez-sera-con-acceso-gratuito\\\/#primaryimage\"},\"image\":{\"@id\":\"https:\\\/\\\/noticiasmercedinas.com\\\/site\\\/2026\\\/08\\\/10\\\/el-aeroclub-lujan-alista-aeronino-2026-una-jornada-aeronautica-y-familiar-que-por-primera-vez-sera-con-acceso-gratuito\\\/#primaryimage\"},\"thumbnailUrl\":\"https:\\\/\\\/noticiasmercedinas.com\\\/site\\\/wp-content\\\/uploads\\\/2026\\\/08\\\/WhatsApp-Image-2026-08-10-at-2.58.37-PM.jpeg\",\"datePublished\":\"2026-08-10T18:09:52+00:00\",\"dateModified\":\"2026-08-10T18:10:10+00:00\",\"description\":\"Este domingo 16 de agosto el predio de la vecina localidad ofrecer\u00e1 muestra de aviones, acrobacias a\u00e9reas, paseos gastron\u00f3micos y entretenimientos para ni\u00f1os. A diferencia de a\u00f1os anteriores, la entrada no tendr\u00e1 costo, aunque se requerir\u00e1 inscripci\u00f3n digital previa.\",\"breadcrumb\":{\"@id\":\"https:\\\/\\\/noticiasmercedinas.com\\\/site\\\/2026\\\/08\\\/10\\\/el-aeroclub-lujan-alista-aeronino-2026-una-jornada-aeronautica-y-familiar-que-por-primera-vez-sera-con-acceso-gratuito\\\/#breadcrumb\"},\"inLanguage\":\"es\",\"potentialAction\":[{\"@type\":\"ReadAction\",\"target\":[\"https:\\\/\\\/noticiasmercedinas.com\\\/site\\\/2026\\\/08\\\/10\\\/el-aeroclub-lujan-alista-aeronino-2026-una-jornada-aeronautica-y-familiar-que-por-primera-vez-sera-con-acceso-gratuito\\\/\"]}]},{\"@type\":\"ImageObject\",\"inLanguage\":\"es\",\"@id\":\"https:\\\/\\\/noticiasmercedinas.com\\\/site\\\/2026\\\/08\\\/10\\\/el-aeroclub-lujan-alista-aeronino-2026-una-jornada-aeronautica-y-familiar-que-por-primera-vez-sera-con-acceso-gratuito\\\/#primaryimage\",\"url\":\"https:\\\/\\\/noticiasmercedinas.com\\\/site\\\/wp-content\\\/uploads\\\/2026\\\/08\\\/WhatsApp-Image-2026-08-10-at-2.58.37-PM.jpeg\",\"contentUrl\":\"https:\\\/\\\/noticiasmercedinas.com\\\/site\\\/wp-content\\\/uploads\\\/2026\\\/08\\\/WhatsApp-Image-2026-08-10-at-2.58.37-PM.jpeg\",\"width\":1080,\"height\":1350},{\"@type\":\"BreadcrumbList\",\"@id\":\"https:\\\/\\\/noticiasmercedinas.com\\\/site\\\/2026\\\/08\\\/10\\\/el-aeroclub-lujan-alista-aeronino-2026-una-jornada-aeronautica-y-familiar-que-por-primera-vez-sera-con-acceso-gratuito\\\/#breadcrumb\",\"itemListElement\":[{\"@type\":\"ListItem\",\"position\":1,\"name\":\"Portada\",\"item\":\"https:\\\/\\\/noticiasmercedinas.com\\\/site\\\/\"},{\"@type\":\"ListItem\",\"position\":2,\"name\":\"El Aeroclub Luj\u00e1n alista \u00abAeroni\u00f1o 2026\u00bb: una jornada aeron\u00e1utica y familiar con acceso gratuito\"}]},{\"@type\":\"WebSite\",\"@id\":\"https:\\\/\\\/noticiasmercedinas.com\\\/site\\\/#website\",\"url\":\"https:\\\/\\\/noticiasmercedinas.com\\\/site\\\/\",\"name\":\"NOTICIASMERCEDINAS.COM\",\"description\":\"Mercedes, Buenos Aires, Argentina\",\"publisher\":{\"@id\":\"https:\\\/\\\/noticiasmercedinas.com\\\/site\\\/#organization\"},\"potentialAction\":[{\"@type\":\"SearchAction\",\"target\":{\"@type\":\"EntryPoint\",\"urlTemplate\":\"https:\\\/\\\/noticiasmercedinas.com\\\/site\\\/?s={search_term_string}\"},\"query-input\":{\"@type\":\"PropertyValueSpecification\",\"valueRequired\":true,\"valueName\":\"search_term_string\"}}],\"inLanguage\":\"es\"},{\"@type\":\"Organization\",\"@id\":\"https:\\\/\\\/noticiasmercedinas.com\\\/site\\\/#organization\",\"name\":\"NOTICIASMERCEDINAS.COM\",\"url\":\"https:\\\/\\\/noticiasmercedinas.com\\\/site\\\/\",\"logo\":{\"@type\":\"ImageObject\",\"inLanguage\":\"es\",\"@id\":\"https:\\\/\\\/noticiasmercedinas.com\\\/site\\\/#\\\/schema\\\/logo\\\/image\\\/\",\"url\":\"https:\\\/\\\/noticiasmercedinas.com\\\/site\\\/wp-content\\\/uploads\\\/2020\\\/06\\\/LOGO-512.jpg\",\"contentUrl\":\"https:\\\/\\\/noticiasmercedinas.com\\\/site\\\/wp-content\\\/uploads\\\/2020\\\/06\\\/LOGO-512.jpg\",\"width\":512,\"height\":512,\"caption\":\"NOTICIASMERCEDINAS.COM\"},\"image\":{\"@id\":\"https:\\\/\\\/noticiasmercedinas.com\\\/site\\\/#\\\/schema\\\/logo\\\/image\\\/\"},\"sameAs\":[\"https:\\\/\\\/www.facebook.com\\\/noticiasmercedinas\\\/\",\"https:\\\/\\\/x.com\\\/notmercedinas\",\"https:\\\/\\\/www.instagram.com\\\/noticiasmercedinas\\\/\"]},{\"@type\":\"Person\",\"@id\":\"https:\\\/\\\/noticiasmercedinas.com\\\/site\\\/#\\\/schema\\\/person\\\/84b59c099c28ff2e8b77d4ceec5d8063\",\"name\":\"NOTICIASMERCEDINAS.COM\",\"image\":{\"@type\":\"ImageObject\",\"inLanguage\":\"es\",\"@id\":\"https:\\\/\\\/secure.gravatar.com\\\/avatar\\\/4dfbf16b4d17945bfb6341b2d19043457132fcf478a5ee04f42e959fd8f5df0a?s=96&d=mm&r=g\",\"url\":\"https:\\\/\\\/secure.gravatar.com\\\/avatar\\\/4dfbf16b4d17945bfb6341b2d19043457132fcf478a5ee04f42e959fd8f5df0a?s=96&d=mm&r=g\",\"contentUrl\":\"https:\\\/\\\/secure.gravatar.com\\\/avatar\\\/4dfbf16b4d17945bfb6341b2d19043457132fcf478a5ee04f42e959fd8f5df0a?s=96&d=mm&r=g\",\"caption\":\"NOTICIASMERCEDINAS.COM\"},\"url\":\"https:\\\/\\\/noticiasmercedinas.com\\\/site\\\/author\\\/anonimo\\\/\"}]}<\/script>\n<!-- \/ Yoast SEO plugin. -->","yoast_head_json":{"title":"El Aeroclub Luj\u00e1n alista \"Aeroni\u00f1o 2026\": una jornada aeron\u00e1utica y familiar con acceso gratuito","description":"Este domingo 16 de agosto el predio de la vecina localidad ofrecer\u00e1 muestra de aviones, acrobacias a\u00e9reas, paseos gastron\u00f3micos y entretenimientos para ni\u00f1os. A diferencia de a\u00f1os anteriores, la entrada no tendr\u00e1 costo, aunque se requerir\u00e1 inscripci\u00f3n digital previa.","robots":{"index":"index","follow":"follow","max-snippet":"max-snippet:-1","max-image-preview":"max-image-preview:large","max-video-preview":"max-video-preview:-1"},"canonical":"https:\/\/noticiasmercedinas.com\/site\/2026\/08\/10\/el-aeroclub-lujan-alista-aeronino-2026-una-jornada-aeronautica-y-familiar-que-por-primera-vez-sera-con-acceso-gratuito\/","og_locale":"es_ES","og_type":"article","og_title":"El Aeroclub Luj\u00e1n alista \"Aeroni\u00f1o 2026\": una jornada aeron\u00e1utica y familiar con acceso gratuito","og_description":"Este domingo 16 de agosto el predio de la vecina localidad ofrecer\u00e1 muestra de aviones, acrobacias a\u00e9reas, paseos gastron\u00f3micos y entretenimientos para ni\u00f1os. A diferencia de a\u00f1os anteriores, la entrada no tendr\u00e1 costo, aunque se requerir\u00e1 inscripci\u00f3n digital previa.","og_url":"https:\/\/noticiasmercedinas.com\/site\/2026\/08\/10\/el-aeroclub-lujan-alista-aeronino-2026-una-jornada-aeronautica-y-familiar-que-por-primera-vez-sera-con-acceso-gratuito\/","og_site_name":"NOTICIASMERCEDINAS.COM","article_publisher":"https:\/\/www.facebook.com\/noticiasmercedinas\/","article_published_time":"2026-08-10T18:09:52+00:00","article_modified_time":"2026-08-10T18:10:10+00:00","og_image":[{"width":1080,"height":1350,"url":"https:\/\/noticiasmercedinas.com\/site\/wp-content\/uploads\/2026\/08\/WhatsApp-Image-2026-08-10-at-2.58.37-PM.jpeg","type":"image\/jpeg"}],"author":"NOTICIASMERCEDINAS.COM","twitter_card":"summary_large_image","twitter_creator":"@notmercedinas","twitter_site":"@notmercedinas","twitter_misc":{"Escrito por":"NOTICIASMERCEDINAS.COM","Tiempo de lectura":"2 minutos"},"schema":{"@context":"https:\/\/schema.org","@graph":[{"@type":"Article","@id":"https:\/\/noticiasmercedinas.com\/site\/2026\/08\/10\/el-aeroclub-lujan-alista-aeronino-2026-una-jornada-aeronautica-y-familiar-que-por-primera-vez-sera-con-acceso-gratuito\/#article","isPartOf":{"@id":"https:\/\/noticiasmercedinas.com\/site\/2026\/08\/10\/el-aeroclub-lujan-alista-aeronino-2026-una-jornada-aeronautica-y-familiar-que-por-primera-vez-sera-con-acceso-gratuito\/"},"author":{"name":"NOTICIASMERCEDINAS.COM","@id":"https:\/\/noticiasmercedinas.com\/site\/#\/schema\/person\/84b59c099c28ff2e8b77d4ceec5d8063"},"headline":"El Aeroclub Luj\u00e1n alista \u00abAeroni\u00f1o 2026\u00bb: una jornada aeron\u00e1utica y familiar con acceso gratuito","datePublished":"2026-08-10T18:09:52+00:00","dateModified":"2026-08-10T18:10:10+00:00","mainEntityOfPage":{"@id":"https:\/\/noticiasmercedinas.com\/site\/2026\/08\/10\/el-aeroclub-lujan-alista-aeronino-2026-una-jornada-aeronautica-y-familiar-que-por-primera-vez-sera-con-acceso-gratuito\/"},"wordCount":313,"publisher":{"@id":"https:\/\/noticiasmercedinas.com\/site\/#organization"},"image":{"@id":"https:\/\/noticiasmercedinas.com\/site\/2026\/08\/10\/el-aeroclub-lujan-alista-aeronino-2026-una-jornada-aeronautica-y-familiar-que-por-primera-vez-sera-con-acceso-gratuito\/#primaryimage"},"thumbnailUrl":"https:\/\/noticiasmercedinas.com\/site\/wp-content\/uploads\/2026\/08\/WhatsApp-Image-2026-08-10-at-2.58.37-PM.jpeg","keywords":["aero club","aeroni\u00f1o","dia del ni\u00f1o","lujan"],"articleSection":["Regionales"],"inLanguage":"es"},{"@type":"WebPage","@id":"https:\/\/noticiasmercedinas.com\/site\/2026\/08\/10\/el-aeroclub-lujan-alista-aeronino-2026-una-jornada-aeronautica-y-familiar-que-por-primera-vez-sera-con-acceso-gratuito\/","url":"https:\/\/noticiasmercedinas.com\/site\/2026\/08\/10\/el-aeroclub-lujan-alista-aeronino-2026-una-jornada-aeronautica-y-familiar-que-por-primera-vez-sera-con-acceso-gratuito\/","name":"El Aeroclub Luj\u00e1n alista \"Aeroni\u00f1o 2026\": una jornada aeron\u00e1utica y familiar con acceso gratuito","isPartOf":{"@id":"https:\/\/noticiasmercedinas.com\/site\/#website"},"primaryImageOfPage":{"@id":"https:\/\/noticiasmercedinas.com\/site\/2026\/08\/10\/el-aeroclub-lujan-alista-aeronino-2026-una-jornada-aeronautica-y-familiar-que-por-primera-vez-sera-con-acceso-gratuito\/#primaryimage"},"image":{"@id":"https:\/\/noticiasmercedinas.com\/site\/2026\/08\/10\/el-aeroclub-lujan-alista-aeronino-2026-una-jornada-aeronautica-y-familiar-que-por-primera-vez-sera-con-acceso-gratuito\/#primaryimage"},"thumbnailUrl":"https:\/\/noticiasmercedinas.com\/site\/wp-content\/uploads\/2026\/08\/WhatsApp-Image-2026-08-10-at-2.58.37-PM.jpeg","datePublished":"2026-08-10T18:09:52+00:00","dateModified":"2026-08-10T18:10:10+00:00","description":"Este domingo 16 de agosto el predio de la vecina localidad ofrecer\u00e1 muestra de aviones, acrobacias a\u00e9reas, paseos gastron\u00f3micos y entretenimientos para ni\u00f1os. A diferencia de a\u00f1os anteriores, la entrada no tendr\u00e1 costo, aunque se requerir\u00e1 inscripci\u00f3n digital previa.","breadcrumb":{"@id":"https:\/\/noticiasmercedinas.com\/site\/2026\/08\/10\/el-aeroclub-lujan-alista-aeronino-2026-una-jornada-aeronautica-y-familiar-que-por-primera-vez-sera-con-acceso-gratuito\/#breadcrumb"},"inLanguage":"es","potentialAction":[{"@type":"ReadAction","target":["https:\/\/noticiasmercedinas.com\/site\/2026\/08\/10\/el-aeroclub-lujan-alista-aeronino-2026-una-jornada-aeronautica-y-familiar-que-por-primera-vez-sera-con-acceso-gratuito\/"]}]},{"@type":"ImageObject","inLanguage":"es","@id":"https:\/\/noticiasmercedinas.com\/site\/2026\/08\/10\/el-aeroclub-lujan-alista-aeronino-2026-una-jornada-aeronautica-y-familiar-que-por-primera-vez-sera-con-acceso-gratuito\/#primaryimage","url":"https:\/\/noticiasmercedinas.com\/site\/wp-content\/uploads\/2026\/08\/WhatsApp-Image-2026-08-10-at-2.58.37-PM.jpeg","contentUrl":"https:\/\/noticiasmercedinas.com\/site\/wp-content\/uploads\/2026\/08\/WhatsApp-Image-2026-08-10-at-2.58.37-PM.jpeg","width":1080,"height":1350},{"@type":"BreadcrumbList","@id":"https:\/\/noticiasmercedinas.com\/site\/2026\/08\/10\/el-aeroclub-lujan-alista-aeronino-2026-una-jornada-aeronautica-y-familiar-que-por-primera-vez-sera-con-acceso-gratuito\/#breadcrumb","itemListElement":[{"@type":"ListItem","position":1,"name":"Portada","item":"https:\/\/noticiasmercedinas.com\/site\/"},{"@type":"ListItem","position":2,"name":"El Aeroclub Luj\u00e1n alista \u00abAeroni\u00f1o 2026\u00bb: una jornada aeron\u00e1utica y familiar con acceso gratuito"}]},{"@type":"WebSite","@id":"https:\/\/noticiasmercedinas.com\/site\/#website","url":"https:\/\/noticiasmercedinas.com\/site\/","name":"NOTICIASMERCEDINAS.COM","description":"Mercedes, Buenos Aires, Argentina","publisher":{"@id":"https:\/\/noticiasmercedinas.com\/site\/#organization"},"potentialAction":[{"@type":"SearchAction","target":{"@type":"EntryPoint","urlTemplate":"https:\/\/noticiasmercedinas.com\/site\/?s={search_term_string}"},"query-input":{"@type":"PropertyValueSpecification","valueRequired":true,"valueName":"search_term_string"}}],"inLanguage":"es"},{"@type":"Organization","@id":"https:\/\/noticiasmercedinas.com\/site\/#organization","name":"NOTICIASMERCEDINAS.COM","url":"https:\/\/noticiasmercedinas.com\/site\/","logo":{"@type":"ImageObject","inLanguage":"es","@id":"https:\/\/noticiasmercedinas.com\/site\/#\/schema\/logo\/image\/","url":"https:\/\/noticiasmercedinas.com\/site\/wp-content\/uploads\/2020\/06\/LOGO-512.jpg","contentUrl":"https:\/\/noticiasmercedinas.com\/site\/wp-content\/uploads\/2020\/06\/LOGO-512.jpg","width":512,"height":512,"caption":"NOTICIASMERCEDINAS.COM"},"image":{"@id":"https:\/\/noticiasmercedinas.com\/site\/#\/schema\/logo\/image\/"},"sameAs":["https:\/\/www.facebook.com\/noticiasmercedinas\/","https:\/\/x.com\/notmercedinas","https:\/\/www.instagram.com\/noticiasmercedinas\/"]},{"@type":"Person","@id":"https:\/\/noticiasmercedinas.com\/site\/#\/schema\/person\/84b59c099c28ff2e8b77d4ceec5d8063","name":"NOTICIASMERCEDINAS.COM","image":{"@type":"ImageObject","inLanguage":"es","@id":"https:\/\/secure.gravatar.com\/avatar\/4dfbf16b4d17945bfb6341b2d19043457132fcf478a5ee04f42e959fd8f5df0a?s=96&d=mm&r=g","url":"https:\/\/secure.gravatar.com\/avatar\/4dfbf16b4d17945bfb6341b2d19043457132fcf478a5ee04f42e959fd8f5df0a?s=96&d=mm&r=g","contentUrl":"https:\/\/secure.gravatar.com\/avatar\/4dfbf16b4d17945bfb6341b2d19043457132fcf478a5ee04f42e959fd8f5df0a?s=96&d=mm&r=g","caption":"NOTICIASMERCEDINAS.COM"},"url":"https:\/\/noticiasmercedinas.com\/site\/author\/anonimo\/"}]}},"amp_enabled":true,"_links":{"self":[{"href":"https:\/\/noticiasmercedinas.com\/site\/wp-json\/wp\/v2\/posts\/192495","targetHints":{"allow":["GET"]}}],"collection":[{"href":"https:\/\/noticiasmercedinas.com\/site\/wp-json\/wp\/v2\/posts"}],"about":[{"href":"https:\/\/noticiasmercedinas.com\/site\/wp-json\/wp\/v2\/types\/post"}],"author":[{"embeddable":true,"href":"https:\/\/noticiasmercedinas.com\/site\/wp-json\/wp\/v2\/users\/16"}],"replies":[{"embeddable":true,"href":"https:\/\/noticiasmercedinas.com\/site\/wp-json\/wp\/v2\/comments?post=192495"}],"version-history":[{"count":2,"href":"https:\/\/noticiasmercedinas.com\/site\/wp-json\/wp\/v2\/posts\/192495\/revisions"}],"predecessor-version":[{"id":192498,"href":"https:\/\/noticiasmercedinas.com\/site\/wp-json\/wp\/v2\/posts\/192495\/revisions\/192498"}],"wp:featuredmedia":[{"embeddable":true,"href":"https:\/\/noticiasmercedinas.com\/site\/wp-json\/wp\/v2\/media\/192496"}],"wp:attachment":[{"href":"https:\/\/noticiasmercedinas.com\/site\/wp-json\/wp\/v2\/media?parent=192495"}],"wp:term":[{"taxonomy":"category","embeddable":true,"href":"https:\/\/noticiasmercedinas.com\/site\/wp-json\/wp\/v2\/categories?post=192495"},{"taxonomy":"post_tag","embeddable":true,"href":"https:\/\/noticiasmercedinas.com\/site\/wp-json\/wp\/v2\/tags?post=192495"}],"curies":[{"name":"wp","href":"https:\/\/api.w.org\/{rel}","templated":true}]}}