{"id":192525,"date":"2026-08-10T17:46:09","date_gmt":"2026-08-10T20:46:09","guid":{"rendered":"https:\/\/noticiasmercedinas.com\/site\/?p=192525"},"modified":"2026-08-10T18:08:59","modified_gmt":"2026-08-10T21:08:59","slug":"radicalismo-local-presente-en-la-construccion-de-una-nueva-etapa-para-la-ucr-bonaerense","status":"publish","type":"post","link":"https:\/\/noticiasmercedinas.com\/site\/2026\/08\/10\/radicalismo-local-presente-en-la-construccion-de-una-nueva-etapa-para-la-ucr-bonaerense\/","title":{"rendered":"Radicalismo local, presente en la construcci\u00f3n de una nueva etapa para la UCR bonaerense"},"content":{"rendered":"<p><img loading=\"lazy\" decoding=\"async\" class=\"alignnone size-full wp-image-192528\" src=\"https:\/\/noticiasmercedinas.com\/site\/wp-content\/uploads\/2026\/08\/WhatsApp-Image-2026-08-09-at-2.03.36-PM.jpeg\" alt=\"\" width=\"1280\" height=\"853\" srcset=\"https:\/\/noticiasmercedinas.com\/site\/wp-content\/uploads\/2026\/08\/WhatsApp-Image-2026-08-09-at-2.03.36-PM.jpeg 1280w, https:\/\/noticiasmercedinas.com\/site\/wp-content\/uploads\/2026\/08\/WhatsApp-Image-2026-08-09-at-2.03.36-PM-300x200.jpeg 300w, https:\/\/noticiasmercedinas.com\/site\/wp-content\/uploads\/2026\/08\/WhatsApp-Image-2026-08-09-at-2.03.36-PM-1024x682.jpeg 1024w, https:\/\/noticiasmercedinas.com\/site\/wp-content\/uploads\/2026\/08\/WhatsApp-Image-2026-08-09-at-2.03.36-PM-768x512.jpeg 768w, https:\/\/noticiasmercedinas.com\/site\/wp-content\/uploads\/2026\/08\/WhatsApp-Image-2026-08-09-at-2.03.36-PM-640x427.jpeg 640w, https:\/\/noticiasmercedinas.com\/site\/wp-content\/uploads\/2026\/08\/WhatsApp-Image-2026-08-09-at-2.03.36-PM-681x454.jpeg 681w\" sizes=\"auto, (max-width: 1280px) 100vw, 1280px\" \/><\/p>\n<p>El pasado s\u00e1bado 8 de agosto, el radicalismo de Mercedes particip\u00f3 de una importante jornada partidaria en la ciudad de La Plata, que reuni\u00f3 a autoridades, dirigentes y representantes de la Uni\u00f3n C\u00edvica Radical de toda la provincia de Buenos Aires, en un encuentro que puso en marcha una nueva etapa de organizaci\u00f3n y construcci\u00f3n pol\u00edtica de cara a los desaf\u00edos electorales de 2027.<\/p>\n<p>Las actividades comenzaron a las 9:30 horas en la sede del Comit\u00e9 Provincia de la Uni\u00f3n C\u00edvica Radical, donde se reunieron los 135 presidentes de los comit\u00e9s distritales junto a las autoridades partidarias provinciales. El presidente del Comit\u00e9 Provincia, Emiliano Balb\u00edn, junto a la Mesa Ejecutiva y las autoridades partidarias, encabez\u00f3 el encuentro y particip\u00f3 del reconocimiento a quienes actualmente tienen la responsabilidad de conducir los comit\u00e9s locales. En representaci\u00f3n de Mercedes particip\u00f3 la presidenta del Comit\u00e9 de la UCR local, Marisa Brilado.<\/p>\n<p>Posteriormente, tras el proceso de acreditaci\u00f3n, se dio inicio a la sesi\u00f3n de la Convenci\u00f3n Provincial, desarrollada en el Club Atenas de la ciudad de La Plata. Mercedes cont\u00f3 con la representaci\u00f3n de su convencional provincial, Lucas Santili, quien particip\u00f3 de esta importante instancia institucional y partidaria.<\/p>\n<p>La Convenci\u00f3n reuni\u00f3 a representantes de los 135 distritos de la provincia y cont\u00f3 con la acreditaci\u00f3n de 254 convencionales, quienes ejercer\u00e1n sus mandatos hasta el 30 de octubre de 2028. En este \u00e1mbito se constituyeron y asumieron las nuevas autoridades de los distintos \u00f3rganos partidarios, dando inicio a una etapa que tendr\u00e1 como desaf\u00edo central fortalecer la presencia de la Uni\u00f3n C\u00edvica Radical en cada territorio de la provincia de Buenos Aires.<\/p>\n<p><img loading=\"lazy\" decoding=\"async\" class=\"alignnone size-full wp-image-192527\" src=\"https:\/\/noticiasmercedinas.com\/site\/wp-content\/uploads\/2026\/08\/WhatsApp-Image-2026-08-09-at-2.03.36-PM-1.jpeg\" alt=\"\" width=\"959\" height=\"1280\" srcset=\"https:\/\/noticiasmercedinas.com\/site\/wp-content\/uploads\/2026\/08\/WhatsApp-Image-2026-08-09-at-2.03.36-PM-1.jpeg 959w, https:\/\/noticiasmercedinas.com\/site\/wp-content\/uploads\/2026\/08\/WhatsApp-Image-2026-08-09-at-2.03.36-PM-1-225x300.jpeg 225w, https:\/\/noticiasmercedinas.com\/site\/wp-content\/uploads\/2026\/08\/WhatsApp-Image-2026-08-09-at-2.03.36-PM-1-767x1024.jpeg 767w, https:\/\/noticiasmercedinas.com\/site\/wp-content\/uploads\/2026\/08\/WhatsApp-Image-2026-08-09-at-2.03.36-PM-1-768x1025.jpeg 768w, https:\/\/noticiasmercedinas.com\/site\/wp-content\/uploads\/2026\/08\/WhatsApp-Image-2026-08-09-at-2.03.36-PM-1-640x854.jpeg 640w, https:\/\/noticiasmercedinas.com\/site\/wp-content\/uploads\/2026\/08\/WhatsApp-Image-2026-08-09-at-2.03.36-PM-1-681x909.jpeg 681w\" sizes=\"auto, (max-width: 959px) 100vw, 959px\" \/><\/p>\n<p>La jornada se extendi\u00f3 hasta despu\u00e9s de las 17 horas y cont\u00f3 con la presencia de las principales autoridades del radicalismo bonaerense. El cierre estuvo a cargo del presidente del Comit\u00e9 Nacional, Leonel Chiarella, quien particip\u00f3 del acto de asunci\u00f3n de las autoridades de la UCR de la provincia y destac\u00f3 la importancia de la gesti\u00f3n, el trabajo pol\u00edtico y la construcci\u00f3n colectiva como herramientas indispensables para fortalecer al partido.<\/p>\n<p>Para el radicalismo de Mercedes, haber sido parte de esta jornada signific\u00f3 mucho m\u00e1s que una presencia institucional. Represent\u00f3 la participaci\u00f3n activa en una instancia de construcci\u00f3n pol\u00edtica que comienza a proyectar al radicalismo hacia los desaf\u00edos que vienen.<\/p>\n<p>De cara a 2027, el desaf\u00edo ser\u00e1 fortalecer al partido, ampliar su presencia territorial, convocar a nuevos sectores y construir una propuesta pol\u00edtica capaz de interpretar las demandas de la sociedad. La unidad debe ser entendida no como una mera consigna, sino como un valor estrat\u00e9gico y una herramienta fundamental para consolidar una alternativa de gobierno.<\/p>\n<p>\u00abDesde Mercedes reafirmamos la voluntad de ser parte de esa construcci\u00f3n: un radicalismo fuerte, organizado, con presencia en cada distrito y capacidad para recuperar protagonismo pol\u00edtico. El desaf\u00edo electoral de 2027 exige compromiso, trabajo, gesti\u00f3n y construcci\u00f3n colectiva. Y exige, fundamentalmente, la convicci\u00f3n de que la Uni\u00f3n C\u00edvica Radical tiene la responsabilidad y la oportunidad de ser protagonista en la construcci\u00f3n de una alternativa de gobierno para la provincia de Buenos Aires\u00bb, dijo Brilado.<\/p>\n<p><img loading=\"lazy\" decoding=\"async\" class=\"alignnone size-full wp-image-192526\" src=\"https:\/\/noticiasmercedinas.com\/site\/wp-content\/uploads\/2026\/08\/WhatsApp-Image-2026-08-09-at-2.03.36-PM-2.jpeg\" alt=\"\" width=\"960\" height=\"1280\" srcset=\"https:\/\/noticiasmercedinas.com\/site\/wp-content\/uploads\/2026\/08\/WhatsApp-Image-2026-08-09-at-2.03.36-PM-2.jpeg 960w, https:\/\/noticiasmercedinas.com\/site\/wp-content\/uploads\/2026\/08\/WhatsApp-Image-2026-08-09-at-2.03.36-PM-2-225x300.jpeg 225w, https:\/\/noticiasmercedinas.com\/site\/wp-content\/uploads\/2026\/08\/WhatsApp-Image-2026-08-09-at-2.03.36-PM-2-768x1024.jpeg 768w, https:\/\/noticiasmercedinas.com\/site\/wp-content\/uploads\/2026\/08\/WhatsApp-Image-2026-08-09-at-2.03.36-PM-2-640x853.jpeg 640w, https:\/\/noticiasmercedinas.com\/site\/wp-content\/uploads\/2026\/08\/WhatsApp-Image-2026-08-09-at-2.03.36-PM-2-681x908.jpeg 681w\" sizes=\"auto, (max-width: 960px) 100vw, 960px\" \/><\/p>\n<p>&nbsp;<\/p>\n","protected":false},"excerpt":{"rendered":"<p>\u25a0 Se reunieron autoridades, dirigentes y representantes de la Uni\u00f3n C\u00edvica Radical de toda la provincia de Buenos Aires. Rumbo a 2027 el desaf\u00edo ser\u00e1 fortalecer al partido, ampliar su presencia territorial y convocar a nuevos sectores<\/p>\n","protected":false},"author":16,"featured_media":192528,"comment_status":"closed","ping_status":"closed","sticky":false,"template":"","format":"standard","meta":{"footnotes":""},"categories":[16],"tags":[5432,1002],"class_list":["post-192525","post","type-post","status-publish","format-standard","has-post-thumbnail","hentry","category-politica","tag-marisa-brilado","tag-ucr"],"yoast_head":"<!-- This site is optimized with the Yoast SEO plugin v28.3 - https:\/\/yoast.com\/product\/yoast-seo-wordpress\/ -->\n<title>Radicalismo local, presente en la construcci\u00f3n de una nueva etapa para la UCR bonaerense<\/title>\n<meta name=\"description\" content=\"\u25a0 Se reunieron autoridades, dirigentes y representantes de la Uni\u00f3n C\u00edvica Radical de toda la provincia de Buenos Aires. Rumbo a 2027 el desaf\u00edo ser\u00e1 fortalecer al partido, ampliar su presencia territorial y convocar a nuevos sectores\" \/>\n<meta name=\"robots\" content=\"index, follow, max-snippet:-1, max-image-preview:large, max-video-preview:-1\" \/>\n<link rel=\"canonical\" href=\"https:\/\/noticiasmercedinas.com\/site\/2026\/08\/10\/radicalismo-local-presente-en-la-construccion-de-una-nueva-etapa-para-la-ucr-bonaerense\/\" \/>\n<meta property=\"og:locale\" content=\"es_ES\" \/>\n<meta property=\"og:type\" content=\"article\" \/>\n<meta property=\"og:title\" content=\"Radicalismo local, presente en la construcci\u00f3n de una nueva etapa para la UCR bonaerense\" \/>\n<meta property=\"og:description\" content=\"\u25a0 Se reunieron autoridades, dirigentes y representantes de la Uni\u00f3n C\u00edvica Radical de toda la provincia de Buenos Aires. Rumbo a 2027 el desaf\u00edo ser\u00e1 fortalecer al partido, ampliar su presencia territorial y convocar a nuevos sectores\" \/>\n<meta property=\"og:url\" content=\"https:\/\/noticiasmercedinas.com\/site\/2026\/08\/10\/radicalismo-local-presente-en-la-construccion-de-una-nueva-etapa-para-la-ucr-bonaerense\/\" \/>\n<meta property=\"og:site_name\" content=\"NOTICIASMERCEDINAS.COM\" \/>\n<meta property=\"article:publisher\" content=\"https:\/\/www.facebook.com\/noticiasmercedinas\/\" \/>\n<meta property=\"article:published_time\" content=\"2026-08-10T20:46:09+00:00\" \/>\n<meta property=\"article:modified_time\" content=\"2026-08-10T21:08:59+00:00\" \/>\n<meta property=\"og:image\" content=\"https:\/\/noticiasmercedinas.com\/site\/wp-content\/uploads\/2026\/08\/WhatsApp-Image-2026-08-09-at-2.03.36-PM.jpeg\" \/>\n\t<meta property=\"og:image:width\" content=\"1280\" \/>\n\t<meta property=\"og:image:height\" content=\"853\" \/>\n\t<meta property=\"og:image:type\" content=\"image\/jpeg\" \/>\n<meta name=\"author\" content=\"NOTICIASMERCEDINAS.COM\" \/>\n<meta name=\"twitter:card\" content=\"summary_large_image\" \/>\n<meta name=\"twitter:creator\" content=\"@notmercedinas\" \/>\n<meta name=\"twitter:site\" content=\"@notmercedinas\" \/>\n<meta name=\"twitter:label1\" content=\"Escrito por\" \/>\n\t<meta name=\"twitter:data1\" content=\"NOTICIASMERCEDINAS.COM\" \/>\n\t<meta name=\"twitter:label2\" content=\"Tiempo de lectura\" \/>\n\t<meta name=\"twitter:data2\" content=\"4 minutos\" \/>\n<script type=\"application\/ld+json\" class=\"yoast-schema-graph\">{\"@context\":\"https:\\\/\\\/schema.org\",\"@graph\":[{\"@type\":\"Article\",\"@id\":\"https:\\\/\\\/noticiasmercedinas.com\\\/site\\\/2026\\\/08\\\/10\\\/radicalismo-local-presente-en-la-construccion-de-una-nueva-etapa-para-la-ucr-bonaerense\\\/#article\",\"isPartOf\":{\"@id\":\"https:\\\/\\\/noticiasmercedinas.com\\\/site\\\/2026\\\/08\\\/10\\\/radicalismo-local-presente-en-la-construccion-de-una-nueva-etapa-para-la-ucr-bonaerense\\\/\"},\"author\":{\"name\":\"NOTICIASMERCEDINAS.COM\",\"@id\":\"https:\\\/\\\/noticiasmercedinas.com\\\/site\\\/#\\\/schema\\\/person\\\/84b59c099c28ff2e8b77d4ceec5d8063\"},\"headline\":\"Radicalismo local, presente en la construcci\u00f3n de una nueva etapa para la UCR bonaerense\",\"datePublished\":\"2026-08-10T20:46:09+00:00\",\"dateModified\":\"2026-08-10T21:08:59+00:00\",\"mainEntityOfPage\":{\"@id\":\"https:\\\/\\\/noticiasmercedinas.com\\\/site\\\/2026\\\/08\\\/10\\\/radicalismo-local-presente-en-la-construccion-de-una-nueva-etapa-para-la-ucr-bonaerense\\\/\"},\"wordCount\":556,\"publisher\":{\"@id\":\"https:\\\/\\\/noticiasmercedinas.com\\\/site\\\/#organization\"},\"image\":{\"@id\":\"https:\\\/\\\/noticiasmercedinas.com\\\/site\\\/2026\\\/08\\\/10\\\/radicalismo-local-presente-en-la-construccion-de-una-nueva-etapa-para-la-ucr-bonaerense\\\/#primaryimage\"},\"thumbnailUrl\":\"https:\\\/\\\/noticiasmercedinas.com\\\/site\\\/wp-content\\\/uploads\\\/2026\\\/08\\\/WhatsApp-Image-2026-08-09-at-2.03.36-PM.jpeg\",\"keywords\":[\"Marisa Brilado\",\"Ucr\"],\"articleSection\":[\"Politica\"],\"inLanguage\":\"es\"},{\"@type\":\"WebPage\",\"@id\":\"https:\\\/\\\/noticiasmercedinas.com\\\/site\\\/2026\\\/08\\\/10\\\/radicalismo-local-presente-en-la-construccion-de-una-nueva-etapa-para-la-ucr-bonaerense\\\/\",\"url\":\"https:\\\/\\\/noticiasmercedinas.com\\\/site\\\/2026\\\/08\\\/10\\\/radicalismo-local-presente-en-la-construccion-de-una-nueva-etapa-para-la-ucr-bonaerense\\\/\",\"name\":\"Radicalismo local, presente en la construcci\u00f3n de una nueva etapa para la UCR bonaerense\",\"isPartOf\":{\"@id\":\"https:\\\/\\\/noticiasmercedinas.com\\\/site\\\/#website\"},\"primaryImageOfPage\":{\"@id\":\"https:\\\/\\\/noticiasmercedinas.com\\\/site\\\/2026\\\/08\\\/10\\\/radicalismo-local-presente-en-la-construccion-de-una-nueva-etapa-para-la-ucr-bonaerense\\\/#primaryimage\"},\"image\":{\"@id\":\"https:\\\/\\\/noticiasmercedinas.com\\\/site\\\/2026\\\/08\\\/10\\\/radicalismo-local-presente-en-la-construccion-de-una-nueva-etapa-para-la-ucr-bonaerense\\\/#primaryimage\"},\"thumbnailUrl\":\"https:\\\/\\\/noticiasmercedinas.com\\\/site\\\/wp-content\\\/uploads\\\/2026\\\/08\\\/WhatsApp-Image-2026-08-09-at-2.03.36-PM.jpeg\",\"datePublished\":\"2026-08-10T20:46:09+00:00\",\"dateModified\":\"2026-08-10T21:08:59+00:00\",\"description\":\"\u25a0 Se reunieron autoridades, dirigentes y representantes de la Uni\u00f3n C\u00edvica Radical de toda la provincia de Buenos Aires. Rumbo a 2027 el desaf\u00edo ser\u00e1 fortalecer al partido, ampliar su presencia territorial y convocar a nuevos sectores\",\"breadcrumb\":{\"@id\":\"https:\\\/\\\/noticiasmercedinas.com\\\/site\\\/2026\\\/08\\\/10\\\/radicalismo-local-presente-en-la-construccion-de-una-nueva-etapa-para-la-ucr-bonaerense\\\/#breadcrumb\"},\"inLanguage\":\"es\",\"potentialAction\":[{\"@type\":\"ReadAction\",\"target\":[\"https:\\\/\\\/noticiasmercedinas.com\\\/site\\\/2026\\\/08\\\/10\\\/radicalismo-local-presente-en-la-construccion-de-una-nueva-etapa-para-la-ucr-bonaerense\\\/\"]}]},{\"@type\":\"ImageObject\",\"inLanguage\":\"es\",\"@id\":\"https:\\\/\\\/noticiasmercedinas.com\\\/site\\\/2026\\\/08\\\/10\\\/radicalismo-local-presente-en-la-construccion-de-una-nueva-etapa-para-la-ucr-bonaerense\\\/#primaryimage\",\"url\":\"https:\\\/\\\/noticiasmercedinas.com\\\/site\\\/wp-content\\\/uploads\\\/2026\\\/08\\\/WhatsApp-Image-2026-08-09-at-2.03.36-PM.jpeg\",\"contentUrl\":\"https:\\\/\\\/noticiasmercedinas.com\\\/site\\\/wp-content\\\/uploads\\\/2026\\\/08\\\/WhatsApp-Image-2026-08-09-at-2.03.36-PM.jpeg\",\"width\":1280,\"height\":853},{\"@type\":\"BreadcrumbList\",\"@id\":\"https:\\\/\\\/noticiasmercedinas.com\\\/site\\\/2026\\\/08\\\/10\\\/radicalismo-local-presente-en-la-construccion-de-una-nueva-etapa-para-la-ucr-bonaerense\\\/#breadcrumb\",\"itemListElement\":[{\"@type\":\"ListItem\",\"position\":1,\"name\":\"Portada\",\"item\":\"https:\\\/\\\/noticiasmercedinas.com\\\/site\\\/\"},{\"@type\":\"ListItem\",\"position\":2,\"name\":\"Radicalismo local, presente en la construcci\u00f3n de una nueva etapa para la UCR bonaerense\"}]},{\"@type\":\"WebSite\",\"@id\":\"https:\\\/\\\/noticiasmercedinas.com\\\/site\\\/#website\",\"url\":\"https:\\\/\\\/noticiasmercedinas.com\\\/site\\\/\",\"name\":\"NOTICIASMERCEDINAS.COM\",\"description\":\"Mercedes, Buenos Aires, Argentina\",\"publisher\":{\"@id\":\"https:\\\/\\\/noticiasmercedinas.com\\\/site\\\/#organization\"},\"potentialAction\":[{\"@type\":\"SearchAction\",\"target\":{\"@type\":\"EntryPoint\",\"urlTemplate\":\"https:\\\/\\\/noticiasmercedinas.com\\\/site\\\/?s={search_term_string}\"},\"query-input\":{\"@type\":\"PropertyValueSpecification\",\"valueRequired\":true,\"valueName\":\"search_term_string\"}}],\"inLanguage\":\"es\"},{\"@type\":\"Organization\",\"@id\":\"https:\\\/\\\/noticiasmercedinas.com\\\/site\\\/#organization\",\"name\":\"NOTICIASMERCEDINAS.COM\",\"url\":\"https:\\\/\\\/noticiasmercedinas.com\\\/site\\\/\",\"logo\":{\"@type\":\"ImageObject\",\"inLanguage\":\"es\",\"@id\":\"https:\\\/\\\/noticiasmercedinas.com\\\/site\\\/#\\\/schema\\\/logo\\\/image\\\/\",\"url\":\"https:\\\/\\\/noticiasmercedinas.com\\\/site\\\/wp-content\\\/uploads\\\/2020\\\/06\\\/LOGO-512.jpg\",\"contentUrl\":\"https:\\\/\\\/noticiasmercedinas.com\\\/site\\\/wp-content\\\/uploads\\\/2020\\\/06\\\/LOGO-512.jpg\",\"width\":512,\"height\":512,\"caption\":\"NOTICIASMERCEDINAS.COM\"},\"image\":{\"@id\":\"https:\\\/\\\/noticiasmercedinas.com\\\/site\\\/#\\\/schema\\\/logo\\\/image\\\/\"},\"sameAs\":[\"https:\\\/\\\/www.facebook.com\\\/noticiasmercedinas\\\/\",\"https:\\\/\\\/x.com\\\/notmercedinas\",\"https:\\\/\\\/www.instagram.com\\\/noticiasmercedinas\\\/\"]},{\"@type\":\"Person\",\"@id\":\"https:\\\/\\\/noticiasmercedinas.com\\\/site\\\/#\\\/schema\\\/person\\\/84b59c099c28ff2e8b77d4ceec5d8063\",\"name\":\"NOTICIASMERCEDINAS.COM\",\"image\":{\"@type\":\"ImageObject\",\"inLanguage\":\"es\",\"@id\":\"https:\\\/\\\/secure.gravatar.com\\\/avatar\\\/4dfbf16b4d17945bfb6341b2d19043457132fcf478a5ee04f42e959fd8f5df0a?s=96&d=mm&r=g\",\"url\":\"https:\\\/\\\/secure.gravatar.com\\\/avatar\\\/4dfbf16b4d17945bfb6341b2d19043457132fcf478a5ee04f42e959fd8f5df0a?s=96&d=mm&r=g\",\"contentUrl\":\"https:\\\/\\\/secure.gravatar.com\\\/avatar\\\/4dfbf16b4d17945bfb6341b2d19043457132fcf478a5ee04f42e959fd8f5df0a?s=96&d=mm&r=g\",\"caption\":\"NOTICIASMERCEDINAS.COM\"},\"url\":\"https:\\\/\\\/noticiasmercedinas.com\\\/site\\\/author\\\/anonimo\\\/\"}]}<\/script>\n<!-- \/ Yoast SEO plugin. -->","yoast_head_json":{"title":"Radicalismo local, presente en la construcci\u00f3n de una nueva etapa para la UCR bonaerense","description":"\u25a0 Se reunieron autoridades, dirigentes y representantes de la Uni\u00f3n C\u00edvica Radical de toda la provincia de Buenos Aires. Rumbo a 2027 el desaf\u00edo ser\u00e1 fortalecer al partido, ampliar su presencia territorial y convocar a nuevos sectores","robots":{"index":"index","follow":"follow","max-snippet":"max-snippet:-1","max-image-preview":"max-image-preview:large","max-video-preview":"max-video-preview:-1"},"canonical":"https:\/\/noticiasmercedinas.com\/site\/2026\/08\/10\/radicalismo-local-presente-en-la-construccion-de-una-nueva-etapa-para-la-ucr-bonaerense\/","og_locale":"es_ES","og_type":"article","og_title":"Radicalismo local, presente en la construcci\u00f3n de una nueva etapa para la UCR bonaerense","og_description":"\u25a0 Se reunieron autoridades, dirigentes y representantes de la Uni\u00f3n C\u00edvica Radical de toda la provincia de Buenos Aires. Rumbo a 2027 el desaf\u00edo ser\u00e1 fortalecer al partido, ampliar su presencia territorial y convocar a nuevos sectores","og_url":"https:\/\/noticiasmercedinas.com\/site\/2026\/08\/10\/radicalismo-local-presente-en-la-construccion-de-una-nueva-etapa-para-la-ucr-bonaerense\/","og_site_name":"NOTICIASMERCEDINAS.COM","article_publisher":"https:\/\/www.facebook.com\/noticiasmercedinas\/","article_published_time":"2026-08-10T20:46:09+00:00","article_modified_time":"2026-08-10T21:08:59+00:00","og_image":[{"width":1280,"height":853,"url":"https:\/\/noticiasmercedinas.com\/site\/wp-content\/uploads\/2026\/08\/WhatsApp-Image-2026-08-09-at-2.03.36-PM.jpeg","type":"image\/jpeg"}],"author":"NOTICIASMERCEDINAS.COM","twitter_card":"summary_large_image","twitter_creator":"@notmercedinas","twitter_site":"@notmercedinas","twitter_misc":{"Escrito por":"NOTICIASMERCEDINAS.COM","Tiempo de lectura":"4 minutos"},"schema":{"@context":"https:\/\/schema.org","@graph":[{"@type":"Article","@id":"https:\/\/noticiasmercedinas.com\/site\/2026\/08\/10\/radicalismo-local-presente-en-la-construccion-de-una-nueva-etapa-para-la-ucr-bonaerense\/#article","isPartOf":{"@id":"https:\/\/noticiasmercedinas.com\/site\/2026\/08\/10\/radicalismo-local-presente-en-la-construccion-de-una-nueva-etapa-para-la-ucr-bonaerense\/"},"author":{"name":"NOTICIASMERCEDINAS.COM","@id":"https:\/\/noticiasmercedinas.com\/site\/#\/schema\/person\/84b59c099c28ff2e8b77d4ceec5d8063"},"headline":"Radicalismo local, presente en la construcci\u00f3n de una nueva etapa para la UCR bonaerense","datePublished":"2026-08-10T20:46:09+00:00","dateModified":"2026-08-10T21:08:59+00:00","mainEntityOfPage":{"@id":"https:\/\/noticiasmercedinas.com\/site\/2026\/08\/10\/radicalismo-local-presente-en-la-construccion-de-una-nueva-etapa-para-la-ucr-bonaerense\/"},"wordCount":556,"publisher":{"@id":"https:\/\/noticiasmercedinas.com\/site\/#organization"},"image":{"@id":"https:\/\/noticiasmercedinas.com\/site\/2026\/08\/10\/radicalismo-local-presente-en-la-construccion-de-una-nueva-etapa-para-la-ucr-bonaerense\/#primaryimage"},"thumbnailUrl":"https:\/\/noticiasmercedinas.com\/site\/wp-content\/uploads\/2026\/08\/WhatsApp-Image-2026-08-09-at-2.03.36-PM.jpeg","keywords":["Marisa Brilado","Ucr"],"articleSection":["Politica"],"inLanguage":"es"},{"@type":"WebPage","@id":"https:\/\/noticiasmercedinas.com\/site\/2026\/08\/10\/radicalismo-local-presente-en-la-construccion-de-una-nueva-etapa-para-la-ucr-bonaerense\/","url":"https:\/\/noticiasmercedinas.com\/site\/2026\/08\/10\/radicalismo-local-presente-en-la-construccion-de-una-nueva-etapa-para-la-ucr-bonaerense\/","name":"Radicalismo local, presente en la construcci\u00f3n de una nueva etapa para la UCR bonaerense","isPartOf":{"@id":"https:\/\/noticiasmercedinas.com\/site\/#website"},"primaryImageOfPage":{"@id":"https:\/\/noticiasmercedinas.com\/site\/2026\/08\/10\/radicalismo-local-presente-en-la-construccion-de-una-nueva-etapa-para-la-ucr-bonaerense\/#primaryimage"},"image":{"@id":"https:\/\/noticiasmercedinas.com\/site\/2026\/08\/10\/radicalismo-local-presente-en-la-construccion-de-una-nueva-etapa-para-la-ucr-bonaerense\/#primaryimage"},"thumbnailUrl":"https:\/\/noticiasmercedinas.com\/site\/wp-content\/uploads\/2026\/08\/WhatsApp-Image-2026-08-09-at-2.03.36-PM.jpeg","datePublished":"2026-08-10T20:46:09+00:00","dateModified":"2026-08-10T21:08:59+00:00","description":"\u25a0 Se reunieron autoridades, dirigentes y representantes de la Uni\u00f3n C\u00edvica Radical de toda la provincia de Buenos Aires. Rumbo a 2027 el desaf\u00edo ser\u00e1 fortalecer al partido, ampliar su presencia territorial y convocar a nuevos sectores","breadcrumb":{"@id":"https:\/\/noticiasmercedinas.com\/site\/2026\/08\/10\/radicalismo-local-presente-en-la-construccion-de-una-nueva-etapa-para-la-ucr-bonaerense\/#breadcrumb"},"inLanguage":"es","potentialAction":[{"@type":"ReadAction","target":["https:\/\/noticiasmercedinas.com\/site\/2026\/08\/10\/radicalismo-local-presente-en-la-construccion-de-una-nueva-etapa-para-la-ucr-bonaerense\/"]}]},{"@type":"ImageObject","inLanguage":"es","@id":"https:\/\/noticiasmercedinas.com\/site\/2026\/08\/10\/radicalismo-local-presente-en-la-construccion-de-una-nueva-etapa-para-la-ucr-bonaerense\/#primaryimage","url":"https:\/\/noticiasmercedinas.com\/site\/wp-content\/uploads\/2026\/08\/WhatsApp-Image-2026-08-09-at-2.03.36-PM.jpeg","contentUrl":"https:\/\/noticiasmercedinas.com\/site\/wp-content\/uploads\/2026\/08\/WhatsApp-Image-2026-08-09-at-2.03.36-PM.jpeg","width":1280,"height":853},{"@type":"BreadcrumbList","@id":"https:\/\/noticiasmercedinas.com\/site\/2026\/08\/10\/radicalismo-local-presente-en-la-construccion-de-una-nueva-etapa-para-la-ucr-bonaerense\/#breadcrumb","itemListElement":[{"@type":"ListItem","position":1,"name":"Portada","item":"https:\/\/noticiasmercedinas.com\/site\/"},{"@type":"ListItem","position":2,"name":"Radicalismo local, presente en la construcci\u00f3n de una nueva etapa para la UCR bonaerense"}]},{"@type":"WebSite","@id":"https:\/\/noticiasmercedinas.com\/site\/#website","url":"https:\/\/noticiasmercedinas.com\/site\/","name":"NOTICIASMERCEDINAS.COM","description":"Mercedes, Buenos Aires, Argentina","publisher":{"@id":"https:\/\/noticiasmercedinas.com\/site\/#organization"},"potentialAction":[{"@type":"SearchAction","target":{"@type":"EntryPoint","urlTemplate":"https:\/\/noticiasmercedinas.com\/site\/?s={search_term_string}"},"query-input":{"@type":"PropertyValueSpecification","valueRequired":true,"valueName":"search_term_string"}}],"inLanguage":"es"},{"@type":"Organization","@id":"https:\/\/noticiasmercedinas.com\/site\/#organization","name":"NOTICIASMERCEDINAS.COM","url":"https:\/\/noticiasmercedinas.com\/site\/","logo":{"@type":"ImageObject","inLanguage":"es","@id":"https:\/\/noticiasmercedinas.com\/site\/#\/schema\/logo\/image\/","url":"https:\/\/noticiasmercedinas.com\/site\/wp-content\/uploads\/2020\/06\/LOGO-512.jpg","contentUrl":"https:\/\/noticiasmercedinas.com\/site\/wp-content\/uploads\/2020\/06\/LOGO-512.jpg","width":512,"height":512,"caption":"NOTICIASMERCEDINAS.COM"},"image":{"@id":"https:\/\/noticiasmercedinas.com\/site\/#\/schema\/logo\/image\/"},"sameAs":["https:\/\/www.facebook.com\/noticiasmercedinas\/","https:\/\/x.com\/notmercedinas","https:\/\/www.instagram.com\/noticiasmercedinas\/"]},{"@type":"Person","@id":"https:\/\/noticiasmercedinas.com\/site\/#\/schema\/person\/84b59c099c28ff2e8b77d4ceec5d8063","name":"NOTICIASMERCEDINAS.COM","image":{"@type":"ImageObject","inLanguage":"es","@id":"https:\/\/secure.gravatar.com\/avatar\/4dfbf16b4d17945bfb6341b2d19043457132fcf478a5ee04f42e959fd8f5df0a?s=96&d=mm&r=g","url":"https:\/\/secure.gravatar.com\/avatar\/4dfbf16b4d17945bfb6341b2d19043457132fcf478a5ee04f42e959fd8f5df0a?s=96&d=mm&r=g","contentUrl":"https:\/\/secure.gravatar.com\/avatar\/4dfbf16b4d17945bfb6341b2d19043457132fcf478a5ee04f42e959fd8f5df0a?s=96&d=mm&r=g","caption":"NOTICIASMERCEDINAS.COM"},"url":"https:\/\/noticiasmercedinas.com\/site\/author\/anonimo\/"}]}},"amp_enabled":true,"_links":{"self":[{"href":"https:\/\/noticiasmercedinas.com\/site\/wp-json\/wp\/v2\/posts\/192525","targetHints":{"allow":["GET"]}}],"collection":[{"href":"https:\/\/noticiasmercedinas.com\/site\/wp-json\/wp\/v2\/posts"}],"about":[{"href":"https:\/\/noticiasmercedinas.com\/site\/wp-json\/wp\/v2\/types\/post"}],"author":[{"embeddable":true,"href":"https:\/\/noticiasmercedinas.com\/site\/wp-json\/wp\/v2\/users\/16"}],"replies":[{"embeddable":true,"href":"https:\/\/noticiasmercedinas.com\/site\/wp-json\/wp\/v2\/comments?post=192525"}],"version-history":[{"count":2,"href":"https:\/\/noticiasmercedinas.com\/site\/wp-json\/wp\/v2\/posts\/192525\/revisions"}],"predecessor-version":[{"id":192530,"href":"https:\/\/noticiasmercedinas.com\/site\/wp-json\/wp\/v2\/posts\/192525\/revisions\/192530"}],"wp:featuredmedia":[{"embeddable":true,"href":"https:\/\/noticiasmercedinas.com\/site\/wp-json\/wp\/v2\/media\/192528"}],"wp:attachment":[{"href":"https:\/\/noticiasmercedinas.com\/site\/wp-json\/wp\/v2\/media?parent=192525"}],"wp:term":[{"taxonomy":"category","embeddable":true,"href":"https:\/\/noticiasmercedinas.com\/site\/wp-json\/wp\/v2\/categories?post=192525"},{"taxonomy":"post_tag","embeddable":true,"href":"https:\/\/noticiasmercedinas.com\/site\/wp-json\/wp\/v2\/tags?post=192525"}],"curies":[{"name":"wp","href":"https:\/\/api.w.org\/{rel}","templated":true}]}}