{"id":192538,"date":"2026-08-11T07:48:32","date_gmt":"2026-08-11T10:48:32","guid":{"rendered":"https:\/\/noticiasmercedinas.com\/site\/?p=192538"},"modified":"2026-08-11T07:48:32","modified_gmt":"2026-08-11T10:48:32","slug":"mariana-san-martin-abordamos-temas-vinculados-a-las-necesidades-concretas-de-la-comunidad","status":"publish","type":"post","link":"https:\/\/noticiasmercedinas.com\/site\/2026\/08\/11\/mariana-san-martin-abordamos-temas-vinculados-a-las-necesidades-concretas-de-la-comunidad\/","title":{"rendered":"Mariana San Mart\u00edn: \u00abAbordamos temas vinculados a las necesidades concretas de la comunidad\u00bb"},"content":{"rendered":"<p data-path-to-node=\"2\"><img loading=\"lazy\" decoding=\"async\" class=\"alignnone size-full wp-image-192539\" src=\"https:\/\/noticiasmercedinas.com\/site\/wp-content\/uploads\/2026\/08\/marianasanmartin.jpg\" alt=\"\" width=\"784\" height=\"549\" srcset=\"https:\/\/noticiasmercedinas.com\/site\/wp-content\/uploads\/2026\/08\/marianasanmartin.jpg 784w, https:\/\/noticiasmercedinas.com\/site\/wp-content\/uploads\/2026\/08\/marianasanmartin-300x210.jpg 300w, https:\/\/noticiasmercedinas.com\/site\/wp-content\/uploads\/2026\/08\/marianasanmartin-768x538.jpg 768w, https:\/\/noticiasmercedinas.com\/site\/wp-content\/uploads\/2026\/08\/marianasanmartin-640x448.jpg 640w, https:\/\/noticiasmercedinas.com\/site\/wp-content\/uploads\/2026\/08\/marianasanmartin-681x477.jpg 681w\" sizes=\"auto, (max-width: 784px) 100vw, 784px\" \/><\/p>\n<p data-path-to-node=\"2\">La presidenta del Honorable Concejo Deliberante de Mercedes, Mariana San Mart\u00edn, realiz\u00f3 un balance positivo sobre los resultados de la \u00faltima sesi\u00f3n ordinaria del cuerpo legislativo, de este lunes, destacando la diversidad y la relevancia de los proyectos abordados en beneficio de los vecinos, las instituciones y la infraestructura del distrito.<\/p>\n<p data-path-to-node=\"3\">En materia patrimonial y de participaci\u00f3n comunitaria, la jornada cont\u00f3 con la intervenci\u00f3n de Carmen Gioscio en la Banca Participativa, quien expuso en representaci\u00f3n de la Asociaci\u00f3n de Amigos del Artista Octimio Landi para impulsar la protecci\u00f3n y difusi\u00f3n del legado cultural y la obra del recordado creador mercedino.<\/p>\n<p data-path-to-node=\"4\">El temario incluy\u00f3 un apartado institucional con reconocimientos a figuras e instituciones de la ciudad. Se rindi\u00f3 homenaje a los profesores Olga Mart\u00edn, Teresita Pardini y Julio Lescano, del Centro de Educaci\u00f3n F\u00edsica (CEF) N\u00ba 40, en virtud de su trayectoria docente y su aporte a la inclusi\u00f3n e integraci\u00f3n social a trav\u00e9s del deporte. Asimismo, se destacaron los 40 a\u00f1os de labor de la Granja Arco Iris y se declararon de Inter\u00e9s Legislativo las actividades enmarcadas en la Semana de la Lactancia.<\/p>\n<p data-path-to-node=\"5\">En el bloque de infraestructura y seguridad vial, el HCD aprob\u00f3 solicitudes para la reparaci\u00f3n de barreras ferroviarias en las localidades de Gowland y Agote, e impuls\u00f3 un reclamo por mejoras de se\u00f1alizaci\u00f3n en la Ruta Nacional N\u00ba 5. A su vez, se abri\u00f3 el debate sobre la nueva concesi\u00f3n del Tramo Pampa, el esquema de peajes y el avance de las obras de autov\u00eda.<\/p>\n<p data-path-to-node=\"6\">Respecto a la salud y los servicios p\u00fablicos, los concejales aprobaron una resoluci\u00f3n en defensa del acceso a medicamentos esenciales en los Centros de Atenci\u00f3n Primaria de la Salud (CAPS) ante las modificaciones sufridas por el Plan Remediar, y cursaron un pedido de informes a la empresa distribuidora Naturgy sobre las inspecciones y cortes de suministro de gas, con foco en el resguardo de las familias en situaci\u00f3n de vulnerabilidad.<\/p>\n<p data-path-to-node=\"7\">Finalmente, el orden del d\u00eda incluy\u00f3 el avance de expedientes administrativos sobre bacheo, alumbrado p\u00fablico, zanjeo, ordenamiento urbano, regularizaciones dominiales y la convalidaci\u00f3n de diversos convenios municipales.<\/p>\n","protected":false},"excerpt":{"rendered":"<p>\u25a0\u00a0La presidenta del cuerpo deliberativo valor\u00f3 el tratamiento de expedientes centrados en infraestructura vial, salud p\u00fablica, reconocimientos comunitarios y el patrimonio cultural local. Durante la jornada se hizo uso de la Banca Participativa y se solicitaron precisiones sobre servicios esenciales y la Ruta 5.<\/p>\n","protected":false},"author":16,"featured_media":192539,"comment_status":"closed","ping_status":"closed","sticky":false,"template":"","format":"standard","meta":{"footnotes":""},"categories":[16],"tags":[243,19,156],"class_list":["post-192538","post","type-post","status-publish","format-standard","has-post-thumbnail","hentry","category-politica","tag-concejo-deliberante","tag-hcd","tag-mariana-san-martin"],"yoast_head":"<!-- This site is optimized with the Yoast SEO plugin v28.3 - https:\/\/yoast.com\/product\/yoast-seo-wordpress\/ -->\n<title>Mariana San Mart\u00edn: &quot;Abordamos temas vinculados a las necesidades concretas de la comunidad&quot;<\/title>\n<meta name=\"description\" content=\"\u25a0\u00a0La presidenta del cuerpo deliberativo valor\u00f3 el tratamiento de expedientes centrados en infraestructura vial, salud p\u00fablica, reconocimientos comunitarios y el patrimonio cultural local. Durante la jornada se hizo uso de la Banca Participativa y se solicitaron precisiones sobre servicios esenciales y la Ruta 5.\" \/>\n<meta name=\"robots\" content=\"index, follow, max-snippet:-1, max-image-preview:large, max-video-preview:-1\" \/>\n<link rel=\"canonical\" href=\"https:\/\/noticiasmercedinas.com\/site\/2026\/08\/11\/mariana-san-martin-abordamos-temas-vinculados-a-las-necesidades-concretas-de-la-comunidad\/\" \/>\n<meta property=\"og:locale\" content=\"es_ES\" \/>\n<meta property=\"og:type\" content=\"article\" \/>\n<meta property=\"og:title\" content=\"Mariana San Mart\u00edn: &quot;Abordamos temas vinculados a las necesidades concretas de la comunidad&quot;\" \/>\n<meta property=\"og:description\" content=\"\u25a0\u00a0La presidenta del cuerpo deliberativo valor\u00f3 el tratamiento de expedientes centrados en infraestructura vial, salud p\u00fablica, reconocimientos comunitarios y el patrimonio cultural local. Durante la jornada se hizo uso de la Banca Participativa y se solicitaron precisiones sobre servicios esenciales y la Ruta 5.\" \/>\n<meta property=\"og:url\" content=\"https:\/\/noticiasmercedinas.com\/site\/2026\/08\/11\/mariana-san-martin-abordamos-temas-vinculados-a-las-necesidades-concretas-de-la-comunidad\/\" \/>\n<meta property=\"og:site_name\" content=\"NOTICIASMERCEDINAS.COM\" \/>\n<meta property=\"article:publisher\" content=\"https:\/\/www.facebook.com\/noticiasmercedinas\/\" \/>\n<meta property=\"article:published_time\" content=\"2026-08-11T10:48:32+00:00\" \/>\n<meta property=\"og:image\" content=\"https:\/\/noticiasmercedinas.com\/site\/wp-content\/uploads\/2026\/08\/marianasanmartin.jpg\" \/>\n\t<meta property=\"og:image:width\" content=\"784\" \/>\n\t<meta property=\"og:image:height\" content=\"549\" \/>\n\t<meta property=\"og:image:type\" content=\"image\/jpeg\" \/>\n<meta name=\"author\" content=\"NOTICIASMERCEDINAS.COM\" \/>\n<meta name=\"twitter:card\" content=\"summary_large_image\" \/>\n<meta name=\"twitter:creator\" content=\"@notmercedinas\" \/>\n<meta name=\"twitter:site\" content=\"@notmercedinas\" \/>\n<meta name=\"twitter:label1\" content=\"Escrito por\" \/>\n\t<meta name=\"twitter:data1\" content=\"NOTICIASMERCEDINAS.COM\" \/>\n\t<meta name=\"twitter:label2\" content=\"Tiempo de lectura\" \/>\n\t<meta name=\"twitter:data2\" content=\"2 minutos\" \/>\n<script type=\"application\/ld+json\" class=\"yoast-schema-graph\">{\"@context\":\"https:\\\/\\\/schema.org\",\"@graph\":[{\"@type\":\"Article\",\"@id\":\"https:\\\/\\\/noticiasmercedinas.com\\\/site\\\/2026\\\/08\\\/11\\\/mariana-san-martin-abordamos-temas-vinculados-a-las-necesidades-concretas-de-la-comunidad\\\/#article\",\"isPartOf\":{\"@id\":\"https:\\\/\\\/noticiasmercedinas.com\\\/site\\\/2026\\\/08\\\/11\\\/mariana-san-martin-abordamos-temas-vinculados-a-las-necesidades-concretas-de-la-comunidad\\\/\"},\"author\":{\"name\":\"NOTICIASMERCEDINAS.COM\",\"@id\":\"https:\\\/\\\/noticiasmercedinas.com\\\/site\\\/#\\\/schema\\\/person\\\/84b59c099c28ff2e8b77d4ceec5d8063\"},\"headline\":\"Mariana San Mart\u00edn: \u00abAbordamos temas vinculados a las necesidades concretas de la comunidad\u00bb\",\"datePublished\":\"2026-08-11T10:48:32+00:00\",\"mainEntityOfPage\":{\"@id\":\"https:\\\/\\\/noticiasmercedinas.com\\\/site\\\/2026\\\/08\\\/11\\\/mariana-san-martin-abordamos-temas-vinculados-a-las-necesidades-concretas-de-la-comunidad\\\/\"},\"wordCount\":384,\"publisher\":{\"@id\":\"https:\\\/\\\/noticiasmercedinas.com\\\/site\\\/#organization\"},\"image\":{\"@id\":\"https:\\\/\\\/noticiasmercedinas.com\\\/site\\\/2026\\\/08\\\/11\\\/mariana-san-martin-abordamos-temas-vinculados-a-las-necesidades-concretas-de-la-comunidad\\\/#primaryimage\"},\"thumbnailUrl\":\"https:\\\/\\\/noticiasmercedinas.com\\\/site\\\/wp-content\\\/uploads\\\/2026\\\/08\\\/marianasanmartin.jpg\",\"keywords\":[\"concejo deliberante\",\"HCD\",\"mariana san martin\"],\"articleSection\":[\"Politica\"],\"inLanguage\":\"es\"},{\"@type\":\"WebPage\",\"@id\":\"https:\\\/\\\/noticiasmercedinas.com\\\/site\\\/2026\\\/08\\\/11\\\/mariana-san-martin-abordamos-temas-vinculados-a-las-necesidades-concretas-de-la-comunidad\\\/\",\"url\":\"https:\\\/\\\/noticiasmercedinas.com\\\/site\\\/2026\\\/08\\\/11\\\/mariana-san-martin-abordamos-temas-vinculados-a-las-necesidades-concretas-de-la-comunidad\\\/\",\"name\":\"Mariana San Mart\u00edn: \\\"Abordamos temas vinculados a las necesidades concretas de la comunidad\\\"\",\"isPartOf\":{\"@id\":\"https:\\\/\\\/noticiasmercedinas.com\\\/site\\\/#website\"},\"primaryImageOfPage\":{\"@id\":\"https:\\\/\\\/noticiasmercedinas.com\\\/site\\\/2026\\\/08\\\/11\\\/mariana-san-martin-abordamos-temas-vinculados-a-las-necesidades-concretas-de-la-comunidad\\\/#primaryimage\"},\"image\":{\"@id\":\"https:\\\/\\\/noticiasmercedinas.com\\\/site\\\/2026\\\/08\\\/11\\\/mariana-san-martin-abordamos-temas-vinculados-a-las-necesidades-concretas-de-la-comunidad\\\/#primaryimage\"},\"thumbnailUrl\":\"https:\\\/\\\/noticiasmercedinas.com\\\/site\\\/wp-content\\\/uploads\\\/2026\\\/08\\\/marianasanmartin.jpg\",\"datePublished\":\"2026-08-11T10:48:32+00:00\",\"description\":\"\u25a0\u00a0La presidenta del cuerpo deliberativo valor\u00f3 el tratamiento de expedientes centrados en infraestructura vial, salud p\u00fablica, reconocimientos comunitarios y el patrimonio cultural local. Durante la jornada se hizo uso de la Banca Participativa y se solicitaron precisiones sobre servicios esenciales y la Ruta 5.\",\"breadcrumb\":{\"@id\":\"https:\\\/\\\/noticiasmercedinas.com\\\/site\\\/2026\\\/08\\\/11\\\/mariana-san-martin-abordamos-temas-vinculados-a-las-necesidades-concretas-de-la-comunidad\\\/#breadcrumb\"},\"inLanguage\":\"es\",\"potentialAction\":[{\"@type\":\"ReadAction\",\"target\":[\"https:\\\/\\\/noticiasmercedinas.com\\\/site\\\/2026\\\/08\\\/11\\\/mariana-san-martin-abordamos-temas-vinculados-a-las-necesidades-concretas-de-la-comunidad\\\/\"]}]},{\"@type\":\"ImageObject\",\"inLanguage\":\"es\",\"@id\":\"https:\\\/\\\/noticiasmercedinas.com\\\/site\\\/2026\\\/08\\\/11\\\/mariana-san-martin-abordamos-temas-vinculados-a-las-necesidades-concretas-de-la-comunidad\\\/#primaryimage\",\"url\":\"https:\\\/\\\/noticiasmercedinas.com\\\/site\\\/wp-content\\\/uploads\\\/2026\\\/08\\\/marianasanmartin.jpg\",\"contentUrl\":\"https:\\\/\\\/noticiasmercedinas.com\\\/site\\\/wp-content\\\/uploads\\\/2026\\\/08\\\/marianasanmartin.jpg\",\"width\":784,\"height\":549},{\"@type\":\"BreadcrumbList\",\"@id\":\"https:\\\/\\\/noticiasmercedinas.com\\\/site\\\/2026\\\/08\\\/11\\\/mariana-san-martin-abordamos-temas-vinculados-a-las-necesidades-concretas-de-la-comunidad\\\/#breadcrumb\",\"itemListElement\":[{\"@type\":\"ListItem\",\"position\":1,\"name\":\"Portada\",\"item\":\"https:\\\/\\\/noticiasmercedinas.com\\\/site\\\/\"},{\"@type\":\"ListItem\",\"position\":2,\"name\":\"Mariana San Mart\u00edn: \u00abAbordamos temas vinculados a las necesidades concretas de la comunidad\u00bb\"}]},{\"@type\":\"WebSite\",\"@id\":\"https:\\\/\\\/noticiasmercedinas.com\\\/site\\\/#website\",\"url\":\"https:\\\/\\\/noticiasmercedinas.com\\\/site\\\/\",\"name\":\"NOTICIASMERCEDINAS.COM\",\"description\":\"Mercedes, Buenos Aires, Argentina\",\"publisher\":{\"@id\":\"https:\\\/\\\/noticiasmercedinas.com\\\/site\\\/#organization\"},\"potentialAction\":[{\"@type\":\"SearchAction\",\"target\":{\"@type\":\"EntryPoint\",\"urlTemplate\":\"https:\\\/\\\/noticiasmercedinas.com\\\/site\\\/?s={search_term_string}\"},\"query-input\":{\"@type\":\"PropertyValueSpecification\",\"valueRequired\":true,\"valueName\":\"search_term_string\"}}],\"inLanguage\":\"es\"},{\"@type\":\"Organization\",\"@id\":\"https:\\\/\\\/noticiasmercedinas.com\\\/site\\\/#organization\",\"name\":\"NOTICIASMERCEDINAS.COM\",\"url\":\"https:\\\/\\\/noticiasmercedinas.com\\\/site\\\/\",\"logo\":{\"@type\":\"ImageObject\",\"inLanguage\":\"es\",\"@id\":\"https:\\\/\\\/noticiasmercedinas.com\\\/site\\\/#\\\/schema\\\/logo\\\/image\\\/\",\"url\":\"https:\\\/\\\/noticiasmercedinas.com\\\/site\\\/wp-content\\\/uploads\\\/2020\\\/06\\\/LOGO-512.jpg\",\"contentUrl\":\"https:\\\/\\\/noticiasmercedinas.com\\\/site\\\/wp-content\\\/uploads\\\/2020\\\/06\\\/LOGO-512.jpg\",\"width\":512,\"height\":512,\"caption\":\"NOTICIASMERCEDINAS.COM\"},\"image\":{\"@id\":\"https:\\\/\\\/noticiasmercedinas.com\\\/site\\\/#\\\/schema\\\/logo\\\/image\\\/\"},\"sameAs\":[\"https:\\\/\\\/www.facebook.com\\\/noticiasmercedinas\\\/\",\"https:\\\/\\\/x.com\\\/notmercedinas\",\"https:\\\/\\\/www.instagram.com\\\/noticiasmercedinas\\\/\"]},{\"@type\":\"Person\",\"@id\":\"https:\\\/\\\/noticiasmercedinas.com\\\/site\\\/#\\\/schema\\\/person\\\/84b59c099c28ff2e8b77d4ceec5d8063\",\"name\":\"NOTICIASMERCEDINAS.COM\",\"image\":{\"@type\":\"ImageObject\",\"inLanguage\":\"es\",\"@id\":\"https:\\\/\\\/secure.gravatar.com\\\/avatar\\\/4dfbf16b4d17945bfb6341b2d19043457132fcf478a5ee04f42e959fd8f5df0a?s=96&d=mm&r=g\",\"url\":\"https:\\\/\\\/secure.gravatar.com\\\/avatar\\\/4dfbf16b4d17945bfb6341b2d19043457132fcf478a5ee04f42e959fd8f5df0a?s=96&d=mm&r=g\",\"contentUrl\":\"https:\\\/\\\/secure.gravatar.com\\\/avatar\\\/4dfbf16b4d17945bfb6341b2d19043457132fcf478a5ee04f42e959fd8f5df0a?s=96&d=mm&r=g\",\"caption\":\"NOTICIASMERCEDINAS.COM\"},\"url\":\"https:\\\/\\\/noticiasmercedinas.com\\\/site\\\/author\\\/anonimo\\\/\"}]}<\/script>\n<!-- \/ Yoast SEO plugin. -->","yoast_head_json":{"title":"Mariana San Mart\u00edn: \"Abordamos temas vinculados a las necesidades concretas de la comunidad\"","description":"\u25a0\u00a0La presidenta del cuerpo deliberativo valor\u00f3 el tratamiento de expedientes centrados en infraestructura vial, salud p\u00fablica, reconocimientos comunitarios y el patrimonio cultural local. Durante la jornada se hizo uso de la Banca Participativa y se solicitaron precisiones sobre servicios esenciales y la Ruta 5.","robots":{"index":"index","follow":"follow","max-snippet":"max-snippet:-1","max-image-preview":"max-image-preview:large","max-video-preview":"max-video-preview:-1"},"canonical":"https:\/\/noticiasmercedinas.com\/site\/2026\/08\/11\/mariana-san-martin-abordamos-temas-vinculados-a-las-necesidades-concretas-de-la-comunidad\/","og_locale":"es_ES","og_type":"article","og_title":"Mariana San Mart\u00edn: \"Abordamos temas vinculados a las necesidades concretas de la comunidad\"","og_description":"\u25a0\u00a0La presidenta del cuerpo deliberativo valor\u00f3 el tratamiento de expedientes centrados en infraestructura vial, salud p\u00fablica, reconocimientos comunitarios y el patrimonio cultural local. Durante la jornada se hizo uso de la Banca Participativa y se solicitaron precisiones sobre servicios esenciales y la Ruta 5.","og_url":"https:\/\/noticiasmercedinas.com\/site\/2026\/08\/11\/mariana-san-martin-abordamos-temas-vinculados-a-las-necesidades-concretas-de-la-comunidad\/","og_site_name":"NOTICIASMERCEDINAS.COM","article_publisher":"https:\/\/www.facebook.com\/noticiasmercedinas\/","article_published_time":"2026-08-11T10:48:32+00:00","og_image":[{"width":784,"height":549,"url":"https:\/\/noticiasmercedinas.com\/site\/wp-content\/uploads\/2026\/08\/marianasanmartin.jpg","type":"image\/jpeg"}],"author":"NOTICIASMERCEDINAS.COM","twitter_card":"summary_large_image","twitter_creator":"@notmercedinas","twitter_site":"@notmercedinas","twitter_misc":{"Escrito por":"NOTICIASMERCEDINAS.COM","Tiempo de lectura":"2 minutos"},"schema":{"@context":"https:\/\/schema.org","@graph":[{"@type":"Article","@id":"https:\/\/noticiasmercedinas.com\/site\/2026\/08\/11\/mariana-san-martin-abordamos-temas-vinculados-a-las-necesidades-concretas-de-la-comunidad\/#article","isPartOf":{"@id":"https:\/\/noticiasmercedinas.com\/site\/2026\/08\/11\/mariana-san-martin-abordamos-temas-vinculados-a-las-necesidades-concretas-de-la-comunidad\/"},"author":{"name":"NOTICIASMERCEDINAS.COM","@id":"https:\/\/noticiasmercedinas.com\/site\/#\/schema\/person\/84b59c099c28ff2e8b77d4ceec5d8063"},"headline":"Mariana San Mart\u00edn: \u00abAbordamos temas vinculados a las necesidades concretas de la comunidad\u00bb","datePublished":"2026-08-11T10:48:32+00:00","mainEntityOfPage":{"@id":"https:\/\/noticiasmercedinas.com\/site\/2026\/08\/11\/mariana-san-martin-abordamos-temas-vinculados-a-las-necesidades-concretas-de-la-comunidad\/"},"wordCount":384,"publisher":{"@id":"https:\/\/noticiasmercedinas.com\/site\/#organization"},"image":{"@id":"https:\/\/noticiasmercedinas.com\/site\/2026\/08\/11\/mariana-san-martin-abordamos-temas-vinculados-a-las-necesidades-concretas-de-la-comunidad\/#primaryimage"},"thumbnailUrl":"https:\/\/noticiasmercedinas.com\/site\/wp-content\/uploads\/2026\/08\/marianasanmartin.jpg","keywords":["concejo deliberante","HCD","mariana san martin"],"articleSection":["Politica"],"inLanguage":"es"},{"@type":"WebPage","@id":"https:\/\/noticiasmercedinas.com\/site\/2026\/08\/11\/mariana-san-martin-abordamos-temas-vinculados-a-las-necesidades-concretas-de-la-comunidad\/","url":"https:\/\/noticiasmercedinas.com\/site\/2026\/08\/11\/mariana-san-martin-abordamos-temas-vinculados-a-las-necesidades-concretas-de-la-comunidad\/","name":"Mariana San Mart\u00edn: \"Abordamos temas vinculados a las necesidades concretas de la comunidad\"","isPartOf":{"@id":"https:\/\/noticiasmercedinas.com\/site\/#website"},"primaryImageOfPage":{"@id":"https:\/\/noticiasmercedinas.com\/site\/2026\/08\/11\/mariana-san-martin-abordamos-temas-vinculados-a-las-necesidades-concretas-de-la-comunidad\/#primaryimage"},"image":{"@id":"https:\/\/noticiasmercedinas.com\/site\/2026\/08\/11\/mariana-san-martin-abordamos-temas-vinculados-a-las-necesidades-concretas-de-la-comunidad\/#primaryimage"},"thumbnailUrl":"https:\/\/noticiasmercedinas.com\/site\/wp-content\/uploads\/2026\/08\/marianasanmartin.jpg","datePublished":"2026-08-11T10:48:32+00:00","description":"\u25a0\u00a0La presidenta del cuerpo deliberativo valor\u00f3 el tratamiento de expedientes centrados en infraestructura vial, salud p\u00fablica, reconocimientos comunitarios y el patrimonio cultural local. Durante la jornada se hizo uso de la Banca Participativa y se solicitaron precisiones sobre servicios esenciales y la Ruta 5.","breadcrumb":{"@id":"https:\/\/noticiasmercedinas.com\/site\/2026\/08\/11\/mariana-san-martin-abordamos-temas-vinculados-a-las-necesidades-concretas-de-la-comunidad\/#breadcrumb"},"inLanguage":"es","potentialAction":[{"@type":"ReadAction","target":["https:\/\/noticiasmercedinas.com\/site\/2026\/08\/11\/mariana-san-martin-abordamos-temas-vinculados-a-las-necesidades-concretas-de-la-comunidad\/"]}]},{"@type":"ImageObject","inLanguage":"es","@id":"https:\/\/noticiasmercedinas.com\/site\/2026\/08\/11\/mariana-san-martin-abordamos-temas-vinculados-a-las-necesidades-concretas-de-la-comunidad\/#primaryimage","url":"https:\/\/noticiasmercedinas.com\/site\/wp-content\/uploads\/2026\/08\/marianasanmartin.jpg","contentUrl":"https:\/\/noticiasmercedinas.com\/site\/wp-content\/uploads\/2026\/08\/marianasanmartin.jpg","width":784,"height":549},{"@type":"BreadcrumbList","@id":"https:\/\/noticiasmercedinas.com\/site\/2026\/08\/11\/mariana-san-martin-abordamos-temas-vinculados-a-las-necesidades-concretas-de-la-comunidad\/#breadcrumb","itemListElement":[{"@type":"ListItem","position":1,"name":"Portada","item":"https:\/\/noticiasmercedinas.com\/site\/"},{"@type":"ListItem","position":2,"name":"Mariana San Mart\u00edn: \u00abAbordamos temas vinculados a las necesidades concretas de la comunidad\u00bb"}]},{"@type":"WebSite","@id":"https:\/\/noticiasmercedinas.com\/site\/#website","url":"https:\/\/noticiasmercedinas.com\/site\/","name":"NOTICIASMERCEDINAS.COM","description":"Mercedes, Buenos Aires, Argentina","publisher":{"@id":"https:\/\/noticiasmercedinas.com\/site\/#organization"},"potentialAction":[{"@type":"SearchAction","target":{"@type":"EntryPoint","urlTemplate":"https:\/\/noticiasmercedinas.com\/site\/?s={search_term_string}"},"query-input":{"@type":"PropertyValueSpecification","valueRequired":true,"valueName":"search_term_string"}}],"inLanguage":"es"},{"@type":"Organization","@id":"https:\/\/noticiasmercedinas.com\/site\/#organization","name":"NOTICIASMERCEDINAS.COM","url":"https:\/\/noticiasmercedinas.com\/site\/","logo":{"@type":"ImageObject","inLanguage":"es","@id":"https:\/\/noticiasmercedinas.com\/site\/#\/schema\/logo\/image\/","url":"https:\/\/noticiasmercedinas.com\/site\/wp-content\/uploads\/2020\/06\/LOGO-512.jpg","contentUrl":"https:\/\/noticiasmercedinas.com\/site\/wp-content\/uploads\/2020\/06\/LOGO-512.jpg","width":512,"height":512,"caption":"NOTICIASMERCEDINAS.COM"},"image":{"@id":"https:\/\/noticiasmercedinas.com\/site\/#\/schema\/logo\/image\/"},"sameAs":["https:\/\/www.facebook.com\/noticiasmercedinas\/","https:\/\/x.com\/notmercedinas","https:\/\/www.instagram.com\/noticiasmercedinas\/"]},{"@type":"Person","@id":"https:\/\/noticiasmercedinas.com\/site\/#\/schema\/person\/84b59c099c28ff2e8b77d4ceec5d8063","name":"NOTICIASMERCEDINAS.COM","image":{"@type":"ImageObject","inLanguage":"es","@id":"https:\/\/secure.gravatar.com\/avatar\/4dfbf16b4d17945bfb6341b2d19043457132fcf478a5ee04f42e959fd8f5df0a?s=96&d=mm&r=g","url":"https:\/\/secure.gravatar.com\/avatar\/4dfbf16b4d17945bfb6341b2d19043457132fcf478a5ee04f42e959fd8f5df0a?s=96&d=mm&r=g","contentUrl":"https:\/\/secure.gravatar.com\/avatar\/4dfbf16b4d17945bfb6341b2d19043457132fcf478a5ee04f42e959fd8f5df0a?s=96&d=mm&r=g","caption":"NOTICIASMERCEDINAS.COM"},"url":"https:\/\/noticiasmercedinas.com\/site\/author\/anonimo\/"}]}},"amp_enabled":true,"_links":{"self":[{"href":"https:\/\/noticiasmercedinas.com\/site\/wp-json\/wp\/v2\/posts\/192538","targetHints":{"allow":["GET"]}}],"collection":[{"href":"https:\/\/noticiasmercedinas.com\/site\/wp-json\/wp\/v2\/posts"}],"about":[{"href":"https:\/\/noticiasmercedinas.com\/site\/wp-json\/wp\/v2\/types\/post"}],"author":[{"embeddable":true,"href":"https:\/\/noticiasmercedinas.com\/site\/wp-json\/wp\/v2\/users\/16"}],"replies":[{"embeddable":true,"href":"https:\/\/noticiasmercedinas.com\/site\/wp-json\/wp\/v2\/comments?post=192538"}],"version-history":[{"count":1,"href":"https:\/\/noticiasmercedinas.com\/site\/wp-json\/wp\/v2\/posts\/192538\/revisions"}],"predecessor-version":[{"id":192540,"href":"https:\/\/noticiasmercedinas.com\/site\/wp-json\/wp\/v2\/posts\/192538\/revisions\/192540"}],"wp:featuredmedia":[{"embeddable":true,"href":"https:\/\/noticiasmercedinas.com\/site\/wp-json\/wp\/v2\/media\/192539"}],"wp:attachment":[{"href":"https:\/\/noticiasmercedinas.com\/site\/wp-json\/wp\/v2\/media?parent=192538"}],"wp:term":[{"taxonomy":"category","embeddable":true,"href":"https:\/\/noticiasmercedinas.com\/site\/wp-json\/wp\/v2\/categories?post=192538"},{"taxonomy":"post_tag","embeddable":true,"href":"https:\/\/noticiasmercedinas.com\/site\/wp-json\/wp\/v2\/tags?post=192538"}],"curies":[{"name":"wp","href":"https:\/\/api.w.org\/{rel}","templated":true}]}}