{"id":192544,"date":"2026-08-11T08:07:42","date_gmt":"2026-08-11T11:07:42","guid":{"rendered":"https:\/\/noticiasmercedinas.com\/site\/?p=192544"},"modified":"2026-08-11T08:12:49","modified_gmt":"2026-08-11T11:12:49","slug":"inscripcion-al-plan-fines-trayecto-secundario-en-el-barrio-la-amistad","status":"publish","type":"post","link":"https:\/\/noticiasmercedinas.com\/site\/2026\/08\/11\/inscripcion-al-plan-fines-trayecto-secundario-en-el-barrio-la-amistad\/","title":{"rendered":"Inscripci\u00f3n al Plan FinEs Trayecto Secundario en el barrio La Amistad"},"content":{"rendered":"<p data-path-to-node=\"2\"><img loading=\"lazy\" decoding=\"async\" class=\"alignnone size-full wp-image-107338\" src=\"https:\/\/noticiasmercedinas.com\/site\/wp-content\/uploads\/2023\/01\/Fines-2.jpeg\" alt=\"\" width=\"1600\" height=\"803\" srcset=\"https:\/\/noticiasmercedinas.com\/site\/wp-content\/uploads\/2023\/01\/Fines-2.jpeg 1600w, https:\/\/noticiasmercedinas.com\/site\/wp-content\/uploads\/2023\/01\/Fines-2-300x151.jpeg 300w, https:\/\/noticiasmercedinas.com\/site\/wp-content\/uploads\/2023\/01\/Fines-2-1024x514.jpeg 1024w, https:\/\/noticiasmercedinas.com\/site\/wp-content\/uploads\/2023\/01\/Fines-2-768x385.jpeg 768w, https:\/\/noticiasmercedinas.com\/site\/wp-content\/uploads\/2023\/01\/Fines-2-1536x771.jpeg 1536w, https:\/\/noticiasmercedinas.com\/site\/wp-content\/uploads\/2023\/01\/Fines-2-640x321.jpeg 640w, https:\/\/noticiasmercedinas.com\/site\/wp-content\/uploads\/2023\/01\/Fines-2-1280x642.jpeg 1280w, https:\/\/noticiasmercedinas.com\/site\/wp-content\/uploads\/2023\/01\/Fines-2-681x342.jpeg 681w, https:\/\/noticiasmercedinas.com\/site\/wp-content\/uploads\/2023\/01\/Fines-2-1362x684.jpeg 1362w\" sizes=\"auto, (max-width: 1600px) 100vw, 1600px\" \/><\/p>\n<p data-path-to-node=\"2\">El Programa de Educaci\u00f3n Barrial (ProEBA) invita a la comunidad a participar de la jornada de inscripci\u00f3n para el Plan de Finalizaci\u00f3n de Estudios Secundarios (FinEs) &#8211; Trayecto Secundario, que se desarrollar\u00e1 este martes 11 de agosto a partir de las 18:00 horas.<\/p>\n<p data-path-to-node=\"2\">La convocatoria p\u00fablica se centrar\u00e1 en la sede del barrio La Amistad, en la Casa de la Educaci\u00f3n Popular \u00abPaulo Freire\u00bb, ubicada en la calle 51 diagonal entre 12 y 14.<\/p>\n<blockquote>\n<p data-path-to-node=\"1\">A trav\u00e9s del impulso del Programa de Educaci\u00f3n Barrial (ProEBA), la convocatoria se llevar\u00e1 a cabo este martes 11 de agosto a las 18:00 horas en la Casa de la Educaci\u00f3n Popular \u00abPaulo Freire\u00bb. La propuesta p\u00fablica y gratuita busca facilitar la finalizaci\u00f3n de los estudios secundarios a vecinos del distrito.<\/p>\n<\/blockquote>\n<p data-path-to-node=\"3\">Esta iniciativa gratuita tiene como objetivo garantizar el acceso a la educaci\u00f3n formal y ofrecer una alternativa territorial flexible para que j\u00f3venes y adultos puedan completar sus trayectorias escolares obligatorias, promoviendo la inclusi\u00f3n e integraci\u00f3n comunitaria en los barrios de la ciudad.<\/p>\n<p data-path-to-node=\"4\">Los aspirantes interesados en formalizar su matriculaci\u00f3n deber\u00e1n presentarse en el horario establecido con la siguiente documentaci\u00f3n personal y acad\u00e9mica:<\/p>\n<ul>\n<li data-path-to-node=\"5,0,0\">Fotocopia de DNI y constancia de CUIL.<\/li>\n<li data-path-to-node=\"5,1,0\">Fotocopia de la partida de nacimiento.<\/li>\n<li data-path-to-node=\"5,2,0\">Certificado de estudios primarios completos o anal\u00edtico parcial correspondiente a la \u00faltima instituci\u00f3n educativa a la que hayan asistido.<\/li>\n<li data-path-to-node=\"5,3,0\">Ficha de inscripci\u00f3n para el Plan FinEs \u2013 Trayecto Secundario.<\/li>\n<\/ul>\n<p data-path-to-node=\"6\">Desde la organizaci\u00f3n destacaron que la propuesta brinda las herramientas pedag\u00f3gicas necesarias para que los vecinos retomen sus estudios secundarios y avancen hacia la obtenci\u00f3n de su t\u00edtulo oficial en un espacio cercano a sus hogares.<\/p>\n","protected":false},"excerpt":{"rendered":"<p>El Programa de Educaci\u00f3n Barrial (ProEBA) invita a la comunidad a participar de la jornada de inscripci\u00f3n para el Plan de Finalizaci\u00f3n de Estudios Secundarios (FinEs) &#8211; Trayecto Secundario, que se desarrollar\u00e1 este martes 11 de agosto a partir de las 18:00 horas. La convocatoria p\u00fablica se centrar\u00e1 en la sede del barrio La Amistad, [&hellip;]<\/p>\n","protected":false},"author":16,"featured_media":107338,"comment_status":"closed","ping_status":"closed","sticky":false,"template":"","format":"standard","meta":{"footnotes":""},"categories":[15755],"tags":[3075,38,5650],"class_list":["post-192544","post","type-post","status-publish","format-standard","has-post-thumbnail","hentry","category-educacion","tag-barrio-la-amistad","tag-educacion","tag-fines"],"yoast_head":"<!-- This site is optimized with the Yoast SEO plugin v28.3 - https:\/\/yoast.com\/product\/yoast-seo-wordpress\/ -->\n<title>Inscripci\u00f3n al Plan FinEs Trayecto Secundario en el barrio La Amistad<\/title>\n<meta name=\"description\" content=\"A trav\u00e9s del impulso del Programa de Educaci\u00f3n Barrial (ProEBA), la convocatoria se llevar\u00e1 a cabo este martes 11 de agosto a las 18:00 horas en la Casa de la Educaci\u00f3n Popular &quot;Paulo Freire&quot;. La propuesta p\u00fablica y gratuita busca facilitar la finalizaci\u00f3n de los estudios secundarios a vecinos del distrito.\" \/>\n<meta name=\"robots\" content=\"index, follow, max-snippet:-1, max-image-preview:large, max-video-preview:-1\" \/>\n<link rel=\"canonical\" href=\"https:\/\/noticiasmercedinas.com\/site\/2026\/08\/11\/inscripcion-al-plan-fines-trayecto-secundario-en-el-barrio-la-amistad\/\" \/>\n<meta property=\"og:locale\" content=\"es_ES\" \/>\n<meta property=\"og:type\" content=\"article\" \/>\n<meta property=\"og:title\" content=\"Inscripci\u00f3n al Plan FinEs Trayecto Secundario en el barrio La Amistad\" \/>\n<meta property=\"og:description\" content=\"A trav\u00e9s del impulso del Programa de Educaci\u00f3n Barrial (ProEBA), la convocatoria se llevar\u00e1 a cabo este martes 11 de agosto a las 18:00 horas en la Casa de la Educaci\u00f3n Popular &quot;Paulo Freire&quot;. La propuesta p\u00fablica y gratuita busca facilitar la finalizaci\u00f3n de los estudios secundarios a vecinos del distrito.\" \/>\n<meta property=\"og:url\" content=\"https:\/\/noticiasmercedinas.com\/site\/2026\/08\/11\/inscripcion-al-plan-fines-trayecto-secundario-en-el-barrio-la-amistad\/\" \/>\n<meta property=\"og:site_name\" content=\"NOTICIASMERCEDINAS.COM\" \/>\n<meta property=\"article:publisher\" content=\"https:\/\/www.facebook.com\/noticiasmercedinas\/\" \/>\n<meta property=\"article:published_time\" content=\"2026-08-11T11:07:42+00:00\" \/>\n<meta property=\"article:modified_time\" content=\"2026-08-11T11:12:49+00:00\" \/>\n<meta property=\"og:image\" content=\"https:\/\/noticiasmercedinas.com\/site\/wp-content\/uploads\/2023\/01\/Fines-2.jpeg\" \/>\n\t<meta property=\"og:image:width\" content=\"1600\" \/>\n\t<meta property=\"og:image:height\" content=\"803\" \/>\n\t<meta property=\"og:image:type\" content=\"image\/jpeg\" \/>\n<meta name=\"author\" content=\"NOTICIASMERCEDINAS.COM\" \/>\n<meta name=\"twitter:card\" content=\"summary_large_image\" \/>\n<meta name=\"twitter:creator\" content=\"@notmercedinas\" \/>\n<meta name=\"twitter:site\" content=\"@notmercedinas\" \/>\n<meta name=\"twitter:label1\" content=\"Escrito por\" \/>\n\t<meta name=\"twitter:data1\" content=\"NOTICIASMERCEDINAS.COM\" \/>\n\t<meta name=\"twitter:label2\" content=\"Tiempo de lectura\" \/>\n\t<meta name=\"twitter:data2\" content=\"2 minutos\" \/>\n<script type=\"application\/ld+json\" class=\"yoast-schema-graph\">{\"@context\":\"https:\\\/\\\/schema.org\",\"@graph\":[{\"@type\":\"Article\",\"@id\":\"https:\\\/\\\/noticiasmercedinas.com\\\/site\\\/2026\\\/08\\\/11\\\/inscripcion-al-plan-fines-trayecto-secundario-en-el-barrio-la-amistad\\\/#article\",\"isPartOf\":{\"@id\":\"https:\\\/\\\/noticiasmercedinas.com\\\/site\\\/2026\\\/08\\\/11\\\/inscripcion-al-plan-fines-trayecto-secundario-en-el-barrio-la-amistad\\\/\"},\"author\":{\"name\":\"NOTICIASMERCEDINAS.COM\",\"@id\":\"https:\\\/\\\/noticiasmercedinas.com\\\/site\\\/#\\\/schema\\\/person\\\/84b59c099c28ff2e8b77d4ceec5d8063\"},\"headline\":\"Inscripci\u00f3n al Plan FinEs Trayecto Secundario en el barrio La Amistad\",\"datePublished\":\"2026-08-11T11:07:42+00:00\",\"dateModified\":\"2026-08-11T11:12:49+00:00\",\"mainEntityOfPage\":{\"@id\":\"https:\\\/\\\/noticiasmercedinas.com\\\/site\\\/2026\\\/08\\\/11\\\/inscripcion-al-plan-fines-trayecto-secundario-en-el-barrio-la-amistad\\\/\"},\"wordCount\":294,\"publisher\":{\"@id\":\"https:\\\/\\\/noticiasmercedinas.com\\\/site\\\/#organization\"},\"image\":{\"@id\":\"https:\\\/\\\/noticiasmercedinas.com\\\/site\\\/2026\\\/08\\\/11\\\/inscripcion-al-plan-fines-trayecto-secundario-en-el-barrio-la-amistad\\\/#primaryimage\"},\"thumbnailUrl\":\"https:\\\/\\\/noticiasmercedinas.com\\\/site\\\/wp-content\\\/uploads\\\/2023\\\/01\\\/Fines-2.jpeg\",\"keywords\":[\"barrio la amistad\",\"educacion\",\"fines\"],\"articleSection\":[\"Educacion\"],\"inLanguage\":\"es\"},{\"@type\":\"WebPage\",\"@id\":\"https:\\\/\\\/noticiasmercedinas.com\\\/site\\\/2026\\\/08\\\/11\\\/inscripcion-al-plan-fines-trayecto-secundario-en-el-barrio-la-amistad\\\/\",\"url\":\"https:\\\/\\\/noticiasmercedinas.com\\\/site\\\/2026\\\/08\\\/11\\\/inscripcion-al-plan-fines-trayecto-secundario-en-el-barrio-la-amistad\\\/\",\"name\":\"Inscripci\u00f3n al Plan FinEs Trayecto Secundario en el barrio La Amistad\",\"isPartOf\":{\"@id\":\"https:\\\/\\\/noticiasmercedinas.com\\\/site\\\/#website\"},\"primaryImageOfPage\":{\"@id\":\"https:\\\/\\\/noticiasmercedinas.com\\\/site\\\/2026\\\/08\\\/11\\\/inscripcion-al-plan-fines-trayecto-secundario-en-el-barrio-la-amistad\\\/#primaryimage\"},\"image\":{\"@id\":\"https:\\\/\\\/noticiasmercedinas.com\\\/site\\\/2026\\\/08\\\/11\\\/inscripcion-al-plan-fines-trayecto-secundario-en-el-barrio-la-amistad\\\/#primaryimage\"},\"thumbnailUrl\":\"https:\\\/\\\/noticiasmercedinas.com\\\/site\\\/wp-content\\\/uploads\\\/2023\\\/01\\\/Fines-2.jpeg\",\"datePublished\":\"2026-08-11T11:07:42+00:00\",\"dateModified\":\"2026-08-11T11:12:49+00:00\",\"description\":\"A trav\u00e9s del impulso del Programa de Educaci\u00f3n Barrial (ProEBA), la convocatoria se llevar\u00e1 a cabo este martes 11 de agosto a las 18:00 horas en la Casa de la Educaci\u00f3n Popular \\\"Paulo Freire\\\". La propuesta p\u00fablica y gratuita busca facilitar la finalizaci\u00f3n de los estudios secundarios a vecinos del distrito.\",\"breadcrumb\":{\"@id\":\"https:\\\/\\\/noticiasmercedinas.com\\\/site\\\/2026\\\/08\\\/11\\\/inscripcion-al-plan-fines-trayecto-secundario-en-el-barrio-la-amistad\\\/#breadcrumb\"},\"inLanguage\":\"es\",\"potentialAction\":[{\"@type\":\"ReadAction\",\"target\":[\"https:\\\/\\\/noticiasmercedinas.com\\\/site\\\/2026\\\/08\\\/11\\\/inscripcion-al-plan-fines-trayecto-secundario-en-el-barrio-la-amistad\\\/\"]}]},{\"@type\":\"ImageObject\",\"inLanguage\":\"es\",\"@id\":\"https:\\\/\\\/noticiasmercedinas.com\\\/site\\\/2026\\\/08\\\/11\\\/inscripcion-al-plan-fines-trayecto-secundario-en-el-barrio-la-amistad\\\/#primaryimage\",\"url\":\"https:\\\/\\\/noticiasmercedinas.com\\\/site\\\/wp-content\\\/uploads\\\/2023\\\/01\\\/Fines-2.jpeg\",\"contentUrl\":\"https:\\\/\\\/noticiasmercedinas.com\\\/site\\\/wp-content\\\/uploads\\\/2023\\\/01\\\/Fines-2.jpeg\",\"width\":1600,\"height\":803},{\"@type\":\"BreadcrumbList\",\"@id\":\"https:\\\/\\\/noticiasmercedinas.com\\\/site\\\/2026\\\/08\\\/11\\\/inscripcion-al-plan-fines-trayecto-secundario-en-el-barrio-la-amistad\\\/#breadcrumb\",\"itemListElement\":[{\"@type\":\"ListItem\",\"position\":1,\"name\":\"Portada\",\"item\":\"https:\\\/\\\/noticiasmercedinas.com\\\/site\\\/\"},{\"@type\":\"ListItem\",\"position\":2,\"name\":\"Inscripci\u00f3n al Plan FinEs Trayecto Secundario en el barrio La Amistad\"}]},{\"@type\":\"WebSite\",\"@id\":\"https:\\\/\\\/noticiasmercedinas.com\\\/site\\\/#website\",\"url\":\"https:\\\/\\\/noticiasmercedinas.com\\\/site\\\/\",\"name\":\"NOTICIASMERCEDINAS.COM\",\"description\":\"Mercedes, Buenos Aires, Argentina\",\"publisher\":{\"@id\":\"https:\\\/\\\/noticiasmercedinas.com\\\/site\\\/#organization\"},\"potentialAction\":[{\"@type\":\"SearchAction\",\"target\":{\"@type\":\"EntryPoint\",\"urlTemplate\":\"https:\\\/\\\/noticiasmercedinas.com\\\/site\\\/?s={search_term_string}\"},\"query-input\":{\"@type\":\"PropertyValueSpecification\",\"valueRequired\":true,\"valueName\":\"search_term_string\"}}],\"inLanguage\":\"es\"},{\"@type\":\"Organization\",\"@id\":\"https:\\\/\\\/noticiasmercedinas.com\\\/site\\\/#organization\",\"name\":\"NOTICIASMERCEDINAS.COM\",\"url\":\"https:\\\/\\\/noticiasmercedinas.com\\\/site\\\/\",\"logo\":{\"@type\":\"ImageObject\",\"inLanguage\":\"es\",\"@id\":\"https:\\\/\\\/noticiasmercedinas.com\\\/site\\\/#\\\/schema\\\/logo\\\/image\\\/\",\"url\":\"https:\\\/\\\/noticiasmercedinas.com\\\/site\\\/wp-content\\\/uploads\\\/2020\\\/06\\\/LOGO-512.jpg\",\"contentUrl\":\"https:\\\/\\\/noticiasmercedinas.com\\\/site\\\/wp-content\\\/uploads\\\/2020\\\/06\\\/LOGO-512.jpg\",\"width\":512,\"height\":512,\"caption\":\"NOTICIASMERCEDINAS.COM\"},\"image\":{\"@id\":\"https:\\\/\\\/noticiasmercedinas.com\\\/site\\\/#\\\/schema\\\/logo\\\/image\\\/\"},\"sameAs\":[\"https:\\\/\\\/www.facebook.com\\\/noticiasmercedinas\\\/\",\"https:\\\/\\\/x.com\\\/notmercedinas\",\"https:\\\/\\\/www.instagram.com\\\/noticiasmercedinas\\\/\"]},{\"@type\":\"Person\",\"@id\":\"https:\\\/\\\/noticiasmercedinas.com\\\/site\\\/#\\\/schema\\\/person\\\/84b59c099c28ff2e8b77d4ceec5d8063\",\"name\":\"NOTICIASMERCEDINAS.COM\",\"image\":{\"@type\":\"ImageObject\",\"inLanguage\":\"es\",\"@id\":\"https:\\\/\\\/secure.gravatar.com\\\/avatar\\\/4dfbf16b4d17945bfb6341b2d19043457132fcf478a5ee04f42e959fd8f5df0a?s=96&d=mm&r=g\",\"url\":\"https:\\\/\\\/secure.gravatar.com\\\/avatar\\\/4dfbf16b4d17945bfb6341b2d19043457132fcf478a5ee04f42e959fd8f5df0a?s=96&d=mm&r=g\",\"contentUrl\":\"https:\\\/\\\/secure.gravatar.com\\\/avatar\\\/4dfbf16b4d17945bfb6341b2d19043457132fcf478a5ee04f42e959fd8f5df0a?s=96&d=mm&r=g\",\"caption\":\"NOTICIASMERCEDINAS.COM\"},\"url\":\"https:\\\/\\\/noticiasmercedinas.com\\\/site\\\/author\\\/anonimo\\\/\"}]}<\/script>\n<!-- \/ Yoast SEO plugin. -->","yoast_head_json":{"title":"Inscripci\u00f3n al Plan FinEs Trayecto Secundario en el barrio La Amistad","description":"A trav\u00e9s del impulso del Programa de Educaci\u00f3n Barrial (ProEBA), la convocatoria se llevar\u00e1 a cabo este martes 11 de agosto a las 18:00 horas en la Casa de la Educaci\u00f3n Popular \"Paulo Freire\". La propuesta p\u00fablica y gratuita busca facilitar la finalizaci\u00f3n de los estudios secundarios a vecinos del distrito.","robots":{"index":"index","follow":"follow","max-snippet":"max-snippet:-1","max-image-preview":"max-image-preview:large","max-video-preview":"max-video-preview:-1"},"canonical":"https:\/\/noticiasmercedinas.com\/site\/2026\/08\/11\/inscripcion-al-plan-fines-trayecto-secundario-en-el-barrio-la-amistad\/","og_locale":"es_ES","og_type":"article","og_title":"Inscripci\u00f3n al Plan FinEs Trayecto Secundario en el barrio La Amistad","og_description":"A trav\u00e9s del impulso del Programa de Educaci\u00f3n Barrial (ProEBA), la convocatoria se llevar\u00e1 a cabo este martes 11 de agosto a las 18:00 horas en la Casa de la Educaci\u00f3n Popular \"Paulo Freire\". La propuesta p\u00fablica y gratuita busca facilitar la finalizaci\u00f3n de los estudios secundarios a vecinos del distrito.","og_url":"https:\/\/noticiasmercedinas.com\/site\/2026\/08\/11\/inscripcion-al-plan-fines-trayecto-secundario-en-el-barrio-la-amistad\/","og_site_name":"NOTICIASMERCEDINAS.COM","article_publisher":"https:\/\/www.facebook.com\/noticiasmercedinas\/","article_published_time":"2026-08-11T11:07:42+00:00","article_modified_time":"2026-08-11T11:12:49+00:00","og_image":[{"width":1600,"height":803,"url":"https:\/\/noticiasmercedinas.com\/site\/wp-content\/uploads\/2023\/01\/Fines-2.jpeg","type":"image\/jpeg"}],"author":"NOTICIASMERCEDINAS.COM","twitter_card":"summary_large_image","twitter_creator":"@notmercedinas","twitter_site":"@notmercedinas","twitter_misc":{"Escrito por":"NOTICIASMERCEDINAS.COM","Tiempo de lectura":"2 minutos"},"schema":{"@context":"https:\/\/schema.org","@graph":[{"@type":"Article","@id":"https:\/\/noticiasmercedinas.com\/site\/2026\/08\/11\/inscripcion-al-plan-fines-trayecto-secundario-en-el-barrio-la-amistad\/#article","isPartOf":{"@id":"https:\/\/noticiasmercedinas.com\/site\/2026\/08\/11\/inscripcion-al-plan-fines-trayecto-secundario-en-el-barrio-la-amistad\/"},"author":{"name":"NOTICIASMERCEDINAS.COM","@id":"https:\/\/noticiasmercedinas.com\/site\/#\/schema\/person\/84b59c099c28ff2e8b77d4ceec5d8063"},"headline":"Inscripci\u00f3n al Plan FinEs Trayecto Secundario en el barrio La Amistad","datePublished":"2026-08-11T11:07:42+00:00","dateModified":"2026-08-11T11:12:49+00:00","mainEntityOfPage":{"@id":"https:\/\/noticiasmercedinas.com\/site\/2026\/08\/11\/inscripcion-al-plan-fines-trayecto-secundario-en-el-barrio-la-amistad\/"},"wordCount":294,"publisher":{"@id":"https:\/\/noticiasmercedinas.com\/site\/#organization"},"image":{"@id":"https:\/\/noticiasmercedinas.com\/site\/2026\/08\/11\/inscripcion-al-plan-fines-trayecto-secundario-en-el-barrio-la-amistad\/#primaryimage"},"thumbnailUrl":"https:\/\/noticiasmercedinas.com\/site\/wp-content\/uploads\/2023\/01\/Fines-2.jpeg","keywords":["barrio la amistad","educacion","fines"],"articleSection":["Educacion"],"inLanguage":"es"},{"@type":"WebPage","@id":"https:\/\/noticiasmercedinas.com\/site\/2026\/08\/11\/inscripcion-al-plan-fines-trayecto-secundario-en-el-barrio-la-amistad\/","url":"https:\/\/noticiasmercedinas.com\/site\/2026\/08\/11\/inscripcion-al-plan-fines-trayecto-secundario-en-el-barrio-la-amistad\/","name":"Inscripci\u00f3n al Plan FinEs Trayecto Secundario en el barrio La Amistad","isPartOf":{"@id":"https:\/\/noticiasmercedinas.com\/site\/#website"},"primaryImageOfPage":{"@id":"https:\/\/noticiasmercedinas.com\/site\/2026\/08\/11\/inscripcion-al-plan-fines-trayecto-secundario-en-el-barrio-la-amistad\/#primaryimage"},"image":{"@id":"https:\/\/noticiasmercedinas.com\/site\/2026\/08\/11\/inscripcion-al-plan-fines-trayecto-secundario-en-el-barrio-la-amistad\/#primaryimage"},"thumbnailUrl":"https:\/\/noticiasmercedinas.com\/site\/wp-content\/uploads\/2023\/01\/Fines-2.jpeg","datePublished":"2026-08-11T11:07:42+00:00","dateModified":"2026-08-11T11:12:49+00:00","description":"A trav\u00e9s del impulso del Programa de Educaci\u00f3n Barrial (ProEBA), la convocatoria se llevar\u00e1 a cabo este martes 11 de agosto a las 18:00 horas en la Casa de la Educaci\u00f3n Popular \"Paulo Freire\". La propuesta p\u00fablica y gratuita busca facilitar la finalizaci\u00f3n de los estudios secundarios a vecinos del distrito.","breadcrumb":{"@id":"https:\/\/noticiasmercedinas.com\/site\/2026\/08\/11\/inscripcion-al-plan-fines-trayecto-secundario-en-el-barrio-la-amistad\/#breadcrumb"},"inLanguage":"es","potentialAction":[{"@type":"ReadAction","target":["https:\/\/noticiasmercedinas.com\/site\/2026\/08\/11\/inscripcion-al-plan-fines-trayecto-secundario-en-el-barrio-la-amistad\/"]}]},{"@type":"ImageObject","inLanguage":"es","@id":"https:\/\/noticiasmercedinas.com\/site\/2026\/08\/11\/inscripcion-al-plan-fines-trayecto-secundario-en-el-barrio-la-amistad\/#primaryimage","url":"https:\/\/noticiasmercedinas.com\/site\/wp-content\/uploads\/2023\/01\/Fines-2.jpeg","contentUrl":"https:\/\/noticiasmercedinas.com\/site\/wp-content\/uploads\/2023\/01\/Fines-2.jpeg","width":1600,"height":803},{"@type":"BreadcrumbList","@id":"https:\/\/noticiasmercedinas.com\/site\/2026\/08\/11\/inscripcion-al-plan-fines-trayecto-secundario-en-el-barrio-la-amistad\/#breadcrumb","itemListElement":[{"@type":"ListItem","position":1,"name":"Portada","item":"https:\/\/noticiasmercedinas.com\/site\/"},{"@type":"ListItem","position":2,"name":"Inscripci\u00f3n al Plan FinEs Trayecto Secundario en el barrio La Amistad"}]},{"@type":"WebSite","@id":"https:\/\/noticiasmercedinas.com\/site\/#website","url":"https:\/\/noticiasmercedinas.com\/site\/","name":"NOTICIASMERCEDINAS.COM","description":"Mercedes, Buenos Aires, Argentina","publisher":{"@id":"https:\/\/noticiasmercedinas.com\/site\/#organization"},"potentialAction":[{"@type":"SearchAction","target":{"@type":"EntryPoint","urlTemplate":"https:\/\/noticiasmercedinas.com\/site\/?s={search_term_string}"},"query-input":{"@type":"PropertyValueSpecification","valueRequired":true,"valueName":"search_term_string"}}],"inLanguage":"es"},{"@type":"Organization","@id":"https:\/\/noticiasmercedinas.com\/site\/#organization","name":"NOTICIASMERCEDINAS.COM","url":"https:\/\/noticiasmercedinas.com\/site\/","logo":{"@type":"ImageObject","inLanguage":"es","@id":"https:\/\/noticiasmercedinas.com\/site\/#\/schema\/logo\/image\/","url":"https:\/\/noticiasmercedinas.com\/site\/wp-content\/uploads\/2020\/06\/LOGO-512.jpg","contentUrl":"https:\/\/noticiasmercedinas.com\/site\/wp-content\/uploads\/2020\/06\/LOGO-512.jpg","width":512,"height":512,"caption":"NOTICIASMERCEDINAS.COM"},"image":{"@id":"https:\/\/noticiasmercedinas.com\/site\/#\/schema\/logo\/image\/"},"sameAs":["https:\/\/www.facebook.com\/noticiasmercedinas\/","https:\/\/x.com\/notmercedinas","https:\/\/www.instagram.com\/noticiasmercedinas\/"]},{"@type":"Person","@id":"https:\/\/noticiasmercedinas.com\/site\/#\/schema\/person\/84b59c099c28ff2e8b77d4ceec5d8063","name":"NOTICIASMERCEDINAS.COM","image":{"@type":"ImageObject","inLanguage":"es","@id":"https:\/\/secure.gravatar.com\/avatar\/4dfbf16b4d17945bfb6341b2d19043457132fcf478a5ee04f42e959fd8f5df0a?s=96&d=mm&r=g","url":"https:\/\/secure.gravatar.com\/avatar\/4dfbf16b4d17945bfb6341b2d19043457132fcf478a5ee04f42e959fd8f5df0a?s=96&d=mm&r=g","contentUrl":"https:\/\/secure.gravatar.com\/avatar\/4dfbf16b4d17945bfb6341b2d19043457132fcf478a5ee04f42e959fd8f5df0a?s=96&d=mm&r=g","caption":"NOTICIASMERCEDINAS.COM"},"url":"https:\/\/noticiasmercedinas.com\/site\/author\/anonimo\/"}]}},"amp_enabled":true,"_links":{"self":[{"href":"https:\/\/noticiasmercedinas.com\/site\/wp-json\/wp\/v2\/posts\/192544","targetHints":{"allow":["GET"]}}],"collection":[{"href":"https:\/\/noticiasmercedinas.com\/site\/wp-json\/wp\/v2\/posts"}],"about":[{"href":"https:\/\/noticiasmercedinas.com\/site\/wp-json\/wp\/v2\/types\/post"}],"author":[{"embeddable":true,"href":"https:\/\/noticiasmercedinas.com\/site\/wp-json\/wp\/v2\/users\/16"}],"replies":[{"embeddable":true,"href":"https:\/\/noticiasmercedinas.com\/site\/wp-json\/wp\/v2\/comments?post=192544"}],"version-history":[{"count":2,"href":"https:\/\/noticiasmercedinas.com\/site\/wp-json\/wp\/v2\/posts\/192544\/revisions"}],"predecessor-version":[{"id":192546,"href":"https:\/\/noticiasmercedinas.com\/site\/wp-json\/wp\/v2\/posts\/192544\/revisions\/192546"}],"wp:featuredmedia":[{"embeddable":true,"href":"https:\/\/noticiasmercedinas.com\/site\/wp-json\/wp\/v2\/media\/107338"}],"wp:attachment":[{"href":"https:\/\/noticiasmercedinas.com\/site\/wp-json\/wp\/v2\/media?parent=192544"}],"wp:term":[{"taxonomy":"category","embeddable":true,"href":"https:\/\/noticiasmercedinas.com\/site\/wp-json\/wp\/v2\/categories?post=192544"},{"taxonomy":"post_tag","embeddable":true,"href":"https:\/\/noticiasmercedinas.com\/site\/wp-json\/wp\/v2\/tags?post=192544"}],"curies":[{"name":"wp","href":"https:\/\/api.w.org\/{rel}","templated":true}]}}