{"id":192562,"date":"2026-08-11T09:38:28","date_gmt":"2026-08-11T12:38:28","guid":{"rendered":"https:\/\/noticiasmercedinas.com\/site\/?p=192562"},"modified":"2026-08-11T09:38:28","modified_gmt":"2026-08-11T12:38:28","slug":"tolosa-paz-denuncio-a-nacion-por-el-desvio-de-mas-de-1-billon-y-reactiva-reclamo-por-autovia-5","status":"publish","type":"post","link":"https:\/\/noticiasmercedinas.com\/site\/2026\/08\/11\/tolosa-paz-denuncio-a-nacion-por-el-desvio-de-mas-de-1-billon-y-reactiva-reclamo-por-autovia-5\/","title":{"rendered":"Tolosa Paz denunci\u00f3 a Naci\u00f3n por el desv\u00edo de m\u00e1s de $1 bill\u00f3n y reactiva reclamo por Autov\u00eda 5"},"content":{"rendered":"<p data-path-to-node=\"2\"><img loading=\"lazy\" decoding=\"async\" class=\"alignnone size-full wp-image-192563\" src=\"https:\/\/noticiasmercedinas.com\/site\/wp-content\/uploads\/2026\/08\/victoriatolosapaz.jpg\" alt=\"\" width=\"679\" height=\"424\" srcset=\"https:\/\/noticiasmercedinas.com\/site\/wp-content\/uploads\/2026\/08\/victoriatolosapaz.jpg 679w, https:\/\/noticiasmercedinas.com\/site\/wp-content\/uploads\/2026\/08\/victoriatolosapaz-300x187.jpg 300w, https:\/\/noticiasmercedinas.com\/site\/wp-content\/uploads\/2026\/08\/victoriatolosapaz-640x400.jpg 640w\" sizes=\"auto, (max-width: 679px) 100vw, 679px\" \/><\/p>\n<p data-path-to-node=\"2\">La diputada nacional por Uni\u00f3n por la Patria, <strong>Victoria Tolosa Paz<\/strong>, formaliz\u00f3 una denuncia ante la Justicia Federal contra funcionarios del Ministerio de Econom\u00eda de la Naci\u00f3n, la Direcci\u00f3n Nacional de Vialidad y el Banco de la Naci\u00f3n Argentina por presuntas irregularidades, desv\u00edo e inmovilizaci\u00f3n de fondos asignados al Sistema Vial Integrado (SISVIAL).<\/p>\n<p data-path-to-node=\"2\">La presentaci\u00f3n judicial advierte sobre la par\u00e1lisis de infraestructura clave para la regi\u00f3n, entre la que se destaca la paralizada obra de transformaci\u00f3n en autov\u00eda del tramo Mercedes\u2013Variante Suipacha sobre la Ruta Nacional 5.<\/p>\n<p data-path-to-node=\"3\">De acuerdo con la documentaci\u00f3n agregada al expediente, el fideicomiso SISVIAL acumul\u00f3 ingresos por $1,503 billones durante los \u00faltimos dos a\u00f1os y medio, pero solo ejecut\u00f3 $394.406 millones para los fines previstos por la normativa vigente, lo que representa una subejecuci\u00f3n cercana al 74%. Al 31 de mayo de 2026, la rendici\u00f3n indica que m\u00e1s de $1,001 billones se hallaban colocados en instrumentos financieros \u2014como plazos fijos y t\u00edtulos p\u00fablicos\u2014 y otros $37.761 millones permanec\u00edan inmovilizados en cuentas bancarias, sumando un total superior a los $1,038 billones sin aplicaci\u00f3n directa a la red vial.<\/p>\n<p data-path-to-node=\"4\">La legisladora solicit\u00f3 a la Justicia investigar la posible comisi\u00f3n de los delitos de malversaci\u00f3n agravada de caudales p\u00fablicos, administraci\u00f3n fraudulenta contra la Administraci\u00f3n P\u00fablica, incumplimiento de los deberes de funcionario p\u00fablico y negociaciones incompatibles con el ejercicio de la funci\u00f3n p\u00fablica. En ese marco, pidi\u00f3 reconstruir el circuito del dinero desde la recaudaci\u00f3n tributaria hasta su derivaci\u00f3n hacia colocaciones financieras, cuestionando que parte de los recursos recaudados no ingresaron a la cuenta fiduciaria correspondiente.<\/p>\n<p data-path-to-node=\"5\">El freno en la asignaci\u00f3n presupuestaria afecta de manera directa a proyectos estrat\u00e9gicos de seguridad vial financiados parcialmente con cr\u00e9dito internacional de la CAF (operaci\u00f3n 11744). Entre ellos figura el corredor de la Ruta Nacional 5 en el segmento Mercedes\u2013Variante Suipacha y la Ruta Nacional 3 en el tramo San Miguel del Monte\u2013acceso a Gorchs, obras destinadas a la reducci\u00f3n de la siniestralidad en trazados con alta densidad de tr\u00e1nsito de cargas y pasajeros.<\/p>\n<p data-path-to-node=\"6\">La presentaci\u00f3n de Tolosa Paz se suma a las advertencias realizadas este lunes por el ministro de Infraestructura y Servicios P\u00fablicos de la Provincia de Buenos Aires, Gabriel Katopodis, quien denunci\u00f3 p\u00fablicamente que el Gobierno Nacional recauda fondos espec\u00edficos a trav\u00e9s del impuesto a los combustibles sin destinarlos al mantenimiento ni a la ejecuci\u00f3n de las rutas nacionales en territorio bonaerense.<\/p>\n","protected":false},"excerpt":{"rendered":"<p>\u25a0 La diputada nacional present\u00f3 una demanda ante la Justicia Federal contra funcionarios de Econom\u00eda, Vialidad y el Banco Naci\u00f3n. Entre los proyectos paralizados figura la transformaci\u00f3n en autov\u00eda del tramo Mercedes\u2013Variante Suipacha de la Ruta Nacional 5.<\/p>\n","protected":false},"author":16,"featured_media":192563,"comment_status":"closed","ping_status":"closed","sticky":false,"template":"","format":"standard","meta":{"footnotes":""},"categories":[16],"tags":[3206,665,22708,8011],"class_list":["post-192562","post","type-post","status-publish","format-standard","has-post-thumbnail","hentry","category-politica","tag-denuncia","tag-ruta-5","tag-sistema-vial","tag-victoria-tolosa-paz"],"yoast_head":"<!-- This site is optimized with the Yoast SEO plugin v28.3 - https:\/\/yoast.com\/product\/yoast-seo-wordpress\/ -->\n<title>Tolosa Paz denunci\u00f3 a Naci\u00f3n por el desv\u00edo de m\u00e1s de $1 bill\u00f3n y reactiva reclamo por Autov\u00eda 5<\/title>\n<meta name=\"description\" content=\"La diputada nacional present\u00f3 una demanda ante la Justicia Federal contra funcionarios de Econom\u00eda, Vialidad y el Banco Naci\u00f3n por la presunta subejecuci\u00f3n y financiero del fideicomiso SISVIAL. Entre los proyectos paralizados figura la transformaci\u00f3n en autov\u00eda del tramo Mercedes\u2013Variante Suipacha de la Ruta Nacional 5.\" \/>\n<meta name=\"robots\" content=\"index, follow, max-snippet:-1, max-image-preview:large, max-video-preview:-1\" \/>\n<link rel=\"canonical\" href=\"https:\/\/noticiasmercedinas.com\/site\/2026\/08\/11\/tolosa-paz-denuncio-a-nacion-por-el-desvio-de-mas-de-1-billon-y-reactiva-reclamo-por-autovia-5\/\" \/>\n<meta property=\"og:locale\" content=\"es_ES\" \/>\n<meta property=\"og:type\" content=\"article\" \/>\n<meta property=\"og:title\" content=\"Tolosa Paz denunci\u00f3 a Naci\u00f3n por el desv\u00edo de m\u00e1s de $1 bill\u00f3n y reactiva reclamo por Autov\u00eda 5\" \/>\n<meta property=\"og:description\" content=\"La diputada nacional present\u00f3 una demanda ante la Justicia Federal contra funcionarios de Econom\u00eda, Vialidad y el Banco Naci\u00f3n por la presunta subejecuci\u00f3n y financiero del fideicomiso SISVIAL. Entre los proyectos paralizados figura la transformaci\u00f3n en autov\u00eda del tramo Mercedes\u2013Variante Suipacha de la Ruta Nacional 5.\" \/>\n<meta property=\"og:url\" content=\"https:\/\/noticiasmercedinas.com\/site\/2026\/08\/11\/tolosa-paz-denuncio-a-nacion-por-el-desvio-de-mas-de-1-billon-y-reactiva-reclamo-por-autovia-5\/\" \/>\n<meta property=\"og:site_name\" content=\"NOTICIASMERCEDINAS.COM\" \/>\n<meta property=\"article:publisher\" content=\"https:\/\/www.facebook.com\/noticiasmercedinas\/\" \/>\n<meta property=\"article:published_time\" content=\"2026-08-11T12:38:28+00:00\" \/>\n<meta property=\"og:image\" content=\"https:\/\/noticiasmercedinas.com\/site\/wp-content\/uploads\/2026\/08\/victoriatolosapaz.jpg\" \/>\n\t<meta property=\"og:image:width\" content=\"679\" \/>\n\t<meta property=\"og:image:height\" content=\"424\" \/>\n\t<meta property=\"og:image:type\" content=\"image\/jpeg\" \/>\n<meta name=\"author\" content=\"NOTICIASMERCEDINAS.COM\" \/>\n<meta name=\"twitter:card\" content=\"summary_large_image\" \/>\n<meta name=\"twitter:creator\" content=\"@notmercedinas\" \/>\n<meta name=\"twitter:site\" content=\"@notmercedinas\" \/>\n<meta name=\"twitter:label1\" content=\"Escrito por\" \/>\n\t<meta name=\"twitter:data1\" content=\"NOTICIASMERCEDINAS.COM\" \/>\n\t<meta name=\"twitter:label2\" content=\"Tiempo de lectura\" \/>\n\t<meta name=\"twitter:data2\" content=\"3 minutos\" \/>\n<script type=\"application\/ld+json\" class=\"yoast-schema-graph\">{\"@context\":\"https:\\\/\\\/schema.org\",\"@graph\":[{\"@type\":\"Article\",\"@id\":\"https:\\\/\\\/noticiasmercedinas.com\\\/site\\\/2026\\\/08\\\/11\\\/tolosa-paz-denuncio-a-nacion-por-el-desvio-de-mas-de-1-billon-y-reactiva-reclamo-por-autovia-5\\\/#article\",\"isPartOf\":{\"@id\":\"https:\\\/\\\/noticiasmercedinas.com\\\/site\\\/2026\\\/08\\\/11\\\/tolosa-paz-denuncio-a-nacion-por-el-desvio-de-mas-de-1-billon-y-reactiva-reclamo-por-autovia-5\\\/\"},\"author\":{\"name\":\"NOTICIASMERCEDINAS.COM\",\"@id\":\"https:\\\/\\\/noticiasmercedinas.com\\\/site\\\/#\\\/schema\\\/person\\\/84b59c099c28ff2e8b77d4ceec5d8063\"},\"headline\":\"Tolosa Paz denunci\u00f3 a Naci\u00f3n por el desv\u00edo de m\u00e1s de $1 bill\u00f3n y reactiva reclamo por Autov\u00eda 5\",\"datePublished\":\"2026-08-11T12:38:28+00:00\",\"mainEntityOfPage\":{\"@id\":\"https:\\\/\\\/noticiasmercedinas.com\\\/site\\\/2026\\\/08\\\/11\\\/tolosa-paz-denuncio-a-nacion-por-el-desvio-de-mas-de-1-billon-y-reactiva-reclamo-por-autovia-5\\\/\"},\"wordCount\":448,\"publisher\":{\"@id\":\"https:\\\/\\\/noticiasmercedinas.com\\\/site\\\/#organization\"},\"image\":{\"@id\":\"https:\\\/\\\/noticiasmercedinas.com\\\/site\\\/2026\\\/08\\\/11\\\/tolosa-paz-denuncio-a-nacion-por-el-desvio-de-mas-de-1-billon-y-reactiva-reclamo-por-autovia-5\\\/#primaryimage\"},\"thumbnailUrl\":\"https:\\\/\\\/noticiasmercedinas.com\\\/site\\\/wp-content\\\/uploads\\\/2026\\\/08\\\/victoriatolosapaz.jpg\",\"keywords\":[\"denuncia\",\"ruta 5\",\"sistema vial\",\"Victoria Tolosa Paz\"],\"articleSection\":[\"Politica\"],\"inLanguage\":\"es\"},{\"@type\":\"WebPage\",\"@id\":\"https:\\\/\\\/noticiasmercedinas.com\\\/site\\\/2026\\\/08\\\/11\\\/tolosa-paz-denuncio-a-nacion-por-el-desvio-de-mas-de-1-billon-y-reactiva-reclamo-por-autovia-5\\\/\",\"url\":\"https:\\\/\\\/noticiasmercedinas.com\\\/site\\\/2026\\\/08\\\/11\\\/tolosa-paz-denuncio-a-nacion-por-el-desvio-de-mas-de-1-billon-y-reactiva-reclamo-por-autovia-5\\\/\",\"name\":\"Tolosa Paz denunci\u00f3 a Naci\u00f3n por el desv\u00edo de m\u00e1s de $1 bill\u00f3n y reactiva reclamo por Autov\u00eda 5\",\"isPartOf\":{\"@id\":\"https:\\\/\\\/noticiasmercedinas.com\\\/site\\\/#website\"},\"primaryImageOfPage\":{\"@id\":\"https:\\\/\\\/noticiasmercedinas.com\\\/site\\\/2026\\\/08\\\/11\\\/tolosa-paz-denuncio-a-nacion-por-el-desvio-de-mas-de-1-billon-y-reactiva-reclamo-por-autovia-5\\\/#primaryimage\"},\"image\":{\"@id\":\"https:\\\/\\\/noticiasmercedinas.com\\\/site\\\/2026\\\/08\\\/11\\\/tolosa-paz-denuncio-a-nacion-por-el-desvio-de-mas-de-1-billon-y-reactiva-reclamo-por-autovia-5\\\/#primaryimage\"},\"thumbnailUrl\":\"https:\\\/\\\/noticiasmercedinas.com\\\/site\\\/wp-content\\\/uploads\\\/2026\\\/08\\\/victoriatolosapaz.jpg\",\"datePublished\":\"2026-08-11T12:38:28+00:00\",\"description\":\"La diputada nacional present\u00f3 una demanda ante la Justicia Federal contra funcionarios de Econom\u00eda, Vialidad y el Banco Naci\u00f3n por la presunta subejecuci\u00f3n y financiero del fideicomiso SISVIAL. Entre los proyectos paralizados figura la transformaci\u00f3n en autov\u00eda del tramo Mercedes\u2013Variante Suipacha de la Ruta Nacional 5.\",\"breadcrumb\":{\"@id\":\"https:\\\/\\\/noticiasmercedinas.com\\\/site\\\/2026\\\/08\\\/11\\\/tolosa-paz-denuncio-a-nacion-por-el-desvio-de-mas-de-1-billon-y-reactiva-reclamo-por-autovia-5\\\/#breadcrumb\"},\"inLanguage\":\"es\",\"potentialAction\":[{\"@type\":\"ReadAction\",\"target\":[\"https:\\\/\\\/noticiasmercedinas.com\\\/site\\\/2026\\\/08\\\/11\\\/tolosa-paz-denuncio-a-nacion-por-el-desvio-de-mas-de-1-billon-y-reactiva-reclamo-por-autovia-5\\\/\"]}]},{\"@type\":\"ImageObject\",\"inLanguage\":\"es\",\"@id\":\"https:\\\/\\\/noticiasmercedinas.com\\\/site\\\/2026\\\/08\\\/11\\\/tolosa-paz-denuncio-a-nacion-por-el-desvio-de-mas-de-1-billon-y-reactiva-reclamo-por-autovia-5\\\/#primaryimage\",\"url\":\"https:\\\/\\\/noticiasmercedinas.com\\\/site\\\/wp-content\\\/uploads\\\/2026\\\/08\\\/victoriatolosapaz.jpg\",\"contentUrl\":\"https:\\\/\\\/noticiasmercedinas.com\\\/site\\\/wp-content\\\/uploads\\\/2026\\\/08\\\/victoriatolosapaz.jpg\",\"width\":679,\"height\":424},{\"@type\":\"BreadcrumbList\",\"@id\":\"https:\\\/\\\/noticiasmercedinas.com\\\/site\\\/2026\\\/08\\\/11\\\/tolosa-paz-denuncio-a-nacion-por-el-desvio-de-mas-de-1-billon-y-reactiva-reclamo-por-autovia-5\\\/#breadcrumb\",\"itemListElement\":[{\"@type\":\"ListItem\",\"position\":1,\"name\":\"Portada\",\"item\":\"https:\\\/\\\/noticiasmercedinas.com\\\/site\\\/\"},{\"@type\":\"ListItem\",\"position\":2,\"name\":\"Tolosa Paz denunci\u00f3 a Naci\u00f3n por el desv\u00edo de m\u00e1s de $1 bill\u00f3n y reactiva reclamo por Autov\u00eda 5\"}]},{\"@type\":\"WebSite\",\"@id\":\"https:\\\/\\\/noticiasmercedinas.com\\\/site\\\/#website\",\"url\":\"https:\\\/\\\/noticiasmercedinas.com\\\/site\\\/\",\"name\":\"NOTICIASMERCEDINAS.COM\",\"description\":\"Mercedes, Buenos Aires, Argentina\",\"publisher\":{\"@id\":\"https:\\\/\\\/noticiasmercedinas.com\\\/site\\\/#organization\"},\"potentialAction\":[{\"@type\":\"SearchAction\",\"target\":{\"@type\":\"EntryPoint\",\"urlTemplate\":\"https:\\\/\\\/noticiasmercedinas.com\\\/site\\\/?s={search_term_string}\"},\"query-input\":{\"@type\":\"PropertyValueSpecification\",\"valueRequired\":true,\"valueName\":\"search_term_string\"}}],\"inLanguage\":\"es\"},{\"@type\":\"Organization\",\"@id\":\"https:\\\/\\\/noticiasmercedinas.com\\\/site\\\/#organization\",\"name\":\"NOTICIASMERCEDINAS.COM\",\"url\":\"https:\\\/\\\/noticiasmercedinas.com\\\/site\\\/\",\"logo\":{\"@type\":\"ImageObject\",\"inLanguage\":\"es\",\"@id\":\"https:\\\/\\\/noticiasmercedinas.com\\\/site\\\/#\\\/schema\\\/logo\\\/image\\\/\",\"url\":\"https:\\\/\\\/noticiasmercedinas.com\\\/site\\\/wp-content\\\/uploads\\\/2020\\\/06\\\/LOGO-512.jpg\",\"contentUrl\":\"https:\\\/\\\/noticiasmercedinas.com\\\/site\\\/wp-content\\\/uploads\\\/2020\\\/06\\\/LOGO-512.jpg\",\"width\":512,\"height\":512,\"caption\":\"NOTICIASMERCEDINAS.COM\"},\"image\":{\"@id\":\"https:\\\/\\\/noticiasmercedinas.com\\\/site\\\/#\\\/schema\\\/logo\\\/image\\\/\"},\"sameAs\":[\"https:\\\/\\\/www.facebook.com\\\/noticiasmercedinas\\\/\",\"https:\\\/\\\/x.com\\\/notmercedinas\",\"https:\\\/\\\/www.instagram.com\\\/noticiasmercedinas\\\/\"]},{\"@type\":\"Person\",\"@id\":\"https:\\\/\\\/noticiasmercedinas.com\\\/site\\\/#\\\/schema\\\/person\\\/84b59c099c28ff2e8b77d4ceec5d8063\",\"name\":\"NOTICIASMERCEDINAS.COM\",\"image\":{\"@type\":\"ImageObject\",\"inLanguage\":\"es\",\"@id\":\"https:\\\/\\\/secure.gravatar.com\\\/avatar\\\/4dfbf16b4d17945bfb6341b2d19043457132fcf478a5ee04f42e959fd8f5df0a?s=96&d=mm&r=g\",\"url\":\"https:\\\/\\\/secure.gravatar.com\\\/avatar\\\/4dfbf16b4d17945bfb6341b2d19043457132fcf478a5ee04f42e959fd8f5df0a?s=96&d=mm&r=g\",\"contentUrl\":\"https:\\\/\\\/secure.gravatar.com\\\/avatar\\\/4dfbf16b4d17945bfb6341b2d19043457132fcf478a5ee04f42e959fd8f5df0a?s=96&d=mm&r=g\",\"caption\":\"NOTICIASMERCEDINAS.COM\"},\"url\":\"https:\\\/\\\/noticiasmercedinas.com\\\/site\\\/author\\\/anonimo\\\/\"}]}<\/script>\n<!-- \/ Yoast SEO plugin. -->","yoast_head_json":{"title":"Tolosa Paz denunci\u00f3 a Naci\u00f3n por el desv\u00edo de m\u00e1s de $1 bill\u00f3n y reactiva reclamo por Autov\u00eda 5","description":"La diputada nacional present\u00f3 una demanda ante la Justicia Federal contra funcionarios de Econom\u00eda, Vialidad y el Banco Naci\u00f3n por la presunta subejecuci\u00f3n y financiero del fideicomiso SISVIAL. Entre los proyectos paralizados figura la transformaci\u00f3n en autov\u00eda del tramo Mercedes\u2013Variante Suipacha de la Ruta Nacional 5.","robots":{"index":"index","follow":"follow","max-snippet":"max-snippet:-1","max-image-preview":"max-image-preview:large","max-video-preview":"max-video-preview:-1"},"canonical":"https:\/\/noticiasmercedinas.com\/site\/2026\/08\/11\/tolosa-paz-denuncio-a-nacion-por-el-desvio-de-mas-de-1-billon-y-reactiva-reclamo-por-autovia-5\/","og_locale":"es_ES","og_type":"article","og_title":"Tolosa Paz denunci\u00f3 a Naci\u00f3n por el desv\u00edo de m\u00e1s de $1 bill\u00f3n y reactiva reclamo por Autov\u00eda 5","og_description":"La diputada nacional present\u00f3 una demanda ante la Justicia Federal contra funcionarios de Econom\u00eda, Vialidad y el Banco Naci\u00f3n por la presunta subejecuci\u00f3n y financiero del fideicomiso SISVIAL. Entre los proyectos paralizados figura la transformaci\u00f3n en autov\u00eda del tramo Mercedes\u2013Variante Suipacha de la Ruta Nacional 5.","og_url":"https:\/\/noticiasmercedinas.com\/site\/2026\/08\/11\/tolosa-paz-denuncio-a-nacion-por-el-desvio-de-mas-de-1-billon-y-reactiva-reclamo-por-autovia-5\/","og_site_name":"NOTICIASMERCEDINAS.COM","article_publisher":"https:\/\/www.facebook.com\/noticiasmercedinas\/","article_published_time":"2026-08-11T12:38:28+00:00","og_image":[{"width":679,"height":424,"url":"https:\/\/noticiasmercedinas.com\/site\/wp-content\/uploads\/2026\/08\/victoriatolosapaz.jpg","type":"image\/jpeg"}],"author":"NOTICIASMERCEDINAS.COM","twitter_card":"summary_large_image","twitter_creator":"@notmercedinas","twitter_site":"@notmercedinas","twitter_misc":{"Escrito por":"NOTICIASMERCEDINAS.COM","Tiempo de lectura":"3 minutos"},"schema":{"@context":"https:\/\/schema.org","@graph":[{"@type":"Article","@id":"https:\/\/noticiasmercedinas.com\/site\/2026\/08\/11\/tolosa-paz-denuncio-a-nacion-por-el-desvio-de-mas-de-1-billon-y-reactiva-reclamo-por-autovia-5\/#article","isPartOf":{"@id":"https:\/\/noticiasmercedinas.com\/site\/2026\/08\/11\/tolosa-paz-denuncio-a-nacion-por-el-desvio-de-mas-de-1-billon-y-reactiva-reclamo-por-autovia-5\/"},"author":{"name":"NOTICIASMERCEDINAS.COM","@id":"https:\/\/noticiasmercedinas.com\/site\/#\/schema\/person\/84b59c099c28ff2e8b77d4ceec5d8063"},"headline":"Tolosa Paz denunci\u00f3 a Naci\u00f3n por el desv\u00edo de m\u00e1s de $1 bill\u00f3n y reactiva reclamo por Autov\u00eda 5","datePublished":"2026-08-11T12:38:28+00:00","mainEntityOfPage":{"@id":"https:\/\/noticiasmercedinas.com\/site\/2026\/08\/11\/tolosa-paz-denuncio-a-nacion-por-el-desvio-de-mas-de-1-billon-y-reactiva-reclamo-por-autovia-5\/"},"wordCount":448,"publisher":{"@id":"https:\/\/noticiasmercedinas.com\/site\/#organization"},"image":{"@id":"https:\/\/noticiasmercedinas.com\/site\/2026\/08\/11\/tolosa-paz-denuncio-a-nacion-por-el-desvio-de-mas-de-1-billon-y-reactiva-reclamo-por-autovia-5\/#primaryimage"},"thumbnailUrl":"https:\/\/noticiasmercedinas.com\/site\/wp-content\/uploads\/2026\/08\/victoriatolosapaz.jpg","keywords":["denuncia","ruta 5","sistema vial","Victoria Tolosa Paz"],"articleSection":["Politica"],"inLanguage":"es"},{"@type":"WebPage","@id":"https:\/\/noticiasmercedinas.com\/site\/2026\/08\/11\/tolosa-paz-denuncio-a-nacion-por-el-desvio-de-mas-de-1-billon-y-reactiva-reclamo-por-autovia-5\/","url":"https:\/\/noticiasmercedinas.com\/site\/2026\/08\/11\/tolosa-paz-denuncio-a-nacion-por-el-desvio-de-mas-de-1-billon-y-reactiva-reclamo-por-autovia-5\/","name":"Tolosa Paz denunci\u00f3 a Naci\u00f3n por el desv\u00edo de m\u00e1s de $1 bill\u00f3n y reactiva reclamo por Autov\u00eda 5","isPartOf":{"@id":"https:\/\/noticiasmercedinas.com\/site\/#website"},"primaryImageOfPage":{"@id":"https:\/\/noticiasmercedinas.com\/site\/2026\/08\/11\/tolosa-paz-denuncio-a-nacion-por-el-desvio-de-mas-de-1-billon-y-reactiva-reclamo-por-autovia-5\/#primaryimage"},"image":{"@id":"https:\/\/noticiasmercedinas.com\/site\/2026\/08\/11\/tolosa-paz-denuncio-a-nacion-por-el-desvio-de-mas-de-1-billon-y-reactiva-reclamo-por-autovia-5\/#primaryimage"},"thumbnailUrl":"https:\/\/noticiasmercedinas.com\/site\/wp-content\/uploads\/2026\/08\/victoriatolosapaz.jpg","datePublished":"2026-08-11T12:38:28+00:00","description":"La diputada nacional present\u00f3 una demanda ante la Justicia Federal contra funcionarios de Econom\u00eda, Vialidad y el Banco Naci\u00f3n por la presunta subejecuci\u00f3n y financiero del fideicomiso SISVIAL. Entre los proyectos paralizados figura la transformaci\u00f3n en autov\u00eda del tramo Mercedes\u2013Variante Suipacha de la Ruta Nacional 5.","breadcrumb":{"@id":"https:\/\/noticiasmercedinas.com\/site\/2026\/08\/11\/tolosa-paz-denuncio-a-nacion-por-el-desvio-de-mas-de-1-billon-y-reactiva-reclamo-por-autovia-5\/#breadcrumb"},"inLanguage":"es","potentialAction":[{"@type":"ReadAction","target":["https:\/\/noticiasmercedinas.com\/site\/2026\/08\/11\/tolosa-paz-denuncio-a-nacion-por-el-desvio-de-mas-de-1-billon-y-reactiva-reclamo-por-autovia-5\/"]}]},{"@type":"ImageObject","inLanguage":"es","@id":"https:\/\/noticiasmercedinas.com\/site\/2026\/08\/11\/tolosa-paz-denuncio-a-nacion-por-el-desvio-de-mas-de-1-billon-y-reactiva-reclamo-por-autovia-5\/#primaryimage","url":"https:\/\/noticiasmercedinas.com\/site\/wp-content\/uploads\/2026\/08\/victoriatolosapaz.jpg","contentUrl":"https:\/\/noticiasmercedinas.com\/site\/wp-content\/uploads\/2026\/08\/victoriatolosapaz.jpg","width":679,"height":424},{"@type":"BreadcrumbList","@id":"https:\/\/noticiasmercedinas.com\/site\/2026\/08\/11\/tolosa-paz-denuncio-a-nacion-por-el-desvio-de-mas-de-1-billon-y-reactiva-reclamo-por-autovia-5\/#breadcrumb","itemListElement":[{"@type":"ListItem","position":1,"name":"Portada","item":"https:\/\/noticiasmercedinas.com\/site\/"},{"@type":"ListItem","position":2,"name":"Tolosa Paz denunci\u00f3 a Naci\u00f3n por el desv\u00edo de m\u00e1s de $1 bill\u00f3n y reactiva reclamo por Autov\u00eda 5"}]},{"@type":"WebSite","@id":"https:\/\/noticiasmercedinas.com\/site\/#website","url":"https:\/\/noticiasmercedinas.com\/site\/","name":"NOTICIASMERCEDINAS.COM","description":"Mercedes, Buenos Aires, Argentina","publisher":{"@id":"https:\/\/noticiasmercedinas.com\/site\/#organization"},"potentialAction":[{"@type":"SearchAction","target":{"@type":"EntryPoint","urlTemplate":"https:\/\/noticiasmercedinas.com\/site\/?s={search_term_string}"},"query-input":{"@type":"PropertyValueSpecification","valueRequired":true,"valueName":"search_term_string"}}],"inLanguage":"es"},{"@type":"Organization","@id":"https:\/\/noticiasmercedinas.com\/site\/#organization","name":"NOTICIASMERCEDINAS.COM","url":"https:\/\/noticiasmercedinas.com\/site\/","logo":{"@type":"ImageObject","inLanguage":"es","@id":"https:\/\/noticiasmercedinas.com\/site\/#\/schema\/logo\/image\/","url":"https:\/\/noticiasmercedinas.com\/site\/wp-content\/uploads\/2020\/06\/LOGO-512.jpg","contentUrl":"https:\/\/noticiasmercedinas.com\/site\/wp-content\/uploads\/2020\/06\/LOGO-512.jpg","width":512,"height":512,"caption":"NOTICIASMERCEDINAS.COM"},"image":{"@id":"https:\/\/noticiasmercedinas.com\/site\/#\/schema\/logo\/image\/"},"sameAs":["https:\/\/www.facebook.com\/noticiasmercedinas\/","https:\/\/x.com\/notmercedinas","https:\/\/www.instagram.com\/noticiasmercedinas\/"]},{"@type":"Person","@id":"https:\/\/noticiasmercedinas.com\/site\/#\/schema\/person\/84b59c099c28ff2e8b77d4ceec5d8063","name":"NOTICIASMERCEDINAS.COM","image":{"@type":"ImageObject","inLanguage":"es","@id":"https:\/\/secure.gravatar.com\/avatar\/4dfbf16b4d17945bfb6341b2d19043457132fcf478a5ee04f42e959fd8f5df0a?s=96&d=mm&r=g","url":"https:\/\/secure.gravatar.com\/avatar\/4dfbf16b4d17945bfb6341b2d19043457132fcf478a5ee04f42e959fd8f5df0a?s=96&d=mm&r=g","contentUrl":"https:\/\/secure.gravatar.com\/avatar\/4dfbf16b4d17945bfb6341b2d19043457132fcf478a5ee04f42e959fd8f5df0a?s=96&d=mm&r=g","caption":"NOTICIASMERCEDINAS.COM"},"url":"https:\/\/noticiasmercedinas.com\/site\/author\/anonimo\/"}]}},"amp_enabled":true,"_links":{"self":[{"href":"https:\/\/noticiasmercedinas.com\/site\/wp-json\/wp\/v2\/posts\/192562","targetHints":{"allow":["GET"]}}],"collection":[{"href":"https:\/\/noticiasmercedinas.com\/site\/wp-json\/wp\/v2\/posts"}],"about":[{"href":"https:\/\/noticiasmercedinas.com\/site\/wp-json\/wp\/v2\/types\/post"}],"author":[{"embeddable":true,"href":"https:\/\/noticiasmercedinas.com\/site\/wp-json\/wp\/v2\/users\/16"}],"replies":[{"embeddable":true,"href":"https:\/\/noticiasmercedinas.com\/site\/wp-json\/wp\/v2\/comments?post=192562"}],"version-history":[{"count":1,"href":"https:\/\/noticiasmercedinas.com\/site\/wp-json\/wp\/v2\/posts\/192562\/revisions"}],"predecessor-version":[{"id":192564,"href":"https:\/\/noticiasmercedinas.com\/site\/wp-json\/wp\/v2\/posts\/192562\/revisions\/192564"}],"wp:featuredmedia":[{"embeddable":true,"href":"https:\/\/noticiasmercedinas.com\/site\/wp-json\/wp\/v2\/media\/192563"}],"wp:attachment":[{"href":"https:\/\/noticiasmercedinas.com\/site\/wp-json\/wp\/v2\/media?parent=192562"}],"wp:term":[{"taxonomy":"category","embeddable":true,"href":"https:\/\/noticiasmercedinas.com\/site\/wp-json\/wp\/v2\/categories?post=192562"},{"taxonomy":"post_tag","embeddable":true,"href":"https:\/\/noticiasmercedinas.com\/site\/wp-json\/wp\/v2\/tags?post=192562"}],"curies":[{"name":"wp","href":"https:\/\/api.w.org\/{rel}","templated":true}]}}