{"id":192582,"date":"2026-08-11T17:12:37","date_gmt":"2026-08-11T20:12:37","guid":{"rendered":"https:\/\/noticiasmercedinas.com\/site\/?p=192582"},"modified":"2026-08-11T17:14:13","modified_gmt":"2026-08-11T20:14:13","slug":"ustarroz-confirmo-que-no-ira-por-reeleccion-y-confirma-tres-nombres-para-sucederlo","status":"publish","type":"post","link":"https:\/\/noticiasmercedinas.com\/site\/2026\/08\/11\/ustarroz-confirmo-que-no-ira-por-reeleccion-y-confirma-tres-nombres-para-sucederlo\/","title":{"rendered":"Ustarroz confirm\u00f3 que no ir\u00e1 por reelecci\u00f3n y menciona tres posibles sucesores"},"content":{"rendered":"<figure id=\"attachment_143780\" aria-describedby=\"caption-attachment-143780\" style=\"width: 640px\" class=\"wp-caption alignnone\"><img loading=\"lazy\" decoding=\"async\" class=\"wp-image-143780 size-full\" src=\"https:\/\/noticiasmercedinas.com\/site\/wp-content\/uploads\/2024\/09\/USTARROZ.jpg\" alt=\"\" width=\"640\" height=\"427\" srcset=\"https:\/\/noticiasmercedinas.com\/site\/wp-content\/uploads\/2024\/09\/USTARROZ.jpg 640w, https:\/\/noticiasmercedinas.com\/site\/wp-content\/uploads\/2024\/09\/USTARROZ-300x200.jpg 300w\" sizes=\"auto, (max-width: 640px) 100vw, 640px\" \/><figcaption id=\"caption-attachment-143780\" class=\"wp-caption-text\">Ustarroz da un paso al costado de la intendencia, pueda o no ser reelecto<\/figcaption><\/figure>\n<p data-path-to-node=\"2\"><strong>Juan Ignacio Ustarroz<\/strong> confirm\u00f3 esta ma\u00f1ana p\u00fablicamente lo que se vern\u00eda anunciado a boca de jarro: que no ser\u00e1 candidato a intendente una vez m\u00e1s aunque se habiliten las re reelecciones, y afirm\u00f3 que en su lugar el peronismo tiene a <strong>tres \u00abungidos\u00bb: el concejal Santiago Altube; su par la presidenta del recinto Mariana San Mart\u00edn; y el secretario de Obras y Servicios P\u00fablicos de la comuna, Luis Ponce<\/strong><\/p>\n<p data-path-to-node=\"2\">En el marco de un repaso por la gesti\u00f3n municipal y el contexto socioecon\u00f3mico regional, el intendente de Mercedes ratific\u00f3 p\u00fablicamente que no competir\u00e1 por un nuevo per\u00edodo al frente del Departamento Ejecutivo en las elecciones de 2027. La definici\u00f3n tuvo lugar durante un reportaje concedido esta ma\u00f1ana a la periodista <strong>Luc\u00eda Florella<\/strong>, en el programa conducido por la cronista <a href=\"https:\/\/rmeridiano.com.ar\">a trav\u00e9s de Radio Meridiano<\/a>.<\/p>\n<blockquote>\n<p data-path-to-node=\"2\">\u00abEn mi caso personal tom\u00e9 una decisi\u00f3n. Por eso hoy tenemos distintos compa\u00f1eros y compa\u00f1eras proyectando una posible candidatura\u00bb<\/p>\n<\/blockquote>\n<p data-path-to-node=\"3\">Pese a anticipar que, seg\u00fan su lectura pol\u00edtica, la Legislatura bonaerense podr\u00eda llegar a reformar la normativa vigente que impide a los intendentes acceder a sucesivas reelecciones, el jefe comunal fue contundente respecto de su futuro pol\u00edtico: \u00abEn mi caso personal tom\u00e9 una decisi\u00f3n. Por eso hoy tenemos distintos compa\u00f1eros y compa\u00f1eras proyectando una posible candidatura\u00bb, se\u00f1al\u00f3.<\/p>\n<p data-path-to-node=\"4\">Consultado sobre qui\u00e9nes integran ese abanico dentro del espacio oficialista local, Ustarroz formaliz\u00f3 la n\u00f3mina de dirigentes que asoman como sus eventuales continuadores en la gesti\u00f3n. \u00abTen\u00e9s a Santiago Altube, ten\u00e9s a Mariana San Mart\u00edn, a Luis Ponce; son compa\u00f1eros y compa\u00f1eras que vienen realizando hace mucho tiempo distintas funciones, que a mi modo de ver lo hacen muy bien, que lo hacen con mucho compromiso\u00bb, precis\u00f3 el mandatario municipal, quien aclar\u00f3 que \u00abtodav\u00eda no est\u00e1 definida la ingenier\u00eda electoral para 2027\u00bb y que la prioridad de su Gabinete est\u00e1 puesta en resolver las demandas del presente.<\/p>\n<p data-path-to-node=\"5\"><b data-path-to-node=\"5\" data-index-in-node=\"0\">Situaci\u00f3n econ\u00f3mica, par\u00e1lisis nacional y v\u00ednculo con la Provincia<\/b><\/p>\n<p data-path-to-node=\"6\">A lo largo de la entrevista, el jefe comunal analiz\u00f3 la coyuntura econ\u00f3mica y el impacto de las medidas dictadas por el Gobierno Nacional en la administraci\u00f3n local. Ustarroz advirti\u00f3 sobre la existencia de \u00abuna recesi\u00f3n muy pronunciada que genera menos ingresos y mayor demanda de trabajo\u00bb, sumada a un incremento en las solicitudes de asistencia que llegan diariamente a la comuna.<\/p>\n<blockquote>\n<p data-path-to-node=\"6\">\u00abHoy en Mercedes todas las obras que estamos haciendo las estamos haciendo con Provincia, ninguna con Naci\u00f3n. Y no porque nosotros no queramos\u00bb<\/p>\n<\/blockquote>\n<p data-path-to-node=\"7\">En ese sentido, contrapuso la paralizaci\u00f3n de transferencias nacionales con la articulaci\u00f3n mantenida con la gobernaci\u00f3n bonaerense: \u00abHoy en Mercedes todas las obras que estamos haciendo las estamos haciendo con Provincia, ninguna con Naci\u00f3n. No porque nosotros no queramos, sino porque hay un presidente que no le da recursos a la Provincia de Buenos Aires\u00bb, asever\u00f3.<\/p>\n<p data-path-to-node=\"8\">A modo de ejemplo sobre la continuidad de los trabajos en el distrito, el intendente destac\u00f3 el avance de la infraestructura hidr\u00e1ulica financiada mediante organismos internacionales a los que accede el Comit\u00e9 de Cuenca del R\u00edo Luj\u00e1n (COMILU), citando obras de agua, cloacas, asfalto y la construcci\u00f3n de la estaci\u00f3n de bombeo de las calles 15 y 58.<\/p>\n<p data-path-to-node=\"9\">Finalmente, el jefe de Gobierno local ponder\u00f3 el espacio de trabajo compartido durante el \u00faltimo fin de semana con intendentes de la regi\u00f3n \u2014entre los que figuraron Leonardo Boto (Luj\u00e1n), Mauro Garc\u00eda (General Rodr\u00edguez), Javier Osuna (Las Heras) y Alfredo Mancini (Suipacha)\u2014 para articular compras consolidadas de insumos, coordinar agendas tur\u00edsticas y abordar problem\u00e1ticas de seguridad rural y prevenci\u00f3n del delito.<\/p>\n","protected":false},"excerpt":{"rendered":"<p>\u25a0 La legislaci\u00f3n provincial podr\u00eda modificar la limitaci\u00f3n de mandatos para los jefes comunales, pero el intendente de Mercedes asegur\u00f3 que no volver\u00e1 a postularse. En una entrevista radial, mocion\u00f3 por Mariana San Mart\u00edn, Santiago Altube y Luis Ponce dentro del peronismo.<\/p>\n","protected":false},"author":16,"featured_media":143780,"comment_status":"closed","ping_status":"closed","sticky":false,"template":"","format":"standard","meta":{"footnotes":""},"categories":[16,20734],"tags":[661,266,10036,3313,156,343,1267],"class_list":["post-192582","post","type-post","status-publish","format-standard","has-post-thumbnail","hentry","category-politica","category-ultimo-momento","tag-intendencia","tag-juan-ignacio-ustarroz","tag-lucia-florella","tag-luis-ponce","tag-mariana-san-martin","tag-radio-meridiano","tag-santiago-altube"],"yoast_head":"<!-- This site is optimized with the Yoast SEO plugin v28.3 - https:\/\/yoast.com\/product\/yoast-seo-wordpress\/ -->\n<title>Ustarroz confirm\u00f3 que no ir\u00e1 por reelecci\u00f3n y menciona tres posibles sucesores<\/title>\n<meta name=\"description\" content=\"La legislaci\u00f3n provincial podr\u00eda modificar la limitaci\u00f3n de mandatos para los jefes comunales, pero el intendente de Mercedes asegur\u00f3 que no volver\u00e1 a postularse. En una entrevista radial, mocion\u00f3 por Mariana San Mart\u00edn, Santiago Altube y Luis Ponce dentro del peronismo.\" \/>\n<meta name=\"robots\" content=\"index, follow, max-snippet:-1, max-image-preview:large, max-video-preview:-1\" \/>\n<link rel=\"canonical\" href=\"https:\/\/noticiasmercedinas.com\/site\/2026\/08\/11\/ustarroz-confirmo-que-no-ira-por-reeleccion-y-confirma-tres-nombres-para-sucederlo\/\" \/>\n<meta property=\"og:locale\" content=\"es_ES\" \/>\n<meta property=\"og:type\" content=\"article\" \/>\n<meta property=\"og:title\" content=\"Ustarroz confirm\u00f3 que no ir\u00e1 por reelecci\u00f3n y menciona tres posibles sucesores\" \/>\n<meta property=\"og:description\" content=\"La legislaci\u00f3n provincial podr\u00eda modificar la limitaci\u00f3n de mandatos para los jefes comunales, pero el intendente de Mercedes asegur\u00f3 que no volver\u00e1 a postularse. En una entrevista radial, mocion\u00f3 por Mariana San Mart\u00edn, Santiago Altube y Luis Ponce dentro del peronismo.\" \/>\n<meta property=\"og:url\" content=\"https:\/\/noticiasmercedinas.com\/site\/2026\/08\/11\/ustarroz-confirmo-que-no-ira-por-reeleccion-y-confirma-tres-nombres-para-sucederlo\/\" \/>\n<meta property=\"og:site_name\" content=\"NOTICIASMERCEDINAS.COM\" \/>\n<meta property=\"article:publisher\" content=\"https:\/\/www.facebook.com\/noticiasmercedinas\/\" \/>\n<meta property=\"article:published_time\" content=\"2026-08-11T20:12:37+00:00\" \/>\n<meta property=\"article:modified_time\" content=\"2026-08-11T20:14:13+00:00\" \/>\n<meta property=\"og:image\" content=\"https:\/\/noticiasmercedinas.com\/site\/wp-content\/uploads\/2024\/09\/USTARROZ.jpg\" \/>\n\t<meta property=\"og:image:width\" content=\"640\" \/>\n\t<meta property=\"og:image:height\" content=\"427\" \/>\n\t<meta property=\"og:image:type\" content=\"image\/jpeg\" \/>\n<meta name=\"author\" content=\"NOTICIASMERCEDINAS.COM\" \/>\n<meta name=\"twitter:card\" content=\"summary_large_image\" \/>\n<meta name=\"twitter:creator\" content=\"@notmercedinas\" \/>\n<meta name=\"twitter:site\" content=\"@notmercedinas\" \/>\n<meta name=\"twitter:label1\" content=\"Escrito por\" \/>\n\t<meta name=\"twitter:data1\" content=\"NOTICIASMERCEDINAS.COM\" \/>\n\t<meta name=\"twitter:label2\" content=\"Tiempo de lectura\" \/>\n\t<meta name=\"twitter:data2\" content=\"3 minutos\" \/>\n<script type=\"application\/ld+json\" class=\"yoast-schema-graph\">{\"@context\":\"https:\\\/\\\/schema.org\",\"@graph\":[{\"@type\":\"Article\",\"@id\":\"https:\\\/\\\/noticiasmercedinas.com\\\/site\\\/2026\\\/08\\\/11\\\/ustarroz-confirmo-que-no-ira-por-reeleccion-y-confirma-tres-nombres-para-sucederlo\\\/#article\",\"isPartOf\":{\"@id\":\"https:\\\/\\\/noticiasmercedinas.com\\\/site\\\/2026\\\/08\\\/11\\\/ustarroz-confirmo-que-no-ira-por-reeleccion-y-confirma-tres-nombres-para-sucederlo\\\/\"},\"author\":{\"name\":\"NOTICIASMERCEDINAS.COM\",\"@id\":\"https:\\\/\\\/noticiasmercedinas.com\\\/site\\\/#\\\/schema\\\/person\\\/84b59c099c28ff2e8b77d4ceec5d8063\"},\"headline\":\"Ustarroz confirm\u00f3 que no ir\u00e1 por reelecci\u00f3n y menciona tres posibles sucesores\",\"datePublished\":\"2026-08-11T20:12:37+00:00\",\"dateModified\":\"2026-08-11T20:14:13+00:00\",\"mainEntityOfPage\":{\"@id\":\"https:\\\/\\\/noticiasmercedinas.com\\\/site\\\/2026\\\/08\\\/11\\\/ustarroz-confirmo-que-no-ira-por-reeleccion-y-confirma-tres-nombres-para-sucederlo\\\/\"},\"wordCount\":665,\"publisher\":{\"@id\":\"https:\\\/\\\/noticiasmercedinas.com\\\/site\\\/#organization\"},\"image\":{\"@id\":\"https:\\\/\\\/noticiasmercedinas.com\\\/site\\\/2026\\\/08\\\/11\\\/ustarroz-confirmo-que-no-ira-por-reeleccion-y-confirma-tres-nombres-para-sucederlo\\\/#primaryimage\"},\"thumbnailUrl\":\"https:\\\/\\\/noticiasmercedinas.com\\\/site\\\/wp-content\\\/uploads\\\/2024\\\/09\\\/USTARROZ.jpg\",\"keywords\":[\"intendencia\",\"juan ignacio ustarroz\",\"Luci\u0301a Florella\",\"luis ponce\",\"mariana san martin\",\"radio meridiano\",\"Santiago Altube\"],\"articleSection\":[\"Politica\",\"Ultimo momento\"],\"inLanguage\":\"es\"},{\"@type\":\"WebPage\",\"@id\":\"https:\\\/\\\/noticiasmercedinas.com\\\/site\\\/2026\\\/08\\\/11\\\/ustarroz-confirmo-que-no-ira-por-reeleccion-y-confirma-tres-nombres-para-sucederlo\\\/\",\"url\":\"https:\\\/\\\/noticiasmercedinas.com\\\/site\\\/2026\\\/08\\\/11\\\/ustarroz-confirmo-que-no-ira-por-reeleccion-y-confirma-tres-nombres-para-sucederlo\\\/\",\"name\":\"Ustarroz confirm\u00f3 que no ir\u00e1 por reelecci\u00f3n y menciona tres posibles sucesores\",\"isPartOf\":{\"@id\":\"https:\\\/\\\/noticiasmercedinas.com\\\/site\\\/#website\"},\"primaryImageOfPage\":{\"@id\":\"https:\\\/\\\/noticiasmercedinas.com\\\/site\\\/2026\\\/08\\\/11\\\/ustarroz-confirmo-que-no-ira-por-reeleccion-y-confirma-tres-nombres-para-sucederlo\\\/#primaryimage\"},\"image\":{\"@id\":\"https:\\\/\\\/noticiasmercedinas.com\\\/site\\\/2026\\\/08\\\/11\\\/ustarroz-confirmo-que-no-ira-por-reeleccion-y-confirma-tres-nombres-para-sucederlo\\\/#primaryimage\"},\"thumbnailUrl\":\"https:\\\/\\\/noticiasmercedinas.com\\\/site\\\/wp-content\\\/uploads\\\/2024\\\/09\\\/USTARROZ.jpg\",\"datePublished\":\"2026-08-11T20:12:37+00:00\",\"dateModified\":\"2026-08-11T20:14:13+00:00\",\"description\":\"La legislaci\u00f3n provincial podr\u00eda modificar la limitaci\u00f3n de mandatos para los jefes comunales, pero el intendente de Mercedes asegur\u00f3 que no volver\u00e1 a postularse. En una entrevista radial, mocion\u00f3 por Mariana San Mart\u00edn, Santiago Altube y Luis Ponce dentro del peronismo.\",\"breadcrumb\":{\"@id\":\"https:\\\/\\\/noticiasmercedinas.com\\\/site\\\/2026\\\/08\\\/11\\\/ustarroz-confirmo-que-no-ira-por-reeleccion-y-confirma-tres-nombres-para-sucederlo\\\/#breadcrumb\"},\"inLanguage\":\"es\",\"potentialAction\":[{\"@type\":\"ReadAction\",\"target\":[\"https:\\\/\\\/noticiasmercedinas.com\\\/site\\\/2026\\\/08\\\/11\\\/ustarroz-confirmo-que-no-ira-por-reeleccion-y-confirma-tres-nombres-para-sucederlo\\\/\"]}]},{\"@type\":\"ImageObject\",\"inLanguage\":\"es\",\"@id\":\"https:\\\/\\\/noticiasmercedinas.com\\\/site\\\/2026\\\/08\\\/11\\\/ustarroz-confirmo-que-no-ira-por-reeleccion-y-confirma-tres-nombres-para-sucederlo\\\/#primaryimage\",\"url\":\"https:\\\/\\\/noticiasmercedinas.com\\\/site\\\/wp-content\\\/uploads\\\/2024\\\/09\\\/USTARROZ.jpg\",\"contentUrl\":\"https:\\\/\\\/noticiasmercedinas.com\\\/site\\\/wp-content\\\/uploads\\\/2024\\\/09\\\/USTARROZ.jpg\",\"width\":640,\"height\":427},{\"@type\":\"BreadcrumbList\",\"@id\":\"https:\\\/\\\/noticiasmercedinas.com\\\/site\\\/2026\\\/08\\\/11\\\/ustarroz-confirmo-que-no-ira-por-reeleccion-y-confirma-tres-nombres-para-sucederlo\\\/#breadcrumb\",\"itemListElement\":[{\"@type\":\"ListItem\",\"position\":1,\"name\":\"Portada\",\"item\":\"https:\\\/\\\/noticiasmercedinas.com\\\/site\\\/\"},{\"@type\":\"ListItem\",\"position\":2,\"name\":\"Ustarroz confirm\u00f3 que no ir\u00e1 por reelecci\u00f3n y menciona tres posibles sucesores\"}]},{\"@type\":\"WebSite\",\"@id\":\"https:\\\/\\\/noticiasmercedinas.com\\\/site\\\/#website\",\"url\":\"https:\\\/\\\/noticiasmercedinas.com\\\/site\\\/\",\"name\":\"NOTICIASMERCEDINAS.COM\",\"description\":\"Mercedes, Buenos Aires, Argentina\",\"publisher\":{\"@id\":\"https:\\\/\\\/noticiasmercedinas.com\\\/site\\\/#organization\"},\"potentialAction\":[{\"@type\":\"SearchAction\",\"target\":{\"@type\":\"EntryPoint\",\"urlTemplate\":\"https:\\\/\\\/noticiasmercedinas.com\\\/site\\\/?s={search_term_string}\"},\"query-input\":{\"@type\":\"PropertyValueSpecification\",\"valueRequired\":true,\"valueName\":\"search_term_string\"}}],\"inLanguage\":\"es\"},{\"@type\":\"Organization\",\"@id\":\"https:\\\/\\\/noticiasmercedinas.com\\\/site\\\/#organization\",\"name\":\"NOTICIASMERCEDINAS.COM\",\"url\":\"https:\\\/\\\/noticiasmercedinas.com\\\/site\\\/\",\"logo\":{\"@type\":\"ImageObject\",\"inLanguage\":\"es\",\"@id\":\"https:\\\/\\\/noticiasmercedinas.com\\\/site\\\/#\\\/schema\\\/logo\\\/image\\\/\",\"url\":\"https:\\\/\\\/noticiasmercedinas.com\\\/site\\\/wp-content\\\/uploads\\\/2020\\\/06\\\/LOGO-512.jpg\",\"contentUrl\":\"https:\\\/\\\/noticiasmercedinas.com\\\/site\\\/wp-content\\\/uploads\\\/2020\\\/06\\\/LOGO-512.jpg\",\"width\":512,\"height\":512,\"caption\":\"NOTICIASMERCEDINAS.COM\"},\"image\":{\"@id\":\"https:\\\/\\\/noticiasmercedinas.com\\\/site\\\/#\\\/schema\\\/logo\\\/image\\\/\"},\"sameAs\":[\"https:\\\/\\\/www.facebook.com\\\/noticiasmercedinas\\\/\",\"https:\\\/\\\/x.com\\\/notmercedinas\",\"https:\\\/\\\/www.instagram.com\\\/noticiasmercedinas\\\/\"]},{\"@type\":\"Person\",\"@id\":\"https:\\\/\\\/noticiasmercedinas.com\\\/site\\\/#\\\/schema\\\/person\\\/84b59c099c28ff2e8b77d4ceec5d8063\",\"name\":\"NOTICIASMERCEDINAS.COM\",\"image\":{\"@type\":\"ImageObject\",\"inLanguage\":\"es\",\"@id\":\"https:\\\/\\\/secure.gravatar.com\\\/avatar\\\/4dfbf16b4d17945bfb6341b2d19043457132fcf478a5ee04f42e959fd8f5df0a?s=96&d=mm&r=g\",\"url\":\"https:\\\/\\\/secure.gravatar.com\\\/avatar\\\/4dfbf16b4d17945bfb6341b2d19043457132fcf478a5ee04f42e959fd8f5df0a?s=96&d=mm&r=g\",\"contentUrl\":\"https:\\\/\\\/secure.gravatar.com\\\/avatar\\\/4dfbf16b4d17945bfb6341b2d19043457132fcf478a5ee04f42e959fd8f5df0a?s=96&d=mm&r=g\",\"caption\":\"NOTICIASMERCEDINAS.COM\"},\"url\":\"https:\\\/\\\/noticiasmercedinas.com\\\/site\\\/author\\\/anonimo\\\/\"}]}<\/script>\n<!-- \/ Yoast SEO plugin. -->","yoast_head_json":{"title":"Ustarroz confirm\u00f3 que no ir\u00e1 por reelecci\u00f3n y menciona tres posibles sucesores","description":"La legislaci\u00f3n provincial podr\u00eda modificar la limitaci\u00f3n de mandatos para los jefes comunales, pero el intendente de Mercedes asegur\u00f3 que no volver\u00e1 a postularse. En una entrevista radial, mocion\u00f3 por Mariana San Mart\u00edn, Santiago Altube y Luis Ponce dentro del peronismo.","robots":{"index":"index","follow":"follow","max-snippet":"max-snippet:-1","max-image-preview":"max-image-preview:large","max-video-preview":"max-video-preview:-1"},"canonical":"https:\/\/noticiasmercedinas.com\/site\/2026\/08\/11\/ustarroz-confirmo-que-no-ira-por-reeleccion-y-confirma-tres-nombres-para-sucederlo\/","og_locale":"es_ES","og_type":"article","og_title":"Ustarroz confirm\u00f3 que no ir\u00e1 por reelecci\u00f3n y menciona tres posibles sucesores","og_description":"La legislaci\u00f3n provincial podr\u00eda modificar la limitaci\u00f3n de mandatos para los jefes comunales, pero el intendente de Mercedes asegur\u00f3 que no volver\u00e1 a postularse. En una entrevista radial, mocion\u00f3 por Mariana San Mart\u00edn, Santiago Altube y Luis Ponce dentro del peronismo.","og_url":"https:\/\/noticiasmercedinas.com\/site\/2026\/08\/11\/ustarroz-confirmo-que-no-ira-por-reeleccion-y-confirma-tres-nombres-para-sucederlo\/","og_site_name":"NOTICIASMERCEDINAS.COM","article_publisher":"https:\/\/www.facebook.com\/noticiasmercedinas\/","article_published_time":"2026-08-11T20:12:37+00:00","article_modified_time":"2026-08-11T20:14:13+00:00","og_image":[{"width":640,"height":427,"url":"https:\/\/noticiasmercedinas.com\/site\/wp-content\/uploads\/2024\/09\/USTARROZ.jpg","type":"image\/jpeg"}],"author":"NOTICIASMERCEDINAS.COM","twitter_card":"summary_large_image","twitter_creator":"@notmercedinas","twitter_site":"@notmercedinas","twitter_misc":{"Escrito por":"NOTICIASMERCEDINAS.COM","Tiempo de lectura":"3 minutos"},"schema":{"@context":"https:\/\/schema.org","@graph":[{"@type":"Article","@id":"https:\/\/noticiasmercedinas.com\/site\/2026\/08\/11\/ustarroz-confirmo-que-no-ira-por-reeleccion-y-confirma-tres-nombres-para-sucederlo\/#article","isPartOf":{"@id":"https:\/\/noticiasmercedinas.com\/site\/2026\/08\/11\/ustarroz-confirmo-que-no-ira-por-reeleccion-y-confirma-tres-nombres-para-sucederlo\/"},"author":{"name":"NOTICIASMERCEDINAS.COM","@id":"https:\/\/noticiasmercedinas.com\/site\/#\/schema\/person\/84b59c099c28ff2e8b77d4ceec5d8063"},"headline":"Ustarroz confirm\u00f3 que no ir\u00e1 por reelecci\u00f3n y menciona tres posibles sucesores","datePublished":"2026-08-11T20:12:37+00:00","dateModified":"2026-08-11T20:14:13+00:00","mainEntityOfPage":{"@id":"https:\/\/noticiasmercedinas.com\/site\/2026\/08\/11\/ustarroz-confirmo-que-no-ira-por-reeleccion-y-confirma-tres-nombres-para-sucederlo\/"},"wordCount":665,"publisher":{"@id":"https:\/\/noticiasmercedinas.com\/site\/#organization"},"image":{"@id":"https:\/\/noticiasmercedinas.com\/site\/2026\/08\/11\/ustarroz-confirmo-que-no-ira-por-reeleccion-y-confirma-tres-nombres-para-sucederlo\/#primaryimage"},"thumbnailUrl":"https:\/\/noticiasmercedinas.com\/site\/wp-content\/uploads\/2024\/09\/USTARROZ.jpg","keywords":["intendencia","juan ignacio ustarroz","Luci\u0301a Florella","luis ponce","mariana san martin","radio meridiano","Santiago Altube"],"articleSection":["Politica","Ultimo momento"],"inLanguage":"es"},{"@type":"WebPage","@id":"https:\/\/noticiasmercedinas.com\/site\/2026\/08\/11\/ustarroz-confirmo-que-no-ira-por-reeleccion-y-confirma-tres-nombres-para-sucederlo\/","url":"https:\/\/noticiasmercedinas.com\/site\/2026\/08\/11\/ustarroz-confirmo-que-no-ira-por-reeleccion-y-confirma-tres-nombres-para-sucederlo\/","name":"Ustarroz confirm\u00f3 que no ir\u00e1 por reelecci\u00f3n y menciona tres posibles sucesores","isPartOf":{"@id":"https:\/\/noticiasmercedinas.com\/site\/#website"},"primaryImageOfPage":{"@id":"https:\/\/noticiasmercedinas.com\/site\/2026\/08\/11\/ustarroz-confirmo-que-no-ira-por-reeleccion-y-confirma-tres-nombres-para-sucederlo\/#primaryimage"},"image":{"@id":"https:\/\/noticiasmercedinas.com\/site\/2026\/08\/11\/ustarroz-confirmo-que-no-ira-por-reeleccion-y-confirma-tres-nombres-para-sucederlo\/#primaryimage"},"thumbnailUrl":"https:\/\/noticiasmercedinas.com\/site\/wp-content\/uploads\/2024\/09\/USTARROZ.jpg","datePublished":"2026-08-11T20:12:37+00:00","dateModified":"2026-08-11T20:14:13+00:00","description":"La legislaci\u00f3n provincial podr\u00eda modificar la limitaci\u00f3n de mandatos para los jefes comunales, pero el intendente de Mercedes asegur\u00f3 que no volver\u00e1 a postularse. En una entrevista radial, mocion\u00f3 por Mariana San Mart\u00edn, Santiago Altube y Luis Ponce dentro del peronismo.","breadcrumb":{"@id":"https:\/\/noticiasmercedinas.com\/site\/2026\/08\/11\/ustarroz-confirmo-que-no-ira-por-reeleccion-y-confirma-tres-nombres-para-sucederlo\/#breadcrumb"},"inLanguage":"es","potentialAction":[{"@type":"ReadAction","target":["https:\/\/noticiasmercedinas.com\/site\/2026\/08\/11\/ustarroz-confirmo-que-no-ira-por-reeleccion-y-confirma-tres-nombres-para-sucederlo\/"]}]},{"@type":"ImageObject","inLanguage":"es","@id":"https:\/\/noticiasmercedinas.com\/site\/2026\/08\/11\/ustarroz-confirmo-que-no-ira-por-reeleccion-y-confirma-tres-nombres-para-sucederlo\/#primaryimage","url":"https:\/\/noticiasmercedinas.com\/site\/wp-content\/uploads\/2024\/09\/USTARROZ.jpg","contentUrl":"https:\/\/noticiasmercedinas.com\/site\/wp-content\/uploads\/2024\/09\/USTARROZ.jpg","width":640,"height":427},{"@type":"BreadcrumbList","@id":"https:\/\/noticiasmercedinas.com\/site\/2026\/08\/11\/ustarroz-confirmo-que-no-ira-por-reeleccion-y-confirma-tres-nombres-para-sucederlo\/#breadcrumb","itemListElement":[{"@type":"ListItem","position":1,"name":"Portada","item":"https:\/\/noticiasmercedinas.com\/site\/"},{"@type":"ListItem","position":2,"name":"Ustarroz confirm\u00f3 que no ir\u00e1 por reelecci\u00f3n y menciona tres posibles sucesores"}]},{"@type":"WebSite","@id":"https:\/\/noticiasmercedinas.com\/site\/#website","url":"https:\/\/noticiasmercedinas.com\/site\/","name":"NOTICIASMERCEDINAS.COM","description":"Mercedes, Buenos Aires, Argentina","publisher":{"@id":"https:\/\/noticiasmercedinas.com\/site\/#organization"},"potentialAction":[{"@type":"SearchAction","target":{"@type":"EntryPoint","urlTemplate":"https:\/\/noticiasmercedinas.com\/site\/?s={search_term_string}"},"query-input":{"@type":"PropertyValueSpecification","valueRequired":true,"valueName":"search_term_string"}}],"inLanguage":"es"},{"@type":"Organization","@id":"https:\/\/noticiasmercedinas.com\/site\/#organization","name":"NOTICIASMERCEDINAS.COM","url":"https:\/\/noticiasmercedinas.com\/site\/","logo":{"@type":"ImageObject","inLanguage":"es","@id":"https:\/\/noticiasmercedinas.com\/site\/#\/schema\/logo\/image\/","url":"https:\/\/noticiasmercedinas.com\/site\/wp-content\/uploads\/2020\/06\/LOGO-512.jpg","contentUrl":"https:\/\/noticiasmercedinas.com\/site\/wp-content\/uploads\/2020\/06\/LOGO-512.jpg","width":512,"height":512,"caption":"NOTICIASMERCEDINAS.COM"},"image":{"@id":"https:\/\/noticiasmercedinas.com\/site\/#\/schema\/logo\/image\/"},"sameAs":["https:\/\/www.facebook.com\/noticiasmercedinas\/","https:\/\/x.com\/notmercedinas","https:\/\/www.instagram.com\/noticiasmercedinas\/"]},{"@type":"Person","@id":"https:\/\/noticiasmercedinas.com\/site\/#\/schema\/person\/84b59c099c28ff2e8b77d4ceec5d8063","name":"NOTICIASMERCEDINAS.COM","image":{"@type":"ImageObject","inLanguage":"es","@id":"https:\/\/secure.gravatar.com\/avatar\/4dfbf16b4d17945bfb6341b2d19043457132fcf478a5ee04f42e959fd8f5df0a?s=96&d=mm&r=g","url":"https:\/\/secure.gravatar.com\/avatar\/4dfbf16b4d17945bfb6341b2d19043457132fcf478a5ee04f42e959fd8f5df0a?s=96&d=mm&r=g","contentUrl":"https:\/\/secure.gravatar.com\/avatar\/4dfbf16b4d17945bfb6341b2d19043457132fcf478a5ee04f42e959fd8f5df0a?s=96&d=mm&r=g","caption":"NOTICIASMERCEDINAS.COM"},"url":"https:\/\/noticiasmercedinas.com\/site\/author\/anonimo\/"}]}},"amp_enabled":true,"_links":{"self":[{"href":"https:\/\/noticiasmercedinas.com\/site\/wp-json\/wp\/v2\/posts\/192582","targetHints":{"allow":["GET"]}}],"collection":[{"href":"https:\/\/noticiasmercedinas.com\/site\/wp-json\/wp\/v2\/posts"}],"about":[{"href":"https:\/\/noticiasmercedinas.com\/site\/wp-json\/wp\/v2\/types\/post"}],"author":[{"embeddable":true,"href":"https:\/\/noticiasmercedinas.com\/site\/wp-json\/wp\/v2\/users\/16"}],"replies":[{"embeddable":true,"href":"https:\/\/noticiasmercedinas.com\/site\/wp-json\/wp\/v2\/comments?post=192582"}],"version-history":[{"count":3,"href":"https:\/\/noticiasmercedinas.com\/site\/wp-json\/wp\/v2\/posts\/192582\/revisions"}],"predecessor-version":[{"id":192585,"href":"https:\/\/noticiasmercedinas.com\/site\/wp-json\/wp\/v2\/posts\/192582\/revisions\/192585"}],"wp:featuredmedia":[{"embeddable":true,"href":"https:\/\/noticiasmercedinas.com\/site\/wp-json\/wp\/v2\/media\/143780"}],"wp:attachment":[{"href":"https:\/\/noticiasmercedinas.com\/site\/wp-json\/wp\/v2\/media?parent=192582"}],"wp:term":[{"taxonomy":"category","embeddable":true,"href":"https:\/\/noticiasmercedinas.com\/site\/wp-json\/wp\/v2\/categories?post=192582"},{"taxonomy":"post_tag","embeddable":true,"href":"https:\/\/noticiasmercedinas.com\/site\/wp-json\/wp\/v2\/tags?post=192582"}],"curies":[{"name":"wp","href":"https:\/\/api.w.org\/{rel}","templated":true}]}}