{"id":192607,"date":"2026-08-12T07:40:47","date_gmt":"2026-08-12T10:40:47","guid":{"rendered":"https:\/\/noticiasmercedinas.com\/site\/?p=192607"},"modified":"2026-08-12T07:41:38","modified_gmt":"2026-08-12T10:41:38","slug":"sede-chivilcoy-de-la-unlu-fue-escenario-de-encuentro-sobre-trabajo-social-y-escenarios-contemporaneos","status":"publish","type":"post","link":"https:\/\/noticiasmercedinas.com\/site\/2026\/08\/12\/sede-chivilcoy-de-la-unlu-fue-escenario-de-encuentro-sobre-trabajo-social-y-escenarios-contemporaneos\/","title":{"rendered":"En la Sede Chivilcoy de la UNLu hubo encuentro sobre Trabajo Social y escenarios contempor\u00e1neos"},"content":{"rendered":"<p data-path-to-node=\"1\"><img loading=\"lazy\" decoding=\"async\" class=\"alignnone size-full wp-image-192608\" src=\"https:\/\/noticiasmercedinas.com\/site\/wp-content\/uploads\/2026\/08\/colegiotsmercedes_1786530803251.webp\" alt=\"\" width=\"1080\" height=\"810\" srcset=\"https:\/\/noticiasmercedinas.com\/site\/wp-content\/uploads\/2026\/08\/colegiotsmercedes_1786530803251.webp 1080w, https:\/\/noticiasmercedinas.com\/site\/wp-content\/uploads\/2026\/08\/colegiotsmercedes_1786530803251-300x225.webp 300w, https:\/\/noticiasmercedinas.com\/site\/wp-content\/uploads\/2026\/08\/colegiotsmercedes_1786530803251-1024x768.webp 1024w, https:\/\/noticiasmercedinas.com\/site\/wp-content\/uploads\/2026\/08\/colegiotsmercedes_1786530803251-768x576.webp 768w, https:\/\/noticiasmercedinas.com\/site\/wp-content\/uploads\/2026\/08\/colegiotsmercedes_1786530803251-80x60.webp 80w, https:\/\/noticiasmercedinas.com\/site\/wp-content\/uploads\/2026\/08\/colegiotsmercedes_1786530803251-160x120.webp 160w, https:\/\/noticiasmercedinas.com\/site\/wp-content\/uploads\/2026\/08\/colegiotsmercedes_1786530803251-100x75.webp 100w, https:\/\/noticiasmercedinas.com\/site\/wp-content\/uploads\/2026\/08\/colegiotsmercedes_1786530803251-200x150.webp 200w, https:\/\/noticiasmercedinas.com\/site\/wp-content\/uploads\/2026\/08\/colegiotsmercedes_1786530803251-180x135.webp 180w, https:\/\/noticiasmercedinas.com\/site\/wp-content\/uploads\/2026\/08\/colegiotsmercedes_1786530803251-360x270.webp 360w, https:\/\/noticiasmercedinas.com\/site\/wp-content\/uploads\/2026\/08\/colegiotsmercedes_1786530803251-238x178.webp 238w, https:\/\/noticiasmercedinas.com\/site\/wp-content\/uploads\/2026\/08\/colegiotsmercedes_1786530803251-476x356.webp 476w, https:\/\/noticiasmercedinas.com\/site\/wp-content\/uploads\/2026\/08\/colegiotsmercedes_1786530803251-640x480.webp 640w, https:\/\/noticiasmercedinas.com\/site\/wp-content\/uploads\/2026\/08\/colegiotsmercedes_1786530803251-681x511.webp 681w\" sizes=\"auto, (max-width: 1080px) 100vw, 1080px\" \/><\/p>\n<p data-path-to-node=\"2\">La Centro Regional Chivilcoy de la Universidad Nacional de Luj\u00e1n (UNLu) fue sede de la jornada de intercambio y reflexi\u00f3n \u00abTrabajo Social y escenarios contempor\u00e1neos: debates para una pr\u00e1ctica cr\u00edtica\u00bb.<\/p>\n<p data-path-to-node=\"2\">El encuentro, organizado por el Colegio de Trabajadores y Asistentes Sociales delegaci\u00f3n Mercedes, reuni\u00f3 a autoridades de la casa de altos estudios, directivos de la carrera, docentes, graduados y estudiantes con el prop\u00f3sito de debatir sobre los desaf\u00edos actuales de la disciplina a partir de la presentaci\u00f3n de diversas producciones acad\u00e9micas.<\/p>\n<p data-path-to-node=\"3\">Durante la actividad se expusieron obras publicadas por la editorial universitaria EdUNLu. El docente e investigador Gustavo Parra abord\u00f3 los or\u00edgenes del Movimiento de Reconceptualizaci\u00f3n en Am\u00e9rica Latina, mientras que Maximiliano Moleres present\u00f3 el trabajo sobre intervenci\u00f3n profesional en representaci\u00f3n de Walter Giribuela.<\/p>\n<p data-path-to-node=\"3\">Por su parte, Laura Massa expuso sobre las racionalidades en disputa desde la raz\u00f3n cr\u00edtico-dial\u00e9ctica, y Mariana Arrizabalaga disert\u00f3 \u2014en representaci\u00f3n de Vanesa Villeta\u2014 acerca de la trayectoria hist\u00f3rico-pol\u00edtica de los discursos sobre infancias e instituciones entre 1919 y 2019.<\/p>\n<p data-path-to-node=\"4\">La jornada fue valorada por sus organizadores como un espacio clave para fortalecer colectivamente la mirada cr\u00edtica de la profesi\u00f3n e interpelar las pr\u00e1cticas profesionales ante la realidad social actual.<\/p>\n","protected":false},"excerpt":{"rendered":"<p>\u25a0 Acad\u00e9micos, docentes y estudiantes se reunieron para debatir sobre la pr\u00e1ctica cr\u00edtica de la profesi\u00f3n a partir de investigaciones publicadas por la editorial universitaria EdUNLu.<\/p>\n","protected":false},"author":16,"featured_media":192608,"comment_status":"closed","ping_status":"closed","sticky":false,"template":"","format":"standard","meta":{"footnotes":""},"categories":[139],"tags":[203,20887,12904,116],"class_list":["post-192607","post","type-post","status-publish","format-standard","has-post-thumbnail","hentry","category-regionales","tag-chivilcoy","tag-cts","tag-trabajadores-sociales","tag-unlu"],"yoast_head":"<!-- This site is optimized with the Yoast SEO plugin v28.3 - https:\/\/yoast.com\/product\/yoast-seo-wordpress\/ -->\n<title>En la Sede Chivilcoy de la UNLu hubo encuentro sobre Trabajo Social y escenarios contempor\u00e1neos<\/title>\n<meta name=\"description\" content=\"Acad\u00e9micos, docentes y estudiantes se reunieron para debatir sobre la pr\u00e1ctica cr\u00edtica de la profesi\u00f3n a partir de investigaciones publicadas por la editorial universitaria EdUNLu.\" \/>\n<meta name=\"robots\" content=\"index, follow, max-snippet:-1, max-image-preview:large, max-video-preview:-1\" \/>\n<link rel=\"canonical\" href=\"https:\/\/noticiasmercedinas.com\/site\/2026\/08\/12\/sede-chivilcoy-de-la-unlu-fue-escenario-de-encuentro-sobre-trabajo-social-y-escenarios-contemporaneos\/\" \/>\n<meta property=\"og:locale\" content=\"es_ES\" \/>\n<meta property=\"og:type\" content=\"article\" \/>\n<meta property=\"og:title\" content=\"En la Sede Chivilcoy de la UNLu hubo encuentro sobre Trabajo Social y escenarios contempor\u00e1neos\" \/>\n<meta property=\"og:description\" content=\"Acad\u00e9micos, docentes y estudiantes se reunieron para debatir sobre la pr\u00e1ctica cr\u00edtica de la profesi\u00f3n a partir de investigaciones publicadas por la editorial universitaria EdUNLu.\" \/>\n<meta property=\"og:url\" content=\"https:\/\/noticiasmercedinas.com\/site\/2026\/08\/12\/sede-chivilcoy-de-la-unlu-fue-escenario-de-encuentro-sobre-trabajo-social-y-escenarios-contemporaneos\/\" \/>\n<meta property=\"og:site_name\" content=\"NOTICIASMERCEDINAS.COM\" \/>\n<meta property=\"article:publisher\" content=\"https:\/\/www.facebook.com\/noticiasmercedinas\/\" \/>\n<meta property=\"article:published_time\" content=\"2026-08-12T10:40:47+00:00\" \/>\n<meta property=\"article:modified_time\" content=\"2026-08-12T10:41:38+00:00\" \/>\n<meta property=\"og:image\" content=\"https:\/\/noticiasmercedinas.com\/site\/wp-content\/uploads\/2026\/08\/colegiotsmercedes_1786530803251.webp\" \/>\n\t<meta property=\"og:image:width\" content=\"1080\" \/>\n\t<meta property=\"og:image:height\" content=\"810\" \/>\n\t<meta property=\"og:image:type\" content=\"image\/webp\" \/>\n<meta name=\"author\" content=\"NOTICIASMERCEDINAS.COM\" \/>\n<meta name=\"twitter:card\" content=\"summary_large_image\" \/>\n<meta name=\"twitter:creator\" content=\"@notmercedinas\" \/>\n<meta name=\"twitter:site\" content=\"@notmercedinas\" \/>\n<meta name=\"twitter:label1\" content=\"Escrito por\" \/>\n\t<meta name=\"twitter:data1\" content=\"NOTICIASMERCEDINAS.COM\" \/>\n\t<meta name=\"twitter:label2\" content=\"Tiempo de lectura\" \/>\n\t<meta name=\"twitter:data2\" content=\"2 minutos\" \/>\n<script type=\"application\/ld+json\" class=\"yoast-schema-graph\">{\"@context\":\"https:\\\/\\\/schema.org\",\"@graph\":[{\"@type\":\"Article\",\"@id\":\"https:\\\/\\\/noticiasmercedinas.com\\\/site\\\/2026\\\/08\\\/12\\\/sede-chivilcoy-de-la-unlu-fue-escenario-de-encuentro-sobre-trabajo-social-y-escenarios-contemporaneos\\\/#article\",\"isPartOf\":{\"@id\":\"https:\\\/\\\/noticiasmercedinas.com\\\/site\\\/2026\\\/08\\\/12\\\/sede-chivilcoy-de-la-unlu-fue-escenario-de-encuentro-sobre-trabajo-social-y-escenarios-contemporaneos\\\/\"},\"author\":{\"name\":\"NOTICIASMERCEDINAS.COM\",\"@id\":\"https:\\\/\\\/noticiasmercedinas.com\\\/site\\\/#\\\/schema\\\/person\\\/84b59c099c28ff2e8b77d4ceec5d8063\"},\"headline\":\"En la Sede Chivilcoy de la UNLu hubo encuentro sobre Trabajo Social y escenarios contempor\u00e1neos\",\"datePublished\":\"2026-08-12T10:40:47+00:00\",\"dateModified\":\"2026-08-12T10:41:38+00:00\",\"mainEntityOfPage\":{\"@id\":\"https:\\\/\\\/noticiasmercedinas.com\\\/site\\\/2026\\\/08\\\/12\\\/sede-chivilcoy-de-la-unlu-fue-escenario-de-encuentro-sobre-trabajo-social-y-escenarios-contemporaneos\\\/\"},\"wordCount\":232,\"publisher\":{\"@id\":\"https:\\\/\\\/noticiasmercedinas.com\\\/site\\\/#organization\"},\"image\":{\"@id\":\"https:\\\/\\\/noticiasmercedinas.com\\\/site\\\/2026\\\/08\\\/12\\\/sede-chivilcoy-de-la-unlu-fue-escenario-de-encuentro-sobre-trabajo-social-y-escenarios-contemporaneos\\\/#primaryimage\"},\"thumbnailUrl\":\"https:\\\/\\\/noticiasmercedinas.com\\\/site\\\/wp-content\\\/uploads\\\/2026\\\/08\\\/colegiotsmercedes_1786530803251.webp\",\"keywords\":[\"chivilcoy\",\"cts\",\"trabajadores sociales\",\"unlu\"],\"articleSection\":[\"Regionales\"],\"inLanguage\":\"es\"},{\"@type\":\"WebPage\",\"@id\":\"https:\\\/\\\/noticiasmercedinas.com\\\/site\\\/2026\\\/08\\\/12\\\/sede-chivilcoy-de-la-unlu-fue-escenario-de-encuentro-sobre-trabajo-social-y-escenarios-contemporaneos\\\/\",\"url\":\"https:\\\/\\\/noticiasmercedinas.com\\\/site\\\/2026\\\/08\\\/12\\\/sede-chivilcoy-de-la-unlu-fue-escenario-de-encuentro-sobre-trabajo-social-y-escenarios-contemporaneos\\\/\",\"name\":\"En la Sede Chivilcoy de la UNLu hubo encuentro sobre Trabajo Social y escenarios contempor\u00e1neos\",\"isPartOf\":{\"@id\":\"https:\\\/\\\/noticiasmercedinas.com\\\/site\\\/#website\"},\"primaryImageOfPage\":{\"@id\":\"https:\\\/\\\/noticiasmercedinas.com\\\/site\\\/2026\\\/08\\\/12\\\/sede-chivilcoy-de-la-unlu-fue-escenario-de-encuentro-sobre-trabajo-social-y-escenarios-contemporaneos\\\/#primaryimage\"},\"image\":{\"@id\":\"https:\\\/\\\/noticiasmercedinas.com\\\/site\\\/2026\\\/08\\\/12\\\/sede-chivilcoy-de-la-unlu-fue-escenario-de-encuentro-sobre-trabajo-social-y-escenarios-contemporaneos\\\/#primaryimage\"},\"thumbnailUrl\":\"https:\\\/\\\/noticiasmercedinas.com\\\/site\\\/wp-content\\\/uploads\\\/2026\\\/08\\\/colegiotsmercedes_1786530803251.webp\",\"datePublished\":\"2026-08-12T10:40:47+00:00\",\"dateModified\":\"2026-08-12T10:41:38+00:00\",\"description\":\"Acad\u00e9micos, docentes y estudiantes se reunieron para debatir sobre la pr\u00e1ctica cr\u00edtica de la profesi\u00f3n a partir de investigaciones publicadas por la editorial universitaria EdUNLu.\",\"breadcrumb\":{\"@id\":\"https:\\\/\\\/noticiasmercedinas.com\\\/site\\\/2026\\\/08\\\/12\\\/sede-chivilcoy-de-la-unlu-fue-escenario-de-encuentro-sobre-trabajo-social-y-escenarios-contemporaneos\\\/#breadcrumb\"},\"inLanguage\":\"es\",\"potentialAction\":[{\"@type\":\"ReadAction\",\"target\":[\"https:\\\/\\\/noticiasmercedinas.com\\\/site\\\/2026\\\/08\\\/12\\\/sede-chivilcoy-de-la-unlu-fue-escenario-de-encuentro-sobre-trabajo-social-y-escenarios-contemporaneos\\\/\"]}]},{\"@type\":\"ImageObject\",\"inLanguage\":\"es\",\"@id\":\"https:\\\/\\\/noticiasmercedinas.com\\\/site\\\/2026\\\/08\\\/12\\\/sede-chivilcoy-de-la-unlu-fue-escenario-de-encuentro-sobre-trabajo-social-y-escenarios-contemporaneos\\\/#primaryimage\",\"url\":\"https:\\\/\\\/noticiasmercedinas.com\\\/site\\\/wp-content\\\/uploads\\\/2026\\\/08\\\/colegiotsmercedes_1786530803251.webp\",\"contentUrl\":\"https:\\\/\\\/noticiasmercedinas.com\\\/site\\\/wp-content\\\/uploads\\\/2026\\\/08\\\/colegiotsmercedes_1786530803251.webp\",\"width\":1080,\"height\":810},{\"@type\":\"BreadcrumbList\",\"@id\":\"https:\\\/\\\/noticiasmercedinas.com\\\/site\\\/2026\\\/08\\\/12\\\/sede-chivilcoy-de-la-unlu-fue-escenario-de-encuentro-sobre-trabajo-social-y-escenarios-contemporaneos\\\/#breadcrumb\",\"itemListElement\":[{\"@type\":\"ListItem\",\"position\":1,\"name\":\"Portada\",\"item\":\"https:\\\/\\\/noticiasmercedinas.com\\\/site\\\/\"},{\"@type\":\"ListItem\",\"position\":2,\"name\":\"En la Sede Chivilcoy de la UNLu hubo encuentro sobre Trabajo Social y escenarios contempor\u00e1neos\"}]},{\"@type\":\"WebSite\",\"@id\":\"https:\\\/\\\/noticiasmercedinas.com\\\/site\\\/#website\",\"url\":\"https:\\\/\\\/noticiasmercedinas.com\\\/site\\\/\",\"name\":\"NOTICIASMERCEDINAS.COM\",\"description\":\"Mercedes, Buenos Aires, Argentina\",\"publisher\":{\"@id\":\"https:\\\/\\\/noticiasmercedinas.com\\\/site\\\/#organization\"},\"potentialAction\":[{\"@type\":\"SearchAction\",\"target\":{\"@type\":\"EntryPoint\",\"urlTemplate\":\"https:\\\/\\\/noticiasmercedinas.com\\\/site\\\/?s={search_term_string}\"},\"query-input\":{\"@type\":\"PropertyValueSpecification\",\"valueRequired\":true,\"valueName\":\"search_term_string\"}}],\"inLanguage\":\"es\"},{\"@type\":\"Organization\",\"@id\":\"https:\\\/\\\/noticiasmercedinas.com\\\/site\\\/#organization\",\"name\":\"NOTICIASMERCEDINAS.COM\",\"url\":\"https:\\\/\\\/noticiasmercedinas.com\\\/site\\\/\",\"logo\":{\"@type\":\"ImageObject\",\"inLanguage\":\"es\",\"@id\":\"https:\\\/\\\/noticiasmercedinas.com\\\/site\\\/#\\\/schema\\\/logo\\\/image\\\/\",\"url\":\"https:\\\/\\\/noticiasmercedinas.com\\\/site\\\/wp-content\\\/uploads\\\/2020\\\/06\\\/LOGO-512.jpg\",\"contentUrl\":\"https:\\\/\\\/noticiasmercedinas.com\\\/site\\\/wp-content\\\/uploads\\\/2020\\\/06\\\/LOGO-512.jpg\",\"width\":512,\"height\":512,\"caption\":\"NOTICIASMERCEDINAS.COM\"},\"image\":{\"@id\":\"https:\\\/\\\/noticiasmercedinas.com\\\/site\\\/#\\\/schema\\\/logo\\\/image\\\/\"},\"sameAs\":[\"https:\\\/\\\/www.facebook.com\\\/noticiasmercedinas\\\/\",\"https:\\\/\\\/x.com\\\/notmercedinas\",\"https:\\\/\\\/www.instagram.com\\\/noticiasmercedinas\\\/\"]},{\"@type\":\"Person\",\"@id\":\"https:\\\/\\\/noticiasmercedinas.com\\\/site\\\/#\\\/schema\\\/person\\\/84b59c099c28ff2e8b77d4ceec5d8063\",\"name\":\"NOTICIASMERCEDINAS.COM\",\"image\":{\"@type\":\"ImageObject\",\"inLanguage\":\"es\",\"@id\":\"https:\\\/\\\/secure.gravatar.com\\\/avatar\\\/4dfbf16b4d17945bfb6341b2d19043457132fcf478a5ee04f42e959fd8f5df0a?s=96&d=mm&r=g\",\"url\":\"https:\\\/\\\/secure.gravatar.com\\\/avatar\\\/4dfbf16b4d17945bfb6341b2d19043457132fcf478a5ee04f42e959fd8f5df0a?s=96&d=mm&r=g\",\"contentUrl\":\"https:\\\/\\\/secure.gravatar.com\\\/avatar\\\/4dfbf16b4d17945bfb6341b2d19043457132fcf478a5ee04f42e959fd8f5df0a?s=96&d=mm&r=g\",\"caption\":\"NOTICIASMERCEDINAS.COM\"},\"url\":\"https:\\\/\\\/noticiasmercedinas.com\\\/site\\\/author\\\/anonimo\\\/\"}]}<\/script>\n<!-- \/ Yoast SEO plugin. -->","yoast_head_json":{"title":"En la Sede Chivilcoy de la UNLu hubo encuentro sobre Trabajo Social y escenarios contempor\u00e1neos","description":"Acad\u00e9micos, docentes y estudiantes se reunieron para debatir sobre la pr\u00e1ctica cr\u00edtica de la profesi\u00f3n a partir de investigaciones publicadas por la editorial universitaria EdUNLu.","robots":{"index":"index","follow":"follow","max-snippet":"max-snippet:-1","max-image-preview":"max-image-preview:large","max-video-preview":"max-video-preview:-1"},"canonical":"https:\/\/noticiasmercedinas.com\/site\/2026\/08\/12\/sede-chivilcoy-de-la-unlu-fue-escenario-de-encuentro-sobre-trabajo-social-y-escenarios-contemporaneos\/","og_locale":"es_ES","og_type":"article","og_title":"En la Sede Chivilcoy de la UNLu hubo encuentro sobre Trabajo Social y escenarios contempor\u00e1neos","og_description":"Acad\u00e9micos, docentes y estudiantes se reunieron para debatir sobre la pr\u00e1ctica cr\u00edtica de la profesi\u00f3n a partir de investigaciones publicadas por la editorial universitaria EdUNLu.","og_url":"https:\/\/noticiasmercedinas.com\/site\/2026\/08\/12\/sede-chivilcoy-de-la-unlu-fue-escenario-de-encuentro-sobre-trabajo-social-y-escenarios-contemporaneos\/","og_site_name":"NOTICIASMERCEDINAS.COM","article_publisher":"https:\/\/www.facebook.com\/noticiasmercedinas\/","article_published_time":"2026-08-12T10:40:47+00:00","article_modified_time":"2026-08-12T10:41:38+00:00","og_image":[{"width":1080,"height":810,"url":"https:\/\/noticiasmercedinas.com\/site\/wp-content\/uploads\/2026\/08\/colegiotsmercedes_1786530803251.webp","type":"image\/webp"}],"author":"NOTICIASMERCEDINAS.COM","twitter_card":"summary_large_image","twitter_creator":"@notmercedinas","twitter_site":"@notmercedinas","twitter_misc":{"Escrito por":"NOTICIASMERCEDINAS.COM","Tiempo de lectura":"2 minutos"},"schema":{"@context":"https:\/\/schema.org","@graph":[{"@type":"Article","@id":"https:\/\/noticiasmercedinas.com\/site\/2026\/08\/12\/sede-chivilcoy-de-la-unlu-fue-escenario-de-encuentro-sobre-trabajo-social-y-escenarios-contemporaneos\/#article","isPartOf":{"@id":"https:\/\/noticiasmercedinas.com\/site\/2026\/08\/12\/sede-chivilcoy-de-la-unlu-fue-escenario-de-encuentro-sobre-trabajo-social-y-escenarios-contemporaneos\/"},"author":{"name":"NOTICIASMERCEDINAS.COM","@id":"https:\/\/noticiasmercedinas.com\/site\/#\/schema\/person\/84b59c099c28ff2e8b77d4ceec5d8063"},"headline":"En la Sede Chivilcoy de la UNLu hubo encuentro sobre Trabajo Social y escenarios contempor\u00e1neos","datePublished":"2026-08-12T10:40:47+00:00","dateModified":"2026-08-12T10:41:38+00:00","mainEntityOfPage":{"@id":"https:\/\/noticiasmercedinas.com\/site\/2026\/08\/12\/sede-chivilcoy-de-la-unlu-fue-escenario-de-encuentro-sobre-trabajo-social-y-escenarios-contemporaneos\/"},"wordCount":232,"publisher":{"@id":"https:\/\/noticiasmercedinas.com\/site\/#organization"},"image":{"@id":"https:\/\/noticiasmercedinas.com\/site\/2026\/08\/12\/sede-chivilcoy-de-la-unlu-fue-escenario-de-encuentro-sobre-trabajo-social-y-escenarios-contemporaneos\/#primaryimage"},"thumbnailUrl":"https:\/\/noticiasmercedinas.com\/site\/wp-content\/uploads\/2026\/08\/colegiotsmercedes_1786530803251.webp","keywords":["chivilcoy","cts","trabajadores sociales","unlu"],"articleSection":["Regionales"],"inLanguage":"es"},{"@type":"WebPage","@id":"https:\/\/noticiasmercedinas.com\/site\/2026\/08\/12\/sede-chivilcoy-de-la-unlu-fue-escenario-de-encuentro-sobre-trabajo-social-y-escenarios-contemporaneos\/","url":"https:\/\/noticiasmercedinas.com\/site\/2026\/08\/12\/sede-chivilcoy-de-la-unlu-fue-escenario-de-encuentro-sobre-trabajo-social-y-escenarios-contemporaneos\/","name":"En la Sede Chivilcoy de la UNLu hubo encuentro sobre Trabajo Social y escenarios contempor\u00e1neos","isPartOf":{"@id":"https:\/\/noticiasmercedinas.com\/site\/#website"},"primaryImageOfPage":{"@id":"https:\/\/noticiasmercedinas.com\/site\/2026\/08\/12\/sede-chivilcoy-de-la-unlu-fue-escenario-de-encuentro-sobre-trabajo-social-y-escenarios-contemporaneos\/#primaryimage"},"image":{"@id":"https:\/\/noticiasmercedinas.com\/site\/2026\/08\/12\/sede-chivilcoy-de-la-unlu-fue-escenario-de-encuentro-sobre-trabajo-social-y-escenarios-contemporaneos\/#primaryimage"},"thumbnailUrl":"https:\/\/noticiasmercedinas.com\/site\/wp-content\/uploads\/2026\/08\/colegiotsmercedes_1786530803251.webp","datePublished":"2026-08-12T10:40:47+00:00","dateModified":"2026-08-12T10:41:38+00:00","description":"Acad\u00e9micos, docentes y estudiantes se reunieron para debatir sobre la pr\u00e1ctica cr\u00edtica de la profesi\u00f3n a partir de investigaciones publicadas por la editorial universitaria EdUNLu.","breadcrumb":{"@id":"https:\/\/noticiasmercedinas.com\/site\/2026\/08\/12\/sede-chivilcoy-de-la-unlu-fue-escenario-de-encuentro-sobre-trabajo-social-y-escenarios-contemporaneos\/#breadcrumb"},"inLanguage":"es","potentialAction":[{"@type":"ReadAction","target":["https:\/\/noticiasmercedinas.com\/site\/2026\/08\/12\/sede-chivilcoy-de-la-unlu-fue-escenario-de-encuentro-sobre-trabajo-social-y-escenarios-contemporaneos\/"]}]},{"@type":"ImageObject","inLanguage":"es","@id":"https:\/\/noticiasmercedinas.com\/site\/2026\/08\/12\/sede-chivilcoy-de-la-unlu-fue-escenario-de-encuentro-sobre-trabajo-social-y-escenarios-contemporaneos\/#primaryimage","url":"https:\/\/noticiasmercedinas.com\/site\/wp-content\/uploads\/2026\/08\/colegiotsmercedes_1786530803251.webp","contentUrl":"https:\/\/noticiasmercedinas.com\/site\/wp-content\/uploads\/2026\/08\/colegiotsmercedes_1786530803251.webp","width":1080,"height":810},{"@type":"BreadcrumbList","@id":"https:\/\/noticiasmercedinas.com\/site\/2026\/08\/12\/sede-chivilcoy-de-la-unlu-fue-escenario-de-encuentro-sobre-trabajo-social-y-escenarios-contemporaneos\/#breadcrumb","itemListElement":[{"@type":"ListItem","position":1,"name":"Portada","item":"https:\/\/noticiasmercedinas.com\/site\/"},{"@type":"ListItem","position":2,"name":"En la Sede Chivilcoy de la UNLu hubo encuentro sobre Trabajo Social y escenarios contempor\u00e1neos"}]},{"@type":"WebSite","@id":"https:\/\/noticiasmercedinas.com\/site\/#website","url":"https:\/\/noticiasmercedinas.com\/site\/","name":"NOTICIASMERCEDINAS.COM","description":"Mercedes, Buenos Aires, Argentina","publisher":{"@id":"https:\/\/noticiasmercedinas.com\/site\/#organization"},"potentialAction":[{"@type":"SearchAction","target":{"@type":"EntryPoint","urlTemplate":"https:\/\/noticiasmercedinas.com\/site\/?s={search_term_string}"},"query-input":{"@type":"PropertyValueSpecification","valueRequired":true,"valueName":"search_term_string"}}],"inLanguage":"es"},{"@type":"Organization","@id":"https:\/\/noticiasmercedinas.com\/site\/#organization","name":"NOTICIASMERCEDINAS.COM","url":"https:\/\/noticiasmercedinas.com\/site\/","logo":{"@type":"ImageObject","inLanguage":"es","@id":"https:\/\/noticiasmercedinas.com\/site\/#\/schema\/logo\/image\/","url":"https:\/\/noticiasmercedinas.com\/site\/wp-content\/uploads\/2020\/06\/LOGO-512.jpg","contentUrl":"https:\/\/noticiasmercedinas.com\/site\/wp-content\/uploads\/2020\/06\/LOGO-512.jpg","width":512,"height":512,"caption":"NOTICIASMERCEDINAS.COM"},"image":{"@id":"https:\/\/noticiasmercedinas.com\/site\/#\/schema\/logo\/image\/"},"sameAs":["https:\/\/www.facebook.com\/noticiasmercedinas\/","https:\/\/x.com\/notmercedinas","https:\/\/www.instagram.com\/noticiasmercedinas\/"]},{"@type":"Person","@id":"https:\/\/noticiasmercedinas.com\/site\/#\/schema\/person\/84b59c099c28ff2e8b77d4ceec5d8063","name":"NOTICIASMERCEDINAS.COM","image":{"@type":"ImageObject","inLanguage":"es","@id":"https:\/\/secure.gravatar.com\/avatar\/4dfbf16b4d17945bfb6341b2d19043457132fcf478a5ee04f42e959fd8f5df0a?s=96&d=mm&r=g","url":"https:\/\/secure.gravatar.com\/avatar\/4dfbf16b4d17945bfb6341b2d19043457132fcf478a5ee04f42e959fd8f5df0a?s=96&d=mm&r=g","contentUrl":"https:\/\/secure.gravatar.com\/avatar\/4dfbf16b4d17945bfb6341b2d19043457132fcf478a5ee04f42e959fd8f5df0a?s=96&d=mm&r=g","caption":"NOTICIASMERCEDINAS.COM"},"url":"https:\/\/noticiasmercedinas.com\/site\/author\/anonimo\/"}]}},"amp_enabled":true,"_links":{"self":[{"href":"https:\/\/noticiasmercedinas.com\/site\/wp-json\/wp\/v2\/posts\/192607","targetHints":{"allow":["GET"]}}],"collection":[{"href":"https:\/\/noticiasmercedinas.com\/site\/wp-json\/wp\/v2\/posts"}],"about":[{"href":"https:\/\/noticiasmercedinas.com\/site\/wp-json\/wp\/v2\/types\/post"}],"author":[{"embeddable":true,"href":"https:\/\/noticiasmercedinas.com\/site\/wp-json\/wp\/v2\/users\/16"}],"replies":[{"embeddable":true,"href":"https:\/\/noticiasmercedinas.com\/site\/wp-json\/wp\/v2\/comments?post=192607"}],"version-history":[{"count":2,"href":"https:\/\/noticiasmercedinas.com\/site\/wp-json\/wp\/v2\/posts\/192607\/revisions"}],"predecessor-version":[{"id":192610,"href":"https:\/\/noticiasmercedinas.com\/site\/wp-json\/wp\/v2\/posts\/192607\/revisions\/192610"}],"wp:featuredmedia":[{"embeddable":true,"href":"https:\/\/noticiasmercedinas.com\/site\/wp-json\/wp\/v2\/media\/192608"}],"wp:attachment":[{"href":"https:\/\/noticiasmercedinas.com\/site\/wp-json\/wp\/v2\/media?parent=192607"}],"wp:term":[{"taxonomy":"category","embeddable":true,"href":"https:\/\/noticiasmercedinas.com\/site\/wp-json\/wp\/v2\/categories?post=192607"},{"taxonomy":"post_tag","embeddable":true,"href":"https:\/\/noticiasmercedinas.com\/site\/wp-json\/wp\/v2\/tags?post=192607"}],"curies":[{"name":"wp","href":"https:\/\/api.w.org\/{rel}","templated":true}]}}