{"id":192614,"date":"2026-08-12T08:02:03","date_gmt":"2026-08-12T11:02:03","guid":{"rendered":"https:\/\/noticiasmercedinas.com\/site\/?p=192614"},"modified":"2026-08-12T08:02:03","modified_gmt":"2026-08-12T11:02:03","slug":"senado-entrego-el-diploma-de-honor-al-productor-carlos-rottemberg-por-sus-50-anos-de-trayectoria","status":"publish","type":"post","link":"https:\/\/noticiasmercedinas.com\/site\/2026\/08\/12\/senado-entrego-el-diploma-de-honor-al-productor-carlos-rottemberg-por-sus-50-anos-de-trayectoria\/","title":{"rendered":"Senado entreg\u00f3 el Diploma de Honor al productor Carlos Rottemberg por sus 50 a\u00f1os de trayectoria"},"content":{"rendered":"<p data-path-to-node=\"2\"><img loading=\"lazy\" decoding=\"async\" class=\"alignnone size-full wp-image-192615\" src=\"https:\/\/noticiasmercedinas.com\/site\/wp-content\/uploads\/2026\/08\/1786532100521-scaled.jpeg\" alt=\"\" width=\"2560\" height=\"1705\" srcset=\"https:\/\/noticiasmercedinas.com\/site\/wp-content\/uploads\/2026\/08\/1786532100521-scaled.jpeg 2560w, https:\/\/noticiasmercedinas.com\/site\/wp-content\/uploads\/2026\/08\/1786532100521-300x200.jpeg 300w, https:\/\/noticiasmercedinas.com\/site\/wp-content\/uploads\/2026\/08\/1786532100521-1024x682.jpeg 1024w, https:\/\/noticiasmercedinas.com\/site\/wp-content\/uploads\/2026\/08\/1786532100521-768x512.jpeg 768w, https:\/\/noticiasmercedinas.com\/site\/wp-content\/uploads\/2026\/08\/1786532100521-1536x1023.jpeg 1536w, https:\/\/noticiasmercedinas.com\/site\/wp-content\/uploads\/2026\/08\/1786532100521-2048x1364.jpeg 2048w, https:\/\/noticiasmercedinas.com\/site\/wp-content\/uploads\/2026\/08\/1786532100521-640x426.jpeg 640w, https:\/\/noticiasmercedinas.com\/site\/wp-content\/uploads\/2026\/08\/1786532100521-1280x853.jpeg 1280w, https:\/\/noticiasmercedinas.com\/site\/wp-content\/uploads\/2026\/08\/1786532100521-681x454.jpeg 681w, https:\/\/noticiasmercedinas.com\/site\/wp-content\/uploads\/2026\/08\/1786532100521-1362x907.jpeg 1362w\" sizes=\"auto, (max-width: 2560px) 100vw, 2560px\" \/><\/p>\n<p data-path-to-node=\"2\">El Senado de la Naci\u00f3n distingui\u00f3 este martes al reconocido productor y empresario teatral Carlos Rottemberg con la entrega del Diploma de Honor, en reconocimiento a sus 50 a\u00f1os de trayectoria en el \u00e1mbito cultural argentino.<\/p>\n<p data-path-to-node=\"2\">El homenaje fue impulsado y encabezado por el senador por la provincia de Buenos Aires, Eduardo \u00abWado\u00bb de Pedro, en conjunto con el legislador Maximiliano Abad.<\/p>\n<p data-path-to-node=\"3\">A lo largo de sus cinco d\u00e9cadas de labor ininterrumpida, Rottemberg ha llevado a cabo la producci\u00f3n de m\u00e1s de mil obras teatrales que convocaron a m\u00e1s de 22 millones de espectadores, consolid\u00e1ndose como una figura central en el desarrollo de las artes esc\u00e9nicas nacionales.<\/p>\n<p data-path-to-node=\"3\">Durante el acto, se remarc\u00f3 el valor del teatro como un espacio de encuentro intergeneracional y el impacto econ\u00f3mico del sector en la creaci\u00f3n de puestos de trabajo directos e indirectos.<\/p>\n<p data-path-to-node=\"4\">Al t\u00e9rmino de la ceremonia, el senador De Pedro destac\u00f3 que la trayectoria del homenajeado refleja el compromiso con la cultura nacional, se\u00f1alando que defender las expresiones art\u00edsticas del pa\u00eds implica cuidar la identidad, impulsar la industria del entretenimiento y garantizar espacios para que los creadores locales sigan proyectando sus historias.<\/p>\n","protected":false},"excerpt":{"rendered":"<p>\u25a0 El senador mercedino Eduardo \u00abWado\u00bb de Pedro, junto a su par Maximiliano Abad, encabezaron la distinci\u00f3n que destaca la labor del empresario teatral en la cultura y la generaci\u00f3n de empleo en el pa\u00eds.<\/p>\n","protected":false},"author":16,"featured_media":192615,"comment_status":"closed","ping_status":"closed","sticky":false,"template":"","format":"standard","meta":{"footnotes":""},"categories":[16],"tags":[324,7104,480],"class_list":["post-192614","post","type-post","status-publish","format-standard","has-post-thumbnail","hentry","category-politica","tag-eduardo-de-pedro","tag-senado","tag-teatro"],"yoast_head":"<!-- This site is optimized with the Yoast SEO plugin v28.3 - https:\/\/yoast.com\/product\/yoast-seo-wordpress\/ -->\n<title>Senado entreg\u00f3 el Diploma de Honor al productor Carlos Rottemberg por sus 50 a\u00f1os de trayectoria<\/title>\n<meta name=\"description\" content=\"El senador mercedino Eduardo &quot;Wado&quot; de Pedro, junto a su par Maximiliano Abad, encabezaron la distinci\u00f3n que destaca la labor del empresario teatral en la cultura y la generaci\u00f3n de empleo en el pa\u00eds.\" \/>\n<meta name=\"robots\" content=\"index, follow, max-snippet:-1, max-image-preview:large, max-video-preview:-1\" \/>\n<link rel=\"canonical\" href=\"https:\/\/noticiasmercedinas.com\/site\/2026\/08\/12\/senado-entrego-el-diploma-de-honor-al-productor-carlos-rottemberg-por-sus-50-anos-de-trayectoria\/\" \/>\n<meta property=\"og:locale\" content=\"es_ES\" \/>\n<meta property=\"og:type\" content=\"article\" \/>\n<meta property=\"og:title\" content=\"Senado entreg\u00f3 el Diploma de Honor al productor Carlos Rottemberg por sus 50 a\u00f1os de trayectoria\" \/>\n<meta property=\"og:description\" content=\"El senador mercedino Eduardo &quot;Wado&quot; de Pedro, junto a su par Maximiliano Abad, encabezaron la distinci\u00f3n que destaca la labor del empresario teatral en la cultura y la generaci\u00f3n de empleo en el pa\u00eds.\" \/>\n<meta property=\"og:url\" content=\"https:\/\/noticiasmercedinas.com\/site\/2026\/08\/12\/senado-entrego-el-diploma-de-honor-al-productor-carlos-rottemberg-por-sus-50-anos-de-trayectoria\/\" \/>\n<meta property=\"og:site_name\" content=\"NOTICIASMERCEDINAS.COM\" \/>\n<meta property=\"article:publisher\" content=\"https:\/\/www.facebook.com\/noticiasmercedinas\/\" \/>\n<meta property=\"article:published_time\" content=\"2026-08-12T11:02:03+00:00\" \/>\n<meta property=\"og:image\" content=\"https:\/\/noticiasmercedinas.com\/site\/wp-content\/uploads\/2026\/08\/1786532100521-scaled.jpeg\" \/>\n\t<meta property=\"og:image:width\" content=\"2560\" \/>\n\t<meta property=\"og:image:height\" content=\"1705\" \/>\n\t<meta property=\"og:image:type\" content=\"image\/jpeg\" \/>\n<meta name=\"author\" content=\"NOTICIASMERCEDINAS.COM\" \/>\n<meta name=\"twitter:card\" content=\"summary_large_image\" \/>\n<meta name=\"twitter:creator\" content=\"@notmercedinas\" \/>\n<meta name=\"twitter:site\" content=\"@notmercedinas\" \/>\n<meta name=\"twitter:label1\" content=\"Escrito por\" \/>\n\t<meta name=\"twitter:data1\" content=\"NOTICIASMERCEDINAS.COM\" \/>\n\t<meta name=\"twitter:label2\" content=\"Tiempo de lectura\" \/>\n\t<meta name=\"twitter:data2\" content=\"2 minutos\" \/>\n<script type=\"application\/ld+json\" class=\"yoast-schema-graph\">{\"@context\":\"https:\\\/\\\/schema.org\",\"@graph\":[{\"@type\":\"Article\",\"@id\":\"https:\\\/\\\/noticiasmercedinas.com\\\/site\\\/2026\\\/08\\\/12\\\/senado-entrego-el-diploma-de-honor-al-productor-carlos-rottemberg-por-sus-50-anos-de-trayectoria\\\/#article\",\"isPartOf\":{\"@id\":\"https:\\\/\\\/noticiasmercedinas.com\\\/site\\\/2026\\\/08\\\/12\\\/senado-entrego-el-diploma-de-honor-al-productor-carlos-rottemberg-por-sus-50-anos-de-trayectoria\\\/\"},\"author\":{\"name\":\"NOTICIASMERCEDINAS.COM\",\"@id\":\"https:\\\/\\\/noticiasmercedinas.com\\\/site\\\/#\\\/schema\\\/person\\\/84b59c099c28ff2e8b77d4ceec5d8063\"},\"headline\":\"Senado entreg\u00f3 el Diploma de Honor al productor Carlos Rottemberg por sus 50 a\u00f1os de trayectoria\",\"datePublished\":\"2026-08-12T11:02:03+00:00\",\"mainEntityOfPage\":{\"@id\":\"https:\\\/\\\/noticiasmercedinas.com\\\/site\\\/2026\\\/08\\\/12\\\/senado-entrego-el-diploma-de-honor-al-productor-carlos-rottemberg-por-sus-50-anos-de-trayectoria\\\/\"},\"wordCount\":217,\"publisher\":{\"@id\":\"https:\\\/\\\/noticiasmercedinas.com\\\/site\\\/#organization\"},\"image\":{\"@id\":\"https:\\\/\\\/noticiasmercedinas.com\\\/site\\\/2026\\\/08\\\/12\\\/senado-entrego-el-diploma-de-honor-al-productor-carlos-rottemberg-por-sus-50-anos-de-trayectoria\\\/#primaryimage\"},\"thumbnailUrl\":\"https:\\\/\\\/noticiasmercedinas.com\\\/site\\\/wp-content\\\/uploads\\\/2026\\\/08\\\/1786532100521-scaled.jpeg\",\"keywords\":[\"eduardo de pedro\",\"Senado\",\"teatro\"],\"articleSection\":[\"Politica\"],\"inLanguage\":\"es\"},{\"@type\":\"WebPage\",\"@id\":\"https:\\\/\\\/noticiasmercedinas.com\\\/site\\\/2026\\\/08\\\/12\\\/senado-entrego-el-diploma-de-honor-al-productor-carlos-rottemberg-por-sus-50-anos-de-trayectoria\\\/\",\"url\":\"https:\\\/\\\/noticiasmercedinas.com\\\/site\\\/2026\\\/08\\\/12\\\/senado-entrego-el-diploma-de-honor-al-productor-carlos-rottemberg-por-sus-50-anos-de-trayectoria\\\/\",\"name\":\"Senado entreg\u00f3 el Diploma de Honor al productor Carlos Rottemberg por sus 50 a\u00f1os de trayectoria\",\"isPartOf\":{\"@id\":\"https:\\\/\\\/noticiasmercedinas.com\\\/site\\\/#website\"},\"primaryImageOfPage\":{\"@id\":\"https:\\\/\\\/noticiasmercedinas.com\\\/site\\\/2026\\\/08\\\/12\\\/senado-entrego-el-diploma-de-honor-al-productor-carlos-rottemberg-por-sus-50-anos-de-trayectoria\\\/#primaryimage\"},\"image\":{\"@id\":\"https:\\\/\\\/noticiasmercedinas.com\\\/site\\\/2026\\\/08\\\/12\\\/senado-entrego-el-diploma-de-honor-al-productor-carlos-rottemberg-por-sus-50-anos-de-trayectoria\\\/#primaryimage\"},\"thumbnailUrl\":\"https:\\\/\\\/noticiasmercedinas.com\\\/site\\\/wp-content\\\/uploads\\\/2026\\\/08\\\/1786532100521-scaled.jpeg\",\"datePublished\":\"2026-08-12T11:02:03+00:00\",\"description\":\"El senador mercedino Eduardo \\\"Wado\\\" de Pedro, junto a su par Maximiliano Abad, encabezaron la distinci\u00f3n que destaca la labor del empresario teatral en la cultura y la generaci\u00f3n de empleo en el pa\u00eds.\",\"breadcrumb\":{\"@id\":\"https:\\\/\\\/noticiasmercedinas.com\\\/site\\\/2026\\\/08\\\/12\\\/senado-entrego-el-diploma-de-honor-al-productor-carlos-rottemberg-por-sus-50-anos-de-trayectoria\\\/#breadcrumb\"},\"inLanguage\":\"es\",\"potentialAction\":[{\"@type\":\"ReadAction\",\"target\":[\"https:\\\/\\\/noticiasmercedinas.com\\\/site\\\/2026\\\/08\\\/12\\\/senado-entrego-el-diploma-de-honor-al-productor-carlos-rottemberg-por-sus-50-anos-de-trayectoria\\\/\"]}]},{\"@type\":\"ImageObject\",\"inLanguage\":\"es\",\"@id\":\"https:\\\/\\\/noticiasmercedinas.com\\\/site\\\/2026\\\/08\\\/12\\\/senado-entrego-el-diploma-de-honor-al-productor-carlos-rottemberg-por-sus-50-anos-de-trayectoria\\\/#primaryimage\",\"url\":\"https:\\\/\\\/noticiasmercedinas.com\\\/site\\\/wp-content\\\/uploads\\\/2026\\\/08\\\/1786532100521-scaled.jpeg\",\"contentUrl\":\"https:\\\/\\\/noticiasmercedinas.com\\\/site\\\/wp-content\\\/uploads\\\/2026\\\/08\\\/1786532100521-scaled.jpeg\",\"width\":2560,\"height\":1705},{\"@type\":\"BreadcrumbList\",\"@id\":\"https:\\\/\\\/noticiasmercedinas.com\\\/site\\\/2026\\\/08\\\/12\\\/senado-entrego-el-diploma-de-honor-al-productor-carlos-rottemberg-por-sus-50-anos-de-trayectoria\\\/#breadcrumb\",\"itemListElement\":[{\"@type\":\"ListItem\",\"position\":1,\"name\":\"Portada\",\"item\":\"https:\\\/\\\/noticiasmercedinas.com\\\/site\\\/\"},{\"@type\":\"ListItem\",\"position\":2,\"name\":\"Senado entreg\u00f3 el Diploma de Honor al productor Carlos Rottemberg por sus 50 a\u00f1os de trayectoria\"}]},{\"@type\":\"WebSite\",\"@id\":\"https:\\\/\\\/noticiasmercedinas.com\\\/site\\\/#website\",\"url\":\"https:\\\/\\\/noticiasmercedinas.com\\\/site\\\/\",\"name\":\"NOTICIASMERCEDINAS.COM\",\"description\":\"Mercedes, Buenos Aires, Argentina\",\"publisher\":{\"@id\":\"https:\\\/\\\/noticiasmercedinas.com\\\/site\\\/#organization\"},\"potentialAction\":[{\"@type\":\"SearchAction\",\"target\":{\"@type\":\"EntryPoint\",\"urlTemplate\":\"https:\\\/\\\/noticiasmercedinas.com\\\/site\\\/?s={search_term_string}\"},\"query-input\":{\"@type\":\"PropertyValueSpecification\",\"valueRequired\":true,\"valueName\":\"search_term_string\"}}],\"inLanguage\":\"es\"},{\"@type\":\"Organization\",\"@id\":\"https:\\\/\\\/noticiasmercedinas.com\\\/site\\\/#organization\",\"name\":\"NOTICIASMERCEDINAS.COM\",\"url\":\"https:\\\/\\\/noticiasmercedinas.com\\\/site\\\/\",\"logo\":{\"@type\":\"ImageObject\",\"inLanguage\":\"es\",\"@id\":\"https:\\\/\\\/noticiasmercedinas.com\\\/site\\\/#\\\/schema\\\/logo\\\/image\\\/\",\"url\":\"https:\\\/\\\/noticiasmercedinas.com\\\/site\\\/wp-content\\\/uploads\\\/2020\\\/06\\\/LOGO-512.jpg\",\"contentUrl\":\"https:\\\/\\\/noticiasmercedinas.com\\\/site\\\/wp-content\\\/uploads\\\/2020\\\/06\\\/LOGO-512.jpg\",\"width\":512,\"height\":512,\"caption\":\"NOTICIASMERCEDINAS.COM\"},\"image\":{\"@id\":\"https:\\\/\\\/noticiasmercedinas.com\\\/site\\\/#\\\/schema\\\/logo\\\/image\\\/\"},\"sameAs\":[\"https:\\\/\\\/www.facebook.com\\\/noticiasmercedinas\\\/\",\"https:\\\/\\\/x.com\\\/notmercedinas\",\"https:\\\/\\\/www.instagram.com\\\/noticiasmercedinas\\\/\"]},{\"@type\":\"Person\",\"@id\":\"https:\\\/\\\/noticiasmercedinas.com\\\/site\\\/#\\\/schema\\\/person\\\/84b59c099c28ff2e8b77d4ceec5d8063\",\"name\":\"NOTICIASMERCEDINAS.COM\",\"image\":{\"@type\":\"ImageObject\",\"inLanguage\":\"es\",\"@id\":\"https:\\\/\\\/secure.gravatar.com\\\/avatar\\\/4dfbf16b4d17945bfb6341b2d19043457132fcf478a5ee04f42e959fd8f5df0a?s=96&d=mm&r=g\",\"url\":\"https:\\\/\\\/secure.gravatar.com\\\/avatar\\\/4dfbf16b4d17945bfb6341b2d19043457132fcf478a5ee04f42e959fd8f5df0a?s=96&d=mm&r=g\",\"contentUrl\":\"https:\\\/\\\/secure.gravatar.com\\\/avatar\\\/4dfbf16b4d17945bfb6341b2d19043457132fcf478a5ee04f42e959fd8f5df0a?s=96&d=mm&r=g\",\"caption\":\"NOTICIASMERCEDINAS.COM\"},\"url\":\"https:\\\/\\\/noticiasmercedinas.com\\\/site\\\/author\\\/anonimo\\\/\"}]}<\/script>\n<!-- \/ Yoast SEO plugin. -->","yoast_head_json":{"title":"Senado entreg\u00f3 el Diploma de Honor al productor Carlos Rottemberg por sus 50 a\u00f1os de trayectoria","description":"El senador mercedino Eduardo \"Wado\" de Pedro, junto a su par Maximiliano Abad, encabezaron la distinci\u00f3n que destaca la labor del empresario teatral en la cultura y la generaci\u00f3n de empleo en el pa\u00eds.","robots":{"index":"index","follow":"follow","max-snippet":"max-snippet:-1","max-image-preview":"max-image-preview:large","max-video-preview":"max-video-preview:-1"},"canonical":"https:\/\/noticiasmercedinas.com\/site\/2026\/08\/12\/senado-entrego-el-diploma-de-honor-al-productor-carlos-rottemberg-por-sus-50-anos-de-trayectoria\/","og_locale":"es_ES","og_type":"article","og_title":"Senado entreg\u00f3 el Diploma de Honor al productor Carlos Rottemberg por sus 50 a\u00f1os de trayectoria","og_description":"El senador mercedino Eduardo \"Wado\" de Pedro, junto a su par Maximiliano Abad, encabezaron la distinci\u00f3n que destaca la labor del empresario teatral en la cultura y la generaci\u00f3n de empleo en el pa\u00eds.","og_url":"https:\/\/noticiasmercedinas.com\/site\/2026\/08\/12\/senado-entrego-el-diploma-de-honor-al-productor-carlos-rottemberg-por-sus-50-anos-de-trayectoria\/","og_site_name":"NOTICIASMERCEDINAS.COM","article_publisher":"https:\/\/www.facebook.com\/noticiasmercedinas\/","article_published_time":"2026-08-12T11:02:03+00:00","og_image":[{"width":2560,"height":1705,"url":"https:\/\/noticiasmercedinas.com\/site\/wp-content\/uploads\/2026\/08\/1786532100521-scaled.jpeg","type":"image\/jpeg"}],"author":"NOTICIASMERCEDINAS.COM","twitter_card":"summary_large_image","twitter_creator":"@notmercedinas","twitter_site":"@notmercedinas","twitter_misc":{"Escrito por":"NOTICIASMERCEDINAS.COM","Tiempo de lectura":"2 minutos"},"schema":{"@context":"https:\/\/schema.org","@graph":[{"@type":"Article","@id":"https:\/\/noticiasmercedinas.com\/site\/2026\/08\/12\/senado-entrego-el-diploma-de-honor-al-productor-carlos-rottemberg-por-sus-50-anos-de-trayectoria\/#article","isPartOf":{"@id":"https:\/\/noticiasmercedinas.com\/site\/2026\/08\/12\/senado-entrego-el-diploma-de-honor-al-productor-carlos-rottemberg-por-sus-50-anos-de-trayectoria\/"},"author":{"name":"NOTICIASMERCEDINAS.COM","@id":"https:\/\/noticiasmercedinas.com\/site\/#\/schema\/person\/84b59c099c28ff2e8b77d4ceec5d8063"},"headline":"Senado entreg\u00f3 el Diploma de Honor al productor Carlos Rottemberg por sus 50 a\u00f1os de trayectoria","datePublished":"2026-08-12T11:02:03+00:00","mainEntityOfPage":{"@id":"https:\/\/noticiasmercedinas.com\/site\/2026\/08\/12\/senado-entrego-el-diploma-de-honor-al-productor-carlos-rottemberg-por-sus-50-anos-de-trayectoria\/"},"wordCount":217,"publisher":{"@id":"https:\/\/noticiasmercedinas.com\/site\/#organization"},"image":{"@id":"https:\/\/noticiasmercedinas.com\/site\/2026\/08\/12\/senado-entrego-el-diploma-de-honor-al-productor-carlos-rottemberg-por-sus-50-anos-de-trayectoria\/#primaryimage"},"thumbnailUrl":"https:\/\/noticiasmercedinas.com\/site\/wp-content\/uploads\/2026\/08\/1786532100521-scaled.jpeg","keywords":["eduardo de pedro","Senado","teatro"],"articleSection":["Politica"],"inLanguage":"es"},{"@type":"WebPage","@id":"https:\/\/noticiasmercedinas.com\/site\/2026\/08\/12\/senado-entrego-el-diploma-de-honor-al-productor-carlos-rottemberg-por-sus-50-anos-de-trayectoria\/","url":"https:\/\/noticiasmercedinas.com\/site\/2026\/08\/12\/senado-entrego-el-diploma-de-honor-al-productor-carlos-rottemberg-por-sus-50-anos-de-trayectoria\/","name":"Senado entreg\u00f3 el Diploma de Honor al productor Carlos Rottemberg por sus 50 a\u00f1os de trayectoria","isPartOf":{"@id":"https:\/\/noticiasmercedinas.com\/site\/#website"},"primaryImageOfPage":{"@id":"https:\/\/noticiasmercedinas.com\/site\/2026\/08\/12\/senado-entrego-el-diploma-de-honor-al-productor-carlos-rottemberg-por-sus-50-anos-de-trayectoria\/#primaryimage"},"image":{"@id":"https:\/\/noticiasmercedinas.com\/site\/2026\/08\/12\/senado-entrego-el-diploma-de-honor-al-productor-carlos-rottemberg-por-sus-50-anos-de-trayectoria\/#primaryimage"},"thumbnailUrl":"https:\/\/noticiasmercedinas.com\/site\/wp-content\/uploads\/2026\/08\/1786532100521-scaled.jpeg","datePublished":"2026-08-12T11:02:03+00:00","description":"El senador mercedino Eduardo \"Wado\" de Pedro, junto a su par Maximiliano Abad, encabezaron la distinci\u00f3n que destaca la labor del empresario teatral en la cultura y la generaci\u00f3n de empleo en el pa\u00eds.","breadcrumb":{"@id":"https:\/\/noticiasmercedinas.com\/site\/2026\/08\/12\/senado-entrego-el-diploma-de-honor-al-productor-carlos-rottemberg-por-sus-50-anos-de-trayectoria\/#breadcrumb"},"inLanguage":"es","potentialAction":[{"@type":"ReadAction","target":["https:\/\/noticiasmercedinas.com\/site\/2026\/08\/12\/senado-entrego-el-diploma-de-honor-al-productor-carlos-rottemberg-por-sus-50-anos-de-trayectoria\/"]}]},{"@type":"ImageObject","inLanguage":"es","@id":"https:\/\/noticiasmercedinas.com\/site\/2026\/08\/12\/senado-entrego-el-diploma-de-honor-al-productor-carlos-rottemberg-por-sus-50-anos-de-trayectoria\/#primaryimage","url":"https:\/\/noticiasmercedinas.com\/site\/wp-content\/uploads\/2026\/08\/1786532100521-scaled.jpeg","contentUrl":"https:\/\/noticiasmercedinas.com\/site\/wp-content\/uploads\/2026\/08\/1786532100521-scaled.jpeg","width":2560,"height":1705},{"@type":"BreadcrumbList","@id":"https:\/\/noticiasmercedinas.com\/site\/2026\/08\/12\/senado-entrego-el-diploma-de-honor-al-productor-carlos-rottemberg-por-sus-50-anos-de-trayectoria\/#breadcrumb","itemListElement":[{"@type":"ListItem","position":1,"name":"Portada","item":"https:\/\/noticiasmercedinas.com\/site\/"},{"@type":"ListItem","position":2,"name":"Senado entreg\u00f3 el Diploma de Honor al productor Carlos Rottemberg por sus 50 a\u00f1os de trayectoria"}]},{"@type":"WebSite","@id":"https:\/\/noticiasmercedinas.com\/site\/#website","url":"https:\/\/noticiasmercedinas.com\/site\/","name":"NOTICIASMERCEDINAS.COM","description":"Mercedes, Buenos Aires, Argentina","publisher":{"@id":"https:\/\/noticiasmercedinas.com\/site\/#organization"},"potentialAction":[{"@type":"SearchAction","target":{"@type":"EntryPoint","urlTemplate":"https:\/\/noticiasmercedinas.com\/site\/?s={search_term_string}"},"query-input":{"@type":"PropertyValueSpecification","valueRequired":true,"valueName":"search_term_string"}}],"inLanguage":"es"},{"@type":"Organization","@id":"https:\/\/noticiasmercedinas.com\/site\/#organization","name":"NOTICIASMERCEDINAS.COM","url":"https:\/\/noticiasmercedinas.com\/site\/","logo":{"@type":"ImageObject","inLanguage":"es","@id":"https:\/\/noticiasmercedinas.com\/site\/#\/schema\/logo\/image\/","url":"https:\/\/noticiasmercedinas.com\/site\/wp-content\/uploads\/2020\/06\/LOGO-512.jpg","contentUrl":"https:\/\/noticiasmercedinas.com\/site\/wp-content\/uploads\/2020\/06\/LOGO-512.jpg","width":512,"height":512,"caption":"NOTICIASMERCEDINAS.COM"},"image":{"@id":"https:\/\/noticiasmercedinas.com\/site\/#\/schema\/logo\/image\/"},"sameAs":["https:\/\/www.facebook.com\/noticiasmercedinas\/","https:\/\/x.com\/notmercedinas","https:\/\/www.instagram.com\/noticiasmercedinas\/"]},{"@type":"Person","@id":"https:\/\/noticiasmercedinas.com\/site\/#\/schema\/person\/84b59c099c28ff2e8b77d4ceec5d8063","name":"NOTICIASMERCEDINAS.COM","image":{"@type":"ImageObject","inLanguage":"es","@id":"https:\/\/secure.gravatar.com\/avatar\/4dfbf16b4d17945bfb6341b2d19043457132fcf478a5ee04f42e959fd8f5df0a?s=96&d=mm&r=g","url":"https:\/\/secure.gravatar.com\/avatar\/4dfbf16b4d17945bfb6341b2d19043457132fcf478a5ee04f42e959fd8f5df0a?s=96&d=mm&r=g","contentUrl":"https:\/\/secure.gravatar.com\/avatar\/4dfbf16b4d17945bfb6341b2d19043457132fcf478a5ee04f42e959fd8f5df0a?s=96&d=mm&r=g","caption":"NOTICIASMERCEDINAS.COM"},"url":"https:\/\/noticiasmercedinas.com\/site\/author\/anonimo\/"}]}},"amp_enabled":true,"_links":{"self":[{"href":"https:\/\/noticiasmercedinas.com\/site\/wp-json\/wp\/v2\/posts\/192614","targetHints":{"allow":["GET"]}}],"collection":[{"href":"https:\/\/noticiasmercedinas.com\/site\/wp-json\/wp\/v2\/posts"}],"about":[{"href":"https:\/\/noticiasmercedinas.com\/site\/wp-json\/wp\/v2\/types\/post"}],"author":[{"embeddable":true,"href":"https:\/\/noticiasmercedinas.com\/site\/wp-json\/wp\/v2\/users\/16"}],"replies":[{"embeddable":true,"href":"https:\/\/noticiasmercedinas.com\/site\/wp-json\/wp\/v2\/comments?post=192614"}],"version-history":[{"count":1,"href":"https:\/\/noticiasmercedinas.com\/site\/wp-json\/wp\/v2\/posts\/192614\/revisions"}],"predecessor-version":[{"id":192616,"href":"https:\/\/noticiasmercedinas.com\/site\/wp-json\/wp\/v2\/posts\/192614\/revisions\/192616"}],"wp:featuredmedia":[{"embeddable":true,"href":"https:\/\/noticiasmercedinas.com\/site\/wp-json\/wp\/v2\/media\/192615"}],"wp:attachment":[{"href":"https:\/\/noticiasmercedinas.com\/site\/wp-json\/wp\/v2\/media?parent=192614"}],"wp:term":[{"taxonomy":"category","embeddable":true,"href":"https:\/\/noticiasmercedinas.com\/site\/wp-json\/wp\/v2\/categories?post=192614"},{"taxonomy":"post_tag","embeddable":true,"href":"https:\/\/noticiasmercedinas.com\/site\/wp-json\/wp\/v2\/tags?post=192614"}],"curies":[{"name":"wp","href":"https:\/\/api.w.org\/{rel}","templated":true}]}}