{"id":192632,"date":"2026-08-12T10:11:49","date_gmt":"2026-08-12T13:11:49","guid":{"rendered":"https:\/\/noticiasmercedinas.com\/site\/?p=192632"},"modified":"2026-08-12T10:11:49","modified_gmt":"2026-08-12T13:11:49","slug":"sabrina-vinales-cruzo-a-mauricio-pollacchi-tras-reunion-por-la-clinica-cree-que-tiene-licencia-para-mentir","status":"publish","type":"post","link":"https:\/\/noticiasmercedinas.com\/site\/2026\/08\/12\/sabrina-vinales-cruzo-a-mauricio-pollacchi-tras-reunion-por-la-clinica-cree-que-tiene-licencia-para-mentir\/","title":{"rendered":"Sabrina Vi\u00f1ales cruz\u00f3 a Mauricio Pollacchi tras reuni\u00f3n por la Cl\u00ednica: \u00abCree que tiene licencia para mentir\u00bb"},"content":{"rendered":"<p data-path-to-node=\"2\"><img loading=\"lazy\" decoding=\"async\" class=\"alignnone size-full wp-image-190734\" src=\"https:\/\/noticiasmercedinas.com\/site\/wp-content\/uploads\/2026\/07\/sabrina_vinales_1.jpg\" alt=\"\" width=\"640\" height=\"417\" srcset=\"https:\/\/noticiasmercedinas.com\/site\/wp-content\/uploads\/2026\/07\/sabrina_vinales_1.jpg 640w, https:\/\/noticiasmercedinas.com\/site\/wp-content\/uploads\/2026\/07\/sabrina_vinales_1-300x194.jpg 300w\" sizes=\"auto, (max-width: 640px) 100vw, 640px\" \/><\/p>\n<p data-path-to-node=\"2\">La concejala Sabrina Vi\u00f1ales, presidenta de la Comisi\u00f3n de Legislaci\u00f3n General del Honorable Concejo Deliberante de Mercedes, sali\u00f3 al cruce de las recientes declaraciones p\u00fablicas del concejal Mauricio Pollacchi (La Libertad Avanza) tras la reuni\u00f3n mantenida con directivos y trabajadores de la Cl\u00ednica Nueva Cruz Azul, en el marco del tratamiento de un expediente originado por una petici\u00f3n en la Banca Participativa.<\/p>\n<p data-path-to-node=\"3\">Vi\u00f1ales desminti\u00f3 la versi\u00f3n vertida por el edil de la Libertad Avanza y fue categ\u00f3rica respecto a la situaci\u00f3n que atraviesan los adultos mayores de la ciudad.<\/p>\n<p data-path-to-node=\"3\">\u00abEl concejal Pollacchi cree que tiene licencia para mentir, porque lo que efectivamente qued\u00f3 muy claro es que la situaci\u00f3n es grav\u00edsima. Hay mucha gente afiliada a PAMI que hace meses espera una pr\u00f3tesis o una autorizaci\u00f3n, algunos con dolencias que requieren internaci\u00f3n, generando no solo incertidumbre para esas personas y sus familias, sino tambi\u00e9n consecuencias extremas y terminales\u00bb, asever\u00f3 la titular de la comisi\u00f3n.<\/p>\n<blockquote>\n<p data-path-to-node=\"3\">\u00abMe agracia cuando se intenta desplazar la discusi\u00f3n hacia la supuesta identidad pol\u00edtica de quienes reclaman. Si una persona necesita una pr\u00f3tesis, una operaci\u00f3n o un medicamento, a m\u00ed no me interesa a qui\u00e9n vot\u00f3\u00bb<\/p>\n<\/blockquote>\n<p data-path-to-node=\"4\">Asimismo, la concejala fustig\u00f3 la actitud adoptada por Pollacchi durante la comisi\u00f3n, se\u00f1alando que ingres\u00f3 media hora tarde al encuentro e intent\u00f3 descalificar la presentaci\u00f3n de los jubilados autoconvocados atribuy\u00e9ndoles una supuesta intencionalidad partidaria.<\/p>\n<p data-path-to-node=\"4\">\u00abMe agracia cuando se intenta desplazar la discusi\u00f3n hacia la supuesta identidad pol\u00edtica de quienes reclaman. Si una persona necesita una pr\u00f3tesis, una operaci\u00f3n o un medicamento, a m\u00ed no me interesa a qui\u00e9n vot\u00f3. Nos tiene que interesar que reciba la prestaci\u00f3n que necesita. Le pido al concejal Pollacchi que no mienta, porque tarde o temprano todo se sabe, y que nos ayude a resolver su justo reclamo\u00bb, afirm\u00f3.<\/p>\n<p data-path-to-node=\"5\">En relaci\u00f3n con el panorama del sistema sanitario local, Vi\u00f1ales record\u00f3 que aproximadamente el 70% de los pacientes asistidos en la Cl\u00ednica Cruz Azul son afiliados al PAMI y remarc\u00f3 la quita de cobertura al 100% en medicamentos impulsada por la actual gesti\u00f3n nacional.<\/p>\n<p data-path-to-node=\"5\">En ese sentido, inst\u00f3 al edil oficialista a nivel nacional a gestionar soluciones directas ante el organismo: \u00abPrecisamente porque pertenece al espacio pol\u00edtico que gobierna la Naci\u00f3n, ser\u00eda muy importante que nos ayudara a conseguir respuestas concretas del PAMI. Todas las reuniones de las comisiones del HCD se graban para conformar las actas; tenga presente eso, Pollacchi\u00bb.<\/p>\n","protected":false},"excerpt":{"rendered":"<p>\u25a0\u00a0La presidenta de la Comisi\u00f3n de Legislaci\u00f3n del Concejo Deliberante cuestion\u00f3 duramente al edil de La Libertad Avanza. Advirti\u00f3 sobre la gravedad de las demoras en las pr\u00f3tesis del PAMI, rechaz\u00f3 la descalificaci\u00f3n a los jubilados autoconvocados y le exigi\u00f3 respuestas concretas ante el organismo nacional.<\/p>\n","protected":false},"author":16,"featured_media":190734,"comment_status":"closed","ping_status":"closed","sticky":false,"template":"","format":"standard","meta":{"footnotes":""},"categories":[16],"tags":[22716,19,1881,541],"class_list":["post-192632","post","type-post","status-publish","format-standard","has-post-thumbnail","hentry","category-politica","tag-clinica-cruz-azul","tag-hcd","tag-legislacion","tag-sabrina-vinales"],"yoast_head":"<!-- This site is optimized with the Yoast SEO plugin v28.3 - https:\/\/yoast.com\/product\/yoast-seo-wordpress\/ -->\n<title>Sabrina Vi\u00f1ales cruz\u00f3 a Mauricio Pollacchi tras reuni\u00f3n por la Cl\u00ednica: &quot;Cree que tiene licencia para mentir&quot;<\/title>\n<meta name=\"description\" content=\"\u25a0\u00a0La presidenta de la Comisi\u00f3n de Legislaci\u00f3n del Concejo Deliberante cuestion\u00f3 duramente al edil de La Libertad Avanza. Advirti\u00f3 sobre la gravedad de las demoras en las pr\u00f3tesis del PAMI, rechaz\u00f3 la descalificaci\u00f3n a los jubilados autoconvocados y le exigi\u00f3 respuestas concretas ante el organismo nacional.\" \/>\n<meta name=\"robots\" content=\"index, follow, max-snippet:-1, max-image-preview:large, max-video-preview:-1\" \/>\n<link rel=\"canonical\" href=\"https:\/\/noticiasmercedinas.com\/site\/2026\/08\/12\/sabrina-vinales-cruzo-a-mauricio-pollacchi-tras-reunion-por-la-clinica-cree-que-tiene-licencia-para-mentir\/\" \/>\n<meta property=\"og:locale\" content=\"es_ES\" \/>\n<meta property=\"og:type\" content=\"article\" \/>\n<meta property=\"og:title\" content=\"Sabrina Vi\u00f1ales cruz\u00f3 a Mauricio Pollacchi tras reuni\u00f3n por la Cl\u00ednica: &quot;Cree que tiene licencia para mentir&quot;\" \/>\n<meta property=\"og:description\" content=\"\u25a0\u00a0La presidenta de la Comisi\u00f3n de Legislaci\u00f3n del Concejo Deliberante cuestion\u00f3 duramente al edil de La Libertad Avanza. Advirti\u00f3 sobre la gravedad de las demoras en las pr\u00f3tesis del PAMI, rechaz\u00f3 la descalificaci\u00f3n a los jubilados autoconvocados y le exigi\u00f3 respuestas concretas ante el organismo nacional.\" \/>\n<meta property=\"og:url\" content=\"https:\/\/noticiasmercedinas.com\/site\/2026\/08\/12\/sabrina-vinales-cruzo-a-mauricio-pollacchi-tras-reunion-por-la-clinica-cree-que-tiene-licencia-para-mentir\/\" \/>\n<meta property=\"og:site_name\" content=\"NOTICIASMERCEDINAS.COM\" \/>\n<meta property=\"article:publisher\" content=\"https:\/\/www.facebook.com\/noticiasmercedinas\/\" \/>\n<meta property=\"article:published_time\" content=\"2026-08-12T13:11:49+00:00\" \/>\n<meta property=\"og:image\" content=\"https:\/\/noticiasmercedinas.com\/site\/wp-content\/uploads\/2026\/07\/sabrina_vinales_1.jpg\" \/>\n\t<meta property=\"og:image:width\" content=\"640\" \/>\n\t<meta property=\"og:image:height\" content=\"417\" \/>\n\t<meta property=\"og:image:type\" content=\"image\/jpeg\" \/>\n<meta name=\"author\" content=\"NOTICIASMERCEDINAS.COM\" \/>\n<meta name=\"twitter:card\" content=\"summary_large_image\" \/>\n<meta name=\"twitter:creator\" content=\"@notmercedinas\" \/>\n<meta name=\"twitter:site\" content=\"@notmercedinas\" \/>\n<meta name=\"twitter:label1\" content=\"Escrito por\" \/>\n\t<meta name=\"twitter:data1\" content=\"NOTICIASMERCEDINAS.COM\" \/>\n\t<meta name=\"twitter:label2\" content=\"Tiempo de lectura\" \/>\n\t<meta name=\"twitter:data2\" content=\"3 minutos\" \/>\n<script type=\"application\/ld+json\" class=\"yoast-schema-graph\">{\"@context\":\"https:\\\/\\\/schema.org\",\"@graph\":[{\"@type\":\"Article\",\"@id\":\"https:\\\/\\\/noticiasmercedinas.com\\\/site\\\/2026\\\/08\\\/12\\\/sabrina-vinales-cruzo-a-mauricio-pollacchi-tras-reunion-por-la-clinica-cree-que-tiene-licencia-para-mentir\\\/#article\",\"isPartOf\":{\"@id\":\"https:\\\/\\\/noticiasmercedinas.com\\\/site\\\/2026\\\/08\\\/12\\\/sabrina-vinales-cruzo-a-mauricio-pollacchi-tras-reunion-por-la-clinica-cree-que-tiene-licencia-para-mentir\\\/\"},\"author\":{\"name\":\"NOTICIASMERCEDINAS.COM\",\"@id\":\"https:\\\/\\\/noticiasmercedinas.com\\\/site\\\/#\\\/schema\\\/person\\\/84b59c099c28ff2e8b77d4ceec5d8063\"},\"headline\":\"Sabrina Vi\u00f1ales cruz\u00f3 a Mauricio Pollacchi tras reuni\u00f3n por la Cl\u00ednica: \u00abCree que tiene licencia para mentir\u00bb\",\"datePublished\":\"2026-08-12T13:11:49+00:00\",\"mainEntityOfPage\":{\"@id\":\"https:\\\/\\\/noticiasmercedinas.com\\\/site\\\/2026\\\/08\\\/12\\\/sabrina-vinales-cruzo-a-mauricio-pollacchi-tras-reunion-por-la-clinica-cree-que-tiene-licencia-para-mentir\\\/\"},\"wordCount\":452,\"publisher\":{\"@id\":\"https:\\\/\\\/noticiasmercedinas.com\\\/site\\\/#organization\"},\"image\":{\"@id\":\"https:\\\/\\\/noticiasmercedinas.com\\\/site\\\/2026\\\/08\\\/12\\\/sabrina-vinales-cruzo-a-mauricio-pollacchi-tras-reunion-por-la-clinica-cree-que-tiene-licencia-para-mentir\\\/#primaryimage\"},\"thumbnailUrl\":\"https:\\\/\\\/noticiasmercedinas.com\\\/site\\\/wp-content\\\/uploads\\\/2026\\\/07\\\/sabrina_vinales_1.jpg\",\"keywords\":[\"clinica cruz azul\",\"HCD\",\"Legislaci\u00f3n\",\"sabrina vi\u00f1ales\"],\"articleSection\":[\"Politica\"],\"inLanguage\":\"es\"},{\"@type\":\"WebPage\",\"@id\":\"https:\\\/\\\/noticiasmercedinas.com\\\/site\\\/2026\\\/08\\\/12\\\/sabrina-vinales-cruzo-a-mauricio-pollacchi-tras-reunion-por-la-clinica-cree-que-tiene-licencia-para-mentir\\\/\",\"url\":\"https:\\\/\\\/noticiasmercedinas.com\\\/site\\\/2026\\\/08\\\/12\\\/sabrina-vinales-cruzo-a-mauricio-pollacchi-tras-reunion-por-la-clinica-cree-que-tiene-licencia-para-mentir\\\/\",\"name\":\"Sabrina Vi\u00f1ales cruz\u00f3 a Mauricio Pollacchi tras reuni\u00f3n por la Cl\u00ednica: \\\"Cree que tiene licencia para mentir\\\"\",\"isPartOf\":{\"@id\":\"https:\\\/\\\/noticiasmercedinas.com\\\/site\\\/#website\"},\"primaryImageOfPage\":{\"@id\":\"https:\\\/\\\/noticiasmercedinas.com\\\/site\\\/2026\\\/08\\\/12\\\/sabrina-vinales-cruzo-a-mauricio-pollacchi-tras-reunion-por-la-clinica-cree-que-tiene-licencia-para-mentir\\\/#primaryimage\"},\"image\":{\"@id\":\"https:\\\/\\\/noticiasmercedinas.com\\\/site\\\/2026\\\/08\\\/12\\\/sabrina-vinales-cruzo-a-mauricio-pollacchi-tras-reunion-por-la-clinica-cree-que-tiene-licencia-para-mentir\\\/#primaryimage\"},\"thumbnailUrl\":\"https:\\\/\\\/noticiasmercedinas.com\\\/site\\\/wp-content\\\/uploads\\\/2026\\\/07\\\/sabrina_vinales_1.jpg\",\"datePublished\":\"2026-08-12T13:11:49+00:00\",\"description\":\"\u25a0\u00a0La presidenta de la Comisi\u00f3n de Legislaci\u00f3n del Concejo Deliberante cuestion\u00f3 duramente al edil de La Libertad Avanza. Advirti\u00f3 sobre la gravedad de las demoras en las pr\u00f3tesis del PAMI, rechaz\u00f3 la descalificaci\u00f3n a los jubilados autoconvocados y le exigi\u00f3 respuestas concretas ante el organismo nacional.\",\"breadcrumb\":{\"@id\":\"https:\\\/\\\/noticiasmercedinas.com\\\/site\\\/2026\\\/08\\\/12\\\/sabrina-vinales-cruzo-a-mauricio-pollacchi-tras-reunion-por-la-clinica-cree-que-tiene-licencia-para-mentir\\\/#breadcrumb\"},\"inLanguage\":\"es\",\"potentialAction\":[{\"@type\":\"ReadAction\",\"target\":[\"https:\\\/\\\/noticiasmercedinas.com\\\/site\\\/2026\\\/08\\\/12\\\/sabrina-vinales-cruzo-a-mauricio-pollacchi-tras-reunion-por-la-clinica-cree-que-tiene-licencia-para-mentir\\\/\"]}]},{\"@type\":\"ImageObject\",\"inLanguage\":\"es\",\"@id\":\"https:\\\/\\\/noticiasmercedinas.com\\\/site\\\/2026\\\/08\\\/12\\\/sabrina-vinales-cruzo-a-mauricio-pollacchi-tras-reunion-por-la-clinica-cree-que-tiene-licencia-para-mentir\\\/#primaryimage\",\"url\":\"https:\\\/\\\/noticiasmercedinas.com\\\/site\\\/wp-content\\\/uploads\\\/2026\\\/07\\\/sabrina_vinales_1.jpg\",\"contentUrl\":\"https:\\\/\\\/noticiasmercedinas.com\\\/site\\\/wp-content\\\/uploads\\\/2026\\\/07\\\/sabrina_vinales_1.jpg\",\"width\":640,\"height\":417},{\"@type\":\"BreadcrumbList\",\"@id\":\"https:\\\/\\\/noticiasmercedinas.com\\\/site\\\/2026\\\/08\\\/12\\\/sabrina-vinales-cruzo-a-mauricio-pollacchi-tras-reunion-por-la-clinica-cree-que-tiene-licencia-para-mentir\\\/#breadcrumb\",\"itemListElement\":[{\"@type\":\"ListItem\",\"position\":1,\"name\":\"Portada\",\"item\":\"https:\\\/\\\/noticiasmercedinas.com\\\/site\\\/\"},{\"@type\":\"ListItem\",\"position\":2,\"name\":\"Sabrina Vi\u00f1ales cruz\u00f3 a Mauricio Pollacchi tras reuni\u00f3n por la Cl\u00ednica: \u00abCree que tiene licencia para mentir\u00bb\"}]},{\"@type\":\"WebSite\",\"@id\":\"https:\\\/\\\/noticiasmercedinas.com\\\/site\\\/#website\",\"url\":\"https:\\\/\\\/noticiasmercedinas.com\\\/site\\\/\",\"name\":\"NOTICIASMERCEDINAS.COM\",\"description\":\"Mercedes, Buenos Aires, Argentina\",\"publisher\":{\"@id\":\"https:\\\/\\\/noticiasmercedinas.com\\\/site\\\/#organization\"},\"potentialAction\":[{\"@type\":\"SearchAction\",\"target\":{\"@type\":\"EntryPoint\",\"urlTemplate\":\"https:\\\/\\\/noticiasmercedinas.com\\\/site\\\/?s={search_term_string}\"},\"query-input\":{\"@type\":\"PropertyValueSpecification\",\"valueRequired\":true,\"valueName\":\"search_term_string\"}}],\"inLanguage\":\"es\"},{\"@type\":\"Organization\",\"@id\":\"https:\\\/\\\/noticiasmercedinas.com\\\/site\\\/#organization\",\"name\":\"NOTICIASMERCEDINAS.COM\",\"url\":\"https:\\\/\\\/noticiasmercedinas.com\\\/site\\\/\",\"logo\":{\"@type\":\"ImageObject\",\"inLanguage\":\"es\",\"@id\":\"https:\\\/\\\/noticiasmercedinas.com\\\/site\\\/#\\\/schema\\\/logo\\\/image\\\/\",\"url\":\"https:\\\/\\\/noticiasmercedinas.com\\\/site\\\/wp-content\\\/uploads\\\/2020\\\/06\\\/LOGO-512.jpg\",\"contentUrl\":\"https:\\\/\\\/noticiasmercedinas.com\\\/site\\\/wp-content\\\/uploads\\\/2020\\\/06\\\/LOGO-512.jpg\",\"width\":512,\"height\":512,\"caption\":\"NOTICIASMERCEDINAS.COM\"},\"image\":{\"@id\":\"https:\\\/\\\/noticiasmercedinas.com\\\/site\\\/#\\\/schema\\\/logo\\\/image\\\/\"},\"sameAs\":[\"https:\\\/\\\/www.facebook.com\\\/noticiasmercedinas\\\/\",\"https:\\\/\\\/x.com\\\/notmercedinas\",\"https:\\\/\\\/www.instagram.com\\\/noticiasmercedinas\\\/\"]},{\"@type\":\"Person\",\"@id\":\"https:\\\/\\\/noticiasmercedinas.com\\\/site\\\/#\\\/schema\\\/person\\\/84b59c099c28ff2e8b77d4ceec5d8063\",\"name\":\"NOTICIASMERCEDINAS.COM\",\"image\":{\"@type\":\"ImageObject\",\"inLanguage\":\"es\",\"@id\":\"https:\\\/\\\/secure.gravatar.com\\\/avatar\\\/4dfbf16b4d17945bfb6341b2d19043457132fcf478a5ee04f42e959fd8f5df0a?s=96&d=mm&r=g\",\"url\":\"https:\\\/\\\/secure.gravatar.com\\\/avatar\\\/4dfbf16b4d17945bfb6341b2d19043457132fcf478a5ee04f42e959fd8f5df0a?s=96&d=mm&r=g\",\"contentUrl\":\"https:\\\/\\\/secure.gravatar.com\\\/avatar\\\/4dfbf16b4d17945bfb6341b2d19043457132fcf478a5ee04f42e959fd8f5df0a?s=96&d=mm&r=g\",\"caption\":\"NOTICIASMERCEDINAS.COM\"},\"url\":\"https:\\\/\\\/noticiasmercedinas.com\\\/site\\\/author\\\/anonimo\\\/\"}]}<\/script>\n<!-- \/ Yoast SEO plugin. -->","yoast_head_json":{"title":"Sabrina Vi\u00f1ales cruz\u00f3 a Mauricio Pollacchi tras reuni\u00f3n por la Cl\u00ednica: \"Cree que tiene licencia para mentir\"","description":"\u25a0\u00a0La presidenta de la Comisi\u00f3n de Legislaci\u00f3n del Concejo Deliberante cuestion\u00f3 duramente al edil de La Libertad Avanza. Advirti\u00f3 sobre la gravedad de las demoras en las pr\u00f3tesis del PAMI, rechaz\u00f3 la descalificaci\u00f3n a los jubilados autoconvocados y le exigi\u00f3 respuestas concretas ante el organismo nacional.","robots":{"index":"index","follow":"follow","max-snippet":"max-snippet:-1","max-image-preview":"max-image-preview:large","max-video-preview":"max-video-preview:-1"},"canonical":"https:\/\/noticiasmercedinas.com\/site\/2026\/08\/12\/sabrina-vinales-cruzo-a-mauricio-pollacchi-tras-reunion-por-la-clinica-cree-que-tiene-licencia-para-mentir\/","og_locale":"es_ES","og_type":"article","og_title":"Sabrina Vi\u00f1ales cruz\u00f3 a Mauricio Pollacchi tras reuni\u00f3n por la Cl\u00ednica: \"Cree que tiene licencia para mentir\"","og_description":"\u25a0\u00a0La presidenta de la Comisi\u00f3n de Legislaci\u00f3n del Concejo Deliberante cuestion\u00f3 duramente al edil de La Libertad Avanza. Advirti\u00f3 sobre la gravedad de las demoras en las pr\u00f3tesis del PAMI, rechaz\u00f3 la descalificaci\u00f3n a los jubilados autoconvocados y le exigi\u00f3 respuestas concretas ante el organismo nacional.","og_url":"https:\/\/noticiasmercedinas.com\/site\/2026\/08\/12\/sabrina-vinales-cruzo-a-mauricio-pollacchi-tras-reunion-por-la-clinica-cree-que-tiene-licencia-para-mentir\/","og_site_name":"NOTICIASMERCEDINAS.COM","article_publisher":"https:\/\/www.facebook.com\/noticiasmercedinas\/","article_published_time":"2026-08-12T13:11:49+00:00","og_image":[{"width":640,"height":417,"url":"https:\/\/noticiasmercedinas.com\/site\/wp-content\/uploads\/2026\/07\/sabrina_vinales_1.jpg","type":"image\/jpeg"}],"author":"NOTICIASMERCEDINAS.COM","twitter_card":"summary_large_image","twitter_creator":"@notmercedinas","twitter_site":"@notmercedinas","twitter_misc":{"Escrito por":"NOTICIASMERCEDINAS.COM","Tiempo de lectura":"3 minutos"},"schema":{"@context":"https:\/\/schema.org","@graph":[{"@type":"Article","@id":"https:\/\/noticiasmercedinas.com\/site\/2026\/08\/12\/sabrina-vinales-cruzo-a-mauricio-pollacchi-tras-reunion-por-la-clinica-cree-que-tiene-licencia-para-mentir\/#article","isPartOf":{"@id":"https:\/\/noticiasmercedinas.com\/site\/2026\/08\/12\/sabrina-vinales-cruzo-a-mauricio-pollacchi-tras-reunion-por-la-clinica-cree-que-tiene-licencia-para-mentir\/"},"author":{"name":"NOTICIASMERCEDINAS.COM","@id":"https:\/\/noticiasmercedinas.com\/site\/#\/schema\/person\/84b59c099c28ff2e8b77d4ceec5d8063"},"headline":"Sabrina Vi\u00f1ales cruz\u00f3 a Mauricio Pollacchi tras reuni\u00f3n por la Cl\u00ednica: \u00abCree que tiene licencia para mentir\u00bb","datePublished":"2026-08-12T13:11:49+00:00","mainEntityOfPage":{"@id":"https:\/\/noticiasmercedinas.com\/site\/2026\/08\/12\/sabrina-vinales-cruzo-a-mauricio-pollacchi-tras-reunion-por-la-clinica-cree-que-tiene-licencia-para-mentir\/"},"wordCount":452,"publisher":{"@id":"https:\/\/noticiasmercedinas.com\/site\/#organization"},"image":{"@id":"https:\/\/noticiasmercedinas.com\/site\/2026\/08\/12\/sabrina-vinales-cruzo-a-mauricio-pollacchi-tras-reunion-por-la-clinica-cree-que-tiene-licencia-para-mentir\/#primaryimage"},"thumbnailUrl":"https:\/\/noticiasmercedinas.com\/site\/wp-content\/uploads\/2026\/07\/sabrina_vinales_1.jpg","keywords":["clinica cruz azul","HCD","Legislaci\u00f3n","sabrina vi\u00f1ales"],"articleSection":["Politica"],"inLanguage":"es"},{"@type":"WebPage","@id":"https:\/\/noticiasmercedinas.com\/site\/2026\/08\/12\/sabrina-vinales-cruzo-a-mauricio-pollacchi-tras-reunion-por-la-clinica-cree-que-tiene-licencia-para-mentir\/","url":"https:\/\/noticiasmercedinas.com\/site\/2026\/08\/12\/sabrina-vinales-cruzo-a-mauricio-pollacchi-tras-reunion-por-la-clinica-cree-que-tiene-licencia-para-mentir\/","name":"Sabrina Vi\u00f1ales cruz\u00f3 a Mauricio Pollacchi tras reuni\u00f3n por la Cl\u00ednica: \"Cree que tiene licencia para mentir\"","isPartOf":{"@id":"https:\/\/noticiasmercedinas.com\/site\/#website"},"primaryImageOfPage":{"@id":"https:\/\/noticiasmercedinas.com\/site\/2026\/08\/12\/sabrina-vinales-cruzo-a-mauricio-pollacchi-tras-reunion-por-la-clinica-cree-que-tiene-licencia-para-mentir\/#primaryimage"},"image":{"@id":"https:\/\/noticiasmercedinas.com\/site\/2026\/08\/12\/sabrina-vinales-cruzo-a-mauricio-pollacchi-tras-reunion-por-la-clinica-cree-que-tiene-licencia-para-mentir\/#primaryimage"},"thumbnailUrl":"https:\/\/noticiasmercedinas.com\/site\/wp-content\/uploads\/2026\/07\/sabrina_vinales_1.jpg","datePublished":"2026-08-12T13:11:49+00:00","description":"\u25a0\u00a0La presidenta de la Comisi\u00f3n de Legislaci\u00f3n del Concejo Deliberante cuestion\u00f3 duramente al edil de La Libertad Avanza. Advirti\u00f3 sobre la gravedad de las demoras en las pr\u00f3tesis del PAMI, rechaz\u00f3 la descalificaci\u00f3n a los jubilados autoconvocados y le exigi\u00f3 respuestas concretas ante el organismo nacional.","breadcrumb":{"@id":"https:\/\/noticiasmercedinas.com\/site\/2026\/08\/12\/sabrina-vinales-cruzo-a-mauricio-pollacchi-tras-reunion-por-la-clinica-cree-que-tiene-licencia-para-mentir\/#breadcrumb"},"inLanguage":"es","potentialAction":[{"@type":"ReadAction","target":["https:\/\/noticiasmercedinas.com\/site\/2026\/08\/12\/sabrina-vinales-cruzo-a-mauricio-pollacchi-tras-reunion-por-la-clinica-cree-que-tiene-licencia-para-mentir\/"]}]},{"@type":"ImageObject","inLanguage":"es","@id":"https:\/\/noticiasmercedinas.com\/site\/2026\/08\/12\/sabrina-vinales-cruzo-a-mauricio-pollacchi-tras-reunion-por-la-clinica-cree-que-tiene-licencia-para-mentir\/#primaryimage","url":"https:\/\/noticiasmercedinas.com\/site\/wp-content\/uploads\/2026\/07\/sabrina_vinales_1.jpg","contentUrl":"https:\/\/noticiasmercedinas.com\/site\/wp-content\/uploads\/2026\/07\/sabrina_vinales_1.jpg","width":640,"height":417},{"@type":"BreadcrumbList","@id":"https:\/\/noticiasmercedinas.com\/site\/2026\/08\/12\/sabrina-vinales-cruzo-a-mauricio-pollacchi-tras-reunion-por-la-clinica-cree-que-tiene-licencia-para-mentir\/#breadcrumb","itemListElement":[{"@type":"ListItem","position":1,"name":"Portada","item":"https:\/\/noticiasmercedinas.com\/site\/"},{"@type":"ListItem","position":2,"name":"Sabrina Vi\u00f1ales cruz\u00f3 a Mauricio Pollacchi tras reuni\u00f3n por la Cl\u00ednica: \u00abCree que tiene licencia para mentir\u00bb"}]},{"@type":"WebSite","@id":"https:\/\/noticiasmercedinas.com\/site\/#website","url":"https:\/\/noticiasmercedinas.com\/site\/","name":"NOTICIASMERCEDINAS.COM","description":"Mercedes, Buenos Aires, Argentina","publisher":{"@id":"https:\/\/noticiasmercedinas.com\/site\/#organization"},"potentialAction":[{"@type":"SearchAction","target":{"@type":"EntryPoint","urlTemplate":"https:\/\/noticiasmercedinas.com\/site\/?s={search_term_string}"},"query-input":{"@type":"PropertyValueSpecification","valueRequired":true,"valueName":"search_term_string"}}],"inLanguage":"es"},{"@type":"Organization","@id":"https:\/\/noticiasmercedinas.com\/site\/#organization","name":"NOTICIASMERCEDINAS.COM","url":"https:\/\/noticiasmercedinas.com\/site\/","logo":{"@type":"ImageObject","inLanguage":"es","@id":"https:\/\/noticiasmercedinas.com\/site\/#\/schema\/logo\/image\/","url":"https:\/\/noticiasmercedinas.com\/site\/wp-content\/uploads\/2020\/06\/LOGO-512.jpg","contentUrl":"https:\/\/noticiasmercedinas.com\/site\/wp-content\/uploads\/2020\/06\/LOGO-512.jpg","width":512,"height":512,"caption":"NOTICIASMERCEDINAS.COM"},"image":{"@id":"https:\/\/noticiasmercedinas.com\/site\/#\/schema\/logo\/image\/"},"sameAs":["https:\/\/www.facebook.com\/noticiasmercedinas\/","https:\/\/x.com\/notmercedinas","https:\/\/www.instagram.com\/noticiasmercedinas\/"]},{"@type":"Person","@id":"https:\/\/noticiasmercedinas.com\/site\/#\/schema\/person\/84b59c099c28ff2e8b77d4ceec5d8063","name":"NOTICIASMERCEDINAS.COM","image":{"@type":"ImageObject","inLanguage":"es","@id":"https:\/\/secure.gravatar.com\/avatar\/4dfbf16b4d17945bfb6341b2d19043457132fcf478a5ee04f42e959fd8f5df0a?s=96&d=mm&r=g","url":"https:\/\/secure.gravatar.com\/avatar\/4dfbf16b4d17945bfb6341b2d19043457132fcf478a5ee04f42e959fd8f5df0a?s=96&d=mm&r=g","contentUrl":"https:\/\/secure.gravatar.com\/avatar\/4dfbf16b4d17945bfb6341b2d19043457132fcf478a5ee04f42e959fd8f5df0a?s=96&d=mm&r=g","caption":"NOTICIASMERCEDINAS.COM"},"url":"https:\/\/noticiasmercedinas.com\/site\/author\/anonimo\/"}]}},"amp_enabled":true,"_links":{"self":[{"href":"https:\/\/noticiasmercedinas.com\/site\/wp-json\/wp\/v2\/posts\/192632","targetHints":{"allow":["GET"]}}],"collection":[{"href":"https:\/\/noticiasmercedinas.com\/site\/wp-json\/wp\/v2\/posts"}],"about":[{"href":"https:\/\/noticiasmercedinas.com\/site\/wp-json\/wp\/v2\/types\/post"}],"author":[{"embeddable":true,"href":"https:\/\/noticiasmercedinas.com\/site\/wp-json\/wp\/v2\/users\/16"}],"replies":[{"embeddable":true,"href":"https:\/\/noticiasmercedinas.com\/site\/wp-json\/wp\/v2\/comments?post=192632"}],"version-history":[{"count":1,"href":"https:\/\/noticiasmercedinas.com\/site\/wp-json\/wp\/v2\/posts\/192632\/revisions"}],"predecessor-version":[{"id":192633,"href":"https:\/\/noticiasmercedinas.com\/site\/wp-json\/wp\/v2\/posts\/192632\/revisions\/192633"}],"wp:featuredmedia":[{"embeddable":true,"href":"https:\/\/noticiasmercedinas.com\/site\/wp-json\/wp\/v2\/media\/190734"}],"wp:attachment":[{"href":"https:\/\/noticiasmercedinas.com\/site\/wp-json\/wp\/v2\/media?parent=192632"}],"wp:term":[{"taxonomy":"category","embeddable":true,"href":"https:\/\/noticiasmercedinas.com\/site\/wp-json\/wp\/v2\/categories?post=192632"},{"taxonomy":"post_tag","embeddable":true,"href":"https:\/\/noticiasmercedinas.com\/site\/wp-json\/wp\/v2\/tags?post=192632"}],"curies":[{"name":"wp","href":"https:\/\/api.w.org\/{rel}","templated":true}]}}