{"id":192647,"date":"2026-08-12T12:32:02","date_gmt":"2026-08-12T15:32:02","guid":{"rendered":"https:\/\/noticiasmercedinas.com\/site\/?p=192647"},"modified":"2026-08-12T12:32:13","modified_gmt":"2026-08-12T15:32:13","slug":"lujan-sera-sede-de-la-primera-peregrinacion-nacional-de-veteranos-de-guerra-de-malvinas","status":"publish","type":"post","link":"https:\/\/noticiasmercedinas.com\/site\/2026\/08\/12\/lujan-sera-sede-de-la-primera-peregrinacion-nacional-de-veteranos-de-guerra-de-malvinas\/","title":{"rendered":"Luj\u00e1n ser\u00e1 sede de la Primera Peregrinaci\u00f3n Nacional de Veteranos de Guerra de Malvinas"},"content":{"rendered":"<p data-path-to-node=\"0\"><img loading=\"lazy\" decoding=\"async\" class=\"alignnone size-full wp-image-192648\" src=\"https:\/\/noticiasmercedinas.com\/site\/wp-content\/uploads\/2026\/08\/Peregrinacion-de-veteranos-de-Malvinas-1.jpeg\" alt=\"\" width=\"1231\" height=\"751\" srcset=\"https:\/\/noticiasmercedinas.com\/site\/wp-content\/uploads\/2026\/08\/Peregrinacion-de-veteranos-de-Malvinas-1.jpeg 1231w, https:\/\/noticiasmercedinas.com\/site\/wp-content\/uploads\/2026\/08\/Peregrinacion-de-veteranos-de-Malvinas-1-300x183.jpeg 300w, https:\/\/noticiasmercedinas.com\/site\/wp-content\/uploads\/2026\/08\/Peregrinacion-de-veteranos-de-Malvinas-1-1024x625.jpeg 1024w, https:\/\/noticiasmercedinas.com\/site\/wp-content\/uploads\/2026\/08\/Peregrinacion-de-veteranos-de-Malvinas-1-768x469.jpeg 768w, https:\/\/noticiasmercedinas.com\/site\/wp-content\/uploads\/2026\/08\/Peregrinacion-de-veteranos-de-Malvinas-1-640x390.jpeg 640w, https:\/\/noticiasmercedinas.com\/site\/wp-content\/uploads\/2026\/08\/Peregrinacion-de-veteranos-de-Malvinas-1-681x415.jpeg 681w\" sizes=\"auto, (max-width: 1231px) 100vw, 1231px\" \/><\/p>\n<p data-path-to-node=\"2\">La ciudad de Luj\u00e1n recibir\u00e1 el pr\u00f3ximo 20 de septiembre la Primera Peregrinaci\u00f3n Nacional de Veteranos de Guerra de Malvinas a la Bas\u00edlica Nuestra Se\u00f1ora de Luj\u00e1n, una iniciativa concebida para rendir homenaje a los excombatientes y ratificar el reclamo de soberan\u00eda sobre las islas.<\/p>\n<p data-path-to-node=\"2\">El encuentro, de car\u00e1cter hist\u00f3rico y federal, es organizado por el Municipio de Luj\u00e1n en conjunto con la Federaci\u00f3n de Veteranos de Guerra de la Provincia de Buenos Aires, la Confederaci\u00f3n de Combatientes de Malvinas, el Centro de Veteranos de Guerra de Luj\u00e1n y el Santuario local.<\/p>\n<blockquote>\n<p data-path-to-node=\"2\">Convocada para el pr\u00f3ximo 20 de septiembre, la jornada reunir\u00e1 a excombatientes de todo el pa\u00eds en un encuentro de fe, memoria y soberan\u00eda frente a la Bas\u00edlica Nuestra Se\u00f1ora de Luj\u00e1n.<\/p>\n<\/blockquote>\n<p data-path-to-node=\"3\">El cronograma oficial comenzar\u00e1 a las 10:00 horas con la concentraci\u00f3n de las delegaciones en el Complejo Monumental Malvinas Argentinas y el posterior izamiento del pabell\u00f3n en la rotonda Ana de Matos.<\/p>\n<p data-path-to-node=\"3\">Desde all\u00ed, los veteranos, sus familias y la comunidad marchar\u00e1n hacia la Plaza Belgrano, frente al templo mariano, donde se llevar\u00e1 a cabo el acto institucional previo a la celebraci\u00f3n de la Misa Central, programada para las 13:00 horas dentro de la Bas\u00edlica.<\/p>\n<p data-path-to-node=\"4\">La elecci\u00f3n de la sede guarda un fuerte lazo hist\u00f3rico con la contienda b\u00e9lica de 1982. Durante las acciones en el Atl\u00e1ntico Sur, la imagen de la Virgen de Luj\u00e1n acompa\u00f1\u00f3 a las tropas argentinas en el archipi\u00e9lago y, tras permanecer 37 a\u00f1os en Gran Breta\u00f1a, fue repatriada en 2019. Al respecto, el intendente Leonardo Boto remarc\u00f3 que \u00abMalvinas no pertenece al pasado, es una causa permanente que forma parte de nuestra identidad como pueblo\u00bb y destac\u00f3 el valor espiritual de reunir a las instituciones de todo el pa\u00eds a los pies de la patrona nacional.<\/p>\n<p data-path-to-node=\"5\">Para coordinar la log\u00edstica y brindar asistencia a las delegaciones interesadas en participar, la organizaci\u00f3n habilit\u00f3 el portal oficial <a class=\"ng-star-inserted\" href=\"https:\/\/peregrinacionmalvinas.lujan.gob.ar\" target=\"_blank\" rel=\"noopener\" data-hveid=\"0\" data-ved=\"0CAAQ_4QMahgKEwjM7IO88JqWAxUAAAAAHQAAAAAQ9wM\">peregrinacionmalvinas.lujan.gob.ar<\/a>.<\/p>\n","protected":false},"excerpt":{"rendered":"<p>La ciudad de Luj\u00e1n recibir\u00e1 el pr\u00f3ximo 20 de septiembre la Primera Peregrinaci\u00f3n Nacional de Veteranos de Guerra de Malvinas a la Bas\u00edlica Nuestra Se\u00f1ora de Luj\u00e1n, una iniciativa concebida para rendir homenaje a los excombatientes y ratificar el reclamo de soberan\u00eda sobre las islas. El encuentro, de car\u00e1cter hist\u00f3rico y federal, es organizado por [&hellip;]<\/p>\n","protected":false},"author":16,"featured_media":192648,"comment_status":"closed","ping_status":"closed","sticky":false,"template":"","format":"standard","meta":{"footnotes":""},"categories":[139],"tags":[40,656,99,3050],"class_list":["post-192647","post","type-post","status-publish","format-standard","has-post-thumbnail","hentry","category-regionales","tag-lujan","tag-malvinas","tag-peregrinacion","tag-veteranos-de-guerra"],"yoast_head":"<!-- This site is optimized with the Yoast SEO plugin v28.3 - https:\/\/yoast.com\/product\/yoast-seo-wordpress\/ -->\n<title>Luj\u00e1n ser\u00e1 sede de la Primera Peregrinaci\u00f3n Nacional de Veteranos de Guerra de Malvinas<\/title>\n<meta name=\"description\" content=\"Convocada para el pr\u00f3ximo 20 de septiembre, la jornada reunir\u00e1 a excombatientes de todo el pa\u00eds en un encuentro de fe, memoria y soberan\u00eda frente a la Bas\u00edlica Nuestra Se\u00f1ora de Luj\u00e1n.\" \/>\n<meta name=\"robots\" content=\"index, follow, max-snippet:-1, max-image-preview:large, max-video-preview:-1\" \/>\n<link rel=\"canonical\" href=\"https:\/\/noticiasmercedinas.com\/site\/2026\/08\/12\/lujan-sera-sede-de-la-primera-peregrinacion-nacional-de-veteranos-de-guerra-de-malvinas\/\" \/>\n<meta property=\"og:locale\" content=\"es_ES\" \/>\n<meta property=\"og:type\" content=\"article\" \/>\n<meta property=\"og:title\" content=\"Luj\u00e1n ser\u00e1 sede de la Primera Peregrinaci\u00f3n Nacional de Veteranos de Guerra de Malvinas\" \/>\n<meta property=\"og:description\" content=\"Convocada para el pr\u00f3ximo 20 de septiembre, la jornada reunir\u00e1 a excombatientes de todo el pa\u00eds en un encuentro de fe, memoria y soberan\u00eda frente a la Bas\u00edlica Nuestra Se\u00f1ora de Luj\u00e1n.\" \/>\n<meta property=\"og:url\" content=\"https:\/\/noticiasmercedinas.com\/site\/2026\/08\/12\/lujan-sera-sede-de-la-primera-peregrinacion-nacional-de-veteranos-de-guerra-de-malvinas\/\" \/>\n<meta property=\"og:site_name\" content=\"NOTICIASMERCEDINAS.COM\" \/>\n<meta property=\"article:publisher\" content=\"https:\/\/www.facebook.com\/noticiasmercedinas\/\" \/>\n<meta property=\"article:published_time\" content=\"2026-08-12T15:32:02+00:00\" \/>\n<meta property=\"article:modified_time\" content=\"2026-08-12T15:32:13+00:00\" \/>\n<meta property=\"og:image\" content=\"https:\/\/noticiasmercedinas.com\/site\/wp-content\/uploads\/2026\/08\/Peregrinacion-de-veteranos-de-Malvinas-1.jpeg\" \/>\n\t<meta property=\"og:image:width\" content=\"1231\" \/>\n\t<meta property=\"og:image:height\" content=\"751\" \/>\n\t<meta property=\"og:image:type\" content=\"image\/jpeg\" \/>\n<meta name=\"author\" content=\"NOTICIASMERCEDINAS.COM\" \/>\n<meta name=\"twitter:card\" content=\"summary_large_image\" \/>\n<meta name=\"twitter:creator\" content=\"@notmercedinas\" \/>\n<meta name=\"twitter:site\" content=\"@notmercedinas\" \/>\n<meta name=\"twitter:label1\" content=\"Escrito por\" \/>\n\t<meta name=\"twitter:data1\" content=\"NOTICIASMERCEDINAS.COM\" \/>\n\t<meta name=\"twitter:label2\" content=\"Tiempo de lectura\" \/>\n\t<meta name=\"twitter:data2\" content=\"2 minutos\" \/>\n<script type=\"application\/ld+json\" class=\"yoast-schema-graph\">{\"@context\":\"https:\\\/\\\/schema.org\",\"@graph\":[{\"@type\":\"Article\",\"@id\":\"https:\\\/\\\/noticiasmercedinas.com\\\/site\\\/2026\\\/08\\\/12\\\/lujan-sera-sede-de-la-primera-peregrinacion-nacional-de-veteranos-de-guerra-de-malvinas\\\/#article\",\"isPartOf\":{\"@id\":\"https:\\\/\\\/noticiasmercedinas.com\\\/site\\\/2026\\\/08\\\/12\\\/lujan-sera-sede-de-la-primera-peregrinacion-nacional-de-veteranos-de-guerra-de-malvinas\\\/\"},\"author\":{\"name\":\"NOTICIASMERCEDINAS.COM\",\"@id\":\"https:\\\/\\\/noticiasmercedinas.com\\\/site\\\/#\\\/schema\\\/person\\\/84b59c099c28ff2e8b77d4ceec5d8063\"},\"headline\":\"Luj\u00e1n ser\u00e1 sede de la Primera Peregrinaci\u00f3n Nacional de Veteranos de Guerra de Malvinas\",\"datePublished\":\"2026-08-12T15:32:02+00:00\",\"dateModified\":\"2026-08-12T15:32:13+00:00\",\"mainEntityOfPage\":{\"@id\":\"https:\\\/\\\/noticiasmercedinas.com\\\/site\\\/2026\\\/08\\\/12\\\/lujan-sera-sede-de-la-primera-peregrinacion-nacional-de-veteranos-de-guerra-de-malvinas\\\/\"},\"wordCount\":362,\"publisher\":{\"@id\":\"https:\\\/\\\/noticiasmercedinas.com\\\/site\\\/#organization\"},\"image\":{\"@id\":\"https:\\\/\\\/noticiasmercedinas.com\\\/site\\\/2026\\\/08\\\/12\\\/lujan-sera-sede-de-la-primera-peregrinacion-nacional-de-veteranos-de-guerra-de-malvinas\\\/#primaryimage\"},\"thumbnailUrl\":\"https:\\\/\\\/noticiasmercedinas.com\\\/site\\\/wp-content\\\/uploads\\\/2026\\\/08\\\/Peregrinacion-de-veteranos-de-Malvinas-1.jpeg\",\"keywords\":[\"lujan\",\"malvinas\",\"peregrinacion\",\"veteranos de guerra\"],\"articleSection\":[\"Regionales\"],\"inLanguage\":\"es\"},{\"@type\":\"WebPage\",\"@id\":\"https:\\\/\\\/noticiasmercedinas.com\\\/site\\\/2026\\\/08\\\/12\\\/lujan-sera-sede-de-la-primera-peregrinacion-nacional-de-veteranos-de-guerra-de-malvinas\\\/\",\"url\":\"https:\\\/\\\/noticiasmercedinas.com\\\/site\\\/2026\\\/08\\\/12\\\/lujan-sera-sede-de-la-primera-peregrinacion-nacional-de-veteranos-de-guerra-de-malvinas\\\/\",\"name\":\"Luj\u00e1n ser\u00e1 sede de la Primera Peregrinaci\u00f3n Nacional de Veteranos de Guerra de Malvinas\",\"isPartOf\":{\"@id\":\"https:\\\/\\\/noticiasmercedinas.com\\\/site\\\/#website\"},\"primaryImageOfPage\":{\"@id\":\"https:\\\/\\\/noticiasmercedinas.com\\\/site\\\/2026\\\/08\\\/12\\\/lujan-sera-sede-de-la-primera-peregrinacion-nacional-de-veteranos-de-guerra-de-malvinas\\\/#primaryimage\"},\"image\":{\"@id\":\"https:\\\/\\\/noticiasmercedinas.com\\\/site\\\/2026\\\/08\\\/12\\\/lujan-sera-sede-de-la-primera-peregrinacion-nacional-de-veteranos-de-guerra-de-malvinas\\\/#primaryimage\"},\"thumbnailUrl\":\"https:\\\/\\\/noticiasmercedinas.com\\\/site\\\/wp-content\\\/uploads\\\/2026\\\/08\\\/Peregrinacion-de-veteranos-de-Malvinas-1.jpeg\",\"datePublished\":\"2026-08-12T15:32:02+00:00\",\"dateModified\":\"2026-08-12T15:32:13+00:00\",\"description\":\"Convocada para el pr\u00f3ximo 20 de septiembre, la jornada reunir\u00e1 a excombatientes de todo el pa\u00eds en un encuentro de fe, memoria y soberan\u00eda frente a la Bas\u00edlica Nuestra Se\u00f1ora de Luj\u00e1n.\",\"breadcrumb\":{\"@id\":\"https:\\\/\\\/noticiasmercedinas.com\\\/site\\\/2026\\\/08\\\/12\\\/lujan-sera-sede-de-la-primera-peregrinacion-nacional-de-veteranos-de-guerra-de-malvinas\\\/#breadcrumb\"},\"inLanguage\":\"es\",\"potentialAction\":[{\"@type\":\"ReadAction\",\"target\":[\"https:\\\/\\\/noticiasmercedinas.com\\\/site\\\/2026\\\/08\\\/12\\\/lujan-sera-sede-de-la-primera-peregrinacion-nacional-de-veteranos-de-guerra-de-malvinas\\\/\"]}]},{\"@type\":\"ImageObject\",\"inLanguage\":\"es\",\"@id\":\"https:\\\/\\\/noticiasmercedinas.com\\\/site\\\/2026\\\/08\\\/12\\\/lujan-sera-sede-de-la-primera-peregrinacion-nacional-de-veteranos-de-guerra-de-malvinas\\\/#primaryimage\",\"url\":\"https:\\\/\\\/noticiasmercedinas.com\\\/site\\\/wp-content\\\/uploads\\\/2026\\\/08\\\/Peregrinacion-de-veteranos-de-Malvinas-1.jpeg\",\"contentUrl\":\"https:\\\/\\\/noticiasmercedinas.com\\\/site\\\/wp-content\\\/uploads\\\/2026\\\/08\\\/Peregrinacion-de-veteranos-de-Malvinas-1.jpeg\",\"width\":1231,\"height\":751},{\"@type\":\"BreadcrumbList\",\"@id\":\"https:\\\/\\\/noticiasmercedinas.com\\\/site\\\/2026\\\/08\\\/12\\\/lujan-sera-sede-de-la-primera-peregrinacion-nacional-de-veteranos-de-guerra-de-malvinas\\\/#breadcrumb\",\"itemListElement\":[{\"@type\":\"ListItem\",\"position\":1,\"name\":\"Portada\",\"item\":\"https:\\\/\\\/noticiasmercedinas.com\\\/site\\\/\"},{\"@type\":\"ListItem\",\"position\":2,\"name\":\"Luj\u00e1n ser\u00e1 sede de la Primera Peregrinaci\u00f3n Nacional de Veteranos de Guerra de Malvinas\"}]},{\"@type\":\"WebSite\",\"@id\":\"https:\\\/\\\/noticiasmercedinas.com\\\/site\\\/#website\",\"url\":\"https:\\\/\\\/noticiasmercedinas.com\\\/site\\\/\",\"name\":\"NOTICIASMERCEDINAS.COM\",\"description\":\"Mercedes, Buenos Aires, Argentina\",\"publisher\":{\"@id\":\"https:\\\/\\\/noticiasmercedinas.com\\\/site\\\/#organization\"},\"potentialAction\":[{\"@type\":\"SearchAction\",\"target\":{\"@type\":\"EntryPoint\",\"urlTemplate\":\"https:\\\/\\\/noticiasmercedinas.com\\\/site\\\/?s={search_term_string}\"},\"query-input\":{\"@type\":\"PropertyValueSpecification\",\"valueRequired\":true,\"valueName\":\"search_term_string\"}}],\"inLanguage\":\"es\"},{\"@type\":\"Organization\",\"@id\":\"https:\\\/\\\/noticiasmercedinas.com\\\/site\\\/#organization\",\"name\":\"NOTICIASMERCEDINAS.COM\",\"url\":\"https:\\\/\\\/noticiasmercedinas.com\\\/site\\\/\",\"logo\":{\"@type\":\"ImageObject\",\"inLanguage\":\"es\",\"@id\":\"https:\\\/\\\/noticiasmercedinas.com\\\/site\\\/#\\\/schema\\\/logo\\\/image\\\/\",\"url\":\"https:\\\/\\\/noticiasmercedinas.com\\\/site\\\/wp-content\\\/uploads\\\/2020\\\/06\\\/LOGO-512.jpg\",\"contentUrl\":\"https:\\\/\\\/noticiasmercedinas.com\\\/site\\\/wp-content\\\/uploads\\\/2020\\\/06\\\/LOGO-512.jpg\",\"width\":512,\"height\":512,\"caption\":\"NOTICIASMERCEDINAS.COM\"},\"image\":{\"@id\":\"https:\\\/\\\/noticiasmercedinas.com\\\/site\\\/#\\\/schema\\\/logo\\\/image\\\/\"},\"sameAs\":[\"https:\\\/\\\/www.facebook.com\\\/noticiasmercedinas\\\/\",\"https:\\\/\\\/x.com\\\/notmercedinas\",\"https:\\\/\\\/www.instagram.com\\\/noticiasmercedinas\\\/\"]},{\"@type\":\"Person\",\"@id\":\"https:\\\/\\\/noticiasmercedinas.com\\\/site\\\/#\\\/schema\\\/person\\\/84b59c099c28ff2e8b77d4ceec5d8063\",\"name\":\"NOTICIASMERCEDINAS.COM\",\"image\":{\"@type\":\"ImageObject\",\"inLanguage\":\"es\",\"@id\":\"https:\\\/\\\/secure.gravatar.com\\\/avatar\\\/4dfbf16b4d17945bfb6341b2d19043457132fcf478a5ee04f42e959fd8f5df0a?s=96&d=mm&r=g\",\"url\":\"https:\\\/\\\/secure.gravatar.com\\\/avatar\\\/4dfbf16b4d17945bfb6341b2d19043457132fcf478a5ee04f42e959fd8f5df0a?s=96&d=mm&r=g\",\"contentUrl\":\"https:\\\/\\\/secure.gravatar.com\\\/avatar\\\/4dfbf16b4d17945bfb6341b2d19043457132fcf478a5ee04f42e959fd8f5df0a?s=96&d=mm&r=g\",\"caption\":\"NOTICIASMERCEDINAS.COM\"},\"url\":\"https:\\\/\\\/noticiasmercedinas.com\\\/site\\\/author\\\/anonimo\\\/\"}]}<\/script>\n<!-- \/ Yoast SEO plugin. -->","yoast_head_json":{"title":"Luj\u00e1n ser\u00e1 sede de la Primera Peregrinaci\u00f3n Nacional de Veteranos de Guerra de Malvinas","description":"Convocada para el pr\u00f3ximo 20 de septiembre, la jornada reunir\u00e1 a excombatientes de todo el pa\u00eds en un encuentro de fe, memoria y soberan\u00eda frente a la Bas\u00edlica Nuestra Se\u00f1ora de Luj\u00e1n.","robots":{"index":"index","follow":"follow","max-snippet":"max-snippet:-1","max-image-preview":"max-image-preview:large","max-video-preview":"max-video-preview:-1"},"canonical":"https:\/\/noticiasmercedinas.com\/site\/2026\/08\/12\/lujan-sera-sede-de-la-primera-peregrinacion-nacional-de-veteranos-de-guerra-de-malvinas\/","og_locale":"es_ES","og_type":"article","og_title":"Luj\u00e1n ser\u00e1 sede de la Primera Peregrinaci\u00f3n Nacional de Veteranos de Guerra de Malvinas","og_description":"Convocada para el pr\u00f3ximo 20 de septiembre, la jornada reunir\u00e1 a excombatientes de todo el pa\u00eds en un encuentro de fe, memoria y soberan\u00eda frente a la Bas\u00edlica Nuestra Se\u00f1ora de Luj\u00e1n.","og_url":"https:\/\/noticiasmercedinas.com\/site\/2026\/08\/12\/lujan-sera-sede-de-la-primera-peregrinacion-nacional-de-veteranos-de-guerra-de-malvinas\/","og_site_name":"NOTICIASMERCEDINAS.COM","article_publisher":"https:\/\/www.facebook.com\/noticiasmercedinas\/","article_published_time":"2026-08-12T15:32:02+00:00","article_modified_time":"2026-08-12T15:32:13+00:00","og_image":[{"width":1231,"height":751,"url":"https:\/\/noticiasmercedinas.com\/site\/wp-content\/uploads\/2026\/08\/Peregrinacion-de-veteranos-de-Malvinas-1.jpeg","type":"image\/jpeg"}],"author":"NOTICIASMERCEDINAS.COM","twitter_card":"summary_large_image","twitter_creator":"@notmercedinas","twitter_site":"@notmercedinas","twitter_misc":{"Escrito por":"NOTICIASMERCEDINAS.COM","Tiempo de lectura":"2 minutos"},"schema":{"@context":"https:\/\/schema.org","@graph":[{"@type":"Article","@id":"https:\/\/noticiasmercedinas.com\/site\/2026\/08\/12\/lujan-sera-sede-de-la-primera-peregrinacion-nacional-de-veteranos-de-guerra-de-malvinas\/#article","isPartOf":{"@id":"https:\/\/noticiasmercedinas.com\/site\/2026\/08\/12\/lujan-sera-sede-de-la-primera-peregrinacion-nacional-de-veteranos-de-guerra-de-malvinas\/"},"author":{"name":"NOTICIASMERCEDINAS.COM","@id":"https:\/\/noticiasmercedinas.com\/site\/#\/schema\/person\/84b59c099c28ff2e8b77d4ceec5d8063"},"headline":"Luj\u00e1n ser\u00e1 sede de la Primera Peregrinaci\u00f3n Nacional de Veteranos de Guerra de Malvinas","datePublished":"2026-08-12T15:32:02+00:00","dateModified":"2026-08-12T15:32:13+00:00","mainEntityOfPage":{"@id":"https:\/\/noticiasmercedinas.com\/site\/2026\/08\/12\/lujan-sera-sede-de-la-primera-peregrinacion-nacional-de-veteranos-de-guerra-de-malvinas\/"},"wordCount":362,"publisher":{"@id":"https:\/\/noticiasmercedinas.com\/site\/#organization"},"image":{"@id":"https:\/\/noticiasmercedinas.com\/site\/2026\/08\/12\/lujan-sera-sede-de-la-primera-peregrinacion-nacional-de-veteranos-de-guerra-de-malvinas\/#primaryimage"},"thumbnailUrl":"https:\/\/noticiasmercedinas.com\/site\/wp-content\/uploads\/2026\/08\/Peregrinacion-de-veteranos-de-Malvinas-1.jpeg","keywords":["lujan","malvinas","peregrinacion","veteranos de guerra"],"articleSection":["Regionales"],"inLanguage":"es"},{"@type":"WebPage","@id":"https:\/\/noticiasmercedinas.com\/site\/2026\/08\/12\/lujan-sera-sede-de-la-primera-peregrinacion-nacional-de-veteranos-de-guerra-de-malvinas\/","url":"https:\/\/noticiasmercedinas.com\/site\/2026\/08\/12\/lujan-sera-sede-de-la-primera-peregrinacion-nacional-de-veteranos-de-guerra-de-malvinas\/","name":"Luj\u00e1n ser\u00e1 sede de la Primera Peregrinaci\u00f3n Nacional de Veteranos de Guerra de Malvinas","isPartOf":{"@id":"https:\/\/noticiasmercedinas.com\/site\/#website"},"primaryImageOfPage":{"@id":"https:\/\/noticiasmercedinas.com\/site\/2026\/08\/12\/lujan-sera-sede-de-la-primera-peregrinacion-nacional-de-veteranos-de-guerra-de-malvinas\/#primaryimage"},"image":{"@id":"https:\/\/noticiasmercedinas.com\/site\/2026\/08\/12\/lujan-sera-sede-de-la-primera-peregrinacion-nacional-de-veteranos-de-guerra-de-malvinas\/#primaryimage"},"thumbnailUrl":"https:\/\/noticiasmercedinas.com\/site\/wp-content\/uploads\/2026\/08\/Peregrinacion-de-veteranos-de-Malvinas-1.jpeg","datePublished":"2026-08-12T15:32:02+00:00","dateModified":"2026-08-12T15:32:13+00:00","description":"Convocada para el pr\u00f3ximo 20 de septiembre, la jornada reunir\u00e1 a excombatientes de todo el pa\u00eds en un encuentro de fe, memoria y soberan\u00eda frente a la Bas\u00edlica Nuestra Se\u00f1ora de Luj\u00e1n.","breadcrumb":{"@id":"https:\/\/noticiasmercedinas.com\/site\/2026\/08\/12\/lujan-sera-sede-de-la-primera-peregrinacion-nacional-de-veteranos-de-guerra-de-malvinas\/#breadcrumb"},"inLanguage":"es","potentialAction":[{"@type":"ReadAction","target":["https:\/\/noticiasmercedinas.com\/site\/2026\/08\/12\/lujan-sera-sede-de-la-primera-peregrinacion-nacional-de-veteranos-de-guerra-de-malvinas\/"]}]},{"@type":"ImageObject","inLanguage":"es","@id":"https:\/\/noticiasmercedinas.com\/site\/2026\/08\/12\/lujan-sera-sede-de-la-primera-peregrinacion-nacional-de-veteranos-de-guerra-de-malvinas\/#primaryimage","url":"https:\/\/noticiasmercedinas.com\/site\/wp-content\/uploads\/2026\/08\/Peregrinacion-de-veteranos-de-Malvinas-1.jpeg","contentUrl":"https:\/\/noticiasmercedinas.com\/site\/wp-content\/uploads\/2026\/08\/Peregrinacion-de-veteranos-de-Malvinas-1.jpeg","width":1231,"height":751},{"@type":"BreadcrumbList","@id":"https:\/\/noticiasmercedinas.com\/site\/2026\/08\/12\/lujan-sera-sede-de-la-primera-peregrinacion-nacional-de-veteranos-de-guerra-de-malvinas\/#breadcrumb","itemListElement":[{"@type":"ListItem","position":1,"name":"Portada","item":"https:\/\/noticiasmercedinas.com\/site\/"},{"@type":"ListItem","position":2,"name":"Luj\u00e1n ser\u00e1 sede de la Primera Peregrinaci\u00f3n Nacional de Veteranos de Guerra de Malvinas"}]},{"@type":"WebSite","@id":"https:\/\/noticiasmercedinas.com\/site\/#website","url":"https:\/\/noticiasmercedinas.com\/site\/","name":"NOTICIASMERCEDINAS.COM","description":"Mercedes, Buenos Aires, Argentina","publisher":{"@id":"https:\/\/noticiasmercedinas.com\/site\/#organization"},"potentialAction":[{"@type":"SearchAction","target":{"@type":"EntryPoint","urlTemplate":"https:\/\/noticiasmercedinas.com\/site\/?s={search_term_string}"},"query-input":{"@type":"PropertyValueSpecification","valueRequired":true,"valueName":"search_term_string"}}],"inLanguage":"es"},{"@type":"Organization","@id":"https:\/\/noticiasmercedinas.com\/site\/#organization","name":"NOTICIASMERCEDINAS.COM","url":"https:\/\/noticiasmercedinas.com\/site\/","logo":{"@type":"ImageObject","inLanguage":"es","@id":"https:\/\/noticiasmercedinas.com\/site\/#\/schema\/logo\/image\/","url":"https:\/\/noticiasmercedinas.com\/site\/wp-content\/uploads\/2020\/06\/LOGO-512.jpg","contentUrl":"https:\/\/noticiasmercedinas.com\/site\/wp-content\/uploads\/2020\/06\/LOGO-512.jpg","width":512,"height":512,"caption":"NOTICIASMERCEDINAS.COM"},"image":{"@id":"https:\/\/noticiasmercedinas.com\/site\/#\/schema\/logo\/image\/"},"sameAs":["https:\/\/www.facebook.com\/noticiasmercedinas\/","https:\/\/x.com\/notmercedinas","https:\/\/www.instagram.com\/noticiasmercedinas\/"]},{"@type":"Person","@id":"https:\/\/noticiasmercedinas.com\/site\/#\/schema\/person\/84b59c099c28ff2e8b77d4ceec5d8063","name":"NOTICIASMERCEDINAS.COM","image":{"@type":"ImageObject","inLanguage":"es","@id":"https:\/\/secure.gravatar.com\/avatar\/4dfbf16b4d17945bfb6341b2d19043457132fcf478a5ee04f42e959fd8f5df0a?s=96&d=mm&r=g","url":"https:\/\/secure.gravatar.com\/avatar\/4dfbf16b4d17945bfb6341b2d19043457132fcf478a5ee04f42e959fd8f5df0a?s=96&d=mm&r=g","contentUrl":"https:\/\/secure.gravatar.com\/avatar\/4dfbf16b4d17945bfb6341b2d19043457132fcf478a5ee04f42e959fd8f5df0a?s=96&d=mm&r=g","caption":"NOTICIASMERCEDINAS.COM"},"url":"https:\/\/noticiasmercedinas.com\/site\/author\/anonimo\/"}]}},"amp_enabled":true,"_links":{"self":[{"href":"https:\/\/noticiasmercedinas.com\/site\/wp-json\/wp\/v2\/posts\/192647","targetHints":{"allow":["GET"]}}],"collection":[{"href":"https:\/\/noticiasmercedinas.com\/site\/wp-json\/wp\/v2\/posts"}],"about":[{"href":"https:\/\/noticiasmercedinas.com\/site\/wp-json\/wp\/v2\/types\/post"}],"author":[{"embeddable":true,"href":"https:\/\/noticiasmercedinas.com\/site\/wp-json\/wp\/v2\/users\/16"}],"replies":[{"embeddable":true,"href":"https:\/\/noticiasmercedinas.com\/site\/wp-json\/wp\/v2\/comments?post=192647"}],"version-history":[{"count":1,"href":"https:\/\/noticiasmercedinas.com\/site\/wp-json\/wp\/v2\/posts\/192647\/revisions"}],"predecessor-version":[{"id":192649,"href":"https:\/\/noticiasmercedinas.com\/site\/wp-json\/wp\/v2\/posts\/192647\/revisions\/192649"}],"wp:featuredmedia":[{"embeddable":true,"href":"https:\/\/noticiasmercedinas.com\/site\/wp-json\/wp\/v2\/media\/192648"}],"wp:attachment":[{"href":"https:\/\/noticiasmercedinas.com\/site\/wp-json\/wp\/v2\/media?parent=192647"}],"wp:term":[{"taxonomy":"category","embeddable":true,"href":"https:\/\/noticiasmercedinas.com\/site\/wp-json\/wp\/v2\/categories?post=192647"},{"taxonomy":"post_tag","embeddable":true,"href":"https:\/\/noticiasmercedinas.com\/site\/wp-json\/wp\/v2\/tags?post=192647"}],"curies":[{"name":"wp","href":"https:\/\/api.w.org\/{rel}","templated":true}]}}