{"id":192653,"date":"2026-08-12T16:35:41","date_gmt":"2026-08-12T19:35:41","guid":{"rendered":"https:\/\/noticiasmercedinas.com\/site\/?p=192653"},"modified":"2026-08-12T16:36:53","modified_gmt":"2026-08-12T19:36:53","slug":"un-punto-de-encuentro-cafe-martinez-y-su-propuesta-de-invierno-frente-a-plaza-san-martin","status":"publish","type":"post","link":"https:\/\/noticiasmercedinas.com\/site\/2026\/08\/12\/un-punto-de-encuentro-cafe-martinez-y-su-propuesta-de-invierno-frente-a-plaza-san-martin\/","title":{"rendered":"Un punto de encuentro: Caf\u00e9 Mart\u00ednez y su propuesta de invierno frente a Plaza San Mart\u00edn"},"content":{"rendered":"<p data-path-to-node=\"3\"><img loading=\"lazy\" decoding=\"async\" class=\"alignnone size-full wp-image-192656\" src=\"https:\/\/noticiasmercedinas.com\/site\/wp-content\/uploads\/2026\/08\/WhatsApp-Image-2026-08-12-at-3.26.20-PM.jpeg\" alt=\"\" width=\"1600\" height=\"1204\" srcset=\"https:\/\/noticiasmercedinas.com\/site\/wp-content\/uploads\/2026\/08\/WhatsApp-Image-2026-08-12-at-3.26.20-PM.jpeg 1600w, https:\/\/noticiasmercedinas.com\/site\/wp-content\/uploads\/2026\/08\/WhatsApp-Image-2026-08-12-at-3.26.20-PM-300x226.jpeg 300w, https:\/\/noticiasmercedinas.com\/site\/wp-content\/uploads\/2026\/08\/WhatsApp-Image-2026-08-12-at-3.26.20-PM-1024x771.jpeg 1024w, https:\/\/noticiasmercedinas.com\/site\/wp-content\/uploads\/2026\/08\/WhatsApp-Image-2026-08-12-at-3.26.20-PM-768x578.jpeg 768w, https:\/\/noticiasmercedinas.com\/site\/wp-content\/uploads\/2026\/08\/WhatsApp-Image-2026-08-12-at-3.26.20-PM-1536x1156.jpeg 1536w, https:\/\/noticiasmercedinas.com\/site\/wp-content\/uploads\/2026\/08\/WhatsApp-Image-2026-08-12-at-3.26.20-PM-80x60.jpeg 80w, https:\/\/noticiasmercedinas.com\/site\/wp-content\/uploads\/2026\/08\/WhatsApp-Image-2026-08-12-at-3.26.20-PM-160x120.jpeg 160w, https:\/\/noticiasmercedinas.com\/site\/wp-content\/uploads\/2026\/08\/WhatsApp-Image-2026-08-12-at-3.26.20-PM-100x75.jpeg 100w, https:\/\/noticiasmercedinas.com\/site\/wp-content\/uploads\/2026\/08\/WhatsApp-Image-2026-08-12-at-3.26.20-PM-200x150.jpeg 200w, https:\/\/noticiasmercedinas.com\/site\/wp-content\/uploads\/2026\/08\/WhatsApp-Image-2026-08-12-at-3.26.20-PM-180x135.jpeg 180w, https:\/\/noticiasmercedinas.com\/site\/wp-content\/uploads\/2026\/08\/WhatsApp-Image-2026-08-12-at-3.26.20-PM-360x270.jpeg 360w, https:\/\/noticiasmercedinas.com\/site\/wp-content\/uploads\/2026\/08\/WhatsApp-Image-2026-08-12-at-3.26.20-PM-238x178.jpeg 238w, https:\/\/noticiasmercedinas.com\/site\/wp-content\/uploads\/2026\/08\/WhatsApp-Image-2026-08-12-at-3.26.20-PM-640x482.jpeg 640w, https:\/\/noticiasmercedinas.com\/site\/wp-content\/uploads\/2026\/08\/WhatsApp-Image-2026-08-12-at-3.26.20-PM-1280x963.jpeg 1280w, https:\/\/noticiasmercedinas.com\/site\/wp-content\/uploads\/2026\/08\/WhatsApp-Image-2026-08-12-at-3.26.20-PM-681x512.jpeg 681w, https:\/\/noticiasmercedinas.com\/site\/wp-content\/uploads\/2026\/08\/WhatsApp-Image-2026-08-12-at-3.26.20-PM-1362x1025.jpeg 1362w\" sizes=\"auto, (max-width: 1600px) 100vw, 1600px\" \/><\/p>\n<p data-path-to-node=\"3\">En la estrat\u00e9gica esquina de calle 29 y 26, frente a la ic\u00f3nica Plaza San Mart\u00edn, <b data-path-to-node=\"3\" data-index-in-node=\"92\">Caf\u00e9 Mart\u00ednez Mercedes<\/b> se afirma como uno de los epicentros urbanos m\u00e1s din\u00e1micos de la ciudad.<\/p>\n<p data-path-to-node=\"3\">Durante las ma\u00f1anas, tardes y nochecitas de la temporada invernal, la sucursal local registra un marcado movimiento que combina la gastronom\u00eda de calidad con una atm\u00f3sfera social \u00fanica, en una esquina colonial remodelada y con un calefaccionado conjunto de ambientes en los que se ubican algunas parejas, hombres de negocios, oficinistas o gente de la justicia en traje y elegante vestir, turistas internacionales, barras de amigos de la escuela, se\u00f1oras entradas en a\u00f1os de conservada estampa y mucha gente de paso &#8211;\u00bfpaseando, con otros quehaceres?&#8211; que lo eligen.<\/p>\n<p data-path-to-node=\"3\"><img loading=\"lazy\" decoding=\"async\" class=\"alignnone size-full wp-image-192655\" src=\"https:\/\/noticiasmercedinas.com\/site\/wp-content\/uploads\/2026\/08\/WhatsApp-Image-2026-08-12-at-3.25.50-PM.jpeg\" alt=\"\" width=\"1600\" height=\"1204\" srcset=\"https:\/\/noticiasmercedinas.com\/site\/wp-content\/uploads\/2026\/08\/WhatsApp-Image-2026-08-12-at-3.25.50-PM.jpeg 1600w, https:\/\/noticiasmercedinas.com\/site\/wp-content\/uploads\/2026\/08\/WhatsApp-Image-2026-08-12-at-3.25.50-PM-300x226.jpeg 300w, https:\/\/noticiasmercedinas.com\/site\/wp-content\/uploads\/2026\/08\/WhatsApp-Image-2026-08-12-at-3.25.50-PM-1024x771.jpeg 1024w, https:\/\/noticiasmercedinas.com\/site\/wp-content\/uploads\/2026\/08\/WhatsApp-Image-2026-08-12-at-3.25.50-PM-768x578.jpeg 768w, https:\/\/noticiasmercedinas.com\/site\/wp-content\/uploads\/2026\/08\/WhatsApp-Image-2026-08-12-at-3.25.50-PM-1536x1156.jpeg 1536w, https:\/\/noticiasmercedinas.com\/site\/wp-content\/uploads\/2026\/08\/WhatsApp-Image-2026-08-12-at-3.25.50-PM-80x60.jpeg 80w, https:\/\/noticiasmercedinas.com\/site\/wp-content\/uploads\/2026\/08\/WhatsApp-Image-2026-08-12-at-3.25.50-PM-160x120.jpeg 160w, https:\/\/noticiasmercedinas.com\/site\/wp-content\/uploads\/2026\/08\/WhatsApp-Image-2026-08-12-at-3.25.50-PM-100x75.jpeg 100w, https:\/\/noticiasmercedinas.com\/site\/wp-content\/uploads\/2026\/08\/WhatsApp-Image-2026-08-12-at-3.25.50-PM-200x150.jpeg 200w, https:\/\/noticiasmercedinas.com\/site\/wp-content\/uploads\/2026\/08\/WhatsApp-Image-2026-08-12-at-3.25.50-PM-180x135.jpeg 180w, https:\/\/noticiasmercedinas.com\/site\/wp-content\/uploads\/2026\/08\/WhatsApp-Image-2026-08-12-at-3.25.50-PM-360x270.jpeg 360w, https:\/\/noticiasmercedinas.com\/site\/wp-content\/uploads\/2026\/08\/WhatsApp-Image-2026-08-12-at-3.25.50-PM-238x178.jpeg 238w, https:\/\/noticiasmercedinas.com\/site\/wp-content\/uploads\/2026\/08\/WhatsApp-Image-2026-08-12-at-3.25.50-PM-640x482.jpeg 640w, https:\/\/noticiasmercedinas.com\/site\/wp-content\/uploads\/2026\/08\/WhatsApp-Image-2026-08-12-at-3.25.50-PM-1280x963.jpeg 1280w, https:\/\/noticiasmercedinas.com\/site\/wp-content\/uploads\/2026\/08\/WhatsApp-Image-2026-08-12-at-3.25.50-PM-681x512.jpeg 681w, https:\/\/noticiasmercedinas.com\/site\/wp-content\/uploads\/2026\/08\/WhatsApp-Image-2026-08-12-at-3.25.50-PM-1362x1025.jpeg 1362w\" sizes=\"auto, (max-width: 1600px) 100vw, 1600px\" \/><\/p>\n<blockquote>\n<p data-path-to-node=\"4\">Con una amplia oferta pastelera, caf\u00e9s de especialidad y un horario extendido, la sucursal de calle 29 y 26 se erige como el reflejo de una Mercedes cada vez m\u00e1s diversa y cosmopolita.<\/p>\n<\/blockquote>\n<p data-path-to-node=\"4\">Para este invierno, el establecimiento renov\u00f3 sus propuestas destacadas en reposter\u00eda. En sus vitrinas que est\u00e1n frente a la puerta de entrada sobresalen promociones especiales en tortas como <i data-path-to-node=\"4\" data-index-in-node=\"152\">Red Velvet<\/i>, brownies artesanales y <i data-path-to-node=\"4\" data-index-in-node=\"187\">lemon pie<\/i>, por mencionar solo algunas de las opciones pensadas para acompa\u00f1ar las bajas temperaturas.<\/p>\n<p data-path-to-node=\"4\">A esta carta estacional se le suma la tradicional l\u00ednea de productos de la marca disponible durante todo el a\u00f1o, entre los que destacan sus cl\u00e1sicos alfajores y la variedad completa de caf\u00e9s de especialidad.<\/p>\n<p data-path-to-node=\"5\">La consolidaci\u00f3n del espacio responde tambi\u00e9n a la transformaci\u00f3n social de Mercedes, una ciudad en constante crecimiento que ha adquirido un perfil sensiblemente cosmopolita.<\/p>\n<p data-path-to-node=\"5\"><img loading=\"lazy\" decoding=\"async\" class=\"alignnone size-full wp-image-192660\" src=\"https:\/\/noticiasmercedinas.com\/site\/wp-content\/uploads\/2026\/08\/WhatsApp-Image-2026-08-12-at-3.28.26-PM.jpeg\" alt=\"\" width=\"1600\" height=\"1204\" srcset=\"https:\/\/noticiasmercedinas.com\/site\/wp-content\/uploads\/2026\/08\/WhatsApp-Image-2026-08-12-at-3.28.26-PM.jpeg 1600w, https:\/\/noticiasmercedinas.com\/site\/wp-content\/uploads\/2026\/08\/WhatsApp-Image-2026-08-12-at-3.28.26-PM-300x226.jpeg 300w, https:\/\/noticiasmercedinas.com\/site\/wp-content\/uploads\/2026\/08\/WhatsApp-Image-2026-08-12-at-3.28.26-PM-1024x771.jpeg 1024w, https:\/\/noticiasmercedinas.com\/site\/wp-content\/uploads\/2026\/08\/WhatsApp-Image-2026-08-12-at-3.28.26-PM-768x578.jpeg 768w, https:\/\/noticiasmercedinas.com\/site\/wp-content\/uploads\/2026\/08\/WhatsApp-Image-2026-08-12-at-3.28.26-PM-1536x1156.jpeg 1536w, https:\/\/noticiasmercedinas.com\/site\/wp-content\/uploads\/2026\/08\/WhatsApp-Image-2026-08-12-at-3.28.26-PM-80x60.jpeg 80w, https:\/\/noticiasmercedinas.com\/site\/wp-content\/uploads\/2026\/08\/WhatsApp-Image-2026-08-12-at-3.28.26-PM-160x120.jpeg 160w, https:\/\/noticiasmercedinas.com\/site\/wp-content\/uploads\/2026\/08\/WhatsApp-Image-2026-08-12-at-3.28.26-PM-100x75.jpeg 100w, https:\/\/noticiasmercedinas.com\/site\/wp-content\/uploads\/2026\/08\/WhatsApp-Image-2026-08-12-at-3.28.26-PM-200x150.jpeg 200w, https:\/\/noticiasmercedinas.com\/site\/wp-content\/uploads\/2026\/08\/WhatsApp-Image-2026-08-12-at-3.28.26-PM-180x135.jpeg 180w, https:\/\/noticiasmercedinas.com\/site\/wp-content\/uploads\/2026\/08\/WhatsApp-Image-2026-08-12-at-3.28.26-PM-360x270.jpeg 360w, https:\/\/noticiasmercedinas.com\/site\/wp-content\/uploads\/2026\/08\/WhatsApp-Image-2026-08-12-at-3.28.26-PM-238x178.jpeg 238w, https:\/\/noticiasmercedinas.com\/site\/wp-content\/uploads\/2026\/08\/WhatsApp-Image-2026-08-12-at-3.28.26-PM-640x482.jpeg 640w, https:\/\/noticiasmercedinas.com\/site\/wp-content\/uploads\/2026\/08\/WhatsApp-Image-2026-08-12-at-3.28.26-PM-1280x963.jpeg 1280w, https:\/\/noticiasmercedinas.com\/site\/wp-content\/uploads\/2026\/08\/WhatsApp-Image-2026-08-12-at-3.28.26-PM-681x512.jpeg 681w, https:\/\/noticiasmercedinas.com\/site\/wp-content\/uploads\/2026\/08\/WhatsApp-Image-2026-08-12-at-3.28.26-PM-1362x1025.jpeg 1362w\" sizes=\"auto, (max-width: 1600px) 100vw, 1600px\" \/><\/p>\n<p data-path-to-node=\"5\">El local funciona como un punto de convergencia donde conviven a diario distintos p\u00fablicos y sectores de la comunidad, atra\u00eddos por la amplitud horaria y la comodidad de sus instalaciones.<\/p>\n<p data-path-to-node=\"6\">Con su ubicaci\u00f3n privilegiada y su propuesta gastron\u00f3mica integral, la franquicia local contin\u00faa marcando la pauta de la actividad c\u00e9ntrica y la vida social mercedina durante los meses de fr\u00edo.<\/p>\n<p data-path-to-node=\"6\"><span data-path-to-node=\"10,0\">En paralelo, la sucursal del centro mercedino mantiene vigentes importantes rebajas por volumen en su formato\u00a0<i data-path-to-node=\"10,0\" data-index-in-node=\"110\">take-away<\/i>: un 30% de descuento en c\u00e1psulas de aluminio compatibles con el sistema Nespresso\u00ae para las variedades Colombia, Brasil y Tipo Italiano, junto a un 25% de descuento en paquetes de caf\u00e9 molido de 250 y 500 gramos enfocado en los blends Brasil Medio y Tipo Italiano Fuerte<\/span><span data-path-to-node=\"10,2\">.<\/span><\/p>\n<p data-path-to-node=\"6\"><span data-path-to-node=\"11,0,0\"><b data-path-to-node=\"11,0,0\" data-index-in-node=\"0\">Esquema de atenci\u00f3n al p\u00fablico:<\/b>\u00a0Con el prop\u00f3sito de cubrir la demanda comercial de la zona c\u00e9ntrica, el establecimiento mantiene abiertas sus puertas en horarios extendidos de lunes a viernes de 06:30 a 21:00 horas, los s\u00e1bados de 07:30 a 21:00 horas y los domingos desde las 08:00 hasta las 21:00 horas<\/span><span data-path-to-node=\"11,0,2\">.<\/span><\/p>\n<p data-path-to-node=\"6\">Caf\u00e9 Mart\u00ednez Mercedes, avenida 29 esquina 26.<\/p>\n<div id='gallery-1' class='gallery galleryid-192653 gallery-columns-2 gallery-size-large'><figure class='gallery-item'>\n\t\t\t<div class='gallery-icon landscape'>\n\t\t\t\t<a href='https:\/\/noticiasmercedinas.com\/site\/2026\/08\/12\/un-punto-de-encuentro-cafe-martinez-y-su-propuesta-de-invierno-frente-a-plaza-san-martin\/whatsapp-image-2026-08-12-at-3-27-54-pm\/'><img loading=\"lazy\" decoding=\"async\" width=\"640\" height=\"482\" src=\"https:\/\/noticiasmercedinas.com\/site\/wp-content\/uploads\/2026\/08\/WhatsApp-Image-2026-08-12-at-3.27.54-PM-1024x771.jpeg\" class=\"attachment-large size-large\" alt=\"\" srcset=\"https:\/\/noticiasmercedinas.com\/site\/wp-content\/uploads\/2026\/08\/WhatsApp-Image-2026-08-12-at-3.27.54-PM-1024x771.jpeg 1024w, https:\/\/noticiasmercedinas.com\/site\/wp-content\/uploads\/2026\/08\/WhatsApp-Image-2026-08-12-at-3.27.54-PM-300x226.jpeg 300w, https:\/\/noticiasmercedinas.com\/site\/wp-content\/uploads\/2026\/08\/WhatsApp-Image-2026-08-12-at-3.27.54-PM-768x578.jpeg 768w, https:\/\/noticiasmercedinas.com\/site\/wp-content\/uploads\/2026\/08\/WhatsApp-Image-2026-08-12-at-3.27.54-PM-1536x1156.jpeg 1536w, https:\/\/noticiasmercedinas.com\/site\/wp-content\/uploads\/2026\/08\/WhatsApp-Image-2026-08-12-at-3.27.54-PM-80x60.jpeg 80w, https:\/\/noticiasmercedinas.com\/site\/wp-content\/uploads\/2026\/08\/WhatsApp-Image-2026-08-12-at-3.27.54-PM-160x120.jpeg 160w, https:\/\/noticiasmercedinas.com\/site\/wp-content\/uploads\/2026\/08\/WhatsApp-Image-2026-08-12-at-3.27.54-PM-100x75.jpeg 100w, https:\/\/noticiasmercedinas.com\/site\/wp-content\/uploads\/2026\/08\/WhatsApp-Image-2026-08-12-at-3.27.54-PM-200x150.jpeg 200w, https:\/\/noticiasmercedinas.com\/site\/wp-content\/uploads\/2026\/08\/WhatsApp-Image-2026-08-12-at-3.27.54-PM-180x135.jpeg 180w, https:\/\/noticiasmercedinas.com\/site\/wp-content\/uploads\/2026\/08\/WhatsApp-Image-2026-08-12-at-3.27.54-PM-360x270.jpeg 360w, https:\/\/noticiasmercedinas.com\/site\/wp-content\/uploads\/2026\/08\/WhatsApp-Image-2026-08-12-at-3.27.54-PM-238x178.jpeg 238w, https:\/\/noticiasmercedinas.com\/site\/wp-content\/uploads\/2026\/08\/WhatsApp-Image-2026-08-12-at-3.27.54-PM-640x482.jpeg 640w, https:\/\/noticiasmercedinas.com\/site\/wp-content\/uploads\/2026\/08\/WhatsApp-Image-2026-08-12-at-3.27.54-PM-1280x963.jpeg 1280w, https:\/\/noticiasmercedinas.com\/site\/wp-content\/uploads\/2026\/08\/WhatsApp-Image-2026-08-12-at-3.27.54-PM-681x512.jpeg 681w, https:\/\/noticiasmercedinas.com\/site\/wp-content\/uploads\/2026\/08\/WhatsApp-Image-2026-08-12-at-3.27.54-PM-1362x1025.jpeg 1362w, https:\/\/noticiasmercedinas.com\/site\/wp-content\/uploads\/2026\/08\/WhatsApp-Image-2026-08-12-at-3.27.54-PM.jpeg 1600w\" sizes=\"auto, (max-width: 640px) 100vw, 640px\" \/><\/a>\n\t\t\t<\/div><\/figure><figure class='gallery-item'>\n\t\t\t<div class='gallery-icon landscape'>\n\t\t\t\t<a href='https:\/\/noticiasmercedinas.com\/site\/2026\/08\/12\/un-punto-de-encuentro-cafe-martinez-y-su-propuesta-de-invierno-frente-a-plaza-san-martin\/whatsapp-image-2026-08-12-at-3-27-26-pm\/'><img loading=\"lazy\" decoding=\"async\" width=\"640\" height=\"482\" src=\"https:\/\/noticiasmercedinas.com\/site\/wp-content\/uploads\/2026\/08\/WhatsApp-Image-2026-08-12-at-3.27.26-PM-1024x771.jpeg\" class=\"attachment-large size-large\" alt=\"\" srcset=\"https:\/\/noticiasmercedinas.com\/site\/wp-content\/uploads\/2026\/08\/WhatsApp-Image-2026-08-12-at-3.27.26-PM-1024x771.jpeg 1024w, https:\/\/noticiasmercedinas.com\/site\/wp-content\/uploads\/2026\/08\/WhatsApp-Image-2026-08-12-at-3.27.26-PM-300x226.jpeg 300w, https:\/\/noticiasmercedinas.com\/site\/wp-content\/uploads\/2026\/08\/WhatsApp-Image-2026-08-12-at-3.27.26-PM-768x578.jpeg 768w, https:\/\/noticiasmercedinas.com\/site\/wp-content\/uploads\/2026\/08\/WhatsApp-Image-2026-08-12-at-3.27.26-PM-1536x1156.jpeg 1536w, https:\/\/noticiasmercedinas.com\/site\/wp-content\/uploads\/2026\/08\/WhatsApp-Image-2026-08-12-at-3.27.26-PM-80x60.jpeg 80w, https:\/\/noticiasmercedinas.com\/site\/wp-content\/uploads\/2026\/08\/WhatsApp-Image-2026-08-12-at-3.27.26-PM-160x120.jpeg 160w, https:\/\/noticiasmercedinas.com\/site\/wp-content\/uploads\/2026\/08\/WhatsApp-Image-2026-08-12-at-3.27.26-PM-100x75.jpeg 100w, https:\/\/noticiasmercedinas.com\/site\/wp-content\/uploads\/2026\/08\/WhatsApp-Image-2026-08-12-at-3.27.26-PM-200x150.jpeg 200w, https:\/\/noticiasmercedinas.com\/site\/wp-content\/uploads\/2026\/08\/WhatsApp-Image-2026-08-12-at-3.27.26-PM-180x135.jpeg 180w, https:\/\/noticiasmercedinas.com\/site\/wp-content\/uploads\/2026\/08\/WhatsApp-Image-2026-08-12-at-3.27.26-PM-360x270.jpeg 360w, https:\/\/noticiasmercedinas.com\/site\/wp-content\/uploads\/2026\/08\/WhatsApp-Image-2026-08-12-at-3.27.26-PM-238x178.jpeg 238w, https:\/\/noticiasmercedinas.com\/site\/wp-content\/uploads\/2026\/08\/WhatsApp-Image-2026-08-12-at-3.27.26-PM-640x482.jpeg 640w, https:\/\/noticiasmercedinas.com\/site\/wp-content\/uploads\/2026\/08\/WhatsApp-Image-2026-08-12-at-3.27.26-PM-1280x963.jpeg 1280w, https:\/\/noticiasmercedinas.com\/site\/wp-content\/uploads\/2026\/08\/WhatsApp-Image-2026-08-12-at-3.27.26-PM-681x512.jpeg 681w, https:\/\/noticiasmercedinas.com\/site\/wp-content\/uploads\/2026\/08\/WhatsApp-Image-2026-08-12-at-3.27.26-PM-1362x1025.jpeg 1362w, https:\/\/noticiasmercedinas.com\/site\/wp-content\/uploads\/2026\/08\/WhatsApp-Image-2026-08-12-at-3.27.26-PM.jpeg 1600w\" sizes=\"auto, (max-width: 640px) 100vw, 640px\" \/><\/a>\n\t\t\t<\/div><\/figure><figure class='gallery-item'>\n\t\t\t<div class='gallery-icon landscape'>\n\t\t\t\t<a href='https:\/\/noticiasmercedinas.com\/site\/2026\/08\/12\/un-punto-de-encuentro-cafe-martinez-y-su-propuesta-de-invierno-frente-a-plaza-san-martin\/whatsapp-image-2026-08-12-at-3-26-51-pm\/'><img loading=\"lazy\" decoding=\"async\" width=\"640\" height=\"482\" src=\"https:\/\/noticiasmercedinas.com\/site\/wp-content\/uploads\/2026\/08\/WhatsApp-Image-2026-08-12-at-3.26.51-PM-1024x771.jpeg\" class=\"attachment-large size-large\" alt=\"\" srcset=\"https:\/\/noticiasmercedinas.com\/site\/wp-content\/uploads\/2026\/08\/WhatsApp-Image-2026-08-12-at-3.26.51-PM-1024x771.jpeg 1024w, https:\/\/noticiasmercedinas.com\/site\/wp-content\/uploads\/2026\/08\/WhatsApp-Image-2026-08-12-at-3.26.51-PM-300x226.jpeg 300w, https:\/\/noticiasmercedinas.com\/site\/wp-content\/uploads\/2026\/08\/WhatsApp-Image-2026-08-12-at-3.26.51-PM-768x578.jpeg 768w, https:\/\/noticiasmercedinas.com\/site\/wp-content\/uploads\/2026\/08\/WhatsApp-Image-2026-08-12-at-3.26.51-PM-1536x1156.jpeg 1536w, https:\/\/noticiasmercedinas.com\/site\/wp-content\/uploads\/2026\/08\/WhatsApp-Image-2026-08-12-at-3.26.51-PM-80x60.jpeg 80w, https:\/\/noticiasmercedinas.com\/site\/wp-content\/uploads\/2026\/08\/WhatsApp-Image-2026-08-12-at-3.26.51-PM-160x120.jpeg 160w, https:\/\/noticiasmercedinas.com\/site\/wp-content\/uploads\/2026\/08\/WhatsApp-Image-2026-08-12-at-3.26.51-PM-100x75.jpeg 100w, https:\/\/noticiasmercedinas.com\/site\/wp-content\/uploads\/2026\/08\/WhatsApp-Image-2026-08-12-at-3.26.51-PM-200x150.jpeg 200w, https:\/\/noticiasmercedinas.com\/site\/wp-content\/uploads\/2026\/08\/WhatsApp-Image-2026-08-12-at-3.26.51-PM-180x135.jpeg 180w, https:\/\/noticiasmercedinas.com\/site\/wp-content\/uploads\/2026\/08\/WhatsApp-Image-2026-08-12-at-3.26.51-PM-360x270.jpeg 360w, https:\/\/noticiasmercedinas.com\/site\/wp-content\/uploads\/2026\/08\/WhatsApp-Image-2026-08-12-at-3.26.51-PM-238x178.jpeg 238w, https:\/\/noticiasmercedinas.com\/site\/wp-content\/uploads\/2026\/08\/WhatsApp-Image-2026-08-12-at-3.26.51-PM-640x482.jpeg 640w, https:\/\/noticiasmercedinas.com\/site\/wp-content\/uploads\/2026\/08\/WhatsApp-Image-2026-08-12-at-3.26.51-PM-1280x963.jpeg 1280w, https:\/\/noticiasmercedinas.com\/site\/wp-content\/uploads\/2026\/08\/WhatsApp-Image-2026-08-12-at-3.26.51-PM-681x512.jpeg 681w, https:\/\/noticiasmercedinas.com\/site\/wp-content\/uploads\/2026\/08\/WhatsApp-Image-2026-08-12-at-3.26.51-PM-1362x1025.jpeg 1362w, https:\/\/noticiasmercedinas.com\/site\/wp-content\/uploads\/2026\/08\/WhatsApp-Image-2026-08-12-at-3.26.51-PM.jpeg 1600w\" sizes=\"auto, (max-width: 640px) 100vw, 640px\" \/><\/a>\n\t\t\t<\/div><\/figure><figure class='gallery-item'>\n\t\t\t<div class='gallery-icon landscape'>\n\t\t\t\t<a href='https:\/\/noticiasmercedinas.com\/site\/2026\/08\/12\/un-punto-de-encuentro-cafe-martinez-y-su-propuesta-de-invierno-frente-a-plaza-san-martin\/whatsapp-image-2026-08-12-at-3-29-01-pm\/'><img loading=\"lazy\" decoding=\"async\" width=\"640\" height=\"482\" src=\"https:\/\/noticiasmercedinas.com\/site\/wp-content\/uploads\/2026\/08\/WhatsApp-Image-2026-08-12-at-3.29.01-PM-1024x771.jpeg\" class=\"attachment-large size-large\" alt=\"\" srcset=\"https:\/\/noticiasmercedinas.com\/site\/wp-content\/uploads\/2026\/08\/WhatsApp-Image-2026-08-12-at-3.29.01-PM-1024x771.jpeg 1024w, https:\/\/noticiasmercedinas.com\/site\/wp-content\/uploads\/2026\/08\/WhatsApp-Image-2026-08-12-at-3.29.01-PM-300x226.jpeg 300w, https:\/\/noticiasmercedinas.com\/site\/wp-content\/uploads\/2026\/08\/WhatsApp-Image-2026-08-12-at-3.29.01-PM-768x578.jpeg 768w, https:\/\/noticiasmercedinas.com\/site\/wp-content\/uploads\/2026\/08\/WhatsApp-Image-2026-08-12-at-3.29.01-PM-1536x1156.jpeg 1536w, https:\/\/noticiasmercedinas.com\/site\/wp-content\/uploads\/2026\/08\/WhatsApp-Image-2026-08-12-at-3.29.01-PM-80x60.jpeg 80w, https:\/\/noticiasmercedinas.com\/site\/wp-content\/uploads\/2026\/08\/WhatsApp-Image-2026-08-12-at-3.29.01-PM-160x120.jpeg 160w, https:\/\/noticiasmercedinas.com\/site\/wp-content\/uploads\/2026\/08\/WhatsApp-Image-2026-08-12-at-3.29.01-PM-100x75.jpeg 100w, https:\/\/noticiasmercedinas.com\/site\/wp-content\/uploads\/2026\/08\/WhatsApp-Image-2026-08-12-at-3.29.01-PM-200x150.jpeg 200w, https:\/\/noticiasmercedinas.com\/site\/wp-content\/uploads\/2026\/08\/WhatsApp-Image-2026-08-12-at-3.29.01-PM-180x135.jpeg 180w, https:\/\/noticiasmercedinas.com\/site\/wp-content\/uploads\/2026\/08\/WhatsApp-Image-2026-08-12-at-3.29.01-PM-360x270.jpeg 360w, https:\/\/noticiasmercedinas.com\/site\/wp-content\/uploads\/2026\/08\/WhatsApp-Image-2026-08-12-at-3.29.01-PM-238x178.jpeg 238w, https:\/\/noticiasmercedinas.com\/site\/wp-content\/uploads\/2026\/08\/WhatsApp-Image-2026-08-12-at-3.29.01-PM-640x482.jpeg 640w, https:\/\/noticiasmercedinas.com\/site\/wp-content\/uploads\/2026\/08\/WhatsApp-Image-2026-08-12-at-3.29.01-PM-1280x963.jpeg 1280w, https:\/\/noticiasmercedinas.com\/site\/wp-content\/uploads\/2026\/08\/WhatsApp-Image-2026-08-12-at-3.29.01-PM-681x512.jpeg 681w, https:\/\/noticiasmercedinas.com\/site\/wp-content\/uploads\/2026\/08\/WhatsApp-Image-2026-08-12-at-3.29.01-PM-1362x1025.jpeg 1362w, https:\/\/noticiasmercedinas.com\/site\/wp-content\/uploads\/2026\/08\/WhatsApp-Image-2026-08-12-at-3.29.01-PM.jpeg 1600w\" sizes=\"auto, (max-width: 640px) 100vw, 640px\" \/><\/a>\n\t\t\t<\/div><\/figure>\n\t\t<\/div>\n\n<p><img loading=\"lazy\" decoding=\"async\" class=\"alignnone size-full wp-image-192664\" src=\"https:\/\/noticiasmercedinas.com\/site\/wp-content\/uploads\/2026\/08\/WhatsApp-Image-2026-08-12-at-4.25.07-PM.jpeg\" alt=\"\" width=\"718\" height=\"544\" srcset=\"https:\/\/noticiasmercedinas.com\/site\/wp-content\/uploads\/2026\/08\/WhatsApp-Image-2026-08-12-at-4.25.07-PM.jpeg 718w, https:\/\/noticiasmercedinas.com\/site\/wp-content\/uploads\/2026\/08\/WhatsApp-Image-2026-08-12-at-4.25.07-PM-300x227.jpeg 300w, https:\/\/noticiasmercedinas.com\/site\/wp-content\/uploads\/2026\/08\/WhatsApp-Image-2026-08-12-at-4.25.07-PM-80x60.jpeg 80w, https:\/\/noticiasmercedinas.com\/site\/wp-content\/uploads\/2026\/08\/WhatsApp-Image-2026-08-12-at-4.25.07-PM-160x120.jpeg 160w, https:\/\/noticiasmercedinas.com\/site\/wp-content\/uploads\/2026\/08\/WhatsApp-Image-2026-08-12-at-4.25.07-PM-100x75.jpeg 100w, https:\/\/noticiasmercedinas.com\/site\/wp-content\/uploads\/2026\/08\/WhatsApp-Image-2026-08-12-at-4.25.07-PM-180x135.jpeg 180w, https:\/\/noticiasmercedinas.com\/site\/wp-content\/uploads\/2026\/08\/WhatsApp-Image-2026-08-12-at-4.25.07-PM-640x485.jpeg 640w, https:\/\/noticiasmercedinas.com\/site\/wp-content\/uploads\/2026\/08\/WhatsApp-Image-2026-08-12-at-4.25.07-PM-681x516.jpeg 681w\" sizes=\"auto, (max-width: 718px) 100vw, 718px\" \/><\/p>\n","protected":false},"excerpt":{"rendered":"<p>En la estrat\u00e9gica esquina de calle 29 y 26, frente a la ic\u00f3nica Plaza San Mart\u00edn, Caf\u00e9 Mart\u00ednez Mercedes se afirma como uno de los epicentros urbanos m\u00e1s din\u00e1micos de la ciudad. Durante las ma\u00f1anas, tardes y nochecitas de la temporada invernal, la sucursal local registra un marcado movimiento que combina la gastronom\u00eda de calidad [&hellip;]<\/p>\n","protected":false},"author":16,"featured_media":192656,"comment_status":"closed","ping_status":"closed","sticky":false,"template":"","format":"standard","meta":{"footnotes":""},"categories":[74],"tags":[3217,7443,9865,23,3216],"class_list":["post-192653","post","type-post","status-publish","format-standard","has-post-thumbnail","hentry","category-emprendimientos","tag-cafe","tag-cafe-martinez","tag-desayunos","tag-mercedes","tag-tortas"],"yoast_head":"<!-- This site is optimized with the Yoast SEO plugin v28.3 - https:\/\/yoast.com\/product\/yoast-seo-wordpress\/ -->\n<title>Un punto de encuentro: Caf\u00e9 Mart\u00ednez y su propuesta de invierno frente a Plaza San Mart\u00edn<\/title>\n<meta name=\"description\" content=\"Con una amplia oferta pastelera, caf\u00e9s de especialidad y un horario extendido, la sucursal de calle 29 y 26 se erige como el reflejo de una Mercedes cada vez m\u00e1s diversa y cosmopolita.\" \/>\n<meta name=\"robots\" content=\"index, follow, max-snippet:-1, max-image-preview:large, max-video-preview:-1\" \/>\n<link rel=\"canonical\" href=\"https:\/\/noticiasmercedinas.com\/site\/2026\/08\/12\/un-punto-de-encuentro-cafe-martinez-y-su-propuesta-de-invierno-frente-a-plaza-san-martin\/\" \/>\n<meta property=\"og:locale\" content=\"es_ES\" \/>\n<meta property=\"og:type\" content=\"article\" \/>\n<meta property=\"og:title\" content=\"Un punto de encuentro: Caf\u00e9 Mart\u00ednez y su propuesta de invierno frente a Plaza San Mart\u00edn\" \/>\n<meta property=\"og:description\" content=\"Con una amplia oferta pastelera, caf\u00e9s de especialidad y un horario extendido, la sucursal de calle 29 y 26 se erige como el reflejo de una Mercedes cada vez m\u00e1s diversa y cosmopolita.\" \/>\n<meta property=\"og:url\" content=\"https:\/\/noticiasmercedinas.com\/site\/2026\/08\/12\/un-punto-de-encuentro-cafe-martinez-y-su-propuesta-de-invierno-frente-a-plaza-san-martin\/\" \/>\n<meta property=\"og:site_name\" content=\"NOTICIASMERCEDINAS.COM\" \/>\n<meta property=\"article:publisher\" content=\"https:\/\/www.facebook.com\/noticiasmercedinas\/\" \/>\n<meta property=\"article:published_time\" content=\"2026-08-12T19:35:41+00:00\" \/>\n<meta property=\"article:modified_time\" content=\"2026-08-12T19:36:53+00:00\" \/>\n<meta property=\"og:image\" content=\"https:\/\/noticiasmercedinas.com\/site\/wp-content\/uploads\/2026\/08\/WhatsApp-Image-2026-08-12-at-3.26.20-PM.jpeg\" \/>\n\t<meta property=\"og:image:width\" content=\"1600\" \/>\n\t<meta property=\"og:image:height\" content=\"1204\" \/>\n\t<meta property=\"og:image:type\" content=\"image\/jpeg\" \/>\n<meta name=\"author\" content=\"NOTICIASMERCEDINAS.COM\" \/>\n<meta name=\"twitter:card\" content=\"summary_large_image\" \/>\n<meta name=\"twitter:creator\" content=\"@notmercedinas\" \/>\n<meta name=\"twitter:site\" content=\"@notmercedinas\" \/>\n<meta name=\"twitter:label1\" content=\"Escrito por\" \/>\n\t<meta name=\"twitter:data1\" content=\"NOTICIASMERCEDINAS.COM\" \/>\n\t<meta name=\"twitter:label2\" content=\"Tiempo de lectura\" \/>\n\t<meta name=\"twitter:data2\" content=\"3 minutos\" \/>\n<script type=\"application\/ld+json\" class=\"yoast-schema-graph\">{\"@context\":\"https:\\\/\\\/schema.org\",\"@graph\":[{\"@type\":\"Article\",\"@id\":\"https:\\\/\\\/noticiasmercedinas.com\\\/site\\\/2026\\\/08\\\/12\\\/un-punto-de-encuentro-cafe-martinez-y-su-propuesta-de-invierno-frente-a-plaza-san-martin\\\/#article\",\"isPartOf\":{\"@id\":\"https:\\\/\\\/noticiasmercedinas.com\\\/site\\\/2026\\\/08\\\/12\\\/un-punto-de-encuentro-cafe-martinez-y-su-propuesta-de-invierno-frente-a-plaza-san-martin\\\/\"},\"author\":{\"name\":\"NOTICIASMERCEDINAS.COM\",\"@id\":\"https:\\\/\\\/noticiasmercedinas.com\\\/site\\\/#\\\/schema\\\/person\\\/84b59c099c28ff2e8b77d4ceec5d8063\"},\"headline\":\"Un punto de encuentro: Caf\u00e9 Mart\u00ednez y su propuesta de invierno frente a Plaza San Mart\u00edn\",\"datePublished\":\"2026-08-12T19:35:41+00:00\",\"dateModified\":\"2026-08-12T19:36:53+00:00\",\"mainEntityOfPage\":{\"@id\":\"https:\\\/\\\/noticiasmercedinas.com\\\/site\\\/2026\\\/08\\\/12\\\/un-punto-de-encuentro-cafe-martinez-y-su-propuesta-de-invierno-frente-a-plaza-san-martin\\\/\"},\"wordCount\":489,\"publisher\":{\"@id\":\"https:\\\/\\\/noticiasmercedinas.com\\\/site\\\/#organization\"},\"image\":{\"@id\":\"https:\\\/\\\/noticiasmercedinas.com\\\/site\\\/2026\\\/08\\\/12\\\/un-punto-de-encuentro-cafe-martinez-y-su-propuesta-de-invierno-frente-a-plaza-san-martin\\\/#primaryimage\"},\"thumbnailUrl\":\"https:\\\/\\\/noticiasmercedinas.com\\\/site\\\/wp-content\\\/uploads\\\/2026\\\/08\\\/WhatsApp-Image-2026-08-12-at-3.26.20-PM.jpeg\",\"keywords\":[\"cafe\",\"cafe martinez\",\"desayunos\",\"mercedes\",\"tortas\"],\"articleSection\":[\"Emprendimientos\"],\"inLanguage\":\"es\"},{\"@type\":\"WebPage\",\"@id\":\"https:\\\/\\\/noticiasmercedinas.com\\\/site\\\/2026\\\/08\\\/12\\\/un-punto-de-encuentro-cafe-martinez-y-su-propuesta-de-invierno-frente-a-plaza-san-martin\\\/\",\"url\":\"https:\\\/\\\/noticiasmercedinas.com\\\/site\\\/2026\\\/08\\\/12\\\/un-punto-de-encuentro-cafe-martinez-y-su-propuesta-de-invierno-frente-a-plaza-san-martin\\\/\",\"name\":\"Un punto de encuentro: Caf\u00e9 Mart\u00ednez y su propuesta de invierno frente a Plaza San Mart\u00edn\",\"isPartOf\":{\"@id\":\"https:\\\/\\\/noticiasmercedinas.com\\\/site\\\/#website\"},\"primaryImageOfPage\":{\"@id\":\"https:\\\/\\\/noticiasmercedinas.com\\\/site\\\/2026\\\/08\\\/12\\\/un-punto-de-encuentro-cafe-martinez-y-su-propuesta-de-invierno-frente-a-plaza-san-martin\\\/#primaryimage\"},\"image\":{\"@id\":\"https:\\\/\\\/noticiasmercedinas.com\\\/site\\\/2026\\\/08\\\/12\\\/un-punto-de-encuentro-cafe-martinez-y-su-propuesta-de-invierno-frente-a-plaza-san-martin\\\/#primaryimage\"},\"thumbnailUrl\":\"https:\\\/\\\/noticiasmercedinas.com\\\/site\\\/wp-content\\\/uploads\\\/2026\\\/08\\\/WhatsApp-Image-2026-08-12-at-3.26.20-PM.jpeg\",\"datePublished\":\"2026-08-12T19:35:41+00:00\",\"dateModified\":\"2026-08-12T19:36:53+00:00\",\"description\":\"Con una amplia oferta pastelera, caf\u00e9s de especialidad y un horario extendido, la sucursal de calle 29 y 26 se erige como el reflejo de una Mercedes cada vez m\u00e1s diversa y cosmopolita.\",\"breadcrumb\":{\"@id\":\"https:\\\/\\\/noticiasmercedinas.com\\\/site\\\/2026\\\/08\\\/12\\\/un-punto-de-encuentro-cafe-martinez-y-su-propuesta-de-invierno-frente-a-plaza-san-martin\\\/#breadcrumb\"},\"inLanguage\":\"es\",\"potentialAction\":[{\"@type\":\"ReadAction\",\"target\":[\"https:\\\/\\\/noticiasmercedinas.com\\\/site\\\/2026\\\/08\\\/12\\\/un-punto-de-encuentro-cafe-martinez-y-su-propuesta-de-invierno-frente-a-plaza-san-martin\\\/\"]}]},{\"@type\":\"ImageObject\",\"inLanguage\":\"es\",\"@id\":\"https:\\\/\\\/noticiasmercedinas.com\\\/site\\\/2026\\\/08\\\/12\\\/un-punto-de-encuentro-cafe-martinez-y-su-propuesta-de-invierno-frente-a-plaza-san-martin\\\/#primaryimage\",\"url\":\"https:\\\/\\\/noticiasmercedinas.com\\\/site\\\/wp-content\\\/uploads\\\/2026\\\/08\\\/WhatsApp-Image-2026-08-12-at-3.26.20-PM.jpeg\",\"contentUrl\":\"https:\\\/\\\/noticiasmercedinas.com\\\/site\\\/wp-content\\\/uploads\\\/2026\\\/08\\\/WhatsApp-Image-2026-08-12-at-3.26.20-PM.jpeg\",\"width\":1600,\"height\":1204},{\"@type\":\"BreadcrumbList\",\"@id\":\"https:\\\/\\\/noticiasmercedinas.com\\\/site\\\/2026\\\/08\\\/12\\\/un-punto-de-encuentro-cafe-martinez-y-su-propuesta-de-invierno-frente-a-plaza-san-martin\\\/#breadcrumb\",\"itemListElement\":[{\"@type\":\"ListItem\",\"position\":1,\"name\":\"Portada\",\"item\":\"https:\\\/\\\/noticiasmercedinas.com\\\/site\\\/\"},{\"@type\":\"ListItem\",\"position\":2,\"name\":\"Un punto de encuentro: Caf\u00e9 Mart\u00ednez y su propuesta de invierno frente a Plaza San Mart\u00edn\"}]},{\"@type\":\"WebSite\",\"@id\":\"https:\\\/\\\/noticiasmercedinas.com\\\/site\\\/#website\",\"url\":\"https:\\\/\\\/noticiasmercedinas.com\\\/site\\\/\",\"name\":\"NOTICIASMERCEDINAS.COM\",\"description\":\"Mercedes, Buenos Aires, Argentina\",\"publisher\":{\"@id\":\"https:\\\/\\\/noticiasmercedinas.com\\\/site\\\/#organization\"},\"potentialAction\":[{\"@type\":\"SearchAction\",\"target\":{\"@type\":\"EntryPoint\",\"urlTemplate\":\"https:\\\/\\\/noticiasmercedinas.com\\\/site\\\/?s={search_term_string}\"},\"query-input\":{\"@type\":\"PropertyValueSpecification\",\"valueRequired\":true,\"valueName\":\"search_term_string\"}}],\"inLanguage\":\"es\"},{\"@type\":\"Organization\",\"@id\":\"https:\\\/\\\/noticiasmercedinas.com\\\/site\\\/#organization\",\"name\":\"NOTICIASMERCEDINAS.COM\",\"url\":\"https:\\\/\\\/noticiasmercedinas.com\\\/site\\\/\",\"logo\":{\"@type\":\"ImageObject\",\"inLanguage\":\"es\",\"@id\":\"https:\\\/\\\/noticiasmercedinas.com\\\/site\\\/#\\\/schema\\\/logo\\\/image\\\/\",\"url\":\"https:\\\/\\\/noticiasmercedinas.com\\\/site\\\/wp-content\\\/uploads\\\/2020\\\/06\\\/LOGO-512.jpg\",\"contentUrl\":\"https:\\\/\\\/noticiasmercedinas.com\\\/site\\\/wp-content\\\/uploads\\\/2020\\\/06\\\/LOGO-512.jpg\",\"width\":512,\"height\":512,\"caption\":\"NOTICIASMERCEDINAS.COM\"},\"image\":{\"@id\":\"https:\\\/\\\/noticiasmercedinas.com\\\/site\\\/#\\\/schema\\\/logo\\\/image\\\/\"},\"sameAs\":[\"https:\\\/\\\/www.facebook.com\\\/noticiasmercedinas\\\/\",\"https:\\\/\\\/x.com\\\/notmercedinas\",\"https:\\\/\\\/www.instagram.com\\\/noticiasmercedinas\\\/\"]},{\"@type\":\"Person\",\"@id\":\"https:\\\/\\\/noticiasmercedinas.com\\\/site\\\/#\\\/schema\\\/person\\\/84b59c099c28ff2e8b77d4ceec5d8063\",\"name\":\"NOTICIASMERCEDINAS.COM\",\"image\":{\"@type\":\"ImageObject\",\"inLanguage\":\"es\",\"@id\":\"https:\\\/\\\/secure.gravatar.com\\\/avatar\\\/4dfbf16b4d17945bfb6341b2d19043457132fcf478a5ee04f42e959fd8f5df0a?s=96&d=mm&r=g\",\"url\":\"https:\\\/\\\/secure.gravatar.com\\\/avatar\\\/4dfbf16b4d17945bfb6341b2d19043457132fcf478a5ee04f42e959fd8f5df0a?s=96&d=mm&r=g\",\"contentUrl\":\"https:\\\/\\\/secure.gravatar.com\\\/avatar\\\/4dfbf16b4d17945bfb6341b2d19043457132fcf478a5ee04f42e959fd8f5df0a?s=96&d=mm&r=g\",\"caption\":\"NOTICIASMERCEDINAS.COM\"},\"url\":\"https:\\\/\\\/noticiasmercedinas.com\\\/site\\\/author\\\/anonimo\\\/\"}]}<\/script>\n<!-- \/ Yoast SEO plugin. -->","yoast_head_json":{"title":"Un punto de encuentro: Caf\u00e9 Mart\u00ednez y su propuesta de invierno frente a Plaza San Mart\u00edn","description":"Con una amplia oferta pastelera, caf\u00e9s de especialidad y un horario extendido, la sucursal de calle 29 y 26 se erige como el reflejo de una Mercedes cada vez m\u00e1s diversa y cosmopolita.","robots":{"index":"index","follow":"follow","max-snippet":"max-snippet:-1","max-image-preview":"max-image-preview:large","max-video-preview":"max-video-preview:-1"},"canonical":"https:\/\/noticiasmercedinas.com\/site\/2026\/08\/12\/un-punto-de-encuentro-cafe-martinez-y-su-propuesta-de-invierno-frente-a-plaza-san-martin\/","og_locale":"es_ES","og_type":"article","og_title":"Un punto de encuentro: Caf\u00e9 Mart\u00ednez y su propuesta de invierno frente a Plaza San Mart\u00edn","og_description":"Con una amplia oferta pastelera, caf\u00e9s de especialidad y un horario extendido, la sucursal de calle 29 y 26 se erige como el reflejo de una Mercedes cada vez m\u00e1s diversa y cosmopolita.","og_url":"https:\/\/noticiasmercedinas.com\/site\/2026\/08\/12\/un-punto-de-encuentro-cafe-martinez-y-su-propuesta-de-invierno-frente-a-plaza-san-martin\/","og_site_name":"NOTICIASMERCEDINAS.COM","article_publisher":"https:\/\/www.facebook.com\/noticiasmercedinas\/","article_published_time":"2026-08-12T19:35:41+00:00","article_modified_time":"2026-08-12T19:36:53+00:00","og_image":[{"width":1600,"height":1204,"url":"https:\/\/noticiasmercedinas.com\/site\/wp-content\/uploads\/2026\/08\/WhatsApp-Image-2026-08-12-at-3.26.20-PM.jpeg","type":"image\/jpeg"}],"author":"NOTICIASMERCEDINAS.COM","twitter_card":"summary_large_image","twitter_creator":"@notmercedinas","twitter_site":"@notmercedinas","twitter_misc":{"Escrito por":"NOTICIASMERCEDINAS.COM","Tiempo de lectura":"3 minutos"},"schema":{"@context":"https:\/\/schema.org","@graph":[{"@type":"Article","@id":"https:\/\/noticiasmercedinas.com\/site\/2026\/08\/12\/un-punto-de-encuentro-cafe-martinez-y-su-propuesta-de-invierno-frente-a-plaza-san-martin\/#article","isPartOf":{"@id":"https:\/\/noticiasmercedinas.com\/site\/2026\/08\/12\/un-punto-de-encuentro-cafe-martinez-y-su-propuesta-de-invierno-frente-a-plaza-san-martin\/"},"author":{"name":"NOTICIASMERCEDINAS.COM","@id":"https:\/\/noticiasmercedinas.com\/site\/#\/schema\/person\/84b59c099c28ff2e8b77d4ceec5d8063"},"headline":"Un punto de encuentro: Caf\u00e9 Mart\u00ednez y su propuesta de invierno frente a Plaza San Mart\u00edn","datePublished":"2026-08-12T19:35:41+00:00","dateModified":"2026-08-12T19:36:53+00:00","mainEntityOfPage":{"@id":"https:\/\/noticiasmercedinas.com\/site\/2026\/08\/12\/un-punto-de-encuentro-cafe-martinez-y-su-propuesta-de-invierno-frente-a-plaza-san-martin\/"},"wordCount":489,"publisher":{"@id":"https:\/\/noticiasmercedinas.com\/site\/#organization"},"image":{"@id":"https:\/\/noticiasmercedinas.com\/site\/2026\/08\/12\/un-punto-de-encuentro-cafe-martinez-y-su-propuesta-de-invierno-frente-a-plaza-san-martin\/#primaryimage"},"thumbnailUrl":"https:\/\/noticiasmercedinas.com\/site\/wp-content\/uploads\/2026\/08\/WhatsApp-Image-2026-08-12-at-3.26.20-PM.jpeg","keywords":["cafe","cafe martinez","desayunos","mercedes","tortas"],"articleSection":["Emprendimientos"],"inLanguage":"es"},{"@type":"WebPage","@id":"https:\/\/noticiasmercedinas.com\/site\/2026\/08\/12\/un-punto-de-encuentro-cafe-martinez-y-su-propuesta-de-invierno-frente-a-plaza-san-martin\/","url":"https:\/\/noticiasmercedinas.com\/site\/2026\/08\/12\/un-punto-de-encuentro-cafe-martinez-y-su-propuesta-de-invierno-frente-a-plaza-san-martin\/","name":"Un punto de encuentro: Caf\u00e9 Mart\u00ednez y su propuesta de invierno frente a Plaza San Mart\u00edn","isPartOf":{"@id":"https:\/\/noticiasmercedinas.com\/site\/#website"},"primaryImageOfPage":{"@id":"https:\/\/noticiasmercedinas.com\/site\/2026\/08\/12\/un-punto-de-encuentro-cafe-martinez-y-su-propuesta-de-invierno-frente-a-plaza-san-martin\/#primaryimage"},"image":{"@id":"https:\/\/noticiasmercedinas.com\/site\/2026\/08\/12\/un-punto-de-encuentro-cafe-martinez-y-su-propuesta-de-invierno-frente-a-plaza-san-martin\/#primaryimage"},"thumbnailUrl":"https:\/\/noticiasmercedinas.com\/site\/wp-content\/uploads\/2026\/08\/WhatsApp-Image-2026-08-12-at-3.26.20-PM.jpeg","datePublished":"2026-08-12T19:35:41+00:00","dateModified":"2026-08-12T19:36:53+00:00","description":"Con una amplia oferta pastelera, caf\u00e9s de especialidad y un horario extendido, la sucursal de calle 29 y 26 se erige como el reflejo de una Mercedes cada vez m\u00e1s diversa y cosmopolita.","breadcrumb":{"@id":"https:\/\/noticiasmercedinas.com\/site\/2026\/08\/12\/un-punto-de-encuentro-cafe-martinez-y-su-propuesta-de-invierno-frente-a-plaza-san-martin\/#breadcrumb"},"inLanguage":"es","potentialAction":[{"@type":"ReadAction","target":["https:\/\/noticiasmercedinas.com\/site\/2026\/08\/12\/un-punto-de-encuentro-cafe-martinez-y-su-propuesta-de-invierno-frente-a-plaza-san-martin\/"]}]},{"@type":"ImageObject","inLanguage":"es","@id":"https:\/\/noticiasmercedinas.com\/site\/2026\/08\/12\/un-punto-de-encuentro-cafe-martinez-y-su-propuesta-de-invierno-frente-a-plaza-san-martin\/#primaryimage","url":"https:\/\/noticiasmercedinas.com\/site\/wp-content\/uploads\/2026\/08\/WhatsApp-Image-2026-08-12-at-3.26.20-PM.jpeg","contentUrl":"https:\/\/noticiasmercedinas.com\/site\/wp-content\/uploads\/2026\/08\/WhatsApp-Image-2026-08-12-at-3.26.20-PM.jpeg","width":1600,"height":1204},{"@type":"BreadcrumbList","@id":"https:\/\/noticiasmercedinas.com\/site\/2026\/08\/12\/un-punto-de-encuentro-cafe-martinez-y-su-propuesta-de-invierno-frente-a-plaza-san-martin\/#breadcrumb","itemListElement":[{"@type":"ListItem","position":1,"name":"Portada","item":"https:\/\/noticiasmercedinas.com\/site\/"},{"@type":"ListItem","position":2,"name":"Un punto de encuentro: Caf\u00e9 Mart\u00ednez y su propuesta de invierno frente a Plaza San Mart\u00edn"}]},{"@type":"WebSite","@id":"https:\/\/noticiasmercedinas.com\/site\/#website","url":"https:\/\/noticiasmercedinas.com\/site\/","name":"NOTICIASMERCEDINAS.COM","description":"Mercedes, Buenos Aires, Argentina","publisher":{"@id":"https:\/\/noticiasmercedinas.com\/site\/#organization"},"potentialAction":[{"@type":"SearchAction","target":{"@type":"EntryPoint","urlTemplate":"https:\/\/noticiasmercedinas.com\/site\/?s={search_term_string}"},"query-input":{"@type":"PropertyValueSpecification","valueRequired":true,"valueName":"search_term_string"}}],"inLanguage":"es"},{"@type":"Organization","@id":"https:\/\/noticiasmercedinas.com\/site\/#organization","name":"NOTICIASMERCEDINAS.COM","url":"https:\/\/noticiasmercedinas.com\/site\/","logo":{"@type":"ImageObject","inLanguage":"es","@id":"https:\/\/noticiasmercedinas.com\/site\/#\/schema\/logo\/image\/","url":"https:\/\/noticiasmercedinas.com\/site\/wp-content\/uploads\/2020\/06\/LOGO-512.jpg","contentUrl":"https:\/\/noticiasmercedinas.com\/site\/wp-content\/uploads\/2020\/06\/LOGO-512.jpg","width":512,"height":512,"caption":"NOTICIASMERCEDINAS.COM"},"image":{"@id":"https:\/\/noticiasmercedinas.com\/site\/#\/schema\/logo\/image\/"},"sameAs":["https:\/\/www.facebook.com\/noticiasmercedinas\/","https:\/\/x.com\/notmercedinas","https:\/\/www.instagram.com\/noticiasmercedinas\/"]},{"@type":"Person","@id":"https:\/\/noticiasmercedinas.com\/site\/#\/schema\/person\/84b59c099c28ff2e8b77d4ceec5d8063","name":"NOTICIASMERCEDINAS.COM","image":{"@type":"ImageObject","inLanguage":"es","@id":"https:\/\/secure.gravatar.com\/avatar\/4dfbf16b4d17945bfb6341b2d19043457132fcf478a5ee04f42e959fd8f5df0a?s=96&d=mm&r=g","url":"https:\/\/secure.gravatar.com\/avatar\/4dfbf16b4d17945bfb6341b2d19043457132fcf478a5ee04f42e959fd8f5df0a?s=96&d=mm&r=g","contentUrl":"https:\/\/secure.gravatar.com\/avatar\/4dfbf16b4d17945bfb6341b2d19043457132fcf478a5ee04f42e959fd8f5df0a?s=96&d=mm&r=g","caption":"NOTICIASMERCEDINAS.COM"},"url":"https:\/\/noticiasmercedinas.com\/site\/author\/anonimo\/"}]}},"amp_enabled":true,"_links":{"self":[{"href":"https:\/\/noticiasmercedinas.com\/site\/wp-json\/wp\/v2\/posts\/192653","targetHints":{"allow":["GET"]}}],"collection":[{"href":"https:\/\/noticiasmercedinas.com\/site\/wp-json\/wp\/v2\/posts"}],"about":[{"href":"https:\/\/noticiasmercedinas.com\/site\/wp-json\/wp\/v2\/types\/post"}],"author":[{"embeddable":true,"href":"https:\/\/noticiasmercedinas.com\/site\/wp-json\/wp\/v2\/users\/16"}],"replies":[{"embeddable":true,"href":"https:\/\/noticiasmercedinas.com\/site\/wp-json\/wp\/v2\/comments?post=192653"}],"version-history":[{"count":5,"href":"https:\/\/noticiasmercedinas.com\/site\/wp-json\/wp\/v2\/posts\/192653\/revisions"}],"predecessor-version":[{"id":192666,"href":"https:\/\/noticiasmercedinas.com\/site\/wp-json\/wp\/v2\/posts\/192653\/revisions\/192666"}],"wp:featuredmedia":[{"embeddable":true,"href":"https:\/\/noticiasmercedinas.com\/site\/wp-json\/wp\/v2\/media\/192656"}],"wp:attachment":[{"href":"https:\/\/noticiasmercedinas.com\/site\/wp-json\/wp\/v2\/media?parent=192653"}],"wp:term":[{"taxonomy":"category","embeddable":true,"href":"https:\/\/noticiasmercedinas.com\/site\/wp-json\/wp\/v2\/categories?post=192653"},{"taxonomy":"post_tag","embeddable":true,"href":"https:\/\/noticiasmercedinas.com\/site\/wp-json\/wp\/v2\/tags?post=192653"}],"curies":[{"name":"wp","href":"https:\/\/api.w.org\/{rel}","templated":true}]}}