{"id":192689,"date":"2026-08-13T08:45:00","date_gmt":"2026-08-13T11:45:00","guid":{"rendered":"https:\/\/noticiasmercedinas.com\/site\/?p=192689"},"modified":"2026-08-13T08:45:00","modified_gmt":"2026-08-13T11:45:00","slug":"la-unlu-organiza-la-segunda-muestra-audiovisual-de-cine-y-educacion-en-el-marco-de-los-50-anos-del-golpe-de-estado","status":"publish","type":"post","link":"https:\/\/noticiasmercedinas.com\/site\/2026\/08\/13\/la-unlu-organiza-la-segunda-muestra-audiovisual-de-cine-y-educacion-en-el-marco-de-los-50-anos-del-golpe-de-estado\/","title":{"rendered":"La UNLu organiza la Segunda Muestra Audiovisual de Cine y Educaci\u00f3n en el marco de los 50 a\u00f1os del golpe de Estado"},"content":{"rendered":"<p>La Universidad Nacional de Luj\u00e1n (UNLu), a trav\u00e9s de su Departamento de Educaci\u00f3n, llevar\u00e1 a cabo del 2 al 5 de septiembre la Segunda Muestra Audiovisual de Cine y Educaci\u00f3n, bajo el lema \u201cProyectar memoria, desafiar lo educativo. A 50 a\u00f1os del golpe\u201d.<\/p>\n<p>La iniciativa propone articular cine, pedagog\u00eda y derechos humanos mediante proyecciones, mesas de debate y actividades territoriales con entrada libre y gratuita en sus distintas sedes regionales.<\/p>\n<blockquote><p>Del 2 al 5 de septiembre, la casa de altos estudios desplegar\u00e1 una programaci\u00f3n gratuita con 40 producciones, debates y referentes invitados en Luj\u00e1n, San Miguel, San Fernando y Moreno, sumando adem\u00e1s una modalidad virtual a trav\u00e9s de BAFILMA.<\/p><\/blockquote>\n<p>El encuentro ofrecer\u00e1 una selecci\u00f3n de aproximadamente 40 producciones entre largometrajes y cortometrajes. La apertura oficial se realizar\u00e1 el mi\u00e9rcoles 2 de septiembre a las 17 horas en el Auditorio Central de la sede Luj\u00e1n (Ruta 5 y Constituci\u00f3n), con la proyecci\u00f3n de Para hacer una pel\u00edcula s\u00f3lo hace falta un arma, de Santiago Sein.<\/p>\n<p>Las jornadas posteriores incluir\u00e1n funciones y paneles en el Teatro Municipal Trinidad Guevara de Luj\u00e1n, los Centros Regionales de San Fernando y San Miguel, el ISFD N\u00ba 21 de Moreno y espacios comunitarios del Barrio El Milenio.<\/p>\n<p>La muestra contar\u00e1 con la participaci\u00f3n de destacados intelectuales, realizadores y referentes de la cultura y los derechos humanos. En el Centro Regional San Miguel disertar\u00e1 el fotoperiodista Pablo Grillo en la mesa \u201cRepresi\u00f3n ayer y hoy. El arma de la comunicaci\u00f3n\u201d; en Moreno se proyectar\u00e1 Traslados, de Nicol\u00e1s Gil Lavedra, con un debate a cargo del colectivo Historias Desobedientes; mientras que la realizadora Tatiana Maz\u00fa Gonz\u00e1lez acompa\u00f1ar\u00e1 la exhibici\u00f3n de Todo documento de civilizaci\u00f3n. El cierre tendr\u00e1 lugar el s\u00e1bado 5 a las 19 horas en el Centro Cultural Ana de Matos de Luj\u00e1n, donde el escritor Mart\u00edn Kohan participar\u00e1 tras la proyecci\u00f3n del documental LS83, de Herman Szwarcbart.<\/p>\n<p>Adem\u00e1s del formato presencial, la plataforma de streaming bonaerense BAFILMA exhibir\u00e1 una selecci\u00f3n de la programaci\u00f3n para todo el pa\u00eds. Esta edici\u00f3n incorpora una competencia oficial de cortometrajes que recibi\u00f3 cerca de 200 postulaciones internacionales, cuyo jurado evaluador estar\u00e1 integrado por la pedagoga Ver\u00f3nica Parodi, la investigadora Ana Paula Saab y el cineasta Benjam\u00edn Naishtat.<\/p>\n","protected":false},"excerpt":{"rendered":"<p>La Universidad Nacional de Luj\u00e1n (UNLu), a trav\u00e9s de su Departamento de Educaci\u00f3n, llevar\u00e1 a cabo del 2 al 5 de septiembre la Segunda Muestra Audiovisual de Cine y Educaci\u00f3n, bajo el lema \u201cProyectar memoria, desafiar lo educativo. A 50 a\u00f1os del golpe\u201d. La iniciativa propone articular cine, pedagog\u00eda y derechos humanos mediante proyecciones, mesas [&hellip;]<\/p>\n","protected":false},"author":16,"featured_media":192690,"comment_status":"closed","ping_status":"closed","sticky":false,"template":"","format":"video","meta":{"footnotes":""},"categories":[15755,139],"tags":[412,40,699,116],"class_list":["post-192689","post","type-post","status-publish","format-video","has-post-thumbnail","hentry","category-educacion","category-regionales","tag-cine","tag-lujan","tag-memoria","tag-unlu","post_format-post-format-video"],"yoast_head":"<!-- This site is optimized with the Yoast SEO plugin v28.3 - https:\/\/yoast.com\/product\/yoast-seo-wordpress\/ -->\n<title>La UNLu organiza la Segunda Muestra Audiovisual de Cine y Educaci\u00f3n en el marco de los 50 a\u00f1os del golpe de Estado<\/title>\n<meta name=\"description\" content=\"Del 2 al 5 de septiembre, la casa de altos estudios desplegar\u00e1 una programaci\u00f3n gratuita con 40 producciones, debates y referentes invitados en Luj\u00e1n, San Miguel, San Fernando y Moreno, sumando adem\u00e1s una modalidad virtual a trav\u00e9s de BAFILMA.\" \/>\n<meta name=\"robots\" content=\"index, follow, max-snippet:-1, max-image-preview:large, max-video-preview:-1\" \/>\n<link rel=\"canonical\" href=\"https:\/\/noticiasmercedinas.com\/site\/2026\/08\/13\/la-unlu-organiza-la-segunda-muestra-audiovisual-de-cine-y-educacion-en-el-marco-de-los-50-anos-del-golpe-de-estado\/\" \/>\n<meta property=\"og:locale\" content=\"es_ES\" \/>\n<meta property=\"og:type\" content=\"article\" \/>\n<meta property=\"og:title\" content=\"La UNLu organiza la Segunda Muestra Audiovisual de Cine y Educaci\u00f3n en el marco de los 50 a\u00f1os del golpe de Estado\" \/>\n<meta property=\"og:description\" content=\"Del 2 al 5 de septiembre, la casa de altos estudios desplegar\u00e1 una programaci\u00f3n gratuita con 40 producciones, debates y referentes invitados en Luj\u00e1n, San Miguel, San Fernando y Moreno, sumando adem\u00e1s una modalidad virtual a trav\u00e9s de BAFILMA.\" \/>\n<meta property=\"og:url\" content=\"https:\/\/noticiasmercedinas.com\/site\/2026\/08\/13\/la-unlu-organiza-la-segunda-muestra-audiovisual-de-cine-y-educacion-en-el-marco-de-los-50-anos-del-golpe-de-estado\/\" \/>\n<meta property=\"og:site_name\" content=\"NOTICIASMERCEDINAS.COM\" \/>\n<meta property=\"article:publisher\" content=\"https:\/\/www.facebook.com\/noticiasmercedinas\/\" \/>\n<meta property=\"article:published_time\" content=\"2026-08-13T11:45:00+00:00\" \/>\n<meta property=\"og:image\" content=\"https:\/\/noticiasmercedinas.com\/site\/wp-content\/uploads\/2026\/08\/maxresdefault.jpg\" \/>\n\t<meta property=\"og:image:width\" content=\"1280\" \/>\n\t<meta property=\"og:image:height\" content=\"720\" \/>\n\t<meta property=\"og:image:type\" content=\"image\/jpeg\" \/>\n<meta name=\"author\" content=\"NOTICIASMERCEDINAS.COM\" \/>\n<meta name=\"twitter:card\" content=\"summary_large_image\" \/>\n<meta name=\"twitter:creator\" content=\"@notmercedinas\" \/>\n<meta name=\"twitter:site\" content=\"@notmercedinas\" \/>\n<meta name=\"twitter:label1\" content=\"Escrito por\" \/>\n\t<meta name=\"twitter:data1\" content=\"NOTICIASMERCEDINAS.COM\" \/>\n\t<meta name=\"twitter:label2\" content=\"Tiempo de lectura\" \/>\n\t<meta name=\"twitter:data2\" content=\"2 minutos\" \/>\n<script type=\"application\/ld+json\" class=\"yoast-schema-graph\">{\"@context\":\"https:\\\/\\\/schema.org\",\"@graph\":[{\"@type\":\"Article\",\"@id\":\"https:\\\/\\\/noticiasmercedinas.com\\\/site\\\/2026\\\/08\\\/13\\\/la-unlu-organiza-la-segunda-muestra-audiovisual-de-cine-y-educacion-en-el-marco-de-los-50-anos-del-golpe-de-estado\\\/#article\",\"isPartOf\":{\"@id\":\"https:\\\/\\\/noticiasmercedinas.com\\\/site\\\/2026\\\/08\\\/13\\\/la-unlu-organiza-la-segunda-muestra-audiovisual-de-cine-y-educacion-en-el-marco-de-los-50-anos-del-golpe-de-estado\\\/\"},\"author\":{\"name\":\"NOTICIASMERCEDINAS.COM\",\"@id\":\"https:\\\/\\\/noticiasmercedinas.com\\\/site\\\/#\\\/schema\\\/person\\\/84b59c099c28ff2e8b77d4ceec5d8063\"},\"headline\":\"La UNLu organiza la Segunda Muestra Audiovisual de Cine y Educaci\u00f3n en el marco de los 50 a\u00f1os del golpe de Estado\",\"datePublished\":\"2026-08-13T11:45:00+00:00\",\"mainEntityOfPage\":{\"@id\":\"https:\\\/\\\/noticiasmercedinas.com\\\/site\\\/2026\\\/08\\\/13\\\/la-unlu-organiza-la-segunda-muestra-audiovisual-de-cine-y-educacion-en-el-marco-de-los-50-anos-del-golpe-de-estado\\\/\"},\"wordCount\":413,\"publisher\":{\"@id\":\"https:\\\/\\\/noticiasmercedinas.com\\\/site\\\/#organization\"},\"image\":{\"@id\":\"https:\\\/\\\/noticiasmercedinas.com\\\/site\\\/2026\\\/08\\\/13\\\/la-unlu-organiza-la-segunda-muestra-audiovisual-de-cine-y-educacion-en-el-marco-de-los-50-anos-del-golpe-de-estado\\\/#primaryimage\"},\"thumbnailUrl\":\"https:\\\/\\\/noticiasmercedinas.com\\\/site\\\/wp-content\\\/uploads\\\/2026\\\/08\\\/maxresdefault.jpg\",\"keywords\":[\"cine\",\"lujan\",\"memoria\",\"unlu\"],\"articleSection\":[\"Educacion\",\"Regionales\"],\"inLanguage\":\"es\"},{\"@type\":\"WebPage\",\"@id\":\"https:\\\/\\\/noticiasmercedinas.com\\\/site\\\/2026\\\/08\\\/13\\\/la-unlu-organiza-la-segunda-muestra-audiovisual-de-cine-y-educacion-en-el-marco-de-los-50-anos-del-golpe-de-estado\\\/\",\"url\":\"https:\\\/\\\/noticiasmercedinas.com\\\/site\\\/2026\\\/08\\\/13\\\/la-unlu-organiza-la-segunda-muestra-audiovisual-de-cine-y-educacion-en-el-marco-de-los-50-anos-del-golpe-de-estado\\\/\",\"name\":\"La UNLu organiza la Segunda Muestra Audiovisual de Cine y Educaci\u00f3n en el marco de los 50 a\u00f1os del golpe de Estado\",\"isPartOf\":{\"@id\":\"https:\\\/\\\/noticiasmercedinas.com\\\/site\\\/#website\"},\"primaryImageOfPage\":{\"@id\":\"https:\\\/\\\/noticiasmercedinas.com\\\/site\\\/2026\\\/08\\\/13\\\/la-unlu-organiza-la-segunda-muestra-audiovisual-de-cine-y-educacion-en-el-marco-de-los-50-anos-del-golpe-de-estado\\\/#primaryimage\"},\"image\":{\"@id\":\"https:\\\/\\\/noticiasmercedinas.com\\\/site\\\/2026\\\/08\\\/13\\\/la-unlu-organiza-la-segunda-muestra-audiovisual-de-cine-y-educacion-en-el-marco-de-los-50-anos-del-golpe-de-estado\\\/#primaryimage\"},\"thumbnailUrl\":\"https:\\\/\\\/noticiasmercedinas.com\\\/site\\\/wp-content\\\/uploads\\\/2026\\\/08\\\/maxresdefault.jpg\",\"datePublished\":\"2026-08-13T11:45:00+00:00\",\"description\":\"Del 2 al 5 de septiembre, la casa de altos estudios desplegar\u00e1 una programaci\u00f3n gratuita con 40 producciones, debates y referentes invitados en Luj\u00e1n, San Miguel, San Fernando y Moreno, sumando adem\u00e1s una modalidad virtual a trav\u00e9s de BAFILMA.\",\"breadcrumb\":{\"@id\":\"https:\\\/\\\/noticiasmercedinas.com\\\/site\\\/2026\\\/08\\\/13\\\/la-unlu-organiza-la-segunda-muestra-audiovisual-de-cine-y-educacion-en-el-marco-de-los-50-anos-del-golpe-de-estado\\\/#breadcrumb\"},\"inLanguage\":\"es\",\"potentialAction\":[{\"@type\":\"ReadAction\",\"target\":[\"https:\\\/\\\/noticiasmercedinas.com\\\/site\\\/2026\\\/08\\\/13\\\/la-unlu-organiza-la-segunda-muestra-audiovisual-de-cine-y-educacion-en-el-marco-de-los-50-anos-del-golpe-de-estado\\\/\"]}]},{\"@type\":\"ImageObject\",\"inLanguage\":\"es\",\"@id\":\"https:\\\/\\\/noticiasmercedinas.com\\\/site\\\/2026\\\/08\\\/13\\\/la-unlu-organiza-la-segunda-muestra-audiovisual-de-cine-y-educacion-en-el-marco-de-los-50-anos-del-golpe-de-estado\\\/#primaryimage\",\"url\":\"https:\\\/\\\/noticiasmercedinas.com\\\/site\\\/wp-content\\\/uploads\\\/2026\\\/08\\\/maxresdefault.jpg\",\"contentUrl\":\"https:\\\/\\\/noticiasmercedinas.com\\\/site\\\/wp-content\\\/uploads\\\/2026\\\/08\\\/maxresdefault.jpg\",\"width\":1280,\"height\":720},{\"@type\":\"BreadcrumbList\",\"@id\":\"https:\\\/\\\/noticiasmercedinas.com\\\/site\\\/2026\\\/08\\\/13\\\/la-unlu-organiza-la-segunda-muestra-audiovisual-de-cine-y-educacion-en-el-marco-de-los-50-anos-del-golpe-de-estado\\\/#breadcrumb\",\"itemListElement\":[{\"@type\":\"ListItem\",\"position\":1,\"name\":\"Portada\",\"item\":\"https:\\\/\\\/noticiasmercedinas.com\\\/site\\\/\"},{\"@type\":\"ListItem\",\"position\":2,\"name\":\"La UNLu organiza la Segunda Muestra Audiovisual de Cine y Educaci\u00f3n en el marco de los 50 a\u00f1os del golpe de Estado\"}]},{\"@type\":\"WebSite\",\"@id\":\"https:\\\/\\\/noticiasmercedinas.com\\\/site\\\/#website\",\"url\":\"https:\\\/\\\/noticiasmercedinas.com\\\/site\\\/\",\"name\":\"NOTICIASMERCEDINAS.COM\",\"description\":\"Mercedes, Buenos Aires, Argentina\",\"publisher\":{\"@id\":\"https:\\\/\\\/noticiasmercedinas.com\\\/site\\\/#organization\"},\"potentialAction\":[{\"@type\":\"SearchAction\",\"target\":{\"@type\":\"EntryPoint\",\"urlTemplate\":\"https:\\\/\\\/noticiasmercedinas.com\\\/site\\\/?s={search_term_string}\"},\"query-input\":{\"@type\":\"PropertyValueSpecification\",\"valueRequired\":true,\"valueName\":\"search_term_string\"}}],\"inLanguage\":\"es\"},{\"@type\":\"Organization\",\"@id\":\"https:\\\/\\\/noticiasmercedinas.com\\\/site\\\/#organization\",\"name\":\"NOTICIASMERCEDINAS.COM\",\"url\":\"https:\\\/\\\/noticiasmercedinas.com\\\/site\\\/\",\"logo\":{\"@type\":\"ImageObject\",\"inLanguage\":\"es\",\"@id\":\"https:\\\/\\\/noticiasmercedinas.com\\\/site\\\/#\\\/schema\\\/logo\\\/image\\\/\",\"url\":\"https:\\\/\\\/noticiasmercedinas.com\\\/site\\\/wp-content\\\/uploads\\\/2020\\\/06\\\/LOGO-512.jpg\",\"contentUrl\":\"https:\\\/\\\/noticiasmercedinas.com\\\/site\\\/wp-content\\\/uploads\\\/2020\\\/06\\\/LOGO-512.jpg\",\"width\":512,\"height\":512,\"caption\":\"NOTICIASMERCEDINAS.COM\"},\"image\":{\"@id\":\"https:\\\/\\\/noticiasmercedinas.com\\\/site\\\/#\\\/schema\\\/logo\\\/image\\\/\"},\"sameAs\":[\"https:\\\/\\\/www.facebook.com\\\/noticiasmercedinas\\\/\",\"https:\\\/\\\/x.com\\\/notmercedinas\",\"https:\\\/\\\/www.instagram.com\\\/noticiasmercedinas\\\/\"]},{\"@type\":\"Person\",\"@id\":\"https:\\\/\\\/noticiasmercedinas.com\\\/site\\\/#\\\/schema\\\/person\\\/84b59c099c28ff2e8b77d4ceec5d8063\",\"name\":\"NOTICIASMERCEDINAS.COM\",\"image\":{\"@type\":\"ImageObject\",\"inLanguage\":\"es\",\"@id\":\"https:\\\/\\\/secure.gravatar.com\\\/avatar\\\/4dfbf16b4d17945bfb6341b2d19043457132fcf478a5ee04f42e959fd8f5df0a?s=96&d=mm&r=g\",\"url\":\"https:\\\/\\\/secure.gravatar.com\\\/avatar\\\/4dfbf16b4d17945bfb6341b2d19043457132fcf478a5ee04f42e959fd8f5df0a?s=96&d=mm&r=g\",\"contentUrl\":\"https:\\\/\\\/secure.gravatar.com\\\/avatar\\\/4dfbf16b4d17945bfb6341b2d19043457132fcf478a5ee04f42e959fd8f5df0a?s=96&d=mm&r=g\",\"caption\":\"NOTICIASMERCEDINAS.COM\"},\"url\":\"https:\\\/\\\/noticiasmercedinas.com\\\/site\\\/author\\\/anonimo\\\/\"}]}<\/script>\n<!-- \/ Yoast SEO plugin. -->","yoast_head_json":{"title":"La UNLu organiza la Segunda Muestra Audiovisual de Cine y Educaci\u00f3n en el marco de los 50 a\u00f1os del golpe de Estado","description":"Del 2 al 5 de septiembre, la casa de altos estudios desplegar\u00e1 una programaci\u00f3n gratuita con 40 producciones, debates y referentes invitados en Luj\u00e1n, San Miguel, San Fernando y Moreno, sumando adem\u00e1s una modalidad virtual a trav\u00e9s de BAFILMA.","robots":{"index":"index","follow":"follow","max-snippet":"max-snippet:-1","max-image-preview":"max-image-preview:large","max-video-preview":"max-video-preview:-1"},"canonical":"https:\/\/noticiasmercedinas.com\/site\/2026\/08\/13\/la-unlu-organiza-la-segunda-muestra-audiovisual-de-cine-y-educacion-en-el-marco-de-los-50-anos-del-golpe-de-estado\/","og_locale":"es_ES","og_type":"article","og_title":"La UNLu organiza la Segunda Muestra Audiovisual de Cine y Educaci\u00f3n en el marco de los 50 a\u00f1os del golpe de Estado","og_description":"Del 2 al 5 de septiembre, la casa de altos estudios desplegar\u00e1 una programaci\u00f3n gratuita con 40 producciones, debates y referentes invitados en Luj\u00e1n, San Miguel, San Fernando y Moreno, sumando adem\u00e1s una modalidad virtual a trav\u00e9s de BAFILMA.","og_url":"https:\/\/noticiasmercedinas.com\/site\/2026\/08\/13\/la-unlu-organiza-la-segunda-muestra-audiovisual-de-cine-y-educacion-en-el-marco-de-los-50-anos-del-golpe-de-estado\/","og_site_name":"NOTICIASMERCEDINAS.COM","article_publisher":"https:\/\/www.facebook.com\/noticiasmercedinas\/","article_published_time":"2026-08-13T11:45:00+00:00","og_image":[{"width":1280,"height":720,"url":"https:\/\/noticiasmercedinas.com\/site\/wp-content\/uploads\/2026\/08\/maxresdefault.jpg","type":"image\/jpeg"}],"author":"NOTICIASMERCEDINAS.COM","twitter_card":"summary_large_image","twitter_creator":"@notmercedinas","twitter_site":"@notmercedinas","twitter_misc":{"Escrito por":"NOTICIASMERCEDINAS.COM","Tiempo de lectura":"2 minutos"},"schema":{"@context":"https:\/\/schema.org","@graph":[{"@type":"Article","@id":"https:\/\/noticiasmercedinas.com\/site\/2026\/08\/13\/la-unlu-organiza-la-segunda-muestra-audiovisual-de-cine-y-educacion-en-el-marco-de-los-50-anos-del-golpe-de-estado\/#article","isPartOf":{"@id":"https:\/\/noticiasmercedinas.com\/site\/2026\/08\/13\/la-unlu-organiza-la-segunda-muestra-audiovisual-de-cine-y-educacion-en-el-marco-de-los-50-anos-del-golpe-de-estado\/"},"author":{"name":"NOTICIASMERCEDINAS.COM","@id":"https:\/\/noticiasmercedinas.com\/site\/#\/schema\/person\/84b59c099c28ff2e8b77d4ceec5d8063"},"headline":"La UNLu organiza la Segunda Muestra Audiovisual de Cine y Educaci\u00f3n en el marco de los 50 a\u00f1os del golpe de Estado","datePublished":"2026-08-13T11:45:00+00:00","mainEntityOfPage":{"@id":"https:\/\/noticiasmercedinas.com\/site\/2026\/08\/13\/la-unlu-organiza-la-segunda-muestra-audiovisual-de-cine-y-educacion-en-el-marco-de-los-50-anos-del-golpe-de-estado\/"},"wordCount":413,"publisher":{"@id":"https:\/\/noticiasmercedinas.com\/site\/#organization"},"image":{"@id":"https:\/\/noticiasmercedinas.com\/site\/2026\/08\/13\/la-unlu-organiza-la-segunda-muestra-audiovisual-de-cine-y-educacion-en-el-marco-de-los-50-anos-del-golpe-de-estado\/#primaryimage"},"thumbnailUrl":"https:\/\/noticiasmercedinas.com\/site\/wp-content\/uploads\/2026\/08\/maxresdefault.jpg","keywords":["cine","lujan","memoria","unlu"],"articleSection":["Educacion","Regionales"],"inLanguage":"es"},{"@type":"WebPage","@id":"https:\/\/noticiasmercedinas.com\/site\/2026\/08\/13\/la-unlu-organiza-la-segunda-muestra-audiovisual-de-cine-y-educacion-en-el-marco-de-los-50-anos-del-golpe-de-estado\/","url":"https:\/\/noticiasmercedinas.com\/site\/2026\/08\/13\/la-unlu-organiza-la-segunda-muestra-audiovisual-de-cine-y-educacion-en-el-marco-de-los-50-anos-del-golpe-de-estado\/","name":"La UNLu organiza la Segunda Muestra Audiovisual de Cine y Educaci\u00f3n en el marco de los 50 a\u00f1os del golpe de Estado","isPartOf":{"@id":"https:\/\/noticiasmercedinas.com\/site\/#website"},"primaryImageOfPage":{"@id":"https:\/\/noticiasmercedinas.com\/site\/2026\/08\/13\/la-unlu-organiza-la-segunda-muestra-audiovisual-de-cine-y-educacion-en-el-marco-de-los-50-anos-del-golpe-de-estado\/#primaryimage"},"image":{"@id":"https:\/\/noticiasmercedinas.com\/site\/2026\/08\/13\/la-unlu-organiza-la-segunda-muestra-audiovisual-de-cine-y-educacion-en-el-marco-de-los-50-anos-del-golpe-de-estado\/#primaryimage"},"thumbnailUrl":"https:\/\/noticiasmercedinas.com\/site\/wp-content\/uploads\/2026\/08\/maxresdefault.jpg","datePublished":"2026-08-13T11:45:00+00:00","description":"Del 2 al 5 de septiembre, la casa de altos estudios desplegar\u00e1 una programaci\u00f3n gratuita con 40 producciones, debates y referentes invitados en Luj\u00e1n, San Miguel, San Fernando y Moreno, sumando adem\u00e1s una modalidad virtual a trav\u00e9s de BAFILMA.","breadcrumb":{"@id":"https:\/\/noticiasmercedinas.com\/site\/2026\/08\/13\/la-unlu-organiza-la-segunda-muestra-audiovisual-de-cine-y-educacion-en-el-marco-de-los-50-anos-del-golpe-de-estado\/#breadcrumb"},"inLanguage":"es","potentialAction":[{"@type":"ReadAction","target":["https:\/\/noticiasmercedinas.com\/site\/2026\/08\/13\/la-unlu-organiza-la-segunda-muestra-audiovisual-de-cine-y-educacion-en-el-marco-de-los-50-anos-del-golpe-de-estado\/"]}]},{"@type":"ImageObject","inLanguage":"es","@id":"https:\/\/noticiasmercedinas.com\/site\/2026\/08\/13\/la-unlu-organiza-la-segunda-muestra-audiovisual-de-cine-y-educacion-en-el-marco-de-los-50-anos-del-golpe-de-estado\/#primaryimage","url":"https:\/\/noticiasmercedinas.com\/site\/wp-content\/uploads\/2026\/08\/maxresdefault.jpg","contentUrl":"https:\/\/noticiasmercedinas.com\/site\/wp-content\/uploads\/2026\/08\/maxresdefault.jpg","width":1280,"height":720},{"@type":"BreadcrumbList","@id":"https:\/\/noticiasmercedinas.com\/site\/2026\/08\/13\/la-unlu-organiza-la-segunda-muestra-audiovisual-de-cine-y-educacion-en-el-marco-de-los-50-anos-del-golpe-de-estado\/#breadcrumb","itemListElement":[{"@type":"ListItem","position":1,"name":"Portada","item":"https:\/\/noticiasmercedinas.com\/site\/"},{"@type":"ListItem","position":2,"name":"La UNLu organiza la Segunda Muestra Audiovisual de Cine y Educaci\u00f3n en el marco de los 50 a\u00f1os del golpe de Estado"}]},{"@type":"WebSite","@id":"https:\/\/noticiasmercedinas.com\/site\/#website","url":"https:\/\/noticiasmercedinas.com\/site\/","name":"NOTICIASMERCEDINAS.COM","description":"Mercedes, Buenos Aires, Argentina","publisher":{"@id":"https:\/\/noticiasmercedinas.com\/site\/#organization"},"potentialAction":[{"@type":"SearchAction","target":{"@type":"EntryPoint","urlTemplate":"https:\/\/noticiasmercedinas.com\/site\/?s={search_term_string}"},"query-input":{"@type":"PropertyValueSpecification","valueRequired":true,"valueName":"search_term_string"}}],"inLanguage":"es"},{"@type":"Organization","@id":"https:\/\/noticiasmercedinas.com\/site\/#organization","name":"NOTICIASMERCEDINAS.COM","url":"https:\/\/noticiasmercedinas.com\/site\/","logo":{"@type":"ImageObject","inLanguage":"es","@id":"https:\/\/noticiasmercedinas.com\/site\/#\/schema\/logo\/image\/","url":"https:\/\/noticiasmercedinas.com\/site\/wp-content\/uploads\/2020\/06\/LOGO-512.jpg","contentUrl":"https:\/\/noticiasmercedinas.com\/site\/wp-content\/uploads\/2020\/06\/LOGO-512.jpg","width":512,"height":512,"caption":"NOTICIASMERCEDINAS.COM"},"image":{"@id":"https:\/\/noticiasmercedinas.com\/site\/#\/schema\/logo\/image\/"},"sameAs":["https:\/\/www.facebook.com\/noticiasmercedinas\/","https:\/\/x.com\/notmercedinas","https:\/\/www.instagram.com\/noticiasmercedinas\/"]},{"@type":"Person","@id":"https:\/\/noticiasmercedinas.com\/site\/#\/schema\/person\/84b59c099c28ff2e8b77d4ceec5d8063","name":"NOTICIASMERCEDINAS.COM","image":{"@type":"ImageObject","inLanguage":"es","@id":"https:\/\/secure.gravatar.com\/avatar\/4dfbf16b4d17945bfb6341b2d19043457132fcf478a5ee04f42e959fd8f5df0a?s=96&d=mm&r=g","url":"https:\/\/secure.gravatar.com\/avatar\/4dfbf16b4d17945bfb6341b2d19043457132fcf478a5ee04f42e959fd8f5df0a?s=96&d=mm&r=g","contentUrl":"https:\/\/secure.gravatar.com\/avatar\/4dfbf16b4d17945bfb6341b2d19043457132fcf478a5ee04f42e959fd8f5df0a?s=96&d=mm&r=g","caption":"NOTICIASMERCEDINAS.COM"},"url":"https:\/\/noticiasmercedinas.com\/site\/author\/anonimo\/"}]}},"amp_enabled":true,"_links":{"self":[{"href":"https:\/\/noticiasmercedinas.com\/site\/wp-json\/wp\/v2\/posts\/192689","targetHints":{"allow":["GET"]}}],"collection":[{"href":"https:\/\/noticiasmercedinas.com\/site\/wp-json\/wp\/v2\/posts"}],"about":[{"href":"https:\/\/noticiasmercedinas.com\/site\/wp-json\/wp\/v2\/types\/post"}],"author":[{"embeddable":true,"href":"https:\/\/noticiasmercedinas.com\/site\/wp-json\/wp\/v2\/users\/16"}],"replies":[{"embeddable":true,"href":"https:\/\/noticiasmercedinas.com\/site\/wp-json\/wp\/v2\/comments?post=192689"}],"version-history":[{"count":1,"href":"https:\/\/noticiasmercedinas.com\/site\/wp-json\/wp\/v2\/posts\/192689\/revisions"}],"predecessor-version":[{"id":192691,"href":"https:\/\/noticiasmercedinas.com\/site\/wp-json\/wp\/v2\/posts\/192689\/revisions\/192691"}],"wp:featuredmedia":[{"embeddable":true,"href":"https:\/\/noticiasmercedinas.com\/site\/wp-json\/wp\/v2\/media\/192690"}],"wp:attachment":[{"href":"https:\/\/noticiasmercedinas.com\/site\/wp-json\/wp\/v2\/media?parent=192689"}],"wp:term":[{"taxonomy":"category","embeddable":true,"href":"https:\/\/noticiasmercedinas.com\/site\/wp-json\/wp\/v2\/categories?post=192689"},{"taxonomy":"post_tag","embeddable":true,"href":"https:\/\/noticiasmercedinas.com\/site\/wp-json\/wp\/v2\/tags?post=192689"}],"curies":[{"name":"wp","href":"https:\/\/api.w.org\/{rel}","templated":true}]}}