{"id":192692,"date":"2026-08-13T09:03:26","date_gmt":"2026-08-13T12:03:26","guid":{"rendered":"https:\/\/noticiasmercedinas.com\/site\/?p=192692"},"modified":"2026-08-13T09:04:09","modified_gmt":"2026-08-13T12:04:09","slug":"propuestas-interactivas-y-100-libres-de-gluten-para-festejar-el-dia-del-nino-en-la-chica-de-los-frutos","status":"publish","type":"post","link":"https:\/\/noticiasmercedinas.com\/site\/2026\/08\/13\/propuestas-interactivas-y-100-libres-de-gluten-para-festejar-el-dia-del-nino-en-la-chica-de-los-frutos\/","title":{"rendered":"Propuestas interactivas y 100% libres de gluten para festejar el D\u00eda del Ni\u00f1o en \u00abLa chica de los frutos\u00bb"},"content":{"rendered":"<p data-path-to-node=\"2\"><img loading=\"lazy\" decoding=\"async\" class=\"alignnone size-full wp-image-192695\" src=\"https:\/\/noticiasmercedinas.com\/site\/wp-content\/uploads\/2026\/08\/WhatsApp-Image-2026-08-12-at-7.01.18-PM-e1786622522651.jpeg\" alt=\"\" width=\"695\" height=\"487\" srcset=\"https:\/\/noticiasmercedinas.com\/site\/wp-content\/uploads\/2026\/08\/WhatsApp-Image-2026-08-12-at-7.01.18-PM-e1786622522651.jpeg 695w, https:\/\/noticiasmercedinas.com\/site\/wp-content\/uploads\/2026\/08\/WhatsApp-Image-2026-08-12-at-7.01.18-PM-e1786622522651-300x210.jpeg 300w, https:\/\/noticiasmercedinas.com\/site\/wp-content\/uploads\/2026\/08\/WhatsApp-Image-2026-08-12-at-7.01.18-PM-e1786622522651-640x448.jpeg 640w, https:\/\/noticiasmercedinas.com\/site\/wp-content\/uploads\/2026\/08\/WhatsApp-Image-2026-08-12-at-7.01.18-PM-e1786622522651-681x477.jpeg 681w\" sizes=\"auto, (max-width: 695px) 100vw, 695px\" \/><\/p>\n<p data-path-to-node=\"2\">De cara a las celebraciones por el D\u00eda del Ni\u00f1o, el almac\u00e9n especializado en alimentos libres de gluten <b data-path-to-node=\"2\" data-index-in-node=\"114\">\u00abLa chica de los frutos\u00bb<\/b> \u2014encabezado por la emprendedora Sof\u00eda Jael Mart\u00ednez y ubicado en calle 25 N\u00b0 555 (casi esquina 24)\u2014 present\u00f3 el detalle de sus dos propuestas gastron\u00f3micas e interactivas dise\u00f1adas especialmente para la fecha.<\/p>\n<p data-path-to-node=\"3\">Las alternativas buscan articular la reposter\u00eda artesanal segura para la comunidad cel\u00edaca con actividades l\u00fadicas y creativas para ni\u00f1os y ni\u00f1as.<\/p>\n<blockquote>\n<p data-path-to-node=\"3\">El almac\u00e9n especializado de calle 25 present\u00f3 sus dos opciones de meriendas tem\u00e1ticas que incluyen galletitas para pintar, mini tortas para decorar, reposter\u00eda artesanal y sorpresas, con entregas programadas durante todo el fin de semana.<\/p>\n<\/blockquote>\n<p data-path-to-node=\"3\"><img loading=\"lazy\" decoding=\"async\" class=\"alignnone size-full wp-image-192694\" src=\"https:\/\/noticiasmercedinas.com\/site\/wp-content\/uploads\/2026\/08\/WhatsApp-Image-2026-08-12-at-6.58.48-PM.jpeg\" alt=\"\" width=\"1087\" height=\"1447\" srcset=\"https:\/\/noticiasmercedinas.com\/site\/wp-content\/uploads\/2026\/08\/WhatsApp-Image-2026-08-12-at-6.58.48-PM.jpeg 1087w, https:\/\/noticiasmercedinas.com\/site\/wp-content\/uploads\/2026\/08\/WhatsApp-Image-2026-08-12-at-6.58.48-PM-225x300.jpeg 225w, https:\/\/noticiasmercedinas.com\/site\/wp-content\/uploads\/2026\/08\/WhatsApp-Image-2026-08-12-at-6.58.48-PM-769x1024.jpeg 769w, https:\/\/noticiasmercedinas.com\/site\/wp-content\/uploads\/2026\/08\/WhatsApp-Image-2026-08-12-at-6.58.48-PM-768x1022.jpeg 768w, https:\/\/noticiasmercedinas.com\/site\/wp-content\/uploads\/2026\/08\/WhatsApp-Image-2026-08-12-at-6.58.48-PM-640x852.jpeg 640w, https:\/\/noticiasmercedinas.com\/site\/wp-content\/uploads\/2026\/08\/WhatsApp-Image-2026-08-12-at-6.58.48-PM-681x907.jpeg 681w\" sizes=\"auto, (max-width: 1087px) 100vw, 1087px\" \/><\/p>\n<p data-path-to-node=\"3\">La primera de las opciones es el <b data-path-to-node=\"3\" data-index-in-node=\"180\">\u00abBox Valija\u00bb<\/b>, un combo en caja chica tem\u00e1tica que contiene cookies artesanales con pincel y paleta de glac\u00e9 para pintar, muffin con chips de chocolate, granas con mo\u00f1o, caramelos, globo y una plancha de stickers a elecci\u00f3n (disponibles en motivos de dinosaurios, Toy Story o Capybara).<\/p>\n<p data-path-to-node=\"4\">Por su parte, el comercio sum\u00f3 el <b data-path-to-node=\"4\" data-index-in-node=\"34\">\u00abBox Premium\u00bb<\/b>, una presentaci\u00f3n en caja grande pensada en formato de merienda completa. Esta alternativa incluye una mini torta lista para decorar, una manga con crema, muffin, cookies con pincel, granas, caramelos, globo y la correspondiente plancha de stickers tem\u00e1ticos.<\/p>\n<p data-path-to-node=\"5\">Ambas presentaciones son elaboradas bajo estrictos protocolos bromatol\u00f3gicos en un entorno de producci\u00f3n exclusivo, garantizando la ausencia total de contaminaci\u00f3n cruzada por trigo, avena, cebada y centeno (TACC).<\/p>\n<p data-path-to-node=\"6\">Los pedidos pueden realizarse de manera directa v\u00eda WhatsApp al <b data-path-to-node=\"6\" data-index-in-node=\"64\">11 5588-0891<\/b>. La firma confirm\u00f3 que las entregas se realizar\u00e1n durante la tarde del viernes, el s\u00e1bado y el domingo inclusive, jornada en la cual el local c\u00e9ntrico mantendr\u00e1 sus puertas abiertas.<\/p>\n<h3 data-path-to-node=\"16\">Horarios de atenci\u00f3n y v\u00edas de contacto<\/h3>\n<p data-path-to-node=\"17\">Con el prop\u00f3sito de brindar una cobertura amplia para los consumidores locales y aquellos vecinos de la regi\u00f3n que visitan la ciudad, el almac\u00e9n estableci\u00f3 un cronograma de atenci\u00f3n que abarca todos los d\u00edas de la semana:<\/p>\n<p data-path-to-node=\"18,0,0\"><b data-path-to-node=\"18,0,0\" data-index-in-node=\"0\">Lunes a S\u00e1bados:<\/b>\u00a0De 9:00 a 14:30 horas y de 16:30 a 21:30 horas.<\/p>\n<p data-path-to-node=\"18,1,0\"><b data-path-to-node=\"18,1,0\" data-index-in-node=\"0\">Domingos:<\/b>\u00a0De 10:00 a 14:00 horas.<\/p>\n<p data-path-to-node=\"19\">Para consultas, pedidos personalizados destinados a celebraciones o eventos, los clientes pueden comunicarse a trav\u00e9s de la l\u00ednea telef\u00f3nica\u00a0<b data-path-to-node=\"19\" data-index-in-node=\"141\">11 5588-0891<\/b>\u00a0o mediante su perfil oficial en la red social Instagram (<a href=\"http:\/\/www.instagram.com\/sofii_lachicadelosfrutos\"><b data-path-to-node=\"19\" data-index-in-node=\"211\">@sofii_lachicadelosfrutos<\/b><\/a>).<\/p>\n<p><strong>La chica de los frutos<\/strong><br \/>\n<strong>Sof\u00eda Jael Martinez<\/strong><br \/>\n<strong>Calle 25 N\u00ba 555 casi esquina 24<\/strong><\/p>\n<p><strong>Lunes a s\u00e1bados de 9 a 14.30 y de 16.30 a 21.30 horas.<\/strong><br \/>\n<strong>Domingos de 10 a 14 horas<\/strong><br \/>\n<strong>Tel\u00e9fono 11 5588-0891<\/strong><br \/>\n<strong><a href=\"https:\/\/www.instagram.com\/sofii_lachicadelosfrutos\/\">https:\/\/www.instagram.com\/sofii_lachicadelosfrutos\/<\/a><\/strong><\/p>\n<p><img loading=\"lazy\" decoding=\"async\" class=\"alignnone size-full wp-image-192693\" src=\"https:\/\/noticiasmercedinas.com\/site\/wp-content\/uploads\/2026\/08\/WhatsApp-Image-2026-08-12-at-6.58.49-PM.jpeg\" alt=\"\" width=\"1086\" height=\"1448\" srcset=\"https:\/\/noticiasmercedinas.com\/site\/wp-content\/uploads\/2026\/08\/WhatsApp-Image-2026-08-12-at-6.58.49-PM.jpeg 1086w, https:\/\/noticiasmercedinas.com\/site\/wp-content\/uploads\/2026\/08\/WhatsApp-Image-2026-08-12-at-6.58.49-PM-225x300.jpeg 225w, https:\/\/noticiasmercedinas.com\/site\/wp-content\/uploads\/2026\/08\/WhatsApp-Image-2026-08-12-at-6.58.49-PM-768x1024.jpeg 768w, https:\/\/noticiasmercedinas.com\/site\/wp-content\/uploads\/2026\/08\/WhatsApp-Image-2026-08-12-at-6.58.49-PM-640x853.jpeg 640w, https:\/\/noticiasmercedinas.com\/site\/wp-content\/uploads\/2026\/08\/WhatsApp-Image-2026-08-12-at-6.58.49-PM-681x908.jpeg 681w\" sizes=\"auto, (max-width: 1086px) 100vw, 1086px\" \/><\/p>\n","protected":false},"excerpt":{"rendered":"<p>De cara a las celebraciones por el D\u00eda del Ni\u00f1o, el almac\u00e9n especializado en alimentos libres de gluten \u00abLa chica de los frutos\u00bb \u2014encabezado por la emprendedora Sof\u00eda Jael Mart\u00ednez y ubicado en calle 25 N\u00b0 555 (casi esquina 24)\u2014 present\u00f3 el detalle de sus dos propuestas gastron\u00f3micas e interactivas dise\u00f1adas especialmente para la fecha. [&hellip;]<\/p>\n","protected":false},"author":16,"featured_media":192695,"comment_status":"closed","ping_status":"closed","sticky":false,"template":"","format":"standard","meta":{"footnotes":""},"categories":[74],"tags":[22466,1520,22465,79,8396],"class_list":["post-192692","post","type-post","status-publish","format-standard","has-post-thumbnail","hentry","category-emprendimientos","tag-almacen-sin-tacc","tag-box","tag-chica-de-los-frutos","tag-dia-del-nino","tag-pasteleria"],"yoast_head":"<!-- This site is optimized with the Yoast SEO plugin v28.3 - https:\/\/yoast.com\/product\/yoast-seo-wordpress\/ -->\n<title>Propuestas interactivas y 100% libres de gluten para festejar el D\u00eda del Ni\u00f1o en \u00abLa chica de los frutos\u00bb<\/title>\n<meta name=\"description\" content=\"El almac\u00e9n especializado de calle 25 present\u00f3 sus dos opciones de meriendas tem\u00e1ticas que incluyen galletitas para pintar, mini tortas para decorar, reposter\u00eda artesanal y sorpresas, con entregas programadas durante todo el fin de semana.\" \/>\n<meta name=\"robots\" content=\"index, follow, max-snippet:-1, max-image-preview:large, max-video-preview:-1\" \/>\n<link rel=\"canonical\" href=\"https:\/\/noticiasmercedinas.com\/site\/2026\/08\/13\/propuestas-interactivas-y-100-libres-de-gluten-para-festejar-el-dia-del-nino-en-la-chica-de-los-frutos\/\" \/>\n<meta property=\"og:locale\" content=\"es_ES\" \/>\n<meta property=\"og:type\" content=\"article\" \/>\n<meta property=\"og:title\" content=\"Propuestas interactivas y 100% libres de gluten para festejar el D\u00eda del Ni\u00f1o en \u00abLa chica de los frutos\u00bb\" \/>\n<meta property=\"og:description\" content=\"El almac\u00e9n especializado de calle 25 present\u00f3 sus dos opciones de meriendas tem\u00e1ticas que incluyen galletitas para pintar, mini tortas para decorar, reposter\u00eda artesanal y sorpresas, con entregas programadas durante todo el fin de semana.\" \/>\n<meta property=\"og:url\" content=\"https:\/\/noticiasmercedinas.com\/site\/2026\/08\/13\/propuestas-interactivas-y-100-libres-de-gluten-para-festejar-el-dia-del-nino-en-la-chica-de-los-frutos\/\" \/>\n<meta property=\"og:site_name\" content=\"NOTICIASMERCEDINAS.COM\" \/>\n<meta property=\"article:publisher\" content=\"https:\/\/www.facebook.com\/noticiasmercedinas\/\" \/>\n<meta property=\"article:published_time\" content=\"2026-08-13T12:03:26+00:00\" \/>\n<meta property=\"article:modified_time\" content=\"2026-08-13T12:04:09+00:00\" \/>\n<meta property=\"og:image\" content=\"https:\/\/noticiasmercedinas.com\/site\/wp-content\/uploads\/2026\/08\/WhatsApp-Image-2026-08-12-at-7.01.18-PM-e1786622522651.jpeg\" \/>\n\t<meta property=\"og:image:width\" content=\"695\" \/>\n\t<meta property=\"og:image:height\" content=\"487\" \/>\n\t<meta property=\"og:image:type\" content=\"image\/jpeg\" \/>\n<meta name=\"author\" content=\"NOTICIASMERCEDINAS.COM\" \/>\n<meta name=\"twitter:card\" content=\"summary_large_image\" \/>\n<meta name=\"twitter:creator\" content=\"@notmercedinas\" \/>\n<meta name=\"twitter:site\" content=\"@notmercedinas\" \/>\n<meta name=\"twitter:label1\" content=\"Escrito por\" \/>\n\t<meta name=\"twitter:data1\" content=\"NOTICIASMERCEDINAS.COM\" \/>\n\t<meta name=\"twitter:label2\" content=\"Tiempo de lectura\" \/>\n\t<meta name=\"twitter:data2\" content=\"3 minutos\" \/>\n<script type=\"application\/ld+json\" class=\"yoast-schema-graph\">{\"@context\":\"https:\\\/\\\/schema.org\",\"@graph\":[{\"@type\":\"Article\",\"@id\":\"https:\\\/\\\/noticiasmercedinas.com\\\/site\\\/2026\\\/08\\\/13\\\/propuestas-interactivas-y-100-libres-de-gluten-para-festejar-el-dia-del-nino-en-la-chica-de-los-frutos\\\/#article\",\"isPartOf\":{\"@id\":\"https:\\\/\\\/noticiasmercedinas.com\\\/site\\\/2026\\\/08\\\/13\\\/propuestas-interactivas-y-100-libres-de-gluten-para-festejar-el-dia-del-nino-en-la-chica-de-los-frutos\\\/\"},\"author\":{\"name\":\"NOTICIASMERCEDINAS.COM\",\"@id\":\"https:\\\/\\\/noticiasmercedinas.com\\\/site\\\/#\\\/schema\\\/person\\\/84b59c099c28ff2e8b77d4ceec5d8063\"},\"headline\":\"Propuestas interactivas y 100% libres de gluten para festejar el D\u00eda del Ni\u00f1o en \u00abLa chica de los frutos\u00bb\",\"datePublished\":\"2026-08-13T12:03:26+00:00\",\"dateModified\":\"2026-08-13T12:04:09+00:00\",\"mainEntityOfPage\":{\"@id\":\"https:\\\/\\\/noticiasmercedinas.com\\\/site\\\/2026\\\/08\\\/13\\\/propuestas-interactivas-y-100-libres-de-gluten-para-festejar-el-dia-del-nino-en-la-chica-de-los-frutos\\\/\"},\"wordCount\":460,\"publisher\":{\"@id\":\"https:\\\/\\\/noticiasmercedinas.com\\\/site\\\/#organization\"},\"image\":{\"@id\":\"https:\\\/\\\/noticiasmercedinas.com\\\/site\\\/2026\\\/08\\\/13\\\/propuestas-interactivas-y-100-libres-de-gluten-para-festejar-el-dia-del-nino-en-la-chica-de-los-frutos\\\/#primaryimage\"},\"thumbnailUrl\":\"https:\\\/\\\/noticiasmercedinas.com\\\/site\\\/wp-content\\\/uploads\\\/2026\\\/08\\\/WhatsApp-Image-2026-08-12-at-7.01.18-PM-e1786622522651.jpeg\",\"keywords\":[\"almacen sin tacc\",\"Box\",\"chica de los frutos\",\"dia del ni\u00f1o\",\"pasteler\u00eda\"],\"articleSection\":[\"Emprendimientos\"],\"inLanguage\":\"es\"},{\"@type\":\"WebPage\",\"@id\":\"https:\\\/\\\/noticiasmercedinas.com\\\/site\\\/2026\\\/08\\\/13\\\/propuestas-interactivas-y-100-libres-de-gluten-para-festejar-el-dia-del-nino-en-la-chica-de-los-frutos\\\/\",\"url\":\"https:\\\/\\\/noticiasmercedinas.com\\\/site\\\/2026\\\/08\\\/13\\\/propuestas-interactivas-y-100-libres-de-gluten-para-festejar-el-dia-del-nino-en-la-chica-de-los-frutos\\\/\",\"name\":\"Propuestas interactivas y 100% libres de gluten para festejar el D\u00eda del Ni\u00f1o en \u00abLa chica de los frutos\u00bb\",\"isPartOf\":{\"@id\":\"https:\\\/\\\/noticiasmercedinas.com\\\/site\\\/#website\"},\"primaryImageOfPage\":{\"@id\":\"https:\\\/\\\/noticiasmercedinas.com\\\/site\\\/2026\\\/08\\\/13\\\/propuestas-interactivas-y-100-libres-de-gluten-para-festejar-el-dia-del-nino-en-la-chica-de-los-frutos\\\/#primaryimage\"},\"image\":{\"@id\":\"https:\\\/\\\/noticiasmercedinas.com\\\/site\\\/2026\\\/08\\\/13\\\/propuestas-interactivas-y-100-libres-de-gluten-para-festejar-el-dia-del-nino-en-la-chica-de-los-frutos\\\/#primaryimage\"},\"thumbnailUrl\":\"https:\\\/\\\/noticiasmercedinas.com\\\/site\\\/wp-content\\\/uploads\\\/2026\\\/08\\\/WhatsApp-Image-2026-08-12-at-7.01.18-PM-e1786622522651.jpeg\",\"datePublished\":\"2026-08-13T12:03:26+00:00\",\"dateModified\":\"2026-08-13T12:04:09+00:00\",\"description\":\"El almac\u00e9n especializado de calle 25 present\u00f3 sus dos opciones de meriendas tem\u00e1ticas que incluyen galletitas para pintar, mini tortas para decorar, reposter\u00eda artesanal y sorpresas, con entregas programadas durante todo el fin de semana.\",\"breadcrumb\":{\"@id\":\"https:\\\/\\\/noticiasmercedinas.com\\\/site\\\/2026\\\/08\\\/13\\\/propuestas-interactivas-y-100-libres-de-gluten-para-festejar-el-dia-del-nino-en-la-chica-de-los-frutos\\\/#breadcrumb\"},\"inLanguage\":\"es\",\"potentialAction\":[{\"@type\":\"ReadAction\",\"target\":[\"https:\\\/\\\/noticiasmercedinas.com\\\/site\\\/2026\\\/08\\\/13\\\/propuestas-interactivas-y-100-libres-de-gluten-para-festejar-el-dia-del-nino-en-la-chica-de-los-frutos\\\/\"]}]},{\"@type\":\"ImageObject\",\"inLanguage\":\"es\",\"@id\":\"https:\\\/\\\/noticiasmercedinas.com\\\/site\\\/2026\\\/08\\\/13\\\/propuestas-interactivas-y-100-libres-de-gluten-para-festejar-el-dia-del-nino-en-la-chica-de-los-frutos\\\/#primaryimage\",\"url\":\"https:\\\/\\\/noticiasmercedinas.com\\\/site\\\/wp-content\\\/uploads\\\/2026\\\/08\\\/WhatsApp-Image-2026-08-12-at-7.01.18-PM-e1786622522651.jpeg\",\"contentUrl\":\"https:\\\/\\\/noticiasmercedinas.com\\\/site\\\/wp-content\\\/uploads\\\/2026\\\/08\\\/WhatsApp-Image-2026-08-12-at-7.01.18-PM-e1786622522651.jpeg\",\"width\":695,\"height\":487},{\"@type\":\"BreadcrumbList\",\"@id\":\"https:\\\/\\\/noticiasmercedinas.com\\\/site\\\/2026\\\/08\\\/13\\\/propuestas-interactivas-y-100-libres-de-gluten-para-festejar-el-dia-del-nino-en-la-chica-de-los-frutos\\\/#breadcrumb\",\"itemListElement\":[{\"@type\":\"ListItem\",\"position\":1,\"name\":\"Portada\",\"item\":\"https:\\\/\\\/noticiasmercedinas.com\\\/site\\\/\"},{\"@type\":\"ListItem\",\"position\":2,\"name\":\"Propuestas interactivas y 100% libres de gluten para festejar el D\u00eda del Ni\u00f1o en \u00abLa chica de los frutos\u00bb\"}]},{\"@type\":\"WebSite\",\"@id\":\"https:\\\/\\\/noticiasmercedinas.com\\\/site\\\/#website\",\"url\":\"https:\\\/\\\/noticiasmercedinas.com\\\/site\\\/\",\"name\":\"NOTICIASMERCEDINAS.COM\",\"description\":\"Mercedes, Buenos Aires, Argentina\",\"publisher\":{\"@id\":\"https:\\\/\\\/noticiasmercedinas.com\\\/site\\\/#organization\"},\"potentialAction\":[{\"@type\":\"SearchAction\",\"target\":{\"@type\":\"EntryPoint\",\"urlTemplate\":\"https:\\\/\\\/noticiasmercedinas.com\\\/site\\\/?s={search_term_string}\"},\"query-input\":{\"@type\":\"PropertyValueSpecification\",\"valueRequired\":true,\"valueName\":\"search_term_string\"}}],\"inLanguage\":\"es\"},{\"@type\":\"Organization\",\"@id\":\"https:\\\/\\\/noticiasmercedinas.com\\\/site\\\/#organization\",\"name\":\"NOTICIASMERCEDINAS.COM\",\"url\":\"https:\\\/\\\/noticiasmercedinas.com\\\/site\\\/\",\"logo\":{\"@type\":\"ImageObject\",\"inLanguage\":\"es\",\"@id\":\"https:\\\/\\\/noticiasmercedinas.com\\\/site\\\/#\\\/schema\\\/logo\\\/image\\\/\",\"url\":\"https:\\\/\\\/noticiasmercedinas.com\\\/site\\\/wp-content\\\/uploads\\\/2020\\\/06\\\/LOGO-512.jpg\",\"contentUrl\":\"https:\\\/\\\/noticiasmercedinas.com\\\/site\\\/wp-content\\\/uploads\\\/2020\\\/06\\\/LOGO-512.jpg\",\"width\":512,\"height\":512,\"caption\":\"NOTICIASMERCEDINAS.COM\"},\"image\":{\"@id\":\"https:\\\/\\\/noticiasmercedinas.com\\\/site\\\/#\\\/schema\\\/logo\\\/image\\\/\"},\"sameAs\":[\"https:\\\/\\\/www.facebook.com\\\/noticiasmercedinas\\\/\",\"https:\\\/\\\/x.com\\\/notmercedinas\",\"https:\\\/\\\/www.instagram.com\\\/noticiasmercedinas\\\/\"]},{\"@type\":\"Person\",\"@id\":\"https:\\\/\\\/noticiasmercedinas.com\\\/site\\\/#\\\/schema\\\/person\\\/84b59c099c28ff2e8b77d4ceec5d8063\",\"name\":\"NOTICIASMERCEDINAS.COM\",\"image\":{\"@type\":\"ImageObject\",\"inLanguage\":\"es\",\"@id\":\"https:\\\/\\\/secure.gravatar.com\\\/avatar\\\/4dfbf16b4d17945bfb6341b2d19043457132fcf478a5ee04f42e959fd8f5df0a?s=96&d=mm&r=g\",\"url\":\"https:\\\/\\\/secure.gravatar.com\\\/avatar\\\/4dfbf16b4d17945bfb6341b2d19043457132fcf478a5ee04f42e959fd8f5df0a?s=96&d=mm&r=g\",\"contentUrl\":\"https:\\\/\\\/secure.gravatar.com\\\/avatar\\\/4dfbf16b4d17945bfb6341b2d19043457132fcf478a5ee04f42e959fd8f5df0a?s=96&d=mm&r=g\",\"caption\":\"NOTICIASMERCEDINAS.COM\"},\"url\":\"https:\\\/\\\/noticiasmercedinas.com\\\/site\\\/author\\\/anonimo\\\/\"}]}<\/script>\n<!-- \/ Yoast SEO plugin. -->","yoast_head_json":{"title":"Propuestas interactivas y 100% libres de gluten para festejar el D\u00eda del Ni\u00f1o en \u00abLa chica de los frutos\u00bb","description":"El almac\u00e9n especializado de calle 25 present\u00f3 sus dos opciones de meriendas tem\u00e1ticas que incluyen galletitas para pintar, mini tortas para decorar, reposter\u00eda artesanal y sorpresas, con entregas programadas durante todo el fin de semana.","robots":{"index":"index","follow":"follow","max-snippet":"max-snippet:-1","max-image-preview":"max-image-preview:large","max-video-preview":"max-video-preview:-1"},"canonical":"https:\/\/noticiasmercedinas.com\/site\/2026\/08\/13\/propuestas-interactivas-y-100-libres-de-gluten-para-festejar-el-dia-del-nino-en-la-chica-de-los-frutos\/","og_locale":"es_ES","og_type":"article","og_title":"Propuestas interactivas y 100% libres de gluten para festejar el D\u00eda del Ni\u00f1o en \u00abLa chica de los frutos\u00bb","og_description":"El almac\u00e9n especializado de calle 25 present\u00f3 sus dos opciones de meriendas tem\u00e1ticas que incluyen galletitas para pintar, mini tortas para decorar, reposter\u00eda artesanal y sorpresas, con entregas programadas durante todo el fin de semana.","og_url":"https:\/\/noticiasmercedinas.com\/site\/2026\/08\/13\/propuestas-interactivas-y-100-libres-de-gluten-para-festejar-el-dia-del-nino-en-la-chica-de-los-frutos\/","og_site_name":"NOTICIASMERCEDINAS.COM","article_publisher":"https:\/\/www.facebook.com\/noticiasmercedinas\/","article_published_time":"2026-08-13T12:03:26+00:00","article_modified_time":"2026-08-13T12:04:09+00:00","og_image":[{"width":695,"height":487,"url":"https:\/\/noticiasmercedinas.com\/site\/wp-content\/uploads\/2026\/08\/WhatsApp-Image-2026-08-12-at-7.01.18-PM-e1786622522651.jpeg","type":"image\/jpeg"}],"author":"NOTICIASMERCEDINAS.COM","twitter_card":"summary_large_image","twitter_creator":"@notmercedinas","twitter_site":"@notmercedinas","twitter_misc":{"Escrito por":"NOTICIASMERCEDINAS.COM","Tiempo de lectura":"3 minutos"},"schema":{"@context":"https:\/\/schema.org","@graph":[{"@type":"Article","@id":"https:\/\/noticiasmercedinas.com\/site\/2026\/08\/13\/propuestas-interactivas-y-100-libres-de-gluten-para-festejar-el-dia-del-nino-en-la-chica-de-los-frutos\/#article","isPartOf":{"@id":"https:\/\/noticiasmercedinas.com\/site\/2026\/08\/13\/propuestas-interactivas-y-100-libres-de-gluten-para-festejar-el-dia-del-nino-en-la-chica-de-los-frutos\/"},"author":{"name":"NOTICIASMERCEDINAS.COM","@id":"https:\/\/noticiasmercedinas.com\/site\/#\/schema\/person\/84b59c099c28ff2e8b77d4ceec5d8063"},"headline":"Propuestas interactivas y 100% libres de gluten para festejar el D\u00eda del Ni\u00f1o en \u00abLa chica de los frutos\u00bb","datePublished":"2026-08-13T12:03:26+00:00","dateModified":"2026-08-13T12:04:09+00:00","mainEntityOfPage":{"@id":"https:\/\/noticiasmercedinas.com\/site\/2026\/08\/13\/propuestas-interactivas-y-100-libres-de-gluten-para-festejar-el-dia-del-nino-en-la-chica-de-los-frutos\/"},"wordCount":460,"publisher":{"@id":"https:\/\/noticiasmercedinas.com\/site\/#organization"},"image":{"@id":"https:\/\/noticiasmercedinas.com\/site\/2026\/08\/13\/propuestas-interactivas-y-100-libres-de-gluten-para-festejar-el-dia-del-nino-en-la-chica-de-los-frutos\/#primaryimage"},"thumbnailUrl":"https:\/\/noticiasmercedinas.com\/site\/wp-content\/uploads\/2026\/08\/WhatsApp-Image-2026-08-12-at-7.01.18-PM-e1786622522651.jpeg","keywords":["almacen sin tacc","Box","chica de los frutos","dia del ni\u00f1o","pasteler\u00eda"],"articleSection":["Emprendimientos"],"inLanguage":"es"},{"@type":"WebPage","@id":"https:\/\/noticiasmercedinas.com\/site\/2026\/08\/13\/propuestas-interactivas-y-100-libres-de-gluten-para-festejar-el-dia-del-nino-en-la-chica-de-los-frutos\/","url":"https:\/\/noticiasmercedinas.com\/site\/2026\/08\/13\/propuestas-interactivas-y-100-libres-de-gluten-para-festejar-el-dia-del-nino-en-la-chica-de-los-frutos\/","name":"Propuestas interactivas y 100% libres de gluten para festejar el D\u00eda del Ni\u00f1o en \u00abLa chica de los frutos\u00bb","isPartOf":{"@id":"https:\/\/noticiasmercedinas.com\/site\/#website"},"primaryImageOfPage":{"@id":"https:\/\/noticiasmercedinas.com\/site\/2026\/08\/13\/propuestas-interactivas-y-100-libres-de-gluten-para-festejar-el-dia-del-nino-en-la-chica-de-los-frutos\/#primaryimage"},"image":{"@id":"https:\/\/noticiasmercedinas.com\/site\/2026\/08\/13\/propuestas-interactivas-y-100-libres-de-gluten-para-festejar-el-dia-del-nino-en-la-chica-de-los-frutos\/#primaryimage"},"thumbnailUrl":"https:\/\/noticiasmercedinas.com\/site\/wp-content\/uploads\/2026\/08\/WhatsApp-Image-2026-08-12-at-7.01.18-PM-e1786622522651.jpeg","datePublished":"2026-08-13T12:03:26+00:00","dateModified":"2026-08-13T12:04:09+00:00","description":"El almac\u00e9n especializado de calle 25 present\u00f3 sus dos opciones de meriendas tem\u00e1ticas que incluyen galletitas para pintar, mini tortas para decorar, reposter\u00eda artesanal y sorpresas, con entregas programadas durante todo el fin de semana.","breadcrumb":{"@id":"https:\/\/noticiasmercedinas.com\/site\/2026\/08\/13\/propuestas-interactivas-y-100-libres-de-gluten-para-festejar-el-dia-del-nino-en-la-chica-de-los-frutos\/#breadcrumb"},"inLanguage":"es","potentialAction":[{"@type":"ReadAction","target":["https:\/\/noticiasmercedinas.com\/site\/2026\/08\/13\/propuestas-interactivas-y-100-libres-de-gluten-para-festejar-el-dia-del-nino-en-la-chica-de-los-frutos\/"]}]},{"@type":"ImageObject","inLanguage":"es","@id":"https:\/\/noticiasmercedinas.com\/site\/2026\/08\/13\/propuestas-interactivas-y-100-libres-de-gluten-para-festejar-el-dia-del-nino-en-la-chica-de-los-frutos\/#primaryimage","url":"https:\/\/noticiasmercedinas.com\/site\/wp-content\/uploads\/2026\/08\/WhatsApp-Image-2026-08-12-at-7.01.18-PM-e1786622522651.jpeg","contentUrl":"https:\/\/noticiasmercedinas.com\/site\/wp-content\/uploads\/2026\/08\/WhatsApp-Image-2026-08-12-at-7.01.18-PM-e1786622522651.jpeg","width":695,"height":487},{"@type":"BreadcrumbList","@id":"https:\/\/noticiasmercedinas.com\/site\/2026\/08\/13\/propuestas-interactivas-y-100-libres-de-gluten-para-festejar-el-dia-del-nino-en-la-chica-de-los-frutos\/#breadcrumb","itemListElement":[{"@type":"ListItem","position":1,"name":"Portada","item":"https:\/\/noticiasmercedinas.com\/site\/"},{"@type":"ListItem","position":2,"name":"Propuestas interactivas y 100% libres de gluten para festejar el D\u00eda del Ni\u00f1o en \u00abLa chica de los frutos\u00bb"}]},{"@type":"WebSite","@id":"https:\/\/noticiasmercedinas.com\/site\/#website","url":"https:\/\/noticiasmercedinas.com\/site\/","name":"NOTICIASMERCEDINAS.COM","description":"Mercedes, Buenos Aires, Argentina","publisher":{"@id":"https:\/\/noticiasmercedinas.com\/site\/#organization"},"potentialAction":[{"@type":"SearchAction","target":{"@type":"EntryPoint","urlTemplate":"https:\/\/noticiasmercedinas.com\/site\/?s={search_term_string}"},"query-input":{"@type":"PropertyValueSpecification","valueRequired":true,"valueName":"search_term_string"}}],"inLanguage":"es"},{"@type":"Organization","@id":"https:\/\/noticiasmercedinas.com\/site\/#organization","name":"NOTICIASMERCEDINAS.COM","url":"https:\/\/noticiasmercedinas.com\/site\/","logo":{"@type":"ImageObject","inLanguage":"es","@id":"https:\/\/noticiasmercedinas.com\/site\/#\/schema\/logo\/image\/","url":"https:\/\/noticiasmercedinas.com\/site\/wp-content\/uploads\/2020\/06\/LOGO-512.jpg","contentUrl":"https:\/\/noticiasmercedinas.com\/site\/wp-content\/uploads\/2020\/06\/LOGO-512.jpg","width":512,"height":512,"caption":"NOTICIASMERCEDINAS.COM"},"image":{"@id":"https:\/\/noticiasmercedinas.com\/site\/#\/schema\/logo\/image\/"},"sameAs":["https:\/\/www.facebook.com\/noticiasmercedinas\/","https:\/\/x.com\/notmercedinas","https:\/\/www.instagram.com\/noticiasmercedinas\/"]},{"@type":"Person","@id":"https:\/\/noticiasmercedinas.com\/site\/#\/schema\/person\/84b59c099c28ff2e8b77d4ceec5d8063","name":"NOTICIASMERCEDINAS.COM","image":{"@type":"ImageObject","inLanguage":"es","@id":"https:\/\/secure.gravatar.com\/avatar\/4dfbf16b4d17945bfb6341b2d19043457132fcf478a5ee04f42e959fd8f5df0a?s=96&d=mm&r=g","url":"https:\/\/secure.gravatar.com\/avatar\/4dfbf16b4d17945bfb6341b2d19043457132fcf478a5ee04f42e959fd8f5df0a?s=96&d=mm&r=g","contentUrl":"https:\/\/secure.gravatar.com\/avatar\/4dfbf16b4d17945bfb6341b2d19043457132fcf478a5ee04f42e959fd8f5df0a?s=96&d=mm&r=g","caption":"NOTICIASMERCEDINAS.COM"},"url":"https:\/\/noticiasmercedinas.com\/site\/author\/anonimo\/"}]}},"amp_enabled":true,"_links":{"self":[{"href":"https:\/\/noticiasmercedinas.com\/site\/wp-json\/wp\/v2\/posts\/192692","targetHints":{"allow":["GET"]}}],"collection":[{"href":"https:\/\/noticiasmercedinas.com\/site\/wp-json\/wp\/v2\/posts"}],"about":[{"href":"https:\/\/noticiasmercedinas.com\/site\/wp-json\/wp\/v2\/types\/post"}],"author":[{"embeddable":true,"href":"https:\/\/noticiasmercedinas.com\/site\/wp-json\/wp\/v2\/users\/16"}],"replies":[{"embeddable":true,"href":"https:\/\/noticiasmercedinas.com\/site\/wp-json\/wp\/v2\/comments?post=192692"}],"version-history":[{"count":1,"href":"https:\/\/noticiasmercedinas.com\/site\/wp-json\/wp\/v2\/posts\/192692\/revisions"}],"predecessor-version":[{"id":192696,"href":"https:\/\/noticiasmercedinas.com\/site\/wp-json\/wp\/v2\/posts\/192692\/revisions\/192696"}],"wp:featuredmedia":[{"embeddable":true,"href":"https:\/\/noticiasmercedinas.com\/site\/wp-json\/wp\/v2\/media\/192695"}],"wp:attachment":[{"href":"https:\/\/noticiasmercedinas.com\/site\/wp-json\/wp\/v2\/media?parent=192692"}],"wp:term":[{"taxonomy":"category","embeddable":true,"href":"https:\/\/noticiasmercedinas.com\/site\/wp-json\/wp\/v2\/categories?post=192692"},{"taxonomy":"post_tag","embeddable":true,"href":"https:\/\/noticiasmercedinas.com\/site\/wp-json\/wp\/v2\/tags?post=192692"}],"curies":[{"name":"wp","href":"https:\/\/api.w.org\/{rel}","templated":true}]}}