{"id":192697,"date":"2026-08-13T09:25:36","date_gmt":"2026-08-13T12:25:36","guid":{"rendered":"https:\/\/noticiasmercedinas.com\/site\/?p=192697"},"modified":"2026-08-13T09:25:36","modified_gmt":"2026-08-13T12:25:36","slug":"de-pedro-respaldo-la-protesta-de-cientificos-y-advirtio-sobre-el-impacto-del-recorte-en-el-desarrollo-nacional","status":"publish","type":"post","link":"https:\/\/noticiasmercedinas.com\/site\/2026\/08\/13\/de-pedro-respaldo-la-protesta-de-cientificos-y-advirtio-sobre-el-impacto-del-recorte-en-el-desarrollo-nacional\/","title":{"rendered":"De Pedro respald\u00f3 la protesta de cient\u00edficos y advirti\u00f3 sobre el impacto del recorte en el desarrollo nacional"},"content":{"rendered":"<p data-path-to-node=\"2\"><img loading=\"lazy\" decoding=\"async\" class=\"alignnone size-full wp-image-192698\" src=\"https:\/\/noticiasmercedinas.com\/site\/wp-content\/uploads\/2026\/08\/cinetifi.jpg\" alt=\"\" width=\"853\" height=\"462\" srcset=\"https:\/\/noticiasmercedinas.com\/site\/wp-content\/uploads\/2026\/08\/cinetifi.jpg 853w, https:\/\/noticiasmercedinas.com\/site\/wp-content\/uploads\/2026\/08\/cinetifi-300x162.jpg 300w, https:\/\/noticiasmercedinas.com\/site\/wp-content\/uploads\/2026\/08\/cinetifi-768x416.jpg 768w, https:\/\/noticiasmercedinas.com\/site\/wp-content\/uploads\/2026\/08\/cinetifi-640x347.jpg 640w, https:\/\/noticiasmercedinas.com\/site\/wp-content\/uploads\/2026\/08\/cinetifi-681x369.jpg 681w\" sizes=\"auto, (max-width: 853px) 100vw, 853px\" \/><\/p>\n<p data-path-to-node=\"2\">En medio del creciente conflicto que atraviesa el sistema cient\u00edfico-tecnol\u00f3gico argentino, el senador nacional Eduardo \u00abWado\u00bb de Pedro hizo p\u00fablico su acompa\u00f1amiento a los cient\u00edficos, investigadores y becarios que denunciaron un desmantelamiento sistem\u00e1tico del Conicet.<\/p>\n<p data-path-to-node=\"2\">La posici\u00f3n del legislador mercedino se dio en el marco de la reciente audiencia p\u00fablica realizada en el Anexo de la C\u00e1mara de Diputados de la Naci\u00f3n, donde referentes del sector expusieron la baja de 379 Becas Internas Posdoctorales cortadas al 31 de julio y la p\u00e9rdida de m\u00e1s de 6.400 puestos de trabajo en el organismo desde diciembre de 2023.<\/p>\n<p data-path-to-node=\"3\">Durante el encuentro parlamentario \u2014que reuni\u00f3 a investigadores de Buenos Aires, Tucum\u00e1n, Chubut y C\u00f3rdoba, legisladores de diversos bloques e integrantes de la comunidad acad\u00e9mica\u2014, expositores como el f\u00edsico Diego Hurtado y el exministro Daniel Filmus calificaron la situaci\u00f3n actual de \u00abcientificidio\u00bb, alertando sobre la ca\u00edda del poder adquisitivo del sector en un 40% y la consecuente interrupci\u00f3n de proyectos de investigaci\u00f3n en curso. Ante este diagn\u00f3stico, los afectados reclamaron el tratamiento de un proyecto de ley para la pr\u00f3rroga urgente de las becas cesanteadas.<\/p>\n<p data-path-to-node=\"4\">En ese contexto, De Pedro cuestion\u00f3 las decisiones del Poder Ejecutivo nacional al se\u00f1alar que, mientras otros pa\u00edses apuestan a la innovaci\u00f3n, la gesti\u00f3n de Javier Milei \u00abelige desfinanciar y desvalorizar\u00bb el potencial del conocimiento local. Asimismo, el senador ratific\u00f3 que impulsar\u00e1 acciones desde la Comisi\u00f3n de Ciencia y Tecnolog\u00eda del Senado para \u00abfrenar el desguace y planificar una Argentina que invierta en el conocimiento y en nuestro futuro\u00bb.<\/p>\n<p data-path-to-node=\"5\">El reclamo del sector cient\u00edfico continu\u00f3 en las calles con movilizaciones convocadas en la Ciudad Aut\u00f3noma de Buenos Aires y distintas provincias, donde organizaciones gremiales y docentes universitarias insisten en la necesidad de articular una nueva marcha nacional en defensa de la ciencia, la tecnolog\u00eda y la universidad p\u00fablica.<\/p>\n","protected":false},"excerpt":{"rendered":"<p>\u25a0\u00a0Tras la audiencia p\u00fablica en la C\u00e1mara de Diputados donde becarios e investigadores denunciaron la baja de casi 400 becas y la p\u00e9rdida de miles de empleos en el Conicet, el senador mercedino se comprometi\u00f3 a impulsar medidas legislativas desde la Comisi\u00f3n de Ciencia y Tecnolog\u00eda para frenar el desfinanciamiento.<\/p>\n","protected":false},"author":16,"featured_media":192698,"comment_status":"closed","ping_status":"closed","sticky":false,"template":"","format":"standard","meta":{"footnotes":""},"categories":[16,20734],"tags":[1067,324,2593,7104],"class_list":["post-192697","post","type-post","status-publish","format-standard","has-post-thumbnail","hentry","category-politica","category-ultimo-momento","tag-ciencia","tag-eduardo-de-pedro","tag-protesta","tag-senado"],"yoast_head":"<!-- This site is optimized with the Yoast SEO plugin v28.3 - https:\/\/yoast.com\/product\/yoast-seo-wordpress\/ -->\n<title>De Pedro respald\u00f3 la protesta de cient\u00edficos y advirti\u00f3 sobre el impacto del recorte en el desarrollo nacional<\/title>\n<meta name=\"description\" content=\"\u25a0\u00a0Tras la audiencia p\u00fablica en la C\u00e1mara de Diputados donde becarios e investigadores denunciaron la baja de casi 400 becas y la p\u00e9rdida de miles de empleos en el Conicet, el senador mercedino se comprometi\u00f3 a impulsar medidas legislativas desde la Comisi\u00f3n de Ciencia y Tecnolog\u00eda para frenar el desfinanciamiento.\" \/>\n<meta name=\"robots\" content=\"index, follow, max-snippet:-1, max-image-preview:large, max-video-preview:-1\" \/>\n<link rel=\"canonical\" href=\"https:\/\/noticiasmercedinas.com\/site\/2026\/08\/13\/de-pedro-respaldo-la-protesta-de-cientificos-y-advirtio-sobre-el-impacto-del-recorte-en-el-desarrollo-nacional\/\" \/>\n<meta property=\"og:locale\" content=\"es_ES\" \/>\n<meta property=\"og:type\" content=\"article\" \/>\n<meta property=\"og:title\" content=\"De Pedro respald\u00f3 la protesta de cient\u00edficos y advirti\u00f3 sobre el impacto del recorte en el desarrollo nacional\" \/>\n<meta property=\"og:description\" content=\"\u25a0\u00a0Tras la audiencia p\u00fablica en la C\u00e1mara de Diputados donde becarios e investigadores denunciaron la baja de casi 400 becas y la p\u00e9rdida de miles de empleos en el Conicet, el senador mercedino se comprometi\u00f3 a impulsar medidas legislativas desde la Comisi\u00f3n de Ciencia y Tecnolog\u00eda para frenar el desfinanciamiento.\" \/>\n<meta property=\"og:url\" content=\"https:\/\/noticiasmercedinas.com\/site\/2026\/08\/13\/de-pedro-respaldo-la-protesta-de-cientificos-y-advirtio-sobre-el-impacto-del-recorte-en-el-desarrollo-nacional\/\" \/>\n<meta property=\"og:site_name\" content=\"NOTICIASMERCEDINAS.COM\" \/>\n<meta property=\"article:publisher\" content=\"https:\/\/www.facebook.com\/noticiasmercedinas\/\" \/>\n<meta property=\"article:published_time\" content=\"2026-08-13T12:25:36+00:00\" \/>\n<meta property=\"og:image\" content=\"https:\/\/noticiasmercedinas.com\/site\/wp-content\/uploads\/2026\/08\/cinetifi.jpg\" \/>\n\t<meta property=\"og:image:width\" content=\"853\" \/>\n\t<meta property=\"og:image:height\" content=\"462\" \/>\n\t<meta property=\"og:image:type\" content=\"image\/jpeg\" \/>\n<meta name=\"author\" content=\"NOTICIASMERCEDINAS.COM\" \/>\n<meta name=\"twitter:card\" content=\"summary_large_image\" \/>\n<meta name=\"twitter:creator\" content=\"@notmercedinas\" \/>\n<meta name=\"twitter:site\" content=\"@notmercedinas\" \/>\n<meta name=\"twitter:label1\" content=\"Escrito por\" \/>\n\t<meta name=\"twitter:data1\" content=\"NOTICIASMERCEDINAS.COM\" \/>\n\t<meta name=\"twitter:label2\" content=\"Tiempo de lectura\" \/>\n\t<meta name=\"twitter:data2\" content=\"2 minutos\" \/>\n<script type=\"application\/ld+json\" class=\"yoast-schema-graph\">{\"@context\":\"https:\\\/\\\/schema.org\",\"@graph\":[{\"@type\":\"Article\",\"@id\":\"https:\\\/\\\/noticiasmercedinas.com\\\/site\\\/2026\\\/08\\\/13\\\/de-pedro-respaldo-la-protesta-de-cientificos-y-advirtio-sobre-el-impacto-del-recorte-en-el-desarrollo-nacional\\\/#article\",\"isPartOf\":{\"@id\":\"https:\\\/\\\/noticiasmercedinas.com\\\/site\\\/2026\\\/08\\\/13\\\/de-pedro-respaldo-la-protesta-de-cientificos-y-advirtio-sobre-el-impacto-del-recorte-en-el-desarrollo-nacional\\\/\"},\"author\":{\"name\":\"NOTICIASMERCEDINAS.COM\",\"@id\":\"https:\\\/\\\/noticiasmercedinas.com\\\/site\\\/#\\\/schema\\\/person\\\/84b59c099c28ff2e8b77d4ceec5d8063\"},\"headline\":\"De Pedro respald\u00f3 la protesta de cient\u00edficos y advirti\u00f3 sobre el impacto del recorte en el desarrollo nacional\",\"datePublished\":\"2026-08-13T12:25:36+00:00\",\"mainEntityOfPage\":{\"@id\":\"https:\\\/\\\/noticiasmercedinas.com\\\/site\\\/2026\\\/08\\\/13\\\/de-pedro-respaldo-la-protesta-de-cientificos-y-advirtio-sobre-el-impacto-del-recorte-en-el-desarrollo-nacional\\\/\"},\"wordCount\":345,\"publisher\":{\"@id\":\"https:\\\/\\\/noticiasmercedinas.com\\\/site\\\/#organization\"},\"image\":{\"@id\":\"https:\\\/\\\/noticiasmercedinas.com\\\/site\\\/2026\\\/08\\\/13\\\/de-pedro-respaldo-la-protesta-de-cientificos-y-advirtio-sobre-el-impacto-del-recorte-en-el-desarrollo-nacional\\\/#primaryimage\"},\"thumbnailUrl\":\"https:\\\/\\\/noticiasmercedinas.com\\\/site\\\/wp-content\\\/uploads\\\/2026\\\/08\\\/cinetifi.jpg\",\"keywords\":[\"ciencia\",\"eduardo de pedro\",\"protesta\",\"Senado\"],\"articleSection\":[\"Politica\",\"Ultimo momento\"],\"inLanguage\":\"es\"},{\"@type\":\"WebPage\",\"@id\":\"https:\\\/\\\/noticiasmercedinas.com\\\/site\\\/2026\\\/08\\\/13\\\/de-pedro-respaldo-la-protesta-de-cientificos-y-advirtio-sobre-el-impacto-del-recorte-en-el-desarrollo-nacional\\\/\",\"url\":\"https:\\\/\\\/noticiasmercedinas.com\\\/site\\\/2026\\\/08\\\/13\\\/de-pedro-respaldo-la-protesta-de-cientificos-y-advirtio-sobre-el-impacto-del-recorte-en-el-desarrollo-nacional\\\/\",\"name\":\"De Pedro respald\u00f3 la protesta de cient\u00edficos y advirti\u00f3 sobre el impacto del recorte en el desarrollo nacional\",\"isPartOf\":{\"@id\":\"https:\\\/\\\/noticiasmercedinas.com\\\/site\\\/#website\"},\"primaryImageOfPage\":{\"@id\":\"https:\\\/\\\/noticiasmercedinas.com\\\/site\\\/2026\\\/08\\\/13\\\/de-pedro-respaldo-la-protesta-de-cientificos-y-advirtio-sobre-el-impacto-del-recorte-en-el-desarrollo-nacional\\\/#primaryimage\"},\"image\":{\"@id\":\"https:\\\/\\\/noticiasmercedinas.com\\\/site\\\/2026\\\/08\\\/13\\\/de-pedro-respaldo-la-protesta-de-cientificos-y-advirtio-sobre-el-impacto-del-recorte-en-el-desarrollo-nacional\\\/#primaryimage\"},\"thumbnailUrl\":\"https:\\\/\\\/noticiasmercedinas.com\\\/site\\\/wp-content\\\/uploads\\\/2026\\\/08\\\/cinetifi.jpg\",\"datePublished\":\"2026-08-13T12:25:36+00:00\",\"description\":\"\u25a0\u00a0Tras la audiencia p\u00fablica en la C\u00e1mara de Diputados donde becarios e investigadores denunciaron la baja de casi 400 becas y la p\u00e9rdida de miles de empleos en el Conicet, el senador mercedino se comprometi\u00f3 a impulsar medidas legislativas desde la Comisi\u00f3n de Ciencia y Tecnolog\u00eda para frenar el desfinanciamiento.\",\"breadcrumb\":{\"@id\":\"https:\\\/\\\/noticiasmercedinas.com\\\/site\\\/2026\\\/08\\\/13\\\/de-pedro-respaldo-la-protesta-de-cientificos-y-advirtio-sobre-el-impacto-del-recorte-en-el-desarrollo-nacional\\\/#breadcrumb\"},\"inLanguage\":\"es\",\"potentialAction\":[{\"@type\":\"ReadAction\",\"target\":[\"https:\\\/\\\/noticiasmercedinas.com\\\/site\\\/2026\\\/08\\\/13\\\/de-pedro-respaldo-la-protesta-de-cientificos-y-advirtio-sobre-el-impacto-del-recorte-en-el-desarrollo-nacional\\\/\"]}]},{\"@type\":\"ImageObject\",\"inLanguage\":\"es\",\"@id\":\"https:\\\/\\\/noticiasmercedinas.com\\\/site\\\/2026\\\/08\\\/13\\\/de-pedro-respaldo-la-protesta-de-cientificos-y-advirtio-sobre-el-impacto-del-recorte-en-el-desarrollo-nacional\\\/#primaryimage\",\"url\":\"https:\\\/\\\/noticiasmercedinas.com\\\/site\\\/wp-content\\\/uploads\\\/2026\\\/08\\\/cinetifi.jpg\",\"contentUrl\":\"https:\\\/\\\/noticiasmercedinas.com\\\/site\\\/wp-content\\\/uploads\\\/2026\\\/08\\\/cinetifi.jpg\",\"width\":853,\"height\":462},{\"@type\":\"BreadcrumbList\",\"@id\":\"https:\\\/\\\/noticiasmercedinas.com\\\/site\\\/2026\\\/08\\\/13\\\/de-pedro-respaldo-la-protesta-de-cientificos-y-advirtio-sobre-el-impacto-del-recorte-en-el-desarrollo-nacional\\\/#breadcrumb\",\"itemListElement\":[{\"@type\":\"ListItem\",\"position\":1,\"name\":\"Portada\",\"item\":\"https:\\\/\\\/noticiasmercedinas.com\\\/site\\\/\"},{\"@type\":\"ListItem\",\"position\":2,\"name\":\"De Pedro respald\u00f3 la protesta de cient\u00edficos y advirti\u00f3 sobre el impacto del recorte en el desarrollo nacional\"}]},{\"@type\":\"WebSite\",\"@id\":\"https:\\\/\\\/noticiasmercedinas.com\\\/site\\\/#website\",\"url\":\"https:\\\/\\\/noticiasmercedinas.com\\\/site\\\/\",\"name\":\"NOTICIASMERCEDINAS.COM\",\"description\":\"Mercedes, Buenos Aires, Argentina\",\"publisher\":{\"@id\":\"https:\\\/\\\/noticiasmercedinas.com\\\/site\\\/#organization\"},\"potentialAction\":[{\"@type\":\"SearchAction\",\"target\":{\"@type\":\"EntryPoint\",\"urlTemplate\":\"https:\\\/\\\/noticiasmercedinas.com\\\/site\\\/?s={search_term_string}\"},\"query-input\":{\"@type\":\"PropertyValueSpecification\",\"valueRequired\":true,\"valueName\":\"search_term_string\"}}],\"inLanguage\":\"es\"},{\"@type\":\"Organization\",\"@id\":\"https:\\\/\\\/noticiasmercedinas.com\\\/site\\\/#organization\",\"name\":\"NOTICIASMERCEDINAS.COM\",\"url\":\"https:\\\/\\\/noticiasmercedinas.com\\\/site\\\/\",\"logo\":{\"@type\":\"ImageObject\",\"inLanguage\":\"es\",\"@id\":\"https:\\\/\\\/noticiasmercedinas.com\\\/site\\\/#\\\/schema\\\/logo\\\/image\\\/\",\"url\":\"https:\\\/\\\/noticiasmercedinas.com\\\/site\\\/wp-content\\\/uploads\\\/2020\\\/06\\\/LOGO-512.jpg\",\"contentUrl\":\"https:\\\/\\\/noticiasmercedinas.com\\\/site\\\/wp-content\\\/uploads\\\/2020\\\/06\\\/LOGO-512.jpg\",\"width\":512,\"height\":512,\"caption\":\"NOTICIASMERCEDINAS.COM\"},\"image\":{\"@id\":\"https:\\\/\\\/noticiasmercedinas.com\\\/site\\\/#\\\/schema\\\/logo\\\/image\\\/\"},\"sameAs\":[\"https:\\\/\\\/www.facebook.com\\\/noticiasmercedinas\\\/\",\"https:\\\/\\\/x.com\\\/notmercedinas\",\"https:\\\/\\\/www.instagram.com\\\/noticiasmercedinas\\\/\"]},{\"@type\":\"Person\",\"@id\":\"https:\\\/\\\/noticiasmercedinas.com\\\/site\\\/#\\\/schema\\\/person\\\/84b59c099c28ff2e8b77d4ceec5d8063\",\"name\":\"NOTICIASMERCEDINAS.COM\",\"image\":{\"@type\":\"ImageObject\",\"inLanguage\":\"es\",\"@id\":\"https:\\\/\\\/secure.gravatar.com\\\/avatar\\\/4dfbf16b4d17945bfb6341b2d19043457132fcf478a5ee04f42e959fd8f5df0a?s=96&d=mm&r=g\",\"url\":\"https:\\\/\\\/secure.gravatar.com\\\/avatar\\\/4dfbf16b4d17945bfb6341b2d19043457132fcf478a5ee04f42e959fd8f5df0a?s=96&d=mm&r=g\",\"contentUrl\":\"https:\\\/\\\/secure.gravatar.com\\\/avatar\\\/4dfbf16b4d17945bfb6341b2d19043457132fcf478a5ee04f42e959fd8f5df0a?s=96&d=mm&r=g\",\"caption\":\"NOTICIASMERCEDINAS.COM\"},\"url\":\"https:\\\/\\\/noticiasmercedinas.com\\\/site\\\/author\\\/anonimo\\\/\"}]}<\/script>\n<!-- \/ Yoast SEO plugin. -->","yoast_head_json":{"title":"De Pedro respald\u00f3 la protesta de cient\u00edficos y advirti\u00f3 sobre el impacto del recorte en el desarrollo nacional","description":"\u25a0\u00a0Tras la audiencia p\u00fablica en la C\u00e1mara de Diputados donde becarios e investigadores denunciaron la baja de casi 400 becas y la p\u00e9rdida de miles de empleos en el Conicet, el senador mercedino se comprometi\u00f3 a impulsar medidas legislativas desde la Comisi\u00f3n de Ciencia y Tecnolog\u00eda para frenar el desfinanciamiento.","robots":{"index":"index","follow":"follow","max-snippet":"max-snippet:-1","max-image-preview":"max-image-preview:large","max-video-preview":"max-video-preview:-1"},"canonical":"https:\/\/noticiasmercedinas.com\/site\/2026\/08\/13\/de-pedro-respaldo-la-protesta-de-cientificos-y-advirtio-sobre-el-impacto-del-recorte-en-el-desarrollo-nacional\/","og_locale":"es_ES","og_type":"article","og_title":"De Pedro respald\u00f3 la protesta de cient\u00edficos y advirti\u00f3 sobre el impacto del recorte en el desarrollo nacional","og_description":"\u25a0\u00a0Tras la audiencia p\u00fablica en la C\u00e1mara de Diputados donde becarios e investigadores denunciaron la baja de casi 400 becas y la p\u00e9rdida de miles de empleos en el Conicet, el senador mercedino se comprometi\u00f3 a impulsar medidas legislativas desde la Comisi\u00f3n de Ciencia y Tecnolog\u00eda para frenar el desfinanciamiento.","og_url":"https:\/\/noticiasmercedinas.com\/site\/2026\/08\/13\/de-pedro-respaldo-la-protesta-de-cientificos-y-advirtio-sobre-el-impacto-del-recorte-en-el-desarrollo-nacional\/","og_site_name":"NOTICIASMERCEDINAS.COM","article_publisher":"https:\/\/www.facebook.com\/noticiasmercedinas\/","article_published_time":"2026-08-13T12:25:36+00:00","og_image":[{"width":853,"height":462,"url":"https:\/\/noticiasmercedinas.com\/site\/wp-content\/uploads\/2026\/08\/cinetifi.jpg","type":"image\/jpeg"}],"author":"NOTICIASMERCEDINAS.COM","twitter_card":"summary_large_image","twitter_creator":"@notmercedinas","twitter_site":"@notmercedinas","twitter_misc":{"Escrito por":"NOTICIASMERCEDINAS.COM","Tiempo de lectura":"2 minutos"},"schema":{"@context":"https:\/\/schema.org","@graph":[{"@type":"Article","@id":"https:\/\/noticiasmercedinas.com\/site\/2026\/08\/13\/de-pedro-respaldo-la-protesta-de-cientificos-y-advirtio-sobre-el-impacto-del-recorte-en-el-desarrollo-nacional\/#article","isPartOf":{"@id":"https:\/\/noticiasmercedinas.com\/site\/2026\/08\/13\/de-pedro-respaldo-la-protesta-de-cientificos-y-advirtio-sobre-el-impacto-del-recorte-en-el-desarrollo-nacional\/"},"author":{"name":"NOTICIASMERCEDINAS.COM","@id":"https:\/\/noticiasmercedinas.com\/site\/#\/schema\/person\/84b59c099c28ff2e8b77d4ceec5d8063"},"headline":"De Pedro respald\u00f3 la protesta de cient\u00edficos y advirti\u00f3 sobre el impacto del recorte en el desarrollo nacional","datePublished":"2026-08-13T12:25:36+00:00","mainEntityOfPage":{"@id":"https:\/\/noticiasmercedinas.com\/site\/2026\/08\/13\/de-pedro-respaldo-la-protesta-de-cientificos-y-advirtio-sobre-el-impacto-del-recorte-en-el-desarrollo-nacional\/"},"wordCount":345,"publisher":{"@id":"https:\/\/noticiasmercedinas.com\/site\/#organization"},"image":{"@id":"https:\/\/noticiasmercedinas.com\/site\/2026\/08\/13\/de-pedro-respaldo-la-protesta-de-cientificos-y-advirtio-sobre-el-impacto-del-recorte-en-el-desarrollo-nacional\/#primaryimage"},"thumbnailUrl":"https:\/\/noticiasmercedinas.com\/site\/wp-content\/uploads\/2026\/08\/cinetifi.jpg","keywords":["ciencia","eduardo de pedro","protesta","Senado"],"articleSection":["Politica","Ultimo momento"],"inLanguage":"es"},{"@type":"WebPage","@id":"https:\/\/noticiasmercedinas.com\/site\/2026\/08\/13\/de-pedro-respaldo-la-protesta-de-cientificos-y-advirtio-sobre-el-impacto-del-recorte-en-el-desarrollo-nacional\/","url":"https:\/\/noticiasmercedinas.com\/site\/2026\/08\/13\/de-pedro-respaldo-la-protesta-de-cientificos-y-advirtio-sobre-el-impacto-del-recorte-en-el-desarrollo-nacional\/","name":"De Pedro respald\u00f3 la protesta de cient\u00edficos y advirti\u00f3 sobre el impacto del recorte en el desarrollo nacional","isPartOf":{"@id":"https:\/\/noticiasmercedinas.com\/site\/#website"},"primaryImageOfPage":{"@id":"https:\/\/noticiasmercedinas.com\/site\/2026\/08\/13\/de-pedro-respaldo-la-protesta-de-cientificos-y-advirtio-sobre-el-impacto-del-recorte-en-el-desarrollo-nacional\/#primaryimage"},"image":{"@id":"https:\/\/noticiasmercedinas.com\/site\/2026\/08\/13\/de-pedro-respaldo-la-protesta-de-cientificos-y-advirtio-sobre-el-impacto-del-recorte-en-el-desarrollo-nacional\/#primaryimage"},"thumbnailUrl":"https:\/\/noticiasmercedinas.com\/site\/wp-content\/uploads\/2026\/08\/cinetifi.jpg","datePublished":"2026-08-13T12:25:36+00:00","description":"\u25a0\u00a0Tras la audiencia p\u00fablica en la C\u00e1mara de Diputados donde becarios e investigadores denunciaron la baja de casi 400 becas y la p\u00e9rdida de miles de empleos en el Conicet, el senador mercedino se comprometi\u00f3 a impulsar medidas legislativas desde la Comisi\u00f3n de Ciencia y Tecnolog\u00eda para frenar el desfinanciamiento.","breadcrumb":{"@id":"https:\/\/noticiasmercedinas.com\/site\/2026\/08\/13\/de-pedro-respaldo-la-protesta-de-cientificos-y-advirtio-sobre-el-impacto-del-recorte-en-el-desarrollo-nacional\/#breadcrumb"},"inLanguage":"es","potentialAction":[{"@type":"ReadAction","target":["https:\/\/noticiasmercedinas.com\/site\/2026\/08\/13\/de-pedro-respaldo-la-protesta-de-cientificos-y-advirtio-sobre-el-impacto-del-recorte-en-el-desarrollo-nacional\/"]}]},{"@type":"ImageObject","inLanguage":"es","@id":"https:\/\/noticiasmercedinas.com\/site\/2026\/08\/13\/de-pedro-respaldo-la-protesta-de-cientificos-y-advirtio-sobre-el-impacto-del-recorte-en-el-desarrollo-nacional\/#primaryimage","url":"https:\/\/noticiasmercedinas.com\/site\/wp-content\/uploads\/2026\/08\/cinetifi.jpg","contentUrl":"https:\/\/noticiasmercedinas.com\/site\/wp-content\/uploads\/2026\/08\/cinetifi.jpg","width":853,"height":462},{"@type":"BreadcrumbList","@id":"https:\/\/noticiasmercedinas.com\/site\/2026\/08\/13\/de-pedro-respaldo-la-protesta-de-cientificos-y-advirtio-sobre-el-impacto-del-recorte-en-el-desarrollo-nacional\/#breadcrumb","itemListElement":[{"@type":"ListItem","position":1,"name":"Portada","item":"https:\/\/noticiasmercedinas.com\/site\/"},{"@type":"ListItem","position":2,"name":"De Pedro respald\u00f3 la protesta de cient\u00edficos y advirti\u00f3 sobre el impacto del recorte en el desarrollo nacional"}]},{"@type":"WebSite","@id":"https:\/\/noticiasmercedinas.com\/site\/#website","url":"https:\/\/noticiasmercedinas.com\/site\/","name":"NOTICIASMERCEDINAS.COM","description":"Mercedes, Buenos Aires, Argentina","publisher":{"@id":"https:\/\/noticiasmercedinas.com\/site\/#organization"},"potentialAction":[{"@type":"SearchAction","target":{"@type":"EntryPoint","urlTemplate":"https:\/\/noticiasmercedinas.com\/site\/?s={search_term_string}"},"query-input":{"@type":"PropertyValueSpecification","valueRequired":true,"valueName":"search_term_string"}}],"inLanguage":"es"},{"@type":"Organization","@id":"https:\/\/noticiasmercedinas.com\/site\/#organization","name":"NOTICIASMERCEDINAS.COM","url":"https:\/\/noticiasmercedinas.com\/site\/","logo":{"@type":"ImageObject","inLanguage":"es","@id":"https:\/\/noticiasmercedinas.com\/site\/#\/schema\/logo\/image\/","url":"https:\/\/noticiasmercedinas.com\/site\/wp-content\/uploads\/2020\/06\/LOGO-512.jpg","contentUrl":"https:\/\/noticiasmercedinas.com\/site\/wp-content\/uploads\/2020\/06\/LOGO-512.jpg","width":512,"height":512,"caption":"NOTICIASMERCEDINAS.COM"},"image":{"@id":"https:\/\/noticiasmercedinas.com\/site\/#\/schema\/logo\/image\/"},"sameAs":["https:\/\/www.facebook.com\/noticiasmercedinas\/","https:\/\/x.com\/notmercedinas","https:\/\/www.instagram.com\/noticiasmercedinas\/"]},{"@type":"Person","@id":"https:\/\/noticiasmercedinas.com\/site\/#\/schema\/person\/84b59c099c28ff2e8b77d4ceec5d8063","name":"NOTICIASMERCEDINAS.COM","image":{"@type":"ImageObject","inLanguage":"es","@id":"https:\/\/secure.gravatar.com\/avatar\/4dfbf16b4d17945bfb6341b2d19043457132fcf478a5ee04f42e959fd8f5df0a?s=96&d=mm&r=g","url":"https:\/\/secure.gravatar.com\/avatar\/4dfbf16b4d17945bfb6341b2d19043457132fcf478a5ee04f42e959fd8f5df0a?s=96&d=mm&r=g","contentUrl":"https:\/\/secure.gravatar.com\/avatar\/4dfbf16b4d17945bfb6341b2d19043457132fcf478a5ee04f42e959fd8f5df0a?s=96&d=mm&r=g","caption":"NOTICIASMERCEDINAS.COM"},"url":"https:\/\/noticiasmercedinas.com\/site\/author\/anonimo\/"}]}},"amp_enabled":true,"_links":{"self":[{"href":"https:\/\/noticiasmercedinas.com\/site\/wp-json\/wp\/v2\/posts\/192697","targetHints":{"allow":["GET"]}}],"collection":[{"href":"https:\/\/noticiasmercedinas.com\/site\/wp-json\/wp\/v2\/posts"}],"about":[{"href":"https:\/\/noticiasmercedinas.com\/site\/wp-json\/wp\/v2\/types\/post"}],"author":[{"embeddable":true,"href":"https:\/\/noticiasmercedinas.com\/site\/wp-json\/wp\/v2\/users\/16"}],"replies":[{"embeddable":true,"href":"https:\/\/noticiasmercedinas.com\/site\/wp-json\/wp\/v2\/comments?post=192697"}],"version-history":[{"count":1,"href":"https:\/\/noticiasmercedinas.com\/site\/wp-json\/wp\/v2\/posts\/192697\/revisions"}],"predecessor-version":[{"id":192699,"href":"https:\/\/noticiasmercedinas.com\/site\/wp-json\/wp\/v2\/posts\/192697\/revisions\/192699"}],"wp:featuredmedia":[{"embeddable":true,"href":"https:\/\/noticiasmercedinas.com\/site\/wp-json\/wp\/v2\/media\/192698"}],"wp:attachment":[{"href":"https:\/\/noticiasmercedinas.com\/site\/wp-json\/wp\/v2\/media?parent=192697"}],"wp:term":[{"taxonomy":"category","embeddable":true,"href":"https:\/\/noticiasmercedinas.com\/site\/wp-json\/wp\/v2\/categories?post=192697"},{"taxonomy":"post_tag","embeddable":true,"href":"https:\/\/noticiasmercedinas.com\/site\/wp-json\/wp\/v2\/tags?post=192697"}],"curies":[{"name":"wp","href":"https:\/\/api.w.org\/{rel}","templated":true}]}}