{"id":192723,"date":"2026-08-13T14:14:18","date_gmt":"2026-08-13T17:14:18","guid":{"rendered":"https:\/\/noticiasmercedinas.com\/site\/?p=192723"},"modified":"2026-08-13T14:14:18","modified_gmt":"2026-08-13T17:14:18","slug":"vecinos-por-mercedes-pide-relevamiento-integral-sobre-la-seguridad-electrica-del-alumbrado-publico","status":"publish","type":"post","link":"https:\/\/noticiasmercedinas.com\/site\/2026\/08\/13\/vecinos-por-mercedes-pide-relevamiento-integral-sobre-la-seguridad-electrica-del-alumbrado-publico\/","title":{"rendered":"Vecinos por Mercedes pide relevamiento integral sobre la seguridad el\u00e9ctrica del alumbrado p\u00fablico"},"content":{"rendered":"<figure id=\"attachment_192724\" aria-describedby=\"caption-attachment-192724\" style=\"width: 1200px\" class=\"wp-caption alignnone\"><img loading=\"lazy\" decoding=\"async\" class=\"wp-image-192724 size-full\" src=\"https:\/\/noticiasmercedinas.com\/site\/wp-content\/uploads\/2026\/08\/WhatsApp-Image-2026-08-13-at-1.31.19-PM-e1786641148231.jpeg\" alt=\"\" width=\"1200\" height=\"1010\" srcset=\"https:\/\/noticiasmercedinas.com\/site\/wp-content\/uploads\/2026\/08\/WhatsApp-Image-2026-08-13-at-1.31.19-PM-e1786641148231.jpeg 1200w, https:\/\/noticiasmercedinas.com\/site\/wp-content\/uploads\/2026\/08\/WhatsApp-Image-2026-08-13-at-1.31.19-PM-e1786641148231-300x253.jpeg 300w, https:\/\/noticiasmercedinas.com\/site\/wp-content\/uploads\/2026\/08\/WhatsApp-Image-2026-08-13-at-1.31.19-PM-e1786641148231-1024x862.jpeg 1024w, https:\/\/noticiasmercedinas.com\/site\/wp-content\/uploads\/2026\/08\/WhatsApp-Image-2026-08-13-at-1.31.19-PM-e1786641148231-768x646.jpeg 768w, https:\/\/noticiasmercedinas.com\/site\/wp-content\/uploads\/2026\/08\/WhatsApp-Image-2026-08-13-at-1.31.19-PM-e1786641148231-640x539.jpeg 640w, https:\/\/noticiasmercedinas.com\/site\/wp-content\/uploads\/2026\/08\/WhatsApp-Image-2026-08-13-at-1.31.19-PM-e1786641148231-681x573.jpeg 681w\" sizes=\"auto, (max-width: 1200px) 100vw, 1200px\" \/><figcaption id=\"caption-attachment-192724\" class=\"wp-caption-text\">Romanela Vuatretto y Bernardo Zubeld\u00eda, integrantes de Vecinos por Mercedes<\/figcaption><\/figure>\n<p>El bloque de concejales <strong>Vecinos por Mercedes<\/strong> ingres\u00f3 en el Honorable Concejo Deliberante un proyecto que conform\u00f3 el Expediente N\u00b0 254\/2026, mediante el cual solicita al Departamento Ejecutivo Municipal la realizaci\u00f3n de un relevamiento integral sobre el estado de conservaci\u00f3n y las condiciones de seguridad de la infraestructura el\u00e9ctrica vinculada al alumbrado p\u00fablico en todo el partido.<\/p>\n<p>La iniciativa legislativa retoma lo establecido por la Resoluci\u00f3n N\u00b0 32\/2022, aprobada por el cuerpo deliberativo cuatro a\u00f1os atr\u00e1s.<\/p>\n<p>Desde la bancada impulsora remarcaron la necesidad de actualizar los diagn\u00f3sticos sobre columnas, postes, ca\u00f1os de protecci\u00f3n, conductores, tableros, interruptores diferenciales y sistemas de puesta a tierra, con el fin de evaluar las tareas de mantenimiento ejecutadas y determinar las medidas correctivas pendientes.<\/p>\n<p>Entre los puntos centrales del proyecto, el espacio opositor hizo hincapi\u00e9 en la revisi\u00f3n de los sectores donde los cables atraviesan las calzadas, dado el desgaste continuo provocado por el tr\u00e1nsito vehicular y las vibraciones. Asimismo, se propone articular acciones con la empresa distribuidora de energ\u00eda el\u00e9ctrica cuando resulte necesario y fijar un programa peri\u00f3dico de inspecci\u00f3n preventiva priorizando espacios de alta circulaci\u00f3n peatonal, tales como plazas, parques, escuelas, centros de salud, predios deportivos y paradas de transporte p\u00fablico.<\/p>\n<p>Desde el bloque insistieron en la importancia de la fiscalizaci\u00f3n preventiva para resguardar la integridad f\u00edsica de los transe\u00fantes y de los trabajadores abocados al mantenimiento, se\u00f1alando que la actualizaci\u00f3n del relevamiento resulta clave para evitar incidentes en la v\u00eda p\u00fablica.<\/p>\n<p>\u201cLa prevenci\u00f3n tiene que llegar antes que el accidente. Si hace cuatro a\u00f1os el Concejo ya hab\u00eda pedido un relevamiento, hoy tenemos que saber cu\u00e1l es el estado de esas instalaciones y qu\u00e9 mantenimiento se realiz\u00f3. No queremos esperar a que ocurra una tragedia para ocuparnos del tema\u201d, concluyeron.<\/p>\n<p>El expediente de autor\u00eda de VXM, en tanto, ya est\u00e1 en comisiones para su an\u00e1lisis.<\/p>\n","protected":false},"excerpt":{"rendered":"<p>\u25a0 A trav\u00e9s del Expediente 254\/2026, la bancada opositora inst\u00f3 al Departamento Ejecutivo a auditar columnas, cableados y sistemas de protecci\u00f3n para prevenir accidentes. El proyecto retoma y actualiza una resoluci\u00f3n aprobada por el HCD en 2022.<\/p>\n","protected":false},"author":16,"featured_media":192724,"comment_status":"closed","ping_status":"closed","sticky":false,"template":"","format":"standard","meta":{"footnotes":""},"categories":[16],"tags":[1496,243,19,18672],"class_list":["post-192723","post","type-post","status-publish","format-standard","has-post-thumbnail","hentry","category-politica","tag-alumbrado-publico","tag-concejo-deliberante","tag-hcd","tag-vecinos-por-mercedes"],"yoast_head":"<!-- This site is optimized with the Yoast SEO plugin v28.3 - https:\/\/yoast.com\/product\/yoast-seo-wordpress\/ -->\n<title>Vecinos por Mercedes pide relevamiento integral sobre la seguridad el\u00e9ctrica del alumbrado p\u00fablico<\/title>\n<meta name=\"description\" content=\"A trav\u00e9s del Expediente 254\/2026, la bancada opositora inst\u00f3 al Departamento Ejecutivo a auditar columnas, cableados y sistemas de protecci\u00f3n para prevenir accidentes. El proyecto retoma y actualiza una resoluci\u00f3n aprobada por el HCD en 2022.\" \/>\n<meta name=\"robots\" content=\"index, follow, max-snippet:-1, max-image-preview:large, max-video-preview:-1\" \/>\n<link rel=\"canonical\" href=\"https:\/\/noticiasmercedinas.com\/site\/2026\/08\/13\/vecinos-por-mercedes-pide-relevamiento-integral-sobre-la-seguridad-electrica-del-alumbrado-publico\/\" \/>\n<meta property=\"og:locale\" content=\"es_ES\" \/>\n<meta property=\"og:type\" content=\"article\" \/>\n<meta property=\"og:title\" content=\"Vecinos por Mercedes pide relevamiento integral sobre la seguridad el\u00e9ctrica del alumbrado p\u00fablico\" \/>\n<meta property=\"og:description\" content=\"A trav\u00e9s del Expediente 254\/2026, la bancada opositora inst\u00f3 al Departamento Ejecutivo a auditar columnas, cableados y sistemas de protecci\u00f3n para prevenir accidentes. El proyecto retoma y actualiza una resoluci\u00f3n aprobada por el HCD en 2022.\" \/>\n<meta property=\"og:url\" content=\"https:\/\/noticiasmercedinas.com\/site\/2026\/08\/13\/vecinos-por-mercedes-pide-relevamiento-integral-sobre-la-seguridad-electrica-del-alumbrado-publico\/\" \/>\n<meta property=\"og:site_name\" content=\"NOTICIASMERCEDINAS.COM\" \/>\n<meta property=\"article:publisher\" content=\"https:\/\/www.facebook.com\/noticiasmercedinas\/\" \/>\n<meta property=\"article:published_time\" content=\"2026-08-13T17:14:18+00:00\" \/>\n<meta property=\"og:image\" content=\"https:\/\/noticiasmercedinas.com\/site\/wp-content\/uploads\/2026\/08\/WhatsApp-Image-2026-08-13-at-1.31.19-PM-e1786641148231.jpeg\" \/>\n\t<meta property=\"og:image:width\" content=\"1200\" \/>\n\t<meta property=\"og:image:height\" content=\"1010\" \/>\n\t<meta property=\"og:image:type\" content=\"image\/jpeg\" \/>\n<meta name=\"author\" content=\"NOTICIASMERCEDINAS.COM\" \/>\n<meta name=\"twitter:card\" content=\"summary_large_image\" \/>\n<meta name=\"twitter:creator\" content=\"@notmercedinas\" \/>\n<meta name=\"twitter:site\" content=\"@notmercedinas\" \/>\n<meta name=\"twitter:label1\" content=\"Escrito por\" \/>\n\t<meta name=\"twitter:data1\" content=\"NOTICIASMERCEDINAS.COM\" \/>\n\t<meta name=\"twitter:label2\" content=\"Tiempo de lectura\" \/>\n\t<meta name=\"twitter:data2\" content=\"2 minutos\" \/>\n<script type=\"application\/ld+json\" class=\"yoast-schema-graph\">{\"@context\":\"https:\\\/\\\/schema.org\",\"@graph\":[{\"@type\":\"Article\",\"@id\":\"https:\\\/\\\/noticiasmercedinas.com\\\/site\\\/2026\\\/08\\\/13\\\/vecinos-por-mercedes-pide-relevamiento-integral-sobre-la-seguridad-electrica-del-alumbrado-publico\\\/#article\",\"isPartOf\":{\"@id\":\"https:\\\/\\\/noticiasmercedinas.com\\\/site\\\/2026\\\/08\\\/13\\\/vecinos-por-mercedes-pide-relevamiento-integral-sobre-la-seguridad-electrica-del-alumbrado-publico\\\/\"},\"author\":{\"name\":\"NOTICIASMERCEDINAS.COM\",\"@id\":\"https:\\\/\\\/noticiasmercedinas.com\\\/site\\\/#\\\/schema\\\/person\\\/84b59c099c28ff2e8b77d4ceec5d8063\"},\"headline\":\"Vecinos por Mercedes pide relevamiento integral sobre la seguridad el\u00e9ctrica del alumbrado p\u00fablico\",\"datePublished\":\"2026-08-13T17:14:18+00:00\",\"mainEntityOfPage\":{\"@id\":\"https:\\\/\\\/noticiasmercedinas.com\\\/site\\\/2026\\\/08\\\/13\\\/vecinos-por-mercedes-pide-relevamiento-integral-sobre-la-seguridad-electrica-del-alumbrado-publico\\\/\"},\"wordCount\":365,\"publisher\":{\"@id\":\"https:\\\/\\\/noticiasmercedinas.com\\\/site\\\/#organization\"},\"image\":{\"@id\":\"https:\\\/\\\/noticiasmercedinas.com\\\/site\\\/2026\\\/08\\\/13\\\/vecinos-por-mercedes-pide-relevamiento-integral-sobre-la-seguridad-electrica-del-alumbrado-publico\\\/#primaryimage\"},\"thumbnailUrl\":\"https:\\\/\\\/noticiasmercedinas.com\\\/site\\\/wp-content\\\/uploads\\\/2026\\\/08\\\/WhatsApp-Image-2026-08-13-at-1.31.19-PM-e1786641148231.jpeg\",\"keywords\":[\"alumbrado publico\",\"concejo deliberante\",\"HCD\",\"vecinos por mercedes\"],\"articleSection\":[\"Politica\"],\"inLanguage\":\"es\"},{\"@type\":\"WebPage\",\"@id\":\"https:\\\/\\\/noticiasmercedinas.com\\\/site\\\/2026\\\/08\\\/13\\\/vecinos-por-mercedes-pide-relevamiento-integral-sobre-la-seguridad-electrica-del-alumbrado-publico\\\/\",\"url\":\"https:\\\/\\\/noticiasmercedinas.com\\\/site\\\/2026\\\/08\\\/13\\\/vecinos-por-mercedes-pide-relevamiento-integral-sobre-la-seguridad-electrica-del-alumbrado-publico\\\/\",\"name\":\"Vecinos por Mercedes pide relevamiento integral sobre la seguridad el\u00e9ctrica del alumbrado p\u00fablico\",\"isPartOf\":{\"@id\":\"https:\\\/\\\/noticiasmercedinas.com\\\/site\\\/#website\"},\"primaryImageOfPage\":{\"@id\":\"https:\\\/\\\/noticiasmercedinas.com\\\/site\\\/2026\\\/08\\\/13\\\/vecinos-por-mercedes-pide-relevamiento-integral-sobre-la-seguridad-electrica-del-alumbrado-publico\\\/#primaryimage\"},\"image\":{\"@id\":\"https:\\\/\\\/noticiasmercedinas.com\\\/site\\\/2026\\\/08\\\/13\\\/vecinos-por-mercedes-pide-relevamiento-integral-sobre-la-seguridad-electrica-del-alumbrado-publico\\\/#primaryimage\"},\"thumbnailUrl\":\"https:\\\/\\\/noticiasmercedinas.com\\\/site\\\/wp-content\\\/uploads\\\/2026\\\/08\\\/WhatsApp-Image-2026-08-13-at-1.31.19-PM-e1786641148231.jpeg\",\"datePublished\":\"2026-08-13T17:14:18+00:00\",\"description\":\"A trav\u00e9s del Expediente 254\\\/2026, la bancada opositora inst\u00f3 al Departamento Ejecutivo a auditar columnas, cableados y sistemas de protecci\u00f3n para prevenir accidentes. El proyecto retoma y actualiza una resoluci\u00f3n aprobada por el HCD en 2022.\",\"breadcrumb\":{\"@id\":\"https:\\\/\\\/noticiasmercedinas.com\\\/site\\\/2026\\\/08\\\/13\\\/vecinos-por-mercedes-pide-relevamiento-integral-sobre-la-seguridad-electrica-del-alumbrado-publico\\\/#breadcrumb\"},\"inLanguage\":\"es\",\"potentialAction\":[{\"@type\":\"ReadAction\",\"target\":[\"https:\\\/\\\/noticiasmercedinas.com\\\/site\\\/2026\\\/08\\\/13\\\/vecinos-por-mercedes-pide-relevamiento-integral-sobre-la-seguridad-electrica-del-alumbrado-publico\\\/\"]}]},{\"@type\":\"ImageObject\",\"inLanguage\":\"es\",\"@id\":\"https:\\\/\\\/noticiasmercedinas.com\\\/site\\\/2026\\\/08\\\/13\\\/vecinos-por-mercedes-pide-relevamiento-integral-sobre-la-seguridad-electrica-del-alumbrado-publico\\\/#primaryimage\",\"url\":\"https:\\\/\\\/noticiasmercedinas.com\\\/site\\\/wp-content\\\/uploads\\\/2026\\\/08\\\/WhatsApp-Image-2026-08-13-at-1.31.19-PM-e1786641148231.jpeg\",\"contentUrl\":\"https:\\\/\\\/noticiasmercedinas.com\\\/site\\\/wp-content\\\/uploads\\\/2026\\\/08\\\/WhatsApp-Image-2026-08-13-at-1.31.19-PM-e1786641148231.jpeg\",\"width\":1200,\"height\":1010},{\"@type\":\"BreadcrumbList\",\"@id\":\"https:\\\/\\\/noticiasmercedinas.com\\\/site\\\/2026\\\/08\\\/13\\\/vecinos-por-mercedes-pide-relevamiento-integral-sobre-la-seguridad-electrica-del-alumbrado-publico\\\/#breadcrumb\",\"itemListElement\":[{\"@type\":\"ListItem\",\"position\":1,\"name\":\"Portada\",\"item\":\"https:\\\/\\\/noticiasmercedinas.com\\\/site\\\/\"},{\"@type\":\"ListItem\",\"position\":2,\"name\":\"Vecinos por Mercedes pide relevamiento integral sobre la seguridad el\u00e9ctrica del alumbrado p\u00fablico\"}]},{\"@type\":\"WebSite\",\"@id\":\"https:\\\/\\\/noticiasmercedinas.com\\\/site\\\/#website\",\"url\":\"https:\\\/\\\/noticiasmercedinas.com\\\/site\\\/\",\"name\":\"NOTICIASMERCEDINAS.COM\",\"description\":\"Mercedes, Buenos Aires, Argentina\",\"publisher\":{\"@id\":\"https:\\\/\\\/noticiasmercedinas.com\\\/site\\\/#organization\"},\"potentialAction\":[{\"@type\":\"SearchAction\",\"target\":{\"@type\":\"EntryPoint\",\"urlTemplate\":\"https:\\\/\\\/noticiasmercedinas.com\\\/site\\\/?s={search_term_string}\"},\"query-input\":{\"@type\":\"PropertyValueSpecification\",\"valueRequired\":true,\"valueName\":\"search_term_string\"}}],\"inLanguage\":\"es\"},{\"@type\":\"Organization\",\"@id\":\"https:\\\/\\\/noticiasmercedinas.com\\\/site\\\/#organization\",\"name\":\"NOTICIASMERCEDINAS.COM\",\"url\":\"https:\\\/\\\/noticiasmercedinas.com\\\/site\\\/\",\"logo\":{\"@type\":\"ImageObject\",\"inLanguage\":\"es\",\"@id\":\"https:\\\/\\\/noticiasmercedinas.com\\\/site\\\/#\\\/schema\\\/logo\\\/image\\\/\",\"url\":\"https:\\\/\\\/noticiasmercedinas.com\\\/site\\\/wp-content\\\/uploads\\\/2020\\\/06\\\/LOGO-512.jpg\",\"contentUrl\":\"https:\\\/\\\/noticiasmercedinas.com\\\/site\\\/wp-content\\\/uploads\\\/2020\\\/06\\\/LOGO-512.jpg\",\"width\":512,\"height\":512,\"caption\":\"NOTICIASMERCEDINAS.COM\"},\"image\":{\"@id\":\"https:\\\/\\\/noticiasmercedinas.com\\\/site\\\/#\\\/schema\\\/logo\\\/image\\\/\"},\"sameAs\":[\"https:\\\/\\\/www.facebook.com\\\/noticiasmercedinas\\\/\",\"https:\\\/\\\/x.com\\\/notmercedinas\",\"https:\\\/\\\/www.instagram.com\\\/noticiasmercedinas\\\/\"]},{\"@type\":\"Person\",\"@id\":\"https:\\\/\\\/noticiasmercedinas.com\\\/site\\\/#\\\/schema\\\/person\\\/84b59c099c28ff2e8b77d4ceec5d8063\",\"name\":\"NOTICIASMERCEDINAS.COM\",\"image\":{\"@type\":\"ImageObject\",\"inLanguage\":\"es\",\"@id\":\"https:\\\/\\\/secure.gravatar.com\\\/avatar\\\/4dfbf16b4d17945bfb6341b2d19043457132fcf478a5ee04f42e959fd8f5df0a?s=96&d=mm&r=g\",\"url\":\"https:\\\/\\\/secure.gravatar.com\\\/avatar\\\/4dfbf16b4d17945bfb6341b2d19043457132fcf478a5ee04f42e959fd8f5df0a?s=96&d=mm&r=g\",\"contentUrl\":\"https:\\\/\\\/secure.gravatar.com\\\/avatar\\\/4dfbf16b4d17945bfb6341b2d19043457132fcf478a5ee04f42e959fd8f5df0a?s=96&d=mm&r=g\",\"caption\":\"NOTICIASMERCEDINAS.COM\"},\"url\":\"https:\\\/\\\/noticiasmercedinas.com\\\/site\\\/author\\\/anonimo\\\/\"}]}<\/script>\n<!-- \/ Yoast SEO plugin. -->","yoast_head_json":{"title":"Vecinos por Mercedes pide relevamiento integral sobre la seguridad el\u00e9ctrica del alumbrado p\u00fablico","description":"A trav\u00e9s del Expediente 254\/2026, la bancada opositora inst\u00f3 al Departamento Ejecutivo a auditar columnas, cableados y sistemas de protecci\u00f3n para prevenir accidentes. El proyecto retoma y actualiza una resoluci\u00f3n aprobada por el HCD en 2022.","robots":{"index":"index","follow":"follow","max-snippet":"max-snippet:-1","max-image-preview":"max-image-preview:large","max-video-preview":"max-video-preview:-1"},"canonical":"https:\/\/noticiasmercedinas.com\/site\/2026\/08\/13\/vecinos-por-mercedes-pide-relevamiento-integral-sobre-la-seguridad-electrica-del-alumbrado-publico\/","og_locale":"es_ES","og_type":"article","og_title":"Vecinos por Mercedes pide relevamiento integral sobre la seguridad el\u00e9ctrica del alumbrado p\u00fablico","og_description":"A trav\u00e9s del Expediente 254\/2026, la bancada opositora inst\u00f3 al Departamento Ejecutivo a auditar columnas, cableados y sistemas de protecci\u00f3n para prevenir accidentes. El proyecto retoma y actualiza una resoluci\u00f3n aprobada por el HCD en 2022.","og_url":"https:\/\/noticiasmercedinas.com\/site\/2026\/08\/13\/vecinos-por-mercedes-pide-relevamiento-integral-sobre-la-seguridad-electrica-del-alumbrado-publico\/","og_site_name":"NOTICIASMERCEDINAS.COM","article_publisher":"https:\/\/www.facebook.com\/noticiasmercedinas\/","article_published_time":"2026-08-13T17:14:18+00:00","og_image":[{"width":1200,"height":1010,"url":"https:\/\/noticiasmercedinas.com\/site\/wp-content\/uploads\/2026\/08\/WhatsApp-Image-2026-08-13-at-1.31.19-PM-e1786641148231.jpeg","type":"image\/jpeg"}],"author":"NOTICIASMERCEDINAS.COM","twitter_card":"summary_large_image","twitter_creator":"@notmercedinas","twitter_site":"@notmercedinas","twitter_misc":{"Escrito por":"NOTICIASMERCEDINAS.COM","Tiempo de lectura":"2 minutos"},"schema":{"@context":"https:\/\/schema.org","@graph":[{"@type":"Article","@id":"https:\/\/noticiasmercedinas.com\/site\/2026\/08\/13\/vecinos-por-mercedes-pide-relevamiento-integral-sobre-la-seguridad-electrica-del-alumbrado-publico\/#article","isPartOf":{"@id":"https:\/\/noticiasmercedinas.com\/site\/2026\/08\/13\/vecinos-por-mercedes-pide-relevamiento-integral-sobre-la-seguridad-electrica-del-alumbrado-publico\/"},"author":{"name":"NOTICIASMERCEDINAS.COM","@id":"https:\/\/noticiasmercedinas.com\/site\/#\/schema\/person\/84b59c099c28ff2e8b77d4ceec5d8063"},"headline":"Vecinos por Mercedes pide relevamiento integral sobre la seguridad el\u00e9ctrica del alumbrado p\u00fablico","datePublished":"2026-08-13T17:14:18+00:00","mainEntityOfPage":{"@id":"https:\/\/noticiasmercedinas.com\/site\/2026\/08\/13\/vecinos-por-mercedes-pide-relevamiento-integral-sobre-la-seguridad-electrica-del-alumbrado-publico\/"},"wordCount":365,"publisher":{"@id":"https:\/\/noticiasmercedinas.com\/site\/#organization"},"image":{"@id":"https:\/\/noticiasmercedinas.com\/site\/2026\/08\/13\/vecinos-por-mercedes-pide-relevamiento-integral-sobre-la-seguridad-electrica-del-alumbrado-publico\/#primaryimage"},"thumbnailUrl":"https:\/\/noticiasmercedinas.com\/site\/wp-content\/uploads\/2026\/08\/WhatsApp-Image-2026-08-13-at-1.31.19-PM-e1786641148231.jpeg","keywords":["alumbrado publico","concejo deliberante","HCD","vecinos por mercedes"],"articleSection":["Politica"],"inLanguage":"es"},{"@type":"WebPage","@id":"https:\/\/noticiasmercedinas.com\/site\/2026\/08\/13\/vecinos-por-mercedes-pide-relevamiento-integral-sobre-la-seguridad-electrica-del-alumbrado-publico\/","url":"https:\/\/noticiasmercedinas.com\/site\/2026\/08\/13\/vecinos-por-mercedes-pide-relevamiento-integral-sobre-la-seguridad-electrica-del-alumbrado-publico\/","name":"Vecinos por Mercedes pide relevamiento integral sobre la seguridad el\u00e9ctrica del alumbrado p\u00fablico","isPartOf":{"@id":"https:\/\/noticiasmercedinas.com\/site\/#website"},"primaryImageOfPage":{"@id":"https:\/\/noticiasmercedinas.com\/site\/2026\/08\/13\/vecinos-por-mercedes-pide-relevamiento-integral-sobre-la-seguridad-electrica-del-alumbrado-publico\/#primaryimage"},"image":{"@id":"https:\/\/noticiasmercedinas.com\/site\/2026\/08\/13\/vecinos-por-mercedes-pide-relevamiento-integral-sobre-la-seguridad-electrica-del-alumbrado-publico\/#primaryimage"},"thumbnailUrl":"https:\/\/noticiasmercedinas.com\/site\/wp-content\/uploads\/2026\/08\/WhatsApp-Image-2026-08-13-at-1.31.19-PM-e1786641148231.jpeg","datePublished":"2026-08-13T17:14:18+00:00","description":"A trav\u00e9s del Expediente 254\/2026, la bancada opositora inst\u00f3 al Departamento Ejecutivo a auditar columnas, cableados y sistemas de protecci\u00f3n para prevenir accidentes. El proyecto retoma y actualiza una resoluci\u00f3n aprobada por el HCD en 2022.","breadcrumb":{"@id":"https:\/\/noticiasmercedinas.com\/site\/2026\/08\/13\/vecinos-por-mercedes-pide-relevamiento-integral-sobre-la-seguridad-electrica-del-alumbrado-publico\/#breadcrumb"},"inLanguage":"es","potentialAction":[{"@type":"ReadAction","target":["https:\/\/noticiasmercedinas.com\/site\/2026\/08\/13\/vecinos-por-mercedes-pide-relevamiento-integral-sobre-la-seguridad-electrica-del-alumbrado-publico\/"]}]},{"@type":"ImageObject","inLanguage":"es","@id":"https:\/\/noticiasmercedinas.com\/site\/2026\/08\/13\/vecinos-por-mercedes-pide-relevamiento-integral-sobre-la-seguridad-electrica-del-alumbrado-publico\/#primaryimage","url":"https:\/\/noticiasmercedinas.com\/site\/wp-content\/uploads\/2026\/08\/WhatsApp-Image-2026-08-13-at-1.31.19-PM-e1786641148231.jpeg","contentUrl":"https:\/\/noticiasmercedinas.com\/site\/wp-content\/uploads\/2026\/08\/WhatsApp-Image-2026-08-13-at-1.31.19-PM-e1786641148231.jpeg","width":1200,"height":1010},{"@type":"BreadcrumbList","@id":"https:\/\/noticiasmercedinas.com\/site\/2026\/08\/13\/vecinos-por-mercedes-pide-relevamiento-integral-sobre-la-seguridad-electrica-del-alumbrado-publico\/#breadcrumb","itemListElement":[{"@type":"ListItem","position":1,"name":"Portada","item":"https:\/\/noticiasmercedinas.com\/site\/"},{"@type":"ListItem","position":2,"name":"Vecinos por Mercedes pide relevamiento integral sobre la seguridad el\u00e9ctrica del alumbrado p\u00fablico"}]},{"@type":"WebSite","@id":"https:\/\/noticiasmercedinas.com\/site\/#website","url":"https:\/\/noticiasmercedinas.com\/site\/","name":"NOTICIASMERCEDINAS.COM","description":"Mercedes, Buenos Aires, Argentina","publisher":{"@id":"https:\/\/noticiasmercedinas.com\/site\/#organization"},"potentialAction":[{"@type":"SearchAction","target":{"@type":"EntryPoint","urlTemplate":"https:\/\/noticiasmercedinas.com\/site\/?s={search_term_string}"},"query-input":{"@type":"PropertyValueSpecification","valueRequired":true,"valueName":"search_term_string"}}],"inLanguage":"es"},{"@type":"Organization","@id":"https:\/\/noticiasmercedinas.com\/site\/#organization","name":"NOTICIASMERCEDINAS.COM","url":"https:\/\/noticiasmercedinas.com\/site\/","logo":{"@type":"ImageObject","inLanguage":"es","@id":"https:\/\/noticiasmercedinas.com\/site\/#\/schema\/logo\/image\/","url":"https:\/\/noticiasmercedinas.com\/site\/wp-content\/uploads\/2020\/06\/LOGO-512.jpg","contentUrl":"https:\/\/noticiasmercedinas.com\/site\/wp-content\/uploads\/2020\/06\/LOGO-512.jpg","width":512,"height":512,"caption":"NOTICIASMERCEDINAS.COM"},"image":{"@id":"https:\/\/noticiasmercedinas.com\/site\/#\/schema\/logo\/image\/"},"sameAs":["https:\/\/www.facebook.com\/noticiasmercedinas\/","https:\/\/x.com\/notmercedinas","https:\/\/www.instagram.com\/noticiasmercedinas\/"]},{"@type":"Person","@id":"https:\/\/noticiasmercedinas.com\/site\/#\/schema\/person\/84b59c099c28ff2e8b77d4ceec5d8063","name":"NOTICIASMERCEDINAS.COM","image":{"@type":"ImageObject","inLanguage":"es","@id":"https:\/\/secure.gravatar.com\/avatar\/4dfbf16b4d17945bfb6341b2d19043457132fcf478a5ee04f42e959fd8f5df0a?s=96&d=mm&r=g","url":"https:\/\/secure.gravatar.com\/avatar\/4dfbf16b4d17945bfb6341b2d19043457132fcf478a5ee04f42e959fd8f5df0a?s=96&d=mm&r=g","contentUrl":"https:\/\/secure.gravatar.com\/avatar\/4dfbf16b4d17945bfb6341b2d19043457132fcf478a5ee04f42e959fd8f5df0a?s=96&d=mm&r=g","caption":"NOTICIASMERCEDINAS.COM"},"url":"https:\/\/noticiasmercedinas.com\/site\/author\/anonimo\/"}]}},"amp_enabled":true,"_links":{"self":[{"href":"https:\/\/noticiasmercedinas.com\/site\/wp-json\/wp\/v2\/posts\/192723","targetHints":{"allow":["GET"]}}],"collection":[{"href":"https:\/\/noticiasmercedinas.com\/site\/wp-json\/wp\/v2\/posts"}],"about":[{"href":"https:\/\/noticiasmercedinas.com\/site\/wp-json\/wp\/v2\/types\/post"}],"author":[{"embeddable":true,"href":"https:\/\/noticiasmercedinas.com\/site\/wp-json\/wp\/v2\/users\/16"}],"replies":[{"embeddable":true,"href":"https:\/\/noticiasmercedinas.com\/site\/wp-json\/wp\/v2\/comments?post=192723"}],"version-history":[{"count":1,"href":"https:\/\/noticiasmercedinas.com\/site\/wp-json\/wp\/v2\/posts\/192723\/revisions"}],"predecessor-version":[{"id":192725,"href":"https:\/\/noticiasmercedinas.com\/site\/wp-json\/wp\/v2\/posts\/192723\/revisions\/192725"}],"wp:featuredmedia":[{"embeddable":true,"href":"https:\/\/noticiasmercedinas.com\/site\/wp-json\/wp\/v2\/media\/192724"}],"wp:attachment":[{"href":"https:\/\/noticiasmercedinas.com\/site\/wp-json\/wp\/v2\/media?parent=192723"}],"wp:term":[{"taxonomy":"category","embeddable":true,"href":"https:\/\/noticiasmercedinas.com\/site\/wp-json\/wp\/v2\/categories?post=192723"},{"taxonomy":"post_tag","embeddable":true,"href":"https:\/\/noticiasmercedinas.com\/site\/wp-json\/wp\/v2\/tags?post=192723"}],"curies":[{"name":"wp","href":"https:\/\/api.w.org\/{rel}","templated":true}]}}