{"id":192726,"date":"2026-08-13T14:19:10","date_gmt":"2026-08-13T17:19:10","guid":{"rendered":"https:\/\/noticiasmercedinas.com\/site\/?p=192726"},"modified":"2026-08-13T14:19:10","modified_gmt":"2026-08-13T17:19:10","slug":"artista-visual-anabel-pineiro-presentara-su-obra-fragil-carcasa-en-el-festival-la-mujer-y-el-cine-2026","status":"publish","type":"post","link":"https:\/\/noticiasmercedinas.com\/site\/2026\/08\/13\/artista-visual-anabel-pineiro-presentara-su-obra-fragil-carcasa-en-el-festival-la-mujer-y-el-cine-2026\/","title":{"rendered":"Artista visual Anabel Pi\u00f1eiro presentar\u00e1 su obra \u00abFr\u00e1gil Carcasa\u00bb en el Festival La Mujer y El Cine 2026"},"content":{"rendered":"<p data-path-to-node=\"2\"><img loading=\"lazy\" decoding=\"async\" class=\"alignnone size-full wp-image-192727\" src=\"https:\/\/noticiasmercedinas.com\/site\/wp-content\/uploads\/2026\/08\/anabella.jpg\" alt=\"\" width=\"690\" height=\"471\" srcset=\"https:\/\/noticiasmercedinas.com\/site\/wp-content\/uploads\/2026\/08\/anabella.jpg 690w, https:\/\/noticiasmercedinas.com\/site\/wp-content\/uploads\/2026\/08\/anabella-300x205.jpg 300w, https:\/\/noticiasmercedinas.com\/site\/wp-content\/uploads\/2026\/08\/anabella-640x437.jpg 640w, https:\/\/noticiasmercedinas.com\/site\/wp-content\/uploads\/2026\/08\/anabella-681x465.jpg 681w\" sizes=\"auto, (max-width: 690px) 100vw, 690px\" \/><\/p>\n<p data-path-to-node=\"2\">La artista visual y docente <b data-path-to-node=\"2\" data-index-in-node=\"37\">Anabel Pi\u00f1eiro<\/b> fue seleccionada para integrar la programaci\u00f3n oficial de la edici\u00f3n 2026 del <b data-path-to-node=\"2\" data-index-in-node=\"130\">Festival La Mujer y El Cine<\/b>, donde presentar\u00e1 su obra audiovisual <b data-path-to-node=\"2\" data-index-in-node=\"196\">\u00abFr\u00e1gil Carcasa\u00bb<\/b>.<\/p>\n<p data-path-to-node=\"2\">El videominuto se proyectar\u00e1 el pr\u00f3ximo viernes 26 a las 18:00 en las instalaciones del Museo de Arte Latinoamericano de Buenos Aires (MALBA), en el marco de la jornada especial de selecci\u00f3n con jurado.<\/p>\n<p data-path-to-node=\"3\">La pieza fue realizada de manera artesanal mediante la t\u00e9cnica de <i data-path-to-node=\"3\" data-index-in-node=\"66\">stop motion<\/i> durante el per\u00edodo de aislamiento por la pandemia.<\/p>\n<p data-path-to-node=\"3\">Concebida a partir de recursos caseros y un proceso de exploraci\u00f3n t\u00e9cnica en el taller de la autora, la animaci\u00f3n articula la construcci\u00f3n y deconstrucci\u00f3n sistem\u00e1tica de una figura corporal que se arma y se desintegra en bucle.<\/p>\n<p data-path-to-node=\"4\">A trav\u00e9s de esa din\u00e1mica repetitiva, <i data-path-to-node=\"4\" data-index-in-node=\"37\">Fr\u00e1gil Carcasa<\/i> propone un ensayo sobre el encierro, la incertidumbre y la fragilidad del individuo frente a la usura de la rutina cotidiana.<\/p>\n<p data-path-to-node=\"4\">Tras varios a\u00f1os de su concepci\u00f3n, la obra vuelve a tomar circuito de exhibici\u00f3n p\u00fablica tras ingresar a la selecci\u00f3n oficial de esta plataforma hist\u00f3rica que impulsa la producci\u00f3n audiovisual realizada por mujeres.<\/p>\n","protected":false},"excerpt":{"rendered":"<p>\u25a0\u00a0La realizadora y docente fue seleccionada con su videominuto en animaci\u00f3n stop motion, producido durante el aislamiento pand\u00e9mico. La proyecci\u00f3n tendr\u00e1 lugar el viernes 26 de agosto en el Museo de Arte Latinoamericano de Buenos Aires (MALBA).<\/p>\n","protected":false},"author":16,"featured_media":192727,"comment_status":"closed","ping_status":"closed","sticky":false,"template":"","format":"standard","meta":{"footnotes":""},"categories":[4],"tags":[3160,15931,412],"class_list":["post-192726","post","type-post","status-publish","format-standard","has-post-thumbnail","hentry","category-cultura","tag-anabel-pineiro","tag-audiovisual","tag-cine"],"yoast_head":"<!-- This site is optimized with the Yoast SEO plugin v28.3 - https:\/\/yoast.com\/product\/yoast-seo-wordpress\/ -->\n<title>Artista visual Anabel Pi\u00f1eiro presentar\u00e1 su obra \u00abFr\u00e1gil Carcasa\u00bb en el Festival La Mujer y El Cine 2026<\/title>\n<meta name=\"description\" content=\"\u25a0\u00a0La realizadora y docente fue seleccionada con su videominuto en animaci\u00f3n stop motion, producido durante el aislamiento pand\u00e9mico. La proyecci\u00f3n tendr\u00e1 lugar el viernes 26 de agosto en el Museo de Arte Latinoamericano de Buenos Aires (MALBA).\" \/>\n<meta name=\"robots\" content=\"index, follow, max-snippet:-1, max-image-preview:large, max-video-preview:-1\" \/>\n<link rel=\"canonical\" href=\"https:\/\/noticiasmercedinas.com\/site\/2026\/08\/13\/artista-visual-anabel-pineiro-presentara-su-obra-fragil-carcasa-en-el-festival-la-mujer-y-el-cine-2026\/\" \/>\n<meta property=\"og:locale\" content=\"es_ES\" \/>\n<meta property=\"og:type\" content=\"article\" \/>\n<meta property=\"og:title\" content=\"Artista visual Anabel Pi\u00f1eiro presentar\u00e1 su obra \u00abFr\u00e1gil Carcasa\u00bb en el Festival La Mujer y El Cine 2026\" \/>\n<meta property=\"og:description\" content=\"\u25a0\u00a0La realizadora y docente fue seleccionada con su videominuto en animaci\u00f3n stop motion, producido durante el aislamiento pand\u00e9mico. La proyecci\u00f3n tendr\u00e1 lugar el viernes 26 de agosto en el Museo de Arte Latinoamericano de Buenos Aires (MALBA).\" \/>\n<meta property=\"og:url\" content=\"https:\/\/noticiasmercedinas.com\/site\/2026\/08\/13\/artista-visual-anabel-pineiro-presentara-su-obra-fragil-carcasa-en-el-festival-la-mujer-y-el-cine-2026\/\" \/>\n<meta property=\"og:site_name\" content=\"NOTICIASMERCEDINAS.COM\" \/>\n<meta property=\"article:publisher\" content=\"https:\/\/www.facebook.com\/noticiasmercedinas\/\" \/>\n<meta property=\"article:published_time\" content=\"2026-08-13T17:19:10+00:00\" \/>\n<meta property=\"og:image\" content=\"https:\/\/noticiasmercedinas.com\/site\/wp-content\/uploads\/2026\/08\/anabella.jpg\" \/>\n\t<meta property=\"og:image:width\" content=\"690\" \/>\n\t<meta property=\"og:image:height\" content=\"471\" \/>\n\t<meta property=\"og:image:type\" content=\"image\/jpeg\" \/>\n<meta name=\"author\" content=\"NOTICIASMERCEDINAS.COM\" \/>\n<meta name=\"twitter:card\" content=\"summary_large_image\" \/>\n<meta name=\"twitter:creator\" content=\"@notmercedinas\" \/>\n<meta name=\"twitter:site\" content=\"@notmercedinas\" \/>\n<meta name=\"twitter:label1\" content=\"Escrito por\" \/>\n\t<meta name=\"twitter:data1\" content=\"NOTICIASMERCEDINAS.COM\" \/>\n\t<meta name=\"twitter:label2\" content=\"Tiempo de lectura\" \/>\n\t<meta name=\"twitter:data2\" content=\"2 minutos\" \/>\n<script type=\"application\/ld+json\" class=\"yoast-schema-graph\">{\"@context\":\"https:\\\/\\\/schema.org\",\"@graph\":[{\"@type\":\"Article\",\"@id\":\"https:\\\/\\\/noticiasmercedinas.com\\\/site\\\/2026\\\/08\\\/13\\\/artista-visual-anabel-pineiro-presentara-su-obra-fragil-carcasa-en-el-festival-la-mujer-y-el-cine-2026\\\/#article\",\"isPartOf\":{\"@id\":\"https:\\\/\\\/noticiasmercedinas.com\\\/site\\\/2026\\\/08\\\/13\\\/artista-visual-anabel-pineiro-presentara-su-obra-fragil-carcasa-en-el-festival-la-mujer-y-el-cine-2026\\\/\"},\"author\":{\"name\":\"NOTICIASMERCEDINAS.COM\",\"@id\":\"https:\\\/\\\/noticiasmercedinas.com\\\/site\\\/#\\\/schema\\\/person\\\/84b59c099c28ff2e8b77d4ceec5d8063\"},\"headline\":\"Artista visual Anabel Pi\u00f1eiro presentar\u00e1 su obra \u00abFr\u00e1gil Carcasa\u00bb en el Festival La Mujer y El Cine 2026\",\"datePublished\":\"2026-08-13T17:19:10+00:00\",\"mainEntityOfPage\":{\"@id\":\"https:\\\/\\\/noticiasmercedinas.com\\\/site\\\/2026\\\/08\\\/13\\\/artista-visual-anabel-pineiro-presentara-su-obra-fragil-carcasa-en-el-festival-la-mujer-y-el-cine-2026\\\/\"},\"wordCount\":227,\"publisher\":{\"@id\":\"https:\\\/\\\/noticiasmercedinas.com\\\/site\\\/#organization\"},\"image\":{\"@id\":\"https:\\\/\\\/noticiasmercedinas.com\\\/site\\\/2026\\\/08\\\/13\\\/artista-visual-anabel-pineiro-presentara-su-obra-fragil-carcasa-en-el-festival-la-mujer-y-el-cine-2026\\\/#primaryimage\"},\"thumbnailUrl\":\"https:\\\/\\\/noticiasmercedinas.com\\\/site\\\/wp-content\\\/uploads\\\/2026\\\/08\\\/anabella.jpg\",\"keywords\":[\"anabel pi\u00f1eiro\",\"audiovisual\",\"cine\"],\"articleSection\":[\"Cultura\"],\"inLanguage\":\"es\"},{\"@type\":\"WebPage\",\"@id\":\"https:\\\/\\\/noticiasmercedinas.com\\\/site\\\/2026\\\/08\\\/13\\\/artista-visual-anabel-pineiro-presentara-su-obra-fragil-carcasa-en-el-festival-la-mujer-y-el-cine-2026\\\/\",\"url\":\"https:\\\/\\\/noticiasmercedinas.com\\\/site\\\/2026\\\/08\\\/13\\\/artista-visual-anabel-pineiro-presentara-su-obra-fragil-carcasa-en-el-festival-la-mujer-y-el-cine-2026\\\/\",\"name\":\"Artista visual Anabel Pi\u00f1eiro presentar\u00e1 su obra \u00abFr\u00e1gil Carcasa\u00bb en el Festival La Mujer y El Cine 2026\",\"isPartOf\":{\"@id\":\"https:\\\/\\\/noticiasmercedinas.com\\\/site\\\/#website\"},\"primaryImageOfPage\":{\"@id\":\"https:\\\/\\\/noticiasmercedinas.com\\\/site\\\/2026\\\/08\\\/13\\\/artista-visual-anabel-pineiro-presentara-su-obra-fragil-carcasa-en-el-festival-la-mujer-y-el-cine-2026\\\/#primaryimage\"},\"image\":{\"@id\":\"https:\\\/\\\/noticiasmercedinas.com\\\/site\\\/2026\\\/08\\\/13\\\/artista-visual-anabel-pineiro-presentara-su-obra-fragil-carcasa-en-el-festival-la-mujer-y-el-cine-2026\\\/#primaryimage\"},\"thumbnailUrl\":\"https:\\\/\\\/noticiasmercedinas.com\\\/site\\\/wp-content\\\/uploads\\\/2026\\\/08\\\/anabella.jpg\",\"datePublished\":\"2026-08-13T17:19:10+00:00\",\"description\":\"\u25a0\u00a0La realizadora y docente fue seleccionada con su videominuto en animaci\u00f3n stop motion, producido durante el aislamiento pand\u00e9mico. La proyecci\u00f3n tendr\u00e1 lugar el viernes 26 de agosto en el Museo de Arte Latinoamericano de Buenos Aires (MALBA).\",\"breadcrumb\":{\"@id\":\"https:\\\/\\\/noticiasmercedinas.com\\\/site\\\/2026\\\/08\\\/13\\\/artista-visual-anabel-pineiro-presentara-su-obra-fragil-carcasa-en-el-festival-la-mujer-y-el-cine-2026\\\/#breadcrumb\"},\"inLanguage\":\"es\",\"potentialAction\":[{\"@type\":\"ReadAction\",\"target\":[\"https:\\\/\\\/noticiasmercedinas.com\\\/site\\\/2026\\\/08\\\/13\\\/artista-visual-anabel-pineiro-presentara-su-obra-fragil-carcasa-en-el-festival-la-mujer-y-el-cine-2026\\\/\"]}]},{\"@type\":\"ImageObject\",\"inLanguage\":\"es\",\"@id\":\"https:\\\/\\\/noticiasmercedinas.com\\\/site\\\/2026\\\/08\\\/13\\\/artista-visual-anabel-pineiro-presentara-su-obra-fragil-carcasa-en-el-festival-la-mujer-y-el-cine-2026\\\/#primaryimage\",\"url\":\"https:\\\/\\\/noticiasmercedinas.com\\\/site\\\/wp-content\\\/uploads\\\/2026\\\/08\\\/anabella.jpg\",\"contentUrl\":\"https:\\\/\\\/noticiasmercedinas.com\\\/site\\\/wp-content\\\/uploads\\\/2026\\\/08\\\/anabella.jpg\",\"width\":690,\"height\":471},{\"@type\":\"BreadcrumbList\",\"@id\":\"https:\\\/\\\/noticiasmercedinas.com\\\/site\\\/2026\\\/08\\\/13\\\/artista-visual-anabel-pineiro-presentara-su-obra-fragil-carcasa-en-el-festival-la-mujer-y-el-cine-2026\\\/#breadcrumb\",\"itemListElement\":[{\"@type\":\"ListItem\",\"position\":1,\"name\":\"Portada\",\"item\":\"https:\\\/\\\/noticiasmercedinas.com\\\/site\\\/\"},{\"@type\":\"ListItem\",\"position\":2,\"name\":\"Artista visual Anabel Pi\u00f1eiro presentar\u00e1 su obra \u00abFr\u00e1gil Carcasa\u00bb en el Festival La Mujer y El Cine 2026\"}]},{\"@type\":\"WebSite\",\"@id\":\"https:\\\/\\\/noticiasmercedinas.com\\\/site\\\/#website\",\"url\":\"https:\\\/\\\/noticiasmercedinas.com\\\/site\\\/\",\"name\":\"NOTICIASMERCEDINAS.COM\",\"description\":\"Mercedes, Buenos Aires, Argentina\",\"publisher\":{\"@id\":\"https:\\\/\\\/noticiasmercedinas.com\\\/site\\\/#organization\"},\"potentialAction\":[{\"@type\":\"SearchAction\",\"target\":{\"@type\":\"EntryPoint\",\"urlTemplate\":\"https:\\\/\\\/noticiasmercedinas.com\\\/site\\\/?s={search_term_string}\"},\"query-input\":{\"@type\":\"PropertyValueSpecification\",\"valueRequired\":true,\"valueName\":\"search_term_string\"}}],\"inLanguage\":\"es\"},{\"@type\":\"Organization\",\"@id\":\"https:\\\/\\\/noticiasmercedinas.com\\\/site\\\/#organization\",\"name\":\"NOTICIASMERCEDINAS.COM\",\"url\":\"https:\\\/\\\/noticiasmercedinas.com\\\/site\\\/\",\"logo\":{\"@type\":\"ImageObject\",\"inLanguage\":\"es\",\"@id\":\"https:\\\/\\\/noticiasmercedinas.com\\\/site\\\/#\\\/schema\\\/logo\\\/image\\\/\",\"url\":\"https:\\\/\\\/noticiasmercedinas.com\\\/site\\\/wp-content\\\/uploads\\\/2020\\\/06\\\/LOGO-512.jpg\",\"contentUrl\":\"https:\\\/\\\/noticiasmercedinas.com\\\/site\\\/wp-content\\\/uploads\\\/2020\\\/06\\\/LOGO-512.jpg\",\"width\":512,\"height\":512,\"caption\":\"NOTICIASMERCEDINAS.COM\"},\"image\":{\"@id\":\"https:\\\/\\\/noticiasmercedinas.com\\\/site\\\/#\\\/schema\\\/logo\\\/image\\\/\"},\"sameAs\":[\"https:\\\/\\\/www.facebook.com\\\/noticiasmercedinas\\\/\",\"https:\\\/\\\/x.com\\\/notmercedinas\",\"https:\\\/\\\/www.instagram.com\\\/noticiasmercedinas\\\/\"]},{\"@type\":\"Person\",\"@id\":\"https:\\\/\\\/noticiasmercedinas.com\\\/site\\\/#\\\/schema\\\/person\\\/84b59c099c28ff2e8b77d4ceec5d8063\",\"name\":\"NOTICIASMERCEDINAS.COM\",\"image\":{\"@type\":\"ImageObject\",\"inLanguage\":\"es\",\"@id\":\"https:\\\/\\\/secure.gravatar.com\\\/avatar\\\/4dfbf16b4d17945bfb6341b2d19043457132fcf478a5ee04f42e959fd8f5df0a?s=96&d=mm&r=g\",\"url\":\"https:\\\/\\\/secure.gravatar.com\\\/avatar\\\/4dfbf16b4d17945bfb6341b2d19043457132fcf478a5ee04f42e959fd8f5df0a?s=96&d=mm&r=g\",\"contentUrl\":\"https:\\\/\\\/secure.gravatar.com\\\/avatar\\\/4dfbf16b4d17945bfb6341b2d19043457132fcf478a5ee04f42e959fd8f5df0a?s=96&d=mm&r=g\",\"caption\":\"NOTICIASMERCEDINAS.COM\"},\"url\":\"https:\\\/\\\/noticiasmercedinas.com\\\/site\\\/author\\\/anonimo\\\/\"}]}<\/script>\n<!-- \/ Yoast SEO plugin. -->","yoast_head_json":{"title":"Artista visual Anabel Pi\u00f1eiro presentar\u00e1 su obra \u00abFr\u00e1gil Carcasa\u00bb en el Festival La Mujer y El Cine 2026","description":"\u25a0\u00a0La realizadora y docente fue seleccionada con su videominuto en animaci\u00f3n stop motion, producido durante el aislamiento pand\u00e9mico. La proyecci\u00f3n tendr\u00e1 lugar el viernes 26 de agosto en el Museo de Arte Latinoamericano de Buenos Aires (MALBA).","robots":{"index":"index","follow":"follow","max-snippet":"max-snippet:-1","max-image-preview":"max-image-preview:large","max-video-preview":"max-video-preview:-1"},"canonical":"https:\/\/noticiasmercedinas.com\/site\/2026\/08\/13\/artista-visual-anabel-pineiro-presentara-su-obra-fragil-carcasa-en-el-festival-la-mujer-y-el-cine-2026\/","og_locale":"es_ES","og_type":"article","og_title":"Artista visual Anabel Pi\u00f1eiro presentar\u00e1 su obra \u00abFr\u00e1gil Carcasa\u00bb en el Festival La Mujer y El Cine 2026","og_description":"\u25a0\u00a0La realizadora y docente fue seleccionada con su videominuto en animaci\u00f3n stop motion, producido durante el aislamiento pand\u00e9mico. La proyecci\u00f3n tendr\u00e1 lugar el viernes 26 de agosto en el Museo de Arte Latinoamericano de Buenos Aires (MALBA).","og_url":"https:\/\/noticiasmercedinas.com\/site\/2026\/08\/13\/artista-visual-anabel-pineiro-presentara-su-obra-fragil-carcasa-en-el-festival-la-mujer-y-el-cine-2026\/","og_site_name":"NOTICIASMERCEDINAS.COM","article_publisher":"https:\/\/www.facebook.com\/noticiasmercedinas\/","article_published_time":"2026-08-13T17:19:10+00:00","og_image":[{"width":690,"height":471,"url":"https:\/\/noticiasmercedinas.com\/site\/wp-content\/uploads\/2026\/08\/anabella.jpg","type":"image\/jpeg"}],"author":"NOTICIASMERCEDINAS.COM","twitter_card":"summary_large_image","twitter_creator":"@notmercedinas","twitter_site":"@notmercedinas","twitter_misc":{"Escrito por":"NOTICIASMERCEDINAS.COM","Tiempo de lectura":"2 minutos"},"schema":{"@context":"https:\/\/schema.org","@graph":[{"@type":"Article","@id":"https:\/\/noticiasmercedinas.com\/site\/2026\/08\/13\/artista-visual-anabel-pineiro-presentara-su-obra-fragil-carcasa-en-el-festival-la-mujer-y-el-cine-2026\/#article","isPartOf":{"@id":"https:\/\/noticiasmercedinas.com\/site\/2026\/08\/13\/artista-visual-anabel-pineiro-presentara-su-obra-fragil-carcasa-en-el-festival-la-mujer-y-el-cine-2026\/"},"author":{"name":"NOTICIASMERCEDINAS.COM","@id":"https:\/\/noticiasmercedinas.com\/site\/#\/schema\/person\/84b59c099c28ff2e8b77d4ceec5d8063"},"headline":"Artista visual Anabel Pi\u00f1eiro presentar\u00e1 su obra \u00abFr\u00e1gil Carcasa\u00bb en el Festival La Mujer y El Cine 2026","datePublished":"2026-08-13T17:19:10+00:00","mainEntityOfPage":{"@id":"https:\/\/noticiasmercedinas.com\/site\/2026\/08\/13\/artista-visual-anabel-pineiro-presentara-su-obra-fragil-carcasa-en-el-festival-la-mujer-y-el-cine-2026\/"},"wordCount":227,"publisher":{"@id":"https:\/\/noticiasmercedinas.com\/site\/#organization"},"image":{"@id":"https:\/\/noticiasmercedinas.com\/site\/2026\/08\/13\/artista-visual-anabel-pineiro-presentara-su-obra-fragil-carcasa-en-el-festival-la-mujer-y-el-cine-2026\/#primaryimage"},"thumbnailUrl":"https:\/\/noticiasmercedinas.com\/site\/wp-content\/uploads\/2026\/08\/anabella.jpg","keywords":["anabel pi\u00f1eiro","audiovisual","cine"],"articleSection":["Cultura"],"inLanguage":"es"},{"@type":"WebPage","@id":"https:\/\/noticiasmercedinas.com\/site\/2026\/08\/13\/artista-visual-anabel-pineiro-presentara-su-obra-fragil-carcasa-en-el-festival-la-mujer-y-el-cine-2026\/","url":"https:\/\/noticiasmercedinas.com\/site\/2026\/08\/13\/artista-visual-anabel-pineiro-presentara-su-obra-fragil-carcasa-en-el-festival-la-mujer-y-el-cine-2026\/","name":"Artista visual Anabel Pi\u00f1eiro presentar\u00e1 su obra \u00abFr\u00e1gil Carcasa\u00bb en el Festival La Mujer y El Cine 2026","isPartOf":{"@id":"https:\/\/noticiasmercedinas.com\/site\/#website"},"primaryImageOfPage":{"@id":"https:\/\/noticiasmercedinas.com\/site\/2026\/08\/13\/artista-visual-anabel-pineiro-presentara-su-obra-fragil-carcasa-en-el-festival-la-mujer-y-el-cine-2026\/#primaryimage"},"image":{"@id":"https:\/\/noticiasmercedinas.com\/site\/2026\/08\/13\/artista-visual-anabel-pineiro-presentara-su-obra-fragil-carcasa-en-el-festival-la-mujer-y-el-cine-2026\/#primaryimage"},"thumbnailUrl":"https:\/\/noticiasmercedinas.com\/site\/wp-content\/uploads\/2026\/08\/anabella.jpg","datePublished":"2026-08-13T17:19:10+00:00","description":"\u25a0\u00a0La realizadora y docente fue seleccionada con su videominuto en animaci\u00f3n stop motion, producido durante el aislamiento pand\u00e9mico. La proyecci\u00f3n tendr\u00e1 lugar el viernes 26 de agosto en el Museo de Arte Latinoamericano de Buenos Aires (MALBA).","breadcrumb":{"@id":"https:\/\/noticiasmercedinas.com\/site\/2026\/08\/13\/artista-visual-anabel-pineiro-presentara-su-obra-fragil-carcasa-en-el-festival-la-mujer-y-el-cine-2026\/#breadcrumb"},"inLanguage":"es","potentialAction":[{"@type":"ReadAction","target":["https:\/\/noticiasmercedinas.com\/site\/2026\/08\/13\/artista-visual-anabel-pineiro-presentara-su-obra-fragil-carcasa-en-el-festival-la-mujer-y-el-cine-2026\/"]}]},{"@type":"ImageObject","inLanguage":"es","@id":"https:\/\/noticiasmercedinas.com\/site\/2026\/08\/13\/artista-visual-anabel-pineiro-presentara-su-obra-fragil-carcasa-en-el-festival-la-mujer-y-el-cine-2026\/#primaryimage","url":"https:\/\/noticiasmercedinas.com\/site\/wp-content\/uploads\/2026\/08\/anabella.jpg","contentUrl":"https:\/\/noticiasmercedinas.com\/site\/wp-content\/uploads\/2026\/08\/anabella.jpg","width":690,"height":471},{"@type":"BreadcrumbList","@id":"https:\/\/noticiasmercedinas.com\/site\/2026\/08\/13\/artista-visual-anabel-pineiro-presentara-su-obra-fragil-carcasa-en-el-festival-la-mujer-y-el-cine-2026\/#breadcrumb","itemListElement":[{"@type":"ListItem","position":1,"name":"Portada","item":"https:\/\/noticiasmercedinas.com\/site\/"},{"@type":"ListItem","position":2,"name":"Artista visual Anabel Pi\u00f1eiro presentar\u00e1 su obra \u00abFr\u00e1gil Carcasa\u00bb en el Festival La Mujer y El Cine 2026"}]},{"@type":"WebSite","@id":"https:\/\/noticiasmercedinas.com\/site\/#website","url":"https:\/\/noticiasmercedinas.com\/site\/","name":"NOTICIASMERCEDINAS.COM","description":"Mercedes, Buenos Aires, Argentina","publisher":{"@id":"https:\/\/noticiasmercedinas.com\/site\/#organization"},"potentialAction":[{"@type":"SearchAction","target":{"@type":"EntryPoint","urlTemplate":"https:\/\/noticiasmercedinas.com\/site\/?s={search_term_string}"},"query-input":{"@type":"PropertyValueSpecification","valueRequired":true,"valueName":"search_term_string"}}],"inLanguage":"es"},{"@type":"Organization","@id":"https:\/\/noticiasmercedinas.com\/site\/#organization","name":"NOTICIASMERCEDINAS.COM","url":"https:\/\/noticiasmercedinas.com\/site\/","logo":{"@type":"ImageObject","inLanguage":"es","@id":"https:\/\/noticiasmercedinas.com\/site\/#\/schema\/logo\/image\/","url":"https:\/\/noticiasmercedinas.com\/site\/wp-content\/uploads\/2020\/06\/LOGO-512.jpg","contentUrl":"https:\/\/noticiasmercedinas.com\/site\/wp-content\/uploads\/2020\/06\/LOGO-512.jpg","width":512,"height":512,"caption":"NOTICIASMERCEDINAS.COM"},"image":{"@id":"https:\/\/noticiasmercedinas.com\/site\/#\/schema\/logo\/image\/"},"sameAs":["https:\/\/www.facebook.com\/noticiasmercedinas\/","https:\/\/x.com\/notmercedinas","https:\/\/www.instagram.com\/noticiasmercedinas\/"]},{"@type":"Person","@id":"https:\/\/noticiasmercedinas.com\/site\/#\/schema\/person\/84b59c099c28ff2e8b77d4ceec5d8063","name":"NOTICIASMERCEDINAS.COM","image":{"@type":"ImageObject","inLanguage":"es","@id":"https:\/\/secure.gravatar.com\/avatar\/4dfbf16b4d17945bfb6341b2d19043457132fcf478a5ee04f42e959fd8f5df0a?s=96&d=mm&r=g","url":"https:\/\/secure.gravatar.com\/avatar\/4dfbf16b4d17945bfb6341b2d19043457132fcf478a5ee04f42e959fd8f5df0a?s=96&d=mm&r=g","contentUrl":"https:\/\/secure.gravatar.com\/avatar\/4dfbf16b4d17945bfb6341b2d19043457132fcf478a5ee04f42e959fd8f5df0a?s=96&d=mm&r=g","caption":"NOTICIASMERCEDINAS.COM"},"url":"https:\/\/noticiasmercedinas.com\/site\/author\/anonimo\/"}]}},"amp_enabled":true,"_links":{"self":[{"href":"https:\/\/noticiasmercedinas.com\/site\/wp-json\/wp\/v2\/posts\/192726","targetHints":{"allow":["GET"]}}],"collection":[{"href":"https:\/\/noticiasmercedinas.com\/site\/wp-json\/wp\/v2\/posts"}],"about":[{"href":"https:\/\/noticiasmercedinas.com\/site\/wp-json\/wp\/v2\/types\/post"}],"author":[{"embeddable":true,"href":"https:\/\/noticiasmercedinas.com\/site\/wp-json\/wp\/v2\/users\/16"}],"replies":[{"embeddable":true,"href":"https:\/\/noticiasmercedinas.com\/site\/wp-json\/wp\/v2\/comments?post=192726"}],"version-history":[{"count":1,"href":"https:\/\/noticiasmercedinas.com\/site\/wp-json\/wp\/v2\/posts\/192726\/revisions"}],"predecessor-version":[{"id":192728,"href":"https:\/\/noticiasmercedinas.com\/site\/wp-json\/wp\/v2\/posts\/192726\/revisions\/192728"}],"wp:featuredmedia":[{"embeddable":true,"href":"https:\/\/noticiasmercedinas.com\/site\/wp-json\/wp\/v2\/media\/192727"}],"wp:attachment":[{"href":"https:\/\/noticiasmercedinas.com\/site\/wp-json\/wp\/v2\/media?parent=192726"}],"wp:term":[{"taxonomy":"category","embeddable":true,"href":"https:\/\/noticiasmercedinas.com\/site\/wp-json\/wp\/v2\/categories?post=192726"},{"taxonomy":"post_tag","embeddable":true,"href":"https:\/\/noticiasmercedinas.com\/site\/wp-json\/wp\/v2\/tags?post=192726"}],"curies":[{"name":"wp","href":"https:\/\/api.w.org\/{rel}","templated":true}]}}