{"id":192740,"date":"2026-08-13T18:30:10","date_gmt":"2026-08-13T21:30:10","guid":{"rendered":"https:\/\/noticiasmercedinas.com\/site\/?p=192740"},"modified":"2026-08-13T18:30:10","modified_gmt":"2026-08-13T21:30:10","slug":"sabrina-selva-integra-el-grupo-parlamentario-para-la-ocde-en-el-congreso-de-la-nacion","status":"publish","type":"post","link":"https:\/\/noticiasmercedinas.com\/site\/2026\/08\/13\/sabrina-selva-integra-el-grupo-parlamentario-para-la-ocde-en-el-congreso-de-la-nacion\/","title":{"rendered":"Sabrina Selva integra el Grupo Parlamentario para la OCDE en el Congreso de la Naci\u00f3n"},"content":{"rendered":"<p data-path-to-node=\"2\"><img loading=\"lazy\" decoding=\"async\" class=\"alignnone size-full wp-image-192741\" src=\"https:\/\/noticiasmercedinas.com\/site\/wp-content\/uploads\/2026\/08\/sabrina_selva.jpg\" alt=\"\" width=\"640\" height=\"403\" srcset=\"https:\/\/noticiasmercedinas.com\/site\/wp-content\/uploads\/2026\/08\/sabrina_selva.jpg 640w, https:\/\/noticiasmercedinas.com\/site\/wp-content\/uploads\/2026\/08\/sabrina_selva-300x189.jpg 300w\" sizes=\"auto, (max-width: 640px) 100vw, 640px\" \/><\/p>\n<p data-path-to-node=\"2\">La diputada nacional mercedina <b data-path-to-node=\"2\" data-index-in-node=\"43\">Sabrina Selva<\/b> (Uni\u00f3n por la Patria) particip\u00f3 de la primera reuni\u00f3n de coordinaci\u00f3n del <b data-path-to-node=\"2\" data-index-in-node=\"131\">Grupo Parlamentario de Trabajo con la Organizaci\u00f3n para la Cooperaci\u00f3n y el Desarrollo Econ\u00f3micos (OCDE)<\/b> en el Congreso de la Naci\u00f3n.<\/p>\n<p data-path-to-node=\"3\">El encuentro inaugural tuvo como objetivo trazar una agenda de trabajo conjunta tendiente a abordar los compromisos, est\u00e1ndares e intercambios institucionales que exige la eventual incorporaci\u00f3n y vinculaci\u00f3n del pa\u00eds con el organismo internacional.<\/p>\n<p data-path-to-node=\"4\">Durante el desarrollo de la jornada, la legisladora oriunda de Mercedes sostuvo que la estrategia de inserci\u00f3n global de la Argentina no debe ser potestad exclusiva de una administraci\u00f3n de turno, sino consolidarse como una pol\u00edtica de Estado a largo plazo.<\/p>\n<p data-path-to-node=\"5\">Asimismo, Selva remarc\u00f3 que desde la oposici\u00f3n asumen el compromiso de intervenir en los debates del grupo con criterio, responsabilidad institucional y prioridad puesta en el desarrollo productivo y social del pa\u00eds.<\/p>\n","protected":false},"excerpt":{"rendered":"<p>\u25a0 La diputada nacional mercedina particip\u00f3 de la reuni\u00f3n constitutiva del espacio de trabajo legislativo. Remarc\u00f3 que la inserci\u00f3n internacional debe constituirse como una pol\u00edtica de Estado y ratific\u00f3 el compromiso opositor de aportar con criterio y responsabilidad.<\/p>\n","protected":false},"author":16,"featured_media":192741,"comment_status":"closed","ping_status":"closed","sticky":false,"template":"","format":"standard","meta":{"footnotes":""},"categories":[16],"tags":[174,22722,4259],"class_list":["post-192740","post","type-post","status-publish","format-standard","has-post-thumbnail","hentry","category-politica","tag-diputados","tag-ocde","tag-sabrina-selva"],"yoast_head":"<!-- This site is optimized with the Yoast SEO plugin v28.3 - https:\/\/yoast.com\/product\/yoast-seo-wordpress\/ -->\n<title>Sabrina Selva integra el Grupo Parlamentario para la OCDE en el Congreso de la Naci\u00f3n<\/title>\n<meta name=\"description\" content=\"La diputada nacional mercedina particip\u00f3 de la reuni\u00f3n constitutiva del espacio de trabajo legislativo. Remarc\u00f3 que la inserci\u00f3n internacional debe constituirse como una pol\u00edtica de Estado y ratific\u00f3 el compromiso opositor de aportar con criterio y responsabilidad.\" \/>\n<meta name=\"robots\" content=\"index, follow, max-snippet:-1, max-image-preview:large, max-video-preview:-1\" \/>\n<link rel=\"canonical\" href=\"https:\/\/noticiasmercedinas.com\/site\/2026\/08\/13\/sabrina-selva-integra-el-grupo-parlamentario-para-la-ocde-en-el-congreso-de-la-nacion\/\" \/>\n<meta property=\"og:locale\" content=\"es_ES\" \/>\n<meta property=\"og:type\" content=\"article\" \/>\n<meta property=\"og:title\" content=\"Sabrina Selva integra el Grupo Parlamentario para la OCDE en el Congreso de la Naci\u00f3n\" \/>\n<meta property=\"og:description\" content=\"La diputada nacional mercedina particip\u00f3 de la reuni\u00f3n constitutiva del espacio de trabajo legislativo. Remarc\u00f3 que la inserci\u00f3n internacional debe constituirse como una pol\u00edtica de Estado y ratific\u00f3 el compromiso opositor de aportar con criterio y responsabilidad.\" \/>\n<meta property=\"og:url\" content=\"https:\/\/noticiasmercedinas.com\/site\/2026\/08\/13\/sabrina-selva-integra-el-grupo-parlamentario-para-la-ocde-en-el-congreso-de-la-nacion\/\" \/>\n<meta property=\"og:site_name\" content=\"NOTICIASMERCEDINAS.COM\" \/>\n<meta property=\"article:publisher\" content=\"https:\/\/www.facebook.com\/noticiasmercedinas\/\" \/>\n<meta property=\"article:published_time\" content=\"2026-08-13T21:30:10+00:00\" \/>\n<meta property=\"og:image\" content=\"https:\/\/noticiasmercedinas.com\/site\/wp-content\/uploads\/2026\/08\/sabrina_selva.jpg\" \/>\n\t<meta property=\"og:image:width\" content=\"640\" \/>\n\t<meta property=\"og:image:height\" content=\"403\" \/>\n\t<meta property=\"og:image:type\" content=\"image\/jpeg\" \/>\n<meta name=\"author\" content=\"NOTICIASMERCEDINAS.COM\" \/>\n<meta name=\"twitter:card\" content=\"summary_large_image\" \/>\n<meta name=\"twitter:creator\" content=\"@notmercedinas\" \/>\n<meta name=\"twitter:site\" content=\"@notmercedinas\" \/>\n<meta name=\"twitter:label1\" content=\"Escrito por\" \/>\n\t<meta name=\"twitter:data1\" content=\"NOTICIASMERCEDINAS.COM\" \/>\n\t<meta name=\"twitter:label2\" content=\"Tiempo de lectura\" \/>\n\t<meta name=\"twitter:data2\" content=\"2 minutos\" \/>\n<script type=\"application\/ld+json\" class=\"yoast-schema-graph\">{\"@context\":\"https:\\\/\\\/schema.org\",\"@graph\":[{\"@type\":\"Article\",\"@id\":\"https:\\\/\\\/noticiasmercedinas.com\\\/site\\\/2026\\\/08\\\/13\\\/sabrina-selva-integra-el-grupo-parlamentario-para-la-ocde-en-el-congreso-de-la-nacion\\\/#article\",\"isPartOf\":{\"@id\":\"https:\\\/\\\/noticiasmercedinas.com\\\/site\\\/2026\\\/08\\\/13\\\/sabrina-selva-integra-el-grupo-parlamentario-para-la-ocde-en-el-congreso-de-la-nacion\\\/\"},\"author\":{\"name\":\"NOTICIASMERCEDINAS.COM\",\"@id\":\"https:\\\/\\\/noticiasmercedinas.com\\\/site\\\/#\\\/schema\\\/person\\\/84b59c099c28ff2e8b77d4ceec5d8063\"},\"headline\":\"Sabrina Selva integra el Grupo Parlamentario para la OCDE en el Congreso de la Naci\u00f3n\",\"datePublished\":\"2026-08-13T21:30:10+00:00\",\"mainEntityOfPage\":{\"@id\":\"https:\\\/\\\/noticiasmercedinas.com\\\/site\\\/2026\\\/08\\\/13\\\/sabrina-selva-integra-el-grupo-parlamentario-para-la-ocde-en-el-congreso-de-la-nacion\\\/\"},\"wordCount\":178,\"publisher\":{\"@id\":\"https:\\\/\\\/noticiasmercedinas.com\\\/site\\\/#organization\"},\"image\":{\"@id\":\"https:\\\/\\\/noticiasmercedinas.com\\\/site\\\/2026\\\/08\\\/13\\\/sabrina-selva-integra-el-grupo-parlamentario-para-la-ocde-en-el-congreso-de-la-nacion\\\/#primaryimage\"},\"thumbnailUrl\":\"https:\\\/\\\/noticiasmercedinas.com\\\/site\\\/wp-content\\\/uploads\\\/2026\\\/08\\\/sabrina_selva.jpg\",\"keywords\":[\"diputados\",\"ocde\",\"sabrina selva\"],\"articleSection\":[\"Politica\"],\"inLanguage\":\"es\"},{\"@type\":\"WebPage\",\"@id\":\"https:\\\/\\\/noticiasmercedinas.com\\\/site\\\/2026\\\/08\\\/13\\\/sabrina-selva-integra-el-grupo-parlamentario-para-la-ocde-en-el-congreso-de-la-nacion\\\/\",\"url\":\"https:\\\/\\\/noticiasmercedinas.com\\\/site\\\/2026\\\/08\\\/13\\\/sabrina-selva-integra-el-grupo-parlamentario-para-la-ocde-en-el-congreso-de-la-nacion\\\/\",\"name\":\"Sabrina Selva integra el Grupo Parlamentario para la OCDE en el Congreso de la Naci\u00f3n\",\"isPartOf\":{\"@id\":\"https:\\\/\\\/noticiasmercedinas.com\\\/site\\\/#website\"},\"primaryImageOfPage\":{\"@id\":\"https:\\\/\\\/noticiasmercedinas.com\\\/site\\\/2026\\\/08\\\/13\\\/sabrina-selva-integra-el-grupo-parlamentario-para-la-ocde-en-el-congreso-de-la-nacion\\\/#primaryimage\"},\"image\":{\"@id\":\"https:\\\/\\\/noticiasmercedinas.com\\\/site\\\/2026\\\/08\\\/13\\\/sabrina-selva-integra-el-grupo-parlamentario-para-la-ocde-en-el-congreso-de-la-nacion\\\/#primaryimage\"},\"thumbnailUrl\":\"https:\\\/\\\/noticiasmercedinas.com\\\/site\\\/wp-content\\\/uploads\\\/2026\\\/08\\\/sabrina_selva.jpg\",\"datePublished\":\"2026-08-13T21:30:10+00:00\",\"description\":\"La diputada nacional mercedina particip\u00f3 de la reuni\u00f3n constitutiva del espacio de trabajo legislativo. Remarc\u00f3 que la inserci\u00f3n internacional debe constituirse como una pol\u00edtica de Estado y ratific\u00f3 el compromiso opositor de aportar con criterio y responsabilidad.\",\"breadcrumb\":{\"@id\":\"https:\\\/\\\/noticiasmercedinas.com\\\/site\\\/2026\\\/08\\\/13\\\/sabrina-selva-integra-el-grupo-parlamentario-para-la-ocde-en-el-congreso-de-la-nacion\\\/#breadcrumb\"},\"inLanguage\":\"es\",\"potentialAction\":[{\"@type\":\"ReadAction\",\"target\":[\"https:\\\/\\\/noticiasmercedinas.com\\\/site\\\/2026\\\/08\\\/13\\\/sabrina-selva-integra-el-grupo-parlamentario-para-la-ocde-en-el-congreso-de-la-nacion\\\/\"]}]},{\"@type\":\"ImageObject\",\"inLanguage\":\"es\",\"@id\":\"https:\\\/\\\/noticiasmercedinas.com\\\/site\\\/2026\\\/08\\\/13\\\/sabrina-selva-integra-el-grupo-parlamentario-para-la-ocde-en-el-congreso-de-la-nacion\\\/#primaryimage\",\"url\":\"https:\\\/\\\/noticiasmercedinas.com\\\/site\\\/wp-content\\\/uploads\\\/2026\\\/08\\\/sabrina_selva.jpg\",\"contentUrl\":\"https:\\\/\\\/noticiasmercedinas.com\\\/site\\\/wp-content\\\/uploads\\\/2026\\\/08\\\/sabrina_selva.jpg\",\"width\":640,\"height\":403},{\"@type\":\"BreadcrumbList\",\"@id\":\"https:\\\/\\\/noticiasmercedinas.com\\\/site\\\/2026\\\/08\\\/13\\\/sabrina-selva-integra-el-grupo-parlamentario-para-la-ocde-en-el-congreso-de-la-nacion\\\/#breadcrumb\",\"itemListElement\":[{\"@type\":\"ListItem\",\"position\":1,\"name\":\"Portada\",\"item\":\"https:\\\/\\\/noticiasmercedinas.com\\\/site\\\/\"},{\"@type\":\"ListItem\",\"position\":2,\"name\":\"Sabrina Selva integra el Grupo Parlamentario para la OCDE en el Congreso de la Naci\u00f3n\"}]},{\"@type\":\"WebSite\",\"@id\":\"https:\\\/\\\/noticiasmercedinas.com\\\/site\\\/#website\",\"url\":\"https:\\\/\\\/noticiasmercedinas.com\\\/site\\\/\",\"name\":\"NOTICIASMERCEDINAS.COM\",\"description\":\"Mercedes, Buenos Aires, Argentina\",\"publisher\":{\"@id\":\"https:\\\/\\\/noticiasmercedinas.com\\\/site\\\/#organization\"},\"potentialAction\":[{\"@type\":\"SearchAction\",\"target\":{\"@type\":\"EntryPoint\",\"urlTemplate\":\"https:\\\/\\\/noticiasmercedinas.com\\\/site\\\/?s={search_term_string}\"},\"query-input\":{\"@type\":\"PropertyValueSpecification\",\"valueRequired\":true,\"valueName\":\"search_term_string\"}}],\"inLanguage\":\"es\"},{\"@type\":\"Organization\",\"@id\":\"https:\\\/\\\/noticiasmercedinas.com\\\/site\\\/#organization\",\"name\":\"NOTICIASMERCEDINAS.COM\",\"url\":\"https:\\\/\\\/noticiasmercedinas.com\\\/site\\\/\",\"logo\":{\"@type\":\"ImageObject\",\"inLanguage\":\"es\",\"@id\":\"https:\\\/\\\/noticiasmercedinas.com\\\/site\\\/#\\\/schema\\\/logo\\\/image\\\/\",\"url\":\"https:\\\/\\\/noticiasmercedinas.com\\\/site\\\/wp-content\\\/uploads\\\/2020\\\/06\\\/LOGO-512.jpg\",\"contentUrl\":\"https:\\\/\\\/noticiasmercedinas.com\\\/site\\\/wp-content\\\/uploads\\\/2020\\\/06\\\/LOGO-512.jpg\",\"width\":512,\"height\":512,\"caption\":\"NOTICIASMERCEDINAS.COM\"},\"image\":{\"@id\":\"https:\\\/\\\/noticiasmercedinas.com\\\/site\\\/#\\\/schema\\\/logo\\\/image\\\/\"},\"sameAs\":[\"https:\\\/\\\/www.facebook.com\\\/noticiasmercedinas\\\/\",\"https:\\\/\\\/x.com\\\/notmercedinas\",\"https:\\\/\\\/www.instagram.com\\\/noticiasmercedinas\\\/\"]},{\"@type\":\"Person\",\"@id\":\"https:\\\/\\\/noticiasmercedinas.com\\\/site\\\/#\\\/schema\\\/person\\\/84b59c099c28ff2e8b77d4ceec5d8063\",\"name\":\"NOTICIASMERCEDINAS.COM\",\"image\":{\"@type\":\"ImageObject\",\"inLanguage\":\"es\",\"@id\":\"https:\\\/\\\/secure.gravatar.com\\\/avatar\\\/4dfbf16b4d17945bfb6341b2d19043457132fcf478a5ee04f42e959fd8f5df0a?s=96&d=mm&r=g\",\"url\":\"https:\\\/\\\/secure.gravatar.com\\\/avatar\\\/4dfbf16b4d17945bfb6341b2d19043457132fcf478a5ee04f42e959fd8f5df0a?s=96&d=mm&r=g\",\"contentUrl\":\"https:\\\/\\\/secure.gravatar.com\\\/avatar\\\/4dfbf16b4d17945bfb6341b2d19043457132fcf478a5ee04f42e959fd8f5df0a?s=96&d=mm&r=g\",\"caption\":\"NOTICIASMERCEDINAS.COM\"},\"url\":\"https:\\\/\\\/noticiasmercedinas.com\\\/site\\\/author\\\/anonimo\\\/\"}]}<\/script>\n<!-- \/ Yoast SEO plugin. -->","yoast_head_json":{"title":"Sabrina Selva integra el Grupo Parlamentario para la OCDE en el Congreso de la Naci\u00f3n","description":"La diputada nacional mercedina particip\u00f3 de la reuni\u00f3n constitutiva del espacio de trabajo legislativo. Remarc\u00f3 que la inserci\u00f3n internacional debe constituirse como una pol\u00edtica de Estado y ratific\u00f3 el compromiso opositor de aportar con criterio y responsabilidad.","robots":{"index":"index","follow":"follow","max-snippet":"max-snippet:-1","max-image-preview":"max-image-preview:large","max-video-preview":"max-video-preview:-1"},"canonical":"https:\/\/noticiasmercedinas.com\/site\/2026\/08\/13\/sabrina-selva-integra-el-grupo-parlamentario-para-la-ocde-en-el-congreso-de-la-nacion\/","og_locale":"es_ES","og_type":"article","og_title":"Sabrina Selva integra el Grupo Parlamentario para la OCDE en el Congreso de la Naci\u00f3n","og_description":"La diputada nacional mercedina particip\u00f3 de la reuni\u00f3n constitutiva del espacio de trabajo legislativo. Remarc\u00f3 que la inserci\u00f3n internacional debe constituirse como una pol\u00edtica de Estado y ratific\u00f3 el compromiso opositor de aportar con criterio y responsabilidad.","og_url":"https:\/\/noticiasmercedinas.com\/site\/2026\/08\/13\/sabrina-selva-integra-el-grupo-parlamentario-para-la-ocde-en-el-congreso-de-la-nacion\/","og_site_name":"NOTICIASMERCEDINAS.COM","article_publisher":"https:\/\/www.facebook.com\/noticiasmercedinas\/","article_published_time":"2026-08-13T21:30:10+00:00","og_image":[{"width":640,"height":403,"url":"https:\/\/noticiasmercedinas.com\/site\/wp-content\/uploads\/2026\/08\/sabrina_selva.jpg","type":"image\/jpeg"}],"author":"NOTICIASMERCEDINAS.COM","twitter_card":"summary_large_image","twitter_creator":"@notmercedinas","twitter_site":"@notmercedinas","twitter_misc":{"Escrito por":"NOTICIASMERCEDINAS.COM","Tiempo de lectura":"2 minutos"},"schema":{"@context":"https:\/\/schema.org","@graph":[{"@type":"Article","@id":"https:\/\/noticiasmercedinas.com\/site\/2026\/08\/13\/sabrina-selva-integra-el-grupo-parlamentario-para-la-ocde-en-el-congreso-de-la-nacion\/#article","isPartOf":{"@id":"https:\/\/noticiasmercedinas.com\/site\/2026\/08\/13\/sabrina-selva-integra-el-grupo-parlamentario-para-la-ocde-en-el-congreso-de-la-nacion\/"},"author":{"name":"NOTICIASMERCEDINAS.COM","@id":"https:\/\/noticiasmercedinas.com\/site\/#\/schema\/person\/84b59c099c28ff2e8b77d4ceec5d8063"},"headline":"Sabrina Selva integra el Grupo Parlamentario para la OCDE en el Congreso de la Naci\u00f3n","datePublished":"2026-08-13T21:30:10+00:00","mainEntityOfPage":{"@id":"https:\/\/noticiasmercedinas.com\/site\/2026\/08\/13\/sabrina-selva-integra-el-grupo-parlamentario-para-la-ocde-en-el-congreso-de-la-nacion\/"},"wordCount":178,"publisher":{"@id":"https:\/\/noticiasmercedinas.com\/site\/#organization"},"image":{"@id":"https:\/\/noticiasmercedinas.com\/site\/2026\/08\/13\/sabrina-selva-integra-el-grupo-parlamentario-para-la-ocde-en-el-congreso-de-la-nacion\/#primaryimage"},"thumbnailUrl":"https:\/\/noticiasmercedinas.com\/site\/wp-content\/uploads\/2026\/08\/sabrina_selva.jpg","keywords":["diputados","ocde","sabrina selva"],"articleSection":["Politica"],"inLanguage":"es"},{"@type":"WebPage","@id":"https:\/\/noticiasmercedinas.com\/site\/2026\/08\/13\/sabrina-selva-integra-el-grupo-parlamentario-para-la-ocde-en-el-congreso-de-la-nacion\/","url":"https:\/\/noticiasmercedinas.com\/site\/2026\/08\/13\/sabrina-selva-integra-el-grupo-parlamentario-para-la-ocde-en-el-congreso-de-la-nacion\/","name":"Sabrina Selva integra el Grupo Parlamentario para la OCDE en el Congreso de la Naci\u00f3n","isPartOf":{"@id":"https:\/\/noticiasmercedinas.com\/site\/#website"},"primaryImageOfPage":{"@id":"https:\/\/noticiasmercedinas.com\/site\/2026\/08\/13\/sabrina-selva-integra-el-grupo-parlamentario-para-la-ocde-en-el-congreso-de-la-nacion\/#primaryimage"},"image":{"@id":"https:\/\/noticiasmercedinas.com\/site\/2026\/08\/13\/sabrina-selva-integra-el-grupo-parlamentario-para-la-ocde-en-el-congreso-de-la-nacion\/#primaryimage"},"thumbnailUrl":"https:\/\/noticiasmercedinas.com\/site\/wp-content\/uploads\/2026\/08\/sabrina_selva.jpg","datePublished":"2026-08-13T21:30:10+00:00","description":"La diputada nacional mercedina particip\u00f3 de la reuni\u00f3n constitutiva del espacio de trabajo legislativo. Remarc\u00f3 que la inserci\u00f3n internacional debe constituirse como una pol\u00edtica de Estado y ratific\u00f3 el compromiso opositor de aportar con criterio y responsabilidad.","breadcrumb":{"@id":"https:\/\/noticiasmercedinas.com\/site\/2026\/08\/13\/sabrina-selva-integra-el-grupo-parlamentario-para-la-ocde-en-el-congreso-de-la-nacion\/#breadcrumb"},"inLanguage":"es","potentialAction":[{"@type":"ReadAction","target":["https:\/\/noticiasmercedinas.com\/site\/2026\/08\/13\/sabrina-selva-integra-el-grupo-parlamentario-para-la-ocde-en-el-congreso-de-la-nacion\/"]}]},{"@type":"ImageObject","inLanguage":"es","@id":"https:\/\/noticiasmercedinas.com\/site\/2026\/08\/13\/sabrina-selva-integra-el-grupo-parlamentario-para-la-ocde-en-el-congreso-de-la-nacion\/#primaryimage","url":"https:\/\/noticiasmercedinas.com\/site\/wp-content\/uploads\/2026\/08\/sabrina_selva.jpg","contentUrl":"https:\/\/noticiasmercedinas.com\/site\/wp-content\/uploads\/2026\/08\/sabrina_selva.jpg","width":640,"height":403},{"@type":"BreadcrumbList","@id":"https:\/\/noticiasmercedinas.com\/site\/2026\/08\/13\/sabrina-selva-integra-el-grupo-parlamentario-para-la-ocde-en-el-congreso-de-la-nacion\/#breadcrumb","itemListElement":[{"@type":"ListItem","position":1,"name":"Portada","item":"https:\/\/noticiasmercedinas.com\/site\/"},{"@type":"ListItem","position":2,"name":"Sabrina Selva integra el Grupo Parlamentario para la OCDE en el Congreso de la Naci\u00f3n"}]},{"@type":"WebSite","@id":"https:\/\/noticiasmercedinas.com\/site\/#website","url":"https:\/\/noticiasmercedinas.com\/site\/","name":"NOTICIASMERCEDINAS.COM","description":"Mercedes, Buenos Aires, Argentina","publisher":{"@id":"https:\/\/noticiasmercedinas.com\/site\/#organization"},"potentialAction":[{"@type":"SearchAction","target":{"@type":"EntryPoint","urlTemplate":"https:\/\/noticiasmercedinas.com\/site\/?s={search_term_string}"},"query-input":{"@type":"PropertyValueSpecification","valueRequired":true,"valueName":"search_term_string"}}],"inLanguage":"es"},{"@type":"Organization","@id":"https:\/\/noticiasmercedinas.com\/site\/#organization","name":"NOTICIASMERCEDINAS.COM","url":"https:\/\/noticiasmercedinas.com\/site\/","logo":{"@type":"ImageObject","inLanguage":"es","@id":"https:\/\/noticiasmercedinas.com\/site\/#\/schema\/logo\/image\/","url":"https:\/\/noticiasmercedinas.com\/site\/wp-content\/uploads\/2020\/06\/LOGO-512.jpg","contentUrl":"https:\/\/noticiasmercedinas.com\/site\/wp-content\/uploads\/2020\/06\/LOGO-512.jpg","width":512,"height":512,"caption":"NOTICIASMERCEDINAS.COM"},"image":{"@id":"https:\/\/noticiasmercedinas.com\/site\/#\/schema\/logo\/image\/"},"sameAs":["https:\/\/www.facebook.com\/noticiasmercedinas\/","https:\/\/x.com\/notmercedinas","https:\/\/www.instagram.com\/noticiasmercedinas\/"]},{"@type":"Person","@id":"https:\/\/noticiasmercedinas.com\/site\/#\/schema\/person\/84b59c099c28ff2e8b77d4ceec5d8063","name":"NOTICIASMERCEDINAS.COM","image":{"@type":"ImageObject","inLanguage":"es","@id":"https:\/\/secure.gravatar.com\/avatar\/4dfbf16b4d17945bfb6341b2d19043457132fcf478a5ee04f42e959fd8f5df0a?s=96&d=mm&r=g","url":"https:\/\/secure.gravatar.com\/avatar\/4dfbf16b4d17945bfb6341b2d19043457132fcf478a5ee04f42e959fd8f5df0a?s=96&d=mm&r=g","contentUrl":"https:\/\/secure.gravatar.com\/avatar\/4dfbf16b4d17945bfb6341b2d19043457132fcf478a5ee04f42e959fd8f5df0a?s=96&d=mm&r=g","caption":"NOTICIASMERCEDINAS.COM"},"url":"https:\/\/noticiasmercedinas.com\/site\/author\/anonimo\/"}]}},"amp_enabled":true,"_links":{"self":[{"href":"https:\/\/noticiasmercedinas.com\/site\/wp-json\/wp\/v2\/posts\/192740","targetHints":{"allow":["GET"]}}],"collection":[{"href":"https:\/\/noticiasmercedinas.com\/site\/wp-json\/wp\/v2\/posts"}],"about":[{"href":"https:\/\/noticiasmercedinas.com\/site\/wp-json\/wp\/v2\/types\/post"}],"author":[{"embeddable":true,"href":"https:\/\/noticiasmercedinas.com\/site\/wp-json\/wp\/v2\/users\/16"}],"replies":[{"embeddable":true,"href":"https:\/\/noticiasmercedinas.com\/site\/wp-json\/wp\/v2\/comments?post=192740"}],"version-history":[{"count":1,"href":"https:\/\/noticiasmercedinas.com\/site\/wp-json\/wp\/v2\/posts\/192740\/revisions"}],"predecessor-version":[{"id":192742,"href":"https:\/\/noticiasmercedinas.com\/site\/wp-json\/wp\/v2\/posts\/192740\/revisions\/192742"}],"wp:featuredmedia":[{"embeddable":true,"href":"https:\/\/noticiasmercedinas.com\/site\/wp-json\/wp\/v2\/media\/192741"}],"wp:attachment":[{"href":"https:\/\/noticiasmercedinas.com\/site\/wp-json\/wp\/v2\/media?parent=192740"}],"wp:term":[{"taxonomy":"category","embeddable":true,"href":"https:\/\/noticiasmercedinas.com\/site\/wp-json\/wp\/v2\/categories?post=192740"},{"taxonomy":"post_tag","embeddable":true,"href":"https:\/\/noticiasmercedinas.com\/site\/wp-json\/wp\/v2\/tags?post=192740"}],"curies":[{"name":"wp","href":"https:\/\/api.w.org\/{rel}","templated":true}]}}