{"id":192770,"date":"2026-08-14T09:54:48","date_gmt":"2026-08-14T12:54:48","guid":{"rendered":"https:\/\/noticiasmercedinas.com\/site\/?p=192770"},"modified":"2026-08-14T09:54:48","modified_gmt":"2026-08-14T12:54:48","slug":"rafael-velasquez-participo-de-la-inauguracion-de-la-casa-central-de-la-libertad-avanza-bonaerense","status":"publish","type":"post","link":"https:\/\/noticiasmercedinas.com\/site\/2026\/08\/14\/rafael-velasquez-participo-de-la-inauguracion-de-la-casa-central-de-la-libertad-avanza-bonaerense\/","title":{"rendered":"Rafael Vel\u00e1squez particip\u00f3 de la inauguraci\u00f3n de la Casa Central de La Libertad Avanza bonaerense"},"content":{"rendered":"<p data-path-to-node=\"2\"><img loading=\"lazy\" decoding=\"async\" class=\"alignnone size-full wp-image-192774\" src=\"https:\/\/noticiasmercedinas.com\/site\/wp-content\/uploads\/2026\/08\/WhatsApp-Image-2026-08-14-at-9.33.45-AM.jpeg\" alt=\"\" width=\"1600\" height=\"1258\" srcset=\"https:\/\/noticiasmercedinas.com\/site\/wp-content\/uploads\/2026\/08\/WhatsApp-Image-2026-08-14-at-9.33.45-AM.jpeg 1600w, https:\/\/noticiasmercedinas.com\/site\/wp-content\/uploads\/2026\/08\/WhatsApp-Image-2026-08-14-at-9.33.45-AM-300x236.jpeg 300w, https:\/\/noticiasmercedinas.com\/site\/wp-content\/uploads\/2026\/08\/WhatsApp-Image-2026-08-14-at-9.33.45-AM-1024x805.jpeg 1024w, https:\/\/noticiasmercedinas.com\/site\/wp-content\/uploads\/2026\/08\/WhatsApp-Image-2026-08-14-at-9.33.45-AM-768x604.jpeg 768w, https:\/\/noticiasmercedinas.com\/site\/wp-content\/uploads\/2026\/08\/WhatsApp-Image-2026-08-14-at-9.33.45-AM-1536x1208.jpeg 1536w, https:\/\/noticiasmercedinas.com\/site\/wp-content\/uploads\/2026\/08\/WhatsApp-Image-2026-08-14-at-9.33.45-AM-640x503.jpeg 640w, https:\/\/noticiasmercedinas.com\/site\/wp-content\/uploads\/2026\/08\/WhatsApp-Image-2026-08-14-at-9.33.45-AM-1280x1006.jpeg 1280w, https:\/\/noticiasmercedinas.com\/site\/wp-content\/uploads\/2026\/08\/WhatsApp-Image-2026-08-14-at-9.33.45-AM-681x535.jpeg 681w, https:\/\/noticiasmercedinas.com\/site\/wp-content\/uploads\/2026\/08\/WhatsApp-Image-2026-08-14-at-9.33.45-AM-1362x1071.jpeg 1362w\" sizes=\"auto, (max-width: 1600px) 100vw, 1600px\" \/><\/p>\n<p data-path-to-node=\"2\">El coordinador de La Libertad Avanza en Mercedes y funcionario al frente de la UDAI de ANSES local, <b data-path-to-node=\"2\" data-index-in-node=\"110\">Rafael Vel\u00e1squez<\/b>, particip\u00f3 en la jornada del jueves de la inauguraci\u00f3n oficial de la Casa Central del partido en la provincia de Buenos Aires.<\/p>\n<p data-path-to-node=\"2\">El encuentro represent\u00f3 un hito en la consolidaci\u00f3n del espacio en el territorio bonaerense y reuni\u00f3 a las m\u00e1ximas autoridades de la fuerza.<\/p>\n<p data-path-to-node=\"2\"><img loading=\"lazy\" decoding=\"async\" class=\"alignnone size-full wp-image-192772\" src=\"https:\/\/noticiasmercedinas.com\/site\/wp-content\/uploads\/2026\/08\/WhatsApp-Image-2026-08-14-at-9.34.40-AM.jpeg\" alt=\"\" width=\"1420\" height=\"808\" srcset=\"https:\/\/noticiasmercedinas.com\/site\/wp-content\/uploads\/2026\/08\/WhatsApp-Image-2026-08-14-at-9.34.40-AM.jpeg 1420w, https:\/\/noticiasmercedinas.com\/site\/wp-content\/uploads\/2026\/08\/WhatsApp-Image-2026-08-14-at-9.34.40-AM-300x171.jpeg 300w, https:\/\/noticiasmercedinas.com\/site\/wp-content\/uploads\/2026\/08\/WhatsApp-Image-2026-08-14-at-9.34.40-AM-1024x583.jpeg 1024w, https:\/\/noticiasmercedinas.com\/site\/wp-content\/uploads\/2026\/08\/WhatsApp-Image-2026-08-14-at-9.34.40-AM-768x437.jpeg 768w, https:\/\/noticiasmercedinas.com\/site\/wp-content\/uploads\/2026\/08\/WhatsApp-Image-2026-08-14-at-9.34.40-AM-640x364.jpeg 640w, https:\/\/noticiasmercedinas.com\/site\/wp-content\/uploads\/2026\/08\/WhatsApp-Image-2026-08-14-at-9.34.40-AM-1280x728.jpeg 1280w, https:\/\/noticiasmercedinas.com\/site\/wp-content\/uploads\/2026\/08\/WhatsApp-Image-2026-08-14-at-9.34.40-AM-681x387.jpeg 681w, https:\/\/noticiasmercedinas.com\/site\/wp-content\/uploads\/2026\/08\/WhatsApp-Image-2026-08-14-at-9.34.40-AM-1362x775.jpeg 1362w\" sizes=\"auto, (max-width: 1420px) 100vw, 1420px\" \/><\/p>\n<p data-path-to-node=\"3\">El acto cont\u00f3 con la presencia de la secretaria general de la Presidencia, <b data-path-to-node=\"3\" data-index-in-node=\"75\">Karina Milei<\/b>; el presidente de la C\u00e1mara de Diputados de la Naci\u00f3n, <b data-path-to-node=\"3\" data-index-in-node=\"143\">Mart\u00edn Menem<\/b>; el presidente del partido a nivel provincial, <b data-path-to-node=\"3\" data-index-in-node=\"203\">Sebasti\u00e1n Pareja<\/b>; y el senador bonaerense y coordinador de la Primera Secci\u00f3n Electoral, <b data-path-to-node=\"3\" data-index-in-node=\"292\">Luciano Olivera<\/b>, junto a legisladores, coordinadores distritales y referentes de la juventud.<\/p>\n<blockquote>\n<p data-path-to-node=\"3\">\u00abEs todo un trabajo en conjunto para que este 2027 se pinte la provincia de violeta\u00bb<\/p>\n<\/blockquote>\n<p data-path-to-node=\"4\">Durante la jornada, los dirigentes abordaron las pautas de trabajo territorial y el fortalecimiento de la estructura partidaria en los distritos bonaerenses. Al respecto, Vel\u00e1squez remarc\u00f3 que la nueva sede busca constituirse como <i data-path-to-node=\"4\" data-index-in-node=\"231\">\u00abun lugar de encuentro para todos los que abrazamos las ideas de la libertad y manifestamos nuestro apoyo a las ideas de nuestro Presidente, apostando a una Argentina pr\u00f3spera\u00bb<\/i>.<\/p>\n<p data-path-to-node=\"5\">En el marco de la estrategia de expansi\u00f3n partidaria en la provincia de Buenos Aires, el referente local enfatiz\u00f3 que la habilitaci\u00f3n del espacio central marca el inicio de un proceso de articulaci\u00f3n regional. <i data-path-to-node=\"5\" data-index-in-node=\"210\">\u00abDe ahora en m\u00e1s es todo un trabajo en conjunto para que este 2027 se pinte la provincia de violeta\u00bb<\/i>, concluy\u00f3 Vel\u00e1squez.<\/p>\n<p data-path-to-node=\"5\"><img loading=\"lazy\" decoding=\"async\" class=\"alignnone size-full wp-image-192773\" src=\"https:\/\/noticiasmercedinas.com\/site\/wp-content\/uploads\/2026\/08\/WhatsApp-Image-2026-08-14-at-9.34.12-AM.jpeg\" alt=\"\" width=\"1600\" height=\"1151\" srcset=\"https:\/\/noticiasmercedinas.com\/site\/wp-content\/uploads\/2026\/08\/WhatsApp-Image-2026-08-14-at-9.34.12-AM.jpeg 1600w, https:\/\/noticiasmercedinas.com\/site\/wp-content\/uploads\/2026\/08\/WhatsApp-Image-2026-08-14-at-9.34.12-AM-300x216.jpeg 300w, https:\/\/noticiasmercedinas.com\/site\/wp-content\/uploads\/2026\/08\/WhatsApp-Image-2026-08-14-at-9.34.12-AM-1024x737.jpeg 1024w, https:\/\/noticiasmercedinas.com\/site\/wp-content\/uploads\/2026\/08\/WhatsApp-Image-2026-08-14-at-9.34.12-AM-768x552.jpeg 768w, https:\/\/noticiasmercedinas.com\/site\/wp-content\/uploads\/2026\/08\/WhatsApp-Image-2026-08-14-at-9.34.12-AM-1536x1105.jpeg 1536w, https:\/\/noticiasmercedinas.com\/site\/wp-content\/uploads\/2026\/08\/WhatsApp-Image-2026-08-14-at-9.34.12-AM-640x460.jpeg 640w, https:\/\/noticiasmercedinas.com\/site\/wp-content\/uploads\/2026\/08\/WhatsApp-Image-2026-08-14-at-9.34.12-AM-1280x921.jpeg 1280w, https:\/\/noticiasmercedinas.com\/site\/wp-content\/uploads\/2026\/08\/WhatsApp-Image-2026-08-14-at-9.34.12-AM-681x490.jpeg 681w, https:\/\/noticiasmercedinas.com\/site\/wp-content\/uploads\/2026\/08\/WhatsApp-Image-2026-08-14-at-9.34.12-AM-1362x980.jpeg 1362w\" sizes=\"auto, (max-width: 1600px) 100vw, 1600px\" \/> <img loading=\"lazy\" decoding=\"async\" class=\"alignnone size-full wp-image-192771\" src=\"https:\/\/noticiasmercedinas.com\/site\/wp-content\/uploads\/2026\/08\/WhatsApp-Image-2026-08-14-at-9.35.30-AM.jpeg\" alt=\"\" width=\"1600\" height=\"1187\" srcset=\"https:\/\/noticiasmercedinas.com\/site\/wp-content\/uploads\/2026\/08\/WhatsApp-Image-2026-08-14-at-9.35.30-AM.jpeg 1600w, https:\/\/noticiasmercedinas.com\/site\/wp-content\/uploads\/2026\/08\/WhatsApp-Image-2026-08-14-at-9.35.30-AM-300x223.jpeg 300w, https:\/\/noticiasmercedinas.com\/site\/wp-content\/uploads\/2026\/08\/WhatsApp-Image-2026-08-14-at-9.35.30-AM-1024x760.jpeg 1024w, https:\/\/noticiasmercedinas.com\/site\/wp-content\/uploads\/2026\/08\/WhatsApp-Image-2026-08-14-at-9.35.30-AM-768x570.jpeg 768w, https:\/\/noticiasmercedinas.com\/site\/wp-content\/uploads\/2026\/08\/WhatsApp-Image-2026-08-14-at-9.35.30-AM-1536x1140.jpeg 1536w, https:\/\/noticiasmercedinas.com\/site\/wp-content\/uploads\/2026\/08\/WhatsApp-Image-2026-08-14-at-9.35.30-AM-80x60.jpeg 80w, https:\/\/noticiasmercedinas.com\/site\/wp-content\/uploads\/2026\/08\/WhatsApp-Image-2026-08-14-at-9.35.30-AM-160x120.jpeg 160w, https:\/\/noticiasmercedinas.com\/site\/wp-content\/uploads\/2026\/08\/WhatsApp-Image-2026-08-14-at-9.35.30-AM-100x75.jpeg 100w, https:\/\/noticiasmercedinas.com\/site\/wp-content\/uploads\/2026\/08\/WhatsApp-Image-2026-08-14-at-9.35.30-AM-180x135.jpeg 180w, https:\/\/noticiasmercedinas.com\/site\/wp-content\/uploads\/2026\/08\/WhatsApp-Image-2026-08-14-at-9.35.30-AM-238x178.jpeg 238w, https:\/\/noticiasmercedinas.com\/site\/wp-content\/uploads\/2026\/08\/WhatsApp-Image-2026-08-14-at-9.35.30-AM-640x475.jpeg 640w, https:\/\/noticiasmercedinas.com\/site\/wp-content\/uploads\/2026\/08\/WhatsApp-Image-2026-08-14-at-9.35.30-AM-1280x950.jpeg 1280w, https:\/\/noticiasmercedinas.com\/site\/wp-content\/uploads\/2026\/08\/WhatsApp-Image-2026-08-14-at-9.35.30-AM-681x505.jpeg 681w, https:\/\/noticiasmercedinas.com\/site\/wp-content\/uploads\/2026\/08\/WhatsApp-Image-2026-08-14-at-9.35.30-AM-1362x1010.jpeg 1362w\" sizes=\"auto, (max-width: 1600px) 100vw, 1600px\" \/><\/p>\n","protected":false},"excerpt":{"rendered":"<p>\u25a0 El coordinador local del espacio y titular de ANSES UDAI Mercedes estuvo presente en el acto encabezado por Karina Milei y Mart\u00edn Menem. La actividad reuni\u00f3 a los principales referentes provinciales con la mirada puesta en el armado pol\u00edtico territorial hacia 2027.<\/p>\n","protected":false},"author":16,"featured_media":192774,"comment_status":"closed","ping_status":"closed","sticky":false,"template":"","format":"standard","meta":{"footnotes":""},"categories":[16],"tags":[18958,15388,16099],"class_list":["post-192770","post","type-post","status-publish","format-standard","has-post-thumbnail","hentry","category-politica","tag-karina-milei","tag-la-libertad-avanza","tag-rafael-velasquez"],"yoast_head":"<!-- This site is optimized with the Yoast SEO plugin v28.3 - https:\/\/yoast.com\/product\/yoast-seo-wordpress\/ -->\n<title>Rafael Vel\u00e1squez particip\u00f3 de la inauguraci\u00f3n de la Casa Central de La Libertad Avanza bonaerense<\/title>\n<meta name=\"description\" content=\"El coordinador local del espacio y titular de ANSES UDAI Mercedes estuvo presente en el acto encabezado por Karina Milei y Mart\u00edn Menem. La actividad reuni\u00f3 a los principales referentes provinciales con la mirada puesta en el armado pol\u00edtico territorial hacia 2027.\" \/>\n<meta name=\"robots\" content=\"index, follow, max-snippet:-1, max-image-preview:large, max-video-preview:-1\" \/>\n<link rel=\"canonical\" href=\"https:\/\/noticiasmercedinas.com\/site\/2026\/08\/14\/rafael-velasquez-participo-de-la-inauguracion-de-la-casa-central-de-la-libertad-avanza-bonaerense\/\" \/>\n<meta property=\"og:locale\" content=\"es_ES\" \/>\n<meta property=\"og:type\" content=\"article\" \/>\n<meta property=\"og:title\" content=\"Rafael Vel\u00e1squez particip\u00f3 de la inauguraci\u00f3n de la Casa Central de La Libertad Avanza bonaerense\" \/>\n<meta property=\"og:description\" content=\"El coordinador local del espacio y titular de ANSES UDAI Mercedes estuvo presente en el acto encabezado por Karina Milei y Mart\u00edn Menem. La actividad reuni\u00f3 a los principales referentes provinciales con la mirada puesta en el armado pol\u00edtico territorial hacia 2027.\" \/>\n<meta property=\"og:url\" content=\"https:\/\/noticiasmercedinas.com\/site\/2026\/08\/14\/rafael-velasquez-participo-de-la-inauguracion-de-la-casa-central-de-la-libertad-avanza-bonaerense\/\" \/>\n<meta property=\"og:site_name\" content=\"NOTICIASMERCEDINAS.COM\" \/>\n<meta property=\"article:publisher\" content=\"https:\/\/www.facebook.com\/noticiasmercedinas\/\" \/>\n<meta property=\"article:published_time\" content=\"2026-08-14T12:54:48+00:00\" \/>\n<meta property=\"og:image\" content=\"https:\/\/noticiasmercedinas.com\/site\/wp-content\/uploads\/2026\/08\/WhatsApp-Image-2026-08-14-at-9.33.45-AM.jpeg\" \/>\n\t<meta property=\"og:image:width\" content=\"1600\" \/>\n\t<meta property=\"og:image:height\" content=\"1258\" \/>\n\t<meta property=\"og:image:type\" content=\"image\/jpeg\" \/>\n<meta name=\"author\" content=\"NOTICIASMERCEDINAS.COM\" \/>\n<meta name=\"twitter:card\" content=\"summary_large_image\" \/>\n<meta name=\"twitter:creator\" content=\"@notmercedinas\" \/>\n<meta name=\"twitter:site\" content=\"@notmercedinas\" \/>\n<meta name=\"twitter:label1\" content=\"Escrito por\" \/>\n\t<meta name=\"twitter:data1\" content=\"NOTICIASMERCEDINAS.COM\" \/>\n\t<meta name=\"twitter:label2\" content=\"Tiempo de lectura\" \/>\n\t<meta name=\"twitter:data2\" content=\"3 minutos\" \/>\n<script type=\"application\/ld+json\" class=\"yoast-schema-graph\">{\"@context\":\"https:\\\/\\\/schema.org\",\"@graph\":[{\"@type\":\"Article\",\"@id\":\"https:\\\/\\\/noticiasmercedinas.com\\\/site\\\/2026\\\/08\\\/14\\\/rafael-velasquez-participo-de-la-inauguracion-de-la-casa-central-de-la-libertad-avanza-bonaerense\\\/#article\",\"isPartOf\":{\"@id\":\"https:\\\/\\\/noticiasmercedinas.com\\\/site\\\/2026\\\/08\\\/14\\\/rafael-velasquez-participo-de-la-inauguracion-de-la-casa-central-de-la-libertad-avanza-bonaerense\\\/\"},\"author\":{\"name\":\"NOTICIASMERCEDINAS.COM\",\"@id\":\"https:\\\/\\\/noticiasmercedinas.com\\\/site\\\/#\\\/schema\\\/person\\\/84b59c099c28ff2e8b77d4ceec5d8063\"},\"headline\":\"Rafael Vel\u00e1squez particip\u00f3 de la inauguraci\u00f3n de la Casa Central de La Libertad Avanza bonaerense\",\"datePublished\":\"2026-08-14T12:54:48+00:00\",\"mainEntityOfPage\":{\"@id\":\"https:\\\/\\\/noticiasmercedinas.com\\\/site\\\/2026\\\/08\\\/14\\\/rafael-velasquez-participo-de-la-inauguracion-de-la-casa-central-de-la-libertad-avanza-bonaerense\\\/\"},\"wordCount\":289,\"publisher\":{\"@id\":\"https:\\\/\\\/noticiasmercedinas.com\\\/site\\\/#organization\"},\"image\":{\"@id\":\"https:\\\/\\\/noticiasmercedinas.com\\\/site\\\/2026\\\/08\\\/14\\\/rafael-velasquez-participo-de-la-inauguracion-de-la-casa-central-de-la-libertad-avanza-bonaerense\\\/#primaryimage\"},\"thumbnailUrl\":\"https:\\\/\\\/noticiasmercedinas.com\\\/site\\\/wp-content\\\/uploads\\\/2026\\\/08\\\/WhatsApp-Image-2026-08-14-at-9.33.45-AM.jpeg\",\"keywords\":[\"Karina Milei\",\"la libertad avanza\",\"Rafael Velasquez\"],\"articleSection\":[\"Politica\"],\"inLanguage\":\"es\"},{\"@type\":\"WebPage\",\"@id\":\"https:\\\/\\\/noticiasmercedinas.com\\\/site\\\/2026\\\/08\\\/14\\\/rafael-velasquez-participo-de-la-inauguracion-de-la-casa-central-de-la-libertad-avanza-bonaerense\\\/\",\"url\":\"https:\\\/\\\/noticiasmercedinas.com\\\/site\\\/2026\\\/08\\\/14\\\/rafael-velasquez-participo-de-la-inauguracion-de-la-casa-central-de-la-libertad-avanza-bonaerense\\\/\",\"name\":\"Rafael Vel\u00e1squez particip\u00f3 de la inauguraci\u00f3n de la Casa Central de La Libertad Avanza bonaerense\",\"isPartOf\":{\"@id\":\"https:\\\/\\\/noticiasmercedinas.com\\\/site\\\/#website\"},\"primaryImageOfPage\":{\"@id\":\"https:\\\/\\\/noticiasmercedinas.com\\\/site\\\/2026\\\/08\\\/14\\\/rafael-velasquez-participo-de-la-inauguracion-de-la-casa-central-de-la-libertad-avanza-bonaerense\\\/#primaryimage\"},\"image\":{\"@id\":\"https:\\\/\\\/noticiasmercedinas.com\\\/site\\\/2026\\\/08\\\/14\\\/rafael-velasquez-participo-de-la-inauguracion-de-la-casa-central-de-la-libertad-avanza-bonaerense\\\/#primaryimage\"},\"thumbnailUrl\":\"https:\\\/\\\/noticiasmercedinas.com\\\/site\\\/wp-content\\\/uploads\\\/2026\\\/08\\\/WhatsApp-Image-2026-08-14-at-9.33.45-AM.jpeg\",\"datePublished\":\"2026-08-14T12:54:48+00:00\",\"description\":\"El coordinador local del espacio y titular de ANSES UDAI Mercedes estuvo presente en el acto encabezado por Karina Milei y Mart\u00edn Menem. La actividad reuni\u00f3 a los principales referentes provinciales con la mirada puesta en el armado pol\u00edtico territorial hacia 2027.\",\"breadcrumb\":{\"@id\":\"https:\\\/\\\/noticiasmercedinas.com\\\/site\\\/2026\\\/08\\\/14\\\/rafael-velasquez-participo-de-la-inauguracion-de-la-casa-central-de-la-libertad-avanza-bonaerense\\\/#breadcrumb\"},\"inLanguage\":\"es\",\"potentialAction\":[{\"@type\":\"ReadAction\",\"target\":[\"https:\\\/\\\/noticiasmercedinas.com\\\/site\\\/2026\\\/08\\\/14\\\/rafael-velasquez-participo-de-la-inauguracion-de-la-casa-central-de-la-libertad-avanza-bonaerense\\\/\"]}]},{\"@type\":\"ImageObject\",\"inLanguage\":\"es\",\"@id\":\"https:\\\/\\\/noticiasmercedinas.com\\\/site\\\/2026\\\/08\\\/14\\\/rafael-velasquez-participo-de-la-inauguracion-de-la-casa-central-de-la-libertad-avanza-bonaerense\\\/#primaryimage\",\"url\":\"https:\\\/\\\/noticiasmercedinas.com\\\/site\\\/wp-content\\\/uploads\\\/2026\\\/08\\\/WhatsApp-Image-2026-08-14-at-9.33.45-AM.jpeg\",\"contentUrl\":\"https:\\\/\\\/noticiasmercedinas.com\\\/site\\\/wp-content\\\/uploads\\\/2026\\\/08\\\/WhatsApp-Image-2026-08-14-at-9.33.45-AM.jpeg\",\"width\":1600,\"height\":1258},{\"@type\":\"BreadcrumbList\",\"@id\":\"https:\\\/\\\/noticiasmercedinas.com\\\/site\\\/2026\\\/08\\\/14\\\/rafael-velasquez-participo-de-la-inauguracion-de-la-casa-central-de-la-libertad-avanza-bonaerense\\\/#breadcrumb\",\"itemListElement\":[{\"@type\":\"ListItem\",\"position\":1,\"name\":\"Portada\",\"item\":\"https:\\\/\\\/noticiasmercedinas.com\\\/site\\\/\"},{\"@type\":\"ListItem\",\"position\":2,\"name\":\"Rafael Vel\u00e1squez particip\u00f3 de la inauguraci\u00f3n de la Casa Central de La Libertad Avanza bonaerense\"}]},{\"@type\":\"WebSite\",\"@id\":\"https:\\\/\\\/noticiasmercedinas.com\\\/site\\\/#website\",\"url\":\"https:\\\/\\\/noticiasmercedinas.com\\\/site\\\/\",\"name\":\"NOTICIASMERCEDINAS.COM\",\"description\":\"Mercedes, Buenos Aires, Argentina\",\"publisher\":{\"@id\":\"https:\\\/\\\/noticiasmercedinas.com\\\/site\\\/#organization\"},\"potentialAction\":[{\"@type\":\"SearchAction\",\"target\":{\"@type\":\"EntryPoint\",\"urlTemplate\":\"https:\\\/\\\/noticiasmercedinas.com\\\/site\\\/?s={search_term_string}\"},\"query-input\":{\"@type\":\"PropertyValueSpecification\",\"valueRequired\":true,\"valueName\":\"search_term_string\"}}],\"inLanguage\":\"es\"},{\"@type\":\"Organization\",\"@id\":\"https:\\\/\\\/noticiasmercedinas.com\\\/site\\\/#organization\",\"name\":\"NOTICIASMERCEDINAS.COM\",\"url\":\"https:\\\/\\\/noticiasmercedinas.com\\\/site\\\/\",\"logo\":{\"@type\":\"ImageObject\",\"inLanguage\":\"es\",\"@id\":\"https:\\\/\\\/noticiasmercedinas.com\\\/site\\\/#\\\/schema\\\/logo\\\/image\\\/\",\"url\":\"https:\\\/\\\/noticiasmercedinas.com\\\/site\\\/wp-content\\\/uploads\\\/2020\\\/06\\\/LOGO-512.jpg\",\"contentUrl\":\"https:\\\/\\\/noticiasmercedinas.com\\\/site\\\/wp-content\\\/uploads\\\/2020\\\/06\\\/LOGO-512.jpg\",\"width\":512,\"height\":512,\"caption\":\"NOTICIASMERCEDINAS.COM\"},\"image\":{\"@id\":\"https:\\\/\\\/noticiasmercedinas.com\\\/site\\\/#\\\/schema\\\/logo\\\/image\\\/\"},\"sameAs\":[\"https:\\\/\\\/www.facebook.com\\\/noticiasmercedinas\\\/\",\"https:\\\/\\\/x.com\\\/notmercedinas\",\"https:\\\/\\\/www.instagram.com\\\/noticiasmercedinas\\\/\"]},{\"@type\":\"Person\",\"@id\":\"https:\\\/\\\/noticiasmercedinas.com\\\/site\\\/#\\\/schema\\\/person\\\/84b59c099c28ff2e8b77d4ceec5d8063\",\"name\":\"NOTICIASMERCEDINAS.COM\",\"image\":{\"@type\":\"ImageObject\",\"inLanguage\":\"es\",\"@id\":\"https:\\\/\\\/secure.gravatar.com\\\/avatar\\\/4dfbf16b4d17945bfb6341b2d19043457132fcf478a5ee04f42e959fd8f5df0a?s=96&d=mm&r=g\",\"url\":\"https:\\\/\\\/secure.gravatar.com\\\/avatar\\\/4dfbf16b4d17945bfb6341b2d19043457132fcf478a5ee04f42e959fd8f5df0a?s=96&d=mm&r=g\",\"contentUrl\":\"https:\\\/\\\/secure.gravatar.com\\\/avatar\\\/4dfbf16b4d17945bfb6341b2d19043457132fcf478a5ee04f42e959fd8f5df0a?s=96&d=mm&r=g\",\"caption\":\"NOTICIASMERCEDINAS.COM\"},\"url\":\"https:\\\/\\\/noticiasmercedinas.com\\\/site\\\/author\\\/anonimo\\\/\"}]}<\/script>\n<!-- \/ Yoast SEO plugin. -->","yoast_head_json":{"title":"Rafael Vel\u00e1squez particip\u00f3 de la inauguraci\u00f3n de la Casa Central de La Libertad Avanza bonaerense","description":"El coordinador local del espacio y titular de ANSES UDAI Mercedes estuvo presente en el acto encabezado por Karina Milei y Mart\u00edn Menem. La actividad reuni\u00f3 a los principales referentes provinciales con la mirada puesta en el armado pol\u00edtico territorial hacia 2027.","robots":{"index":"index","follow":"follow","max-snippet":"max-snippet:-1","max-image-preview":"max-image-preview:large","max-video-preview":"max-video-preview:-1"},"canonical":"https:\/\/noticiasmercedinas.com\/site\/2026\/08\/14\/rafael-velasquez-participo-de-la-inauguracion-de-la-casa-central-de-la-libertad-avanza-bonaerense\/","og_locale":"es_ES","og_type":"article","og_title":"Rafael Vel\u00e1squez particip\u00f3 de la inauguraci\u00f3n de la Casa Central de La Libertad Avanza bonaerense","og_description":"El coordinador local del espacio y titular de ANSES UDAI Mercedes estuvo presente en el acto encabezado por Karina Milei y Mart\u00edn Menem. La actividad reuni\u00f3 a los principales referentes provinciales con la mirada puesta en el armado pol\u00edtico territorial hacia 2027.","og_url":"https:\/\/noticiasmercedinas.com\/site\/2026\/08\/14\/rafael-velasquez-participo-de-la-inauguracion-de-la-casa-central-de-la-libertad-avanza-bonaerense\/","og_site_name":"NOTICIASMERCEDINAS.COM","article_publisher":"https:\/\/www.facebook.com\/noticiasmercedinas\/","article_published_time":"2026-08-14T12:54:48+00:00","og_image":[{"width":1600,"height":1258,"url":"https:\/\/noticiasmercedinas.com\/site\/wp-content\/uploads\/2026\/08\/WhatsApp-Image-2026-08-14-at-9.33.45-AM.jpeg","type":"image\/jpeg"}],"author":"NOTICIASMERCEDINAS.COM","twitter_card":"summary_large_image","twitter_creator":"@notmercedinas","twitter_site":"@notmercedinas","twitter_misc":{"Escrito por":"NOTICIASMERCEDINAS.COM","Tiempo de lectura":"3 minutos"},"schema":{"@context":"https:\/\/schema.org","@graph":[{"@type":"Article","@id":"https:\/\/noticiasmercedinas.com\/site\/2026\/08\/14\/rafael-velasquez-participo-de-la-inauguracion-de-la-casa-central-de-la-libertad-avanza-bonaerense\/#article","isPartOf":{"@id":"https:\/\/noticiasmercedinas.com\/site\/2026\/08\/14\/rafael-velasquez-participo-de-la-inauguracion-de-la-casa-central-de-la-libertad-avanza-bonaerense\/"},"author":{"name":"NOTICIASMERCEDINAS.COM","@id":"https:\/\/noticiasmercedinas.com\/site\/#\/schema\/person\/84b59c099c28ff2e8b77d4ceec5d8063"},"headline":"Rafael Vel\u00e1squez particip\u00f3 de la inauguraci\u00f3n de la Casa Central de La Libertad Avanza bonaerense","datePublished":"2026-08-14T12:54:48+00:00","mainEntityOfPage":{"@id":"https:\/\/noticiasmercedinas.com\/site\/2026\/08\/14\/rafael-velasquez-participo-de-la-inauguracion-de-la-casa-central-de-la-libertad-avanza-bonaerense\/"},"wordCount":289,"publisher":{"@id":"https:\/\/noticiasmercedinas.com\/site\/#organization"},"image":{"@id":"https:\/\/noticiasmercedinas.com\/site\/2026\/08\/14\/rafael-velasquez-participo-de-la-inauguracion-de-la-casa-central-de-la-libertad-avanza-bonaerense\/#primaryimage"},"thumbnailUrl":"https:\/\/noticiasmercedinas.com\/site\/wp-content\/uploads\/2026\/08\/WhatsApp-Image-2026-08-14-at-9.33.45-AM.jpeg","keywords":["Karina Milei","la libertad avanza","Rafael Velasquez"],"articleSection":["Politica"],"inLanguage":"es"},{"@type":"WebPage","@id":"https:\/\/noticiasmercedinas.com\/site\/2026\/08\/14\/rafael-velasquez-participo-de-la-inauguracion-de-la-casa-central-de-la-libertad-avanza-bonaerense\/","url":"https:\/\/noticiasmercedinas.com\/site\/2026\/08\/14\/rafael-velasquez-participo-de-la-inauguracion-de-la-casa-central-de-la-libertad-avanza-bonaerense\/","name":"Rafael Vel\u00e1squez particip\u00f3 de la inauguraci\u00f3n de la Casa Central de La Libertad Avanza bonaerense","isPartOf":{"@id":"https:\/\/noticiasmercedinas.com\/site\/#website"},"primaryImageOfPage":{"@id":"https:\/\/noticiasmercedinas.com\/site\/2026\/08\/14\/rafael-velasquez-participo-de-la-inauguracion-de-la-casa-central-de-la-libertad-avanza-bonaerense\/#primaryimage"},"image":{"@id":"https:\/\/noticiasmercedinas.com\/site\/2026\/08\/14\/rafael-velasquez-participo-de-la-inauguracion-de-la-casa-central-de-la-libertad-avanza-bonaerense\/#primaryimage"},"thumbnailUrl":"https:\/\/noticiasmercedinas.com\/site\/wp-content\/uploads\/2026\/08\/WhatsApp-Image-2026-08-14-at-9.33.45-AM.jpeg","datePublished":"2026-08-14T12:54:48+00:00","description":"El coordinador local del espacio y titular de ANSES UDAI Mercedes estuvo presente en el acto encabezado por Karina Milei y Mart\u00edn Menem. La actividad reuni\u00f3 a los principales referentes provinciales con la mirada puesta en el armado pol\u00edtico territorial hacia 2027.","breadcrumb":{"@id":"https:\/\/noticiasmercedinas.com\/site\/2026\/08\/14\/rafael-velasquez-participo-de-la-inauguracion-de-la-casa-central-de-la-libertad-avanza-bonaerense\/#breadcrumb"},"inLanguage":"es","potentialAction":[{"@type":"ReadAction","target":["https:\/\/noticiasmercedinas.com\/site\/2026\/08\/14\/rafael-velasquez-participo-de-la-inauguracion-de-la-casa-central-de-la-libertad-avanza-bonaerense\/"]}]},{"@type":"ImageObject","inLanguage":"es","@id":"https:\/\/noticiasmercedinas.com\/site\/2026\/08\/14\/rafael-velasquez-participo-de-la-inauguracion-de-la-casa-central-de-la-libertad-avanza-bonaerense\/#primaryimage","url":"https:\/\/noticiasmercedinas.com\/site\/wp-content\/uploads\/2026\/08\/WhatsApp-Image-2026-08-14-at-9.33.45-AM.jpeg","contentUrl":"https:\/\/noticiasmercedinas.com\/site\/wp-content\/uploads\/2026\/08\/WhatsApp-Image-2026-08-14-at-9.33.45-AM.jpeg","width":1600,"height":1258},{"@type":"BreadcrumbList","@id":"https:\/\/noticiasmercedinas.com\/site\/2026\/08\/14\/rafael-velasquez-participo-de-la-inauguracion-de-la-casa-central-de-la-libertad-avanza-bonaerense\/#breadcrumb","itemListElement":[{"@type":"ListItem","position":1,"name":"Portada","item":"https:\/\/noticiasmercedinas.com\/site\/"},{"@type":"ListItem","position":2,"name":"Rafael Vel\u00e1squez particip\u00f3 de la inauguraci\u00f3n de la Casa Central de La Libertad Avanza bonaerense"}]},{"@type":"WebSite","@id":"https:\/\/noticiasmercedinas.com\/site\/#website","url":"https:\/\/noticiasmercedinas.com\/site\/","name":"NOTICIASMERCEDINAS.COM","description":"Mercedes, Buenos Aires, Argentina","publisher":{"@id":"https:\/\/noticiasmercedinas.com\/site\/#organization"},"potentialAction":[{"@type":"SearchAction","target":{"@type":"EntryPoint","urlTemplate":"https:\/\/noticiasmercedinas.com\/site\/?s={search_term_string}"},"query-input":{"@type":"PropertyValueSpecification","valueRequired":true,"valueName":"search_term_string"}}],"inLanguage":"es"},{"@type":"Organization","@id":"https:\/\/noticiasmercedinas.com\/site\/#organization","name":"NOTICIASMERCEDINAS.COM","url":"https:\/\/noticiasmercedinas.com\/site\/","logo":{"@type":"ImageObject","inLanguage":"es","@id":"https:\/\/noticiasmercedinas.com\/site\/#\/schema\/logo\/image\/","url":"https:\/\/noticiasmercedinas.com\/site\/wp-content\/uploads\/2020\/06\/LOGO-512.jpg","contentUrl":"https:\/\/noticiasmercedinas.com\/site\/wp-content\/uploads\/2020\/06\/LOGO-512.jpg","width":512,"height":512,"caption":"NOTICIASMERCEDINAS.COM"},"image":{"@id":"https:\/\/noticiasmercedinas.com\/site\/#\/schema\/logo\/image\/"},"sameAs":["https:\/\/www.facebook.com\/noticiasmercedinas\/","https:\/\/x.com\/notmercedinas","https:\/\/www.instagram.com\/noticiasmercedinas\/"]},{"@type":"Person","@id":"https:\/\/noticiasmercedinas.com\/site\/#\/schema\/person\/84b59c099c28ff2e8b77d4ceec5d8063","name":"NOTICIASMERCEDINAS.COM","image":{"@type":"ImageObject","inLanguage":"es","@id":"https:\/\/secure.gravatar.com\/avatar\/4dfbf16b4d17945bfb6341b2d19043457132fcf478a5ee04f42e959fd8f5df0a?s=96&d=mm&r=g","url":"https:\/\/secure.gravatar.com\/avatar\/4dfbf16b4d17945bfb6341b2d19043457132fcf478a5ee04f42e959fd8f5df0a?s=96&d=mm&r=g","contentUrl":"https:\/\/secure.gravatar.com\/avatar\/4dfbf16b4d17945bfb6341b2d19043457132fcf478a5ee04f42e959fd8f5df0a?s=96&d=mm&r=g","caption":"NOTICIASMERCEDINAS.COM"},"url":"https:\/\/noticiasmercedinas.com\/site\/author\/anonimo\/"}]}},"amp_enabled":true,"_links":{"self":[{"href":"https:\/\/noticiasmercedinas.com\/site\/wp-json\/wp\/v2\/posts\/192770","targetHints":{"allow":["GET"]}}],"collection":[{"href":"https:\/\/noticiasmercedinas.com\/site\/wp-json\/wp\/v2\/posts"}],"about":[{"href":"https:\/\/noticiasmercedinas.com\/site\/wp-json\/wp\/v2\/types\/post"}],"author":[{"embeddable":true,"href":"https:\/\/noticiasmercedinas.com\/site\/wp-json\/wp\/v2\/users\/16"}],"replies":[{"embeddable":true,"href":"https:\/\/noticiasmercedinas.com\/site\/wp-json\/wp\/v2\/comments?post=192770"}],"version-history":[{"count":1,"href":"https:\/\/noticiasmercedinas.com\/site\/wp-json\/wp\/v2\/posts\/192770\/revisions"}],"predecessor-version":[{"id":192775,"href":"https:\/\/noticiasmercedinas.com\/site\/wp-json\/wp\/v2\/posts\/192770\/revisions\/192775"}],"wp:featuredmedia":[{"embeddable":true,"href":"https:\/\/noticiasmercedinas.com\/site\/wp-json\/wp\/v2\/media\/192774"}],"wp:attachment":[{"href":"https:\/\/noticiasmercedinas.com\/site\/wp-json\/wp\/v2\/media?parent=192770"}],"wp:term":[{"taxonomy":"category","embeddable":true,"href":"https:\/\/noticiasmercedinas.com\/site\/wp-json\/wp\/v2\/categories?post=192770"},{"taxonomy":"post_tag","embeddable":true,"href":"https:\/\/noticiasmercedinas.com\/site\/wp-json\/wp\/v2\/tags?post=192770"}],"curies":[{"name":"wp","href":"https:\/\/api.w.org\/{rel}","templated":true}]}}