{"id":192797,"date":"2026-08-14T17:12:53","date_gmt":"2026-08-14T20:12:53","guid":{"rendered":"https:\/\/noticiasmercedinas.com\/site\/?p=192797"},"modified":"2026-08-14T17:13:10","modified_gmt":"2026-08-14T20:13:10","slug":"luis-ponce-evalua-precandidatura-muchos-companeros-y-companeras-tienen-ganas-como-yo","status":"publish","type":"post","link":"https:\/\/noticiasmercedinas.com\/site\/2026\/08\/14\/luis-ponce-evalua-precandidatura-muchos-companeros-y-companeras-tienen-ganas-como-yo\/","title":{"rendered":"Luis Ponce eval\u00faa precandidatura: \u00abMuchos compa\u00f1eros y compa\u00f1eras tienen ganas como yo\u00bb"},"content":{"rendered":"<p data-path-to-node=\"2\"><img loading=\"lazy\" decoding=\"async\" class=\"alignnone size-full wp-image-192798\" src=\"https:\/\/noticiasmercedinas.com\/site\/wp-content\/uploads\/2026\/08\/luis_ponce.jpg\" alt=\"\" width=\"844\" height=\"504\" srcset=\"https:\/\/noticiasmercedinas.com\/site\/wp-content\/uploads\/2026\/08\/luis_ponce.jpg 844w, https:\/\/noticiasmercedinas.com\/site\/wp-content\/uploads\/2026\/08\/luis_ponce-300x179.jpg 300w, https:\/\/noticiasmercedinas.com\/site\/wp-content\/uploads\/2026\/08\/luis_ponce-768x459.jpg 768w, https:\/\/noticiasmercedinas.com\/site\/wp-content\/uploads\/2026\/08\/luis_ponce-640x382.jpg 640w, https:\/\/noticiasmercedinas.com\/site\/wp-content\/uploads\/2026\/08\/luis_ponce-681x407.jpg 681w\" sizes=\"auto, (max-width: 844px) 100vw, 844px\" \/><\/p>\n<p data-path-to-node=\"2\">El escenario pol\u00edtico local comenz\u00f3 a definir sus primeros movimientos de cara al recambio institucional de 2027.<\/p>\n<p data-path-to-node=\"2\">Tras la confirmaci\u00f3n del intendente <b data-path-to-node=\"2\" data-index-in-node=\"160\">Juan Ignacio Ustarroz<\/b> de que no competir\u00e1 por un nuevo per\u00edodo al frente del Municipio \u2014pese a que pueda llegar a estar habilitado por la legislaci\u00f3n si se modifica\u2014 y de se\u00f1alar nombres para la continuidad del proyecto pol\u00edtico del PJ local, el subsecretario de Servicios P\u00fablicos de la ciudad, <b data-path-to-node=\"2\" data-index-in-node=\"417\">Luis Ponce<\/b>, se refiri\u00f3 p\u00fablicamente a la posibilidad de disputar la candidatura a la intendencia.<\/p>\n<p data-path-to-node=\"3\">En declaraciones vertidas este jueves durante el programa de stream <i data-path-to-node=\"3\" data-index-in-node=\"58\">Noticias Mercedinas en Minga<\/i>, Ponce valor\u00f3 la consideraci\u00f3n del jefe comunal, quien tambi\u00e9n hab\u00eda mencionado como posibles alternativas a Mariana San Mart\u00edn y Santiago Altube.<\/p>\n<p data-path-to-node=\"3\"><i data-path-to-node=\"3\" data-index-in-node=\"234\">\u00abEn lo personal, por supuesto que es una gran alegr\u00eda. Es importante que el intendente de la ciudad me tenga en cuenta como una posible opci\u00f3n, pero ac\u00e1, m\u00e1s all\u00e1 del nombre o de los nombres, hay muchos compa\u00f1eros y compa\u00f1eras que tienen la posibilidad, al igual que yo, y que tenemos ganas de poder hacerlo\u00bb<\/i>, expres\u00f3 el funcionario.<\/p>\n<blockquote>\n<p data-path-to-node=\"3\">\u00abEl municipio de Mercedes trabaja mancomunadamente entre todas las \u00e1reas. Hay un proyecto, hay una visi\u00f3n de qu\u00e9 es lo que tenemos que hacer y de qu\u00e9 es lo que no tenemos que hacer. Lo que sinceramente queremos es seguir ese estilo de gesti\u00f3n\u00bb<\/p>\n<\/blockquote>\n<p data-path-to-node=\"4\">En ese sentido, enfatiz\u00f3 que el eje central de la discusi\u00f3n no reside en las aspiraciones individuales, sino en dar continuidad a una l\u00ednea de trabajo coordinada: <i data-path-to-node=\"4\" data-index-in-node=\"163\">\u00abEl municipio de Mercedes trabaja mancomunadamente entre todas las \u00e1reas. Hay un proyecto, hay una visi\u00f3n de qu\u00e9 es lo que tenemos que hacer y de qu\u00e9 es lo que no tenemos que hacer. Lo que sinceramente queremos es seguir ese estilo de gesti\u00f3n; tenemos que saber que tenemos que seguir cuidando lo que supimos construir y tambi\u00e9n pensar en lo que tenemos que construir\u00bb<\/i>.<\/p>\n<p data-path-to-node=\"5\">Durante la entrevista, el titular de Servicios P\u00fablicos contrapuso la presencia del Estado municipal frente al ajuste impulsado por la administraci\u00f3n nacional, citando ejemplos concretos de la realidad social y sanitaria de la comuna. <i data-path-to-node=\"5\" data-index-in-node=\"235\">\u00ab\u00bfCu\u00e1ntos adultos mayores hoy est\u00e1n sufriendo el no llegar a fin de mes, el que las jubilaciones est\u00e1n por el piso, el que le quitaron los medicamentos y esos medicamentos los tienen que comprar?\u00bb, cuestion\u00f3 Ponce sobre la depreciaci\u00f3n de la persona por ser adulto mayor.<\/i><\/p>\n<p data-path-to-node=\"6\">Al respecto, record\u00f3 la suspensi\u00f3n de programas sociales y de salud destinados a la tercera edad que se articulaban localmente: <i data-path-to-node=\"6\" data-index-in-node=\"128\">\u00abNosotros hasta hace poco en el Club Mercedes ten\u00edamos a los adultos mayores disfrutando de una colonia en la pileta climatizada, hoy no lo tenemos m\u00e1s. Eso estaba en un convenio que estaba con PAMI y lo dieron de baja, como dieron de baja medicamentos. Esas son decisiones pol\u00edticas y son decisiones de qu\u00e9 es lo que representa cada qui\u00e9n y qu\u00e9 es lo que defiende cada qui\u00e9n\u00bb<\/i>.<\/p>\n<p data-path-to-node=\"7\">En la misma l\u00ednea, alert\u00f3 sobre los recortes en los sectores de la cultura y la contenci\u00f3n comunitaria: <i data-path-to-node=\"7\" data-index-in-node=\"104\">\u00ab\u00bfQu\u00e9 le pasa a los artistas hoy a nivel nacional? Los machacan, les pegan, no les dan espacio, cierran por ejemplo orquestas infantiles y coros infantiles. Nosotros creemos que eso est\u00e1 mal. Por eso digo que el Estado en un mont\u00f3n de cuestiones es necesario que est\u00e9 presente\u00bb<\/i>. A modo de balance local, destac\u00f3 la red de servicios esenciales: <i data-path-to-node=\"7\" data-index-in-node=\"448\">\u00abHoy en Mercedes tenemos CAPS en donde cada vecino puede ir a atenderse, tenemos un hospital odontol\u00f3gico municipal, tenemos una casa velatoria municipal. Hay gente que cree que todo tiene que ser privado. \u00bfY el que no lo puede pagar? \u00bfNo tiene derecho esa persona a hacer deporte, a despedir a un familiar o a tener agua corriente?\u00bb<\/i>.<\/p>\n<p data-path-to-node=\"8\">De cara a la etapa pol\u00edtica que se avecina, el funcionario revaloriz\u00f3 el rol del empleado p\u00fablico en la gesti\u00f3n cotidiana y dej\u00f3 un mensaje de cara al proceso electoral de 2027: <i data-path-to-node=\"8\" data-index-in-node=\"178\">\u00abQuiero agradecer a todos los trabajadores y trabajadoras municipales, porque lo que se discute en el 2027 es el reconocimiento a ellos del trabajo que estuvieron haciendo estos 12 a\u00f1os como gesti\u00f3n, intentando darles las herramientas para que puedan desarrollar sus saberes. Agradecerle a cada uno por el acompa\u00f1amiento del laburo diario que hacen por la ciudad de Mercedes\u00bb<\/i>.<\/p>\n<p data-path-to-node=\"9\">Finalmente, Ponce reiter\u00f3 las v\u00edas de contacto de su \u00e1rea para la atenci\u00f3n vecinal: <i data-path-to-node=\"9\" data-index-in-node=\"84\">\u00abQuiero decirle a toda la comunidad de Mercedes que estamos a disposici\u00f3n, mis oficinas est\u00e1n en la planta alta de la Terminal. Siempre que haya reclamos pueden llamar al 147, tenemos una oficina de atenci\u00f3n ciudadana espec\u00edfica de Servicios P\u00fablicos para estar m\u00e1s cerca del vecino y dar soluci\u00f3n a las cosas que falten por hacer\u00bb<\/i>.<\/p>\n","protected":false},"excerpt":{"rendered":"<p>\u25a0 El subsecretario de Servicios P\u00fablicos habl\u00f3 tras la decisi\u00f3n del intendente Ustarroz de no buscar un nuevo mandato. Ratific\u00f3 su vocaci\u00f3n pol\u00edtica, defendi\u00f3 el modelo de gesti\u00f3n local y cuestion\u00f3 con dureza el impacto de las pol\u00edticas nacionales en los sectores m\u00e1s vulnerables.<\/p>\n","protected":false},"author":16,"featured_media":192798,"comment_status":"closed","ping_status":"closed","sticky":false,"template":"","format":"standard","meta":{"footnotes":""},"categories":[16,20734],"tags":[3313,22203,5177,1489],"class_list":["post-192797","post","type-post","status-publish","format-standard","has-post-thumbnail","hentry","category-politica","category-ultimo-momento","tag-luis-ponce","tag-minga","tag-noticias-mercedinas","tag-pj"],"yoast_head":"<!-- This site is optimized with the Yoast SEO plugin v28.3 - https:\/\/yoast.com\/product\/yoast-seo-wordpress\/ -->\n<title>Luis Ponce eval\u00faa precandidatura: &quot;Muchos compa\u00f1eros y compa\u00f1eras tienen ganas como yo&quot;<\/title>\n<meta name=\"description\" content=\"El subsecretario de Servicios P\u00fablicos habl\u00f3 tras la decisi\u00f3n del intendente Ustarroz de no buscar un nuevo mandato. Ratific\u00f3 su vocaci\u00f3n pol\u00edtica, defendi\u00f3 el modelo de gesti\u00f3n local y cuestion\u00f3 con dureza el impacto de las pol\u00edticas nacionales en los sectores m\u00e1s vulnerables.\" \/>\n<meta name=\"robots\" content=\"index, follow, max-snippet:-1, max-image-preview:large, max-video-preview:-1\" \/>\n<link rel=\"canonical\" href=\"https:\/\/noticiasmercedinas.com\/site\/2026\/08\/14\/luis-ponce-evalua-precandidatura-muchos-companeros-y-companeras-tienen-ganas-como-yo\/\" \/>\n<meta property=\"og:locale\" content=\"es_ES\" \/>\n<meta property=\"og:type\" content=\"article\" \/>\n<meta property=\"og:title\" content=\"Luis Ponce eval\u00faa precandidatura: &quot;Muchos compa\u00f1eros y compa\u00f1eras tienen ganas como yo&quot;\" \/>\n<meta property=\"og:description\" content=\"El subsecretario de Servicios P\u00fablicos habl\u00f3 tras la decisi\u00f3n del intendente Ustarroz de no buscar un nuevo mandato. Ratific\u00f3 su vocaci\u00f3n pol\u00edtica, defendi\u00f3 el modelo de gesti\u00f3n local y cuestion\u00f3 con dureza el impacto de las pol\u00edticas nacionales en los sectores m\u00e1s vulnerables.\" \/>\n<meta property=\"og:url\" content=\"https:\/\/noticiasmercedinas.com\/site\/2026\/08\/14\/luis-ponce-evalua-precandidatura-muchos-companeros-y-companeras-tienen-ganas-como-yo\/\" \/>\n<meta property=\"og:site_name\" content=\"NOTICIASMERCEDINAS.COM\" \/>\n<meta property=\"article:publisher\" content=\"https:\/\/www.facebook.com\/noticiasmercedinas\/\" \/>\n<meta property=\"article:published_time\" content=\"2026-08-14T20:12:53+00:00\" \/>\n<meta property=\"article:modified_time\" content=\"2026-08-14T20:13:10+00:00\" \/>\n<meta property=\"og:image\" content=\"https:\/\/noticiasmercedinas.com\/site\/wp-content\/uploads\/2026\/08\/luis_ponce.jpg\" \/>\n\t<meta property=\"og:image:width\" content=\"844\" \/>\n\t<meta property=\"og:image:height\" content=\"504\" \/>\n\t<meta property=\"og:image:type\" content=\"image\/jpeg\" \/>\n<meta name=\"author\" content=\"NOTICIASMERCEDINAS.COM\" \/>\n<meta name=\"twitter:card\" content=\"summary_large_image\" \/>\n<meta name=\"twitter:creator\" content=\"@notmercedinas\" \/>\n<meta name=\"twitter:site\" content=\"@notmercedinas\" \/>\n<meta name=\"twitter:label1\" content=\"Escrito por\" \/>\n\t<meta name=\"twitter:data1\" content=\"NOTICIASMERCEDINAS.COM\" \/>\n\t<meta name=\"twitter:label2\" content=\"Tiempo de lectura\" \/>\n\t<meta name=\"twitter:data2\" content=\"4 minutos\" \/>\n<script type=\"application\/ld+json\" class=\"yoast-schema-graph\">{\"@context\":\"https:\\\/\\\/schema.org\",\"@graph\":[{\"@type\":\"Article\",\"@id\":\"https:\\\/\\\/noticiasmercedinas.com\\\/site\\\/2026\\\/08\\\/14\\\/luis-ponce-evalua-precandidatura-muchos-companeros-y-companeras-tienen-ganas-como-yo\\\/#article\",\"isPartOf\":{\"@id\":\"https:\\\/\\\/noticiasmercedinas.com\\\/site\\\/2026\\\/08\\\/14\\\/luis-ponce-evalua-precandidatura-muchos-companeros-y-companeras-tienen-ganas-como-yo\\\/\"},\"author\":{\"name\":\"NOTICIASMERCEDINAS.COM\",\"@id\":\"https:\\\/\\\/noticiasmercedinas.com\\\/site\\\/#\\\/schema\\\/person\\\/84b59c099c28ff2e8b77d4ceec5d8063\"},\"headline\":\"Luis Ponce eval\u00faa precandidatura: \u00abMuchos compa\u00f1eros y compa\u00f1eras tienen ganas como yo\u00bb\",\"datePublished\":\"2026-08-14T20:12:53+00:00\",\"dateModified\":\"2026-08-14T20:13:10+00:00\",\"mainEntityOfPage\":{\"@id\":\"https:\\\/\\\/noticiasmercedinas.com\\\/site\\\/2026\\\/08\\\/14\\\/luis-ponce-evalua-precandidatura-muchos-companeros-y-companeras-tienen-ganas-como-yo\\\/\"},\"wordCount\":846,\"publisher\":{\"@id\":\"https:\\\/\\\/noticiasmercedinas.com\\\/site\\\/#organization\"},\"image\":{\"@id\":\"https:\\\/\\\/noticiasmercedinas.com\\\/site\\\/2026\\\/08\\\/14\\\/luis-ponce-evalua-precandidatura-muchos-companeros-y-companeras-tienen-ganas-como-yo\\\/#primaryimage\"},\"thumbnailUrl\":\"https:\\\/\\\/noticiasmercedinas.com\\\/site\\\/wp-content\\\/uploads\\\/2026\\\/08\\\/luis_ponce.jpg\",\"keywords\":[\"luis ponce\",\"minga\",\"Noticias Mercedinas\",\"pj\"],\"articleSection\":[\"Politica\",\"Ultimo momento\"],\"inLanguage\":\"es\"},{\"@type\":\"WebPage\",\"@id\":\"https:\\\/\\\/noticiasmercedinas.com\\\/site\\\/2026\\\/08\\\/14\\\/luis-ponce-evalua-precandidatura-muchos-companeros-y-companeras-tienen-ganas-como-yo\\\/\",\"url\":\"https:\\\/\\\/noticiasmercedinas.com\\\/site\\\/2026\\\/08\\\/14\\\/luis-ponce-evalua-precandidatura-muchos-companeros-y-companeras-tienen-ganas-como-yo\\\/\",\"name\":\"Luis Ponce eval\u00faa precandidatura: \\\"Muchos compa\u00f1eros y compa\u00f1eras tienen ganas como yo\\\"\",\"isPartOf\":{\"@id\":\"https:\\\/\\\/noticiasmercedinas.com\\\/site\\\/#website\"},\"primaryImageOfPage\":{\"@id\":\"https:\\\/\\\/noticiasmercedinas.com\\\/site\\\/2026\\\/08\\\/14\\\/luis-ponce-evalua-precandidatura-muchos-companeros-y-companeras-tienen-ganas-como-yo\\\/#primaryimage\"},\"image\":{\"@id\":\"https:\\\/\\\/noticiasmercedinas.com\\\/site\\\/2026\\\/08\\\/14\\\/luis-ponce-evalua-precandidatura-muchos-companeros-y-companeras-tienen-ganas-como-yo\\\/#primaryimage\"},\"thumbnailUrl\":\"https:\\\/\\\/noticiasmercedinas.com\\\/site\\\/wp-content\\\/uploads\\\/2026\\\/08\\\/luis_ponce.jpg\",\"datePublished\":\"2026-08-14T20:12:53+00:00\",\"dateModified\":\"2026-08-14T20:13:10+00:00\",\"description\":\"El subsecretario de Servicios P\u00fablicos habl\u00f3 tras la decisi\u00f3n del intendente Ustarroz de no buscar un nuevo mandato. Ratific\u00f3 su vocaci\u00f3n pol\u00edtica, defendi\u00f3 el modelo de gesti\u00f3n local y cuestion\u00f3 con dureza el impacto de las pol\u00edticas nacionales en los sectores m\u00e1s vulnerables.\",\"breadcrumb\":{\"@id\":\"https:\\\/\\\/noticiasmercedinas.com\\\/site\\\/2026\\\/08\\\/14\\\/luis-ponce-evalua-precandidatura-muchos-companeros-y-companeras-tienen-ganas-como-yo\\\/#breadcrumb\"},\"inLanguage\":\"es\",\"potentialAction\":[{\"@type\":\"ReadAction\",\"target\":[\"https:\\\/\\\/noticiasmercedinas.com\\\/site\\\/2026\\\/08\\\/14\\\/luis-ponce-evalua-precandidatura-muchos-companeros-y-companeras-tienen-ganas-como-yo\\\/\"]}]},{\"@type\":\"ImageObject\",\"inLanguage\":\"es\",\"@id\":\"https:\\\/\\\/noticiasmercedinas.com\\\/site\\\/2026\\\/08\\\/14\\\/luis-ponce-evalua-precandidatura-muchos-companeros-y-companeras-tienen-ganas-como-yo\\\/#primaryimage\",\"url\":\"https:\\\/\\\/noticiasmercedinas.com\\\/site\\\/wp-content\\\/uploads\\\/2026\\\/08\\\/luis_ponce.jpg\",\"contentUrl\":\"https:\\\/\\\/noticiasmercedinas.com\\\/site\\\/wp-content\\\/uploads\\\/2026\\\/08\\\/luis_ponce.jpg\",\"width\":844,\"height\":504},{\"@type\":\"BreadcrumbList\",\"@id\":\"https:\\\/\\\/noticiasmercedinas.com\\\/site\\\/2026\\\/08\\\/14\\\/luis-ponce-evalua-precandidatura-muchos-companeros-y-companeras-tienen-ganas-como-yo\\\/#breadcrumb\",\"itemListElement\":[{\"@type\":\"ListItem\",\"position\":1,\"name\":\"Portada\",\"item\":\"https:\\\/\\\/noticiasmercedinas.com\\\/site\\\/\"},{\"@type\":\"ListItem\",\"position\":2,\"name\":\"Luis Ponce eval\u00faa precandidatura: \u00abMuchos compa\u00f1eros y compa\u00f1eras tienen ganas como yo\u00bb\"}]},{\"@type\":\"WebSite\",\"@id\":\"https:\\\/\\\/noticiasmercedinas.com\\\/site\\\/#website\",\"url\":\"https:\\\/\\\/noticiasmercedinas.com\\\/site\\\/\",\"name\":\"NOTICIASMERCEDINAS.COM\",\"description\":\"Mercedes, Buenos Aires, Argentina\",\"publisher\":{\"@id\":\"https:\\\/\\\/noticiasmercedinas.com\\\/site\\\/#organization\"},\"potentialAction\":[{\"@type\":\"SearchAction\",\"target\":{\"@type\":\"EntryPoint\",\"urlTemplate\":\"https:\\\/\\\/noticiasmercedinas.com\\\/site\\\/?s={search_term_string}\"},\"query-input\":{\"@type\":\"PropertyValueSpecification\",\"valueRequired\":true,\"valueName\":\"search_term_string\"}}],\"inLanguage\":\"es\"},{\"@type\":\"Organization\",\"@id\":\"https:\\\/\\\/noticiasmercedinas.com\\\/site\\\/#organization\",\"name\":\"NOTICIASMERCEDINAS.COM\",\"url\":\"https:\\\/\\\/noticiasmercedinas.com\\\/site\\\/\",\"logo\":{\"@type\":\"ImageObject\",\"inLanguage\":\"es\",\"@id\":\"https:\\\/\\\/noticiasmercedinas.com\\\/site\\\/#\\\/schema\\\/logo\\\/image\\\/\",\"url\":\"https:\\\/\\\/noticiasmercedinas.com\\\/site\\\/wp-content\\\/uploads\\\/2020\\\/06\\\/LOGO-512.jpg\",\"contentUrl\":\"https:\\\/\\\/noticiasmercedinas.com\\\/site\\\/wp-content\\\/uploads\\\/2020\\\/06\\\/LOGO-512.jpg\",\"width\":512,\"height\":512,\"caption\":\"NOTICIASMERCEDINAS.COM\"},\"image\":{\"@id\":\"https:\\\/\\\/noticiasmercedinas.com\\\/site\\\/#\\\/schema\\\/logo\\\/image\\\/\"},\"sameAs\":[\"https:\\\/\\\/www.facebook.com\\\/noticiasmercedinas\\\/\",\"https:\\\/\\\/x.com\\\/notmercedinas\",\"https:\\\/\\\/www.instagram.com\\\/noticiasmercedinas\\\/\"]},{\"@type\":\"Person\",\"@id\":\"https:\\\/\\\/noticiasmercedinas.com\\\/site\\\/#\\\/schema\\\/person\\\/84b59c099c28ff2e8b77d4ceec5d8063\",\"name\":\"NOTICIASMERCEDINAS.COM\",\"image\":{\"@type\":\"ImageObject\",\"inLanguage\":\"es\",\"@id\":\"https:\\\/\\\/secure.gravatar.com\\\/avatar\\\/4dfbf16b4d17945bfb6341b2d19043457132fcf478a5ee04f42e959fd8f5df0a?s=96&d=mm&r=g\",\"url\":\"https:\\\/\\\/secure.gravatar.com\\\/avatar\\\/4dfbf16b4d17945bfb6341b2d19043457132fcf478a5ee04f42e959fd8f5df0a?s=96&d=mm&r=g\",\"contentUrl\":\"https:\\\/\\\/secure.gravatar.com\\\/avatar\\\/4dfbf16b4d17945bfb6341b2d19043457132fcf478a5ee04f42e959fd8f5df0a?s=96&d=mm&r=g\",\"caption\":\"NOTICIASMERCEDINAS.COM\"},\"url\":\"https:\\\/\\\/noticiasmercedinas.com\\\/site\\\/author\\\/anonimo\\\/\"}]}<\/script>\n<!-- \/ Yoast SEO plugin. -->","yoast_head_json":{"title":"Luis Ponce eval\u00faa precandidatura: \"Muchos compa\u00f1eros y compa\u00f1eras tienen ganas como yo\"","description":"El subsecretario de Servicios P\u00fablicos habl\u00f3 tras la decisi\u00f3n del intendente Ustarroz de no buscar un nuevo mandato. Ratific\u00f3 su vocaci\u00f3n pol\u00edtica, defendi\u00f3 el modelo de gesti\u00f3n local y cuestion\u00f3 con dureza el impacto de las pol\u00edticas nacionales en los sectores m\u00e1s vulnerables.","robots":{"index":"index","follow":"follow","max-snippet":"max-snippet:-1","max-image-preview":"max-image-preview:large","max-video-preview":"max-video-preview:-1"},"canonical":"https:\/\/noticiasmercedinas.com\/site\/2026\/08\/14\/luis-ponce-evalua-precandidatura-muchos-companeros-y-companeras-tienen-ganas-como-yo\/","og_locale":"es_ES","og_type":"article","og_title":"Luis Ponce eval\u00faa precandidatura: \"Muchos compa\u00f1eros y compa\u00f1eras tienen ganas como yo\"","og_description":"El subsecretario de Servicios P\u00fablicos habl\u00f3 tras la decisi\u00f3n del intendente Ustarroz de no buscar un nuevo mandato. Ratific\u00f3 su vocaci\u00f3n pol\u00edtica, defendi\u00f3 el modelo de gesti\u00f3n local y cuestion\u00f3 con dureza el impacto de las pol\u00edticas nacionales en los sectores m\u00e1s vulnerables.","og_url":"https:\/\/noticiasmercedinas.com\/site\/2026\/08\/14\/luis-ponce-evalua-precandidatura-muchos-companeros-y-companeras-tienen-ganas-como-yo\/","og_site_name":"NOTICIASMERCEDINAS.COM","article_publisher":"https:\/\/www.facebook.com\/noticiasmercedinas\/","article_published_time":"2026-08-14T20:12:53+00:00","article_modified_time":"2026-08-14T20:13:10+00:00","og_image":[{"width":844,"height":504,"url":"https:\/\/noticiasmercedinas.com\/site\/wp-content\/uploads\/2026\/08\/luis_ponce.jpg","type":"image\/jpeg"}],"author":"NOTICIASMERCEDINAS.COM","twitter_card":"summary_large_image","twitter_creator":"@notmercedinas","twitter_site":"@notmercedinas","twitter_misc":{"Escrito por":"NOTICIASMERCEDINAS.COM","Tiempo de lectura":"4 minutos"},"schema":{"@context":"https:\/\/schema.org","@graph":[{"@type":"Article","@id":"https:\/\/noticiasmercedinas.com\/site\/2026\/08\/14\/luis-ponce-evalua-precandidatura-muchos-companeros-y-companeras-tienen-ganas-como-yo\/#article","isPartOf":{"@id":"https:\/\/noticiasmercedinas.com\/site\/2026\/08\/14\/luis-ponce-evalua-precandidatura-muchos-companeros-y-companeras-tienen-ganas-como-yo\/"},"author":{"name":"NOTICIASMERCEDINAS.COM","@id":"https:\/\/noticiasmercedinas.com\/site\/#\/schema\/person\/84b59c099c28ff2e8b77d4ceec5d8063"},"headline":"Luis Ponce eval\u00faa precandidatura: \u00abMuchos compa\u00f1eros y compa\u00f1eras tienen ganas como yo\u00bb","datePublished":"2026-08-14T20:12:53+00:00","dateModified":"2026-08-14T20:13:10+00:00","mainEntityOfPage":{"@id":"https:\/\/noticiasmercedinas.com\/site\/2026\/08\/14\/luis-ponce-evalua-precandidatura-muchos-companeros-y-companeras-tienen-ganas-como-yo\/"},"wordCount":846,"publisher":{"@id":"https:\/\/noticiasmercedinas.com\/site\/#organization"},"image":{"@id":"https:\/\/noticiasmercedinas.com\/site\/2026\/08\/14\/luis-ponce-evalua-precandidatura-muchos-companeros-y-companeras-tienen-ganas-como-yo\/#primaryimage"},"thumbnailUrl":"https:\/\/noticiasmercedinas.com\/site\/wp-content\/uploads\/2026\/08\/luis_ponce.jpg","keywords":["luis ponce","minga","Noticias Mercedinas","pj"],"articleSection":["Politica","Ultimo momento"],"inLanguage":"es"},{"@type":"WebPage","@id":"https:\/\/noticiasmercedinas.com\/site\/2026\/08\/14\/luis-ponce-evalua-precandidatura-muchos-companeros-y-companeras-tienen-ganas-como-yo\/","url":"https:\/\/noticiasmercedinas.com\/site\/2026\/08\/14\/luis-ponce-evalua-precandidatura-muchos-companeros-y-companeras-tienen-ganas-como-yo\/","name":"Luis Ponce eval\u00faa precandidatura: \"Muchos compa\u00f1eros y compa\u00f1eras tienen ganas como yo\"","isPartOf":{"@id":"https:\/\/noticiasmercedinas.com\/site\/#website"},"primaryImageOfPage":{"@id":"https:\/\/noticiasmercedinas.com\/site\/2026\/08\/14\/luis-ponce-evalua-precandidatura-muchos-companeros-y-companeras-tienen-ganas-como-yo\/#primaryimage"},"image":{"@id":"https:\/\/noticiasmercedinas.com\/site\/2026\/08\/14\/luis-ponce-evalua-precandidatura-muchos-companeros-y-companeras-tienen-ganas-como-yo\/#primaryimage"},"thumbnailUrl":"https:\/\/noticiasmercedinas.com\/site\/wp-content\/uploads\/2026\/08\/luis_ponce.jpg","datePublished":"2026-08-14T20:12:53+00:00","dateModified":"2026-08-14T20:13:10+00:00","description":"El subsecretario de Servicios P\u00fablicos habl\u00f3 tras la decisi\u00f3n del intendente Ustarroz de no buscar un nuevo mandato. Ratific\u00f3 su vocaci\u00f3n pol\u00edtica, defendi\u00f3 el modelo de gesti\u00f3n local y cuestion\u00f3 con dureza el impacto de las pol\u00edticas nacionales en los sectores m\u00e1s vulnerables.","breadcrumb":{"@id":"https:\/\/noticiasmercedinas.com\/site\/2026\/08\/14\/luis-ponce-evalua-precandidatura-muchos-companeros-y-companeras-tienen-ganas-como-yo\/#breadcrumb"},"inLanguage":"es","potentialAction":[{"@type":"ReadAction","target":["https:\/\/noticiasmercedinas.com\/site\/2026\/08\/14\/luis-ponce-evalua-precandidatura-muchos-companeros-y-companeras-tienen-ganas-como-yo\/"]}]},{"@type":"ImageObject","inLanguage":"es","@id":"https:\/\/noticiasmercedinas.com\/site\/2026\/08\/14\/luis-ponce-evalua-precandidatura-muchos-companeros-y-companeras-tienen-ganas-como-yo\/#primaryimage","url":"https:\/\/noticiasmercedinas.com\/site\/wp-content\/uploads\/2026\/08\/luis_ponce.jpg","contentUrl":"https:\/\/noticiasmercedinas.com\/site\/wp-content\/uploads\/2026\/08\/luis_ponce.jpg","width":844,"height":504},{"@type":"BreadcrumbList","@id":"https:\/\/noticiasmercedinas.com\/site\/2026\/08\/14\/luis-ponce-evalua-precandidatura-muchos-companeros-y-companeras-tienen-ganas-como-yo\/#breadcrumb","itemListElement":[{"@type":"ListItem","position":1,"name":"Portada","item":"https:\/\/noticiasmercedinas.com\/site\/"},{"@type":"ListItem","position":2,"name":"Luis Ponce eval\u00faa precandidatura: \u00abMuchos compa\u00f1eros y compa\u00f1eras tienen ganas como yo\u00bb"}]},{"@type":"WebSite","@id":"https:\/\/noticiasmercedinas.com\/site\/#website","url":"https:\/\/noticiasmercedinas.com\/site\/","name":"NOTICIASMERCEDINAS.COM","description":"Mercedes, Buenos Aires, Argentina","publisher":{"@id":"https:\/\/noticiasmercedinas.com\/site\/#organization"},"potentialAction":[{"@type":"SearchAction","target":{"@type":"EntryPoint","urlTemplate":"https:\/\/noticiasmercedinas.com\/site\/?s={search_term_string}"},"query-input":{"@type":"PropertyValueSpecification","valueRequired":true,"valueName":"search_term_string"}}],"inLanguage":"es"},{"@type":"Organization","@id":"https:\/\/noticiasmercedinas.com\/site\/#organization","name":"NOTICIASMERCEDINAS.COM","url":"https:\/\/noticiasmercedinas.com\/site\/","logo":{"@type":"ImageObject","inLanguage":"es","@id":"https:\/\/noticiasmercedinas.com\/site\/#\/schema\/logo\/image\/","url":"https:\/\/noticiasmercedinas.com\/site\/wp-content\/uploads\/2020\/06\/LOGO-512.jpg","contentUrl":"https:\/\/noticiasmercedinas.com\/site\/wp-content\/uploads\/2020\/06\/LOGO-512.jpg","width":512,"height":512,"caption":"NOTICIASMERCEDINAS.COM"},"image":{"@id":"https:\/\/noticiasmercedinas.com\/site\/#\/schema\/logo\/image\/"},"sameAs":["https:\/\/www.facebook.com\/noticiasmercedinas\/","https:\/\/x.com\/notmercedinas","https:\/\/www.instagram.com\/noticiasmercedinas\/"]},{"@type":"Person","@id":"https:\/\/noticiasmercedinas.com\/site\/#\/schema\/person\/84b59c099c28ff2e8b77d4ceec5d8063","name":"NOTICIASMERCEDINAS.COM","image":{"@type":"ImageObject","inLanguage":"es","@id":"https:\/\/secure.gravatar.com\/avatar\/4dfbf16b4d17945bfb6341b2d19043457132fcf478a5ee04f42e959fd8f5df0a?s=96&d=mm&r=g","url":"https:\/\/secure.gravatar.com\/avatar\/4dfbf16b4d17945bfb6341b2d19043457132fcf478a5ee04f42e959fd8f5df0a?s=96&d=mm&r=g","contentUrl":"https:\/\/secure.gravatar.com\/avatar\/4dfbf16b4d17945bfb6341b2d19043457132fcf478a5ee04f42e959fd8f5df0a?s=96&d=mm&r=g","caption":"NOTICIASMERCEDINAS.COM"},"url":"https:\/\/noticiasmercedinas.com\/site\/author\/anonimo\/"}]}},"amp_enabled":true,"_links":{"self":[{"href":"https:\/\/noticiasmercedinas.com\/site\/wp-json\/wp\/v2\/posts\/192797","targetHints":{"allow":["GET"]}}],"collection":[{"href":"https:\/\/noticiasmercedinas.com\/site\/wp-json\/wp\/v2\/posts"}],"about":[{"href":"https:\/\/noticiasmercedinas.com\/site\/wp-json\/wp\/v2\/types\/post"}],"author":[{"embeddable":true,"href":"https:\/\/noticiasmercedinas.com\/site\/wp-json\/wp\/v2\/users\/16"}],"replies":[{"embeddable":true,"href":"https:\/\/noticiasmercedinas.com\/site\/wp-json\/wp\/v2\/comments?post=192797"}],"version-history":[{"count":1,"href":"https:\/\/noticiasmercedinas.com\/site\/wp-json\/wp\/v2\/posts\/192797\/revisions"}],"predecessor-version":[{"id":192799,"href":"https:\/\/noticiasmercedinas.com\/site\/wp-json\/wp\/v2\/posts\/192797\/revisions\/192799"}],"wp:featuredmedia":[{"embeddable":true,"href":"https:\/\/noticiasmercedinas.com\/site\/wp-json\/wp\/v2\/media\/192798"}],"wp:attachment":[{"href":"https:\/\/noticiasmercedinas.com\/site\/wp-json\/wp\/v2\/media?parent=192797"}],"wp:term":[{"taxonomy":"category","embeddable":true,"href":"https:\/\/noticiasmercedinas.com\/site\/wp-json\/wp\/v2\/categories?post=192797"},{"taxonomy":"post_tag","embeddable":true,"href":"https:\/\/noticiasmercedinas.com\/site\/wp-json\/wp\/v2\/tags?post=192797"}],"curies":[{"name":"wp","href":"https:\/\/api.w.org\/{rel}","templated":true}]}}