{"id":192813,"date":"2026-08-15T10:24:22","date_gmt":"2026-08-15T13:24:22","guid":{"rendered":"https:\/\/noticiasmercedinas.com\/site\/?p=192813"},"modified":"2026-08-15T11:02:00","modified_gmt":"2026-08-15T14:02:00","slug":"debora-martinelli-presento-su-libro-el-cancer-no-me-va-a-ganar-en-la-asociacion-medica","status":"publish","type":"post","link":"https:\/\/noticiasmercedinas.com\/site\/2026\/08\/15\/debora-martinelli-presento-su-libro-el-cancer-no-me-va-a-ganar-en-la-asociacion-medica\/","title":{"rendered":"D\u00e9bora Martinelli present\u00f3 su libro \u00abEl c\u00e1ncer no es mala palabra\u00bb en la Asociaci\u00f3n M\u00e9dica"},"content":{"rendered":"<p data-path-to-node=\"2\"><img loading=\"lazy\" decoding=\"async\" class=\"alignnone size-full wp-image-192815\" src=\"https:\/\/noticiasmercedinas.com\/site\/wp-content\/uploads\/2026\/08\/FOTO-TIGRESA-ACUNA.jpg\" alt=\"\" width=\"640\" height=\"410\" srcset=\"https:\/\/noticiasmercedinas.com\/site\/wp-content\/uploads\/2026\/08\/FOTO-TIGRESA-ACUNA.jpg 640w, https:\/\/noticiasmercedinas.com\/site\/wp-content\/uploads\/2026\/08\/FOTO-TIGRESA-ACUNA-300x192.jpg 300w\" sizes=\"auto, (max-width: 640px) 100vw, 640px\" \/><\/p>\n<p data-path-to-node=\"2\">En una jornada marcada por la emoci\u00f3n y el compromiso con la concientizaci\u00f3n sobre la salud, la atleta mercedina <b data-path-to-node=\"2\" data-index-in-node=\"138\">D\u00e9bora Martinelli<\/b> present\u00f3 oficialmente su libro <i data-path-to-node=\"2\" data-index-in-node=\"190\">\u00abEl c\u00e1ncer no es mala palabra\u00bb<\/i>.<\/p>\n<p data-path-to-node=\"2\">El encuentro tuvo lugar este viernes 14 de agosto a las 20:00 horas en la sede de la Asociaci\u00f3n M\u00e9dica de Mercedes (calle 27 N\u00b0 733), con un sal\u00f3n colmado por familiares, amigos, profesionales de la salud y vecinos de la comunidad.<\/p>\n<p data-path-to-node=\"3\">Previo al inicio de la disertaci\u00f3n, la presidenta del Honorable Concejo Deliberante, <b data-path-to-node=\"3\" data-index-in-node=\"85\">Mariana San Mart\u00edn<\/b>, hizo entrega a la autora del decreto que declara a la obra de <b data-path-to-node=\"3\" data-index-in-node=\"167\">Inter\u00e9s Legislativo<\/b>.<\/p>\n<p data-path-to-node=\"3\">La distinci\u00f3n, impulsada por el bloque Vecinos por Mercedes y aprobada por unanimidad el pasado 27 de julio, reconoci\u00f3 el valor social, cultural y humano del testimonio de Martinelli para la poblaci\u00f3n local.<\/p>\n<p data-path-to-node=\"3\"><img loading=\"lazy\" decoding=\"async\" class=\"alignnone size-full wp-image-192814\" src=\"https:\/\/noticiasmercedinas.com\/site\/wp-content\/uploads\/2026\/08\/RECONOCIMIENTO.jpg\" alt=\"\" width=\"640\" height=\"395\" srcset=\"https:\/\/noticiasmercedinas.com\/site\/wp-content\/uploads\/2026\/08\/RECONOCIMIENTO.jpg 640w, https:\/\/noticiasmercedinas.com\/site\/wp-content\/uploads\/2026\/08\/RECONOCIMIENTO-300x185.jpg 300w\" sizes=\"auto, (max-width: 640px) 100vw, 640px\" \/><\/p>\n<p data-path-to-node=\"4\">La presentaci\u00f3n formal de la obra estuvo a cargo de la licenciada <b data-path-to-node=\"4\" data-index-in-node=\"66\">Susana Spano<\/b>, quien destac\u00f3 el concepto de resiliencia como el eje vertebrador del relato. Durante su intervenci\u00f3n, Spano describi\u00f3 la publicaci\u00f3n como un testimonio genuino que amalgama la angustia, la incertidumbre y el humor, permitiendo visibilizar no solo el dolor del tratamiento, sino tambi\u00e9n el valor de los afectos, la esperanza y la determinaci\u00f3n para superar las adversidades.<\/p>\n<p data-path-to-node=\"5\">Al tomar la palabra, la autora \u2014reconocida deportista en las disciplinas de lanzamiento de disco, bala y martillo\u2014 recurri\u00f3 a met\u00e1foras del atletismo para detallar su proceso frente al diagn\u00f3stico de c\u00e1ncer de mama, la quimioterapia y su posterior regreso a las pistas. Durante su mensaje, Martinelli enfatiz\u00f3 la importancia del autoexamen y los controles m\u00e9dicos continuos, remarcando que la prevenci\u00f3n debe sostenerse los 365 d\u00edas del a\u00f1o y no limitarse \u00fanicamente a las campa\u00f1as de octubre.<\/p>\n<p data-path-to-node=\"6\">La velada incluy\u00f3 adem\u00e1s un momento distendido cuando una vecina le acerc\u00f3 a la autora una antigua fotograf\u00eda junto a la exboxeadora Marcela \u00abLa Tigresa\u00bb Acu\u00f1a.<\/p>\n<p data-path-to-node=\"6\">Desde la comisi\u00f3n directiva de la Asociaci\u00f3n M\u00e9dica de Mercedes valoraron la concreci\u00f3n de la jornada como parte de su pol\u00edtica de apertura institucional y acompa\u00f1amiento a la comunidad en iniciativas de informaci\u00f3n, educaci\u00f3n y prevenci\u00f3n en salud.<\/p>\n","protected":false},"excerpt":{"rendered":"<p>\u25a0 La atleta mercedina comparti\u00f3 su testimonio de resiliencia ante un auditorio colmado. La obra fue declarada de Inter\u00e9s Legislativo por el Honorable Concejo Deliberante de Mercedes.<\/p>\n","protected":false},"author":16,"featured_media":192815,"comment_status":"closed","ping_status":"closed","sticky":false,"template":"","format":"standard","meta":{"footnotes":""},"categories":[4],"tags":[9543,984,243,2426,19,494],"class_list":["post-192813","post","type-post","status-publish","format-standard","has-post-thumbnail","hentry","category-cultura","tag-asociacion-medica-de-mercedes","tag-cancer","tag-concejo-deliberante","tag-debora-martinelli","tag-hcd","tag-libro"],"yoast_head":"<!-- This site is optimized with the Yoast SEO plugin v28.4 - https:\/\/yoast.com\/product\/yoast-seo-wordpress\/ -->\n<title>D\u00e9bora Martinelli present\u00f3 su libro &quot;El c\u00e1ncer no es mala palabra&quot; en la Asociaci\u00f3n M\u00e9dica<\/title>\n<meta name=\"description\" content=\"\u25a0 La atleta mercedina comparti\u00f3 su testimonio de resiliencia ante un auditorio colmado. La obra fue declarada de Inter\u00e9s Legislativo por el Honorable Concejo Deliberante de Mercedes.\" \/>\n<meta name=\"robots\" content=\"index, follow, max-snippet:-1, max-image-preview:large, max-video-preview:-1\" \/>\n<link rel=\"canonical\" href=\"https:\/\/noticiasmercedinas.com\/site\/2026\/08\/15\/debora-martinelli-presento-su-libro-el-cancer-no-me-va-a-ganar-en-la-asociacion-medica\/\" \/>\n<meta property=\"og:locale\" content=\"es_ES\" \/>\n<meta property=\"og:type\" content=\"article\" \/>\n<meta property=\"og:title\" content=\"D\u00e9bora Martinelli present\u00f3 su libro &quot;El c\u00e1ncer no es mala palabra&quot; en la Asociaci\u00f3n M\u00e9dica\" \/>\n<meta property=\"og:description\" content=\"\u25a0 La atleta mercedina comparti\u00f3 su testimonio de resiliencia ante un auditorio colmado. La obra fue declarada de Inter\u00e9s Legislativo por el Honorable Concejo Deliberante de Mercedes.\" \/>\n<meta property=\"og:url\" content=\"https:\/\/noticiasmercedinas.com\/site\/2026\/08\/15\/debora-martinelli-presento-su-libro-el-cancer-no-me-va-a-ganar-en-la-asociacion-medica\/\" \/>\n<meta property=\"og:site_name\" content=\"NOTICIASMERCEDINAS.COM\" \/>\n<meta property=\"article:publisher\" content=\"https:\/\/www.facebook.com\/noticiasmercedinas\/\" \/>\n<meta property=\"article:published_time\" content=\"2026-08-15T13:24:22+00:00\" \/>\n<meta property=\"article:modified_time\" content=\"2026-08-15T14:02:00+00:00\" \/>\n<meta property=\"og:image\" content=\"https:\/\/noticiasmercedinas.com\/site\/wp-content\/uploads\/2026\/08\/FOTO-TIGRESA-ACUNA.jpg\" \/>\n\t<meta property=\"og:image:width\" content=\"640\" \/>\n\t<meta property=\"og:image:height\" content=\"410\" \/>\n\t<meta property=\"og:image:type\" content=\"image\/jpeg\" \/>\n<meta name=\"author\" content=\"NOTICIASMERCEDINAS.COM\" \/>\n<meta name=\"twitter:card\" content=\"summary_large_image\" \/>\n<meta name=\"twitter:creator\" content=\"@notmercedinas\" \/>\n<meta name=\"twitter:site\" content=\"@notmercedinas\" \/>\n<meta name=\"twitter:label1\" content=\"Escrito por\" \/>\n\t<meta name=\"twitter:data1\" content=\"NOTICIASMERCEDINAS.COM\" \/>\n\t<meta name=\"twitter:label2\" content=\"Tiempo de lectura\" \/>\n\t<meta name=\"twitter:data2\" content=\"3 minutos\" \/>\n<script type=\"application\/ld+json\" class=\"yoast-schema-graph\">{\"@context\":\"https:\\\/\\\/schema.org\",\"@graph\":[{\"@type\":\"Article\",\"@id\":\"https:\\\/\\\/noticiasmercedinas.com\\\/site\\\/2026\\\/08\\\/15\\\/debora-martinelli-presento-su-libro-el-cancer-no-me-va-a-ganar-en-la-asociacion-medica\\\/#article\",\"isPartOf\":{\"@id\":\"https:\\\/\\\/noticiasmercedinas.com\\\/site\\\/2026\\\/08\\\/15\\\/debora-martinelli-presento-su-libro-el-cancer-no-me-va-a-ganar-en-la-asociacion-medica\\\/\"},\"author\":{\"name\":\"NOTICIASMERCEDINAS.COM\",\"@id\":\"https:\\\/\\\/noticiasmercedinas.com\\\/site\\\/#\\\/schema\\\/person\\\/84b59c099c28ff2e8b77d4ceec5d8063\"},\"headline\":\"D\u00e9bora Martinelli present\u00f3 su libro \u00abEl c\u00e1ncer no es mala palabra\u00bb en la Asociaci\u00f3n M\u00e9dica\",\"datePublished\":\"2026-08-15T13:24:22+00:00\",\"dateModified\":\"2026-08-15T14:02:00+00:00\",\"mainEntityOfPage\":{\"@id\":\"https:\\\/\\\/noticiasmercedinas.com\\\/site\\\/2026\\\/08\\\/15\\\/debora-martinelli-presento-su-libro-el-cancer-no-me-va-a-ganar-en-la-asociacion-medica\\\/\"},\"wordCount\":397,\"publisher\":{\"@id\":\"https:\\\/\\\/noticiasmercedinas.com\\\/site\\\/#organization\"},\"image\":{\"@id\":\"https:\\\/\\\/noticiasmercedinas.com\\\/site\\\/2026\\\/08\\\/15\\\/debora-martinelli-presento-su-libro-el-cancer-no-me-va-a-ganar-en-la-asociacion-medica\\\/#primaryimage\"},\"thumbnailUrl\":\"https:\\\/\\\/noticiasmercedinas.com\\\/site\\\/wp-content\\\/uploads\\\/2026\\\/08\\\/FOTO-TIGRESA-ACUNA.jpg\",\"keywords\":[\"Asociaci\u00f3n M\u00e9dica de Mercedes\",\"cancer\",\"concejo deliberante\",\"debora martinelli\",\"HCD\",\"libro\"],\"articleSection\":[\"Cultura\"],\"inLanguage\":\"es\"},{\"@type\":\"WebPage\",\"@id\":\"https:\\\/\\\/noticiasmercedinas.com\\\/site\\\/2026\\\/08\\\/15\\\/debora-martinelli-presento-su-libro-el-cancer-no-me-va-a-ganar-en-la-asociacion-medica\\\/\",\"url\":\"https:\\\/\\\/noticiasmercedinas.com\\\/site\\\/2026\\\/08\\\/15\\\/debora-martinelli-presento-su-libro-el-cancer-no-me-va-a-ganar-en-la-asociacion-medica\\\/\",\"name\":\"D\u00e9bora Martinelli present\u00f3 su libro \\\"El c\u00e1ncer no es mala palabra\\\" en la Asociaci\u00f3n M\u00e9dica\",\"isPartOf\":{\"@id\":\"https:\\\/\\\/noticiasmercedinas.com\\\/site\\\/#website\"},\"primaryImageOfPage\":{\"@id\":\"https:\\\/\\\/noticiasmercedinas.com\\\/site\\\/2026\\\/08\\\/15\\\/debora-martinelli-presento-su-libro-el-cancer-no-me-va-a-ganar-en-la-asociacion-medica\\\/#primaryimage\"},\"image\":{\"@id\":\"https:\\\/\\\/noticiasmercedinas.com\\\/site\\\/2026\\\/08\\\/15\\\/debora-martinelli-presento-su-libro-el-cancer-no-me-va-a-ganar-en-la-asociacion-medica\\\/#primaryimage\"},\"thumbnailUrl\":\"https:\\\/\\\/noticiasmercedinas.com\\\/site\\\/wp-content\\\/uploads\\\/2026\\\/08\\\/FOTO-TIGRESA-ACUNA.jpg\",\"datePublished\":\"2026-08-15T13:24:22+00:00\",\"dateModified\":\"2026-08-15T14:02:00+00:00\",\"description\":\"\u25a0 La atleta mercedina comparti\u00f3 su testimonio de resiliencia ante un auditorio colmado. La obra fue declarada de Inter\u00e9s Legislativo por el Honorable Concejo Deliberante de Mercedes.\",\"breadcrumb\":{\"@id\":\"https:\\\/\\\/noticiasmercedinas.com\\\/site\\\/2026\\\/08\\\/15\\\/debora-martinelli-presento-su-libro-el-cancer-no-me-va-a-ganar-en-la-asociacion-medica\\\/#breadcrumb\"},\"inLanguage\":\"es\",\"potentialAction\":[{\"@type\":\"ReadAction\",\"target\":[\"https:\\\/\\\/noticiasmercedinas.com\\\/site\\\/2026\\\/08\\\/15\\\/debora-martinelli-presento-su-libro-el-cancer-no-me-va-a-ganar-en-la-asociacion-medica\\\/\"]}]},{\"@type\":\"ImageObject\",\"inLanguage\":\"es\",\"@id\":\"https:\\\/\\\/noticiasmercedinas.com\\\/site\\\/2026\\\/08\\\/15\\\/debora-martinelli-presento-su-libro-el-cancer-no-me-va-a-ganar-en-la-asociacion-medica\\\/#primaryimage\",\"url\":\"https:\\\/\\\/noticiasmercedinas.com\\\/site\\\/wp-content\\\/uploads\\\/2026\\\/08\\\/FOTO-TIGRESA-ACUNA.jpg\",\"contentUrl\":\"https:\\\/\\\/noticiasmercedinas.com\\\/site\\\/wp-content\\\/uploads\\\/2026\\\/08\\\/FOTO-TIGRESA-ACUNA.jpg\",\"width\":640,\"height\":410},{\"@type\":\"BreadcrumbList\",\"@id\":\"https:\\\/\\\/noticiasmercedinas.com\\\/site\\\/2026\\\/08\\\/15\\\/debora-martinelli-presento-su-libro-el-cancer-no-me-va-a-ganar-en-la-asociacion-medica\\\/#breadcrumb\",\"itemListElement\":[{\"@type\":\"ListItem\",\"position\":1,\"name\":\"Portada\",\"item\":\"https:\\\/\\\/noticiasmercedinas.com\\\/site\\\/\"},{\"@type\":\"ListItem\",\"position\":2,\"name\":\"D\u00e9bora Martinelli present\u00f3 su libro \u00abEl c\u00e1ncer no es mala palabra\u00bb en la Asociaci\u00f3n M\u00e9dica\"}]},{\"@type\":\"WebSite\",\"@id\":\"https:\\\/\\\/noticiasmercedinas.com\\\/site\\\/#website\",\"url\":\"https:\\\/\\\/noticiasmercedinas.com\\\/site\\\/\",\"name\":\"NOTICIASMERCEDINAS.COM\",\"description\":\"Mercedes, Buenos Aires, Argentina\",\"publisher\":{\"@id\":\"https:\\\/\\\/noticiasmercedinas.com\\\/site\\\/#organization\"},\"potentialAction\":[{\"@type\":\"SearchAction\",\"target\":{\"@type\":\"EntryPoint\",\"urlTemplate\":\"https:\\\/\\\/noticiasmercedinas.com\\\/site\\\/?s={search_term_string}\"},\"query-input\":{\"@type\":\"PropertyValueSpecification\",\"valueRequired\":true,\"valueName\":\"search_term_string\"}}],\"inLanguage\":\"es\"},{\"@type\":\"Organization\",\"@id\":\"https:\\\/\\\/noticiasmercedinas.com\\\/site\\\/#organization\",\"name\":\"NOTICIASMERCEDINAS.COM\",\"url\":\"https:\\\/\\\/noticiasmercedinas.com\\\/site\\\/\",\"logo\":{\"@type\":\"ImageObject\",\"inLanguage\":\"es\",\"@id\":\"https:\\\/\\\/noticiasmercedinas.com\\\/site\\\/#\\\/schema\\\/logo\\\/image\\\/\",\"url\":\"https:\\\/\\\/noticiasmercedinas.com\\\/site\\\/wp-content\\\/uploads\\\/2020\\\/06\\\/LOGO-512.jpg\",\"contentUrl\":\"https:\\\/\\\/noticiasmercedinas.com\\\/site\\\/wp-content\\\/uploads\\\/2020\\\/06\\\/LOGO-512.jpg\",\"width\":512,\"height\":512,\"caption\":\"NOTICIASMERCEDINAS.COM\"},\"image\":{\"@id\":\"https:\\\/\\\/noticiasmercedinas.com\\\/site\\\/#\\\/schema\\\/logo\\\/image\\\/\"},\"sameAs\":[\"https:\\\/\\\/www.facebook.com\\\/noticiasmercedinas\\\/\",\"https:\\\/\\\/x.com\\\/notmercedinas\",\"https:\\\/\\\/www.instagram.com\\\/noticiasmercedinas\\\/\"]},{\"@type\":\"Person\",\"@id\":\"https:\\\/\\\/noticiasmercedinas.com\\\/site\\\/#\\\/schema\\\/person\\\/84b59c099c28ff2e8b77d4ceec5d8063\",\"name\":\"NOTICIASMERCEDINAS.COM\",\"image\":{\"@type\":\"ImageObject\",\"inLanguage\":\"es\",\"@id\":\"https:\\\/\\\/secure.gravatar.com\\\/avatar\\\/4dfbf16b4d17945bfb6341b2d19043457132fcf478a5ee04f42e959fd8f5df0a?s=96&d=mm&r=g\",\"url\":\"https:\\\/\\\/secure.gravatar.com\\\/avatar\\\/4dfbf16b4d17945bfb6341b2d19043457132fcf478a5ee04f42e959fd8f5df0a?s=96&d=mm&r=g\",\"contentUrl\":\"https:\\\/\\\/secure.gravatar.com\\\/avatar\\\/4dfbf16b4d17945bfb6341b2d19043457132fcf478a5ee04f42e959fd8f5df0a?s=96&d=mm&r=g\",\"caption\":\"NOTICIASMERCEDINAS.COM\"},\"url\":\"https:\\\/\\\/noticiasmercedinas.com\\\/site\\\/author\\\/anonimo\\\/\"}]}<\/script>\n<!-- \/ Yoast SEO plugin. -->","yoast_head_json":{"title":"D\u00e9bora Martinelli present\u00f3 su libro \"El c\u00e1ncer no es mala palabra\" en la Asociaci\u00f3n M\u00e9dica","description":"\u25a0 La atleta mercedina comparti\u00f3 su testimonio de resiliencia ante un auditorio colmado. La obra fue declarada de Inter\u00e9s Legislativo por el Honorable Concejo Deliberante de Mercedes.","robots":{"index":"index","follow":"follow","max-snippet":"max-snippet:-1","max-image-preview":"max-image-preview:large","max-video-preview":"max-video-preview:-1"},"canonical":"https:\/\/noticiasmercedinas.com\/site\/2026\/08\/15\/debora-martinelli-presento-su-libro-el-cancer-no-me-va-a-ganar-en-la-asociacion-medica\/","og_locale":"es_ES","og_type":"article","og_title":"D\u00e9bora Martinelli present\u00f3 su libro \"El c\u00e1ncer no es mala palabra\" en la Asociaci\u00f3n M\u00e9dica","og_description":"\u25a0 La atleta mercedina comparti\u00f3 su testimonio de resiliencia ante un auditorio colmado. La obra fue declarada de Inter\u00e9s Legislativo por el Honorable Concejo Deliberante de Mercedes.","og_url":"https:\/\/noticiasmercedinas.com\/site\/2026\/08\/15\/debora-martinelli-presento-su-libro-el-cancer-no-me-va-a-ganar-en-la-asociacion-medica\/","og_site_name":"NOTICIASMERCEDINAS.COM","article_publisher":"https:\/\/www.facebook.com\/noticiasmercedinas\/","article_published_time":"2026-08-15T13:24:22+00:00","article_modified_time":"2026-08-15T14:02:00+00:00","og_image":[{"width":640,"height":410,"url":"https:\/\/noticiasmercedinas.com\/site\/wp-content\/uploads\/2026\/08\/FOTO-TIGRESA-ACUNA.jpg","type":"image\/jpeg"}],"author":"NOTICIASMERCEDINAS.COM","twitter_card":"summary_large_image","twitter_creator":"@notmercedinas","twitter_site":"@notmercedinas","twitter_misc":{"Escrito por":"NOTICIASMERCEDINAS.COM","Tiempo de lectura":"3 minutos"},"schema":{"@context":"https:\/\/schema.org","@graph":[{"@type":"Article","@id":"https:\/\/noticiasmercedinas.com\/site\/2026\/08\/15\/debora-martinelli-presento-su-libro-el-cancer-no-me-va-a-ganar-en-la-asociacion-medica\/#article","isPartOf":{"@id":"https:\/\/noticiasmercedinas.com\/site\/2026\/08\/15\/debora-martinelli-presento-su-libro-el-cancer-no-me-va-a-ganar-en-la-asociacion-medica\/"},"author":{"name":"NOTICIASMERCEDINAS.COM","@id":"https:\/\/noticiasmercedinas.com\/site\/#\/schema\/person\/84b59c099c28ff2e8b77d4ceec5d8063"},"headline":"D\u00e9bora Martinelli present\u00f3 su libro \u00abEl c\u00e1ncer no es mala palabra\u00bb en la Asociaci\u00f3n M\u00e9dica","datePublished":"2026-08-15T13:24:22+00:00","dateModified":"2026-08-15T14:02:00+00:00","mainEntityOfPage":{"@id":"https:\/\/noticiasmercedinas.com\/site\/2026\/08\/15\/debora-martinelli-presento-su-libro-el-cancer-no-me-va-a-ganar-en-la-asociacion-medica\/"},"wordCount":397,"publisher":{"@id":"https:\/\/noticiasmercedinas.com\/site\/#organization"},"image":{"@id":"https:\/\/noticiasmercedinas.com\/site\/2026\/08\/15\/debora-martinelli-presento-su-libro-el-cancer-no-me-va-a-ganar-en-la-asociacion-medica\/#primaryimage"},"thumbnailUrl":"https:\/\/noticiasmercedinas.com\/site\/wp-content\/uploads\/2026\/08\/FOTO-TIGRESA-ACUNA.jpg","keywords":["Asociaci\u00f3n M\u00e9dica de Mercedes","cancer","concejo deliberante","debora martinelli","HCD","libro"],"articleSection":["Cultura"],"inLanguage":"es"},{"@type":"WebPage","@id":"https:\/\/noticiasmercedinas.com\/site\/2026\/08\/15\/debora-martinelli-presento-su-libro-el-cancer-no-me-va-a-ganar-en-la-asociacion-medica\/","url":"https:\/\/noticiasmercedinas.com\/site\/2026\/08\/15\/debora-martinelli-presento-su-libro-el-cancer-no-me-va-a-ganar-en-la-asociacion-medica\/","name":"D\u00e9bora Martinelli present\u00f3 su libro \"El c\u00e1ncer no es mala palabra\" en la Asociaci\u00f3n M\u00e9dica","isPartOf":{"@id":"https:\/\/noticiasmercedinas.com\/site\/#website"},"primaryImageOfPage":{"@id":"https:\/\/noticiasmercedinas.com\/site\/2026\/08\/15\/debora-martinelli-presento-su-libro-el-cancer-no-me-va-a-ganar-en-la-asociacion-medica\/#primaryimage"},"image":{"@id":"https:\/\/noticiasmercedinas.com\/site\/2026\/08\/15\/debora-martinelli-presento-su-libro-el-cancer-no-me-va-a-ganar-en-la-asociacion-medica\/#primaryimage"},"thumbnailUrl":"https:\/\/noticiasmercedinas.com\/site\/wp-content\/uploads\/2026\/08\/FOTO-TIGRESA-ACUNA.jpg","datePublished":"2026-08-15T13:24:22+00:00","dateModified":"2026-08-15T14:02:00+00:00","description":"\u25a0 La atleta mercedina comparti\u00f3 su testimonio de resiliencia ante un auditorio colmado. La obra fue declarada de Inter\u00e9s Legislativo por el Honorable Concejo Deliberante de Mercedes.","breadcrumb":{"@id":"https:\/\/noticiasmercedinas.com\/site\/2026\/08\/15\/debora-martinelli-presento-su-libro-el-cancer-no-me-va-a-ganar-en-la-asociacion-medica\/#breadcrumb"},"inLanguage":"es","potentialAction":[{"@type":"ReadAction","target":["https:\/\/noticiasmercedinas.com\/site\/2026\/08\/15\/debora-martinelli-presento-su-libro-el-cancer-no-me-va-a-ganar-en-la-asociacion-medica\/"]}]},{"@type":"ImageObject","inLanguage":"es","@id":"https:\/\/noticiasmercedinas.com\/site\/2026\/08\/15\/debora-martinelli-presento-su-libro-el-cancer-no-me-va-a-ganar-en-la-asociacion-medica\/#primaryimage","url":"https:\/\/noticiasmercedinas.com\/site\/wp-content\/uploads\/2026\/08\/FOTO-TIGRESA-ACUNA.jpg","contentUrl":"https:\/\/noticiasmercedinas.com\/site\/wp-content\/uploads\/2026\/08\/FOTO-TIGRESA-ACUNA.jpg","width":640,"height":410},{"@type":"BreadcrumbList","@id":"https:\/\/noticiasmercedinas.com\/site\/2026\/08\/15\/debora-martinelli-presento-su-libro-el-cancer-no-me-va-a-ganar-en-la-asociacion-medica\/#breadcrumb","itemListElement":[{"@type":"ListItem","position":1,"name":"Portada","item":"https:\/\/noticiasmercedinas.com\/site\/"},{"@type":"ListItem","position":2,"name":"D\u00e9bora Martinelli present\u00f3 su libro \u00abEl c\u00e1ncer no es mala palabra\u00bb en la Asociaci\u00f3n M\u00e9dica"}]},{"@type":"WebSite","@id":"https:\/\/noticiasmercedinas.com\/site\/#website","url":"https:\/\/noticiasmercedinas.com\/site\/","name":"NOTICIASMERCEDINAS.COM","description":"Mercedes, Buenos Aires, Argentina","publisher":{"@id":"https:\/\/noticiasmercedinas.com\/site\/#organization"},"potentialAction":[{"@type":"SearchAction","target":{"@type":"EntryPoint","urlTemplate":"https:\/\/noticiasmercedinas.com\/site\/?s={search_term_string}"},"query-input":{"@type":"PropertyValueSpecification","valueRequired":true,"valueName":"search_term_string"}}],"inLanguage":"es"},{"@type":"Organization","@id":"https:\/\/noticiasmercedinas.com\/site\/#organization","name":"NOTICIASMERCEDINAS.COM","url":"https:\/\/noticiasmercedinas.com\/site\/","logo":{"@type":"ImageObject","inLanguage":"es","@id":"https:\/\/noticiasmercedinas.com\/site\/#\/schema\/logo\/image\/","url":"https:\/\/noticiasmercedinas.com\/site\/wp-content\/uploads\/2020\/06\/LOGO-512.jpg","contentUrl":"https:\/\/noticiasmercedinas.com\/site\/wp-content\/uploads\/2020\/06\/LOGO-512.jpg","width":512,"height":512,"caption":"NOTICIASMERCEDINAS.COM"},"image":{"@id":"https:\/\/noticiasmercedinas.com\/site\/#\/schema\/logo\/image\/"},"sameAs":["https:\/\/www.facebook.com\/noticiasmercedinas\/","https:\/\/x.com\/notmercedinas","https:\/\/www.instagram.com\/noticiasmercedinas\/"]},{"@type":"Person","@id":"https:\/\/noticiasmercedinas.com\/site\/#\/schema\/person\/84b59c099c28ff2e8b77d4ceec5d8063","name":"NOTICIASMERCEDINAS.COM","image":{"@type":"ImageObject","inLanguage":"es","@id":"https:\/\/secure.gravatar.com\/avatar\/4dfbf16b4d17945bfb6341b2d19043457132fcf478a5ee04f42e959fd8f5df0a?s=96&d=mm&r=g","url":"https:\/\/secure.gravatar.com\/avatar\/4dfbf16b4d17945bfb6341b2d19043457132fcf478a5ee04f42e959fd8f5df0a?s=96&d=mm&r=g","contentUrl":"https:\/\/secure.gravatar.com\/avatar\/4dfbf16b4d17945bfb6341b2d19043457132fcf478a5ee04f42e959fd8f5df0a?s=96&d=mm&r=g","caption":"NOTICIASMERCEDINAS.COM"},"url":"https:\/\/noticiasmercedinas.com\/site\/author\/anonimo\/"}]}},"amp_enabled":true,"_links":{"self":[{"href":"https:\/\/noticiasmercedinas.com\/site\/wp-json\/wp\/v2\/posts\/192813","targetHints":{"allow":["GET"]}}],"collection":[{"href":"https:\/\/noticiasmercedinas.com\/site\/wp-json\/wp\/v2\/posts"}],"about":[{"href":"https:\/\/noticiasmercedinas.com\/site\/wp-json\/wp\/v2\/types\/post"}],"author":[{"embeddable":true,"href":"https:\/\/noticiasmercedinas.com\/site\/wp-json\/wp\/v2\/users\/16"}],"replies":[{"embeddable":true,"href":"https:\/\/noticiasmercedinas.com\/site\/wp-json\/wp\/v2\/comments?post=192813"}],"version-history":[{"count":3,"href":"https:\/\/noticiasmercedinas.com\/site\/wp-json\/wp\/v2\/posts\/192813\/revisions"}],"predecessor-version":[{"id":192821,"href":"https:\/\/noticiasmercedinas.com\/site\/wp-json\/wp\/v2\/posts\/192813\/revisions\/192821"}],"wp:featuredmedia":[{"embeddable":true,"href":"https:\/\/noticiasmercedinas.com\/site\/wp-json\/wp\/v2\/media\/192815"}],"wp:attachment":[{"href":"https:\/\/noticiasmercedinas.com\/site\/wp-json\/wp\/v2\/media?parent=192813"}],"wp:term":[{"taxonomy":"category","embeddable":true,"href":"https:\/\/noticiasmercedinas.com\/site\/wp-json\/wp\/v2\/categories?post=192813"},{"taxonomy":"post_tag","embeddable":true,"href":"https:\/\/noticiasmercedinas.com\/site\/wp-json\/wp\/v2\/tags?post=192813"}],"curies":[{"name":"wp","href":"https:\/\/api.w.org\/{rel}","templated":true}]}}