{"id":192840,"date":"2026-08-15T15:17:55","date_gmt":"2026-08-15T18:17:55","guid":{"rendered":"https:\/\/noticiasmercedinas.com\/site\/?p=192840"},"modified":"2026-08-15T19:02:13","modified_gmt":"2026-08-15T22:02:13","slug":"demoledora-victoria-de-el-fronton-por-el-trfaf","status":"publish","type":"post","link":"https:\/\/noticiasmercedinas.com\/site\/2026\/08\/15\/demoledora-victoria-de-el-fronton-por-el-trfaf\/","title":{"rendered":"Demoledora victoria de El Front\u00f3n por el TRFAF"},"content":{"rendered":"<figure id=\"attachment_192841\" aria-describedby=\"caption-attachment-192841\" style=\"width: 640px\" class=\"wp-caption alignnone\"><img loading=\"lazy\" decoding=\"async\" class=\"wp-image-192841 size-full\" src=\"https:\/\/noticiasmercedinas.com\/site\/wp-content\/uploads\/2026\/08\/captura.jpg\" alt=\"\" width=\"640\" height=\"356\" srcset=\"https:\/\/noticiasmercedinas.com\/site\/wp-content\/uploads\/2026\/08\/captura.jpg 640w, https:\/\/noticiasmercedinas.com\/site\/wp-content\/uploads\/2026\/08\/captura-300x167.jpg 300w\" sizes=\"auto, (max-width: 640px) 100vw, 640px\" \/><figcaption id=\"caption-attachment-192841\" class=\"wp-caption-text\">Front\u00f3n ante River (captura de El Front\u00f3n Youtube).<\/figcaption><\/figure>\n<p>En la ma\u00f1ana y mediod\u00eda de este s\u00e1bado 15 la cancha del predio \u201cTito\u201d Crosetti fue testigo de un paso m\u00e1s para el primer equipo femenino de El Front\u00f3n. Por la segunda fase del Torneo Regional Federal Amateur Femenino la visita fue River Plate de San Antonio de Areco, equipo que ven\u00eda de clasificar sin jugar al retirarse de la competencia Lima FC, mientras que las de San Andr\u00e9s de Giles hab\u00edan eliminado a Pabell\u00f3n con un 0-0 y 0-3.<\/p>\n<p>River supo aprovechar un error defensivo de las locales y con ello en 6\u2019 abri\u00f3 la cuenta, no se demoraron demasiado las due\u00f1as de casa para empatarlo en 18\u2019 y en el transcurso del primer tiempo supo inclinar la cancha Front\u00f3n. A los 25\u2019y 27\u2019 m\u00e1s dos penales en 34 y 37\u2019 dejaron el marcador 5 a 1 en la primera parte, al penal de la mercedina Nazarena Viola en primera instancia se lo atajaron siendo ejecutado nuevamente por invasi\u00f3n, en la segunda chance convirti\u00f3.<\/p>\n<p>El complemento pr\u00e1cticamente estuvo dem\u00e1s, con un juego donde Front\u00f3n ampli\u00f3 en 12\u2019 y 21\u2019 para sellar un contundente 7 a 1. De esta manera el club que afronta tres frentes (Liga TRFAF y Primera C) espera por el partido revancha en San Antonio de Areco el venidero fin de semana, la ida marc\u00f3 una clara superioridad, aunque habr\u00e1 que cumplir con el compromiso que se viene en el certamen organizado por el Consejo Federal.<\/p>\n<p><strong>El Front\u00f3n 7:<\/strong> Nicole Ochuzzi 2, Luz Hern\u00e1ndez, Yamila Garc\u00eda, Nazarena Viola de penal, Uri Funes de penal y Roc\u00edo Oron\u00e1.<br \/>\n<strong>River (SAA) 1: <\/strong>Camila Acu\u00f1a.<br \/>\n<strong>Arbitro:<\/strong> Nery De Los Santos (Salto).<\/p>\n","protected":false},"excerpt":{"rendered":"<p>\u25a0 En la ida tras estar abajo en el marcador termin\u00f3 goleando 7-1 a River de San Antonio de Areco. Por delante queda la revancha en busca de seguir camino en el certamen del Consejo Federal.<\/p>\n","protected":false},"author":6,"featured_media":192841,"comment_status":"closed","ping_status":"closed","sticky":false,"template":"","format":"standard","meta":{"footnotes":""},"categories":[5],"tags":[532,18331],"class_list":["post-192840","post","type-post","status-publish","format-standard","has-post-thumbnail","hentry","category-deportes","tag-el-fronton","tag-trfaf"],"yoast_head":"<!-- This site is optimized with the Yoast SEO plugin v28.4 - https:\/\/yoast.com\/product\/yoast-seo-wordpress\/ -->\n<title>Demoledora victoria de El Front\u00f3n por el TRFAF<\/title>\n<meta name=\"robots\" content=\"index, follow, max-snippet:-1, max-image-preview:large, max-video-preview:-1\" \/>\n<link rel=\"canonical\" href=\"https:\/\/noticiasmercedinas.com\/site\/2026\/08\/15\/demoledora-victoria-de-el-fronton-por-el-trfaf\/\" \/>\n<meta property=\"og:locale\" content=\"es_ES\" \/>\n<meta property=\"og:type\" content=\"article\" \/>\n<meta property=\"og:title\" content=\"Demoledora victoria de El Front\u00f3n por el TRFAF\" \/>\n<meta property=\"og:description\" content=\"\u25a0 En la ida tras estar abajo en el marcador termin\u00f3 goleando 7-1 a River de San Antonio de Areco. Por delante queda la revancha en busca de seguir camino en el certamen del Consejo Federal.\" \/>\n<meta property=\"og:url\" content=\"https:\/\/noticiasmercedinas.com\/site\/2026\/08\/15\/demoledora-victoria-de-el-fronton-por-el-trfaf\/\" \/>\n<meta property=\"og:site_name\" content=\"NOTICIASMERCEDINAS.COM\" \/>\n<meta property=\"article:publisher\" content=\"https:\/\/www.facebook.com\/noticiasmercedinas\/\" \/>\n<meta property=\"article:published_time\" content=\"2026-08-15T18:17:55+00:00\" \/>\n<meta property=\"article:modified_time\" content=\"2026-08-15T22:02:13+00:00\" \/>\n<meta property=\"og:image\" content=\"https:\/\/noticiasmercedinas.com\/site\/wp-content\/uploads\/2026\/08\/captura.jpg\" \/>\n\t<meta property=\"og:image:width\" content=\"640\" \/>\n\t<meta property=\"og:image:height\" content=\"356\" \/>\n\t<meta property=\"og:image:type\" content=\"image\/jpeg\" \/>\n<meta name=\"author\" content=\"Juan Dagnino NOTICIASMERCEDINAS.COM\" \/>\n<meta name=\"twitter:card\" content=\"summary_large_image\" \/>\n<meta name=\"twitter:creator\" content=\"@notmercedinas\" \/>\n<meta name=\"twitter:site\" content=\"@notmercedinas\" \/>\n<meta name=\"twitter:label1\" content=\"Escrito por\" \/>\n\t<meta name=\"twitter:data1\" content=\"Juan Dagnino NOTICIASMERCEDINAS.COM\" \/>\n\t<meta name=\"twitter:label2\" content=\"Tiempo de lectura\" \/>\n\t<meta name=\"twitter:data2\" content=\"2 minutos\" \/>\n<script type=\"application\/ld+json\" class=\"yoast-schema-graph\">{\"@context\":\"https:\\\/\\\/schema.org\",\"@graph\":[{\"@type\":\"Article\",\"@id\":\"https:\\\/\\\/noticiasmercedinas.com\\\/site\\\/2026\\\/08\\\/15\\\/demoledora-victoria-de-el-fronton-por-el-trfaf\\\/#article\",\"isPartOf\":{\"@id\":\"https:\\\/\\\/noticiasmercedinas.com\\\/site\\\/2026\\\/08\\\/15\\\/demoledora-victoria-de-el-fronton-por-el-trfaf\\\/\"},\"author\":{\"name\":\"Juan Dagnino NOTICIASMERCEDINAS.COM\",\"@id\":\"https:\\\/\\\/noticiasmercedinas.com\\\/site\\\/#\\\/schema\\\/person\\\/8f2f09d666ef40986eba4a5e6f2a06f9\"},\"headline\":\"Demoledora victoria de El Front\u00f3n por el TRFAF\",\"datePublished\":\"2026-08-15T18:17:55+00:00\",\"dateModified\":\"2026-08-15T22:02:13+00:00\",\"mainEntityOfPage\":{\"@id\":\"https:\\\/\\\/noticiasmercedinas.com\\\/site\\\/2026\\\/08\\\/15\\\/demoledora-victoria-de-el-fronton-por-el-trfaf\\\/\"},\"wordCount\":304,\"publisher\":{\"@id\":\"https:\\\/\\\/noticiasmercedinas.com\\\/site\\\/#organization\"},\"image\":{\"@id\":\"https:\\\/\\\/noticiasmercedinas.com\\\/site\\\/2026\\\/08\\\/15\\\/demoledora-victoria-de-el-fronton-por-el-trfaf\\\/#primaryimage\"},\"thumbnailUrl\":\"https:\\\/\\\/noticiasmercedinas.com\\\/site\\\/wp-content\\\/uploads\\\/2026\\\/08\\\/captura.jpg\",\"keywords\":[\"el front\u00f3n\",\"TRFAF\"],\"articleSection\":[\"Deportes\"],\"inLanguage\":\"es\"},{\"@type\":\"WebPage\",\"@id\":\"https:\\\/\\\/noticiasmercedinas.com\\\/site\\\/2026\\\/08\\\/15\\\/demoledora-victoria-de-el-fronton-por-el-trfaf\\\/\",\"url\":\"https:\\\/\\\/noticiasmercedinas.com\\\/site\\\/2026\\\/08\\\/15\\\/demoledora-victoria-de-el-fronton-por-el-trfaf\\\/\",\"name\":\"Demoledora victoria de El Front\u00f3n por el TRFAF\",\"isPartOf\":{\"@id\":\"https:\\\/\\\/noticiasmercedinas.com\\\/site\\\/#website\"},\"primaryImageOfPage\":{\"@id\":\"https:\\\/\\\/noticiasmercedinas.com\\\/site\\\/2026\\\/08\\\/15\\\/demoledora-victoria-de-el-fronton-por-el-trfaf\\\/#primaryimage\"},\"image\":{\"@id\":\"https:\\\/\\\/noticiasmercedinas.com\\\/site\\\/2026\\\/08\\\/15\\\/demoledora-victoria-de-el-fronton-por-el-trfaf\\\/#primaryimage\"},\"thumbnailUrl\":\"https:\\\/\\\/noticiasmercedinas.com\\\/site\\\/wp-content\\\/uploads\\\/2026\\\/08\\\/captura.jpg\",\"datePublished\":\"2026-08-15T18:17:55+00:00\",\"dateModified\":\"2026-08-15T22:02:13+00:00\",\"breadcrumb\":{\"@id\":\"https:\\\/\\\/noticiasmercedinas.com\\\/site\\\/2026\\\/08\\\/15\\\/demoledora-victoria-de-el-fronton-por-el-trfaf\\\/#breadcrumb\"},\"inLanguage\":\"es\",\"potentialAction\":[{\"@type\":\"ReadAction\",\"target\":[\"https:\\\/\\\/noticiasmercedinas.com\\\/site\\\/2026\\\/08\\\/15\\\/demoledora-victoria-de-el-fronton-por-el-trfaf\\\/\"]}]},{\"@type\":\"ImageObject\",\"inLanguage\":\"es\",\"@id\":\"https:\\\/\\\/noticiasmercedinas.com\\\/site\\\/2026\\\/08\\\/15\\\/demoledora-victoria-de-el-fronton-por-el-trfaf\\\/#primaryimage\",\"url\":\"https:\\\/\\\/noticiasmercedinas.com\\\/site\\\/wp-content\\\/uploads\\\/2026\\\/08\\\/captura.jpg\",\"contentUrl\":\"https:\\\/\\\/noticiasmercedinas.com\\\/site\\\/wp-content\\\/uploads\\\/2026\\\/08\\\/captura.jpg\",\"width\":640,\"height\":356},{\"@type\":\"BreadcrumbList\",\"@id\":\"https:\\\/\\\/noticiasmercedinas.com\\\/site\\\/2026\\\/08\\\/15\\\/demoledora-victoria-de-el-fronton-por-el-trfaf\\\/#breadcrumb\",\"itemListElement\":[{\"@type\":\"ListItem\",\"position\":1,\"name\":\"Portada\",\"item\":\"https:\\\/\\\/noticiasmercedinas.com\\\/site\\\/\"},{\"@type\":\"ListItem\",\"position\":2,\"name\":\"Demoledora victoria de El Front\u00f3n por el TRFAF\"}]},{\"@type\":\"WebSite\",\"@id\":\"https:\\\/\\\/noticiasmercedinas.com\\\/site\\\/#website\",\"url\":\"https:\\\/\\\/noticiasmercedinas.com\\\/site\\\/\",\"name\":\"NOTICIASMERCEDINAS.COM\",\"description\":\"Mercedes, Buenos Aires, Argentina\",\"publisher\":{\"@id\":\"https:\\\/\\\/noticiasmercedinas.com\\\/site\\\/#organization\"},\"potentialAction\":[{\"@type\":\"SearchAction\",\"target\":{\"@type\":\"EntryPoint\",\"urlTemplate\":\"https:\\\/\\\/noticiasmercedinas.com\\\/site\\\/?s={search_term_string}\"},\"query-input\":{\"@type\":\"PropertyValueSpecification\",\"valueRequired\":true,\"valueName\":\"search_term_string\"}}],\"inLanguage\":\"es\"},{\"@type\":\"Organization\",\"@id\":\"https:\\\/\\\/noticiasmercedinas.com\\\/site\\\/#organization\",\"name\":\"NOTICIASMERCEDINAS.COM\",\"url\":\"https:\\\/\\\/noticiasmercedinas.com\\\/site\\\/\",\"logo\":{\"@type\":\"ImageObject\",\"inLanguage\":\"es\",\"@id\":\"https:\\\/\\\/noticiasmercedinas.com\\\/site\\\/#\\\/schema\\\/logo\\\/image\\\/\",\"url\":\"https:\\\/\\\/noticiasmercedinas.com\\\/site\\\/wp-content\\\/uploads\\\/2020\\\/06\\\/LOGO-512.jpg\",\"contentUrl\":\"https:\\\/\\\/noticiasmercedinas.com\\\/site\\\/wp-content\\\/uploads\\\/2020\\\/06\\\/LOGO-512.jpg\",\"width\":512,\"height\":512,\"caption\":\"NOTICIASMERCEDINAS.COM\"},\"image\":{\"@id\":\"https:\\\/\\\/noticiasmercedinas.com\\\/site\\\/#\\\/schema\\\/logo\\\/image\\\/\"},\"sameAs\":[\"https:\\\/\\\/www.facebook.com\\\/noticiasmercedinas\\\/\",\"https:\\\/\\\/x.com\\\/notmercedinas\",\"https:\\\/\\\/www.instagram.com\\\/noticiasmercedinas\\\/\"]},{\"@type\":\"Person\",\"@id\":\"https:\\\/\\\/noticiasmercedinas.com\\\/site\\\/#\\\/schema\\\/person\\\/8f2f09d666ef40986eba4a5e6f2a06f9\",\"name\":\"Juan Dagnino NOTICIASMERCEDINAS.COM\",\"image\":{\"@type\":\"ImageObject\",\"inLanguage\":\"es\",\"@id\":\"https:\\\/\\\/secure.gravatar.com\\\/avatar\\\/fc7059a769f5a3cae65fadb228a3e4accf3a64b4b2305020d0a27e6d5333c91b?s=96&d=mm&r=g\",\"url\":\"https:\\\/\\\/secure.gravatar.com\\\/avatar\\\/fc7059a769f5a3cae65fadb228a3e4accf3a64b4b2305020d0a27e6d5333c91b?s=96&d=mm&r=g\",\"contentUrl\":\"https:\\\/\\\/secure.gravatar.com\\\/avatar\\\/fc7059a769f5a3cae65fadb228a3e4accf3a64b4b2305020d0a27e6d5333c91b?s=96&d=mm&r=g\",\"caption\":\"Juan Dagnino NOTICIASMERCEDINAS.COM\"},\"url\":\"https:\\\/\\\/noticiasmercedinas.com\\\/site\\\/author\\\/juandagnino\\\/\"}]}<\/script>\n<!-- \/ Yoast SEO plugin. -->","yoast_head_json":{"title":"Demoledora victoria de El Front\u00f3n por el TRFAF","robots":{"index":"index","follow":"follow","max-snippet":"max-snippet:-1","max-image-preview":"max-image-preview:large","max-video-preview":"max-video-preview:-1"},"canonical":"https:\/\/noticiasmercedinas.com\/site\/2026\/08\/15\/demoledora-victoria-de-el-fronton-por-el-trfaf\/","og_locale":"es_ES","og_type":"article","og_title":"Demoledora victoria de El Front\u00f3n por el TRFAF","og_description":"\u25a0 En la ida tras estar abajo en el marcador termin\u00f3 goleando 7-1 a River de San Antonio de Areco. Por delante queda la revancha en busca de seguir camino en el certamen del Consejo Federal.","og_url":"https:\/\/noticiasmercedinas.com\/site\/2026\/08\/15\/demoledora-victoria-de-el-fronton-por-el-trfaf\/","og_site_name":"NOTICIASMERCEDINAS.COM","article_publisher":"https:\/\/www.facebook.com\/noticiasmercedinas\/","article_published_time":"2026-08-15T18:17:55+00:00","article_modified_time":"2026-08-15T22:02:13+00:00","og_image":[{"width":640,"height":356,"url":"https:\/\/noticiasmercedinas.com\/site\/wp-content\/uploads\/2026\/08\/captura.jpg","type":"image\/jpeg"}],"author":"Juan Dagnino NOTICIASMERCEDINAS.COM","twitter_card":"summary_large_image","twitter_creator":"@notmercedinas","twitter_site":"@notmercedinas","twitter_misc":{"Escrito por":"Juan Dagnino NOTICIASMERCEDINAS.COM","Tiempo de lectura":"2 minutos"},"schema":{"@context":"https:\/\/schema.org","@graph":[{"@type":"Article","@id":"https:\/\/noticiasmercedinas.com\/site\/2026\/08\/15\/demoledora-victoria-de-el-fronton-por-el-trfaf\/#article","isPartOf":{"@id":"https:\/\/noticiasmercedinas.com\/site\/2026\/08\/15\/demoledora-victoria-de-el-fronton-por-el-trfaf\/"},"author":{"name":"Juan Dagnino NOTICIASMERCEDINAS.COM","@id":"https:\/\/noticiasmercedinas.com\/site\/#\/schema\/person\/8f2f09d666ef40986eba4a5e6f2a06f9"},"headline":"Demoledora victoria de El Front\u00f3n por el TRFAF","datePublished":"2026-08-15T18:17:55+00:00","dateModified":"2026-08-15T22:02:13+00:00","mainEntityOfPage":{"@id":"https:\/\/noticiasmercedinas.com\/site\/2026\/08\/15\/demoledora-victoria-de-el-fronton-por-el-trfaf\/"},"wordCount":304,"publisher":{"@id":"https:\/\/noticiasmercedinas.com\/site\/#organization"},"image":{"@id":"https:\/\/noticiasmercedinas.com\/site\/2026\/08\/15\/demoledora-victoria-de-el-fronton-por-el-trfaf\/#primaryimage"},"thumbnailUrl":"https:\/\/noticiasmercedinas.com\/site\/wp-content\/uploads\/2026\/08\/captura.jpg","keywords":["el front\u00f3n","TRFAF"],"articleSection":["Deportes"],"inLanguage":"es"},{"@type":"WebPage","@id":"https:\/\/noticiasmercedinas.com\/site\/2026\/08\/15\/demoledora-victoria-de-el-fronton-por-el-trfaf\/","url":"https:\/\/noticiasmercedinas.com\/site\/2026\/08\/15\/demoledora-victoria-de-el-fronton-por-el-trfaf\/","name":"Demoledora victoria de El Front\u00f3n por el TRFAF","isPartOf":{"@id":"https:\/\/noticiasmercedinas.com\/site\/#website"},"primaryImageOfPage":{"@id":"https:\/\/noticiasmercedinas.com\/site\/2026\/08\/15\/demoledora-victoria-de-el-fronton-por-el-trfaf\/#primaryimage"},"image":{"@id":"https:\/\/noticiasmercedinas.com\/site\/2026\/08\/15\/demoledora-victoria-de-el-fronton-por-el-trfaf\/#primaryimage"},"thumbnailUrl":"https:\/\/noticiasmercedinas.com\/site\/wp-content\/uploads\/2026\/08\/captura.jpg","datePublished":"2026-08-15T18:17:55+00:00","dateModified":"2026-08-15T22:02:13+00:00","breadcrumb":{"@id":"https:\/\/noticiasmercedinas.com\/site\/2026\/08\/15\/demoledora-victoria-de-el-fronton-por-el-trfaf\/#breadcrumb"},"inLanguage":"es","potentialAction":[{"@type":"ReadAction","target":["https:\/\/noticiasmercedinas.com\/site\/2026\/08\/15\/demoledora-victoria-de-el-fronton-por-el-trfaf\/"]}]},{"@type":"ImageObject","inLanguage":"es","@id":"https:\/\/noticiasmercedinas.com\/site\/2026\/08\/15\/demoledora-victoria-de-el-fronton-por-el-trfaf\/#primaryimage","url":"https:\/\/noticiasmercedinas.com\/site\/wp-content\/uploads\/2026\/08\/captura.jpg","contentUrl":"https:\/\/noticiasmercedinas.com\/site\/wp-content\/uploads\/2026\/08\/captura.jpg","width":640,"height":356},{"@type":"BreadcrumbList","@id":"https:\/\/noticiasmercedinas.com\/site\/2026\/08\/15\/demoledora-victoria-de-el-fronton-por-el-trfaf\/#breadcrumb","itemListElement":[{"@type":"ListItem","position":1,"name":"Portada","item":"https:\/\/noticiasmercedinas.com\/site\/"},{"@type":"ListItem","position":2,"name":"Demoledora victoria de El Front\u00f3n por el TRFAF"}]},{"@type":"WebSite","@id":"https:\/\/noticiasmercedinas.com\/site\/#website","url":"https:\/\/noticiasmercedinas.com\/site\/","name":"NOTICIASMERCEDINAS.COM","description":"Mercedes, Buenos Aires, Argentina","publisher":{"@id":"https:\/\/noticiasmercedinas.com\/site\/#organization"},"potentialAction":[{"@type":"SearchAction","target":{"@type":"EntryPoint","urlTemplate":"https:\/\/noticiasmercedinas.com\/site\/?s={search_term_string}"},"query-input":{"@type":"PropertyValueSpecification","valueRequired":true,"valueName":"search_term_string"}}],"inLanguage":"es"},{"@type":"Organization","@id":"https:\/\/noticiasmercedinas.com\/site\/#organization","name":"NOTICIASMERCEDINAS.COM","url":"https:\/\/noticiasmercedinas.com\/site\/","logo":{"@type":"ImageObject","inLanguage":"es","@id":"https:\/\/noticiasmercedinas.com\/site\/#\/schema\/logo\/image\/","url":"https:\/\/noticiasmercedinas.com\/site\/wp-content\/uploads\/2020\/06\/LOGO-512.jpg","contentUrl":"https:\/\/noticiasmercedinas.com\/site\/wp-content\/uploads\/2020\/06\/LOGO-512.jpg","width":512,"height":512,"caption":"NOTICIASMERCEDINAS.COM"},"image":{"@id":"https:\/\/noticiasmercedinas.com\/site\/#\/schema\/logo\/image\/"},"sameAs":["https:\/\/www.facebook.com\/noticiasmercedinas\/","https:\/\/x.com\/notmercedinas","https:\/\/www.instagram.com\/noticiasmercedinas\/"]},{"@type":"Person","@id":"https:\/\/noticiasmercedinas.com\/site\/#\/schema\/person\/8f2f09d666ef40986eba4a5e6f2a06f9","name":"Juan Dagnino NOTICIASMERCEDINAS.COM","image":{"@type":"ImageObject","inLanguage":"es","@id":"https:\/\/secure.gravatar.com\/avatar\/fc7059a769f5a3cae65fadb228a3e4accf3a64b4b2305020d0a27e6d5333c91b?s=96&d=mm&r=g","url":"https:\/\/secure.gravatar.com\/avatar\/fc7059a769f5a3cae65fadb228a3e4accf3a64b4b2305020d0a27e6d5333c91b?s=96&d=mm&r=g","contentUrl":"https:\/\/secure.gravatar.com\/avatar\/fc7059a769f5a3cae65fadb228a3e4accf3a64b4b2305020d0a27e6d5333c91b?s=96&d=mm&r=g","caption":"Juan Dagnino NOTICIASMERCEDINAS.COM"},"url":"https:\/\/noticiasmercedinas.com\/site\/author\/juandagnino\/"}]}},"amp_enabled":true,"_links":{"self":[{"href":"https:\/\/noticiasmercedinas.com\/site\/wp-json\/wp\/v2\/posts\/192840","targetHints":{"allow":["GET"]}}],"collection":[{"href":"https:\/\/noticiasmercedinas.com\/site\/wp-json\/wp\/v2\/posts"}],"about":[{"href":"https:\/\/noticiasmercedinas.com\/site\/wp-json\/wp\/v2\/types\/post"}],"author":[{"embeddable":true,"href":"https:\/\/noticiasmercedinas.com\/site\/wp-json\/wp\/v2\/users\/6"}],"replies":[{"embeddable":true,"href":"https:\/\/noticiasmercedinas.com\/site\/wp-json\/wp\/v2\/comments?post=192840"}],"version-history":[{"count":2,"href":"https:\/\/noticiasmercedinas.com\/site\/wp-json\/wp\/v2\/posts\/192840\/revisions"}],"predecessor-version":[{"id":192861,"href":"https:\/\/noticiasmercedinas.com\/site\/wp-json\/wp\/v2\/posts\/192840\/revisions\/192861"}],"wp:featuredmedia":[{"embeddable":true,"href":"https:\/\/noticiasmercedinas.com\/site\/wp-json\/wp\/v2\/media\/192841"}],"wp:attachment":[{"href":"https:\/\/noticiasmercedinas.com\/site\/wp-json\/wp\/v2\/media?parent=192840"}],"wp:term":[{"taxonomy":"category","embeddable":true,"href":"https:\/\/noticiasmercedinas.com\/site\/wp-json\/wp\/v2\/categories?post=192840"},{"taxonomy":"post_tag","embeddable":true,"href":"https:\/\/noticiasmercedinas.com\/site\/wp-json\/wp\/v2\/tags?post=192840"}],"curies":[{"name":"wp","href":"https:\/\/api.w.org\/{rel}","templated":true}]}}