{"id":192843,"date":"2026-08-15T15:29:24","date_gmt":"2026-08-15T18:29:24","guid":{"rendered":"https:\/\/noticiasmercedinas.com\/site\/?p=192843"},"modified":"2026-08-15T15:29:24","modified_gmt":"2026-08-15T18:29:24","slug":"mercedes-rugby-club-ajusta-detalles-con-un-amistoso-ante-el-fronton-antes-del-reinicio-del-torneo-metropolitano-g3","status":"publish","type":"post","link":"https:\/\/noticiasmercedinas.com\/site\/2026\/08\/15\/mercedes-rugby-club-ajusta-detalles-con-un-amistoso-ante-el-fronton-antes-del-reinicio-del-torneo-metropolitano-g3\/","title":{"rendered":"Mercedes Rugby Club ajusta detalles con un amistoso ante El Front\u00f3n antes del reinicio del Torneo Metropolitano G3"},"content":{"rendered":"<p><img loading=\"lazy\" decoding=\"async\" class=\"alignnone size-full wp-image-192844\" src=\"https:\/\/noticiasmercedinas.com\/site\/wp-content\/uploads\/2026\/08\/mrc.jpg\" alt=\"\" width=\"640\" height=\"408\" srcset=\"https:\/\/noticiasmercedinas.com\/site\/wp-content\/uploads\/2026\/08\/mrc.jpg 640w, https:\/\/noticiasmercedinas.com\/site\/wp-content\/uploads\/2026\/08\/mrc-300x191.jpg 300w\" sizes=\"auto, (max-width: 640px) 100vw, 640px\" \/><\/p>\n<p>El Mercedes Rugby Club (MRC) disputar\u00e1 este s\u00e1bado 22 de agosto una jornada amistosa en condici\u00f3n de local frente a El Front\u00f3n, con el objetivo de afinar el rendimiento colectivo antes de retomar la competencia oficial en la Tercera Divisi\u00f3n (G3) del Torneo Metropolitano. Tras el receso de invierno, la instituci\u00f3n se prepara para volver a jugar por los puntos el pr\u00f3ximo s\u00e1bado 29 de agosto, cuando le toque visitar a Monte Grande.<\/p>\n<p data-path-to-node=\"4\">La actividad en el predio del MRC comenzar\u00e1 por la ma\u00f1ana y se extender\u00e1 durante toda la tarde con la participaci\u00f3n de todas las categor\u00edas:<\/p>\n<ul>\n<li data-path-to-node=\"5,0,0\"><strong data-path-to-node=\"5,0,0\" data-index-in-node=\"0\">09:00 hs:<\/strong> 7\u00b0 Divisi\u00f3n<\/li>\n<li data-path-to-node=\"5,1,0\"><strong data-path-to-node=\"5,1,0\" data-index-in-node=\"0\">10:00 hs:<\/strong> 6\u00b0 Divisi\u00f3n<\/li>\n<li data-path-to-node=\"5,2,0\"><strong data-path-to-node=\"5,2,0\" data-index-in-node=\"0\">11:30 hs:<\/strong> 5\u00b0 Divisi\u00f3n<\/li>\n<li data-path-to-node=\"5,3,0\"><strong data-path-to-node=\"5,3,0\" data-index-in-node=\"0\">13:00 hs:<\/strong> Intermedia<\/li>\n<li data-path-to-node=\"5,4,0\"><strong data-path-to-node=\"5,4,0\" data-index-in-node=\"0\">14:30 hs:<\/strong> Primera Divisi\u00f3n<\/li>\n<li data-path-to-node=\"5,5,0\"><strong data-path-to-node=\"5,5,0\" data-index-in-node=\"0\">16:00 hs:<\/strong> Infantiles (10\u00b0, 9\u00b0 y 8\u00b0 Divisi\u00f3n, con encuentros recreativos sin l\u00edmite de tiempo)<\/li>\n<\/ul>\n<p data-path-to-node=\"6\">Para optimizar el rodaje del plantel de Primera e Intermedia antes de la reanudaci\u00f3n del certamen, la subcomisi\u00f3n de rugby del club de la ciudad analiza la posibilidad de pactar un segundo partido de entrenamiento ante Luj\u00e1n Rugby Club (LRC), negociaci\u00f3n que se encuentra en curso pero a\u00fan no ha sido confirmada de manera oficial.<\/p>\n<p>Fuente: Iv\u00e1n Alday \u2013 Todo El Deporte Est\u00e1 Ac\u00e1.<\/p>\n","protected":false},"excerpt":{"rendered":"<p>\u25a0 El conjunto dirigido por Walter Limonta recibir\u00e1 este s\u00e1bado 22 de agosto al equipo de San Andr\u00e9s de Giles con tira completa en su predio, mientras eval\u00faa un segundo encuentro de preparaci\u00f3n frente a Luj\u00e1n Rugby Club de cara al regreso oficial del campeonato.<\/p>\n","protected":false},"author":16,"featured_media":192844,"comment_status":"closed","ping_status":"closed","sticky":false,"template":"","format":"standard","meta":{"footnotes":""},"categories":[5],"tags":[7237,2335,2817],"class_list":["post-192843","post","type-post","status-publish","format-standard","has-post-thumbnail","hentry","category-deportes","tag-hockey-femenino","tag-mercedes-rugby-club","tag-mrc"],"yoast_head":"<!-- This site is optimized with the Yoast SEO plugin v28.4 - https:\/\/yoast.com\/product\/yoast-seo-wordpress\/ -->\n<title>Mercedes Rugby Club ajusta detalles con un amistoso ante El Front\u00f3n antes del reinicio del Torneo Metropolitano G3<\/title>\n<meta name=\"robots\" content=\"index, follow, max-snippet:-1, max-image-preview:large, max-video-preview:-1\" \/>\n<link rel=\"canonical\" href=\"https:\/\/noticiasmercedinas.com\/site\/2026\/08\/15\/mercedes-rugby-club-ajusta-detalles-con-un-amistoso-ante-el-fronton-antes-del-reinicio-del-torneo-metropolitano-g3\/\" \/>\n<meta property=\"og:locale\" content=\"es_ES\" \/>\n<meta property=\"og:type\" content=\"article\" \/>\n<meta property=\"og:title\" content=\"Mercedes Rugby Club ajusta detalles con un amistoso ante El Front\u00f3n antes del reinicio del Torneo Metropolitano G3\" \/>\n<meta property=\"og:description\" content=\"\u25a0 El conjunto dirigido por Walter Limonta recibir\u00e1 este s\u00e1bado 22 de agosto al equipo de San Andr\u00e9s de Giles con tira completa en su predio, mientras eval\u00faa un segundo encuentro de preparaci\u00f3n frente a Luj\u00e1n Rugby Club de cara al regreso oficial del campeonato.\" \/>\n<meta property=\"og:url\" content=\"https:\/\/noticiasmercedinas.com\/site\/2026\/08\/15\/mercedes-rugby-club-ajusta-detalles-con-un-amistoso-ante-el-fronton-antes-del-reinicio-del-torneo-metropolitano-g3\/\" \/>\n<meta property=\"og:site_name\" content=\"NOTICIASMERCEDINAS.COM\" \/>\n<meta property=\"article:publisher\" content=\"https:\/\/www.facebook.com\/noticiasmercedinas\/\" \/>\n<meta property=\"article:published_time\" content=\"2026-08-15T18:29:24+00:00\" \/>\n<meta property=\"og:image\" content=\"https:\/\/noticiasmercedinas.com\/site\/wp-content\/uploads\/2026\/08\/mrc.jpg\" \/>\n\t<meta property=\"og:image:width\" content=\"640\" \/>\n\t<meta property=\"og:image:height\" content=\"408\" \/>\n\t<meta property=\"og:image:type\" content=\"image\/jpeg\" \/>\n<meta name=\"author\" content=\"NOTICIASMERCEDINAS.COM\" \/>\n<meta name=\"twitter:card\" content=\"summary_large_image\" \/>\n<meta name=\"twitter:creator\" content=\"@notmercedinas\" \/>\n<meta name=\"twitter:site\" content=\"@notmercedinas\" \/>\n<meta name=\"twitter:label1\" content=\"Escrito por\" \/>\n\t<meta name=\"twitter:data1\" content=\"NOTICIASMERCEDINAS.COM\" \/>\n\t<meta name=\"twitter:label2\" content=\"Tiempo de lectura\" \/>\n\t<meta name=\"twitter:data2\" content=\"2 minutos\" \/>\n<script type=\"application\/ld+json\" class=\"yoast-schema-graph\">{\"@context\":\"https:\\\/\\\/schema.org\",\"@graph\":[{\"@type\":\"Article\",\"@id\":\"https:\\\/\\\/noticiasmercedinas.com\\\/site\\\/2026\\\/08\\\/15\\\/mercedes-rugby-club-ajusta-detalles-con-un-amistoso-ante-el-fronton-antes-del-reinicio-del-torneo-metropolitano-g3\\\/#article\",\"isPartOf\":{\"@id\":\"https:\\\/\\\/noticiasmercedinas.com\\\/site\\\/2026\\\/08\\\/15\\\/mercedes-rugby-club-ajusta-detalles-con-un-amistoso-ante-el-fronton-antes-del-reinicio-del-torneo-metropolitano-g3\\\/\"},\"author\":{\"name\":\"NOTICIASMERCEDINAS.COM\",\"@id\":\"https:\\\/\\\/noticiasmercedinas.com\\\/site\\\/#\\\/schema\\\/person\\\/84b59c099c28ff2e8b77d4ceec5d8063\"},\"headline\":\"Mercedes Rugby Club ajusta detalles con un amistoso ante El Front\u00f3n antes del reinicio del Torneo Metropolitano G3\",\"datePublished\":\"2026-08-15T18:29:24+00:00\",\"mainEntityOfPage\":{\"@id\":\"https:\\\/\\\/noticiasmercedinas.com\\\/site\\\/2026\\\/08\\\/15\\\/mercedes-rugby-club-ajusta-detalles-con-un-amistoso-ante-el-fronton-antes-del-reinicio-del-torneo-metropolitano-g3\\\/\"},\"wordCount\":222,\"publisher\":{\"@id\":\"https:\\\/\\\/noticiasmercedinas.com\\\/site\\\/#organization\"},\"image\":{\"@id\":\"https:\\\/\\\/noticiasmercedinas.com\\\/site\\\/2026\\\/08\\\/15\\\/mercedes-rugby-club-ajusta-detalles-con-un-amistoso-ante-el-fronton-antes-del-reinicio-del-torneo-metropolitano-g3\\\/#primaryimage\"},\"thumbnailUrl\":\"https:\\\/\\\/noticiasmercedinas.com\\\/site\\\/wp-content\\\/uploads\\\/2026\\\/08\\\/mrc.jpg\",\"keywords\":[\"hockey femenino\",\"mercedes rugby club\",\"mrc\"],\"articleSection\":[\"Deportes\"],\"inLanguage\":\"es\"},{\"@type\":\"WebPage\",\"@id\":\"https:\\\/\\\/noticiasmercedinas.com\\\/site\\\/2026\\\/08\\\/15\\\/mercedes-rugby-club-ajusta-detalles-con-un-amistoso-ante-el-fronton-antes-del-reinicio-del-torneo-metropolitano-g3\\\/\",\"url\":\"https:\\\/\\\/noticiasmercedinas.com\\\/site\\\/2026\\\/08\\\/15\\\/mercedes-rugby-club-ajusta-detalles-con-un-amistoso-ante-el-fronton-antes-del-reinicio-del-torneo-metropolitano-g3\\\/\",\"name\":\"Mercedes Rugby Club ajusta detalles con un amistoso ante El Front\u00f3n antes del reinicio del Torneo Metropolitano G3\",\"isPartOf\":{\"@id\":\"https:\\\/\\\/noticiasmercedinas.com\\\/site\\\/#website\"},\"primaryImageOfPage\":{\"@id\":\"https:\\\/\\\/noticiasmercedinas.com\\\/site\\\/2026\\\/08\\\/15\\\/mercedes-rugby-club-ajusta-detalles-con-un-amistoso-ante-el-fronton-antes-del-reinicio-del-torneo-metropolitano-g3\\\/#primaryimage\"},\"image\":{\"@id\":\"https:\\\/\\\/noticiasmercedinas.com\\\/site\\\/2026\\\/08\\\/15\\\/mercedes-rugby-club-ajusta-detalles-con-un-amistoso-ante-el-fronton-antes-del-reinicio-del-torneo-metropolitano-g3\\\/#primaryimage\"},\"thumbnailUrl\":\"https:\\\/\\\/noticiasmercedinas.com\\\/site\\\/wp-content\\\/uploads\\\/2026\\\/08\\\/mrc.jpg\",\"datePublished\":\"2026-08-15T18:29:24+00:00\",\"breadcrumb\":{\"@id\":\"https:\\\/\\\/noticiasmercedinas.com\\\/site\\\/2026\\\/08\\\/15\\\/mercedes-rugby-club-ajusta-detalles-con-un-amistoso-ante-el-fronton-antes-del-reinicio-del-torneo-metropolitano-g3\\\/#breadcrumb\"},\"inLanguage\":\"es\",\"potentialAction\":[{\"@type\":\"ReadAction\",\"target\":[\"https:\\\/\\\/noticiasmercedinas.com\\\/site\\\/2026\\\/08\\\/15\\\/mercedes-rugby-club-ajusta-detalles-con-un-amistoso-ante-el-fronton-antes-del-reinicio-del-torneo-metropolitano-g3\\\/\"]}]},{\"@type\":\"ImageObject\",\"inLanguage\":\"es\",\"@id\":\"https:\\\/\\\/noticiasmercedinas.com\\\/site\\\/2026\\\/08\\\/15\\\/mercedes-rugby-club-ajusta-detalles-con-un-amistoso-ante-el-fronton-antes-del-reinicio-del-torneo-metropolitano-g3\\\/#primaryimage\",\"url\":\"https:\\\/\\\/noticiasmercedinas.com\\\/site\\\/wp-content\\\/uploads\\\/2026\\\/08\\\/mrc.jpg\",\"contentUrl\":\"https:\\\/\\\/noticiasmercedinas.com\\\/site\\\/wp-content\\\/uploads\\\/2026\\\/08\\\/mrc.jpg\",\"width\":640,\"height\":408},{\"@type\":\"BreadcrumbList\",\"@id\":\"https:\\\/\\\/noticiasmercedinas.com\\\/site\\\/2026\\\/08\\\/15\\\/mercedes-rugby-club-ajusta-detalles-con-un-amistoso-ante-el-fronton-antes-del-reinicio-del-torneo-metropolitano-g3\\\/#breadcrumb\",\"itemListElement\":[{\"@type\":\"ListItem\",\"position\":1,\"name\":\"Portada\",\"item\":\"https:\\\/\\\/noticiasmercedinas.com\\\/site\\\/\"},{\"@type\":\"ListItem\",\"position\":2,\"name\":\"Mercedes Rugby Club ajusta detalles con un amistoso ante El Front\u00f3n antes del reinicio del Torneo Metropolitano G3\"}]},{\"@type\":\"WebSite\",\"@id\":\"https:\\\/\\\/noticiasmercedinas.com\\\/site\\\/#website\",\"url\":\"https:\\\/\\\/noticiasmercedinas.com\\\/site\\\/\",\"name\":\"NOTICIASMERCEDINAS.COM\",\"description\":\"Mercedes, Buenos Aires, Argentina\",\"publisher\":{\"@id\":\"https:\\\/\\\/noticiasmercedinas.com\\\/site\\\/#organization\"},\"potentialAction\":[{\"@type\":\"SearchAction\",\"target\":{\"@type\":\"EntryPoint\",\"urlTemplate\":\"https:\\\/\\\/noticiasmercedinas.com\\\/site\\\/?s={search_term_string}\"},\"query-input\":{\"@type\":\"PropertyValueSpecification\",\"valueRequired\":true,\"valueName\":\"search_term_string\"}}],\"inLanguage\":\"es\"},{\"@type\":\"Organization\",\"@id\":\"https:\\\/\\\/noticiasmercedinas.com\\\/site\\\/#organization\",\"name\":\"NOTICIASMERCEDINAS.COM\",\"url\":\"https:\\\/\\\/noticiasmercedinas.com\\\/site\\\/\",\"logo\":{\"@type\":\"ImageObject\",\"inLanguage\":\"es\",\"@id\":\"https:\\\/\\\/noticiasmercedinas.com\\\/site\\\/#\\\/schema\\\/logo\\\/image\\\/\",\"url\":\"https:\\\/\\\/noticiasmercedinas.com\\\/site\\\/wp-content\\\/uploads\\\/2020\\\/06\\\/LOGO-512.jpg\",\"contentUrl\":\"https:\\\/\\\/noticiasmercedinas.com\\\/site\\\/wp-content\\\/uploads\\\/2020\\\/06\\\/LOGO-512.jpg\",\"width\":512,\"height\":512,\"caption\":\"NOTICIASMERCEDINAS.COM\"},\"image\":{\"@id\":\"https:\\\/\\\/noticiasmercedinas.com\\\/site\\\/#\\\/schema\\\/logo\\\/image\\\/\"},\"sameAs\":[\"https:\\\/\\\/www.facebook.com\\\/noticiasmercedinas\\\/\",\"https:\\\/\\\/x.com\\\/notmercedinas\",\"https:\\\/\\\/www.instagram.com\\\/noticiasmercedinas\\\/\"]},{\"@type\":\"Person\",\"@id\":\"https:\\\/\\\/noticiasmercedinas.com\\\/site\\\/#\\\/schema\\\/person\\\/84b59c099c28ff2e8b77d4ceec5d8063\",\"name\":\"NOTICIASMERCEDINAS.COM\",\"image\":{\"@type\":\"ImageObject\",\"inLanguage\":\"es\",\"@id\":\"https:\\\/\\\/secure.gravatar.com\\\/avatar\\\/4dfbf16b4d17945bfb6341b2d19043457132fcf478a5ee04f42e959fd8f5df0a?s=96&d=mm&r=g\",\"url\":\"https:\\\/\\\/secure.gravatar.com\\\/avatar\\\/4dfbf16b4d17945bfb6341b2d19043457132fcf478a5ee04f42e959fd8f5df0a?s=96&d=mm&r=g\",\"contentUrl\":\"https:\\\/\\\/secure.gravatar.com\\\/avatar\\\/4dfbf16b4d17945bfb6341b2d19043457132fcf478a5ee04f42e959fd8f5df0a?s=96&d=mm&r=g\",\"caption\":\"NOTICIASMERCEDINAS.COM\"},\"url\":\"https:\\\/\\\/noticiasmercedinas.com\\\/site\\\/author\\\/anonimo\\\/\"}]}<\/script>\n<!-- \/ Yoast SEO plugin. -->","yoast_head_json":{"title":"Mercedes Rugby Club ajusta detalles con un amistoso ante El Front\u00f3n antes del reinicio del Torneo Metropolitano G3","robots":{"index":"index","follow":"follow","max-snippet":"max-snippet:-1","max-image-preview":"max-image-preview:large","max-video-preview":"max-video-preview:-1"},"canonical":"https:\/\/noticiasmercedinas.com\/site\/2026\/08\/15\/mercedes-rugby-club-ajusta-detalles-con-un-amistoso-ante-el-fronton-antes-del-reinicio-del-torneo-metropolitano-g3\/","og_locale":"es_ES","og_type":"article","og_title":"Mercedes Rugby Club ajusta detalles con un amistoso ante El Front\u00f3n antes del reinicio del Torneo Metropolitano G3","og_description":"\u25a0 El conjunto dirigido por Walter Limonta recibir\u00e1 este s\u00e1bado 22 de agosto al equipo de San Andr\u00e9s de Giles con tira completa en su predio, mientras eval\u00faa un segundo encuentro de preparaci\u00f3n frente a Luj\u00e1n Rugby Club de cara al regreso oficial del campeonato.","og_url":"https:\/\/noticiasmercedinas.com\/site\/2026\/08\/15\/mercedes-rugby-club-ajusta-detalles-con-un-amistoso-ante-el-fronton-antes-del-reinicio-del-torneo-metropolitano-g3\/","og_site_name":"NOTICIASMERCEDINAS.COM","article_publisher":"https:\/\/www.facebook.com\/noticiasmercedinas\/","article_published_time":"2026-08-15T18:29:24+00:00","og_image":[{"width":640,"height":408,"url":"https:\/\/noticiasmercedinas.com\/site\/wp-content\/uploads\/2026\/08\/mrc.jpg","type":"image\/jpeg"}],"author":"NOTICIASMERCEDINAS.COM","twitter_card":"summary_large_image","twitter_creator":"@notmercedinas","twitter_site":"@notmercedinas","twitter_misc":{"Escrito por":"NOTICIASMERCEDINAS.COM","Tiempo de lectura":"2 minutos"},"schema":{"@context":"https:\/\/schema.org","@graph":[{"@type":"Article","@id":"https:\/\/noticiasmercedinas.com\/site\/2026\/08\/15\/mercedes-rugby-club-ajusta-detalles-con-un-amistoso-ante-el-fronton-antes-del-reinicio-del-torneo-metropolitano-g3\/#article","isPartOf":{"@id":"https:\/\/noticiasmercedinas.com\/site\/2026\/08\/15\/mercedes-rugby-club-ajusta-detalles-con-un-amistoso-ante-el-fronton-antes-del-reinicio-del-torneo-metropolitano-g3\/"},"author":{"name":"NOTICIASMERCEDINAS.COM","@id":"https:\/\/noticiasmercedinas.com\/site\/#\/schema\/person\/84b59c099c28ff2e8b77d4ceec5d8063"},"headline":"Mercedes Rugby Club ajusta detalles con un amistoso ante El Front\u00f3n antes del reinicio del Torneo Metropolitano G3","datePublished":"2026-08-15T18:29:24+00:00","mainEntityOfPage":{"@id":"https:\/\/noticiasmercedinas.com\/site\/2026\/08\/15\/mercedes-rugby-club-ajusta-detalles-con-un-amistoso-ante-el-fronton-antes-del-reinicio-del-torneo-metropolitano-g3\/"},"wordCount":222,"publisher":{"@id":"https:\/\/noticiasmercedinas.com\/site\/#organization"},"image":{"@id":"https:\/\/noticiasmercedinas.com\/site\/2026\/08\/15\/mercedes-rugby-club-ajusta-detalles-con-un-amistoso-ante-el-fronton-antes-del-reinicio-del-torneo-metropolitano-g3\/#primaryimage"},"thumbnailUrl":"https:\/\/noticiasmercedinas.com\/site\/wp-content\/uploads\/2026\/08\/mrc.jpg","keywords":["hockey femenino","mercedes rugby club","mrc"],"articleSection":["Deportes"],"inLanguage":"es"},{"@type":"WebPage","@id":"https:\/\/noticiasmercedinas.com\/site\/2026\/08\/15\/mercedes-rugby-club-ajusta-detalles-con-un-amistoso-ante-el-fronton-antes-del-reinicio-del-torneo-metropolitano-g3\/","url":"https:\/\/noticiasmercedinas.com\/site\/2026\/08\/15\/mercedes-rugby-club-ajusta-detalles-con-un-amistoso-ante-el-fronton-antes-del-reinicio-del-torneo-metropolitano-g3\/","name":"Mercedes Rugby Club ajusta detalles con un amistoso ante El Front\u00f3n antes del reinicio del Torneo Metropolitano G3","isPartOf":{"@id":"https:\/\/noticiasmercedinas.com\/site\/#website"},"primaryImageOfPage":{"@id":"https:\/\/noticiasmercedinas.com\/site\/2026\/08\/15\/mercedes-rugby-club-ajusta-detalles-con-un-amistoso-ante-el-fronton-antes-del-reinicio-del-torneo-metropolitano-g3\/#primaryimage"},"image":{"@id":"https:\/\/noticiasmercedinas.com\/site\/2026\/08\/15\/mercedes-rugby-club-ajusta-detalles-con-un-amistoso-ante-el-fronton-antes-del-reinicio-del-torneo-metropolitano-g3\/#primaryimage"},"thumbnailUrl":"https:\/\/noticiasmercedinas.com\/site\/wp-content\/uploads\/2026\/08\/mrc.jpg","datePublished":"2026-08-15T18:29:24+00:00","breadcrumb":{"@id":"https:\/\/noticiasmercedinas.com\/site\/2026\/08\/15\/mercedes-rugby-club-ajusta-detalles-con-un-amistoso-ante-el-fronton-antes-del-reinicio-del-torneo-metropolitano-g3\/#breadcrumb"},"inLanguage":"es","potentialAction":[{"@type":"ReadAction","target":["https:\/\/noticiasmercedinas.com\/site\/2026\/08\/15\/mercedes-rugby-club-ajusta-detalles-con-un-amistoso-ante-el-fronton-antes-del-reinicio-del-torneo-metropolitano-g3\/"]}]},{"@type":"ImageObject","inLanguage":"es","@id":"https:\/\/noticiasmercedinas.com\/site\/2026\/08\/15\/mercedes-rugby-club-ajusta-detalles-con-un-amistoso-ante-el-fronton-antes-del-reinicio-del-torneo-metropolitano-g3\/#primaryimage","url":"https:\/\/noticiasmercedinas.com\/site\/wp-content\/uploads\/2026\/08\/mrc.jpg","contentUrl":"https:\/\/noticiasmercedinas.com\/site\/wp-content\/uploads\/2026\/08\/mrc.jpg","width":640,"height":408},{"@type":"BreadcrumbList","@id":"https:\/\/noticiasmercedinas.com\/site\/2026\/08\/15\/mercedes-rugby-club-ajusta-detalles-con-un-amistoso-ante-el-fronton-antes-del-reinicio-del-torneo-metropolitano-g3\/#breadcrumb","itemListElement":[{"@type":"ListItem","position":1,"name":"Portada","item":"https:\/\/noticiasmercedinas.com\/site\/"},{"@type":"ListItem","position":2,"name":"Mercedes Rugby Club ajusta detalles con un amistoso ante El Front\u00f3n antes del reinicio del Torneo Metropolitano G3"}]},{"@type":"WebSite","@id":"https:\/\/noticiasmercedinas.com\/site\/#website","url":"https:\/\/noticiasmercedinas.com\/site\/","name":"NOTICIASMERCEDINAS.COM","description":"Mercedes, Buenos Aires, Argentina","publisher":{"@id":"https:\/\/noticiasmercedinas.com\/site\/#organization"},"potentialAction":[{"@type":"SearchAction","target":{"@type":"EntryPoint","urlTemplate":"https:\/\/noticiasmercedinas.com\/site\/?s={search_term_string}"},"query-input":{"@type":"PropertyValueSpecification","valueRequired":true,"valueName":"search_term_string"}}],"inLanguage":"es"},{"@type":"Organization","@id":"https:\/\/noticiasmercedinas.com\/site\/#organization","name":"NOTICIASMERCEDINAS.COM","url":"https:\/\/noticiasmercedinas.com\/site\/","logo":{"@type":"ImageObject","inLanguage":"es","@id":"https:\/\/noticiasmercedinas.com\/site\/#\/schema\/logo\/image\/","url":"https:\/\/noticiasmercedinas.com\/site\/wp-content\/uploads\/2020\/06\/LOGO-512.jpg","contentUrl":"https:\/\/noticiasmercedinas.com\/site\/wp-content\/uploads\/2020\/06\/LOGO-512.jpg","width":512,"height":512,"caption":"NOTICIASMERCEDINAS.COM"},"image":{"@id":"https:\/\/noticiasmercedinas.com\/site\/#\/schema\/logo\/image\/"},"sameAs":["https:\/\/www.facebook.com\/noticiasmercedinas\/","https:\/\/x.com\/notmercedinas","https:\/\/www.instagram.com\/noticiasmercedinas\/"]},{"@type":"Person","@id":"https:\/\/noticiasmercedinas.com\/site\/#\/schema\/person\/84b59c099c28ff2e8b77d4ceec5d8063","name":"NOTICIASMERCEDINAS.COM","image":{"@type":"ImageObject","inLanguage":"es","@id":"https:\/\/secure.gravatar.com\/avatar\/4dfbf16b4d17945bfb6341b2d19043457132fcf478a5ee04f42e959fd8f5df0a?s=96&d=mm&r=g","url":"https:\/\/secure.gravatar.com\/avatar\/4dfbf16b4d17945bfb6341b2d19043457132fcf478a5ee04f42e959fd8f5df0a?s=96&d=mm&r=g","contentUrl":"https:\/\/secure.gravatar.com\/avatar\/4dfbf16b4d17945bfb6341b2d19043457132fcf478a5ee04f42e959fd8f5df0a?s=96&d=mm&r=g","caption":"NOTICIASMERCEDINAS.COM"},"url":"https:\/\/noticiasmercedinas.com\/site\/author\/anonimo\/"}]}},"amp_enabled":true,"_links":{"self":[{"href":"https:\/\/noticiasmercedinas.com\/site\/wp-json\/wp\/v2\/posts\/192843","targetHints":{"allow":["GET"]}}],"collection":[{"href":"https:\/\/noticiasmercedinas.com\/site\/wp-json\/wp\/v2\/posts"}],"about":[{"href":"https:\/\/noticiasmercedinas.com\/site\/wp-json\/wp\/v2\/types\/post"}],"author":[{"embeddable":true,"href":"https:\/\/noticiasmercedinas.com\/site\/wp-json\/wp\/v2\/users\/16"}],"replies":[{"embeddable":true,"href":"https:\/\/noticiasmercedinas.com\/site\/wp-json\/wp\/v2\/comments?post=192843"}],"version-history":[{"count":1,"href":"https:\/\/noticiasmercedinas.com\/site\/wp-json\/wp\/v2\/posts\/192843\/revisions"}],"predecessor-version":[{"id":192845,"href":"https:\/\/noticiasmercedinas.com\/site\/wp-json\/wp\/v2\/posts\/192843\/revisions\/192845"}],"wp:featuredmedia":[{"embeddable":true,"href":"https:\/\/noticiasmercedinas.com\/site\/wp-json\/wp\/v2\/media\/192844"}],"wp:attachment":[{"href":"https:\/\/noticiasmercedinas.com\/site\/wp-json\/wp\/v2\/media?parent=192843"}],"wp:term":[{"taxonomy":"category","embeddable":true,"href":"https:\/\/noticiasmercedinas.com\/site\/wp-json\/wp\/v2\/categories?post=192843"},{"taxonomy":"post_tag","embeddable":true,"href":"https:\/\/noticiasmercedinas.com\/site\/wp-json\/wp\/v2\/tags?post=192843"}],"curies":[{"name":"wp","href":"https:\/\/api.w.org\/{rel}","templated":true}]}}