{"id":193858,"date":"2026-09-03T15:44:28","date_gmt":"2026-09-03T18:44:28","guid":{"rendered":"https:\/\/noticiasmercedinas.com\/site\/?p=193858"},"modified":"2026-09-03T16:06:41","modified_gmt":"2026-09-03T19:06:41","slug":"restablecen-el-servicio-cloud-de-noticias-mercedinas-tras-la-falla-tecnica-del-domingo","status":"publish","type":"post","link":"https:\/\/noticiasmercedinas.com\/site\/2026\/09\/03\/restablecen-el-servicio-cloud-de-noticias-mercedinas-tras-la-falla-tecnica-del-domingo\/","title":{"rendered":"Restablecen el servicio cloud de Noticias Mercedinas tras la falla t\u00e9cnica del domingo"},"content":{"rendered":"<p><img loading=\"lazy\" decoding=\"async\" class=\"alignnone size-full wp-image-66437\" src=\"https:\/\/noticiasmercedinas.com\/site\/wp-content\/uploads\/2021\/04\/cloud.jpg\" alt=\"\" width=\"735\" height=\"446\" srcset=\"https:\/\/noticiasmercedinas.com\/site\/wp-content\/uploads\/2021\/04\/cloud.jpg 735w, https:\/\/noticiasmercedinas.com\/site\/wp-content\/uploads\/2021\/04\/cloud-300x182.jpg 300w, https:\/\/noticiasmercedinas.com\/site\/wp-content\/uploads\/2021\/04\/cloud-640x388.jpg 640w, https:\/\/noticiasmercedinas.com\/site\/wp-content\/uploads\/2021\/04\/cloud-681x413.jpg 681w\" sizes=\"auto, (max-width: 735px) 100vw, 735px\" \/><\/p>\n<p>Tras el desperfecto t\u00e9cnico registrado durante las primeras horas de la ma\u00f1ana del pasado domingo, la plataforma digital <em>Noticias Mercedinas<\/em> comenz\u00f3 a restablecer de manera paulatina su servicio de publicaci\u00f3n y actualizaci\u00f3n informativa.<\/p>\n<p>La falla en el proveedor del alojamiento cloud afect\u00f3 el funcionamiento de diversas aplicaciones y plataformas en l\u00ednea, complicando las tareas operativas de un amplio n\u00famero de usuarios en la regi\u00f3n hasta la tarde de hoy.<\/p>\n<p>El inconveniente t\u00e9cnico, cuyo impacto en los servidores distribuidos a nivel internacional vari\u00f3 seg\u00fan la regi\u00f3n \u2014con accesos restablecidos con mayor rapidez en plazas como M\u00e9xico o China en comparaci\u00f3n con Estados Unidos, Europa y Argentina\u2014, ya se encuentra resuelto. Con la normalizaci\u00f3n del sistema registrada a partir de este mediod\u00eda en el pa\u00eds, el portal especializado retoma la emisi\u00f3n habitual de novedades.<\/p>\n<blockquote><p>Desde ahora este medio de comunicaci\u00f3n retoma su servicio habitual en la web y en las redes sociales<\/p><\/blockquote>\n<p>Asimismo, la redacci\u00f3n trabajar\u00e1 en la carga de las noticias principales correspondientes a las jornadas en las que el portal estuvo fuera de l\u00ednea. El objetivo es mantener la integridad de un archivo diario de acceso p\u00fablico que documenta la memoria colectiva e institucional de Mercedes y la zona desde el 25 de junio de 2006 a la fecha.<\/p>\n<p>Desde la direcci\u00f3n del medio expresaron el agradecimiento a los lectores, colegas, anunciantes y organizaciones que expresaron su respaldo, incluso a una empresa tech de la provincia de La Rioja, <strong><a href=\"https:\/\/nubecenter.com.ar\/es\">Nube Center<\/a><\/strong>, que se ofreci\u00f3 con un car\u00e1cter humano importante y relaciones fluidas persona a persona, en su atenci\u00f3n, a alojar al sitio durante el tiempo en que estuvo afectado, destacando el valor intr\u00ednseco de la informaci\u00f3n territorial sostenida en el tiempo.<\/p>\n<p>Adem\u00e1s la fe y el rezar a Dios por el restablecimiento de este sitio tambi\u00e9n sirvi\u00f3 y de mucho, pero eso ser\u00eda harina de otro costal para quienes creen en un periodismo no ateo. \u00bfLo hay? \u00bfEs mejor?<\/p>\n","protected":false},"excerpt":{"rendered":"<p>El desperfecto en los servidores afect\u00f3 a usuarios y plataformas en l\u00ednea de distintos puntos del pa\u00eds. El medio hiperlocal retoma gradualmente la actualizaci\u00f3n de contenidos y sumar\u00e1 la cobertura de los d\u00edas sin emisi\u00f3n para resguardar un archivo hist\u00f3rico continuo de m\u00e1s de dos d\u00e9cadas.<\/p>\n","protected":false},"author":16,"featured_media":66437,"comment_status":"closed","ping_status":"closed","sticky":false,"template":"","format":"standard","meta":{"footnotes":""},"categories":[4210,20734],"tags":[22797,19156,5177,12757],"class_list":["post-193858","post","type-post","status-publish","format-standard","has-post-thumbnail","hentry","category-medios","category-ultimo-momento","tag-cloud-server","tag-desperfecto","tag-noticias-mercedinas","tag-problema-tecnico"],"yoast_head":"<!-- This site is optimized with the Yoast SEO plugin v28.3 - https:\/\/yoast.com\/product\/yoast-seo-wordpress\/ -->\n<title>Restablecen el servicio cloud de Noticias Mercedinas tras la falla t\u00e9cnica del domingo<\/title>\n<meta name=\"description\" content=\"El desperfecto en los servidores afect\u00f3 a usuarios y plataformas en l\u00ednea de distintos puntos del pa\u00eds. El medio hiperlocal retoma gradualmente la actualizaci\u00f3n de contenidos y sumar\u00e1 la cobertura de los d\u00edas sin emisi\u00f3n para resguardar un archivo hist\u00f3rico continuo de m\u00e1s de dos d\u00e9cadas.\" \/>\n<meta name=\"robots\" content=\"index, follow, max-snippet:-1, max-image-preview:large, max-video-preview:-1\" \/>\n<link rel=\"canonical\" href=\"https:\/\/noticiasmercedinas.com\/site\/2026\/09\/03\/restablecen-el-servicio-cloud-de-noticias-mercedinas-tras-la-falla-tecnica-del-domingo\/\" \/>\n<meta property=\"og:locale\" content=\"es_ES\" \/>\n<meta property=\"og:type\" content=\"article\" \/>\n<meta property=\"og:title\" content=\"Restablecen el servicio cloud de Noticias Mercedinas tras la falla t\u00e9cnica del domingo\" \/>\n<meta property=\"og:description\" content=\"El desperfecto en los servidores afect\u00f3 a usuarios y plataformas en l\u00ednea de distintos puntos del pa\u00eds. El medio hiperlocal retoma gradualmente la actualizaci\u00f3n de contenidos y sumar\u00e1 la cobertura de los d\u00edas sin emisi\u00f3n para resguardar un archivo hist\u00f3rico continuo de m\u00e1s de dos d\u00e9cadas.\" \/>\n<meta property=\"og:url\" content=\"https:\/\/noticiasmercedinas.com\/site\/2026\/09\/03\/restablecen-el-servicio-cloud-de-noticias-mercedinas-tras-la-falla-tecnica-del-domingo\/\" \/>\n<meta property=\"og:site_name\" content=\"NOTICIASMERCEDINAS.COM\" \/>\n<meta property=\"article:publisher\" content=\"https:\/\/www.facebook.com\/noticiasmercedinas\/\" \/>\n<meta property=\"article:published_time\" content=\"2026-09-03T18:44:28+00:00\" \/>\n<meta property=\"article:modified_time\" content=\"2026-09-03T19:06:41+00:00\" \/>\n<meta property=\"og:image\" content=\"https:\/\/noticiasmercedinas.com\/site\/wp-content\/uploads\/2021\/04\/cloud.jpg\" \/>\n\t<meta property=\"og:image:width\" content=\"735\" \/>\n\t<meta property=\"og:image:height\" content=\"446\" \/>\n\t<meta property=\"og:image:type\" content=\"image\/jpeg\" \/>\n<meta name=\"author\" content=\"NOTICIASMERCEDINAS.COM\" \/>\n<meta name=\"twitter:card\" content=\"summary_large_image\" \/>\n<meta name=\"twitter:creator\" content=\"@notmercedinas\" \/>\n<meta name=\"twitter:site\" content=\"@notmercedinas\" \/>\n<meta name=\"twitter:label1\" content=\"Escrito por\" \/>\n\t<meta name=\"twitter:data1\" content=\"NOTICIASMERCEDINAS.COM\" \/>\n\t<meta name=\"twitter:label2\" content=\"Tiempo de lectura\" \/>\n\t<meta name=\"twitter:data2\" content=\"2 minutos\" \/>\n<script type=\"application\/ld+json\" class=\"yoast-schema-graph\">{\"@context\":\"https:\\\/\\\/schema.org\",\"@graph\":[{\"@type\":\"Article\",\"@id\":\"https:\\\/\\\/noticiasmercedinas.com\\\/site\\\/2026\\\/09\\\/03\\\/restablecen-el-servicio-cloud-de-noticias-mercedinas-tras-la-falla-tecnica-del-domingo\\\/#article\",\"isPartOf\":{\"@id\":\"https:\\\/\\\/noticiasmercedinas.com\\\/site\\\/2026\\\/09\\\/03\\\/restablecen-el-servicio-cloud-de-noticias-mercedinas-tras-la-falla-tecnica-del-domingo\\\/\"},\"author\":{\"name\":\"NOTICIASMERCEDINAS.COM\",\"@id\":\"https:\\\/\\\/noticiasmercedinas.com\\\/site\\\/#\\\/schema\\\/person\\\/84b59c099c28ff2e8b77d4ceec5d8063\"},\"headline\":\"Restablecen el servicio cloud de Noticias Mercedinas tras la falla t\u00e9cnica del domingo\",\"datePublished\":\"2026-09-03T18:44:28+00:00\",\"dateModified\":\"2026-09-03T19:06:41+00:00\",\"mainEntityOfPage\":{\"@id\":\"https:\\\/\\\/noticiasmercedinas.com\\\/site\\\/2026\\\/09\\\/03\\\/restablecen-el-servicio-cloud-de-noticias-mercedinas-tras-la-falla-tecnica-del-domingo\\\/\"},\"wordCount\":359,\"publisher\":{\"@id\":\"https:\\\/\\\/noticiasmercedinas.com\\\/site\\\/#organization\"},\"image\":{\"@id\":\"https:\\\/\\\/noticiasmercedinas.com\\\/site\\\/2026\\\/09\\\/03\\\/restablecen-el-servicio-cloud-de-noticias-mercedinas-tras-la-falla-tecnica-del-domingo\\\/#primaryimage\"},\"thumbnailUrl\":\"https:\\\/\\\/noticiasmercedinas.com\\\/site\\\/wp-content\\\/uploads\\\/2021\\\/04\\\/cloud.jpg\",\"keywords\":[\"Cloud server\",\"desperfecto\",\"Noticias Mercedinas\",\"problema tecnico\"],\"articleSection\":[\"Medios\",\"Ultimo momento\"],\"inLanguage\":\"es\"},{\"@type\":\"WebPage\",\"@id\":\"https:\\\/\\\/noticiasmercedinas.com\\\/site\\\/2026\\\/09\\\/03\\\/restablecen-el-servicio-cloud-de-noticias-mercedinas-tras-la-falla-tecnica-del-domingo\\\/\",\"url\":\"https:\\\/\\\/noticiasmercedinas.com\\\/site\\\/2026\\\/09\\\/03\\\/restablecen-el-servicio-cloud-de-noticias-mercedinas-tras-la-falla-tecnica-del-domingo\\\/\",\"name\":\"Restablecen el servicio cloud de Noticias Mercedinas tras la falla t\u00e9cnica del domingo\",\"isPartOf\":{\"@id\":\"https:\\\/\\\/noticiasmercedinas.com\\\/site\\\/#website\"},\"primaryImageOfPage\":{\"@id\":\"https:\\\/\\\/noticiasmercedinas.com\\\/site\\\/2026\\\/09\\\/03\\\/restablecen-el-servicio-cloud-de-noticias-mercedinas-tras-la-falla-tecnica-del-domingo\\\/#primaryimage\"},\"image\":{\"@id\":\"https:\\\/\\\/noticiasmercedinas.com\\\/site\\\/2026\\\/09\\\/03\\\/restablecen-el-servicio-cloud-de-noticias-mercedinas-tras-la-falla-tecnica-del-domingo\\\/#primaryimage\"},\"thumbnailUrl\":\"https:\\\/\\\/noticiasmercedinas.com\\\/site\\\/wp-content\\\/uploads\\\/2021\\\/04\\\/cloud.jpg\",\"datePublished\":\"2026-09-03T18:44:28+00:00\",\"dateModified\":\"2026-09-03T19:06:41+00:00\",\"description\":\"El desperfecto en los servidores afect\u00f3 a usuarios y plataformas en l\u00ednea de distintos puntos del pa\u00eds. El medio hiperlocal retoma gradualmente la actualizaci\u00f3n de contenidos y sumar\u00e1 la cobertura de los d\u00edas sin emisi\u00f3n para resguardar un archivo hist\u00f3rico continuo de m\u00e1s de dos d\u00e9cadas.\",\"breadcrumb\":{\"@id\":\"https:\\\/\\\/noticiasmercedinas.com\\\/site\\\/2026\\\/09\\\/03\\\/restablecen-el-servicio-cloud-de-noticias-mercedinas-tras-la-falla-tecnica-del-domingo\\\/#breadcrumb\"},\"inLanguage\":\"es\",\"potentialAction\":[{\"@type\":\"ReadAction\",\"target\":[\"https:\\\/\\\/noticiasmercedinas.com\\\/site\\\/2026\\\/09\\\/03\\\/restablecen-el-servicio-cloud-de-noticias-mercedinas-tras-la-falla-tecnica-del-domingo\\\/\"]}]},{\"@type\":\"ImageObject\",\"inLanguage\":\"es\",\"@id\":\"https:\\\/\\\/noticiasmercedinas.com\\\/site\\\/2026\\\/09\\\/03\\\/restablecen-el-servicio-cloud-de-noticias-mercedinas-tras-la-falla-tecnica-del-domingo\\\/#primaryimage\",\"url\":\"https:\\\/\\\/noticiasmercedinas.com\\\/site\\\/wp-content\\\/uploads\\\/2021\\\/04\\\/cloud.jpg\",\"contentUrl\":\"https:\\\/\\\/noticiasmercedinas.com\\\/site\\\/wp-content\\\/uploads\\\/2021\\\/04\\\/cloud.jpg\",\"width\":735,\"height\":446},{\"@type\":\"BreadcrumbList\",\"@id\":\"https:\\\/\\\/noticiasmercedinas.com\\\/site\\\/2026\\\/09\\\/03\\\/restablecen-el-servicio-cloud-de-noticias-mercedinas-tras-la-falla-tecnica-del-domingo\\\/#breadcrumb\",\"itemListElement\":[{\"@type\":\"ListItem\",\"position\":1,\"name\":\"Portada\",\"item\":\"https:\\\/\\\/noticiasmercedinas.com\\\/site\\\/\"},{\"@type\":\"ListItem\",\"position\":2,\"name\":\"Restablecen el servicio cloud de Noticias Mercedinas tras la falla t\u00e9cnica del domingo\"}]},{\"@type\":\"WebSite\",\"@id\":\"https:\\\/\\\/noticiasmercedinas.com\\\/site\\\/#website\",\"url\":\"https:\\\/\\\/noticiasmercedinas.com\\\/site\\\/\",\"name\":\"NOTICIASMERCEDINAS.COM\",\"description\":\"Mercedes, Buenos Aires, Argentina\",\"publisher\":{\"@id\":\"https:\\\/\\\/noticiasmercedinas.com\\\/site\\\/#organization\"},\"potentialAction\":[{\"@type\":\"SearchAction\",\"target\":{\"@type\":\"EntryPoint\",\"urlTemplate\":\"https:\\\/\\\/noticiasmercedinas.com\\\/site\\\/?s={search_term_string}\"},\"query-input\":{\"@type\":\"PropertyValueSpecification\",\"valueRequired\":true,\"valueName\":\"search_term_string\"}}],\"inLanguage\":\"es\"},{\"@type\":\"Organization\",\"@id\":\"https:\\\/\\\/noticiasmercedinas.com\\\/site\\\/#organization\",\"name\":\"NOTICIASMERCEDINAS.COM\",\"url\":\"https:\\\/\\\/noticiasmercedinas.com\\\/site\\\/\",\"logo\":{\"@type\":\"ImageObject\",\"inLanguage\":\"es\",\"@id\":\"https:\\\/\\\/noticiasmercedinas.com\\\/site\\\/#\\\/schema\\\/logo\\\/image\\\/\",\"url\":\"https:\\\/\\\/noticiasmercedinas.com\\\/site\\\/wp-content\\\/uploads\\\/2020\\\/06\\\/LOGO-512.jpg\",\"contentUrl\":\"https:\\\/\\\/noticiasmercedinas.com\\\/site\\\/wp-content\\\/uploads\\\/2020\\\/06\\\/LOGO-512.jpg\",\"width\":512,\"height\":512,\"caption\":\"NOTICIASMERCEDINAS.COM\"},\"image\":{\"@id\":\"https:\\\/\\\/noticiasmercedinas.com\\\/site\\\/#\\\/schema\\\/logo\\\/image\\\/\"},\"sameAs\":[\"https:\\\/\\\/www.facebook.com\\\/noticiasmercedinas\\\/\",\"https:\\\/\\\/x.com\\\/notmercedinas\",\"https:\\\/\\\/www.instagram.com\\\/noticiasmercedinas\\\/\"]},{\"@type\":\"Person\",\"@id\":\"https:\\\/\\\/noticiasmercedinas.com\\\/site\\\/#\\\/schema\\\/person\\\/84b59c099c28ff2e8b77d4ceec5d8063\",\"name\":\"NOTICIASMERCEDINAS.COM\",\"image\":{\"@type\":\"ImageObject\",\"inLanguage\":\"es\",\"@id\":\"https:\\\/\\\/secure.gravatar.com\\\/avatar\\\/4dfbf16b4d17945bfb6341b2d19043457132fcf478a5ee04f42e959fd8f5df0a?s=96&d=mm&r=g\",\"url\":\"https:\\\/\\\/secure.gravatar.com\\\/avatar\\\/4dfbf16b4d17945bfb6341b2d19043457132fcf478a5ee04f42e959fd8f5df0a?s=96&d=mm&r=g\",\"contentUrl\":\"https:\\\/\\\/secure.gravatar.com\\\/avatar\\\/4dfbf16b4d17945bfb6341b2d19043457132fcf478a5ee04f42e959fd8f5df0a?s=96&d=mm&r=g\",\"caption\":\"NOTICIASMERCEDINAS.COM\"},\"url\":\"https:\\\/\\\/noticiasmercedinas.com\\\/site\\\/author\\\/anonimo\\\/\"}]}<\/script>\n<!-- \/ Yoast SEO plugin. -->","yoast_head_json":{"title":"Restablecen el servicio cloud de Noticias Mercedinas tras la falla t\u00e9cnica del domingo","description":"El desperfecto en los servidores afect\u00f3 a usuarios y plataformas en l\u00ednea de distintos puntos del pa\u00eds. El medio hiperlocal retoma gradualmente la actualizaci\u00f3n de contenidos y sumar\u00e1 la cobertura de los d\u00edas sin emisi\u00f3n para resguardar un archivo hist\u00f3rico continuo de m\u00e1s de dos d\u00e9cadas.","robots":{"index":"index","follow":"follow","max-snippet":"max-snippet:-1","max-image-preview":"max-image-preview:large","max-video-preview":"max-video-preview:-1"},"canonical":"https:\/\/noticiasmercedinas.com\/site\/2026\/09\/03\/restablecen-el-servicio-cloud-de-noticias-mercedinas-tras-la-falla-tecnica-del-domingo\/","og_locale":"es_ES","og_type":"article","og_title":"Restablecen el servicio cloud de Noticias Mercedinas tras la falla t\u00e9cnica del domingo","og_description":"El desperfecto en los servidores afect\u00f3 a usuarios y plataformas en l\u00ednea de distintos puntos del pa\u00eds. El medio hiperlocal retoma gradualmente la actualizaci\u00f3n de contenidos y sumar\u00e1 la cobertura de los d\u00edas sin emisi\u00f3n para resguardar un archivo hist\u00f3rico continuo de m\u00e1s de dos d\u00e9cadas.","og_url":"https:\/\/noticiasmercedinas.com\/site\/2026\/09\/03\/restablecen-el-servicio-cloud-de-noticias-mercedinas-tras-la-falla-tecnica-del-domingo\/","og_site_name":"NOTICIASMERCEDINAS.COM","article_publisher":"https:\/\/www.facebook.com\/noticiasmercedinas\/","article_published_time":"2026-09-03T18:44:28+00:00","article_modified_time":"2026-09-03T19:06:41+00:00","og_image":[{"width":735,"height":446,"url":"https:\/\/noticiasmercedinas.com\/site\/wp-content\/uploads\/2021\/04\/cloud.jpg","type":"image\/jpeg"}],"author":"NOTICIASMERCEDINAS.COM","twitter_card":"summary_large_image","twitter_creator":"@notmercedinas","twitter_site":"@notmercedinas","twitter_misc":{"Escrito por":"NOTICIASMERCEDINAS.COM","Tiempo de lectura":"2 minutos"},"schema":{"@context":"https:\/\/schema.org","@graph":[{"@type":"Article","@id":"https:\/\/noticiasmercedinas.com\/site\/2026\/09\/03\/restablecen-el-servicio-cloud-de-noticias-mercedinas-tras-la-falla-tecnica-del-domingo\/#article","isPartOf":{"@id":"https:\/\/noticiasmercedinas.com\/site\/2026\/09\/03\/restablecen-el-servicio-cloud-de-noticias-mercedinas-tras-la-falla-tecnica-del-domingo\/"},"author":{"name":"NOTICIASMERCEDINAS.COM","@id":"https:\/\/noticiasmercedinas.com\/site\/#\/schema\/person\/84b59c099c28ff2e8b77d4ceec5d8063"},"headline":"Restablecen el servicio cloud de Noticias Mercedinas tras la falla t\u00e9cnica del domingo","datePublished":"2026-09-03T18:44:28+00:00","dateModified":"2026-09-03T19:06:41+00:00","mainEntityOfPage":{"@id":"https:\/\/noticiasmercedinas.com\/site\/2026\/09\/03\/restablecen-el-servicio-cloud-de-noticias-mercedinas-tras-la-falla-tecnica-del-domingo\/"},"wordCount":359,"publisher":{"@id":"https:\/\/noticiasmercedinas.com\/site\/#organization"},"image":{"@id":"https:\/\/noticiasmercedinas.com\/site\/2026\/09\/03\/restablecen-el-servicio-cloud-de-noticias-mercedinas-tras-la-falla-tecnica-del-domingo\/#primaryimage"},"thumbnailUrl":"https:\/\/noticiasmercedinas.com\/site\/wp-content\/uploads\/2021\/04\/cloud.jpg","keywords":["Cloud server","desperfecto","Noticias Mercedinas","problema tecnico"],"articleSection":["Medios","Ultimo momento"],"inLanguage":"es"},{"@type":"WebPage","@id":"https:\/\/noticiasmercedinas.com\/site\/2026\/09\/03\/restablecen-el-servicio-cloud-de-noticias-mercedinas-tras-la-falla-tecnica-del-domingo\/","url":"https:\/\/noticiasmercedinas.com\/site\/2026\/09\/03\/restablecen-el-servicio-cloud-de-noticias-mercedinas-tras-la-falla-tecnica-del-domingo\/","name":"Restablecen el servicio cloud de Noticias Mercedinas tras la falla t\u00e9cnica del domingo","isPartOf":{"@id":"https:\/\/noticiasmercedinas.com\/site\/#website"},"primaryImageOfPage":{"@id":"https:\/\/noticiasmercedinas.com\/site\/2026\/09\/03\/restablecen-el-servicio-cloud-de-noticias-mercedinas-tras-la-falla-tecnica-del-domingo\/#primaryimage"},"image":{"@id":"https:\/\/noticiasmercedinas.com\/site\/2026\/09\/03\/restablecen-el-servicio-cloud-de-noticias-mercedinas-tras-la-falla-tecnica-del-domingo\/#primaryimage"},"thumbnailUrl":"https:\/\/noticiasmercedinas.com\/site\/wp-content\/uploads\/2021\/04\/cloud.jpg","datePublished":"2026-09-03T18:44:28+00:00","dateModified":"2026-09-03T19:06:41+00:00","description":"El desperfecto en los servidores afect\u00f3 a usuarios y plataformas en l\u00ednea de distintos puntos del pa\u00eds. El medio hiperlocal retoma gradualmente la actualizaci\u00f3n de contenidos y sumar\u00e1 la cobertura de los d\u00edas sin emisi\u00f3n para resguardar un archivo hist\u00f3rico continuo de m\u00e1s de dos d\u00e9cadas.","breadcrumb":{"@id":"https:\/\/noticiasmercedinas.com\/site\/2026\/09\/03\/restablecen-el-servicio-cloud-de-noticias-mercedinas-tras-la-falla-tecnica-del-domingo\/#breadcrumb"},"inLanguage":"es","potentialAction":[{"@type":"ReadAction","target":["https:\/\/noticiasmercedinas.com\/site\/2026\/09\/03\/restablecen-el-servicio-cloud-de-noticias-mercedinas-tras-la-falla-tecnica-del-domingo\/"]}]},{"@type":"ImageObject","inLanguage":"es","@id":"https:\/\/noticiasmercedinas.com\/site\/2026\/09\/03\/restablecen-el-servicio-cloud-de-noticias-mercedinas-tras-la-falla-tecnica-del-domingo\/#primaryimage","url":"https:\/\/noticiasmercedinas.com\/site\/wp-content\/uploads\/2021\/04\/cloud.jpg","contentUrl":"https:\/\/noticiasmercedinas.com\/site\/wp-content\/uploads\/2021\/04\/cloud.jpg","width":735,"height":446},{"@type":"BreadcrumbList","@id":"https:\/\/noticiasmercedinas.com\/site\/2026\/09\/03\/restablecen-el-servicio-cloud-de-noticias-mercedinas-tras-la-falla-tecnica-del-domingo\/#breadcrumb","itemListElement":[{"@type":"ListItem","position":1,"name":"Portada","item":"https:\/\/noticiasmercedinas.com\/site\/"},{"@type":"ListItem","position":2,"name":"Restablecen el servicio cloud de Noticias Mercedinas tras la falla t\u00e9cnica del domingo"}]},{"@type":"WebSite","@id":"https:\/\/noticiasmercedinas.com\/site\/#website","url":"https:\/\/noticiasmercedinas.com\/site\/","name":"NOTICIASMERCEDINAS.COM","description":"Mercedes, Buenos Aires, Argentina","publisher":{"@id":"https:\/\/noticiasmercedinas.com\/site\/#organization"},"potentialAction":[{"@type":"SearchAction","target":{"@type":"EntryPoint","urlTemplate":"https:\/\/noticiasmercedinas.com\/site\/?s={search_term_string}"},"query-input":{"@type":"PropertyValueSpecification","valueRequired":true,"valueName":"search_term_string"}}],"inLanguage":"es"},{"@type":"Organization","@id":"https:\/\/noticiasmercedinas.com\/site\/#organization","name":"NOTICIASMERCEDINAS.COM","url":"https:\/\/noticiasmercedinas.com\/site\/","logo":{"@type":"ImageObject","inLanguage":"es","@id":"https:\/\/noticiasmercedinas.com\/site\/#\/schema\/logo\/image\/","url":"https:\/\/noticiasmercedinas.com\/site\/wp-content\/uploads\/2020\/06\/LOGO-512.jpg","contentUrl":"https:\/\/noticiasmercedinas.com\/site\/wp-content\/uploads\/2020\/06\/LOGO-512.jpg","width":512,"height":512,"caption":"NOTICIASMERCEDINAS.COM"},"image":{"@id":"https:\/\/noticiasmercedinas.com\/site\/#\/schema\/logo\/image\/"},"sameAs":["https:\/\/www.facebook.com\/noticiasmercedinas\/","https:\/\/x.com\/notmercedinas","https:\/\/www.instagram.com\/noticiasmercedinas\/"]},{"@type":"Person","@id":"https:\/\/noticiasmercedinas.com\/site\/#\/schema\/person\/84b59c099c28ff2e8b77d4ceec5d8063","name":"NOTICIASMERCEDINAS.COM","image":{"@type":"ImageObject","inLanguage":"es","@id":"https:\/\/secure.gravatar.com\/avatar\/4dfbf16b4d17945bfb6341b2d19043457132fcf478a5ee04f42e959fd8f5df0a?s=96&d=mm&r=g","url":"https:\/\/secure.gravatar.com\/avatar\/4dfbf16b4d17945bfb6341b2d19043457132fcf478a5ee04f42e959fd8f5df0a?s=96&d=mm&r=g","contentUrl":"https:\/\/secure.gravatar.com\/avatar\/4dfbf16b4d17945bfb6341b2d19043457132fcf478a5ee04f42e959fd8f5df0a?s=96&d=mm&r=g","caption":"NOTICIASMERCEDINAS.COM"},"url":"https:\/\/noticiasmercedinas.com\/site\/author\/anonimo\/"}]}},"amp_enabled":true,"_links":{"self":[{"href":"https:\/\/noticiasmercedinas.com\/site\/wp-json\/wp\/v2\/posts\/193858","targetHints":{"allow":["GET"]}}],"collection":[{"href":"https:\/\/noticiasmercedinas.com\/site\/wp-json\/wp\/v2\/posts"}],"about":[{"href":"https:\/\/noticiasmercedinas.com\/site\/wp-json\/wp\/v2\/types\/post"}],"author":[{"embeddable":true,"href":"https:\/\/noticiasmercedinas.com\/site\/wp-json\/wp\/v2\/users\/16"}],"replies":[{"embeddable":true,"href":"https:\/\/noticiasmercedinas.com\/site\/wp-json\/wp\/v2\/comments?post=193858"}],"version-history":[{"count":5,"href":"https:\/\/noticiasmercedinas.com\/site\/wp-json\/wp\/v2\/posts\/193858\/revisions"}],"predecessor-version":[{"id":193883,"href":"https:\/\/noticiasmercedinas.com\/site\/wp-json\/wp\/v2\/posts\/193858\/revisions\/193883"}],"wp:featuredmedia":[{"embeddable":true,"href":"https:\/\/noticiasmercedinas.com\/site\/wp-json\/wp\/v2\/media\/66437"}],"wp:attachment":[{"href":"https:\/\/noticiasmercedinas.com\/site\/wp-json\/wp\/v2\/media?parent=193858"}],"wp:term":[{"taxonomy":"category","embeddable":true,"href":"https:\/\/noticiasmercedinas.com\/site\/wp-json\/wp\/v2\/categories?post=193858"},{"taxonomy":"post_tag","embeddable":true,"href":"https:\/\/noticiasmercedinas.com\/site\/wp-json\/wp\/v2\/tags?post=193858"}],"curies":[{"name":"wp","href":"https:\/\/api.w.org\/{rel}","templated":true}]}}