{"id":193864,"date":"2026-09-03T15:55:20","date_gmt":"2026-09-03T18:55:20","guid":{"rendered":"https:\/\/noticiasmercedinas.com\/site\/?p=193864"},"modified":"2026-09-03T15:55:20","modified_gmt":"2026-09-03T18:55:20","slug":"exito-y-paridad-en-la-sexta-fecha-de-la-liga-mercedina-de-tenis-de-mesa","status":"publish","type":"post","link":"https:\/\/noticiasmercedinas.com\/site\/2026\/09\/03\/exito-y-paridad-en-la-sexta-fecha-de-la-liga-mercedina-de-tenis-de-mesa\/","title":{"rendered":"\u00c9xito y paridad en la sexta fecha de la Liga Mercedina de Tenis de Mesa"},"content":{"rendered":"<figure id=\"attachment_193865\" aria-describedby=\"caption-attachment-193865\" style=\"width: 640px\" class=\"wp-caption alignnone\"><img loading=\"lazy\" decoding=\"async\" class=\"wp-image-193865 size-full\" src=\"https:\/\/noticiasmercedinas.com\/site\/wp-content\/uploads\/2026\/09\/tdm4.jpg\" alt=\"\" width=\"640\" height=\"530\" srcset=\"https:\/\/noticiasmercedinas.com\/site\/wp-content\/uploads\/2026\/09\/tdm4.jpg 640w, https:\/\/noticiasmercedinas.com\/site\/wp-content\/uploads\/2026\/09\/tdm4-300x248.jpg 300w\" sizes=\"auto, (max-width: 640px) 100vw, 640px\" \/><figcaption id=\"caption-attachment-193865\" class=\"wp-caption-text\">Russo, A. Russo y Vivas.<\/figcaption><\/figure>\n<p>El pasado viernes 28 de agosto se disput\u00f3 la sexta fecha de la Liga Mercedina de Tenis de Mesa en las instalaciones del predio de deportes Mart\u00edn Rodr\u00edguez. Bajo la coordinaci\u00f3n general de Alejandro Russo, la jornada cont\u00f3 con la participaci\u00f3n de m\u00e1s de 30 jugadores distribuidos en cuatro categor\u00edas, consolidando un marco de alta competencia local.<\/p>\n<p>En el plano estrictamente deportivo, la categor\u00eda Primera qued\u00f3 en manos del propio Alejandro Russo, secundado por Javier Russo y Valent\u00edn Vivas en el podio. Por su parte, Mateo Medrano se adjudic\u00f3 la divisi\u00f3n Segunda al superar en las posiciones finales a Gonzalo Cazenave (segundo) y Bautista Cerverizzo (tercero). En Tercera \u00abA\u00bb, Joaqu\u00edn Chena obtuvo el primer puesto, seguido por Ariel Vivas y Carlos Illanes; mientras que en Tercera \u00abB\u00bb, Juan Pablo Breier logr\u00f3 el liderazgo, escoltado por Iv\u00e1n Pereyra y Camilo Parra.<\/p>\n<p><img loading=\"lazy\" decoding=\"async\" class=\"alignnone size-full wp-image-193866\" src=\"https:\/\/noticiasmercedinas.com\/site\/wp-content\/uploads\/2026\/09\/tdm2.jpg\" alt=\"\" width=\"640\" height=\"480\" srcset=\"https:\/\/noticiasmercedinas.com\/site\/wp-content\/uploads\/2026\/09\/tdm2.jpg 640w, https:\/\/noticiasmercedinas.com\/site\/wp-content\/uploads\/2026\/09\/tdm2-300x225.jpg 300w, https:\/\/noticiasmercedinas.com\/site\/wp-content\/uploads\/2026\/09\/tdm2-80x60.jpg 80w, https:\/\/noticiasmercedinas.com\/site\/wp-content\/uploads\/2026\/09\/tdm2-160x120.jpg 160w, https:\/\/noticiasmercedinas.com\/site\/wp-content\/uploads\/2026\/09\/tdm2-100x75.jpg 100w, https:\/\/noticiasmercedinas.com\/site\/wp-content\/uploads\/2026\/09\/tdm2-200x150.jpg 200w, https:\/\/noticiasmercedinas.com\/site\/wp-content\/uploads\/2026\/09\/tdm2-180x135.jpg 180w, https:\/\/noticiasmercedinas.com\/site\/wp-content\/uploads\/2026\/09\/tdm2-360x270.jpg 360w, https:\/\/noticiasmercedinas.com\/site\/wp-content\/uploads\/2026\/09\/tdm2-238x178.jpg 238w, https:\/\/noticiasmercedinas.com\/site\/wp-content\/uploads\/2026\/09\/tdm2-476x356.jpg 476w\" sizes=\"auto, (max-width: 640px) 100vw, 640px\" \/><\/p>\n<p>Con solo tres jornadas restantes para la conclusi\u00f3n de la temporada regular, las tablas generales mantienen la expectativa por los t\u00edtulos zonales:<\/p>\n<p><strong>Posiciones generales por categor\u00eda<\/strong><\/p>\n<ul>\n<li><strong>Primera:<\/strong> Javier Russo lidera con 69 puntos, escoltado por C. Cerverizzo (61 ptos.), Valent\u00edn Vivas (54 ptos.) y Alejandro Russo (45 ptos.).<\/li>\n<li><strong>Segunda:<\/strong> Bautista Cerverizzo encabeza la tabla con 60 unidades, seguido de cerca por Gonzalo Cazenave y L. Illanes, ambos empatados con 57 puntos, y M. Charaf con 46.\n<p><img loading=\"lazy\" decoding=\"async\" class=\"alignnone size-full wp-image-193867\" src=\"https:\/\/noticiasmercedinas.com\/site\/wp-content\/uploads\/2026\/09\/tdm.jpg\" alt=\"\" width=\"640\" height=\"370\" srcset=\"https:\/\/noticiasmercedinas.com\/site\/wp-content\/uploads\/2026\/09\/tdm.jpg 640w, https:\/\/noticiasmercedinas.com\/site\/wp-content\/uploads\/2026\/09\/tdm-300x173.jpg 300w\" sizes=\"auto, (max-width: 640px) 100vw, 640px\" \/><\/li>\n<li><strong>Tercera \u00abA\u00bb:<\/strong> Joaqu\u00edn Chena domina holgadamente con 77 puntos, distanciado de F. Zoccali (67 ptos.), G. Vita (52 ptos.) y Carlos Illanes (51 ptos.).<\/li>\n<li><strong>Tercera \u00abB\u00bb:<\/strong> Iv\u00e1n Pereyra encabeza la clasificaci\u00f3n con 53 puntos, con ventaja sobre S. Garc\u00eda (30 ptos.), Camilo Parra (28 ptos.) y F. L\u00f3pez (21 ptos.).<\/li>\n<\/ul>\n","protected":false},"excerpt":{"rendered":"<p>\u25a0 El predio Mart\u00edn Rodr\u00edguez alberg\u00f3 la jornada que reuni\u00f3 a m\u00e1s de 30 competidores. A falta de tres fechas para el cierre del certamen, las posiciones generales se ajustan en las cuatro categor\u00edas.<\/p>\n","protected":false},"author":6,"featured_media":193865,"comment_status":"closed","ping_status":"closed","sticky":false,"template":"","format":"standard","meta":{"footnotes":""},"categories":[5],"tags":[111],"class_list":["post-193864","post","type-post","status-publish","format-standard","has-post-thumbnail","hentry","category-deportes","tag-tenis-de-mesa"],"yoast_head":"<!-- This site is optimized with the Yoast SEO plugin v28.3 - https:\/\/yoast.com\/product\/yoast-seo-wordpress\/ -->\n<title>\u00c9xito y paridad en la sexta fecha de la Liga Mercedina de Tenis de Mesa<\/title>\n<meta name=\"robots\" content=\"index, follow, max-snippet:-1, max-image-preview:large, max-video-preview:-1\" \/>\n<link rel=\"canonical\" href=\"https:\/\/noticiasmercedinas.com\/site\/2026\/09\/03\/exito-y-paridad-en-la-sexta-fecha-de-la-liga-mercedina-de-tenis-de-mesa\/\" \/>\n<meta property=\"og:locale\" content=\"es_ES\" \/>\n<meta property=\"og:type\" content=\"article\" \/>\n<meta property=\"og:title\" content=\"\u00c9xito y paridad en la sexta fecha de la Liga Mercedina de Tenis de Mesa\" \/>\n<meta property=\"og:description\" content=\"\u25a0 El predio Mart\u00edn Rodr\u00edguez alberg\u00f3 la jornada que reuni\u00f3 a m\u00e1s de 30 competidores. A falta de tres fechas para el cierre del certamen, las posiciones generales se ajustan en las cuatro categor\u00edas.\" \/>\n<meta property=\"og:url\" content=\"https:\/\/noticiasmercedinas.com\/site\/2026\/09\/03\/exito-y-paridad-en-la-sexta-fecha-de-la-liga-mercedina-de-tenis-de-mesa\/\" \/>\n<meta property=\"og:site_name\" content=\"NOTICIASMERCEDINAS.COM\" \/>\n<meta property=\"article:publisher\" content=\"https:\/\/www.facebook.com\/noticiasmercedinas\/\" \/>\n<meta property=\"article:published_time\" content=\"2026-09-03T18:55:20+00:00\" \/>\n<meta property=\"og:image\" content=\"https:\/\/noticiasmercedinas.com\/site\/wp-content\/uploads\/2026\/09\/tdm4.jpg\" \/>\n\t<meta property=\"og:image:width\" content=\"640\" \/>\n\t<meta property=\"og:image:height\" content=\"530\" \/>\n\t<meta property=\"og:image:type\" content=\"image\/jpeg\" \/>\n<meta name=\"author\" content=\"Juan Dagnino NOTICIASMERCEDINAS.COM\" \/>\n<meta name=\"twitter:card\" content=\"summary_large_image\" \/>\n<meta name=\"twitter:creator\" content=\"@notmercedinas\" \/>\n<meta name=\"twitter:site\" content=\"@notmercedinas\" \/>\n<meta name=\"twitter:label1\" content=\"Escrito por\" \/>\n\t<meta name=\"twitter:data1\" content=\"Juan Dagnino NOTICIASMERCEDINAS.COM\" \/>\n\t<meta name=\"twitter:label2\" content=\"Tiempo de lectura\" \/>\n\t<meta name=\"twitter:data2\" content=\"3 minutos\" \/>\n<script type=\"application\/ld+json\" class=\"yoast-schema-graph\">{\"@context\":\"https:\\\/\\\/schema.org\",\"@graph\":[{\"@type\":\"Article\",\"@id\":\"https:\\\/\\\/noticiasmercedinas.com\\\/site\\\/2026\\\/09\\\/03\\\/exito-y-paridad-en-la-sexta-fecha-de-la-liga-mercedina-de-tenis-de-mesa\\\/#article\",\"isPartOf\":{\"@id\":\"https:\\\/\\\/noticiasmercedinas.com\\\/site\\\/2026\\\/09\\\/03\\\/exito-y-paridad-en-la-sexta-fecha-de-la-liga-mercedina-de-tenis-de-mesa\\\/\"},\"author\":{\"name\":\"Juan Dagnino NOTICIASMERCEDINAS.COM\",\"@id\":\"https:\\\/\\\/noticiasmercedinas.com\\\/site\\\/#\\\/schema\\\/person\\\/8f2f09d666ef40986eba4a5e6f2a06f9\"},\"headline\":\"\u00c9xito y paridad en la sexta fecha de la Liga Mercedina de Tenis de Mesa\",\"datePublished\":\"2026-09-03T18:55:20+00:00\",\"mainEntityOfPage\":{\"@id\":\"https:\\\/\\\/noticiasmercedinas.com\\\/site\\\/2026\\\/09\\\/03\\\/exito-y-paridad-en-la-sexta-fecha-de-la-liga-mercedina-de-tenis-de-mesa\\\/\"},\"wordCount\":296,\"publisher\":{\"@id\":\"https:\\\/\\\/noticiasmercedinas.com\\\/site\\\/#organization\"},\"image\":{\"@id\":\"https:\\\/\\\/noticiasmercedinas.com\\\/site\\\/2026\\\/09\\\/03\\\/exito-y-paridad-en-la-sexta-fecha-de-la-liga-mercedina-de-tenis-de-mesa\\\/#primaryimage\"},\"thumbnailUrl\":\"https:\\\/\\\/noticiasmercedinas.com\\\/site\\\/wp-content\\\/uploads\\\/2026\\\/09\\\/tdm4.jpg\",\"keywords\":[\"tenis de mesa\"],\"articleSection\":[\"Deportes\"],\"inLanguage\":\"es\"},{\"@type\":\"WebPage\",\"@id\":\"https:\\\/\\\/noticiasmercedinas.com\\\/site\\\/2026\\\/09\\\/03\\\/exito-y-paridad-en-la-sexta-fecha-de-la-liga-mercedina-de-tenis-de-mesa\\\/\",\"url\":\"https:\\\/\\\/noticiasmercedinas.com\\\/site\\\/2026\\\/09\\\/03\\\/exito-y-paridad-en-la-sexta-fecha-de-la-liga-mercedina-de-tenis-de-mesa\\\/\",\"name\":\"\u00c9xito y paridad en la sexta fecha de la Liga Mercedina de Tenis de Mesa\",\"isPartOf\":{\"@id\":\"https:\\\/\\\/noticiasmercedinas.com\\\/site\\\/#website\"},\"primaryImageOfPage\":{\"@id\":\"https:\\\/\\\/noticiasmercedinas.com\\\/site\\\/2026\\\/09\\\/03\\\/exito-y-paridad-en-la-sexta-fecha-de-la-liga-mercedina-de-tenis-de-mesa\\\/#primaryimage\"},\"image\":{\"@id\":\"https:\\\/\\\/noticiasmercedinas.com\\\/site\\\/2026\\\/09\\\/03\\\/exito-y-paridad-en-la-sexta-fecha-de-la-liga-mercedina-de-tenis-de-mesa\\\/#primaryimage\"},\"thumbnailUrl\":\"https:\\\/\\\/noticiasmercedinas.com\\\/site\\\/wp-content\\\/uploads\\\/2026\\\/09\\\/tdm4.jpg\",\"datePublished\":\"2026-09-03T18:55:20+00:00\",\"breadcrumb\":{\"@id\":\"https:\\\/\\\/noticiasmercedinas.com\\\/site\\\/2026\\\/09\\\/03\\\/exito-y-paridad-en-la-sexta-fecha-de-la-liga-mercedina-de-tenis-de-mesa\\\/#breadcrumb\"},\"inLanguage\":\"es\",\"potentialAction\":[{\"@type\":\"ReadAction\",\"target\":[\"https:\\\/\\\/noticiasmercedinas.com\\\/site\\\/2026\\\/09\\\/03\\\/exito-y-paridad-en-la-sexta-fecha-de-la-liga-mercedina-de-tenis-de-mesa\\\/\"]}]},{\"@type\":\"ImageObject\",\"inLanguage\":\"es\",\"@id\":\"https:\\\/\\\/noticiasmercedinas.com\\\/site\\\/2026\\\/09\\\/03\\\/exito-y-paridad-en-la-sexta-fecha-de-la-liga-mercedina-de-tenis-de-mesa\\\/#primaryimage\",\"url\":\"https:\\\/\\\/noticiasmercedinas.com\\\/site\\\/wp-content\\\/uploads\\\/2026\\\/09\\\/tdm4.jpg\",\"contentUrl\":\"https:\\\/\\\/noticiasmercedinas.com\\\/site\\\/wp-content\\\/uploads\\\/2026\\\/09\\\/tdm4.jpg\",\"width\":640,\"height\":530},{\"@type\":\"BreadcrumbList\",\"@id\":\"https:\\\/\\\/noticiasmercedinas.com\\\/site\\\/2026\\\/09\\\/03\\\/exito-y-paridad-en-la-sexta-fecha-de-la-liga-mercedina-de-tenis-de-mesa\\\/#breadcrumb\",\"itemListElement\":[{\"@type\":\"ListItem\",\"position\":1,\"name\":\"Portada\",\"item\":\"https:\\\/\\\/noticiasmercedinas.com\\\/site\\\/\"},{\"@type\":\"ListItem\",\"position\":2,\"name\":\"\u00c9xito y paridad en la sexta fecha de la Liga Mercedina de Tenis de Mesa\"}]},{\"@type\":\"WebSite\",\"@id\":\"https:\\\/\\\/noticiasmercedinas.com\\\/site\\\/#website\",\"url\":\"https:\\\/\\\/noticiasmercedinas.com\\\/site\\\/\",\"name\":\"NOTICIASMERCEDINAS.COM\",\"description\":\"Mercedes, Buenos Aires, Argentina\",\"publisher\":{\"@id\":\"https:\\\/\\\/noticiasmercedinas.com\\\/site\\\/#organization\"},\"potentialAction\":[{\"@type\":\"SearchAction\",\"target\":{\"@type\":\"EntryPoint\",\"urlTemplate\":\"https:\\\/\\\/noticiasmercedinas.com\\\/site\\\/?s={search_term_string}\"},\"query-input\":{\"@type\":\"PropertyValueSpecification\",\"valueRequired\":true,\"valueName\":\"search_term_string\"}}],\"inLanguage\":\"es\"},{\"@type\":\"Organization\",\"@id\":\"https:\\\/\\\/noticiasmercedinas.com\\\/site\\\/#organization\",\"name\":\"NOTICIASMERCEDINAS.COM\",\"url\":\"https:\\\/\\\/noticiasmercedinas.com\\\/site\\\/\",\"logo\":{\"@type\":\"ImageObject\",\"inLanguage\":\"es\",\"@id\":\"https:\\\/\\\/noticiasmercedinas.com\\\/site\\\/#\\\/schema\\\/logo\\\/image\\\/\",\"url\":\"https:\\\/\\\/noticiasmercedinas.com\\\/site\\\/wp-content\\\/uploads\\\/2020\\\/06\\\/LOGO-512.jpg\",\"contentUrl\":\"https:\\\/\\\/noticiasmercedinas.com\\\/site\\\/wp-content\\\/uploads\\\/2020\\\/06\\\/LOGO-512.jpg\",\"width\":512,\"height\":512,\"caption\":\"NOTICIASMERCEDINAS.COM\"},\"image\":{\"@id\":\"https:\\\/\\\/noticiasmercedinas.com\\\/site\\\/#\\\/schema\\\/logo\\\/image\\\/\"},\"sameAs\":[\"https:\\\/\\\/www.facebook.com\\\/noticiasmercedinas\\\/\",\"https:\\\/\\\/x.com\\\/notmercedinas\",\"https:\\\/\\\/www.instagram.com\\\/noticiasmercedinas\\\/\"]},{\"@type\":\"Person\",\"@id\":\"https:\\\/\\\/noticiasmercedinas.com\\\/site\\\/#\\\/schema\\\/person\\\/8f2f09d666ef40986eba4a5e6f2a06f9\",\"name\":\"Juan Dagnino NOTICIASMERCEDINAS.COM\",\"image\":{\"@type\":\"ImageObject\",\"inLanguage\":\"es\",\"@id\":\"https:\\\/\\\/secure.gravatar.com\\\/avatar\\\/fc7059a769f5a3cae65fadb228a3e4accf3a64b4b2305020d0a27e6d5333c91b?s=96&d=mm&r=g\",\"url\":\"https:\\\/\\\/secure.gravatar.com\\\/avatar\\\/fc7059a769f5a3cae65fadb228a3e4accf3a64b4b2305020d0a27e6d5333c91b?s=96&d=mm&r=g\",\"contentUrl\":\"https:\\\/\\\/secure.gravatar.com\\\/avatar\\\/fc7059a769f5a3cae65fadb228a3e4accf3a64b4b2305020d0a27e6d5333c91b?s=96&d=mm&r=g\",\"caption\":\"Juan Dagnino NOTICIASMERCEDINAS.COM\"},\"url\":\"https:\\\/\\\/noticiasmercedinas.com\\\/site\\\/author\\\/juandagnino\\\/\"}]}<\/script>\n<!-- \/ Yoast SEO plugin. -->","yoast_head_json":{"title":"\u00c9xito y paridad en la sexta fecha de la Liga Mercedina de Tenis de Mesa","robots":{"index":"index","follow":"follow","max-snippet":"max-snippet:-1","max-image-preview":"max-image-preview:large","max-video-preview":"max-video-preview:-1"},"canonical":"https:\/\/noticiasmercedinas.com\/site\/2026\/09\/03\/exito-y-paridad-en-la-sexta-fecha-de-la-liga-mercedina-de-tenis-de-mesa\/","og_locale":"es_ES","og_type":"article","og_title":"\u00c9xito y paridad en la sexta fecha de la Liga Mercedina de Tenis de Mesa","og_description":"\u25a0 El predio Mart\u00edn Rodr\u00edguez alberg\u00f3 la jornada que reuni\u00f3 a m\u00e1s de 30 competidores. A falta de tres fechas para el cierre del certamen, las posiciones generales se ajustan en las cuatro categor\u00edas.","og_url":"https:\/\/noticiasmercedinas.com\/site\/2026\/09\/03\/exito-y-paridad-en-la-sexta-fecha-de-la-liga-mercedina-de-tenis-de-mesa\/","og_site_name":"NOTICIASMERCEDINAS.COM","article_publisher":"https:\/\/www.facebook.com\/noticiasmercedinas\/","article_published_time":"2026-09-03T18:55:20+00:00","og_image":[{"width":640,"height":530,"url":"https:\/\/noticiasmercedinas.com\/site\/wp-content\/uploads\/2026\/09\/tdm4.jpg","type":"image\/jpeg"}],"author":"Juan Dagnino NOTICIASMERCEDINAS.COM","twitter_card":"summary_large_image","twitter_creator":"@notmercedinas","twitter_site":"@notmercedinas","twitter_misc":{"Escrito por":"Juan Dagnino NOTICIASMERCEDINAS.COM","Tiempo de lectura":"3 minutos"},"schema":{"@context":"https:\/\/schema.org","@graph":[{"@type":"Article","@id":"https:\/\/noticiasmercedinas.com\/site\/2026\/09\/03\/exito-y-paridad-en-la-sexta-fecha-de-la-liga-mercedina-de-tenis-de-mesa\/#article","isPartOf":{"@id":"https:\/\/noticiasmercedinas.com\/site\/2026\/09\/03\/exito-y-paridad-en-la-sexta-fecha-de-la-liga-mercedina-de-tenis-de-mesa\/"},"author":{"name":"Juan Dagnino NOTICIASMERCEDINAS.COM","@id":"https:\/\/noticiasmercedinas.com\/site\/#\/schema\/person\/8f2f09d666ef40986eba4a5e6f2a06f9"},"headline":"\u00c9xito y paridad en la sexta fecha de la Liga Mercedina de Tenis de Mesa","datePublished":"2026-09-03T18:55:20+00:00","mainEntityOfPage":{"@id":"https:\/\/noticiasmercedinas.com\/site\/2026\/09\/03\/exito-y-paridad-en-la-sexta-fecha-de-la-liga-mercedina-de-tenis-de-mesa\/"},"wordCount":296,"publisher":{"@id":"https:\/\/noticiasmercedinas.com\/site\/#organization"},"image":{"@id":"https:\/\/noticiasmercedinas.com\/site\/2026\/09\/03\/exito-y-paridad-en-la-sexta-fecha-de-la-liga-mercedina-de-tenis-de-mesa\/#primaryimage"},"thumbnailUrl":"https:\/\/noticiasmercedinas.com\/site\/wp-content\/uploads\/2026\/09\/tdm4.jpg","keywords":["tenis de mesa"],"articleSection":["Deportes"],"inLanguage":"es"},{"@type":"WebPage","@id":"https:\/\/noticiasmercedinas.com\/site\/2026\/09\/03\/exito-y-paridad-en-la-sexta-fecha-de-la-liga-mercedina-de-tenis-de-mesa\/","url":"https:\/\/noticiasmercedinas.com\/site\/2026\/09\/03\/exito-y-paridad-en-la-sexta-fecha-de-la-liga-mercedina-de-tenis-de-mesa\/","name":"\u00c9xito y paridad en la sexta fecha de la Liga Mercedina de Tenis de Mesa","isPartOf":{"@id":"https:\/\/noticiasmercedinas.com\/site\/#website"},"primaryImageOfPage":{"@id":"https:\/\/noticiasmercedinas.com\/site\/2026\/09\/03\/exito-y-paridad-en-la-sexta-fecha-de-la-liga-mercedina-de-tenis-de-mesa\/#primaryimage"},"image":{"@id":"https:\/\/noticiasmercedinas.com\/site\/2026\/09\/03\/exito-y-paridad-en-la-sexta-fecha-de-la-liga-mercedina-de-tenis-de-mesa\/#primaryimage"},"thumbnailUrl":"https:\/\/noticiasmercedinas.com\/site\/wp-content\/uploads\/2026\/09\/tdm4.jpg","datePublished":"2026-09-03T18:55:20+00:00","breadcrumb":{"@id":"https:\/\/noticiasmercedinas.com\/site\/2026\/09\/03\/exito-y-paridad-en-la-sexta-fecha-de-la-liga-mercedina-de-tenis-de-mesa\/#breadcrumb"},"inLanguage":"es","potentialAction":[{"@type":"ReadAction","target":["https:\/\/noticiasmercedinas.com\/site\/2026\/09\/03\/exito-y-paridad-en-la-sexta-fecha-de-la-liga-mercedina-de-tenis-de-mesa\/"]}]},{"@type":"ImageObject","inLanguage":"es","@id":"https:\/\/noticiasmercedinas.com\/site\/2026\/09\/03\/exito-y-paridad-en-la-sexta-fecha-de-la-liga-mercedina-de-tenis-de-mesa\/#primaryimage","url":"https:\/\/noticiasmercedinas.com\/site\/wp-content\/uploads\/2026\/09\/tdm4.jpg","contentUrl":"https:\/\/noticiasmercedinas.com\/site\/wp-content\/uploads\/2026\/09\/tdm4.jpg","width":640,"height":530},{"@type":"BreadcrumbList","@id":"https:\/\/noticiasmercedinas.com\/site\/2026\/09\/03\/exito-y-paridad-en-la-sexta-fecha-de-la-liga-mercedina-de-tenis-de-mesa\/#breadcrumb","itemListElement":[{"@type":"ListItem","position":1,"name":"Portada","item":"https:\/\/noticiasmercedinas.com\/site\/"},{"@type":"ListItem","position":2,"name":"\u00c9xito y paridad en la sexta fecha de la Liga Mercedina de Tenis de Mesa"}]},{"@type":"WebSite","@id":"https:\/\/noticiasmercedinas.com\/site\/#website","url":"https:\/\/noticiasmercedinas.com\/site\/","name":"NOTICIASMERCEDINAS.COM","description":"Mercedes, Buenos Aires, Argentina","publisher":{"@id":"https:\/\/noticiasmercedinas.com\/site\/#organization"},"potentialAction":[{"@type":"SearchAction","target":{"@type":"EntryPoint","urlTemplate":"https:\/\/noticiasmercedinas.com\/site\/?s={search_term_string}"},"query-input":{"@type":"PropertyValueSpecification","valueRequired":true,"valueName":"search_term_string"}}],"inLanguage":"es"},{"@type":"Organization","@id":"https:\/\/noticiasmercedinas.com\/site\/#organization","name":"NOTICIASMERCEDINAS.COM","url":"https:\/\/noticiasmercedinas.com\/site\/","logo":{"@type":"ImageObject","inLanguage":"es","@id":"https:\/\/noticiasmercedinas.com\/site\/#\/schema\/logo\/image\/","url":"https:\/\/noticiasmercedinas.com\/site\/wp-content\/uploads\/2020\/06\/LOGO-512.jpg","contentUrl":"https:\/\/noticiasmercedinas.com\/site\/wp-content\/uploads\/2020\/06\/LOGO-512.jpg","width":512,"height":512,"caption":"NOTICIASMERCEDINAS.COM"},"image":{"@id":"https:\/\/noticiasmercedinas.com\/site\/#\/schema\/logo\/image\/"},"sameAs":["https:\/\/www.facebook.com\/noticiasmercedinas\/","https:\/\/x.com\/notmercedinas","https:\/\/www.instagram.com\/noticiasmercedinas\/"]},{"@type":"Person","@id":"https:\/\/noticiasmercedinas.com\/site\/#\/schema\/person\/8f2f09d666ef40986eba4a5e6f2a06f9","name":"Juan Dagnino NOTICIASMERCEDINAS.COM","image":{"@type":"ImageObject","inLanguage":"es","@id":"https:\/\/secure.gravatar.com\/avatar\/fc7059a769f5a3cae65fadb228a3e4accf3a64b4b2305020d0a27e6d5333c91b?s=96&d=mm&r=g","url":"https:\/\/secure.gravatar.com\/avatar\/fc7059a769f5a3cae65fadb228a3e4accf3a64b4b2305020d0a27e6d5333c91b?s=96&d=mm&r=g","contentUrl":"https:\/\/secure.gravatar.com\/avatar\/fc7059a769f5a3cae65fadb228a3e4accf3a64b4b2305020d0a27e6d5333c91b?s=96&d=mm&r=g","caption":"Juan Dagnino NOTICIASMERCEDINAS.COM"},"url":"https:\/\/noticiasmercedinas.com\/site\/author\/juandagnino\/"}]}},"amp_enabled":true,"_links":{"self":[{"href":"https:\/\/noticiasmercedinas.com\/site\/wp-json\/wp\/v2\/posts\/193864","targetHints":{"allow":["GET"]}}],"collection":[{"href":"https:\/\/noticiasmercedinas.com\/site\/wp-json\/wp\/v2\/posts"}],"about":[{"href":"https:\/\/noticiasmercedinas.com\/site\/wp-json\/wp\/v2\/types\/post"}],"author":[{"embeddable":true,"href":"https:\/\/noticiasmercedinas.com\/site\/wp-json\/wp\/v2\/users\/6"}],"replies":[{"embeddable":true,"href":"https:\/\/noticiasmercedinas.com\/site\/wp-json\/wp\/v2\/comments?post=193864"}],"version-history":[{"count":1,"href":"https:\/\/noticiasmercedinas.com\/site\/wp-json\/wp\/v2\/posts\/193864\/revisions"}],"predecessor-version":[{"id":193868,"href":"https:\/\/noticiasmercedinas.com\/site\/wp-json\/wp\/v2\/posts\/193864\/revisions\/193868"}],"wp:featuredmedia":[{"embeddable":true,"href":"https:\/\/noticiasmercedinas.com\/site\/wp-json\/wp\/v2\/media\/193865"}],"wp:attachment":[{"href":"https:\/\/noticiasmercedinas.com\/site\/wp-json\/wp\/v2\/media?parent=193864"}],"wp:term":[{"taxonomy":"category","embeddable":true,"href":"https:\/\/noticiasmercedinas.com\/site\/wp-json\/wp\/v2\/categories?post=193864"},{"taxonomy":"post_tag","embeddable":true,"href":"https:\/\/noticiasmercedinas.com\/site\/wp-json\/wp\/v2\/tags?post=193864"}],"curies":[{"name":"wp","href":"https:\/\/api.w.org\/{rel}","templated":true}]}}