{"id":193918,"date":"2026-09-03T16:22:40","date_gmt":"2026-09-03T19:22:40","guid":{"rendered":"https:\/\/noticiasmercedinas.com\/site\/?p=193918"},"modified":"2026-09-03T16:22:40","modified_gmt":"2026-09-03T19:22:40","slug":"intensa-jornada-de-basquet-juvenil-y-de-primera-por-la-asociacion-mercedina","status":"publish","type":"post","link":"https:\/\/noticiasmercedinas.com\/site\/2026\/09\/03\/intensa-jornada-de-basquet-juvenil-y-de-primera-por-la-asociacion-mercedina\/","title":{"rendered":"Intensa jornada de b\u00e1squet juvenil y de Primera por la Asociaci\u00f3n Mercedina"},"content":{"rendered":"<p><img loading=\"lazy\" decoding=\"async\" class=\"alignnone size-full wp-image-193919\" src=\"https:\/\/noticiasmercedinas.com\/site\/wp-content\/uploads\/2026\/09\/000dd829-1c92-474f-9560-9b15c00545e6.jpg\" alt=\"\" width=\"640\" height=\"402\" srcset=\"https:\/\/noticiasmercedinas.com\/site\/wp-content\/uploads\/2026\/09\/000dd829-1c92-474f-9560-9b15c00545e6.jpg 640w, https:\/\/noticiasmercedinas.com\/site\/wp-content\/uploads\/2026\/09\/000dd829-1c92-474f-9560-9b15c00545e6-300x188.jpg 300w\" sizes=\"auto, (max-width: 640px) 100vw, 640px\" \/><\/p>\n<p>La Asociaci\u00f3n Mercedina de B\u00e1squetbol llev\u00f3 a cabo el pasado domingo 30 de agosto la disputa de la 12\u00b0 fecha de sus torneos oficiales, ofreciendo una jornada cargada de partidos en diversas categor\u00edas formativas y en la divisi\u00f3n superior masculina.<\/p>\n<p>En la ciudad de San Antonio de Areco, Tempestad recibi\u00f3 la visita del Club Mercedes en una serie completa de encuentros. El conjunto local impuso condiciones en las divisiones U 15 (59-44) y U 18 (58-26) y en el plato fuerte de la jornada, la Primera divisi\u00f3n masculina, donde venci\u00f3 a Mercedes en un disputado encuentro por 82 a 75. La \u00fanica victoria para la delegaci\u00f3n mercedina en tierras de Areco se dio en la categor\u00eda U 13, con un categ\u00f3rico triunfo de la visita por 67 a 37 y en U 11 por 48-28.<\/p>\n<p><img loading=\"lazy\" decoding=\"async\" class=\"alignnone size-full wp-image-193920\" src=\"https:\/\/noticiasmercedinas.com\/site\/wp-content\/uploads\/2026\/09\/175f59cb-8c5e-4090-b117-7d5af377a5b2.jpg\" alt=\"\" width=\"640\" height=\"405\" srcset=\"https:\/\/noticiasmercedinas.com\/site\/wp-content\/uploads\/2026\/09\/175f59cb-8c5e-4090-b117-7d5af377a5b2.jpg 640w, https:\/\/noticiasmercedinas.com\/site\/wp-content\/uploads\/2026\/09\/175f59cb-8c5e-4090-b117-7d5af377a5b2-300x190.jpg 300w\" sizes=\"auto, (max-width: 640px) 100vw, 640px\" \/><\/p>\n<p>Por su parte, en el gimnasio Pablo Tamagno de la ciudad de Mercedes, el Club Estudiantes actu\u00f3 como local frente a Sarmiento de Suipacha. El elenco visitante logr\u00f3 quedarse con los triunfos en las categor\u00edas competitivas de menor edad, imponi\u00e9ndose por 45 a 26 en U 11 y por 69 a 20 en U 13. La jornada en el recinto \u201cPincha\u201d se complet\u00f3 con la realizaci\u00f3n de partidos de car\u00e1cter amistoso en las divisiones U 15 y U 18.<\/p>\n<p>La competencia de la Asociaci\u00f3n Mercedina continuar\u00e1 el pr\u00f3ximo domingo 6 de septiembre con el desarrollo de la 13\u00b0 fecha, la cual presentar\u00e1 los siguientes cruces:<\/p>\n<ul>\n<li><strong>Dorrego (Navarro) vs. Estudiantes:<\/strong> Competir\u00e1n en U 11, U 13, U 15, U 18 y Primera divisi\u00f3n masculina.<\/li>\n<li><strong>Uni\u00f3n Carme\u00f1a (Carmen de Areco) vs. Club Mercedes.<\/strong><\/li>\n<\/ul>\n","protected":false},"excerpt":{"rendered":"<p>El pasado domingo 30 de agosto se disput\u00f3 la 12\u00b0 fecha del certamen con actividad en San Antonio de Areco y en el gimnasio Pablo Tamagno de Mercedes.<\/p>\n","protected":false},"author":16,"featured_media":193919,"comment_status":"closed","ping_status":"closed","sticky":false,"template":"","format":"standard","meta":{"footnotes":""},"categories":[5],"tags":[13909,12868],"class_list":["post-193918","post","type-post","status-publish","format-standard","has-post-thumbnail","hentry","category-deportes","tag-amb","tag-asociacion-mercedina-de-basquetbol"],"yoast_head":"<!-- This site is optimized with the Yoast SEO plugin v28.3 - https:\/\/yoast.com\/product\/yoast-seo-wordpress\/ -->\n<title>Intensa jornada de b\u00e1squet juvenil y de Primera por la Asociaci\u00f3n Mercedina<\/title>\n<meta name=\"robots\" content=\"index, follow, max-snippet:-1, max-image-preview:large, max-video-preview:-1\" \/>\n<link rel=\"canonical\" href=\"https:\/\/noticiasmercedinas.com\/site\/2026\/09\/03\/intensa-jornada-de-basquet-juvenil-y-de-primera-por-la-asociacion-mercedina\/\" \/>\n<meta property=\"og:locale\" content=\"es_ES\" \/>\n<meta property=\"og:type\" content=\"article\" \/>\n<meta property=\"og:title\" content=\"Intensa jornada de b\u00e1squet juvenil y de Primera por la Asociaci\u00f3n Mercedina\" \/>\n<meta property=\"og:description\" content=\"El pasado domingo 30 de agosto se disput\u00f3 la 12\u00b0 fecha del certamen con actividad en San Antonio de Areco y en el gimnasio Pablo Tamagno de Mercedes.\" \/>\n<meta property=\"og:url\" content=\"https:\/\/noticiasmercedinas.com\/site\/2026\/09\/03\/intensa-jornada-de-basquet-juvenil-y-de-primera-por-la-asociacion-mercedina\/\" \/>\n<meta property=\"og:site_name\" content=\"NOTICIASMERCEDINAS.COM\" \/>\n<meta property=\"article:publisher\" content=\"https:\/\/www.facebook.com\/noticiasmercedinas\/\" \/>\n<meta property=\"article:published_time\" content=\"2026-09-03T19:22:40+00:00\" \/>\n<meta property=\"og:image\" content=\"https:\/\/noticiasmercedinas.com\/site\/wp-content\/uploads\/2026\/09\/000dd829-1c92-474f-9560-9b15c00545e6.jpg\" \/>\n\t<meta property=\"og:image:width\" content=\"640\" \/>\n\t<meta property=\"og:image:height\" content=\"402\" \/>\n\t<meta property=\"og:image:type\" content=\"image\/jpeg\" \/>\n<meta name=\"author\" content=\"NOTICIASMERCEDINAS.COM\" \/>\n<meta name=\"twitter:card\" content=\"summary_large_image\" \/>\n<meta name=\"twitter:creator\" content=\"@notmercedinas\" \/>\n<meta name=\"twitter:site\" content=\"@notmercedinas\" \/>\n<meta name=\"twitter:label1\" content=\"Escrito por\" \/>\n\t<meta name=\"twitter:data1\" content=\"NOTICIASMERCEDINAS.COM\" \/>\n\t<meta name=\"twitter:label2\" content=\"Tiempo de lectura\" \/>\n\t<meta name=\"twitter:data2\" content=\"2 minutos\" \/>\n<script type=\"application\/ld+json\" class=\"yoast-schema-graph\">{\"@context\":\"https:\\\/\\\/schema.org\",\"@graph\":[{\"@type\":\"Article\",\"@id\":\"https:\\\/\\\/noticiasmercedinas.com\\\/site\\\/2026\\\/09\\\/03\\\/intensa-jornada-de-basquet-juvenil-y-de-primera-por-la-asociacion-mercedina\\\/#article\",\"isPartOf\":{\"@id\":\"https:\\\/\\\/noticiasmercedinas.com\\\/site\\\/2026\\\/09\\\/03\\\/intensa-jornada-de-basquet-juvenil-y-de-primera-por-la-asociacion-mercedina\\\/\"},\"author\":{\"name\":\"NOTICIASMERCEDINAS.COM\",\"@id\":\"https:\\\/\\\/noticiasmercedinas.com\\\/site\\\/#\\\/schema\\\/person\\\/84b59c099c28ff2e8b77d4ceec5d8063\"},\"headline\":\"Intensa jornada de b\u00e1squet juvenil y de Primera por la Asociaci\u00f3n Mercedina\",\"datePublished\":\"2026-09-03T19:22:40+00:00\",\"mainEntityOfPage\":{\"@id\":\"https:\\\/\\\/noticiasmercedinas.com\\\/site\\\/2026\\\/09\\\/03\\\/intensa-jornada-de-basquet-juvenil-y-de-primera-por-la-asociacion-mercedina\\\/\"},\"wordCount\":274,\"publisher\":{\"@id\":\"https:\\\/\\\/noticiasmercedinas.com\\\/site\\\/#organization\"},\"image\":{\"@id\":\"https:\\\/\\\/noticiasmercedinas.com\\\/site\\\/2026\\\/09\\\/03\\\/intensa-jornada-de-basquet-juvenil-y-de-primera-por-la-asociacion-mercedina\\\/#primaryimage\"},\"thumbnailUrl\":\"https:\\\/\\\/noticiasmercedinas.com\\\/site\\\/wp-content\\\/uploads\\\/2026\\\/09\\\/000dd829-1c92-474f-9560-9b15c00545e6.jpg\",\"keywords\":[\"amb\",\"asociacion mercedina de basquetbol\"],\"articleSection\":[\"Deportes\"],\"inLanguage\":\"es\"},{\"@type\":\"WebPage\",\"@id\":\"https:\\\/\\\/noticiasmercedinas.com\\\/site\\\/2026\\\/09\\\/03\\\/intensa-jornada-de-basquet-juvenil-y-de-primera-por-la-asociacion-mercedina\\\/\",\"url\":\"https:\\\/\\\/noticiasmercedinas.com\\\/site\\\/2026\\\/09\\\/03\\\/intensa-jornada-de-basquet-juvenil-y-de-primera-por-la-asociacion-mercedina\\\/\",\"name\":\"Intensa jornada de b\u00e1squet juvenil y de Primera por la Asociaci\u00f3n Mercedina\",\"isPartOf\":{\"@id\":\"https:\\\/\\\/noticiasmercedinas.com\\\/site\\\/#website\"},\"primaryImageOfPage\":{\"@id\":\"https:\\\/\\\/noticiasmercedinas.com\\\/site\\\/2026\\\/09\\\/03\\\/intensa-jornada-de-basquet-juvenil-y-de-primera-por-la-asociacion-mercedina\\\/#primaryimage\"},\"image\":{\"@id\":\"https:\\\/\\\/noticiasmercedinas.com\\\/site\\\/2026\\\/09\\\/03\\\/intensa-jornada-de-basquet-juvenil-y-de-primera-por-la-asociacion-mercedina\\\/#primaryimage\"},\"thumbnailUrl\":\"https:\\\/\\\/noticiasmercedinas.com\\\/site\\\/wp-content\\\/uploads\\\/2026\\\/09\\\/000dd829-1c92-474f-9560-9b15c00545e6.jpg\",\"datePublished\":\"2026-09-03T19:22:40+00:00\",\"breadcrumb\":{\"@id\":\"https:\\\/\\\/noticiasmercedinas.com\\\/site\\\/2026\\\/09\\\/03\\\/intensa-jornada-de-basquet-juvenil-y-de-primera-por-la-asociacion-mercedina\\\/#breadcrumb\"},\"inLanguage\":\"es\",\"potentialAction\":[{\"@type\":\"ReadAction\",\"target\":[\"https:\\\/\\\/noticiasmercedinas.com\\\/site\\\/2026\\\/09\\\/03\\\/intensa-jornada-de-basquet-juvenil-y-de-primera-por-la-asociacion-mercedina\\\/\"]}]},{\"@type\":\"ImageObject\",\"inLanguage\":\"es\",\"@id\":\"https:\\\/\\\/noticiasmercedinas.com\\\/site\\\/2026\\\/09\\\/03\\\/intensa-jornada-de-basquet-juvenil-y-de-primera-por-la-asociacion-mercedina\\\/#primaryimage\",\"url\":\"https:\\\/\\\/noticiasmercedinas.com\\\/site\\\/wp-content\\\/uploads\\\/2026\\\/09\\\/000dd829-1c92-474f-9560-9b15c00545e6.jpg\",\"contentUrl\":\"https:\\\/\\\/noticiasmercedinas.com\\\/site\\\/wp-content\\\/uploads\\\/2026\\\/09\\\/000dd829-1c92-474f-9560-9b15c00545e6.jpg\",\"width\":640,\"height\":402},{\"@type\":\"BreadcrumbList\",\"@id\":\"https:\\\/\\\/noticiasmercedinas.com\\\/site\\\/2026\\\/09\\\/03\\\/intensa-jornada-de-basquet-juvenil-y-de-primera-por-la-asociacion-mercedina\\\/#breadcrumb\",\"itemListElement\":[{\"@type\":\"ListItem\",\"position\":1,\"name\":\"Portada\",\"item\":\"https:\\\/\\\/noticiasmercedinas.com\\\/site\\\/\"},{\"@type\":\"ListItem\",\"position\":2,\"name\":\"Intensa jornada de b\u00e1squet juvenil y de Primera por la Asociaci\u00f3n Mercedina\"}]},{\"@type\":\"WebSite\",\"@id\":\"https:\\\/\\\/noticiasmercedinas.com\\\/site\\\/#website\",\"url\":\"https:\\\/\\\/noticiasmercedinas.com\\\/site\\\/\",\"name\":\"NOTICIASMERCEDINAS.COM\",\"description\":\"Mercedes, Buenos Aires, Argentina\",\"publisher\":{\"@id\":\"https:\\\/\\\/noticiasmercedinas.com\\\/site\\\/#organization\"},\"potentialAction\":[{\"@type\":\"SearchAction\",\"target\":{\"@type\":\"EntryPoint\",\"urlTemplate\":\"https:\\\/\\\/noticiasmercedinas.com\\\/site\\\/?s={search_term_string}\"},\"query-input\":{\"@type\":\"PropertyValueSpecification\",\"valueRequired\":true,\"valueName\":\"search_term_string\"}}],\"inLanguage\":\"es\"},{\"@type\":\"Organization\",\"@id\":\"https:\\\/\\\/noticiasmercedinas.com\\\/site\\\/#organization\",\"name\":\"NOTICIASMERCEDINAS.COM\",\"url\":\"https:\\\/\\\/noticiasmercedinas.com\\\/site\\\/\",\"logo\":{\"@type\":\"ImageObject\",\"inLanguage\":\"es\",\"@id\":\"https:\\\/\\\/noticiasmercedinas.com\\\/site\\\/#\\\/schema\\\/logo\\\/image\\\/\",\"url\":\"https:\\\/\\\/noticiasmercedinas.com\\\/site\\\/wp-content\\\/uploads\\\/2020\\\/06\\\/LOGO-512.jpg\",\"contentUrl\":\"https:\\\/\\\/noticiasmercedinas.com\\\/site\\\/wp-content\\\/uploads\\\/2020\\\/06\\\/LOGO-512.jpg\",\"width\":512,\"height\":512,\"caption\":\"NOTICIASMERCEDINAS.COM\"},\"image\":{\"@id\":\"https:\\\/\\\/noticiasmercedinas.com\\\/site\\\/#\\\/schema\\\/logo\\\/image\\\/\"},\"sameAs\":[\"https:\\\/\\\/www.facebook.com\\\/noticiasmercedinas\\\/\",\"https:\\\/\\\/x.com\\\/notmercedinas\",\"https:\\\/\\\/www.instagram.com\\\/noticiasmercedinas\\\/\"]},{\"@type\":\"Person\",\"@id\":\"https:\\\/\\\/noticiasmercedinas.com\\\/site\\\/#\\\/schema\\\/person\\\/84b59c099c28ff2e8b77d4ceec5d8063\",\"name\":\"NOTICIASMERCEDINAS.COM\",\"image\":{\"@type\":\"ImageObject\",\"inLanguage\":\"es\",\"@id\":\"https:\\\/\\\/secure.gravatar.com\\\/avatar\\\/4dfbf16b4d17945bfb6341b2d19043457132fcf478a5ee04f42e959fd8f5df0a?s=96&d=mm&r=g\",\"url\":\"https:\\\/\\\/secure.gravatar.com\\\/avatar\\\/4dfbf16b4d17945bfb6341b2d19043457132fcf478a5ee04f42e959fd8f5df0a?s=96&d=mm&r=g\",\"contentUrl\":\"https:\\\/\\\/secure.gravatar.com\\\/avatar\\\/4dfbf16b4d17945bfb6341b2d19043457132fcf478a5ee04f42e959fd8f5df0a?s=96&d=mm&r=g\",\"caption\":\"NOTICIASMERCEDINAS.COM\"},\"url\":\"https:\\\/\\\/noticiasmercedinas.com\\\/site\\\/author\\\/anonimo\\\/\"}]}<\/script>\n<!-- \/ Yoast SEO plugin. -->","yoast_head_json":{"title":"Intensa jornada de b\u00e1squet juvenil y de Primera por la Asociaci\u00f3n Mercedina","robots":{"index":"index","follow":"follow","max-snippet":"max-snippet:-1","max-image-preview":"max-image-preview:large","max-video-preview":"max-video-preview:-1"},"canonical":"https:\/\/noticiasmercedinas.com\/site\/2026\/09\/03\/intensa-jornada-de-basquet-juvenil-y-de-primera-por-la-asociacion-mercedina\/","og_locale":"es_ES","og_type":"article","og_title":"Intensa jornada de b\u00e1squet juvenil y de Primera por la Asociaci\u00f3n Mercedina","og_description":"El pasado domingo 30 de agosto se disput\u00f3 la 12\u00b0 fecha del certamen con actividad en San Antonio de Areco y en el gimnasio Pablo Tamagno de Mercedes.","og_url":"https:\/\/noticiasmercedinas.com\/site\/2026\/09\/03\/intensa-jornada-de-basquet-juvenil-y-de-primera-por-la-asociacion-mercedina\/","og_site_name":"NOTICIASMERCEDINAS.COM","article_publisher":"https:\/\/www.facebook.com\/noticiasmercedinas\/","article_published_time":"2026-09-03T19:22:40+00:00","og_image":[{"width":640,"height":402,"url":"https:\/\/noticiasmercedinas.com\/site\/wp-content\/uploads\/2026\/09\/000dd829-1c92-474f-9560-9b15c00545e6.jpg","type":"image\/jpeg"}],"author":"NOTICIASMERCEDINAS.COM","twitter_card":"summary_large_image","twitter_creator":"@notmercedinas","twitter_site":"@notmercedinas","twitter_misc":{"Escrito por":"NOTICIASMERCEDINAS.COM","Tiempo de lectura":"2 minutos"},"schema":{"@context":"https:\/\/schema.org","@graph":[{"@type":"Article","@id":"https:\/\/noticiasmercedinas.com\/site\/2026\/09\/03\/intensa-jornada-de-basquet-juvenil-y-de-primera-por-la-asociacion-mercedina\/#article","isPartOf":{"@id":"https:\/\/noticiasmercedinas.com\/site\/2026\/09\/03\/intensa-jornada-de-basquet-juvenil-y-de-primera-por-la-asociacion-mercedina\/"},"author":{"name":"NOTICIASMERCEDINAS.COM","@id":"https:\/\/noticiasmercedinas.com\/site\/#\/schema\/person\/84b59c099c28ff2e8b77d4ceec5d8063"},"headline":"Intensa jornada de b\u00e1squet juvenil y de Primera por la Asociaci\u00f3n Mercedina","datePublished":"2026-09-03T19:22:40+00:00","mainEntityOfPage":{"@id":"https:\/\/noticiasmercedinas.com\/site\/2026\/09\/03\/intensa-jornada-de-basquet-juvenil-y-de-primera-por-la-asociacion-mercedina\/"},"wordCount":274,"publisher":{"@id":"https:\/\/noticiasmercedinas.com\/site\/#organization"},"image":{"@id":"https:\/\/noticiasmercedinas.com\/site\/2026\/09\/03\/intensa-jornada-de-basquet-juvenil-y-de-primera-por-la-asociacion-mercedina\/#primaryimage"},"thumbnailUrl":"https:\/\/noticiasmercedinas.com\/site\/wp-content\/uploads\/2026\/09\/000dd829-1c92-474f-9560-9b15c00545e6.jpg","keywords":["amb","asociacion mercedina de basquetbol"],"articleSection":["Deportes"],"inLanguage":"es"},{"@type":"WebPage","@id":"https:\/\/noticiasmercedinas.com\/site\/2026\/09\/03\/intensa-jornada-de-basquet-juvenil-y-de-primera-por-la-asociacion-mercedina\/","url":"https:\/\/noticiasmercedinas.com\/site\/2026\/09\/03\/intensa-jornada-de-basquet-juvenil-y-de-primera-por-la-asociacion-mercedina\/","name":"Intensa jornada de b\u00e1squet juvenil y de Primera por la Asociaci\u00f3n Mercedina","isPartOf":{"@id":"https:\/\/noticiasmercedinas.com\/site\/#website"},"primaryImageOfPage":{"@id":"https:\/\/noticiasmercedinas.com\/site\/2026\/09\/03\/intensa-jornada-de-basquet-juvenil-y-de-primera-por-la-asociacion-mercedina\/#primaryimage"},"image":{"@id":"https:\/\/noticiasmercedinas.com\/site\/2026\/09\/03\/intensa-jornada-de-basquet-juvenil-y-de-primera-por-la-asociacion-mercedina\/#primaryimage"},"thumbnailUrl":"https:\/\/noticiasmercedinas.com\/site\/wp-content\/uploads\/2026\/09\/000dd829-1c92-474f-9560-9b15c00545e6.jpg","datePublished":"2026-09-03T19:22:40+00:00","breadcrumb":{"@id":"https:\/\/noticiasmercedinas.com\/site\/2026\/09\/03\/intensa-jornada-de-basquet-juvenil-y-de-primera-por-la-asociacion-mercedina\/#breadcrumb"},"inLanguage":"es","potentialAction":[{"@type":"ReadAction","target":["https:\/\/noticiasmercedinas.com\/site\/2026\/09\/03\/intensa-jornada-de-basquet-juvenil-y-de-primera-por-la-asociacion-mercedina\/"]}]},{"@type":"ImageObject","inLanguage":"es","@id":"https:\/\/noticiasmercedinas.com\/site\/2026\/09\/03\/intensa-jornada-de-basquet-juvenil-y-de-primera-por-la-asociacion-mercedina\/#primaryimage","url":"https:\/\/noticiasmercedinas.com\/site\/wp-content\/uploads\/2026\/09\/000dd829-1c92-474f-9560-9b15c00545e6.jpg","contentUrl":"https:\/\/noticiasmercedinas.com\/site\/wp-content\/uploads\/2026\/09\/000dd829-1c92-474f-9560-9b15c00545e6.jpg","width":640,"height":402},{"@type":"BreadcrumbList","@id":"https:\/\/noticiasmercedinas.com\/site\/2026\/09\/03\/intensa-jornada-de-basquet-juvenil-y-de-primera-por-la-asociacion-mercedina\/#breadcrumb","itemListElement":[{"@type":"ListItem","position":1,"name":"Portada","item":"https:\/\/noticiasmercedinas.com\/site\/"},{"@type":"ListItem","position":2,"name":"Intensa jornada de b\u00e1squet juvenil y de Primera por la Asociaci\u00f3n Mercedina"}]},{"@type":"WebSite","@id":"https:\/\/noticiasmercedinas.com\/site\/#website","url":"https:\/\/noticiasmercedinas.com\/site\/","name":"NOTICIASMERCEDINAS.COM","description":"Mercedes, Buenos Aires, Argentina","publisher":{"@id":"https:\/\/noticiasmercedinas.com\/site\/#organization"},"potentialAction":[{"@type":"SearchAction","target":{"@type":"EntryPoint","urlTemplate":"https:\/\/noticiasmercedinas.com\/site\/?s={search_term_string}"},"query-input":{"@type":"PropertyValueSpecification","valueRequired":true,"valueName":"search_term_string"}}],"inLanguage":"es"},{"@type":"Organization","@id":"https:\/\/noticiasmercedinas.com\/site\/#organization","name":"NOTICIASMERCEDINAS.COM","url":"https:\/\/noticiasmercedinas.com\/site\/","logo":{"@type":"ImageObject","inLanguage":"es","@id":"https:\/\/noticiasmercedinas.com\/site\/#\/schema\/logo\/image\/","url":"https:\/\/noticiasmercedinas.com\/site\/wp-content\/uploads\/2020\/06\/LOGO-512.jpg","contentUrl":"https:\/\/noticiasmercedinas.com\/site\/wp-content\/uploads\/2020\/06\/LOGO-512.jpg","width":512,"height":512,"caption":"NOTICIASMERCEDINAS.COM"},"image":{"@id":"https:\/\/noticiasmercedinas.com\/site\/#\/schema\/logo\/image\/"},"sameAs":["https:\/\/www.facebook.com\/noticiasmercedinas\/","https:\/\/x.com\/notmercedinas","https:\/\/www.instagram.com\/noticiasmercedinas\/"]},{"@type":"Person","@id":"https:\/\/noticiasmercedinas.com\/site\/#\/schema\/person\/84b59c099c28ff2e8b77d4ceec5d8063","name":"NOTICIASMERCEDINAS.COM","image":{"@type":"ImageObject","inLanguage":"es","@id":"https:\/\/secure.gravatar.com\/avatar\/4dfbf16b4d17945bfb6341b2d19043457132fcf478a5ee04f42e959fd8f5df0a?s=96&d=mm&r=g","url":"https:\/\/secure.gravatar.com\/avatar\/4dfbf16b4d17945bfb6341b2d19043457132fcf478a5ee04f42e959fd8f5df0a?s=96&d=mm&r=g","contentUrl":"https:\/\/secure.gravatar.com\/avatar\/4dfbf16b4d17945bfb6341b2d19043457132fcf478a5ee04f42e959fd8f5df0a?s=96&d=mm&r=g","caption":"NOTICIASMERCEDINAS.COM"},"url":"https:\/\/noticiasmercedinas.com\/site\/author\/anonimo\/"}]}},"amp_enabled":true,"_links":{"self":[{"href":"https:\/\/noticiasmercedinas.com\/site\/wp-json\/wp\/v2\/posts\/193918","targetHints":{"allow":["GET"]}}],"collection":[{"href":"https:\/\/noticiasmercedinas.com\/site\/wp-json\/wp\/v2\/posts"}],"about":[{"href":"https:\/\/noticiasmercedinas.com\/site\/wp-json\/wp\/v2\/types\/post"}],"author":[{"embeddable":true,"href":"https:\/\/noticiasmercedinas.com\/site\/wp-json\/wp\/v2\/users\/16"}],"replies":[{"embeddable":true,"href":"https:\/\/noticiasmercedinas.com\/site\/wp-json\/wp\/v2\/comments?post=193918"}],"version-history":[{"count":1,"href":"https:\/\/noticiasmercedinas.com\/site\/wp-json\/wp\/v2\/posts\/193918\/revisions"}],"predecessor-version":[{"id":193921,"href":"https:\/\/noticiasmercedinas.com\/site\/wp-json\/wp\/v2\/posts\/193918\/revisions\/193921"}],"wp:featuredmedia":[{"embeddable":true,"href":"https:\/\/noticiasmercedinas.com\/site\/wp-json\/wp\/v2\/media\/193919"}],"wp:attachment":[{"href":"https:\/\/noticiasmercedinas.com\/site\/wp-json\/wp\/v2\/media?parent=193918"}],"wp:term":[{"taxonomy":"category","embeddable":true,"href":"https:\/\/noticiasmercedinas.com\/site\/wp-json\/wp\/v2\/categories?post=193918"},{"taxonomy":"post_tag","embeddable":true,"href":"https:\/\/noticiasmercedinas.com\/site\/wp-json\/wp\/v2\/tags?post=193918"}],"curies":[{"name":"wp","href":"https:\/\/api.w.org\/{rel}","templated":true}]}}