{"id":193932,"date":"2026-09-03T17:08:31","date_gmt":"2026-09-03T20:08:31","guid":{"rendered":"https:\/\/noticiasmercedinas.com\/site\/?p=193932"},"modified":"2026-09-03T17:08:31","modified_gmt":"2026-09-03T20:08:31","slug":"teatro-argentino-de-mercedes-fue-sede-del-xxii-congreso-provincial-de-funcionarios-judiciales","status":"publish","type":"post","link":"https:\/\/noticiasmercedinas.com\/site\/2026\/09\/03\/teatro-argentino-de-mercedes-fue-sede-del-xxii-congreso-provincial-de-funcionarios-judiciales\/","title":{"rendered":"Teatro Argentino de Mercedes fue sede del XXII Congreso Provincial de Funcionarios Judiciales"},"content":{"rendered":"<p dir=\"ltr\">\u200b<img loading=\"lazy\" decoding=\"async\" class=\"alignnone size-full wp-image-193935\" src=\"https:\/\/noticiasmercedinas.com\/site\/wp-content\/uploads\/2026\/09\/imagenportada-3.jpeg\" alt=\"\" width=\"450\" height=\"338\" srcset=\"https:\/\/noticiasmercedinas.com\/site\/wp-content\/uploads\/2026\/09\/imagenportada-3.jpeg 450w, https:\/\/noticiasmercedinas.com\/site\/wp-content\/uploads\/2026\/09\/imagenportada-3-300x225.jpeg 300w, https:\/\/noticiasmercedinas.com\/site\/wp-content\/uploads\/2026\/09\/imagenportada-3-80x60.jpeg 80w, https:\/\/noticiasmercedinas.com\/site\/wp-content\/uploads\/2026\/09\/imagenportada-3-160x120.jpeg 160w, https:\/\/noticiasmercedinas.com\/site\/wp-content\/uploads\/2026\/09\/imagenportada-3-100x75.jpeg 100w, https:\/\/noticiasmercedinas.com\/site\/wp-content\/uploads\/2026\/09\/imagenportada-3-200x150.jpeg 200w, https:\/\/noticiasmercedinas.com\/site\/wp-content\/uploads\/2026\/09\/imagenportada-3-180x135.jpeg 180w, https:\/\/noticiasmercedinas.com\/site\/wp-content\/uploads\/2026\/09\/imagenportada-3-360x270.jpeg 360w, https:\/\/noticiasmercedinas.com\/site\/wp-content\/uploads\/2026\/09\/imagenportada-3-238x178.jpeg 238w\" sizes=\"auto, (max-width: 450px) 100vw, 450px\" \/><\/p>\n<p dir=\"ltr\">El presidente de la Suprema Corte de Justicia de la Provincia de Buenos Aires (SCBA), Sergio Gabriel Torres, encabez\u00f3 este jueves en la ciudad de Mercedes la apertura del XXII Congreso Provincial de Funcionarios y Funcionarias del Poder Judicial.<\/p>\n<p dir=\"ltr\">El encuentro, desarrollado en las instalaciones del Teatro Argentino, reuni\u00f3 a m\u00e1s de 500 profesionales de la administraci\u00f3n de justicia bonaerense.<\/p>\n<p dir=\"ltr\">\u200bDurante el acto de apertura, el doctor Torres destac\u00f3 el valor institucional del sector y ofreci\u00f3 una disertaci\u00f3n enfocada en los desaf\u00edos y el rol estrat\u00e9gico de los funcionarios dentro del esquema judicial, posicion\u00e1ndolos como un eslab\u00f3n fundamental entre los magistrados y los agentes locales.<\/p>\n<p dir=\"ltr\"><img loading=\"lazy\" decoding=\"async\" class=\"alignnone size-full wp-image-193938\" src=\"https:\/\/noticiasmercedinas.com\/site\/wp-content\/uploads\/2026\/09\/imagenportada.jpeg\" alt=\"\" width=\"450\" height=\"338\" srcset=\"https:\/\/noticiasmercedinas.com\/site\/wp-content\/uploads\/2026\/09\/imagenportada.jpeg 450w, https:\/\/noticiasmercedinas.com\/site\/wp-content\/uploads\/2026\/09\/imagenportada-300x225.jpeg 300w, https:\/\/noticiasmercedinas.com\/site\/wp-content\/uploads\/2026\/09\/imagenportada-80x60.jpeg 80w, https:\/\/noticiasmercedinas.com\/site\/wp-content\/uploads\/2026\/09\/imagenportada-160x120.jpeg 160w, https:\/\/noticiasmercedinas.com\/site\/wp-content\/uploads\/2026\/09\/imagenportada-100x75.jpeg 100w, https:\/\/noticiasmercedinas.com\/site\/wp-content\/uploads\/2026\/09\/imagenportada-200x150.jpeg 200w, https:\/\/noticiasmercedinas.com\/site\/wp-content\/uploads\/2026\/09\/imagenportada-180x135.jpeg 180w, https:\/\/noticiasmercedinas.com\/site\/wp-content\/uploads\/2026\/09\/imagenportada-360x270.jpeg 360w, https:\/\/noticiasmercedinas.com\/site\/wp-content\/uploads\/2026\/09\/imagenportada-238x178.jpeg 238w\" sizes=\"auto, (max-width: 450px) 100vw, 450px\" \/><\/p>\n<p dir=\"ltr\">\u200bLa jornada de apertura cont\u00f3 con la presencia del intendente de Mercedes, Juan Ignacio Ustarroz; el procurador general de la provincia, Julio Marcelo Conte-Grand; el ministro de Justicia y Derechos Humanos, Juan Mart\u00edn Mena; el presidente del Colegio de Magistrados y Funcionarios provincial (CMyFPBA), Mat\u00edas Rappazzo; el titular de COLPROBA, Rafael Gentili; la responsable de la Comisi\u00f3n de Funcionarios de la CMyFPBA, Erika Rodr\u00edguez Meroni; y el presidente del Colegio de Magistrados de Mercedes, Santiago Marchio.<\/p>\n<p dir=\"ltr\">\u200bBajo el lema <i>\u201cLa dimensi\u00f3n humana del poder judicial: cercan\u00eda y transformaci\u00f3n institucional\u201d<\/i>, el congreso incluye ponencias a cargo de funcionarios y relatores del m\u00e1ximo tribunal bonaerense, entre ellos N\u00e9stor Trabucco, Am\u00f3s Grajales, Gustavo Raimondi, Constanza Storani y Rafael de la Colina.<\/p>\n<p dir=\"ltr\"><img loading=\"lazy\" decoding=\"async\" class=\"alignnone size-full wp-image-193937\" src=\"https:\/\/noticiasmercedinas.com\/site\/wp-content\/uploads\/2026\/09\/imagenportada-1.jpeg\" alt=\"\" width=\"450\" height=\"338\" srcset=\"https:\/\/noticiasmercedinas.com\/site\/wp-content\/uploads\/2026\/09\/imagenportada-1.jpeg 450w, https:\/\/noticiasmercedinas.com\/site\/wp-content\/uploads\/2026\/09\/imagenportada-1-300x225.jpeg 300w, https:\/\/noticiasmercedinas.com\/site\/wp-content\/uploads\/2026\/09\/imagenportada-1-80x60.jpeg 80w, https:\/\/noticiasmercedinas.com\/site\/wp-content\/uploads\/2026\/09\/imagenportada-1-160x120.jpeg 160w, https:\/\/noticiasmercedinas.com\/site\/wp-content\/uploads\/2026\/09\/imagenportada-1-100x75.jpeg 100w, https:\/\/noticiasmercedinas.com\/site\/wp-content\/uploads\/2026\/09\/imagenportada-1-200x150.jpeg 200w, https:\/\/noticiasmercedinas.com\/site\/wp-content\/uploads\/2026\/09\/imagenportada-1-180x135.jpeg 180w, https:\/\/noticiasmercedinas.com\/site\/wp-content\/uploads\/2026\/09\/imagenportada-1-360x270.jpeg 360w, https:\/\/noticiasmercedinas.com\/site\/wp-content\/uploads\/2026\/09\/imagenportada-1-238x178.jpeg 238w\" sizes=\"auto, (max-width: 450px) 100vw, 450px\" \/><\/p>\n","protected":false},"excerpt":{"rendered":"<p>Con la participaci\u00f3n de m\u00e1s de 500 asistentes, la apertura estuvo encabezada por el presidente de la Suprema Corte de Justicia, Sergio Gabriel Torres, junto al intendente Juan Ignacio Ustarroz y destacadas autoridades del \u00e1mbito judicial y gubernamental.<\/p>\n","protected":false},"author":16,"featured_media":193935,"comment_status":"closed","ping_status":"closed","sticky":false,"template":"","format":"standard","meta":{"footnotes":""},"categories":[7,20734],"tags":[524,6697,858],"class_list":["post-193932","post","type-post","status-publish","format-standard","has-post-thumbnail","hentry","category-policiales","category-ultimo-momento","tag-justicia","tag-sergio-torres","tag-suprema-corte"],"yoast_head":"<!-- This site is optimized with the Yoast SEO plugin v28.3 - https:\/\/yoast.com\/product\/yoast-seo-wordpress\/ -->\n<title>Teatro Argentino de Mercedes fue sede del XXII Congreso Provincial de Funcionarios Judiciales<\/title>\n<meta name=\"description\" content=\"Con la participaci\u00f3n de m\u00e1s de 500 asistentes, la apertura estuvo encabezada por el presidente de la Suprema Corte de Justicia, Sergio Gabriel Torres, junto al intendente Juan Ignacio Ustarroz y destacadas autoridades del \u00e1mbito judicial y gubernamental.\" \/>\n<meta name=\"robots\" content=\"index, follow, max-snippet:-1, max-image-preview:large, max-video-preview:-1\" \/>\n<link rel=\"canonical\" href=\"https:\/\/noticiasmercedinas.com\/site\/2026\/09\/03\/teatro-argentino-de-mercedes-fue-sede-del-xxii-congreso-provincial-de-funcionarios-judiciales\/\" \/>\n<meta property=\"og:locale\" content=\"es_ES\" \/>\n<meta property=\"og:type\" content=\"article\" \/>\n<meta property=\"og:title\" content=\"Teatro Argentino de Mercedes fue sede del XXII Congreso Provincial de Funcionarios Judiciales\" \/>\n<meta property=\"og:description\" content=\"Con la participaci\u00f3n de m\u00e1s de 500 asistentes, la apertura estuvo encabezada por el presidente de la Suprema Corte de Justicia, Sergio Gabriel Torres, junto al intendente Juan Ignacio Ustarroz y destacadas autoridades del \u00e1mbito judicial y gubernamental.\" \/>\n<meta property=\"og:url\" content=\"https:\/\/noticiasmercedinas.com\/site\/2026\/09\/03\/teatro-argentino-de-mercedes-fue-sede-del-xxii-congreso-provincial-de-funcionarios-judiciales\/\" \/>\n<meta property=\"og:site_name\" content=\"NOTICIASMERCEDINAS.COM\" \/>\n<meta property=\"article:publisher\" content=\"https:\/\/www.facebook.com\/noticiasmercedinas\/\" \/>\n<meta property=\"article:published_time\" content=\"2026-09-03T20:08:31+00:00\" \/>\n<meta property=\"og:image\" content=\"https:\/\/noticiasmercedinas.com\/site\/wp-content\/uploads\/2026\/09\/imagenportada-3.jpeg\" \/>\n\t<meta property=\"og:image:width\" content=\"450\" \/>\n\t<meta property=\"og:image:height\" content=\"338\" \/>\n\t<meta property=\"og:image:type\" content=\"image\/jpeg\" \/>\n<meta name=\"author\" content=\"NOTICIASMERCEDINAS.COM\" \/>\n<meta name=\"twitter:card\" content=\"summary_large_image\" \/>\n<meta name=\"twitter:creator\" content=\"@notmercedinas\" \/>\n<meta name=\"twitter:site\" content=\"@notmercedinas\" \/>\n<meta name=\"twitter:label1\" content=\"Escrito por\" \/>\n\t<meta name=\"twitter:data1\" content=\"NOTICIASMERCEDINAS.COM\" \/>\n\t<meta name=\"twitter:label2\" content=\"Tiempo de lectura\" \/>\n\t<meta name=\"twitter:data2\" content=\"2 minutos\" \/>\n<script type=\"application\/ld+json\" class=\"yoast-schema-graph\">{\"@context\":\"https:\\\/\\\/schema.org\",\"@graph\":[{\"@type\":\"Article\",\"@id\":\"https:\\\/\\\/noticiasmercedinas.com\\\/site\\\/2026\\\/09\\\/03\\\/teatro-argentino-de-mercedes-fue-sede-del-xxii-congreso-provincial-de-funcionarios-judiciales\\\/#article\",\"isPartOf\":{\"@id\":\"https:\\\/\\\/noticiasmercedinas.com\\\/site\\\/2026\\\/09\\\/03\\\/teatro-argentino-de-mercedes-fue-sede-del-xxii-congreso-provincial-de-funcionarios-judiciales\\\/\"},\"author\":{\"name\":\"NOTICIASMERCEDINAS.COM\",\"@id\":\"https:\\\/\\\/noticiasmercedinas.com\\\/site\\\/#\\\/schema\\\/person\\\/84b59c099c28ff2e8b77d4ceec5d8063\"},\"headline\":\"Teatro Argentino de Mercedes fue sede del XXII Congreso Provincial de Funcionarios Judiciales\",\"datePublished\":\"2026-09-03T20:08:31+00:00\",\"mainEntityOfPage\":{\"@id\":\"https:\\\/\\\/noticiasmercedinas.com\\\/site\\\/2026\\\/09\\\/03\\\/teatro-argentino-de-mercedes-fue-sede-del-xxii-congreso-provincial-de-funcionarios-judiciales\\\/\"},\"wordCount\":252,\"publisher\":{\"@id\":\"https:\\\/\\\/noticiasmercedinas.com\\\/site\\\/#organization\"},\"image\":{\"@id\":\"https:\\\/\\\/noticiasmercedinas.com\\\/site\\\/2026\\\/09\\\/03\\\/teatro-argentino-de-mercedes-fue-sede-del-xxii-congreso-provincial-de-funcionarios-judiciales\\\/#primaryimage\"},\"thumbnailUrl\":\"https:\\\/\\\/noticiasmercedinas.com\\\/site\\\/wp-content\\\/uploads\\\/2026\\\/09\\\/imagenportada-3.jpeg\",\"keywords\":[\"justicia\",\"Sergio Torres\",\"suprema corte\"],\"articleSection\":[\"Seguridad\",\"Ultimo momento\"],\"inLanguage\":\"es\"},{\"@type\":\"WebPage\",\"@id\":\"https:\\\/\\\/noticiasmercedinas.com\\\/site\\\/2026\\\/09\\\/03\\\/teatro-argentino-de-mercedes-fue-sede-del-xxii-congreso-provincial-de-funcionarios-judiciales\\\/\",\"url\":\"https:\\\/\\\/noticiasmercedinas.com\\\/site\\\/2026\\\/09\\\/03\\\/teatro-argentino-de-mercedes-fue-sede-del-xxii-congreso-provincial-de-funcionarios-judiciales\\\/\",\"name\":\"Teatro Argentino de Mercedes fue sede del XXII Congreso Provincial de Funcionarios Judiciales\",\"isPartOf\":{\"@id\":\"https:\\\/\\\/noticiasmercedinas.com\\\/site\\\/#website\"},\"primaryImageOfPage\":{\"@id\":\"https:\\\/\\\/noticiasmercedinas.com\\\/site\\\/2026\\\/09\\\/03\\\/teatro-argentino-de-mercedes-fue-sede-del-xxii-congreso-provincial-de-funcionarios-judiciales\\\/#primaryimage\"},\"image\":{\"@id\":\"https:\\\/\\\/noticiasmercedinas.com\\\/site\\\/2026\\\/09\\\/03\\\/teatro-argentino-de-mercedes-fue-sede-del-xxii-congreso-provincial-de-funcionarios-judiciales\\\/#primaryimage\"},\"thumbnailUrl\":\"https:\\\/\\\/noticiasmercedinas.com\\\/site\\\/wp-content\\\/uploads\\\/2026\\\/09\\\/imagenportada-3.jpeg\",\"datePublished\":\"2026-09-03T20:08:31+00:00\",\"description\":\"Con la participaci\u00f3n de m\u00e1s de 500 asistentes, la apertura estuvo encabezada por el presidente de la Suprema Corte de Justicia, Sergio Gabriel Torres, junto al intendente Juan Ignacio Ustarroz y destacadas autoridades del \u00e1mbito judicial y gubernamental.\",\"breadcrumb\":{\"@id\":\"https:\\\/\\\/noticiasmercedinas.com\\\/site\\\/2026\\\/09\\\/03\\\/teatro-argentino-de-mercedes-fue-sede-del-xxii-congreso-provincial-de-funcionarios-judiciales\\\/#breadcrumb\"},\"inLanguage\":\"es\",\"potentialAction\":[{\"@type\":\"ReadAction\",\"target\":[\"https:\\\/\\\/noticiasmercedinas.com\\\/site\\\/2026\\\/09\\\/03\\\/teatro-argentino-de-mercedes-fue-sede-del-xxii-congreso-provincial-de-funcionarios-judiciales\\\/\"]}]},{\"@type\":\"ImageObject\",\"inLanguage\":\"es\",\"@id\":\"https:\\\/\\\/noticiasmercedinas.com\\\/site\\\/2026\\\/09\\\/03\\\/teatro-argentino-de-mercedes-fue-sede-del-xxii-congreso-provincial-de-funcionarios-judiciales\\\/#primaryimage\",\"url\":\"https:\\\/\\\/noticiasmercedinas.com\\\/site\\\/wp-content\\\/uploads\\\/2026\\\/09\\\/imagenportada-3.jpeg\",\"contentUrl\":\"https:\\\/\\\/noticiasmercedinas.com\\\/site\\\/wp-content\\\/uploads\\\/2026\\\/09\\\/imagenportada-3.jpeg\",\"width\":450,\"height\":338},{\"@type\":\"BreadcrumbList\",\"@id\":\"https:\\\/\\\/noticiasmercedinas.com\\\/site\\\/2026\\\/09\\\/03\\\/teatro-argentino-de-mercedes-fue-sede-del-xxii-congreso-provincial-de-funcionarios-judiciales\\\/#breadcrumb\",\"itemListElement\":[{\"@type\":\"ListItem\",\"position\":1,\"name\":\"Portada\",\"item\":\"https:\\\/\\\/noticiasmercedinas.com\\\/site\\\/\"},{\"@type\":\"ListItem\",\"position\":2,\"name\":\"Teatro Argentino de Mercedes fue sede del XXII Congreso Provincial de Funcionarios Judiciales\"}]},{\"@type\":\"WebSite\",\"@id\":\"https:\\\/\\\/noticiasmercedinas.com\\\/site\\\/#website\",\"url\":\"https:\\\/\\\/noticiasmercedinas.com\\\/site\\\/\",\"name\":\"NOTICIASMERCEDINAS.COM\",\"description\":\"Mercedes, Buenos Aires, Argentina\",\"publisher\":{\"@id\":\"https:\\\/\\\/noticiasmercedinas.com\\\/site\\\/#organization\"},\"potentialAction\":[{\"@type\":\"SearchAction\",\"target\":{\"@type\":\"EntryPoint\",\"urlTemplate\":\"https:\\\/\\\/noticiasmercedinas.com\\\/site\\\/?s={search_term_string}\"},\"query-input\":{\"@type\":\"PropertyValueSpecification\",\"valueRequired\":true,\"valueName\":\"search_term_string\"}}],\"inLanguage\":\"es\"},{\"@type\":\"Organization\",\"@id\":\"https:\\\/\\\/noticiasmercedinas.com\\\/site\\\/#organization\",\"name\":\"NOTICIASMERCEDINAS.COM\",\"url\":\"https:\\\/\\\/noticiasmercedinas.com\\\/site\\\/\",\"logo\":{\"@type\":\"ImageObject\",\"inLanguage\":\"es\",\"@id\":\"https:\\\/\\\/noticiasmercedinas.com\\\/site\\\/#\\\/schema\\\/logo\\\/image\\\/\",\"url\":\"https:\\\/\\\/noticiasmercedinas.com\\\/site\\\/wp-content\\\/uploads\\\/2020\\\/06\\\/LOGO-512.jpg\",\"contentUrl\":\"https:\\\/\\\/noticiasmercedinas.com\\\/site\\\/wp-content\\\/uploads\\\/2020\\\/06\\\/LOGO-512.jpg\",\"width\":512,\"height\":512,\"caption\":\"NOTICIASMERCEDINAS.COM\"},\"image\":{\"@id\":\"https:\\\/\\\/noticiasmercedinas.com\\\/site\\\/#\\\/schema\\\/logo\\\/image\\\/\"},\"sameAs\":[\"https:\\\/\\\/www.facebook.com\\\/noticiasmercedinas\\\/\",\"https:\\\/\\\/x.com\\\/notmercedinas\",\"https:\\\/\\\/www.instagram.com\\\/noticiasmercedinas\\\/\"]},{\"@type\":\"Person\",\"@id\":\"https:\\\/\\\/noticiasmercedinas.com\\\/site\\\/#\\\/schema\\\/person\\\/84b59c099c28ff2e8b77d4ceec5d8063\",\"name\":\"NOTICIASMERCEDINAS.COM\",\"image\":{\"@type\":\"ImageObject\",\"inLanguage\":\"es\",\"@id\":\"https:\\\/\\\/secure.gravatar.com\\\/avatar\\\/4dfbf16b4d17945bfb6341b2d19043457132fcf478a5ee04f42e959fd8f5df0a?s=96&d=mm&r=g\",\"url\":\"https:\\\/\\\/secure.gravatar.com\\\/avatar\\\/4dfbf16b4d17945bfb6341b2d19043457132fcf478a5ee04f42e959fd8f5df0a?s=96&d=mm&r=g\",\"contentUrl\":\"https:\\\/\\\/secure.gravatar.com\\\/avatar\\\/4dfbf16b4d17945bfb6341b2d19043457132fcf478a5ee04f42e959fd8f5df0a?s=96&d=mm&r=g\",\"caption\":\"NOTICIASMERCEDINAS.COM\"},\"url\":\"https:\\\/\\\/noticiasmercedinas.com\\\/site\\\/author\\\/anonimo\\\/\"}]}<\/script>\n<!-- \/ Yoast SEO plugin. -->","yoast_head_json":{"title":"Teatro Argentino de Mercedes fue sede del XXII Congreso Provincial de Funcionarios Judiciales","description":"Con la participaci\u00f3n de m\u00e1s de 500 asistentes, la apertura estuvo encabezada por el presidente de la Suprema Corte de Justicia, Sergio Gabriel Torres, junto al intendente Juan Ignacio Ustarroz y destacadas autoridades del \u00e1mbito judicial y gubernamental.","robots":{"index":"index","follow":"follow","max-snippet":"max-snippet:-1","max-image-preview":"max-image-preview:large","max-video-preview":"max-video-preview:-1"},"canonical":"https:\/\/noticiasmercedinas.com\/site\/2026\/09\/03\/teatro-argentino-de-mercedes-fue-sede-del-xxii-congreso-provincial-de-funcionarios-judiciales\/","og_locale":"es_ES","og_type":"article","og_title":"Teatro Argentino de Mercedes fue sede del XXII Congreso Provincial de Funcionarios Judiciales","og_description":"Con la participaci\u00f3n de m\u00e1s de 500 asistentes, la apertura estuvo encabezada por el presidente de la Suprema Corte de Justicia, Sergio Gabriel Torres, junto al intendente Juan Ignacio Ustarroz y destacadas autoridades del \u00e1mbito judicial y gubernamental.","og_url":"https:\/\/noticiasmercedinas.com\/site\/2026\/09\/03\/teatro-argentino-de-mercedes-fue-sede-del-xxii-congreso-provincial-de-funcionarios-judiciales\/","og_site_name":"NOTICIASMERCEDINAS.COM","article_publisher":"https:\/\/www.facebook.com\/noticiasmercedinas\/","article_published_time":"2026-09-03T20:08:31+00:00","og_image":[{"width":450,"height":338,"url":"https:\/\/noticiasmercedinas.com\/site\/wp-content\/uploads\/2026\/09\/imagenportada-3.jpeg","type":"image\/jpeg"}],"author":"NOTICIASMERCEDINAS.COM","twitter_card":"summary_large_image","twitter_creator":"@notmercedinas","twitter_site":"@notmercedinas","twitter_misc":{"Escrito por":"NOTICIASMERCEDINAS.COM","Tiempo de lectura":"2 minutos"},"schema":{"@context":"https:\/\/schema.org","@graph":[{"@type":"Article","@id":"https:\/\/noticiasmercedinas.com\/site\/2026\/09\/03\/teatro-argentino-de-mercedes-fue-sede-del-xxii-congreso-provincial-de-funcionarios-judiciales\/#article","isPartOf":{"@id":"https:\/\/noticiasmercedinas.com\/site\/2026\/09\/03\/teatro-argentino-de-mercedes-fue-sede-del-xxii-congreso-provincial-de-funcionarios-judiciales\/"},"author":{"name":"NOTICIASMERCEDINAS.COM","@id":"https:\/\/noticiasmercedinas.com\/site\/#\/schema\/person\/84b59c099c28ff2e8b77d4ceec5d8063"},"headline":"Teatro Argentino de Mercedes fue sede del XXII Congreso Provincial de Funcionarios Judiciales","datePublished":"2026-09-03T20:08:31+00:00","mainEntityOfPage":{"@id":"https:\/\/noticiasmercedinas.com\/site\/2026\/09\/03\/teatro-argentino-de-mercedes-fue-sede-del-xxii-congreso-provincial-de-funcionarios-judiciales\/"},"wordCount":252,"publisher":{"@id":"https:\/\/noticiasmercedinas.com\/site\/#organization"},"image":{"@id":"https:\/\/noticiasmercedinas.com\/site\/2026\/09\/03\/teatro-argentino-de-mercedes-fue-sede-del-xxii-congreso-provincial-de-funcionarios-judiciales\/#primaryimage"},"thumbnailUrl":"https:\/\/noticiasmercedinas.com\/site\/wp-content\/uploads\/2026\/09\/imagenportada-3.jpeg","keywords":["justicia","Sergio Torres","suprema corte"],"articleSection":["Seguridad","Ultimo momento"],"inLanguage":"es"},{"@type":"WebPage","@id":"https:\/\/noticiasmercedinas.com\/site\/2026\/09\/03\/teatro-argentino-de-mercedes-fue-sede-del-xxii-congreso-provincial-de-funcionarios-judiciales\/","url":"https:\/\/noticiasmercedinas.com\/site\/2026\/09\/03\/teatro-argentino-de-mercedes-fue-sede-del-xxii-congreso-provincial-de-funcionarios-judiciales\/","name":"Teatro Argentino de Mercedes fue sede del XXII Congreso Provincial de Funcionarios Judiciales","isPartOf":{"@id":"https:\/\/noticiasmercedinas.com\/site\/#website"},"primaryImageOfPage":{"@id":"https:\/\/noticiasmercedinas.com\/site\/2026\/09\/03\/teatro-argentino-de-mercedes-fue-sede-del-xxii-congreso-provincial-de-funcionarios-judiciales\/#primaryimage"},"image":{"@id":"https:\/\/noticiasmercedinas.com\/site\/2026\/09\/03\/teatro-argentino-de-mercedes-fue-sede-del-xxii-congreso-provincial-de-funcionarios-judiciales\/#primaryimage"},"thumbnailUrl":"https:\/\/noticiasmercedinas.com\/site\/wp-content\/uploads\/2026\/09\/imagenportada-3.jpeg","datePublished":"2026-09-03T20:08:31+00:00","description":"Con la participaci\u00f3n de m\u00e1s de 500 asistentes, la apertura estuvo encabezada por el presidente de la Suprema Corte de Justicia, Sergio Gabriel Torres, junto al intendente Juan Ignacio Ustarroz y destacadas autoridades del \u00e1mbito judicial y gubernamental.","breadcrumb":{"@id":"https:\/\/noticiasmercedinas.com\/site\/2026\/09\/03\/teatro-argentino-de-mercedes-fue-sede-del-xxii-congreso-provincial-de-funcionarios-judiciales\/#breadcrumb"},"inLanguage":"es","potentialAction":[{"@type":"ReadAction","target":["https:\/\/noticiasmercedinas.com\/site\/2026\/09\/03\/teatro-argentino-de-mercedes-fue-sede-del-xxii-congreso-provincial-de-funcionarios-judiciales\/"]}]},{"@type":"ImageObject","inLanguage":"es","@id":"https:\/\/noticiasmercedinas.com\/site\/2026\/09\/03\/teatro-argentino-de-mercedes-fue-sede-del-xxii-congreso-provincial-de-funcionarios-judiciales\/#primaryimage","url":"https:\/\/noticiasmercedinas.com\/site\/wp-content\/uploads\/2026\/09\/imagenportada-3.jpeg","contentUrl":"https:\/\/noticiasmercedinas.com\/site\/wp-content\/uploads\/2026\/09\/imagenportada-3.jpeg","width":450,"height":338},{"@type":"BreadcrumbList","@id":"https:\/\/noticiasmercedinas.com\/site\/2026\/09\/03\/teatro-argentino-de-mercedes-fue-sede-del-xxii-congreso-provincial-de-funcionarios-judiciales\/#breadcrumb","itemListElement":[{"@type":"ListItem","position":1,"name":"Portada","item":"https:\/\/noticiasmercedinas.com\/site\/"},{"@type":"ListItem","position":2,"name":"Teatro Argentino de Mercedes fue sede del XXII Congreso Provincial de Funcionarios Judiciales"}]},{"@type":"WebSite","@id":"https:\/\/noticiasmercedinas.com\/site\/#website","url":"https:\/\/noticiasmercedinas.com\/site\/","name":"NOTICIASMERCEDINAS.COM","description":"Mercedes, Buenos Aires, Argentina","publisher":{"@id":"https:\/\/noticiasmercedinas.com\/site\/#organization"},"potentialAction":[{"@type":"SearchAction","target":{"@type":"EntryPoint","urlTemplate":"https:\/\/noticiasmercedinas.com\/site\/?s={search_term_string}"},"query-input":{"@type":"PropertyValueSpecification","valueRequired":true,"valueName":"search_term_string"}}],"inLanguage":"es"},{"@type":"Organization","@id":"https:\/\/noticiasmercedinas.com\/site\/#organization","name":"NOTICIASMERCEDINAS.COM","url":"https:\/\/noticiasmercedinas.com\/site\/","logo":{"@type":"ImageObject","inLanguage":"es","@id":"https:\/\/noticiasmercedinas.com\/site\/#\/schema\/logo\/image\/","url":"https:\/\/noticiasmercedinas.com\/site\/wp-content\/uploads\/2020\/06\/LOGO-512.jpg","contentUrl":"https:\/\/noticiasmercedinas.com\/site\/wp-content\/uploads\/2020\/06\/LOGO-512.jpg","width":512,"height":512,"caption":"NOTICIASMERCEDINAS.COM"},"image":{"@id":"https:\/\/noticiasmercedinas.com\/site\/#\/schema\/logo\/image\/"},"sameAs":["https:\/\/www.facebook.com\/noticiasmercedinas\/","https:\/\/x.com\/notmercedinas","https:\/\/www.instagram.com\/noticiasmercedinas\/"]},{"@type":"Person","@id":"https:\/\/noticiasmercedinas.com\/site\/#\/schema\/person\/84b59c099c28ff2e8b77d4ceec5d8063","name":"NOTICIASMERCEDINAS.COM","image":{"@type":"ImageObject","inLanguage":"es","@id":"https:\/\/secure.gravatar.com\/avatar\/4dfbf16b4d17945bfb6341b2d19043457132fcf478a5ee04f42e959fd8f5df0a?s=96&d=mm&r=g","url":"https:\/\/secure.gravatar.com\/avatar\/4dfbf16b4d17945bfb6341b2d19043457132fcf478a5ee04f42e959fd8f5df0a?s=96&d=mm&r=g","contentUrl":"https:\/\/secure.gravatar.com\/avatar\/4dfbf16b4d17945bfb6341b2d19043457132fcf478a5ee04f42e959fd8f5df0a?s=96&d=mm&r=g","caption":"NOTICIASMERCEDINAS.COM"},"url":"https:\/\/noticiasmercedinas.com\/site\/author\/anonimo\/"}]}},"amp_enabled":true,"_links":{"self":[{"href":"https:\/\/noticiasmercedinas.com\/site\/wp-json\/wp\/v2\/posts\/193932","targetHints":{"allow":["GET"]}}],"collection":[{"href":"https:\/\/noticiasmercedinas.com\/site\/wp-json\/wp\/v2\/posts"}],"about":[{"href":"https:\/\/noticiasmercedinas.com\/site\/wp-json\/wp\/v2\/types\/post"}],"author":[{"embeddable":true,"href":"https:\/\/noticiasmercedinas.com\/site\/wp-json\/wp\/v2\/users\/16"}],"replies":[{"embeddable":true,"href":"https:\/\/noticiasmercedinas.com\/site\/wp-json\/wp\/v2\/comments?post=193932"}],"version-history":[{"count":3,"href":"https:\/\/noticiasmercedinas.com\/site\/wp-json\/wp\/v2\/posts\/193932\/revisions"}],"predecessor-version":[{"id":193939,"href":"https:\/\/noticiasmercedinas.com\/site\/wp-json\/wp\/v2\/posts\/193932\/revisions\/193939"}],"wp:featuredmedia":[{"embeddable":true,"href":"https:\/\/noticiasmercedinas.com\/site\/wp-json\/wp\/v2\/media\/193935"}],"wp:attachment":[{"href":"https:\/\/noticiasmercedinas.com\/site\/wp-json\/wp\/v2\/media?parent=193932"}],"wp:term":[{"taxonomy":"category","embeddable":true,"href":"https:\/\/noticiasmercedinas.com\/site\/wp-json\/wp\/v2\/categories?post=193932"},{"taxonomy":"post_tag","embeddable":true,"href":"https:\/\/noticiasmercedinas.com\/site\/wp-json\/wp\/v2\/tags?post=193932"}],"curies":[{"name":"wp","href":"https:\/\/api.w.org\/{rel}","templated":true}]}}