{"id":193940,"date":"2026-09-03T17:25:30","date_gmt":"2026-09-03T20:25:30","guid":{"rendered":"https:\/\/noticiasmercedinas.com\/site\/?p=193940"},"modified":"2026-09-03T17:25:30","modified_gmt":"2026-09-03T20:25:30","slug":"trece-gimnastas-de-ruge-gymnastics-clasificaron-al-torneo-nacional-en-catamarca","status":"publish","type":"post","link":"https:\/\/noticiasmercedinas.com\/site\/2026\/09\/03\/trece-gimnastas-de-ruge-gymnastics-clasificaron-al-torneo-nacional-en-catamarca\/","title":{"rendered":"Trece gimnastas de Ruge Gymnastics clasificaron al Torneo Nacional en Catamarca"},"content":{"rendered":"<p><img loading=\"lazy\" decoding=\"async\" class=\"alignnone size-full wp-image-193943\" src=\"https:\/\/noticiasmercedinas.com\/site\/wp-content\/uploads\/2026\/09\/IMG-20260903-WA0003.jpg\" alt=\"\" width=\"1280\" height=\"961\" srcset=\"https:\/\/noticiasmercedinas.com\/site\/wp-content\/uploads\/2026\/09\/IMG-20260903-WA0003.jpg 1280w, https:\/\/noticiasmercedinas.com\/site\/wp-content\/uploads\/2026\/09\/IMG-20260903-WA0003-300x225.jpg 300w, https:\/\/noticiasmercedinas.com\/site\/wp-content\/uploads\/2026\/09\/IMG-20260903-WA0003-1024x769.jpg 1024w, https:\/\/noticiasmercedinas.com\/site\/wp-content\/uploads\/2026\/09\/IMG-20260903-WA0003-768x577.jpg 768w, https:\/\/noticiasmercedinas.com\/site\/wp-content\/uploads\/2026\/09\/IMG-20260903-WA0003-80x60.jpg 80w, https:\/\/noticiasmercedinas.com\/site\/wp-content\/uploads\/2026\/09\/IMG-20260903-WA0003-160x120.jpg 160w, https:\/\/noticiasmercedinas.com\/site\/wp-content\/uploads\/2026\/09\/IMG-20260903-WA0003-100x75.jpg 100w, https:\/\/noticiasmercedinas.com\/site\/wp-content\/uploads\/2026\/09\/IMG-20260903-WA0003-200x150.jpg 200w, https:\/\/noticiasmercedinas.com\/site\/wp-content\/uploads\/2026\/09\/IMG-20260903-WA0003-180x135.jpg 180w, https:\/\/noticiasmercedinas.com\/site\/wp-content\/uploads\/2026\/09\/IMG-20260903-WA0003-360x270.jpg 360w, https:\/\/noticiasmercedinas.com\/site\/wp-content\/uploads\/2026\/09\/IMG-20260903-WA0003-238x178.jpg 238w, https:\/\/noticiasmercedinas.com\/site\/wp-content\/uploads\/2026\/09\/IMG-20260903-WA0003-476x356.jpg 476w, https:\/\/noticiasmercedinas.com\/site\/wp-content\/uploads\/2026\/09\/IMG-20260903-WA0003-640x481.jpg 640w, https:\/\/noticiasmercedinas.com\/site\/wp-content\/uploads\/2026\/09\/IMG-20260903-WA0003-681x511.jpg 681w\" sizes=\"auto, (max-width: 1280px) 100vw, 1280px\" \/><\/p>\n<p>Un total de trece alumnos pertenecientes a la escuela de gimnasia art\u00edstica Ruge Gymnastics alcanzaron la clasificaci\u00f3n al Torneo Nacional de la disciplina, el cual se llevar\u00e1 a cabo en la provincia de Catamarca durante el pr\u00f3ximo mes de octubre.<\/p>\n<p>El logro deportivo se concret\u00f3 luego de que la delegaci\u00f3n mercedina completara con \u00e9xito su participaci\u00f3n en dos selectivos provinciales disputados a lo largo de la temporada.<\/p>\n<p>La n\u00f3mina de deportistas locales que representar\u00e1n a la ciudad est\u00e1 integrada por Antonela Malano, Emilia Festugatto, Lola Malano, Maximina Freites, Santinna Weinmann, Joaquina Lemos I\u00f1igo, Juan Bautista Cruz, Mave D\u2019Angelo, Sara Brutti, Josefina Mart\u00ednez, Chiara Baldassini, Morena L\u00f3pez \u00c1vila y Renata Ortiz. Todos ellos se encuentran bajo la preparaci\u00f3n t\u00e9cnica y la conducci\u00f3n de la entrenadora Guadalupe Lofiego.<\/p>\n<p>El certamen nacional en tierras catamarque\u00f1as contemplar\u00e1 un cronograma competitivo de tres jornadas consecutivas, distribuidas en dos d\u00edas iniciales destinados a las pruebas t\u00e9cnicas de aparatos y un tercer d\u00eda enfocado en las rondas finales de competencia.<\/p>\n<p>Desde el cuerpo t\u00e9cnico de la instituci\u00f3n destacaron el rendimiento de los gimnastas, remarcando la disciplina, la constancia en el entrenamiento y el nivel deportivo alcanzado para acceder a una de las instancias de mayor relevancia del calendario de la disciplina a nivel nacional.<\/p>\n<p><img loading=\"lazy\" decoding=\"async\" class=\"alignnone size-full wp-image-193942\" src=\"https:\/\/noticiasmercedinas.com\/site\/wp-content\/uploads\/2026\/09\/IMG-20260903-WA0006-scaled.jpg\" alt=\"\" width=\"1920\" height=\"2560\" srcset=\"https:\/\/noticiasmercedinas.com\/site\/wp-content\/uploads\/2026\/09\/IMG-20260903-WA0006-scaled.jpg 1920w, https:\/\/noticiasmercedinas.com\/site\/wp-content\/uploads\/2026\/09\/IMG-20260903-WA0006-225x300.jpg 225w, https:\/\/noticiasmercedinas.com\/site\/wp-content\/uploads\/2026\/09\/IMG-20260903-WA0006-768x1024.jpg 768w, https:\/\/noticiasmercedinas.com\/site\/wp-content\/uploads\/2026\/09\/IMG-20260903-WA0006-1152x1536.jpg 1152w, https:\/\/noticiasmercedinas.com\/site\/wp-content\/uploads\/2026\/09\/IMG-20260903-WA0006-1536x2048.jpg 1536w, https:\/\/noticiasmercedinas.com\/site\/wp-content\/uploads\/2026\/09\/IMG-20260903-WA0006-640x853.jpg 640w, https:\/\/noticiasmercedinas.com\/site\/wp-content\/uploads\/2026\/09\/IMG-20260903-WA0006-1280x1707.jpg 1280w, https:\/\/noticiasmercedinas.com\/site\/wp-content\/uploads\/2026\/09\/IMG-20260903-WA0006-681x908.jpg 681w, https:\/\/noticiasmercedinas.com\/site\/wp-content\/uploads\/2026\/09\/IMG-20260903-WA0006-1362x1816.jpg 1362w\" sizes=\"auto, (max-width: 1920px) 100vw, 1920px\" \/><\/p>\n","protected":false},"excerpt":{"rendered":"<p>Tras un destacado desempe\u00f1o en dos cert\u00e1menes provinciales, la delegaci\u00f3n conducida por la entrenadora Guadalupe Lofiego representar\u00e1 a Mercedes en la competencia nacional que se desarrollar\u00e1 durante el mes de octubre.<\/p>\n","protected":false},"author":16,"featured_media":193943,"comment_status":"closed","ping_status":"closed","sticky":false,"template":"","format":"standard","meta":{"footnotes":""},"categories":[5],"tags":[4656,21415],"class_list":["post-193940","post","type-post","status-publish","format-standard","has-post-thumbnail","hentry","category-deportes","tag-gimnasia","tag-ruge-gymnastics"],"yoast_head":"<!-- This site is optimized with the Yoast SEO plugin v28.3 - https:\/\/yoast.com\/product\/yoast-seo-wordpress\/ -->\n<title>Trece gimnastas de Ruge Gymnastics clasificaron al Torneo Nacional en Catamarca<\/title>\n<meta name=\"description\" content=\"Tras un destacado desempe\u00f1o en dos cert\u00e1menes provinciales, la delegaci\u00f3n conducida por la entrenadora Guadalupe Lofiego representar\u00e1 a Mercedes en la competencia nacional que se desarrollar\u00e1 durante el mes de octubre.\" \/>\n<meta name=\"robots\" content=\"index, follow, max-snippet:-1, max-image-preview:large, max-video-preview:-1\" \/>\n<link rel=\"canonical\" href=\"https:\/\/noticiasmercedinas.com\/site\/2026\/09\/03\/trece-gimnastas-de-ruge-gymnastics-clasificaron-al-torneo-nacional-en-catamarca\/\" \/>\n<meta property=\"og:locale\" content=\"es_ES\" \/>\n<meta property=\"og:type\" content=\"article\" \/>\n<meta property=\"og:title\" content=\"Trece gimnastas de Ruge Gymnastics clasificaron al Torneo Nacional en Catamarca\" \/>\n<meta property=\"og:description\" content=\"Tras un destacado desempe\u00f1o en dos cert\u00e1menes provinciales, la delegaci\u00f3n conducida por la entrenadora Guadalupe Lofiego representar\u00e1 a Mercedes en la competencia nacional que se desarrollar\u00e1 durante el mes de octubre.\" \/>\n<meta property=\"og:url\" content=\"https:\/\/noticiasmercedinas.com\/site\/2026\/09\/03\/trece-gimnastas-de-ruge-gymnastics-clasificaron-al-torneo-nacional-en-catamarca\/\" \/>\n<meta property=\"og:site_name\" content=\"NOTICIASMERCEDINAS.COM\" \/>\n<meta property=\"article:publisher\" content=\"https:\/\/www.facebook.com\/noticiasmercedinas\/\" \/>\n<meta property=\"article:published_time\" content=\"2026-09-03T20:25:30+00:00\" \/>\n<meta property=\"og:image\" content=\"https:\/\/noticiasmercedinas.com\/site\/wp-content\/uploads\/2026\/09\/IMG-20260903-WA0003.jpg\" \/>\n\t<meta property=\"og:image:width\" content=\"1280\" \/>\n\t<meta property=\"og:image:height\" content=\"961\" \/>\n\t<meta property=\"og:image:type\" content=\"image\/jpeg\" \/>\n<meta name=\"author\" content=\"NOTICIASMERCEDINAS.COM\" \/>\n<meta name=\"twitter:card\" content=\"summary_large_image\" \/>\n<meta name=\"twitter:creator\" content=\"@notmercedinas\" \/>\n<meta name=\"twitter:site\" content=\"@notmercedinas\" \/>\n<meta name=\"twitter:label1\" content=\"Escrito por\" \/>\n\t<meta name=\"twitter:data1\" content=\"NOTICIASMERCEDINAS.COM\" \/>\n\t<meta name=\"twitter:label2\" content=\"Tiempo de lectura\" \/>\n\t<meta name=\"twitter:data2\" content=\"2 minutos\" \/>\n<script type=\"application\/ld+json\" class=\"yoast-schema-graph\">{\"@context\":\"https:\\\/\\\/schema.org\",\"@graph\":[{\"@type\":\"Article\",\"@id\":\"https:\\\/\\\/noticiasmercedinas.com\\\/site\\\/2026\\\/09\\\/03\\\/trece-gimnastas-de-ruge-gymnastics-clasificaron-al-torneo-nacional-en-catamarca\\\/#article\",\"isPartOf\":{\"@id\":\"https:\\\/\\\/noticiasmercedinas.com\\\/site\\\/2026\\\/09\\\/03\\\/trece-gimnastas-de-ruge-gymnastics-clasificaron-al-torneo-nacional-en-catamarca\\\/\"},\"author\":{\"name\":\"NOTICIASMERCEDINAS.COM\",\"@id\":\"https:\\\/\\\/noticiasmercedinas.com\\\/site\\\/#\\\/schema\\\/person\\\/84b59c099c28ff2e8b77d4ceec5d8063\"},\"headline\":\"Trece gimnastas de Ruge Gymnastics clasificaron al Torneo Nacional en Catamarca\",\"datePublished\":\"2026-09-03T20:25:30+00:00\",\"mainEntityOfPage\":{\"@id\":\"https:\\\/\\\/noticiasmercedinas.com\\\/site\\\/2026\\\/09\\\/03\\\/trece-gimnastas-de-ruge-gymnastics-clasificaron-al-torneo-nacional-en-catamarca\\\/\"},\"wordCount\":238,\"publisher\":{\"@id\":\"https:\\\/\\\/noticiasmercedinas.com\\\/site\\\/#organization\"},\"image\":{\"@id\":\"https:\\\/\\\/noticiasmercedinas.com\\\/site\\\/2026\\\/09\\\/03\\\/trece-gimnastas-de-ruge-gymnastics-clasificaron-al-torneo-nacional-en-catamarca\\\/#primaryimage\"},\"thumbnailUrl\":\"https:\\\/\\\/noticiasmercedinas.com\\\/site\\\/wp-content\\\/uploads\\\/2026\\\/09\\\/IMG-20260903-WA0003.jpg\",\"keywords\":[\"gimnasia\",\"ruge gymnastics\"],\"articleSection\":[\"Deportes\"],\"inLanguage\":\"es\"},{\"@type\":\"WebPage\",\"@id\":\"https:\\\/\\\/noticiasmercedinas.com\\\/site\\\/2026\\\/09\\\/03\\\/trece-gimnastas-de-ruge-gymnastics-clasificaron-al-torneo-nacional-en-catamarca\\\/\",\"url\":\"https:\\\/\\\/noticiasmercedinas.com\\\/site\\\/2026\\\/09\\\/03\\\/trece-gimnastas-de-ruge-gymnastics-clasificaron-al-torneo-nacional-en-catamarca\\\/\",\"name\":\"Trece gimnastas de Ruge Gymnastics clasificaron al Torneo Nacional en Catamarca\",\"isPartOf\":{\"@id\":\"https:\\\/\\\/noticiasmercedinas.com\\\/site\\\/#website\"},\"primaryImageOfPage\":{\"@id\":\"https:\\\/\\\/noticiasmercedinas.com\\\/site\\\/2026\\\/09\\\/03\\\/trece-gimnastas-de-ruge-gymnastics-clasificaron-al-torneo-nacional-en-catamarca\\\/#primaryimage\"},\"image\":{\"@id\":\"https:\\\/\\\/noticiasmercedinas.com\\\/site\\\/2026\\\/09\\\/03\\\/trece-gimnastas-de-ruge-gymnastics-clasificaron-al-torneo-nacional-en-catamarca\\\/#primaryimage\"},\"thumbnailUrl\":\"https:\\\/\\\/noticiasmercedinas.com\\\/site\\\/wp-content\\\/uploads\\\/2026\\\/09\\\/IMG-20260903-WA0003.jpg\",\"datePublished\":\"2026-09-03T20:25:30+00:00\",\"description\":\"Tras un destacado desempe\u00f1o en dos cert\u00e1menes provinciales, la delegaci\u00f3n conducida por la entrenadora Guadalupe Lofiego representar\u00e1 a Mercedes en la competencia nacional que se desarrollar\u00e1 durante el mes de octubre.\",\"breadcrumb\":{\"@id\":\"https:\\\/\\\/noticiasmercedinas.com\\\/site\\\/2026\\\/09\\\/03\\\/trece-gimnastas-de-ruge-gymnastics-clasificaron-al-torneo-nacional-en-catamarca\\\/#breadcrumb\"},\"inLanguage\":\"es\",\"potentialAction\":[{\"@type\":\"ReadAction\",\"target\":[\"https:\\\/\\\/noticiasmercedinas.com\\\/site\\\/2026\\\/09\\\/03\\\/trece-gimnastas-de-ruge-gymnastics-clasificaron-al-torneo-nacional-en-catamarca\\\/\"]}]},{\"@type\":\"ImageObject\",\"inLanguage\":\"es\",\"@id\":\"https:\\\/\\\/noticiasmercedinas.com\\\/site\\\/2026\\\/09\\\/03\\\/trece-gimnastas-de-ruge-gymnastics-clasificaron-al-torneo-nacional-en-catamarca\\\/#primaryimage\",\"url\":\"https:\\\/\\\/noticiasmercedinas.com\\\/site\\\/wp-content\\\/uploads\\\/2026\\\/09\\\/IMG-20260903-WA0003.jpg\",\"contentUrl\":\"https:\\\/\\\/noticiasmercedinas.com\\\/site\\\/wp-content\\\/uploads\\\/2026\\\/09\\\/IMG-20260903-WA0003.jpg\",\"width\":1280,\"height\":961},{\"@type\":\"BreadcrumbList\",\"@id\":\"https:\\\/\\\/noticiasmercedinas.com\\\/site\\\/2026\\\/09\\\/03\\\/trece-gimnastas-de-ruge-gymnastics-clasificaron-al-torneo-nacional-en-catamarca\\\/#breadcrumb\",\"itemListElement\":[{\"@type\":\"ListItem\",\"position\":1,\"name\":\"Portada\",\"item\":\"https:\\\/\\\/noticiasmercedinas.com\\\/site\\\/\"},{\"@type\":\"ListItem\",\"position\":2,\"name\":\"Trece gimnastas de Ruge Gymnastics clasificaron al Torneo Nacional en Catamarca\"}]},{\"@type\":\"WebSite\",\"@id\":\"https:\\\/\\\/noticiasmercedinas.com\\\/site\\\/#website\",\"url\":\"https:\\\/\\\/noticiasmercedinas.com\\\/site\\\/\",\"name\":\"NOTICIASMERCEDINAS.COM\",\"description\":\"Mercedes, Buenos Aires, Argentina\",\"publisher\":{\"@id\":\"https:\\\/\\\/noticiasmercedinas.com\\\/site\\\/#organization\"},\"potentialAction\":[{\"@type\":\"SearchAction\",\"target\":{\"@type\":\"EntryPoint\",\"urlTemplate\":\"https:\\\/\\\/noticiasmercedinas.com\\\/site\\\/?s={search_term_string}\"},\"query-input\":{\"@type\":\"PropertyValueSpecification\",\"valueRequired\":true,\"valueName\":\"search_term_string\"}}],\"inLanguage\":\"es\"},{\"@type\":\"Organization\",\"@id\":\"https:\\\/\\\/noticiasmercedinas.com\\\/site\\\/#organization\",\"name\":\"NOTICIASMERCEDINAS.COM\",\"url\":\"https:\\\/\\\/noticiasmercedinas.com\\\/site\\\/\",\"logo\":{\"@type\":\"ImageObject\",\"inLanguage\":\"es\",\"@id\":\"https:\\\/\\\/noticiasmercedinas.com\\\/site\\\/#\\\/schema\\\/logo\\\/image\\\/\",\"url\":\"https:\\\/\\\/noticiasmercedinas.com\\\/site\\\/wp-content\\\/uploads\\\/2020\\\/06\\\/LOGO-512.jpg\",\"contentUrl\":\"https:\\\/\\\/noticiasmercedinas.com\\\/site\\\/wp-content\\\/uploads\\\/2020\\\/06\\\/LOGO-512.jpg\",\"width\":512,\"height\":512,\"caption\":\"NOTICIASMERCEDINAS.COM\"},\"image\":{\"@id\":\"https:\\\/\\\/noticiasmercedinas.com\\\/site\\\/#\\\/schema\\\/logo\\\/image\\\/\"},\"sameAs\":[\"https:\\\/\\\/www.facebook.com\\\/noticiasmercedinas\\\/\",\"https:\\\/\\\/x.com\\\/notmercedinas\",\"https:\\\/\\\/www.instagram.com\\\/noticiasmercedinas\\\/\"]},{\"@type\":\"Person\",\"@id\":\"https:\\\/\\\/noticiasmercedinas.com\\\/site\\\/#\\\/schema\\\/person\\\/84b59c099c28ff2e8b77d4ceec5d8063\",\"name\":\"NOTICIASMERCEDINAS.COM\",\"image\":{\"@type\":\"ImageObject\",\"inLanguage\":\"es\",\"@id\":\"https:\\\/\\\/secure.gravatar.com\\\/avatar\\\/4dfbf16b4d17945bfb6341b2d19043457132fcf478a5ee04f42e959fd8f5df0a?s=96&d=mm&r=g\",\"url\":\"https:\\\/\\\/secure.gravatar.com\\\/avatar\\\/4dfbf16b4d17945bfb6341b2d19043457132fcf478a5ee04f42e959fd8f5df0a?s=96&d=mm&r=g\",\"contentUrl\":\"https:\\\/\\\/secure.gravatar.com\\\/avatar\\\/4dfbf16b4d17945bfb6341b2d19043457132fcf478a5ee04f42e959fd8f5df0a?s=96&d=mm&r=g\",\"caption\":\"NOTICIASMERCEDINAS.COM\"},\"url\":\"https:\\\/\\\/noticiasmercedinas.com\\\/site\\\/author\\\/anonimo\\\/\"}]}<\/script>\n<!-- \/ Yoast SEO plugin. -->","yoast_head_json":{"title":"Trece gimnastas de Ruge Gymnastics clasificaron al Torneo Nacional en Catamarca","description":"Tras un destacado desempe\u00f1o en dos cert\u00e1menes provinciales, la delegaci\u00f3n conducida por la entrenadora Guadalupe Lofiego representar\u00e1 a Mercedes en la competencia nacional que se desarrollar\u00e1 durante el mes de octubre.","robots":{"index":"index","follow":"follow","max-snippet":"max-snippet:-1","max-image-preview":"max-image-preview:large","max-video-preview":"max-video-preview:-1"},"canonical":"https:\/\/noticiasmercedinas.com\/site\/2026\/09\/03\/trece-gimnastas-de-ruge-gymnastics-clasificaron-al-torneo-nacional-en-catamarca\/","og_locale":"es_ES","og_type":"article","og_title":"Trece gimnastas de Ruge Gymnastics clasificaron al Torneo Nacional en Catamarca","og_description":"Tras un destacado desempe\u00f1o en dos cert\u00e1menes provinciales, la delegaci\u00f3n conducida por la entrenadora Guadalupe Lofiego representar\u00e1 a Mercedes en la competencia nacional que se desarrollar\u00e1 durante el mes de octubre.","og_url":"https:\/\/noticiasmercedinas.com\/site\/2026\/09\/03\/trece-gimnastas-de-ruge-gymnastics-clasificaron-al-torneo-nacional-en-catamarca\/","og_site_name":"NOTICIASMERCEDINAS.COM","article_publisher":"https:\/\/www.facebook.com\/noticiasmercedinas\/","article_published_time":"2026-09-03T20:25:30+00:00","og_image":[{"width":1280,"height":961,"url":"https:\/\/noticiasmercedinas.com\/site\/wp-content\/uploads\/2026\/09\/IMG-20260903-WA0003.jpg","type":"image\/jpeg"}],"author":"NOTICIASMERCEDINAS.COM","twitter_card":"summary_large_image","twitter_creator":"@notmercedinas","twitter_site":"@notmercedinas","twitter_misc":{"Escrito por":"NOTICIASMERCEDINAS.COM","Tiempo de lectura":"2 minutos"},"schema":{"@context":"https:\/\/schema.org","@graph":[{"@type":"Article","@id":"https:\/\/noticiasmercedinas.com\/site\/2026\/09\/03\/trece-gimnastas-de-ruge-gymnastics-clasificaron-al-torneo-nacional-en-catamarca\/#article","isPartOf":{"@id":"https:\/\/noticiasmercedinas.com\/site\/2026\/09\/03\/trece-gimnastas-de-ruge-gymnastics-clasificaron-al-torneo-nacional-en-catamarca\/"},"author":{"name":"NOTICIASMERCEDINAS.COM","@id":"https:\/\/noticiasmercedinas.com\/site\/#\/schema\/person\/84b59c099c28ff2e8b77d4ceec5d8063"},"headline":"Trece gimnastas de Ruge Gymnastics clasificaron al Torneo Nacional en Catamarca","datePublished":"2026-09-03T20:25:30+00:00","mainEntityOfPage":{"@id":"https:\/\/noticiasmercedinas.com\/site\/2026\/09\/03\/trece-gimnastas-de-ruge-gymnastics-clasificaron-al-torneo-nacional-en-catamarca\/"},"wordCount":238,"publisher":{"@id":"https:\/\/noticiasmercedinas.com\/site\/#organization"},"image":{"@id":"https:\/\/noticiasmercedinas.com\/site\/2026\/09\/03\/trece-gimnastas-de-ruge-gymnastics-clasificaron-al-torneo-nacional-en-catamarca\/#primaryimage"},"thumbnailUrl":"https:\/\/noticiasmercedinas.com\/site\/wp-content\/uploads\/2026\/09\/IMG-20260903-WA0003.jpg","keywords":["gimnasia","ruge gymnastics"],"articleSection":["Deportes"],"inLanguage":"es"},{"@type":"WebPage","@id":"https:\/\/noticiasmercedinas.com\/site\/2026\/09\/03\/trece-gimnastas-de-ruge-gymnastics-clasificaron-al-torneo-nacional-en-catamarca\/","url":"https:\/\/noticiasmercedinas.com\/site\/2026\/09\/03\/trece-gimnastas-de-ruge-gymnastics-clasificaron-al-torneo-nacional-en-catamarca\/","name":"Trece gimnastas de Ruge Gymnastics clasificaron al Torneo Nacional en Catamarca","isPartOf":{"@id":"https:\/\/noticiasmercedinas.com\/site\/#website"},"primaryImageOfPage":{"@id":"https:\/\/noticiasmercedinas.com\/site\/2026\/09\/03\/trece-gimnastas-de-ruge-gymnastics-clasificaron-al-torneo-nacional-en-catamarca\/#primaryimage"},"image":{"@id":"https:\/\/noticiasmercedinas.com\/site\/2026\/09\/03\/trece-gimnastas-de-ruge-gymnastics-clasificaron-al-torneo-nacional-en-catamarca\/#primaryimage"},"thumbnailUrl":"https:\/\/noticiasmercedinas.com\/site\/wp-content\/uploads\/2026\/09\/IMG-20260903-WA0003.jpg","datePublished":"2026-09-03T20:25:30+00:00","description":"Tras un destacado desempe\u00f1o en dos cert\u00e1menes provinciales, la delegaci\u00f3n conducida por la entrenadora Guadalupe Lofiego representar\u00e1 a Mercedes en la competencia nacional que se desarrollar\u00e1 durante el mes de octubre.","breadcrumb":{"@id":"https:\/\/noticiasmercedinas.com\/site\/2026\/09\/03\/trece-gimnastas-de-ruge-gymnastics-clasificaron-al-torneo-nacional-en-catamarca\/#breadcrumb"},"inLanguage":"es","potentialAction":[{"@type":"ReadAction","target":["https:\/\/noticiasmercedinas.com\/site\/2026\/09\/03\/trece-gimnastas-de-ruge-gymnastics-clasificaron-al-torneo-nacional-en-catamarca\/"]}]},{"@type":"ImageObject","inLanguage":"es","@id":"https:\/\/noticiasmercedinas.com\/site\/2026\/09\/03\/trece-gimnastas-de-ruge-gymnastics-clasificaron-al-torneo-nacional-en-catamarca\/#primaryimage","url":"https:\/\/noticiasmercedinas.com\/site\/wp-content\/uploads\/2026\/09\/IMG-20260903-WA0003.jpg","contentUrl":"https:\/\/noticiasmercedinas.com\/site\/wp-content\/uploads\/2026\/09\/IMG-20260903-WA0003.jpg","width":1280,"height":961},{"@type":"BreadcrumbList","@id":"https:\/\/noticiasmercedinas.com\/site\/2026\/09\/03\/trece-gimnastas-de-ruge-gymnastics-clasificaron-al-torneo-nacional-en-catamarca\/#breadcrumb","itemListElement":[{"@type":"ListItem","position":1,"name":"Portada","item":"https:\/\/noticiasmercedinas.com\/site\/"},{"@type":"ListItem","position":2,"name":"Trece gimnastas de Ruge Gymnastics clasificaron al Torneo Nacional en Catamarca"}]},{"@type":"WebSite","@id":"https:\/\/noticiasmercedinas.com\/site\/#website","url":"https:\/\/noticiasmercedinas.com\/site\/","name":"NOTICIASMERCEDINAS.COM","description":"Mercedes, Buenos Aires, Argentina","publisher":{"@id":"https:\/\/noticiasmercedinas.com\/site\/#organization"},"potentialAction":[{"@type":"SearchAction","target":{"@type":"EntryPoint","urlTemplate":"https:\/\/noticiasmercedinas.com\/site\/?s={search_term_string}"},"query-input":{"@type":"PropertyValueSpecification","valueRequired":true,"valueName":"search_term_string"}}],"inLanguage":"es"},{"@type":"Organization","@id":"https:\/\/noticiasmercedinas.com\/site\/#organization","name":"NOTICIASMERCEDINAS.COM","url":"https:\/\/noticiasmercedinas.com\/site\/","logo":{"@type":"ImageObject","inLanguage":"es","@id":"https:\/\/noticiasmercedinas.com\/site\/#\/schema\/logo\/image\/","url":"https:\/\/noticiasmercedinas.com\/site\/wp-content\/uploads\/2020\/06\/LOGO-512.jpg","contentUrl":"https:\/\/noticiasmercedinas.com\/site\/wp-content\/uploads\/2020\/06\/LOGO-512.jpg","width":512,"height":512,"caption":"NOTICIASMERCEDINAS.COM"},"image":{"@id":"https:\/\/noticiasmercedinas.com\/site\/#\/schema\/logo\/image\/"},"sameAs":["https:\/\/www.facebook.com\/noticiasmercedinas\/","https:\/\/x.com\/notmercedinas","https:\/\/www.instagram.com\/noticiasmercedinas\/"]},{"@type":"Person","@id":"https:\/\/noticiasmercedinas.com\/site\/#\/schema\/person\/84b59c099c28ff2e8b77d4ceec5d8063","name":"NOTICIASMERCEDINAS.COM","image":{"@type":"ImageObject","inLanguage":"es","@id":"https:\/\/secure.gravatar.com\/avatar\/4dfbf16b4d17945bfb6341b2d19043457132fcf478a5ee04f42e959fd8f5df0a?s=96&d=mm&r=g","url":"https:\/\/secure.gravatar.com\/avatar\/4dfbf16b4d17945bfb6341b2d19043457132fcf478a5ee04f42e959fd8f5df0a?s=96&d=mm&r=g","contentUrl":"https:\/\/secure.gravatar.com\/avatar\/4dfbf16b4d17945bfb6341b2d19043457132fcf478a5ee04f42e959fd8f5df0a?s=96&d=mm&r=g","caption":"NOTICIASMERCEDINAS.COM"},"url":"https:\/\/noticiasmercedinas.com\/site\/author\/anonimo\/"}]}},"amp_enabled":true,"_links":{"self":[{"href":"https:\/\/noticiasmercedinas.com\/site\/wp-json\/wp\/v2\/posts\/193940","targetHints":{"allow":["GET"]}}],"collection":[{"href":"https:\/\/noticiasmercedinas.com\/site\/wp-json\/wp\/v2\/posts"}],"about":[{"href":"https:\/\/noticiasmercedinas.com\/site\/wp-json\/wp\/v2\/types\/post"}],"author":[{"embeddable":true,"href":"https:\/\/noticiasmercedinas.com\/site\/wp-json\/wp\/v2\/users\/16"}],"replies":[{"embeddable":true,"href":"https:\/\/noticiasmercedinas.com\/site\/wp-json\/wp\/v2\/comments?post=193940"}],"version-history":[{"count":3,"href":"https:\/\/noticiasmercedinas.com\/site\/wp-json\/wp\/v2\/posts\/193940\/revisions"}],"predecessor-version":[{"id":193945,"href":"https:\/\/noticiasmercedinas.com\/site\/wp-json\/wp\/v2\/posts\/193940\/revisions\/193945"}],"wp:featuredmedia":[{"embeddable":true,"href":"https:\/\/noticiasmercedinas.com\/site\/wp-json\/wp\/v2\/media\/193943"}],"wp:attachment":[{"href":"https:\/\/noticiasmercedinas.com\/site\/wp-json\/wp\/v2\/media?parent=193940"}],"wp:term":[{"taxonomy":"category","embeddable":true,"href":"https:\/\/noticiasmercedinas.com\/site\/wp-json\/wp\/v2\/categories?post=193940"},{"taxonomy":"post_tag","embeddable":true,"href":"https:\/\/noticiasmercedinas.com\/site\/wp-json\/wp\/v2\/tags?post=193940"}],"curies":[{"name":"wp","href":"https:\/\/api.w.org\/{rel}","templated":true}]}}